{"id":32233,"date":"2025-11-14T11:03:53","date_gmt":"2025-11-14T14:03:53","guid":{"rendered":"https:\/\/agenciainfra.com\/blog\/?p=32233"},"modified":"2025-11-17T09:19:28","modified_gmt":"2025-11-17T12:19:28","slug":"vale-se-manifesta-sobre-sentenca-em-londres-e-defende-acordo-de-mariana","status":"publish","type":"post","link":"https:\/\/agenciainfra.com\/blog\/vale-se-manifesta-sobre-sentenca-em-londres-e-defende-acordo-de-mariana\/","title":{"rendered":"Vale se manifesta sobre senten\u00e7a em Londres e defende Acordo de Mariana"},"content":{"rendered":"\n<p class=\"has-text-align-right\"><strong>Rafael Bitencourt, da Ag\u00eancia iNFRA<\/strong><\/p>\n\n\n\n<p>Em comunicado sobre a decis\u00e3o da Alta Corte da Inglaterra, a <a href=\"https:\/\/agenciainfra.com\/blog\/vale-quer-voltar-a-ser-lider-global-em-minerio-de-ferro-diz-ceo\/\">Vale<\/a> defendeu o acordo firmado no Brasil para garantir a compensa\u00e7\u00e3o pelo rompimento da barragem de rejeito, na cidade de Mariana (MG), como a melhor sa\u00edda para repara\u00e7\u00e3o dos danos causados. A barragem Fund\u00e3o, que desmoronou em 2015, era mantida por empresa constitu\u00edda pela Vale e pelo grupo BHP \u2013 a <a href=\"https:\/\/agenciainfra.com\/blog\/vale-anuncia-fim-da-recuperacao-judicial-da-samarco-iniciada-apos-mariana\/\">Samarco<\/a>.<\/p>\n\n\n\n<p>\u201cVale e <a href=\"https:\/\/agenciainfra.com\/blog\/bhp-aposta-em-minerais-do-futuro-para-relevancia-global-diz-presidente\/\">BHP<\/a> permanecem confiantes de que o Acordo Definitivo, assinado em outubro de 2024 no Brasil, oferece os mecanismos mais r\u00e1pidos e eficazes para compensar os impactados\u201d, destacou o comunicado divulgado nesta sexta-feira (14), assinado pelo vice-presidente de finan\u00e7as e rela\u00e7\u00f5es com investidores, Marcelo Bacci. Esse acordo firmado com autoridades brasileiras remete \u00e0 cifra de US$ 32 bilh\u00f5es (R$ 170 bilh\u00f5es).<\/p>\n\n\n\n<p>No texto, a Vale reconhece que a corte inglesa considerou o BHP Group respons\u00e1vel, \u201csob a legisla\u00e7\u00e3o brasileira, pelo rompimento da barragem de Fund\u00e3o\u201d. A mineradora brasileira frisa ainda que \u201ca decis\u00e3o tamb\u00e9m confirmou a validade das ren\u00fancias e termos de quita\u00e7\u00e3o assinados por reclamantes j\u00e1 indenizados no Brasil, o que reduzir\u00e1 o n\u00famero de reclamantes e o valor das demandas\u201d.<\/p>\n\n\n\n<p>Em julho de 2024, Vale e BHP firmaram um acordo para que as responsabilidades sejam compartilhadas \u201cigualmente\u201d em caso de condena\u00e7\u00e3o.<\/p>\n\n\n\n<p><strong>Longo caminho<\/strong><br>A Vale, no comunicado, sinalizou que o julgamento da corte inglesa ainda percorrer\u00e1 um longo caminho. A mineradora explica que a BHP ainda poder\u00e1 apresentar recurso contra a decis\u00e3o da primeira fase e um segundo julgamento est\u00e1 previsto para come\u00e7ar em outubro de 2026, com previs\u00e3o de seguir at\u00e9 o segundo trimestre de 2027. Ap\u00f3s decis\u00f5es e recursos desta etapa, o valor das perdas sofridas e eventuais indeniza\u00e7\u00f5es poder\u00e1 ser tratado em um terceiro julgamento.<\/p>\n\n\n\n<p><strong>Ibram<\/strong><br>Na quinta-feira (13), o <a href=\"https:\/\/agenciainfra.com\/blog\/ibram-obtem-decisao-favoravel-em-corte-internacional\/\">Ibram<\/a> (Instituto Brasileiro de Minera\u00e7\u00e3o) informou que obteve &#8220;decis\u00e3o favor\u00e1vel&#8221; na Corte Inglesa, que obrigou o escrit\u00f3rio PG (Pogust Goodhead) a fazer o reembolso de 811 mil libras referentes aos custos incorridos no processo. O caso chegou a ser analisado pelo STF (Supremo Tribunal Federal), no \u00e2mbito da ADPF (Argui\u00e7\u00e3o de Descumprimento de Preceito Fundamental) 1.178.<\/p>\n\n\n\n<p><\/p>\n","protected":false},"excerpt":{"rendered":"<p>Rafael Bitencourt, da Ag\u00eancia iNFRA Em comunicado sobre a decis\u00e3o da Alta Corte da Inglaterra, a Vale defendeu o acordo firmado no Brasil para garantir a compensa\u00e7\u00e3o pelo rompimento da barragem de rejeito, na cidade de Mariana (MG), como a melhor sa\u00edda para repara\u00e7\u00e3o dos danos causados. A barragem Fund\u00e3o, que desmoronou em 2015, era [&hellip;]<\/p>\n","protected":false},"author":1,"featured_media":32246,"comment_status":"closed","ping_status":"closed","sticky":false,"template":"","format":"standard","meta":{"_monsterinsights_skip_tracking":false,"_monsterinsights_sitenote_active":false,"_monsterinsights_sitenote_note":"","_monsterinsights_sitenote_category":0,"footnotes":""},"categories":[13239],"tags":[5978,13748,16924,16932,16933,16367,16923,2409,13258,16925,14697,16709,16922,13813,14503,16104,14795,372,83],"class_list":["post-32233","post","type-post","status-publish","format-standard","has-post-thumbnail","hentry","category-mineracao","tag-acordo-de-mariana","tag-acordo-do-rio-doce","tag-adpf-1178","tag-alta-corte-da-inglaterra","tag-barragem-do-fundao","tag-bhp","tag-corte-internacional","tag-flavio-dino","tag-ibram","tag-londres","tag-marcelo-bacci","tag-mariana-mg","tag-pogust-goodhead","tag-rafael-bitencourt","tag-raul-jugmann","tag-rompimento-de-barragem","tag-samarco","tag-stf","tag-vale"],"yoast_head":"<!-- This site is optimized with the Yoast SEO Premium plugin v25.4 (Yoast SEO v26.0) - https:\/\/yoast.com\/wordpress\/plugins\/seo\/ -->\n<title>Vale se manifesta sobre senten\u00e7a em Londres e defende Acordo de Mariana - Ag\u00eancia iNFRA<\/title>\n<meta name=\"robots\" content=\"index, follow, max-snippet:-1, max-image-preview:large, max-video-preview:-1\" \/>\n<link rel=\"canonical\" href=\"https:\/\/agenciainfra.com\/blog\/vale-se-manifesta-sobre-sentenca-em-londres-e-defende-acordo-de-mariana\/\" \/>\n<meta property=\"og:locale\" content=\"pt_BR\" \/>\n<meta property=\"og:type\" content=\"article\" \/>\n<meta property=\"og:title\" content=\"Vale se manifesta sobre senten\u00e7a em Londres e defende Acordo de Mariana\" \/>\n<meta property=\"og:description\" content=\"Rafael Bitencourt, da Ag\u00eancia iNFRA Em comunicado sobre a decis\u00e3o da Alta Corte da Inglaterra, a Vale defendeu o acordo firmado no Brasil para garantir a compensa\u00e7\u00e3o pelo rompimento da barragem de rejeito, na cidade de Mariana (MG), como a melhor sa\u00edda para repara\u00e7\u00e3o dos danos causados. A barragem Fund\u00e3o, que desmoronou em 2015, era [&hellip;]\" \/>\n<meta property=\"og:url\" content=\"https:\/\/agenciainfra.com\/blog\/vale-se-manifesta-sobre-sentenca-em-londres-e-defende-acordo-de-mariana\/\" \/>\n<meta property=\"og:site_name\" content=\"Ag\u00eancia iNFRA\" \/>\n<meta property=\"article:publisher\" content=\"https:\/\/www.facebook.com\/ageninfra\" \/>\n<meta property=\"article:published_time\" content=\"2025-11-14T14:03:53+00:00\" \/>\n<meta property=\"article:modified_time\" content=\"2025-11-17T12:19:28+00:00\" \/>\n<meta property=\"og:image\" content=\"https:\/\/agenciainfra.com\/blog\/wp-content\/uploads\/2025\/11\/barragem-fundao-mariana-mg-foto-antonio-cruz-agencia-brasil.jpeg\" \/>\n\t<meta property=\"og:image:width\" content=\"1170\" \/>\n\t<meta property=\"og:image:height\" content=\"700\" \/>\n\t<meta property=\"og:image:type\" content=\"image\/jpeg\" \/>\n<meta name=\"author\" content=\"Ag\u00eancia iNFRA\" \/>\n<meta name=\"twitter:card\" content=\"summary_large_image\" \/>\n<meta name=\"twitter:creator\" content=\"@agencia_infra\" \/>\n<meta name=\"twitter:site\" content=\"@agencia_infra\" \/>\n<meta name=\"twitter:label1\" content=\"Escrito por\" \/>\n\t<meta name=\"twitter:data1\" content=\"Ag\u00eancia iNFRA\" \/>\n\t<meta name=\"twitter:label2\" content=\"Est. tempo de leitura\" \/>\n\t<meta name=\"twitter:data2\" content=\"2 minutos\" \/>\n<script type=\"application\/ld+json\" class=\"yoast-schema-graph\">{\"@context\":\"https:\/\/schema.org\",\"@graph\":[{\"@type\":\"Article\",\"@id\":\"https:\/\/agenciainfra.com\/blog\/vale-se-manifesta-sobre-sentenca-em-londres-e-defende-acordo-de-mariana\/#article\",\"isPartOf\":{\"@id\":\"https:\/\/agenciainfra.com\/blog\/vale-se-manifesta-sobre-sentenca-em-londres-e-defende-acordo-de-mariana\/\"},\"author\":{\"name\":\"Ag\u00eancia iNFRA\",\"@id\":\"https:\/\/agenciainfra.com\/blog\/#\/schema\/person\/34af08dff6adea4cb22b06612ba7acfa\"},\"headline\":\"Vale se manifesta sobre senten\u00e7a em Londres e defende Acordo de Mariana\",\"datePublished\":\"2025-11-14T14:03:53+00:00\",\"dateModified\":\"2025-11-17T12:19:28+00:00\",\"mainEntityOfPage\":{\"@id\":\"https:\/\/agenciainfra.com\/blog\/vale-se-manifesta-sobre-sentenca-em-londres-e-defende-acordo-de-mariana\/\"},\"wordCount\":382,\"publisher\":{\"@id\":\"https:\/\/agenciainfra.com\/blog\/#organization\"},\"image\":{\"@id\":\"https:\/\/agenciainfra.com\/blog\/vale-se-manifesta-sobre-sentenca-em-londres-e-defende-acordo-de-mariana\/#primaryimage\"},\"thumbnailUrl\":\"https:\/\/agenciainfra.com\/blog\/wp-content\/uploads\/2025\/11\/barragem-fundao-mariana-mg-foto-antonio-cruz-agencia-brasil.jpeg\",\"keywords\":[\"Acordo de Mariana\",\"Acordo do Rio Doce\",\"ADPF 1178\",\"Alta Corte da Inglaterra\",\"Barragem do Fund\u00e3o\",\"BHP\",\"corte internacional\",\"Fl\u00e1vio Dino\",\"ibram\",\"Londres\",\"Marcelo Bacci\",\"Mariana (MG)\",\"Pogust Goodhead\",\"Rafael Bitencourt\",\"Raul Jugmann\",\"rompimento de barragem\",\"Samarco\",\"STF\",\"Vale\"],\"articleSection\":[\"Minera\u00e7\u00e3o\"],\"inLanguage\":\"pt-BR\",\"copyrightYear\":\"2025\",\"copyrightHolder\":{\"@id\":\"https:\/\/agenciainfra.com\/blog\/#organization\"}},{\"@type\":\"WebPage\",\"@id\":\"https:\/\/agenciainfra.com\/blog\/vale-se-manifesta-sobre-sentenca-em-londres-e-defende-acordo-de-mariana\/\",\"url\":\"https:\/\/agenciainfra.com\/blog\/vale-se-manifesta-sobre-sentenca-em-londres-e-defende-acordo-de-mariana\/\",\"name\":\"Vale se manifesta sobre senten\u00e7a em Londres e defende Acordo de Mariana - Ag\u00eancia iNFRA\",\"isPartOf\":{\"@id\":\"https:\/\/agenciainfra.com\/blog\/#website\"},\"primaryImageOfPage\":{\"@id\":\"https:\/\/agenciainfra.com\/blog\/vale-se-manifesta-sobre-sentenca-em-londres-e-defende-acordo-de-mariana\/#primaryimage\"},\"image\":{\"@id\":\"https:\/\/agenciainfra.com\/blog\/vale-se-manifesta-sobre-sentenca-em-londres-e-defende-acordo-de-mariana\/#primaryimage\"},\"thumbnailUrl\":\"https:\/\/agenciainfra.com\/blog\/wp-content\/uploads\/2025\/11\/barragem-fundao-mariana-mg-foto-antonio-cruz-agencia-brasil.jpeg\",\"datePublished\":\"2025-11-14T14:03:53+00:00\",\"dateModified\":\"2025-11-17T12:19:28+00:00\",\"breadcrumb\":{\"@id\":\"https:\/\/agenciainfra.com\/blog\/vale-se-manifesta-sobre-sentenca-em-londres-e-defende-acordo-de-mariana\/#breadcrumb\"},\"inLanguage\":\"pt-BR\",\"potentialAction\":[{\"@type\":\"ReadAction\",\"target\":[\"https:\/\/agenciainfra.com\/blog\/vale-se-manifesta-sobre-sentenca-em-londres-e-defende-acordo-de-mariana\/\"]}]},{\"@type\":\"ImageObject\",\"inLanguage\":\"pt-BR\",\"@id\":\"https:\/\/agenciainfra.com\/blog\/vale-se-manifesta-sobre-sentenca-em-londres-e-defende-acordo-de-mariana\/#primaryimage\",\"url\":\"https:\/\/agenciainfra.com\/blog\/wp-content\/uploads\/2025\/11\/barragem-fundao-mariana-mg-foto-antonio-cruz-agencia-brasil.jpeg\",\"contentUrl\":\"https:\/\/agenciainfra.com\/blog\/wp-content\/uploads\/2025\/11\/barragem-fundao-mariana-mg-foto-antonio-cruz-agencia-brasil.jpeg\",\"width\":1170,\"height\":700,\"caption\":\"Foto: Ant\u00f4nio Cruz\/Ag\u00eancia Brasil\"},{\"@type\":\"BreadcrumbList\",\"@id\":\"https:\/\/agenciainfra.com\/blog\/vale-se-manifesta-sobre-sentenca-em-londres-e-defende-acordo-de-mariana\/#breadcrumb\",\"itemListElement\":[{\"@type\":\"ListItem\",\"position\":1,\"name\":\"In\u00edcio\",\"item\":\"https:\/\/agenciainfra.com\/blog\/\"},{\"@type\":\"ListItem\",\"position\":2,\"name\":\"Vale se manifesta sobre senten\u00e7a em Londres e defende Acordo de Mariana\"}]},{\"@type\":\"WebSite\",\"@id\":\"https:\/\/agenciainfra.com\/blog\/#website\",\"url\":\"https:\/\/agenciainfra.com\/blog\/\",\"name\":\"Ag\u00eancia iNFRA\",\"description\":\"Multiplataforma de informa\u00e7\u00e3o jornal\u00edstica refer\u00eancia na \u00e1rea de infraestrutura no Brasil!\",\"publisher\":{\"@id\":\"https:\/\/agenciainfra.com\/blog\/#organization\"},\"potentialAction\":[{\"@type\":\"SearchAction\",\"target\":{\"@type\":\"EntryPoint\",\"urlTemplate\":\"https:\/\/agenciainfra.com\/blog\/?s={search_term_string}\"},\"query-input\":{\"@type\":\"PropertyValueSpecification\",\"valueRequired\":true,\"valueName\":\"search_term_string\"}}],\"inLanguage\":\"pt-BR\"},{\"@type\":\"Organization\",\"@id\":\"https:\/\/agenciainfra.com\/blog\/#organization\",\"name\":\"Ag\u00eancia iNFRA\",\"url\":\"https:\/\/agenciainfra.com\/blog\/\",\"logo\":{\"@type\":\"ImageObject\",\"inLanguage\":\"pt-BR\",\"@id\":\"https:\/\/agenciainfra.com\/blog\/#\/schema\/logo\/image\/\",\"url\":\"https:\/\/agenciainfra.com\/blog\/wp-content\/uploads\/2023\/09\/iNFRA_5-e1761735885940.png\",\"contentUrl\":\"https:\/\/agenciainfra.com\/blog\/wp-content\/uploads\/2023\/09\/iNFRA_5-e1761735885940.png\",\"width\":1672,\"height\":454,\"caption\":\"Ag\u00eancia iNFRA\"},\"image\":{\"@id\":\"https:\/\/agenciainfra.com\/blog\/#\/schema\/logo\/image\/\"},\"sameAs\":[\"https:\/\/www.facebook.com\/ageninfra\",\"https:\/\/x.com\/agencia_infra\",\"https:\/\/www.linkedin.com\/company\/ag\u00eanciainfra\/\",\"https:\/\/www.instagram.com\/agenciainfra\/\"]},{\"@type\":\"Person\",\"@id\":\"https:\/\/agenciainfra.com\/blog\/#\/schema\/person\/34af08dff6adea4cb22b06612ba7acfa\",\"name\":\"Ag\u00eancia iNFRA\",\"image\":{\"@type\":\"ImageObject\",\"inLanguage\":\"pt-BR\",\"@id\":\"https:\/\/agenciainfra.com\/blog\/#\/schema\/person\/image\/\",\"url\":\"https:\/\/secure.gravatar.com\/avatar\/d189e01678f06d8eb84d4e01f08eb848b3fffe3f8443818d3c356c66892f5be8?s=96&d=mm&r=g\",\"contentUrl\":\"https:\/\/secure.gravatar.com\/avatar\/d189e01678f06d8eb84d4e01f08eb848b3fffe3f8443818d3c356c66892f5be8?s=96&d=mm&r=g\",\"caption\":\"Ag\u00eancia iNFRA\"},\"url\":\"https:\/\/agenciainfra.com\/blog\/author\/admin\/\"}]}<\/script>\n<!-- \/ Yoast SEO Premium plugin. -->","yoast_head_json":{"title":"Vale se manifesta sobre senten\u00e7a em Londres e defende Acordo de Mariana - Ag\u00eancia iNFRA","robots":{"index":"index","follow":"follow","max-snippet":"max-snippet:-1","max-image-preview":"max-image-preview:large","max-video-preview":"max-video-preview:-1"},"canonical":"https:\/\/agenciainfra.com\/blog\/vale-se-manifesta-sobre-sentenca-em-londres-e-defende-acordo-de-mariana\/","og_locale":"pt_BR","og_type":"article","og_title":"Vale se manifesta sobre senten\u00e7a em Londres e defende Acordo de Mariana","og_description":"Rafael Bitencourt, da Ag\u00eancia iNFRA Em comunicado sobre a decis\u00e3o da Alta Corte da Inglaterra, a Vale defendeu o acordo firmado no Brasil para garantir a compensa\u00e7\u00e3o pelo rompimento da barragem de rejeito, na cidade de Mariana (MG), como a melhor sa\u00edda para repara\u00e7\u00e3o dos danos causados. A barragem Fund\u00e3o, que desmoronou em 2015, era [&hellip;]","og_url":"https:\/\/agenciainfra.com\/blog\/vale-se-manifesta-sobre-sentenca-em-londres-e-defende-acordo-de-mariana\/","og_site_name":"Ag\u00eancia iNFRA","article_publisher":"https:\/\/www.facebook.com\/ageninfra","article_published_time":"2025-11-14T14:03:53+00:00","article_modified_time":"2025-11-17T12:19:28+00:00","og_image":[{"width":1170,"height":700,"url":"https:\/\/agenciainfra.com\/blog\/wp-content\/uploads\/2025\/11\/barragem-fundao-mariana-mg-foto-antonio-cruz-agencia-brasil.jpeg","type":"image\/jpeg"}],"author":"Ag\u00eancia iNFRA","twitter_card":"summary_large_image","twitter_creator":"@agencia_infra","twitter_site":"@agencia_infra","twitter_misc":{"Escrito por":"Ag\u00eancia iNFRA","Est. tempo de leitura":"2 minutos"},"schema":{"@context":"https:\/\/schema.org","@graph":[{"@type":"Article","@id":"https:\/\/agenciainfra.com\/blog\/vale-se-manifesta-sobre-sentenca-em-londres-e-defende-acordo-de-mariana\/#article","isPartOf":{"@id":"https:\/\/agenciainfra.com\/blog\/vale-se-manifesta-sobre-sentenca-em-londres-e-defende-acordo-de-mariana\/"},"author":{"name":"Ag\u00eancia iNFRA","@id":"https:\/\/agenciainfra.com\/blog\/#\/schema\/person\/34af08dff6adea4cb22b06612ba7acfa"},"headline":"Vale se manifesta sobre senten\u00e7a em Londres e defende Acordo de Mariana","datePublished":"2025-11-14T14:03:53+00:00","dateModified":"2025-11-17T12:19:28+00:00","mainEntityOfPage":{"@id":"https:\/\/agenciainfra.com\/blog\/vale-se-manifesta-sobre-sentenca-em-londres-e-defende-acordo-de-mariana\/"},"wordCount":382,"publisher":{"@id":"https:\/\/agenciainfra.com\/blog\/#organization"},"image":{"@id":"https:\/\/agenciainfra.com\/blog\/vale-se-manifesta-sobre-sentenca-em-londres-e-defende-acordo-de-mariana\/#primaryimage"},"thumbnailUrl":"https:\/\/agenciainfra.com\/blog\/wp-content\/uploads\/2025\/11\/barragem-fundao-mariana-mg-foto-antonio-cruz-agencia-brasil.jpeg","keywords":["Acordo de Mariana","Acordo do Rio Doce","ADPF 1178","Alta Corte da Inglaterra","Barragem do Fund\u00e3o","BHP","corte internacional","Fl\u00e1vio Dino","ibram","Londres","Marcelo Bacci","Mariana (MG)","Pogust Goodhead","Rafael Bitencourt","Raul Jugmann","rompimento de barragem","Samarco","STF","Vale"],"articleSection":["Minera\u00e7\u00e3o"],"inLanguage":"pt-BR","copyrightYear":"2025","copyrightHolder":{"@id":"https:\/\/agenciainfra.com\/blog\/#organization"}},{"@type":"WebPage","@id":"https:\/\/agenciainfra.com\/blog\/vale-se-manifesta-sobre-sentenca-em-londres-e-defende-acordo-de-mariana\/","url":"https:\/\/agenciainfra.com\/blog\/vale-se-manifesta-sobre-sentenca-em-londres-e-defende-acordo-de-mariana\/","name":"Vale se manifesta sobre senten\u00e7a em Londres e defende Acordo de Mariana - Ag\u00eancia iNFRA","isPartOf":{"@id":"https:\/\/agenciainfra.com\/blog\/#website"},"primaryImageOfPage":{"@id":"https:\/\/agenciainfra.com\/blog\/vale-se-manifesta-sobre-sentenca-em-londres-e-defende-acordo-de-mariana\/#primaryimage"},"image":{"@id":"https:\/\/agenciainfra.com\/blog\/vale-se-manifesta-sobre-sentenca-em-londres-e-defende-acordo-de-mariana\/#primaryimage"},"thumbnailUrl":"https:\/\/agenciainfra.com\/blog\/wp-content\/uploads\/2025\/11\/barragem-fundao-mariana-mg-foto-antonio-cruz-agencia-brasil.jpeg","datePublished":"2025-11-14T14:03:53+00:00","dateModified":"2025-11-17T12:19:28+00:00","breadcrumb":{"@id":"https:\/\/agenciainfra.com\/blog\/vale-se-manifesta-sobre-sentenca-em-londres-e-defende-acordo-de-mariana\/#breadcrumb"},"inLanguage":"pt-BR","potentialAction":[{"@type":"ReadAction","target":["https:\/\/agenciainfra.com\/blog\/vale-se-manifesta-sobre-sentenca-em-londres-e-defende-acordo-de-mariana\/"]}]},{"@type":"ImageObject","inLanguage":"pt-BR","@id":"https:\/\/agenciainfra.com\/blog\/vale-se-manifesta-sobre-sentenca-em-londres-e-defende-acordo-de-mariana\/#primaryimage","url":"https:\/\/agenciainfra.com\/blog\/wp-content\/uploads\/2025\/11\/barragem-fundao-mariana-mg-foto-antonio-cruz-agencia-brasil.jpeg","contentUrl":"https:\/\/agenciainfra.com\/blog\/wp-content\/uploads\/2025\/11\/barragem-fundao-mariana-mg-foto-antonio-cruz-agencia-brasil.jpeg","width":1170,"height":700,"caption":"Foto: Ant\u00f4nio Cruz\/Ag\u00eancia Brasil"},{"@type":"BreadcrumbList","@id":"https:\/\/agenciainfra.com\/blog\/vale-se-manifesta-sobre-sentenca-em-londres-e-defende-acordo-de-mariana\/#breadcrumb","itemListElement":[{"@type":"ListItem","position":1,"name":"In\u00edcio","item":"https:\/\/agenciainfra.com\/blog\/"},{"@type":"ListItem","position":2,"name":"Vale se manifesta sobre senten\u00e7a em Londres e defende Acordo de Mariana"}]},{"@type":"WebSite","@id":"https:\/\/agenciainfra.com\/blog\/#website","url":"https:\/\/agenciainfra.com\/blog\/","name":"Ag\u00eancia iNFRA","description":"Multiplataforma de informa\u00e7\u00e3o jornal\u00edstica refer\u00eancia na \u00e1rea de infraestrutura no Brasil!","publisher":{"@id":"https:\/\/agenciainfra.com\/blog\/#organization"},"potentialAction":[{"@type":"SearchAction","target":{"@type":"EntryPoint","urlTemplate":"https:\/\/agenciainfra.com\/blog\/?s={search_term_string}"},"query-input":{"@type":"PropertyValueSpecification","valueRequired":true,"valueName":"search_term_string"}}],"inLanguage":"pt-BR"},{"@type":"Organization","@id":"https:\/\/agenciainfra.com\/blog\/#organization","name":"Ag\u00eancia iNFRA","url":"https:\/\/agenciainfra.com\/blog\/","logo":{"@type":"ImageObject","inLanguage":"pt-BR","@id":"https:\/\/agenciainfra.com\/blog\/#\/schema\/logo\/image\/","url":"https:\/\/agenciainfra.com\/blog\/wp-content\/uploads\/2023\/09\/iNFRA_5-e1761735885940.png","contentUrl":"https:\/\/agenciainfra.com\/blog\/wp-content\/uploads\/2023\/09\/iNFRA_5-e1761735885940.png","width":1672,"height":454,"caption":"Ag\u00eancia iNFRA"},"image":{"@id":"https:\/\/agenciainfra.com\/blog\/#\/schema\/logo\/image\/"},"sameAs":["https:\/\/www.facebook.com\/ageninfra","https:\/\/x.com\/agencia_infra","https:\/\/www.linkedin.com\/company\/ag\u00eanciainfra\/","https:\/\/www.instagram.com\/agenciainfra\/"]},{"@type":"Person","@id":"https:\/\/agenciainfra.com\/blog\/#\/schema\/person\/34af08dff6adea4cb22b06612ba7acfa","name":"Ag\u00eancia iNFRA","image":{"@type":"ImageObject","inLanguage":"pt-BR","@id":"https:\/\/agenciainfra.com\/blog\/#\/schema\/person\/image\/","url":"https:\/\/secure.gravatar.com\/avatar\/d189e01678f06d8eb84d4e01f08eb848b3fffe3f8443818d3c356c66892f5be8?s=96&d=mm&r=g","contentUrl":"https:\/\/secure.gravatar.com\/avatar\/d189e01678f06d8eb84d4e01f08eb848b3fffe3f8443818d3c356c66892f5be8?s=96&d=mm&r=g","caption":"Ag\u00eancia iNFRA"},"url":"https:\/\/agenciainfra.com\/blog\/author\/admin\/"}]}},"_links":{"self":[{"href":"https:\/\/agenciainfra.com\/blog\/wp-json\/wp\/v2\/posts\/32233","targetHints":{"allow":["GET"]}}],"collection":[{"href":"https:\/\/agenciainfra.com\/blog\/wp-json\/wp\/v2\/posts"}],"about":[{"href":"https:\/\/agenciainfra.com\/blog\/wp-json\/wp\/v2\/types\/post"}],"author":[{"embeddable":true,"href":"https:\/\/agenciainfra.com\/blog\/wp-json\/wp\/v2\/users\/1"}],"replies":[{"embeddable":true,"href":"https:\/\/agenciainfra.com\/blog\/wp-json\/wp\/v2\/comments?post=32233"}],"version-history":[{"count":3,"href":"https:\/\/agenciainfra.com\/blog\/wp-json\/wp\/v2\/posts\/32233\/revisions"}],"predecessor-version":[{"id":32236,"href":"https:\/\/agenciainfra.com\/blog\/wp-json\/wp\/v2\/posts\/32233\/revisions\/32236"}],"wp:featuredmedia":[{"embeddable":true,"href":"https:\/\/agenciainfra.com\/blog\/wp-json\/wp\/v2\/media\/32246"}],"wp:attachment":[{"href":"https:\/\/agenciainfra.com\/blog\/wp-json\/wp\/v2\/media?parent=32233"}],"wp:term":[{"taxonomy":"category","embeddable":true,"href":"https:\/\/agenciainfra.com\/blog\/wp-json\/wp\/v2\/categories?post=32233"},{"taxonomy":"post_tag","embeddable":true,"href":"https:\/\/agenciainfra.com\/blog\/wp-json\/wp\/v2\/tags?post=32233"}],"curies":[{"name":"wp","href":"https:\/\/api.w.org\/{rel}","templated":true}]}}