{"id":32260,"date":"2025-11-14T14:47:47","date_gmt":"2025-11-14T17:47:47","guid":{"rendered":"https:\/\/agenciainfra.com\/blog\/?p=32260"},"modified":"2025-11-14T14:47:49","modified_gmt":"2025-11-14T17:47:49","slug":"aeroporto-de-salvador-atinge-certificacao-maxima-em-gestao-de-carbono","status":"publish","type":"post","link":"https:\/\/agenciainfra.com\/blog\/aeroporto-de-salvador-atinge-certificacao-maxima-em-gestao-de-carbono\/","title":{"rendered":"Aeroporto de Salvador atinge certifica\u00e7\u00e3o m\u00e1xima em gest\u00e3o de carbono"},"content":{"rendered":"\n<p class=\"has-text-align-right\"><strong>da Ag\u00eancia iNFRA<\/strong><\/p>\n\n\n\n<p>O Salvador Bahia Airport se tornou o primeiro aeroporto das Am\u00e9ricas a alcan\u00e7ar o N\u00edvel 5 da ACA (Airport Carbon Accreditation), o grau mais alto de reconhecimento internacional para iniciativas de descarboniza\u00e7\u00e3o no setor aeroportu\u00e1rio. A certifica\u00e7\u00e3o, anunciada pelo ACI-LAC (Conselho Internacional de Aeroportos da Am\u00e9rica Latina e Caribe), coloca o terminal baiano na lideran\u00e7a mundial de pr\u00e1ticas ambientais no setor.<\/p>\n\n\n\n<p>Entre as medidas que permitiram a certifica\u00e7\u00e3o, o aeroporto instalou duas usinas solares que abastecem suas opera\u00e7\u00f5es e as de terceiros, passou a operar exclusivamente com energia 100% renov\u00e1vel, substituiu equipamentos a g\u00e1s por vers\u00f5es el\u00e9tricas, inclusive em restaurantes, e intensificou o di\u00e1logo com parceiros para reduzir emiss\u00f5es de forma conjunta. As emiss\u00f5es residuais s\u00e3o compensadas por projetos certificados de remo\u00e7\u00e3o de carbono, como o reflorestamento em Corumb\u00e1 (MS).<\/p>\n\n\n\n<p>No n\u00edvel 1, o aeroporto apenas mede suas emiss\u00f5es. No n\u00edvel 2, come\u00e7a a reduzi-las com a\u00e7\u00f5es comprovadas. No n\u00edvel 3, passa a envolver parceiros nas emiss\u00f5es indiretas, e no 3+ complementa isso com compensa\u00e7\u00e3o das emiss\u00f5es restantes. No n\u00edvel 4, a gest\u00e3o de carbono se integra a toda a opera\u00e7\u00e3o com metas de longo prazo; no 4+, o aeroporto apresenta avan\u00e7os rastre\u00e1veis rumo \u00e0 neutralidade. O n\u00edvel 5, o mais alto, exige emiss\u00f5es l\u00edquidas zero nos escopos diretos e lideran\u00e7a na redu\u00e7\u00e3o das emiss\u00f5es do escopo 3.<\/p>\n\n\n\n<p>Entre as medidas implantadas est\u00e3o a opera\u00e7\u00e3o de duas usinas solares pr\u00f3prias, o uso exclusivo de energia renov\u00e1vel em todas as atividades do terminal, a substitui\u00e7\u00e3o de equipamentos a g\u00e1s por vers\u00f5es el\u00e9tricas e programas de engajamento com concession\u00e1rios, companhias a\u00e9reas e prestadores de servi\u00e7o.<\/p>\n","protected":false},"excerpt":{"rendered":"<p>da Ag\u00eancia iNFRA O Salvador Bahia Airport se tornou o primeiro aeroporto das Am\u00e9ricas a alcan\u00e7ar o N\u00edvel 5 da ACA (Airport Carbon Accreditation), o grau mais alto de reconhecimento internacional para iniciativas de descarboniza\u00e7\u00e3o no setor aeroportu\u00e1rio. A certifica\u00e7\u00e3o, anunciada pelo ACI-LAC (Conselho Internacional de Aeroportos da Am\u00e9rica Latina e Caribe), coloca o terminal [&hellip;]<\/p>\n","protected":false},"author":1,"featured_media":32262,"comment_status":"closed","ping_status":"closed","sticky":false,"template":"","format":"standard","meta":{"_monsterinsights_skip_tracking":false,"_monsterinsights_sitenote_active":false,"_monsterinsights_sitenote_note":"","_monsterinsights_sitenote_category":0,"footnotes":""},"categories":[13576],"tags":[16942,15967,932,107,3361,4372],"class_list":["post-32260","post","type-post","status-publish","format-standard","has-post-thumbnail","hentry","category-giro-infra","tag-aca","tag-aci-lac","tag-aeroporto-de-salvador","tag-aeroportos","tag-descarbonizacao","tag-vinci-airports"],"yoast_head":"<!-- This site is optimized with the Yoast SEO Premium plugin v25.4 (Yoast SEO v26.0) - https:\/\/yoast.com\/wordpress\/plugins\/seo\/ -->\n<title>Aeroporto de Salvador atinge certifica\u00e7\u00e3o m\u00e1xima em gest\u00e3o de carbono - Ag\u00eancia iNFRA<\/title>\n<meta name=\"robots\" content=\"index, follow, max-snippet:-1, max-image-preview:large, max-video-preview:-1\" \/>\n<link rel=\"canonical\" href=\"https:\/\/agenciainfra.com\/blog\/aeroporto-de-salvador-atinge-certificacao-maxima-em-gestao-de-carbono\/\" \/>\n<meta property=\"og:locale\" content=\"pt_BR\" \/>\n<meta property=\"og:type\" content=\"article\" \/>\n<meta property=\"og:title\" content=\"Aeroporto de Salvador atinge certifica\u00e7\u00e3o m\u00e1xima em gest\u00e3o de carbono\" \/>\n<meta property=\"og:description\" content=\"da Ag\u00eancia iNFRA O Salvador Bahia Airport se tornou o primeiro aeroporto das Am\u00e9ricas a alcan\u00e7ar o N\u00edvel 5 da ACA (Airport Carbon Accreditation), o grau mais alto de reconhecimento internacional para iniciativas de descarboniza\u00e7\u00e3o no setor aeroportu\u00e1rio. A certifica\u00e7\u00e3o, anunciada pelo ACI-LAC (Conselho Internacional de Aeroportos da Am\u00e9rica Latina e Caribe), coloca o terminal [&hellip;]\" \/>\n<meta property=\"og:url\" content=\"https:\/\/agenciainfra.com\/blog\/aeroporto-de-salvador-atinge-certificacao-maxima-em-gestao-de-carbono\/\" \/>\n<meta property=\"og:site_name\" content=\"Ag\u00eancia iNFRA\" \/>\n<meta property=\"article:publisher\" content=\"https:\/\/www.facebook.com\/ageninfra\" \/>\n<meta property=\"article:published_time\" content=\"2025-11-14T17:47:47+00:00\" \/>\n<meta property=\"article:modified_time\" content=\"2025-11-14T17:47:49+00:00\" \/>\n<meta property=\"og:image\" content=\"https:\/\/agenciainfra.com\/blog\/wp-content\/uploads\/2025\/11\/interior-do-aeroporto-de-salvador-foto-aeroporto-de-salvador.png\" \/>\n\t<meta property=\"og:image:width\" content=\"800\" \/>\n\t<meta property=\"og:image:height\" content=\"533\" \/>\n\t<meta property=\"og:image:type\" content=\"image\/png\" \/>\n<meta name=\"author\" content=\"Ag\u00eancia iNFRA\" \/>\n<meta name=\"twitter:card\" content=\"summary_large_image\" \/>\n<meta name=\"twitter:creator\" content=\"@agencia_infra\" \/>\n<meta name=\"twitter:site\" content=\"@agencia_infra\" \/>\n<meta name=\"twitter:label1\" content=\"Escrito por\" \/>\n\t<meta name=\"twitter:data1\" content=\"Ag\u00eancia iNFRA\" \/>\n\t<meta name=\"twitter:label2\" content=\"Est. tempo de leitura\" \/>\n\t<meta name=\"twitter:data2\" content=\"2 minutos\" \/>\n<script type=\"application\/ld+json\" class=\"yoast-schema-graph\">{\"@context\":\"https:\/\/schema.org\",\"@graph\":[{\"@type\":\"Article\",\"@id\":\"https:\/\/agenciainfra.com\/blog\/aeroporto-de-salvador-atinge-certificacao-maxima-em-gestao-de-carbono\/#article\",\"isPartOf\":{\"@id\":\"https:\/\/agenciainfra.com\/blog\/aeroporto-de-salvador-atinge-certificacao-maxima-em-gestao-de-carbono\/\"},\"author\":{\"name\":\"Ag\u00eancia iNFRA\",\"@id\":\"https:\/\/agenciainfra.com\/blog\/#\/schema\/person\/34af08dff6adea4cb22b06612ba7acfa\"},\"headline\":\"Aeroporto de Salvador atinge certifica\u00e7\u00e3o m\u00e1xima em gest\u00e3o de carbono\",\"datePublished\":\"2025-11-14T17:47:47+00:00\",\"dateModified\":\"2025-11-14T17:47:49+00:00\",\"mainEntityOfPage\":{\"@id\":\"https:\/\/agenciainfra.com\/blog\/aeroporto-de-salvador-atinge-certificacao-maxima-em-gestao-de-carbono\/\"},\"wordCount\":320,\"publisher\":{\"@id\":\"https:\/\/agenciainfra.com\/blog\/#organization\"},\"image\":{\"@id\":\"https:\/\/agenciainfra.com\/blog\/aeroporto-de-salvador-atinge-certificacao-maxima-em-gestao-de-carbono\/#primaryimage\"},\"thumbnailUrl\":\"https:\/\/agenciainfra.com\/blog\/wp-content\/uploads\/2025\/11\/interior-do-aeroporto-de-salvador-foto-aeroporto-de-salvador.png\",\"keywords\":[\"ACA\",\"ACI-LAC\",\"Aeroporto de Salvador\",\"aeroportos\",\"Descarboniza\u00e7\u00e3o\",\"Vinci Airports\"],\"articleSection\":[\"Giro iNFRA\"],\"inLanguage\":\"pt-BR\",\"copyrightYear\":\"2025\",\"copyrightHolder\":{\"@id\":\"https:\/\/agenciainfra.com\/blog\/#organization\"}},{\"@type\":\"WebPage\",\"@id\":\"https:\/\/agenciainfra.com\/blog\/aeroporto-de-salvador-atinge-certificacao-maxima-em-gestao-de-carbono\/\",\"url\":\"https:\/\/agenciainfra.com\/blog\/aeroporto-de-salvador-atinge-certificacao-maxima-em-gestao-de-carbono\/\",\"name\":\"Aeroporto de Salvador atinge certifica\u00e7\u00e3o m\u00e1xima em gest\u00e3o de carbono - Ag\u00eancia iNFRA\",\"isPartOf\":{\"@id\":\"https:\/\/agenciainfra.com\/blog\/#website\"},\"primaryImageOfPage\":{\"@id\":\"https:\/\/agenciainfra.com\/blog\/aeroporto-de-salvador-atinge-certificacao-maxima-em-gestao-de-carbono\/#primaryimage\"},\"image\":{\"@id\":\"https:\/\/agenciainfra.com\/blog\/aeroporto-de-salvador-atinge-certificacao-maxima-em-gestao-de-carbono\/#primaryimage\"},\"thumbnailUrl\":\"https:\/\/agenciainfra.com\/blog\/wp-content\/uploads\/2025\/11\/interior-do-aeroporto-de-salvador-foto-aeroporto-de-salvador.png\",\"datePublished\":\"2025-11-14T17:47:47+00:00\",\"dateModified\":\"2025-11-14T17:47:49+00:00\",\"breadcrumb\":{\"@id\":\"https:\/\/agenciainfra.com\/blog\/aeroporto-de-salvador-atinge-certificacao-maxima-em-gestao-de-carbono\/#breadcrumb\"},\"inLanguage\":\"pt-BR\",\"potentialAction\":[{\"@type\":\"ReadAction\",\"target\":[\"https:\/\/agenciainfra.com\/blog\/aeroporto-de-salvador-atinge-certificacao-maxima-em-gestao-de-carbono\/\"]}]},{\"@type\":\"ImageObject\",\"inLanguage\":\"pt-BR\",\"@id\":\"https:\/\/agenciainfra.com\/blog\/aeroporto-de-salvador-atinge-certificacao-maxima-em-gestao-de-carbono\/#primaryimage\",\"url\":\"https:\/\/agenciainfra.com\/blog\/wp-content\/uploads\/2025\/11\/interior-do-aeroporto-de-salvador-foto-aeroporto-de-salvador.png\",\"contentUrl\":\"https:\/\/agenciainfra.com\/blog\/wp-content\/uploads\/2025\/11\/interior-do-aeroporto-de-salvador-foto-aeroporto-de-salvador.png\",\"width\":800,\"height\":533,\"caption\":\"Foto: Aeroporto de Salvador\"},{\"@type\":\"BreadcrumbList\",\"@id\":\"https:\/\/agenciainfra.com\/blog\/aeroporto-de-salvador-atinge-certificacao-maxima-em-gestao-de-carbono\/#breadcrumb\",\"itemListElement\":[{\"@type\":\"ListItem\",\"position\":1,\"name\":\"In\u00edcio\",\"item\":\"https:\/\/agenciainfra.com\/blog\/\"},{\"@type\":\"ListItem\",\"position\":2,\"name\":\"Aeroporto de Salvador atinge certifica\u00e7\u00e3o m\u00e1xima em gest\u00e3o de carbono\"}]},{\"@type\":\"WebSite\",\"@id\":\"https:\/\/agenciainfra.com\/blog\/#website\",\"url\":\"https:\/\/agenciainfra.com\/blog\/\",\"name\":\"Ag\u00eancia iNFRA\",\"description\":\"Multiplataforma de informa\u00e7\u00e3o jornal\u00edstica refer\u00eancia na \u00e1rea de infraestrutura no Brasil!\",\"publisher\":{\"@id\":\"https:\/\/agenciainfra.com\/blog\/#organization\"},\"potentialAction\":[{\"@type\":\"SearchAction\",\"target\":{\"@type\":\"EntryPoint\",\"urlTemplate\":\"https:\/\/agenciainfra.com\/blog\/?s={search_term_string}\"},\"query-input\":{\"@type\":\"PropertyValueSpecification\",\"valueRequired\":true,\"valueName\":\"search_term_string\"}}],\"inLanguage\":\"pt-BR\"},{\"@type\":\"Organization\",\"@id\":\"https:\/\/agenciainfra.com\/blog\/#organization\",\"name\":\"Ag\u00eancia iNFRA\",\"url\":\"https:\/\/agenciainfra.com\/blog\/\",\"logo\":{\"@type\":\"ImageObject\",\"inLanguage\":\"pt-BR\",\"@id\":\"https:\/\/agenciainfra.com\/blog\/#\/schema\/logo\/image\/\",\"url\":\"https:\/\/agenciainfra.com\/blog\/wp-content\/uploads\/2023\/09\/iNFRA_5-e1761735885940.png\",\"contentUrl\":\"https:\/\/agenciainfra.com\/blog\/wp-content\/uploads\/2023\/09\/iNFRA_5-e1761735885940.png\",\"width\":1672,\"height\":454,\"caption\":\"Ag\u00eancia iNFRA\"},\"image\":{\"@id\":\"https:\/\/agenciainfra.com\/blog\/#\/schema\/logo\/image\/\"},\"sameAs\":[\"https:\/\/www.facebook.com\/ageninfra\",\"https:\/\/x.com\/agencia_infra\",\"https:\/\/www.linkedin.com\/company\/ag\u00eanciainfra\/\",\"https:\/\/www.instagram.com\/agenciainfra\/\"]},{\"@type\":\"Person\",\"@id\":\"https:\/\/agenciainfra.com\/blog\/#\/schema\/person\/34af08dff6adea4cb22b06612ba7acfa\",\"name\":\"Ag\u00eancia iNFRA\",\"image\":{\"@type\":\"ImageObject\",\"inLanguage\":\"pt-BR\",\"@id\":\"https:\/\/agenciainfra.com\/blog\/#\/schema\/person\/image\/\",\"url\":\"https:\/\/secure.gravatar.com\/avatar\/d189e01678f06d8eb84d4e01f08eb848b3fffe3f8443818d3c356c66892f5be8?s=96&d=mm&r=g\",\"contentUrl\":\"https:\/\/secure.gravatar.com\/avatar\/d189e01678f06d8eb84d4e01f08eb848b3fffe3f8443818d3c356c66892f5be8?s=96&d=mm&r=g\",\"caption\":\"Ag\u00eancia iNFRA\"},\"url\":\"https:\/\/agenciainfra.com\/blog\/author\/admin\/\"}]}<\/script>\n<!-- \/ Yoast SEO Premium plugin. -->","yoast_head_json":{"title":"Aeroporto de Salvador atinge certifica\u00e7\u00e3o m\u00e1xima em gest\u00e3o de carbono - Ag\u00eancia iNFRA","robots":{"index":"index","follow":"follow","max-snippet":"max-snippet:-1","max-image-preview":"max-image-preview:large","max-video-preview":"max-video-preview:-1"},"canonical":"https:\/\/agenciainfra.com\/blog\/aeroporto-de-salvador-atinge-certificacao-maxima-em-gestao-de-carbono\/","og_locale":"pt_BR","og_type":"article","og_title":"Aeroporto de Salvador atinge certifica\u00e7\u00e3o m\u00e1xima em gest\u00e3o de carbono","og_description":"da Ag\u00eancia iNFRA O Salvador Bahia Airport se tornou o primeiro aeroporto das Am\u00e9ricas a alcan\u00e7ar o N\u00edvel 5 da ACA (Airport Carbon Accreditation), o grau mais alto de reconhecimento internacional para iniciativas de descarboniza\u00e7\u00e3o no setor aeroportu\u00e1rio. A certifica\u00e7\u00e3o, anunciada pelo ACI-LAC (Conselho Internacional de Aeroportos da Am\u00e9rica Latina e Caribe), coloca o terminal [&hellip;]","og_url":"https:\/\/agenciainfra.com\/blog\/aeroporto-de-salvador-atinge-certificacao-maxima-em-gestao-de-carbono\/","og_site_name":"Ag\u00eancia iNFRA","article_publisher":"https:\/\/www.facebook.com\/ageninfra","article_published_time":"2025-11-14T17:47:47+00:00","article_modified_time":"2025-11-14T17:47:49+00:00","og_image":[{"width":800,"height":533,"url":"https:\/\/agenciainfra.com\/blog\/wp-content\/uploads\/2025\/11\/interior-do-aeroporto-de-salvador-foto-aeroporto-de-salvador.png","type":"image\/png"}],"author":"Ag\u00eancia iNFRA","twitter_card":"summary_large_image","twitter_creator":"@agencia_infra","twitter_site":"@agencia_infra","twitter_misc":{"Escrito por":"Ag\u00eancia iNFRA","Est. tempo de leitura":"2 minutos"},"schema":{"@context":"https:\/\/schema.org","@graph":[{"@type":"Article","@id":"https:\/\/agenciainfra.com\/blog\/aeroporto-de-salvador-atinge-certificacao-maxima-em-gestao-de-carbono\/#article","isPartOf":{"@id":"https:\/\/agenciainfra.com\/blog\/aeroporto-de-salvador-atinge-certificacao-maxima-em-gestao-de-carbono\/"},"author":{"name":"Ag\u00eancia iNFRA","@id":"https:\/\/agenciainfra.com\/blog\/#\/schema\/person\/34af08dff6adea4cb22b06612ba7acfa"},"headline":"Aeroporto de Salvador atinge certifica\u00e7\u00e3o m\u00e1xima em gest\u00e3o de carbono","datePublished":"2025-11-14T17:47:47+00:00","dateModified":"2025-11-14T17:47:49+00:00","mainEntityOfPage":{"@id":"https:\/\/agenciainfra.com\/blog\/aeroporto-de-salvador-atinge-certificacao-maxima-em-gestao-de-carbono\/"},"wordCount":320,"publisher":{"@id":"https:\/\/agenciainfra.com\/blog\/#organization"},"image":{"@id":"https:\/\/agenciainfra.com\/blog\/aeroporto-de-salvador-atinge-certificacao-maxima-em-gestao-de-carbono\/#primaryimage"},"thumbnailUrl":"https:\/\/agenciainfra.com\/blog\/wp-content\/uploads\/2025\/11\/interior-do-aeroporto-de-salvador-foto-aeroporto-de-salvador.png","keywords":["ACA","ACI-LAC","Aeroporto de Salvador","aeroportos","Descarboniza\u00e7\u00e3o","Vinci Airports"],"articleSection":["Giro iNFRA"],"inLanguage":"pt-BR","copyrightYear":"2025","copyrightHolder":{"@id":"https:\/\/agenciainfra.com\/blog\/#organization"}},{"@type":"WebPage","@id":"https:\/\/agenciainfra.com\/blog\/aeroporto-de-salvador-atinge-certificacao-maxima-em-gestao-de-carbono\/","url":"https:\/\/agenciainfra.com\/blog\/aeroporto-de-salvador-atinge-certificacao-maxima-em-gestao-de-carbono\/","name":"Aeroporto de Salvador atinge certifica\u00e7\u00e3o m\u00e1xima em gest\u00e3o de carbono - Ag\u00eancia iNFRA","isPartOf":{"@id":"https:\/\/agenciainfra.com\/blog\/#website"},"primaryImageOfPage":{"@id":"https:\/\/agenciainfra.com\/blog\/aeroporto-de-salvador-atinge-certificacao-maxima-em-gestao-de-carbono\/#primaryimage"},"image":{"@id":"https:\/\/agenciainfra.com\/blog\/aeroporto-de-salvador-atinge-certificacao-maxima-em-gestao-de-carbono\/#primaryimage"},"thumbnailUrl":"https:\/\/agenciainfra.com\/blog\/wp-content\/uploads\/2025\/11\/interior-do-aeroporto-de-salvador-foto-aeroporto-de-salvador.png","datePublished":"2025-11-14T17:47:47+00:00","dateModified":"2025-11-14T17:47:49+00:00","breadcrumb":{"@id":"https:\/\/agenciainfra.com\/blog\/aeroporto-de-salvador-atinge-certificacao-maxima-em-gestao-de-carbono\/#breadcrumb"},"inLanguage":"pt-BR","potentialAction":[{"@type":"ReadAction","target":["https:\/\/agenciainfra.com\/blog\/aeroporto-de-salvador-atinge-certificacao-maxima-em-gestao-de-carbono\/"]}]},{"@type":"ImageObject","inLanguage":"pt-BR","@id":"https:\/\/agenciainfra.com\/blog\/aeroporto-de-salvador-atinge-certificacao-maxima-em-gestao-de-carbono\/#primaryimage","url":"https:\/\/agenciainfra.com\/blog\/wp-content\/uploads\/2025\/11\/interior-do-aeroporto-de-salvador-foto-aeroporto-de-salvador.png","contentUrl":"https:\/\/agenciainfra.com\/blog\/wp-content\/uploads\/2025\/11\/interior-do-aeroporto-de-salvador-foto-aeroporto-de-salvador.png","width":800,"height":533,"caption":"Foto: Aeroporto de Salvador"},{"@type":"BreadcrumbList","@id":"https:\/\/agenciainfra.com\/blog\/aeroporto-de-salvador-atinge-certificacao-maxima-em-gestao-de-carbono\/#breadcrumb","itemListElement":[{"@type":"ListItem","position":1,"name":"In\u00edcio","item":"https:\/\/agenciainfra.com\/blog\/"},{"@type":"ListItem","position":2,"name":"Aeroporto de Salvador atinge certifica\u00e7\u00e3o m\u00e1xima em gest\u00e3o de carbono"}]},{"@type":"WebSite","@id":"https:\/\/agenciainfra.com\/blog\/#website","url":"https:\/\/agenciainfra.com\/blog\/","name":"Ag\u00eancia iNFRA","description":"Multiplataforma de informa\u00e7\u00e3o jornal\u00edstica refer\u00eancia na \u00e1rea de infraestrutura no Brasil!","publisher":{"@id":"https:\/\/agenciainfra.com\/blog\/#organization"},"potentialAction":[{"@type":"SearchAction","target":{"@type":"EntryPoint","urlTemplate":"https:\/\/agenciainfra.com\/blog\/?s={search_term_string}"},"query-input":{"@type":"PropertyValueSpecification","valueRequired":true,"valueName":"search_term_string"}}],"inLanguage":"pt-BR"},{"@type":"Organization","@id":"https:\/\/agenciainfra.com\/blog\/#organization","name":"Ag\u00eancia iNFRA","url":"https:\/\/agenciainfra.com\/blog\/","logo":{"@type":"ImageObject","inLanguage":"pt-BR","@id":"https:\/\/agenciainfra.com\/blog\/#\/schema\/logo\/image\/","url":"https:\/\/agenciainfra.com\/blog\/wp-content\/uploads\/2023\/09\/iNFRA_5-e1761735885940.png","contentUrl":"https:\/\/agenciainfra.com\/blog\/wp-content\/uploads\/2023\/09\/iNFRA_5-e1761735885940.png","width":1672,"height":454,"caption":"Ag\u00eancia iNFRA"},"image":{"@id":"https:\/\/agenciainfra.com\/blog\/#\/schema\/logo\/image\/"},"sameAs":["https:\/\/www.facebook.com\/ageninfra","https:\/\/x.com\/agencia_infra","https:\/\/www.linkedin.com\/company\/ag\u00eanciainfra\/","https:\/\/www.instagram.com\/agenciainfra\/"]},{"@type":"Person","@id":"https:\/\/agenciainfra.com\/blog\/#\/schema\/person\/34af08dff6adea4cb22b06612ba7acfa","name":"Ag\u00eancia iNFRA","image":{"@type":"ImageObject","inLanguage":"pt-BR","@id":"https:\/\/agenciainfra.com\/blog\/#\/schema\/person\/image\/","url":"https:\/\/secure.gravatar.com\/avatar\/d189e01678f06d8eb84d4e01f08eb848b3fffe3f8443818d3c356c66892f5be8?s=96&d=mm&r=g","contentUrl":"https:\/\/secure.gravatar.com\/avatar\/d189e01678f06d8eb84d4e01f08eb848b3fffe3f8443818d3c356c66892f5be8?s=96&d=mm&r=g","caption":"Ag\u00eancia iNFRA"},"url":"https:\/\/agenciainfra.com\/blog\/author\/admin\/"}]}},"_links":{"self":[{"href":"https:\/\/agenciainfra.com\/blog\/wp-json\/wp\/v2\/posts\/32260","targetHints":{"allow":["GET"]}}],"collection":[{"href":"https:\/\/agenciainfra.com\/blog\/wp-json\/wp\/v2\/posts"}],"about":[{"href":"https:\/\/agenciainfra.com\/blog\/wp-json\/wp\/v2\/types\/post"}],"author":[{"embeddable":true,"href":"https:\/\/agenciainfra.com\/blog\/wp-json\/wp\/v2\/users\/1"}],"replies":[{"embeddable":true,"href":"https:\/\/agenciainfra.com\/blog\/wp-json\/wp\/v2\/comments?post=32260"}],"version-history":[{"count":1,"href":"https:\/\/agenciainfra.com\/blog\/wp-json\/wp\/v2\/posts\/32260\/revisions"}],"predecessor-version":[{"id":32263,"href":"https:\/\/agenciainfra.com\/blog\/wp-json\/wp\/v2\/posts\/32260\/revisions\/32263"}],"wp:featuredmedia":[{"embeddable":true,"href":"https:\/\/agenciainfra.com\/blog\/wp-json\/wp\/v2\/media\/32262"}],"wp:attachment":[{"href":"https:\/\/agenciainfra.com\/blog\/wp-json\/wp\/v2\/media?parent=32260"}],"wp:term":[{"taxonomy":"category","embeddable":true,"href":"https:\/\/agenciainfra.com\/blog\/wp-json\/wp\/v2\/categories?post=32260"},{"taxonomy":"post_tag","embeddable":true,"href":"https:\/\/agenciainfra.com\/blog\/wp-json\/wp\/v2\/tags?post=32260"}],"curies":[{"name":"wp","href":"https:\/\/api.w.org\/{rel}","templated":true}]}}