{"id":32297,"date":"2025-11-14T19:08:39","date_gmt":"2025-11-14T22:08:39","guid":{"rendered":"https:\/\/agenciainfra.com\/blog\/?p=32297"},"modified":"2025-11-14T19:34:10","modified_gmt":"2025-11-14T22:34:10","slug":"bndes-garante-r-17-bi-do-kfw-para-energia-renovavel-e-mobilidade","status":"publish","type":"post","link":"https:\/\/agenciainfra.com\/blog\/bndes-garante-r-17-bi-do-kfw-para-energia-renovavel-e-mobilidade\/","title":{"rendered":"BNDES garante R$ 1,7 bi do KfW para mobilidade e energia renov\u00e1vel"},"content":{"rendered":"\n<p class=\"has-text-align-right\"><strong>da Ag\u00eancia iNFRA<\/strong><\/p>\n\n\n\n<p>O BNDES (Banco Nacional de Desenvolvimento Econ\u00f4mico e Social) firmou duas capta\u00e7\u00f5es com o banco alem\u00e3o de desenvolvimento KfW, totalizando R$ 1,729 bilh\u00e3o (\u20ac 280 milh\u00f5es), para ampliar investimentos em mobilidade urbana e fontes renov\u00e1veis de energia. O an\u00fancio foi feito pelo presidente do banco, Aloizio Mercadante, na quinta-feira (13), durante a COP30, em Bel\u00e9m (PA).<\/p>\n\n\n\n<p>Do total, \u20ac 130 milh\u00f5es ser\u00e3o destinados a projetos de mobilidade urbana, com foco na eletrifica\u00e7\u00e3o de frotas de \u00f4nibus. As institui\u00e7\u00f5es tamb\u00e9m discutem coopera\u00e7\u00e3o t\u00e9cnica para atualizar o &#8220;Guia TPC: Orienta\u00e7\u00f5es para Sele\u00e7\u00e3o de Tecnologias e Implementa\u00e7\u00e3o de Projetos de Transporte P\u00fablico Coletivo&#8221;, em uma iniciativa que contar\u00e1 com apoio n\u00e3o reembols\u00e1vel do governo alem\u00e3o. Os outros \u20ac 150 milh\u00f5es financiar\u00e3o projetos de gera\u00e7\u00e3o solar e e\u00f3lica no Brasil.<\/p>\n\n\n\n<p>Mercadante destacou que a parceria refor\u00e7a a coopera\u00e7\u00e3o hist\u00f3rica entre Brasil e Alemanha e est\u00e1 alinhada \u00e0 agenda de baixo carbono do governo federal. &#8220;As duas capta\u00e7\u00f5es anunciadas durante a COP30, em Bel\u00e9m, sinalizam que estamos no caminho certo rumo a uma economia de baixo carbono, um dos princ\u00edpios orientadores do governo do presidente Lula. \u00c9 nosso desejo que essa parceria se estenda por muitos anos ainda, contribuindo para um mundo mais justo, verde e inclusivo\u201d, afirmou.<\/p>\n","protected":false},"excerpt":{"rendered":"<p>da Ag\u00eancia iNFRA O BNDES (Banco Nacional de Desenvolvimento Econ\u00f4mico e Social) firmou duas capta\u00e7\u00f5es com o banco alem\u00e3o de desenvolvimento KfW, totalizando R$ 1,729 bilh\u00e3o (\u20ac 280 milh\u00f5es), para ampliar investimentos em mobilidade urbana e fontes renov\u00e1veis de energia. O an\u00fancio foi feito pelo presidente do banco, Aloizio Mercadante, na quinta-feira (13), durante a [&hellip;]<\/p>\n","protected":false},"author":1,"featured_media":32302,"comment_status":"closed","ping_status":"closed","sticky":false,"template":"","format":"standard","meta":{"_monsterinsights_skip_tracking":false,"_monsterinsights_sitenote_active":false,"_monsterinsights_sitenote_note":"","_monsterinsights_sitenote_category":0,"footnotes":""},"categories":[13576],"tags":[6139,103,3361,16962,2804,9495,2162],"class_list":["post-32297","post","type-post","status-publish","format-standard","has-post-thumbnail","hentry","category-giro-infra","tag-aloizio-mercadante","tag-bndes","tag-descarbonizacao","tag-eletrificacao-de-onibus","tag-energia-renovavel","tag-kfw","tag-mobilidade-urbana"],"yoast_head":"<!-- This site is optimized with the Yoast SEO Premium plugin v25.4 (Yoast SEO v26.0) - https:\/\/yoast.com\/wordpress\/plugins\/seo\/ -->\n<title>BNDES garante R$ 1,7 bi do KfW para mobilidade e energia renov\u00e1vel - Ag\u00eancia iNFRA<\/title>\n<meta name=\"robots\" content=\"index, follow, max-snippet:-1, max-image-preview:large, max-video-preview:-1\" \/>\n<link rel=\"canonical\" href=\"https:\/\/agenciainfra.com\/blog\/bndes-garante-r-17-bi-do-kfw-para-energia-renovavel-e-mobilidade\/\" \/>\n<meta property=\"og:locale\" content=\"pt_BR\" \/>\n<meta property=\"og:type\" content=\"article\" \/>\n<meta property=\"og:title\" content=\"BNDES garante R$ 1,7 bi do KfW para mobilidade e energia renov\u00e1vel\" \/>\n<meta property=\"og:description\" content=\"da Ag\u00eancia iNFRA O BNDES (Banco Nacional de Desenvolvimento Econ\u00f4mico e Social) firmou duas capta\u00e7\u00f5es com o banco alem\u00e3o de desenvolvimento KfW, totalizando R$ 1,729 bilh\u00e3o (\u20ac 280 milh\u00f5es), para ampliar investimentos em mobilidade urbana e fontes renov\u00e1veis de energia. O an\u00fancio foi feito pelo presidente do banco, Aloizio Mercadante, na quinta-feira (13), durante a [&hellip;]\" \/>\n<meta property=\"og:url\" content=\"https:\/\/agenciainfra.com\/blog\/bndes-garante-r-17-bi-do-kfw-para-energia-renovavel-e-mobilidade\/\" \/>\n<meta property=\"og:site_name\" content=\"Ag\u00eancia iNFRA\" \/>\n<meta property=\"article:publisher\" content=\"https:\/\/www.facebook.com\/ageninfra\" \/>\n<meta property=\"article:published_time\" content=\"2025-11-14T22:08:39+00:00\" \/>\n<meta property=\"article:modified_time\" content=\"2025-11-14T22:34:10+00:00\" \/>\n<meta property=\"og:image\" content=\"https:\/\/agenciainfra.com\/blog\/wp-content\/uploads\/2025\/11\/foto-divulgacao.jpg\" \/>\n\t<meta property=\"og:image:width\" content=\"1280\" \/>\n\t<meta property=\"og:image:height\" content=\"960\" \/>\n\t<meta property=\"og:image:type\" content=\"image\/jpeg\" \/>\n<meta name=\"author\" content=\"Ag\u00eancia iNFRA\" \/>\n<meta name=\"twitter:card\" content=\"summary_large_image\" \/>\n<meta name=\"twitter:creator\" content=\"@agencia_infra\" \/>\n<meta name=\"twitter:site\" content=\"@agencia_infra\" \/>\n<meta name=\"twitter:label1\" content=\"Escrito por\" \/>\n\t<meta name=\"twitter:data1\" content=\"Ag\u00eancia iNFRA\" \/>\n\t<meta name=\"twitter:label2\" content=\"Est. tempo de leitura\" \/>\n\t<meta name=\"twitter:data2\" content=\"1 minuto\" \/>\n<script type=\"application\/ld+json\" class=\"yoast-schema-graph\">{\"@context\":\"https:\/\/schema.org\",\"@graph\":[{\"@type\":\"Article\",\"@id\":\"https:\/\/agenciainfra.com\/blog\/bndes-garante-r-17-bi-do-kfw-para-energia-renovavel-e-mobilidade\/#article\",\"isPartOf\":{\"@id\":\"https:\/\/agenciainfra.com\/blog\/bndes-garante-r-17-bi-do-kfw-para-energia-renovavel-e-mobilidade\/\"},\"author\":{\"name\":\"Ag\u00eancia iNFRA\",\"@id\":\"https:\/\/agenciainfra.com\/blog\/#\/schema\/person\/34af08dff6adea4cb22b06612ba7acfa\"},\"headline\":\"BNDES garante R$ 1,7 bi do KfW para mobilidade e energia renov\u00e1vel\",\"datePublished\":\"2025-11-14T22:08:39+00:00\",\"dateModified\":\"2025-11-14T22:34:10+00:00\",\"mainEntityOfPage\":{\"@id\":\"https:\/\/agenciainfra.com\/blog\/bndes-garante-r-17-bi-do-kfw-para-energia-renovavel-e-mobilidade\/\"},\"wordCount\":241,\"publisher\":{\"@id\":\"https:\/\/agenciainfra.com\/blog\/#organization\"},\"image\":{\"@id\":\"https:\/\/agenciainfra.com\/blog\/bndes-garante-r-17-bi-do-kfw-para-energia-renovavel-e-mobilidade\/#primaryimage\"},\"thumbnailUrl\":\"https:\/\/agenciainfra.com\/blog\/wp-content\/uploads\/2025\/11\/foto-divulgacao.jpg\",\"keywords\":[\"Aloizio Mercadante\",\"BNDES\",\"Descarboniza\u00e7\u00e3o\",\"eletrifica\u00e7\u00e3o de \u00f4nibus\",\"energia renov\u00e1vel\",\"KFW\",\"mobilidade urbana\"],\"articleSection\":[\"Giro iNFRA\"],\"inLanguage\":\"pt-BR\",\"copyrightYear\":\"2025\",\"copyrightHolder\":{\"@id\":\"https:\/\/agenciainfra.com\/blog\/#organization\"}},{\"@type\":\"WebPage\",\"@id\":\"https:\/\/agenciainfra.com\/blog\/bndes-garante-r-17-bi-do-kfw-para-energia-renovavel-e-mobilidade\/\",\"url\":\"https:\/\/agenciainfra.com\/blog\/bndes-garante-r-17-bi-do-kfw-para-energia-renovavel-e-mobilidade\/\",\"name\":\"BNDES garante R$ 1,7 bi do KfW para mobilidade e energia renov\u00e1vel - Ag\u00eancia iNFRA\",\"isPartOf\":{\"@id\":\"https:\/\/agenciainfra.com\/blog\/#website\"},\"primaryImageOfPage\":{\"@id\":\"https:\/\/agenciainfra.com\/blog\/bndes-garante-r-17-bi-do-kfw-para-energia-renovavel-e-mobilidade\/#primaryimage\"},\"image\":{\"@id\":\"https:\/\/agenciainfra.com\/blog\/bndes-garante-r-17-bi-do-kfw-para-energia-renovavel-e-mobilidade\/#primaryimage\"},\"thumbnailUrl\":\"https:\/\/agenciainfra.com\/blog\/wp-content\/uploads\/2025\/11\/foto-divulgacao.jpg\",\"datePublished\":\"2025-11-14T22:08:39+00:00\",\"dateModified\":\"2025-11-14T22:34:10+00:00\",\"breadcrumb\":{\"@id\":\"https:\/\/agenciainfra.com\/blog\/bndes-garante-r-17-bi-do-kfw-para-energia-renovavel-e-mobilidade\/#breadcrumb\"},\"inLanguage\":\"pt-BR\",\"potentialAction\":[{\"@type\":\"ReadAction\",\"target\":[\"https:\/\/agenciainfra.com\/blog\/bndes-garante-r-17-bi-do-kfw-para-energia-renovavel-e-mobilidade\/\"]}]},{\"@type\":\"ImageObject\",\"inLanguage\":\"pt-BR\",\"@id\":\"https:\/\/agenciainfra.com\/blog\/bndes-garante-r-17-bi-do-kfw-para-energia-renovavel-e-mobilidade\/#primaryimage\",\"url\":\"https:\/\/agenciainfra.com\/blog\/wp-content\/uploads\/2025\/11\/foto-divulgacao.jpg\",\"contentUrl\":\"https:\/\/agenciainfra.com\/blog\/wp-content\/uploads\/2025\/11\/foto-divulgacao.jpg\",\"width\":1280,\"height\":960,\"caption\":\"Foto: Divulga\u00e7\u00e3o\"},{\"@type\":\"BreadcrumbList\",\"@id\":\"https:\/\/agenciainfra.com\/blog\/bndes-garante-r-17-bi-do-kfw-para-energia-renovavel-e-mobilidade\/#breadcrumb\",\"itemListElement\":[{\"@type\":\"ListItem\",\"position\":1,\"name\":\"In\u00edcio\",\"item\":\"https:\/\/agenciainfra.com\/blog\/\"},{\"@type\":\"ListItem\",\"position\":2,\"name\":\"BNDES garante R$ 1,7 bi do KfW para mobilidade e energia renov\u00e1vel\"}]},{\"@type\":\"WebSite\",\"@id\":\"https:\/\/agenciainfra.com\/blog\/#website\",\"url\":\"https:\/\/agenciainfra.com\/blog\/\",\"name\":\"Ag\u00eancia iNFRA\",\"description\":\"Multiplataforma de informa\u00e7\u00e3o jornal\u00edstica refer\u00eancia na \u00e1rea de infraestrutura no Brasil!\",\"publisher\":{\"@id\":\"https:\/\/agenciainfra.com\/blog\/#organization\"},\"potentialAction\":[{\"@type\":\"SearchAction\",\"target\":{\"@type\":\"EntryPoint\",\"urlTemplate\":\"https:\/\/agenciainfra.com\/blog\/?s={search_term_string}\"},\"query-input\":{\"@type\":\"PropertyValueSpecification\",\"valueRequired\":true,\"valueName\":\"search_term_string\"}}],\"inLanguage\":\"pt-BR\"},{\"@type\":\"Organization\",\"@id\":\"https:\/\/agenciainfra.com\/blog\/#organization\",\"name\":\"Ag\u00eancia iNFRA\",\"url\":\"https:\/\/agenciainfra.com\/blog\/\",\"logo\":{\"@type\":\"ImageObject\",\"inLanguage\":\"pt-BR\",\"@id\":\"https:\/\/agenciainfra.com\/blog\/#\/schema\/logo\/image\/\",\"url\":\"https:\/\/agenciainfra.com\/blog\/wp-content\/uploads\/2023\/09\/iNFRA_5-e1761735885940.png\",\"contentUrl\":\"https:\/\/agenciainfra.com\/blog\/wp-content\/uploads\/2023\/09\/iNFRA_5-e1761735885940.png\",\"width\":1672,\"height\":454,\"caption\":\"Ag\u00eancia iNFRA\"},\"image\":{\"@id\":\"https:\/\/agenciainfra.com\/blog\/#\/schema\/logo\/image\/\"},\"sameAs\":[\"https:\/\/www.facebook.com\/ageninfra\",\"https:\/\/x.com\/agencia_infra\",\"https:\/\/www.linkedin.com\/company\/ag\u00eanciainfra\/\",\"https:\/\/www.instagram.com\/agenciainfra\/\"]},{\"@type\":\"Person\",\"@id\":\"https:\/\/agenciainfra.com\/blog\/#\/schema\/person\/34af08dff6adea4cb22b06612ba7acfa\",\"name\":\"Ag\u00eancia iNFRA\",\"image\":{\"@type\":\"ImageObject\",\"inLanguage\":\"pt-BR\",\"@id\":\"https:\/\/agenciainfra.com\/blog\/#\/schema\/person\/image\/\",\"url\":\"https:\/\/secure.gravatar.com\/avatar\/d189e01678f06d8eb84d4e01f08eb848b3fffe3f8443818d3c356c66892f5be8?s=96&d=mm&r=g\",\"contentUrl\":\"https:\/\/secure.gravatar.com\/avatar\/d189e01678f06d8eb84d4e01f08eb848b3fffe3f8443818d3c356c66892f5be8?s=96&d=mm&r=g\",\"caption\":\"Ag\u00eancia iNFRA\"},\"url\":\"https:\/\/agenciainfra.com\/blog\/author\/admin\/\"}]}<\/script>\n<!-- \/ Yoast SEO Premium plugin. -->","yoast_head_json":{"title":"BNDES garante R$ 1,7 bi do KfW para mobilidade e energia renov\u00e1vel - Ag\u00eancia iNFRA","robots":{"index":"index","follow":"follow","max-snippet":"max-snippet:-1","max-image-preview":"max-image-preview:large","max-video-preview":"max-video-preview:-1"},"canonical":"https:\/\/agenciainfra.com\/blog\/bndes-garante-r-17-bi-do-kfw-para-energia-renovavel-e-mobilidade\/","og_locale":"pt_BR","og_type":"article","og_title":"BNDES garante R$ 1,7 bi do KfW para mobilidade e energia renov\u00e1vel","og_description":"da Ag\u00eancia iNFRA O BNDES (Banco Nacional de Desenvolvimento Econ\u00f4mico e Social) firmou duas capta\u00e7\u00f5es com o banco alem\u00e3o de desenvolvimento KfW, totalizando R$ 1,729 bilh\u00e3o (\u20ac 280 milh\u00f5es), para ampliar investimentos em mobilidade urbana e fontes renov\u00e1veis de energia. O an\u00fancio foi feito pelo presidente do banco, Aloizio Mercadante, na quinta-feira (13), durante a [&hellip;]","og_url":"https:\/\/agenciainfra.com\/blog\/bndes-garante-r-17-bi-do-kfw-para-energia-renovavel-e-mobilidade\/","og_site_name":"Ag\u00eancia iNFRA","article_publisher":"https:\/\/www.facebook.com\/ageninfra","article_published_time":"2025-11-14T22:08:39+00:00","article_modified_time":"2025-11-14T22:34:10+00:00","og_image":[{"width":1280,"height":960,"url":"https:\/\/agenciainfra.com\/blog\/wp-content\/uploads\/2025\/11\/foto-divulgacao.jpg","type":"image\/jpeg"}],"author":"Ag\u00eancia iNFRA","twitter_card":"summary_large_image","twitter_creator":"@agencia_infra","twitter_site":"@agencia_infra","twitter_misc":{"Escrito por":"Ag\u00eancia iNFRA","Est. tempo de leitura":"1 minuto"},"schema":{"@context":"https:\/\/schema.org","@graph":[{"@type":"Article","@id":"https:\/\/agenciainfra.com\/blog\/bndes-garante-r-17-bi-do-kfw-para-energia-renovavel-e-mobilidade\/#article","isPartOf":{"@id":"https:\/\/agenciainfra.com\/blog\/bndes-garante-r-17-bi-do-kfw-para-energia-renovavel-e-mobilidade\/"},"author":{"name":"Ag\u00eancia iNFRA","@id":"https:\/\/agenciainfra.com\/blog\/#\/schema\/person\/34af08dff6adea4cb22b06612ba7acfa"},"headline":"BNDES garante R$ 1,7 bi do KfW para mobilidade e energia renov\u00e1vel","datePublished":"2025-11-14T22:08:39+00:00","dateModified":"2025-11-14T22:34:10+00:00","mainEntityOfPage":{"@id":"https:\/\/agenciainfra.com\/blog\/bndes-garante-r-17-bi-do-kfw-para-energia-renovavel-e-mobilidade\/"},"wordCount":241,"publisher":{"@id":"https:\/\/agenciainfra.com\/blog\/#organization"},"image":{"@id":"https:\/\/agenciainfra.com\/blog\/bndes-garante-r-17-bi-do-kfw-para-energia-renovavel-e-mobilidade\/#primaryimage"},"thumbnailUrl":"https:\/\/agenciainfra.com\/blog\/wp-content\/uploads\/2025\/11\/foto-divulgacao.jpg","keywords":["Aloizio Mercadante","BNDES","Descarboniza\u00e7\u00e3o","eletrifica\u00e7\u00e3o de \u00f4nibus","energia renov\u00e1vel","KFW","mobilidade urbana"],"articleSection":["Giro iNFRA"],"inLanguage":"pt-BR","copyrightYear":"2025","copyrightHolder":{"@id":"https:\/\/agenciainfra.com\/blog\/#organization"}},{"@type":"WebPage","@id":"https:\/\/agenciainfra.com\/blog\/bndes-garante-r-17-bi-do-kfw-para-energia-renovavel-e-mobilidade\/","url":"https:\/\/agenciainfra.com\/blog\/bndes-garante-r-17-bi-do-kfw-para-energia-renovavel-e-mobilidade\/","name":"BNDES garante R$ 1,7 bi do KfW para mobilidade e energia renov\u00e1vel - Ag\u00eancia iNFRA","isPartOf":{"@id":"https:\/\/agenciainfra.com\/blog\/#website"},"primaryImageOfPage":{"@id":"https:\/\/agenciainfra.com\/blog\/bndes-garante-r-17-bi-do-kfw-para-energia-renovavel-e-mobilidade\/#primaryimage"},"image":{"@id":"https:\/\/agenciainfra.com\/blog\/bndes-garante-r-17-bi-do-kfw-para-energia-renovavel-e-mobilidade\/#primaryimage"},"thumbnailUrl":"https:\/\/agenciainfra.com\/blog\/wp-content\/uploads\/2025\/11\/foto-divulgacao.jpg","datePublished":"2025-11-14T22:08:39+00:00","dateModified":"2025-11-14T22:34:10+00:00","breadcrumb":{"@id":"https:\/\/agenciainfra.com\/blog\/bndes-garante-r-17-bi-do-kfw-para-energia-renovavel-e-mobilidade\/#breadcrumb"},"inLanguage":"pt-BR","potentialAction":[{"@type":"ReadAction","target":["https:\/\/agenciainfra.com\/blog\/bndes-garante-r-17-bi-do-kfw-para-energia-renovavel-e-mobilidade\/"]}]},{"@type":"ImageObject","inLanguage":"pt-BR","@id":"https:\/\/agenciainfra.com\/blog\/bndes-garante-r-17-bi-do-kfw-para-energia-renovavel-e-mobilidade\/#primaryimage","url":"https:\/\/agenciainfra.com\/blog\/wp-content\/uploads\/2025\/11\/foto-divulgacao.jpg","contentUrl":"https:\/\/agenciainfra.com\/blog\/wp-content\/uploads\/2025\/11\/foto-divulgacao.jpg","width":1280,"height":960,"caption":"Foto: Divulga\u00e7\u00e3o"},{"@type":"BreadcrumbList","@id":"https:\/\/agenciainfra.com\/blog\/bndes-garante-r-17-bi-do-kfw-para-energia-renovavel-e-mobilidade\/#breadcrumb","itemListElement":[{"@type":"ListItem","position":1,"name":"In\u00edcio","item":"https:\/\/agenciainfra.com\/blog\/"},{"@type":"ListItem","position":2,"name":"BNDES garante R$ 1,7 bi do KfW para mobilidade e energia renov\u00e1vel"}]},{"@type":"WebSite","@id":"https:\/\/agenciainfra.com\/blog\/#website","url":"https:\/\/agenciainfra.com\/blog\/","name":"Ag\u00eancia iNFRA","description":"Multiplataforma de informa\u00e7\u00e3o jornal\u00edstica refer\u00eancia na \u00e1rea de infraestrutura no Brasil!","publisher":{"@id":"https:\/\/agenciainfra.com\/blog\/#organization"},"potentialAction":[{"@type":"SearchAction","target":{"@type":"EntryPoint","urlTemplate":"https:\/\/agenciainfra.com\/blog\/?s={search_term_string}"},"query-input":{"@type":"PropertyValueSpecification","valueRequired":true,"valueName":"search_term_string"}}],"inLanguage":"pt-BR"},{"@type":"Organization","@id":"https:\/\/agenciainfra.com\/blog\/#organization","name":"Ag\u00eancia iNFRA","url":"https:\/\/agenciainfra.com\/blog\/","logo":{"@type":"ImageObject","inLanguage":"pt-BR","@id":"https:\/\/agenciainfra.com\/blog\/#\/schema\/logo\/image\/","url":"https:\/\/agenciainfra.com\/blog\/wp-content\/uploads\/2023\/09\/iNFRA_5-e1761735885940.png","contentUrl":"https:\/\/agenciainfra.com\/blog\/wp-content\/uploads\/2023\/09\/iNFRA_5-e1761735885940.png","width":1672,"height":454,"caption":"Ag\u00eancia iNFRA"},"image":{"@id":"https:\/\/agenciainfra.com\/blog\/#\/schema\/logo\/image\/"},"sameAs":["https:\/\/www.facebook.com\/ageninfra","https:\/\/x.com\/agencia_infra","https:\/\/www.linkedin.com\/company\/ag\u00eanciainfra\/","https:\/\/www.instagram.com\/agenciainfra\/"]},{"@type":"Person","@id":"https:\/\/agenciainfra.com\/blog\/#\/schema\/person\/34af08dff6adea4cb22b06612ba7acfa","name":"Ag\u00eancia iNFRA","image":{"@type":"ImageObject","inLanguage":"pt-BR","@id":"https:\/\/agenciainfra.com\/blog\/#\/schema\/person\/image\/","url":"https:\/\/secure.gravatar.com\/avatar\/d189e01678f06d8eb84d4e01f08eb848b3fffe3f8443818d3c356c66892f5be8?s=96&d=mm&r=g","contentUrl":"https:\/\/secure.gravatar.com\/avatar\/d189e01678f06d8eb84d4e01f08eb848b3fffe3f8443818d3c356c66892f5be8?s=96&d=mm&r=g","caption":"Ag\u00eancia iNFRA"},"url":"https:\/\/agenciainfra.com\/blog\/author\/admin\/"}]}},"_links":{"self":[{"href":"https:\/\/agenciainfra.com\/blog\/wp-json\/wp\/v2\/posts\/32297","targetHints":{"allow":["GET"]}}],"collection":[{"href":"https:\/\/agenciainfra.com\/blog\/wp-json\/wp\/v2\/posts"}],"about":[{"href":"https:\/\/agenciainfra.com\/blog\/wp-json\/wp\/v2\/types\/post"}],"author":[{"embeddable":true,"href":"https:\/\/agenciainfra.com\/blog\/wp-json\/wp\/v2\/users\/1"}],"replies":[{"embeddable":true,"href":"https:\/\/agenciainfra.com\/blog\/wp-json\/wp\/v2\/comments?post=32297"}],"version-history":[{"count":2,"href":"https:\/\/agenciainfra.com\/blog\/wp-json\/wp\/v2\/posts\/32297\/revisions"}],"predecessor-version":[{"id":32303,"href":"https:\/\/agenciainfra.com\/blog\/wp-json\/wp\/v2\/posts\/32297\/revisions\/32303"}],"wp:featuredmedia":[{"embeddable":true,"href":"https:\/\/agenciainfra.com\/blog\/wp-json\/wp\/v2\/media\/32302"}],"wp:attachment":[{"href":"https:\/\/agenciainfra.com\/blog\/wp-json\/wp\/v2\/media?parent=32297"}],"wp:term":[{"taxonomy":"category","embeddable":true,"href":"https:\/\/agenciainfra.com\/blog\/wp-json\/wp\/v2\/categories?post=32297"},{"taxonomy":"post_tag","embeddable":true,"href":"https:\/\/agenciainfra.com\/blog\/wp-json\/wp\/v2\/tags?post=32297"}],"curies":[{"name":"wp","href":"https:\/\/api.w.org\/{rel}","templated":true}]}}