{"id":32322,"date":"2025-11-18T09:17:00","date_gmt":"2025-11-18T12:17:00","guid":{"rendered":"https:\/\/agenciainfra.com\/blog\/?p=32322"},"modified":"2025-11-18T18:53:04","modified_gmt":"2025-11-18T21:53:04","slug":"ana-alerta-sobre-menor-oferta-de-agua-no-brasil-e-prepara-norma-de-reuso","status":"publish","type":"post","link":"https:\/\/agenciainfra.com\/blog\/ana-alerta-sobre-menor-oferta-de-agua-no-brasil-e-prepara-norma-de-reuso\/","title":{"rendered":"ANA alerta sobre menor oferta de \u00e1gua no Brasil e prepara norma de re\u00faso"},"content":{"rendered":"\n<p class=\"has-text-align-right\"><strong>Amanda Pupo, da Ag\u00eancia iNFRA<\/strong> <\/p>\n\n\n\n<p>A ANA (Ag\u00eancia Nacional de \u00c1guas e Saneamento B\u00e1sico) deve aprovar nas pr\u00f3ximas semanas a abertura da consulta p\u00fablica da futura NR (Norma de Refer\u00eancia) sobre re\u00faso da \u00e1gua. O normativo vai orientar um padr\u00e3o\u00a0para a reutiliza\u00e7\u00e3o dos efluentes sanit\u00e1rios tratados, refer\u00eancia que n\u00e3o existe atualmente. O grande potencial de re\u00faso da \u00e1gua no pa\u00eds, praticamente inexplorado na compara\u00e7\u00e3o com outras na\u00e7\u00f5es, \u00e9 uma das apostas para o Brasil enfrentar um futuro cen\u00e1rio alarmante de disponibilidade h\u00eddrica estimado pela ag\u00eancia.\u00a0<br><br>Esse \u00edndice pode cair mais de 40% em regi\u00f5es hidrogr\u00e1ficas do Norte, Nordeste, Centro-Oeste e parte do Sudeste at\u00e9 2040. Se\u00a0de um lado\u00a0a oferta da \u00e1gua ser\u00e1 reduzida, do outro, a demanda s\u00f3 tende a aumentar, seja do setor produtivo ou do abastecimento humano.<br><br>Hoje, o Brasil tem oito milh\u00f5es de hectares de \u00e1rea irrigada. O atlas da ANA aponta um crescimento de mais quatro milh\u00f5es de hectares at\u00e9 2030. No saneamento, as proje\u00e7\u00f5es futuras indicam um crescimento de 10,5% das vaz\u00f5es para o abastecimento urbano, alcan\u00e7ando 508,2 metros c\u00fabicos por segundo em 2040.\u00a0<br><br>\u201cEu posso falar isso [de aumento da demanda] para a irriga\u00e7\u00e3o, mas eu posso falar isso para o setor el\u00e9trico. O que que vai acontecer com os data centers? O hidrog\u00eanio verde? Tudo isso vai demandar mais \u00e1gua\u201d, alerta o superintendente de Planos, Programas e Projetos da ANA, Nazareno Marques de Ara\u00fajo, em entrevista \u00e0\u00a0<strong>Ag\u00eancia iNFRA<\/strong>.\u00a0<br><br><strong>Folclore da \u00e1gua abundante<\/strong><br>Ara\u00fajo diz fazer a \u201cprega\u00e7\u00e3o do fim do mundo\u201d com objetivo did\u00e1tico e necess\u00e1rio para o pa\u00eds fugir do folclore de que tem e ter\u00e1 \u00e1gua em abund\u00e2ncia dispon\u00edvel. Al\u00e9m de estimular mais re\u00faso, medida que retira a press\u00e3o dos mananciais, a ANA trabalha em outras frentes: novas diretrizes para reduzir o \u00edndice de perda de \u00e1gua no saneamento, defesa da constru\u00e7\u00e3o de novos reservat\u00f3rios no Brasil, e incentivo da drenagem urbana, com norma de refer\u00eancia j\u00e1 publicada.\u00a0<br><br>O superintendente cita ainda um trabalho constante de di\u00e1logo com o setor produtivo e companhias de saneamento para que essas empresas adotem medidas de prote\u00e7\u00e3o da \u00e1gua e de garantia da disponibilidade, como a recupera\u00e7\u00e3o de mananciais e planos de redund\u00e2ncia.\u00a0<br><br>\u201cTemos feito muito o \u2018discurso do fim do mundo\u2019 com os prestadores de servi\u00e7o e com as entidades reguladoras infranacionais. \u00c9 simples: o neg\u00f3cio deles est\u00e1 em risco. \u00c1gua \u00e9 insumo. Uma mineradora sem \u00e1gua n\u00e3o tem min\u00e9rio\u201d, exemplifica Ara\u00fajo.\u00a0<br><br><strong>Produ\u00e7\u00e3o de \u00e1gua<\/strong><br>Dentro da ANA, ele tamb\u00e9m destaca o programa Produtor de \u00c1gua. Criado em 2001, a iniciativa apoia projetos que contenham a\u00e7\u00f5es de conserva\u00e7\u00e3o de recursos h\u00eddricos no meio rural com foco na seguran\u00e7a h\u00eddrica, visando a redu\u00e7\u00e3o da eros\u00e3o e do assoreamento de mananciais nessas localidades.\u00a0<br><br>De sua sala na ag\u00eancia, em Bras\u00edlia, o\u00a0superintendente mostra orgulhoso o efeito pr\u00e1tico do trabalho. Numa propriedade rural no Rio Grande do Sul que aderiu ao programa, as medidas adotadas evitaram que a enchente de 2024 destru\u00edsse o solo e a produ\u00e7\u00e3o agr\u00edcola. Num terreno ao lado, sem esses cuidados, a chuva varreu a terra e comprometeu todo o riacho do terreno.<br><br>\u201cPrecisamos mudar a estrat\u00e9gia de gest\u00e3o dos recursos h\u00eddricos e promo\u00e7\u00e3o do servi\u00e7o de saneamento b\u00e1sico no Brasil. Isso envolve a ANA, envolve as companhias prestadoras de servi\u00e7o, envolve os investidores, envolve o produtor rural. Porque todos v\u00e3o ter que agir conjuntamente\u201d, disse o superintendente, que entrou na ANA em 2006 por concurso p\u00fablico e desde ent\u00e3o j\u00e1 ocupou diversos cargos dentro da reguladora \u2013 inclusive como diretor interino \u2013, e assistiu a ag\u00eancia ganhar sua nova atribui\u00e7\u00e3o com a aprova\u00e7\u00e3o do marco legal do saneamento em 2020.\u00a0<br><br>\u201cNegar o impacto da mudan\u00e7a clim\u00e1tica sobre a \u00e1gua hoje seria irrespons\u00e1vel por aqueles que tratam da estrat\u00e9gia da gest\u00e3o h\u00eddrica e da gest\u00e3o do saneamento do Brasil\u201d, afirma.<\/p>\n\n\n\n<p><\/p>\n","protected":false},"excerpt":{"rendered":"<p>Amanda Pupo, da Ag\u00eancia iNFRA A ANA (Ag\u00eancia Nacional de \u00c1guas e Saneamento B\u00e1sico) deve aprovar nas pr\u00f3ximas semanas a abertura da consulta p\u00fablica da futura NR (Norma de Refer\u00eancia) sobre re\u00faso da \u00e1gua. O normativo vai orientar um padr\u00e3o\u00a0para a reutiliza\u00e7\u00e3o dos efluentes sanit\u00e1rios tratados, refer\u00eancia que n\u00e3o existe atualmente. O grande potencial de [&hellip;]<\/p>\n","protected":false},"author":1,"featured_media":32334,"comment_status":"closed","ping_status":"closed","sticky":false,"template":"","format":"standard","meta":{"_monsterinsights_skip_tracking":false,"_monsterinsights_sitenote_active":false,"_monsterinsights_sitenote_note":"","_monsterinsights_sitenote_category":0,"footnotes":""},"categories":[7250,7827],"tags":[3305,13354,77,3487,4401,8405,9432,16973,2859,16035],"class_list":["post-32322","post","type-post","status-publish","format-standard","has-post-thumbnail","hentry","category-destaque-lista","category-infrasaneamento","tag-agua-potavel","tag-amanda-pupo","tag-ana","tag-crise-hidrica","tag-mudancas-climaticas","tag-nazareno-araujo","tag-norma-de-referencia","tag-producao-de-agua","tag-recursos-hidricos","tag-reuso-de-agua"],"yoast_head":"<!-- This site is optimized with the Yoast SEO Premium plugin v25.4 (Yoast SEO v26.0) - https:\/\/yoast.com\/wordpress\/plugins\/seo\/ -->\n<title>ANA alerta sobre menor oferta de \u00e1gua no Brasil e prepara norma de re\u00faso - Ag\u00eancia iNFRA<\/title>\n<meta name=\"robots\" content=\"index, follow, max-snippet:-1, max-image-preview:large, max-video-preview:-1\" \/>\n<link rel=\"canonical\" href=\"https:\/\/agenciainfra.com\/blog\/ana-alerta-sobre-menor-oferta-de-agua-no-brasil-e-prepara-norma-de-reuso\/\" \/>\n<meta property=\"og:locale\" content=\"pt_BR\" \/>\n<meta property=\"og:type\" content=\"article\" \/>\n<meta property=\"og:title\" content=\"ANA alerta sobre menor oferta de \u00e1gua no Brasil e prepara norma de re\u00faso\" \/>\n<meta property=\"og:description\" content=\"Amanda Pupo, da Ag\u00eancia iNFRA A ANA (Ag\u00eancia Nacional de \u00c1guas e Saneamento B\u00e1sico) deve aprovar nas pr\u00f3ximas semanas a abertura da consulta p\u00fablica da futura NR (Norma de Refer\u00eancia) sobre re\u00faso da \u00e1gua. O normativo vai orientar um padr\u00e3o\u00a0para a reutiliza\u00e7\u00e3o dos efluentes sanit\u00e1rios tratados, refer\u00eancia que n\u00e3o existe atualmente. O grande potencial de [&hellip;]\" \/>\n<meta property=\"og:url\" content=\"https:\/\/agenciainfra.com\/blog\/ana-alerta-sobre-menor-oferta-de-agua-no-brasil-e-prepara-norma-de-reuso\/\" \/>\n<meta property=\"og:site_name\" content=\"Ag\u00eancia iNFRA\" \/>\n<meta property=\"article:publisher\" content=\"https:\/\/www.facebook.com\/ageninfra\" \/>\n<meta property=\"article:published_time\" content=\"2025-11-18T12:17:00+00:00\" \/>\n<meta property=\"article:modified_time\" content=\"2025-11-18T21:53:04+00:00\" \/>\n<meta property=\"og:image\" content=\"https:\/\/agenciainfra.com\/blog\/wp-content\/uploads\/2025\/11\/nazareno-superintendente-ana-e1763383150750.jpg\" \/>\n\t<meta property=\"og:image:width\" content=\"1280\" \/>\n\t<meta property=\"og:image:height\" content=\"747\" \/>\n\t<meta property=\"og:image:type\" content=\"image\/jpeg\" \/>\n<meta name=\"author\" content=\"Ag\u00eancia iNFRA\" \/>\n<meta name=\"twitter:card\" content=\"summary_large_image\" \/>\n<meta name=\"twitter:creator\" content=\"@agencia_infra\" \/>\n<meta name=\"twitter:site\" content=\"@agencia_infra\" \/>\n<meta name=\"twitter:label1\" content=\"Escrito por\" \/>\n\t<meta name=\"twitter:data1\" content=\"Ag\u00eancia iNFRA\" \/>\n\t<meta name=\"twitter:label2\" content=\"Est. tempo de leitura\" \/>\n\t<meta name=\"twitter:data2\" content=\"4 minutos\" \/>\n<script type=\"application\/ld+json\" class=\"yoast-schema-graph\">{\"@context\":\"https:\/\/schema.org\",\"@graph\":[{\"@type\":\"Article\",\"@id\":\"https:\/\/agenciainfra.com\/blog\/ana-alerta-sobre-menor-oferta-de-agua-no-brasil-e-prepara-norma-de-reuso\/#article\",\"isPartOf\":{\"@id\":\"https:\/\/agenciainfra.com\/blog\/ana-alerta-sobre-menor-oferta-de-agua-no-brasil-e-prepara-norma-de-reuso\/\"},\"author\":{\"name\":\"Ag\u00eancia iNFRA\",\"@id\":\"https:\/\/agenciainfra.com\/blog\/#\/schema\/person\/34af08dff6adea4cb22b06612ba7acfa\"},\"headline\":\"ANA alerta sobre menor oferta de \u00e1gua no Brasil e prepara norma de re\u00faso\",\"datePublished\":\"2025-11-18T12:17:00+00:00\",\"dateModified\":\"2025-11-18T21:53:04+00:00\",\"mainEntityOfPage\":{\"@id\":\"https:\/\/agenciainfra.com\/blog\/ana-alerta-sobre-menor-oferta-de-agua-no-brasil-e-prepara-norma-de-reuso\/\"},\"wordCount\":719,\"publisher\":{\"@id\":\"https:\/\/agenciainfra.com\/blog\/#organization\"},\"image\":{\"@id\":\"https:\/\/agenciainfra.com\/blog\/ana-alerta-sobre-menor-oferta-de-agua-no-brasil-e-prepara-norma-de-reuso\/#primaryimage\"},\"thumbnailUrl\":\"https:\/\/agenciainfra.com\/blog\/wp-content\/uploads\/2025\/11\/nazareno-superintendente-ana-e1763383150750.jpg\",\"keywords\":[\"\u00e1gua pot\u00e1vel\",\"Amanda Pupo\",\"ANA\",\"crise h\u00eddrica\",\"mudan\u00e7as clim\u00e1ticas\",\"Nazareno Ara\u00fajo\",\"Norma de Refer\u00eancia\",\"produ\u00e7\u00e3o de \u00e1gua\",\"recursos h\u00eddricos\",\"re\u00faso de \u00e1gua\"],\"articleSection\":[\"Destaque lista\",\"iNFRASaneamento\"],\"inLanguage\":\"pt-BR\",\"copyrightYear\":\"2025\",\"copyrightHolder\":{\"@id\":\"https:\/\/agenciainfra.com\/blog\/#organization\"}},{\"@type\":\"WebPage\",\"@id\":\"https:\/\/agenciainfra.com\/blog\/ana-alerta-sobre-menor-oferta-de-agua-no-brasil-e-prepara-norma-de-reuso\/\",\"url\":\"https:\/\/agenciainfra.com\/blog\/ana-alerta-sobre-menor-oferta-de-agua-no-brasil-e-prepara-norma-de-reuso\/\",\"name\":\"ANA alerta sobre menor oferta de \u00e1gua no Brasil e prepara norma de re\u00faso - Ag\u00eancia iNFRA\",\"isPartOf\":{\"@id\":\"https:\/\/agenciainfra.com\/blog\/#website\"},\"primaryImageOfPage\":{\"@id\":\"https:\/\/agenciainfra.com\/blog\/ana-alerta-sobre-menor-oferta-de-agua-no-brasil-e-prepara-norma-de-reuso\/#primaryimage\"},\"image\":{\"@id\":\"https:\/\/agenciainfra.com\/blog\/ana-alerta-sobre-menor-oferta-de-agua-no-brasil-e-prepara-norma-de-reuso\/#primaryimage\"},\"thumbnailUrl\":\"https:\/\/agenciainfra.com\/blog\/wp-content\/uploads\/2025\/11\/nazareno-superintendente-ana-e1763383150750.jpg\",\"datePublished\":\"2025-11-18T12:17:00+00:00\",\"dateModified\":\"2025-11-18T21:53:04+00:00\",\"breadcrumb\":{\"@id\":\"https:\/\/agenciainfra.com\/blog\/ana-alerta-sobre-menor-oferta-de-agua-no-brasil-e-prepara-norma-de-reuso\/#breadcrumb\"},\"inLanguage\":\"pt-BR\",\"potentialAction\":[{\"@type\":\"ReadAction\",\"target\":[\"https:\/\/agenciainfra.com\/blog\/ana-alerta-sobre-menor-oferta-de-agua-no-brasil-e-prepara-norma-de-reuso\/\"]}]},{\"@type\":\"ImageObject\",\"inLanguage\":\"pt-BR\",\"@id\":\"https:\/\/agenciainfra.com\/blog\/ana-alerta-sobre-menor-oferta-de-agua-no-brasil-e-prepara-norma-de-reuso\/#primaryimage\",\"url\":\"https:\/\/agenciainfra.com\/blog\/wp-content\/uploads\/2025\/11\/nazareno-superintendente-ana-e1763383150750.jpg\",\"contentUrl\":\"https:\/\/agenciainfra.com\/blog\/wp-content\/uploads\/2025\/11\/nazareno-superintendente-ana-e1763383150750.jpg\",\"width\":1280,\"height\":747,\"caption\":\"Foto: ASCOM\/ANA\"},{\"@type\":\"BreadcrumbList\",\"@id\":\"https:\/\/agenciainfra.com\/blog\/ana-alerta-sobre-menor-oferta-de-agua-no-brasil-e-prepara-norma-de-reuso\/#breadcrumb\",\"itemListElement\":[{\"@type\":\"ListItem\",\"position\":1,\"name\":\"In\u00edcio\",\"item\":\"https:\/\/agenciainfra.com\/blog\/\"},{\"@type\":\"ListItem\",\"position\":2,\"name\":\"ANA alerta sobre menor oferta de \u00e1gua no Brasil e prepara norma de re\u00faso\"}]},{\"@type\":\"WebSite\",\"@id\":\"https:\/\/agenciainfra.com\/blog\/#website\",\"url\":\"https:\/\/agenciainfra.com\/blog\/\",\"name\":\"Ag\u00eancia iNFRA\",\"description\":\"Multiplataforma de informa\u00e7\u00e3o jornal\u00edstica refer\u00eancia na \u00e1rea de infraestrutura no Brasil!\",\"publisher\":{\"@id\":\"https:\/\/agenciainfra.com\/blog\/#organization\"},\"potentialAction\":[{\"@type\":\"SearchAction\",\"target\":{\"@type\":\"EntryPoint\",\"urlTemplate\":\"https:\/\/agenciainfra.com\/blog\/?s={search_term_string}\"},\"query-input\":{\"@type\":\"PropertyValueSpecification\",\"valueRequired\":true,\"valueName\":\"search_term_string\"}}],\"inLanguage\":\"pt-BR\"},{\"@type\":\"Organization\",\"@id\":\"https:\/\/agenciainfra.com\/blog\/#organization\",\"name\":\"Ag\u00eancia iNFRA\",\"url\":\"https:\/\/agenciainfra.com\/blog\/\",\"logo\":{\"@type\":\"ImageObject\",\"inLanguage\":\"pt-BR\",\"@id\":\"https:\/\/agenciainfra.com\/blog\/#\/schema\/logo\/image\/\",\"url\":\"https:\/\/agenciainfra.com\/blog\/wp-content\/uploads\/2023\/09\/iNFRA_5-e1761735885940.png\",\"contentUrl\":\"https:\/\/agenciainfra.com\/blog\/wp-content\/uploads\/2023\/09\/iNFRA_5-e1761735885940.png\",\"width\":1672,\"height\":454,\"caption\":\"Ag\u00eancia iNFRA\"},\"image\":{\"@id\":\"https:\/\/agenciainfra.com\/blog\/#\/schema\/logo\/image\/\"},\"sameAs\":[\"https:\/\/www.facebook.com\/ageninfra\",\"https:\/\/x.com\/agencia_infra\",\"https:\/\/www.linkedin.com\/company\/ag\u00eanciainfra\/\",\"https:\/\/www.instagram.com\/agenciainfra\/\"]},{\"@type\":\"Person\",\"@id\":\"https:\/\/agenciainfra.com\/blog\/#\/schema\/person\/34af08dff6adea4cb22b06612ba7acfa\",\"name\":\"Ag\u00eancia iNFRA\",\"image\":{\"@type\":\"ImageObject\",\"inLanguage\":\"pt-BR\",\"@id\":\"https:\/\/agenciainfra.com\/blog\/#\/schema\/person\/image\/\",\"url\":\"https:\/\/secure.gravatar.com\/avatar\/d189e01678f06d8eb84d4e01f08eb848b3fffe3f8443818d3c356c66892f5be8?s=96&d=mm&r=g\",\"contentUrl\":\"https:\/\/secure.gravatar.com\/avatar\/d189e01678f06d8eb84d4e01f08eb848b3fffe3f8443818d3c356c66892f5be8?s=96&d=mm&r=g\",\"caption\":\"Ag\u00eancia iNFRA\"},\"url\":\"https:\/\/agenciainfra.com\/blog\/author\/admin\/\"}]}<\/script>\n<!-- \/ Yoast SEO Premium plugin. -->","yoast_head_json":{"title":"ANA alerta sobre menor oferta de \u00e1gua no Brasil e prepara norma de re\u00faso - Ag\u00eancia iNFRA","robots":{"index":"index","follow":"follow","max-snippet":"max-snippet:-1","max-image-preview":"max-image-preview:large","max-video-preview":"max-video-preview:-1"},"canonical":"https:\/\/agenciainfra.com\/blog\/ana-alerta-sobre-menor-oferta-de-agua-no-brasil-e-prepara-norma-de-reuso\/","og_locale":"pt_BR","og_type":"article","og_title":"ANA alerta sobre menor oferta de \u00e1gua no Brasil e prepara norma de re\u00faso","og_description":"Amanda Pupo, da Ag\u00eancia iNFRA A ANA (Ag\u00eancia Nacional de \u00c1guas e Saneamento B\u00e1sico) deve aprovar nas pr\u00f3ximas semanas a abertura da consulta p\u00fablica da futura NR (Norma de Refer\u00eancia) sobre re\u00faso da \u00e1gua. O normativo vai orientar um padr\u00e3o\u00a0para a reutiliza\u00e7\u00e3o dos efluentes sanit\u00e1rios tratados, refer\u00eancia que n\u00e3o existe atualmente. O grande potencial de [&hellip;]","og_url":"https:\/\/agenciainfra.com\/blog\/ana-alerta-sobre-menor-oferta-de-agua-no-brasil-e-prepara-norma-de-reuso\/","og_site_name":"Ag\u00eancia iNFRA","article_publisher":"https:\/\/www.facebook.com\/ageninfra","article_published_time":"2025-11-18T12:17:00+00:00","article_modified_time":"2025-11-18T21:53:04+00:00","og_image":[{"width":1280,"height":747,"url":"https:\/\/agenciainfra.com\/blog\/wp-content\/uploads\/2025\/11\/nazareno-superintendente-ana-e1763383150750.jpg","type":"image\/jpeg"}],"author":"Ag\u00eancia iNFRA","twitter_card":"summary_large_image","twitter_creator":"@agencia_infra","twitter_site":"@agencia_infra","twitter_misc":{"Escrito por":"Ag\u00eancia iNFRA","Est. tempo de leitura":"4 minutos"},"schema":{"@context":"https:\/\/schema.org","@graph":[{"@type":"Article","@id":"https:\/\/agenciainfra.com\/blog\/ana-alerta-sobre-menor-oferta-de-agua-no-brasil-e-prepara-norma-de-reuso\/#article","isPartOf":{"@id":"https:\/\/agenciainfra.com\/blog\/ana-alerta-sobre-menor-oferta-de-agua-no-brasil-e-prepara-norma-de-reuso\/"},"author":{"name":"Ag\u00eancia iNFRA","@id":"https:\/\/agenciainfra.com\/blog\/#\/schema\/person\/34af08dff6adea4cb22b06612ba7acfa"},"headline":"ANA alerta sobre menor oferta de \u00e1gua no Brasil e prepara norma de re\u00faso","datePublished":"2025-11-18T12:17:00+00:00","dateModified":"2025-11-18T21:53:04+00:00","mainEntityOfPage":{"@id":"https:\/\/agenciainfra.com\/blog\/ana-alerta-sobre-menor-oferta-de-agua-no-brasil-e-prepara-norma-de-reuso\/"},"wordCount":719,"publisher":{"@id":"https:\/\/agenciainfra.com\/blog\/#organization"},"image":{"@id":"https:\/\/agenciainfra.com\/blog\/ana-alerta-sobre-menor-oferta-de-agua-no-brasil-e-prepara-norma-de-reuso\/#primaryimage"},"thumbnailUrl":"https:\/\/agenciainfra.com\/blog\/wp-content\/uploads\/2025\/11\/nazareno-superintendente-ana-e1763383150750.jpg","keywords":["\u00e1gua pot\u00e1vel","Amanda Pupo","ANA","crise h\u00eddrica","mudan\u00e7as clim\u00e1ticas","Nazareno Ara\u00fajo","Norma de Refer\u00eancia","produ\u00e7\u00e3o de \u00e1gua","recursos h\u00eddricos","re\u00faso de \u00e1gua"],"articleSection":["Destaque lista","iNFRASaneamento"],"inLanguage":"pt-BR","copyrightYear":"2025","copyrightHolder":{"@id":"https:\/\/agenciainfra.com\/blog\/#organization"}},{"@type":"WebPage","@id":"https:\/\/agenciainfra.com\/blog\/ana-alerta-sobre-menor-oferta-de-agua-no-brasil-e-prepara-norma-de-reuso\/","url":"https:\/\/agenciainfra.com\/blog\/ana-alerta-sobre-menor-oferta-de-agua-no-brasil-e-prepara-norma-de-reuso\/","name":"ANA alerta sobre menor oferta de \u00e1gua no Brasil e prepara norma de re\u00faso - Ag\u00eancia iNFRA","isPartOf":{"@id":"https:\/\/agenciainfra.com\/blog\/#website"},"primaryImageOfPage":{"@id":"https:\/\/agenciainfra.com\/blog\/ana-alerta-sobre-menor-oferta-de-agua-no-brasil-e-prepara-norma-de-reuso\/#primaryimage"},"image":{"@id":"https:\/\/agenciainfra.com\/blog\/ana-alerta-sobre-menor-oferta-de-agua-no-brasil-e-prepara-norma-de-reuso\/#primaryimage"},"thumbnailUrl":"https:\/\/agenciainfra.com\/blog\/wp-content\/uploads\/2025\/11\/nazareno-superintendente-ana-e1763383150750.jpg","datePublished":"2025-11-18T12:17:00+00:00","dateModified":"2025-11-18T21:53:04+00:00","breadcrumb":{"@id":"https:\/\/agenciainfra.com\/blog\/ana-alerta-sobre-menor-oferta-de-agua-no-brasil-e-prepara-norma-de-reuso\/#breadcrumb"},"inLanguage":"pt-BR","potentialAction":[{"@type":"ReadAction","target":["https:\/\/agenciainfra.com\/blog\/ana-alerta-sobre-menor-oferta-de-agua-no-brasil-e-prepara-norma-de-reuso\/"]}]},{"@type":"ImageObject","inLanguage":"pt-BR","@id":"https:\/\/agenciainfra.com\/blog\/ana-alerta-sobre-menor-oferta-de-agua-no-brasil-e-prepara-norma-de-reuso\/#primaryimage","url":"https:\/\/agenciainfra.com\/blog\/wp-content\/uploads\/2025\/11\/nazareno-superintendente-ana-e1763383150750.jpg","contentUrl":"https:\/\/agenciainfra.com\/blog\/wp-content\/uploads\/2025\/11\/nazareno-superintendente-ana-e1763383150750.jpg","width":1280,"height":747,"caption":"Foto: ASCOM\/ANA"},{"@type":"BreadcrumbList","@id":"https:\/\/agenciainfra.com\/blog\/ana-alerta-sobre-menor-oferta-de-agua-no-brasil-e-prepara-norma-de-reuso\/#breadcrumb","itemListElement":[{"@type":"ListItem","position":1,"name":"In\u00edcio","item":"https:\/\/agenciainfra.com\/blog\/"},{"@type":"ListItem","position":2,"name":"ANA alerta sobre menor oferta de \u00e1gua no Brasil e prepara norma de re\u00faso"}]},{"@type":"WebSite","@id":"https:\/\/agenciainfra.com\/blog\/#website","url":"https:\/\/agenciainfra.com\/blog\/","name":"Ag\u00eancia iNFRA","description":"Multiplataforma de informa\u00e7\u00e3o jornal\u00edstica refer\u00eancia na \u00e1rea de infraestrutura no Brasil!","publisher":{"@id":"https:\/\/agenciainfra.com\/blog\/#organization"},"potentialAction":[{"@type":"SearchAction","target":{"@type":"EntryPoint","urlTemplate":"https:\/\/agenciainfra.com\/blog\/?s={search_term_string}"},"query-input":{"@type":"PropertyValueSpecification","valueRequired":true,"valueName":"search_term_string"}}],"inLanguage":"pt-BR"},{"@type":"Organization","@id":"https:\/\/agenciainfra.com\/blog\/#organization","name":"Ag\u00eancia iNFRA","url":"https:\/\/agenciainfra.com\/blog\/","logo":{"@type":"ImageObject","inLanguage":"pt-BR","@id":"https:\/\/agenciainfra.com\/blog\/#\/schema\/logo\/image\/","url":"https:\/\/agenciainfra.com\/blog\/wp-content\/uploads\/2023\/09\/iNFRA_5-e1761735885940.png","contentUrl":"https:\/\/agenciainfra.com\/blog\/wp-content\/uploads\/2023\/09\/iNFRA_5-e1761735885940.png","width":1672,"height":454,"caption":"Ag\u00eancia iNFRA"},"image":{"@id":"https:\/\/agenciainfra.com\/blog\/#\/schema\/logo\/image\/"},"sameAs":["https:\/\/www.facebook.com\/ageninfra","https:\/\/x.com\/agencia_infra","https:\/\/www.linkedin.com\/company\/ag\u00eanciainfra\/","https:\/\/www.instagram.com\/agenciainfra\/"]},{"@type":"Person","@id":"https:\/\/agenciainfra.com\/blog\/#\/schema\/person\/34af08dff6adea4cb22b06612ba7acfa","name":"Ag\u00eancia iNFRA","image":{"@type":"ImageObject","inLanguage":"pt-BR","@id":"https:\/\/agenciainfra.com\/blog\/#\/schema\/person\/image\/","url":"https:\/\/secure.gravatar.com\/avatar\/d189e01678f06d8eb84d4e01f08eb848b3fffe3f8443818d3c356c66892f5be8?s=96&d=mm&r=g","contentUrl":"https:\/\/secure.gravatar.com\/avatar\/d189e01678f06d8eb84d4e01f08eb848b3fffe3f8443818d3c356c66892f5be8?s=96&d=mm&r=g","caption":"Ag\u00eancia iNFRA"},"url":"https:\/\/agenciainfra.com\/blog\/author\/admin\/"}]}},"_links":{"self":[{"href":"https:\/\/agenciainfra.com\/blog\/wp-json\/wp\/v2\/posts\/32322","targetHints":{"allow":["GET"]}}],"collection":[{"href":"https:\/\/agenciainfra.com\/blog\/wp-json\/wp\/v2\/posts"}],"about":[{"href":"https:\/\/agenciainfra.com\/blog\/wp-json\/wp\/v2\/types\/post"}],"author":[{"embeddable":true,"href":"https:\/\/agenciainfra.com\/blog\/wp-json\/wp\/v2\/users\/1"}],"replies":[{"embeddable":true,"href":"https:\/\/agenciainfra.com\/blog\/wp-json\/wp\/v2\/comments?post=32322"}],"version-history":[{"count":1,"href":"https:\/\/agenciainfra.com\/blog\/wp-json\/wp\/v2\/posts\/32322\/revisions"}],"predecessor-version":[{"id":32326,"href":"https:\/\/agenciainfra.com\/blog\/wp-json\/wp\/v2\/posts\/32322\/revisions\/32326"}],"wp:featuredmedia":[{"embeddable":true,"href":"https:\/\/agenciainfra.com\/blog\/wp-json\/wp\/v2\/media\/32334"}],"wp:attachment":[{"href":"https:\/\/agenciainfra.com\/blog\/wp-json\/wp\/v2\/media?parent=32322"}],"wp:term":[{"taxonomy":"category","embeddable":true,"href":"https:\/\/agenciainfra.com\/blog\/wp-json\/wp\/v2\/categories?post=32322"},{"taxonomy":"post_tag","embeddable":true,"href":"https:\/\/agenciainfra.com\/blog\/wp-json\/wp\/v2\/tags?post=32322"}],"curies":[{"name":"wp","href":"https:\/\/api.w.org\/{rel}","templated":true}]}}