{"id":32324,"date":"2025-11-19T08:00:00","date_gmt":"2025-11-19T11:00:00","guid":{"rendered":"https:\/\/agenciainfra.com\/blog\/?p=32324"},"modified":"2025-11-19T20:47:33","modified_gmt":"2025-11-19T23:47:33","slug":"ceo-da-aegea-diz-que-mudancas-do-clima-ja-impactam-processos-de-reuso","status":"publish","type":"post","link":"https:\/\/agenciainfra.com\/blog\/ceo-da-aegea-diz-que-mudancas-do-clima-ja-impactam-processos-de-reuso\/","title":{"rendered":"CEO da Aegea diz que mudan\u00e7as do clima j\u00e1 impactam processos de re\u00faso"},"content":{"rendered":"\n<p class=\"has-text-align-right\"><strong>Amanda Pupo, da Ag\u00eancia iNFRA<\/strong><\/p>\n\n\n\n<p>A Aegea estima que poder\u00e1 come\u00e7ar no segundo semestre do pr\u00f3ximo ano os investimentos que v\u00e3o viabilizar o principal projeto de re\u00faso da companhia de saneamento, hoje o principal operador privado do pa\u00eds. Fechado com a Petrobras h\u00e1 cerca de dois anos, o contrato prev\u00ea abastecer com \u00e1gua de re\u00faso o Complexo de Energias Boaventura (ex-Gaslub), alternativa que busca contornar a escassez h\u00eddrica da regi\u00e3o leste da ba\u00eda da Guanabara, usando o efluente tratado de ETEs (Esta\u00e7\u00f5es de Tratamento de Esgoto) de S\u00e3o Gon\u00e7alo (RJ).<br><br>Em entrevista \u00e0&nbsp;<strong>Ag\u00eancia iNFRA&nbsp;<\/strong>sobre como a operadora est\u00e1 se estruturando para conviver com o aumento da demanda por \u00e1gua e os impactos da mudan\u00e7a do clima sobre os recursos h\u00eddricos, o CEO da Aegea, Radam\u00e9s Casseb, contou que o projeto executivo do empreendimento est\u00e1 em fase final de elabora\u00e7\u00e3o.&nbsp;<br><br>No momento, a companhia discute com a Petrobras a solu\u00e7\u00e3o do projeto executivo que vai determinar a qualidade da \u00e1gua. \u201cEles determinam a qualidade da \u00e1gua e de l\u00e1 a gente desenha o processo industrial\u201d, contou. Como o projeto \u00e9 privado, esse n\u00edvel ser\u00e1 determinado pelas necessidades espec\u00edficas do empreendimento.<br><br>\u00c9 o projeto mais relevante para re\u00faso da \u00e1gua tocado pela Aegea, empresa que atende 890 cidades do Brasil. Outro destaque&nbsp;\u00e9 um projeto de fornecimento de \u00e1gua de re\u00faso para a planta da Braskem em Duque de Caxias (RJ).&nbsp;<br><br>Quando o neg\u00f3cio com o Complexo de Energias Boaventura estiver de p\u00e9, a expectativa \u00e9 de que ele aumente a oferta de \u00e1gua pot\u00e1vel para o consumo humano em comunidades em Itabora\u00ed, Maric\u00e1 e S\u00e3o Gon\u00e7alo. De acordo com a Aegea, a substitui\u00e7\u00e3o da \u00e1gua pot\u00e1vel por \u00e1gua de re\u00faso permitir\u00e1 que o equivalente ao consumo de 600 mil pessoas em \u00e1gua potabiliz\u00e1vel permane\u00e7a dispon\u00edvel para o abastecimento da popula\u00e7\u00e3o. \u201cVai salvar um volume de \u00e1gua que vai poder atender a um munic\u00edpio como Duque de Caxias inteiro\u201d, explicou Casseb.&nbsp;<br><br>Sobre as diretrizes de re\u00faso que vir\u00e3o da ANA (Ag\u00eancia Nacional de \u00c1guas e Saneamento) (veja reportagem acima), o executivo classifica que ser\u00e1 a \u201cfunda\u00e7\u00e3o dessa nova jornada sobre re\u00faso amplo da \u00e1gua\u201d.&nbsp;O CEO da Aegea aponta dois motivos que tem propiciado o aumento da demanda por solu\u00e7\u00f5es dessa natureza. O primeiro \u00e9 um fator econ\u00f4mico, uma vez que j\u00e1 est\u00e1 faltando \u00e1gua em determinadas regi\u00f5es do pa\u00eds e algum investimento precisa ser feito para suprir a escassez: \u201c\u00c9 s\u00f3 o come\u00e7o. O acirramento vai subir\u201d. &nbsp;<br><br>O outro fator \u00e9 o da sustentabilidade. O capital global est\u00e1 procurando onde alocar recursos que deixem algum tipo de legado.&nbsp;Casseb falou com a reportagem de Bel\u00e9m (PA), onde participa dos debates da COP30 (Confer\u00eancia das Na\u00e7\u00f5es Unidas sobre as Mudan\u00e7as Clim\u00e1ticas de 2025). Segundo ele, o setor percebe l\u00e1 uma discuss\u00e3o de fundos e gestoras do mundo todo procurando investimentos que resolvam suas taxas de retorno e aliem esse aspecto ao da sustentabilidade.&nbsp;<br><br><strong>Impactos diretos do clima&nbsp;<\/strong><br>De dez anos para c\u00e1, tem ficado mais \u201cintenso e material\u201d que etapas do processo da companhia de saneamento est\u00e3o&nbsp;sendo afetadas pela mudan\u00e7a clim\u00e1tica. Ele cita o exemplo do Rio Negro. \u201cA adu\u00e7\u00e3o que faz o primeiro giro, a cota do Rio Negro come\u00e7ou a descer 25 metros na \u00faltima estiagem. O lugar onde capta a \u00e1gua teve de ser mudado. Um novo investimento em infraestrutura teve que ser feito. Isso na Regi\u00e3o Norte, onde tem seis meses do ano com alta pluviometria\u201d, exemplifica Casseb.&nbsp;<br><br>No Centro-Oeste, h\u00e1 cidades atendidas em que antes a estiagem era de 15 dias entre agosto e setembro. Hoje esse per\u00edodo j\u00e1 dura 45 dias. \u201cTem rios que secam nesse per\u00edodo. Ent\u00e3o a concession\u00e1ria est\u00e1 indo buscar \u00e1gua de outros lugares\u201d. No outro extremo, no Rio Grande do Sul, o excesso de chuva causou danos \u00e0 infraestrutura.&nbsp;<br><br>A companhia tamb\u00e9m tem investido em novas fontes de \u00e1gua, furando po\u00e7os para acessar aqu\u00edferos e ter uma segunda fonte&nbsp;dispon\u00edvel, uma esp\u00e9cie de \u201cbackup\u201d. A alternativa tem sido usada em estados como&nbsp;Piau\u00ed e&nbsp;Santa Catarina, al\u00e9m do Centro-Oeste.<br><br><strong>Perdas<\/strong><br>Na esfera do consumo da \u00e1gua, dois fatores s\u00e3o destacados pelo CEO da Aegea. Onde n\u00e3o h\u00e1 medi\u00e7\u00e3o do gasto, o uso do bem \u00e9 maior do que deveria ser. O outro ponto s\u00e3o os n\u00edveis de perdas no processo. Quando a companhia come\u00e7ou a atuar em Manaus (AM), o \u00edndice era de 75%, hoje est\u00e1 em 40%. \u201cAinda tem muita jornada de investimento para que chegue a um padr\u00e3o que estimamos estar em 19% \u2013 j\u00e1 temos opera\u00e7\u00f5es em alguns lugares com esse n\u00edvel\u201d, disse Casseb.&nbsp;<br><br>O executivo diz que a Aegea est\u00e1 \u201cbem confort\u00e1vel\u201d com o processo para redu\u00e7\u00e3o de perdas em suas opera\u00e7\u00f5es. \u201cAo chegar em novos contratos, j\u00e1 sabemos exatamente que tipo de investimento \u00e9 adequado para ter o retorno da redu\u00e7\u00e3o da maneira econ\u00f4mica mais eficiente\u201d, afirmou Casseb, segundo quem a Aegea tem como ponto alvo patamares em torno de 17% e 18% de perdas.&nbsp;<br><br><strong>Resultados na COP<\/strong><br>Com a COP30 sendo realizada no Brasil neste ano, o CEO da Aegea avaliou que o momento \u00e9 bom para os debates que a companhia tem acompanhado. Ele separa as agendas de envolvimento na confer\u00eancia em tr\u00eas. Uma delas \u00e9 de \u201cescuta ativa\u201d dos grupos de discuss\u00e3o ambiental, resili\u00eancia h\u00eddrica e transi\u00e7\u00e3o. \u201cA \u00e1gua est\u00e1 no centro disso\u201d.&nbsp;<br><br>Outra frente \u00e9 do di\u00e1logo que est\u00e1 ocorrendo entre os poderes concedentes, as ag\u00eancias reguladoras e os operadores. Segundo ele, esses \u00f3rg\u00e3os est\u00e3o sensibilizados de que os contratos de concess\u00e3o precisam ser atualizados do ponto de vista de equil\u00edbrio econ\u00f4mico-financeiro para comportar novos investimentos voltados \u00e0 resili\u00eancia ambiental.&nbsp;<br><br>\u201cH\u00e1 necessidade de dimensionar qual \u00e9 o novo guideline ambiental nos contratos, que n\u00e3o estavam previstos. Mais reserva\u00e7\u00e3o, inclus\u00e3o com um ajuste de tarifas, principalmente para os vulner\u00e1veis afetados pela mudan\u00e7a clim\u00e1tica. No Rio Grande do Sul, tem&nbsp;mudan\u00e7a de patamares de elementos el\u00e9tricos e mec\u00e2nicos de controle porque a cota de inunda\u00e7\u00e3o est\u00e1 subindo\u201d, exemplificou&nbsp;Casseb.&nbsp;<br><br>A terceira frente \u00e9 de \u201ccomemora\u00e7\u00e3o\u201d para a companhia,&nbsp;afirmou o executivo, lembrando que a Aegea e o governo do Par\u00e1 assinaram em julho o contrato de concess\u00e3o dos servi\u00e7os de \u00e1gua e esgoto para 99 munic\u00edpios do estado, incluindo a capital, Bel\u00e9m.&nbsp;O CEO da companhia destacou a universaliza\u00e7\u00e3o dos servi\u00e7os na cidade de Barcarena, Regi\u00e3o Metropolitana de Bel\u00e9m, primeira cidade do estado a atender \u00e0s metas do marco do saneamento. \u201cEstamos&nbsp;chamando isso de manifesto. \u00c9 poss\u00edvel universalizar as cidades mais vulner\u00e1veis\u201d, concluiu.<\/p>\n","protected":false},"excerpt":{"rendered":"<p>Amanda Pupo, da Ag\u00eancia iNFRA A Aegea estima que poder\u00e1 come\u00e7ar no segundo semestre do pr\u00f3ximo ano os investimentos que v\u00e3o viabilizar o principal projeto de re\u00faso da companhia de saneamento, hoje o principal operador privado do pa\u00eds. Fechado com a Petrobras h\u00e1 cerca de dois anos, o contrato prev\u00ea abastecer com \u00e1gua de re\u00faso [&hellip;]<\/p>\n","protected":false},"author":1,"featured_media":32337,"comment_status":"closed","ping_status":"closed","sticky":false,"template":"","format":"standard","meta":{"_monsterinsights_skip_tracking":false,"_monsterinsights_sitenote_active":false,"_monsterinsights_sitenote_note":"","_monsterinsights_sitenote_category":0,"footnotes":""},"categories":[7250,7827],"tags":[2211,3305,13354,77,3487,4401,8405,9432,16973,16975,2859,16035],"class_list":["post-32324","post","type-post","status-publish","format-standard","has-post-thumbnail","hentry","category-destaque-lista","category-infrasaneamento","tag-aegea","tag-agua-potavel","tag-amanda-pupo","tag-ana","tag-crise-hidrica","tag-mudancas-climaticas","tag-nazareno-araujo","tag-norma-de-referencia","tag-producao-de-agua","tag-radames-casseb-aegea","tag-recursos-hidricos","tag-reuso-de-agua"],"yoast_head":"<!-- This site is optimized with the Yoast SEO Premium plugin v25.4 (Yoast SEO v26.0) - https:\/\/yoast.com\/wordpress\/plugins\/seo\/ -->\n<title>CEO da Aegea diz que mudan\u00e7as do clima j\u00e1 impactam processos de re\u00faso - Ag\u00eancia iNFRA<\/title>\n<meta name=\"robots\" content=\"index, follow, max-snippet:-1, max-image-preview:large, max-video-preview:-1\" \/>\n<link rel=\"canonical\" href=\"https:\/\/agenciainfra.com\/blog\/ceo-da-aegea-diz-que-mudancas-do-clima-ja-impactam-processos-de-reuso\/\" \/>\n<meta property=\"og:locale\" content=\"pt_BR\" \/>\n<meta property=\"og:type\" content=\"article\" \/>\n<meta property=\"og:title\" content=\"CEO da Aegea diz que mudan\u00e7as do clima j\u00e1 impactam processos de re\u00faso\" \/>\n<meta property=\"og:description\" content=\"Amanda Pupo, da Ag\u00eancia iNFRA A Aegea estima que poder\u00e1 come\u00e7ar no segundo semestre do pr\u00f3ximo ano os investimentos que v\u00e3o viabilizar o principal projeto de re\u00faso da companhia de saneamento, hoje o principal operador privado do pa\u00eds. Fechado com a Petrobras h\u00e1 cerca de dois anos, o contrato prev\u00ea abastecer com \u00e1gua de re\u00faso [&hellip;]\" \/>\n<meta property=\"og:url\" content=\"https:\/\/agenciainfra.com\/blog\/ceo-da-aegea-diz-que-mudancas-do-clima-ja-impactam-processos-de-reuso\/\" \/>\n<meta property=\"og:site_name\" content=\"Ag\u00eancia iNFRA\" \/>\n<meta property=\"article:publisher\" content=\"https:\/\/www.facebook.com\/ageninfra\" \/>\n<meta property=\"article:published_time\" content=\"2025-11-19T11:00:00+00:00\" \/>\n<meta property=\"article:modified_time\" content=\"2025-11-19T23:47:33+00:00\" \/>\n<meta property=\"og:image\" content=\"https:\/\/agenciainfra.com\/blog\/wp-content\/uploads\/2025\/11\/radames-casseb-foto-aegea-1-e1763383783566.jpg\" \/>\n\t<meta property=\"og:image:width\" content=\"1280\" \/>\n\t<meta property=\"og:image:height\" content=\"770\" \/>\n\t<meta property=\"og:image:type\" content=\"image\/jpeg\" \/>\n<meta name=\"author\" content=\"Ag\u00eancia iNFRA\" \/>\n<meta name=\"twitter:card\" content=\"summary_large_image\" \/>\n<meta name=\"twitter:creator\" content=\"@agencia_infra\" \/>\n<meta name=\"twitter:site\" content=\"@agencia_infra\" \/>\n<meta name=\"twitter:label1\" content=\"Escrito por\" \/>\n\t<meta name=\"twitter:data1\" content=\"Ag\u00eancia iNFRA\" \/>\n\t<meta name=\"twitter:label2\" content=\"Est. tempo de leitura\" \/>\n\t<meta name=\"twitter:data2\" content=\"6 minutos\" \/>\n<script type=\"application\/ld+json\" class=\"yoast-schema-graph\">{\"@context\":\"https:\/\/schema.org\",\"@graph\":[{\"@type\":\"Article\",\"@id\":\"https:\/\/agenciainfra.com\/blog\/ceo-da-aegea-diz-que-mudancas-do-clima-ja-impactam-processos-de-reuso\/#article\",\"isPartOf\":{\"@id\":\"https:\/\/agenciainfra.com\/blog\/ceo-da-aegea-diz-que-mudancas-do-clima-ja-impactam-processos-de-reuso\/\"},\"author\":{\"name\":\"Ag\u00eancia iNFRA\",\"@id\":\"https:\/\/agenciainfra.com\/blog\/#\/schema\/person\/34af08dff6adea4cb22b06612ba7acfa\"},\"headline\":\"CEO da Aegea diz que mudan\u00e7as do clima j\u00e1 impactam processos de re\u00faso\",\"datePublished\":\"2025-11-19T11:00:00+00:00\",\"dateModified\":\"2025-11-19T23:47:33+00:00\",\"mainEntityOfPage\":{\"@id\":\"https:\/\/agenciainfra.com\/blog\/ceo-da-aegea-diz-que-mudancas-do-clima-ja-impactam-processos-de-reuso\/\"},\"wordCount\":1199,\"publisher\":{\"@id\":\"https:\/\/agenciainfra.com\/blog\/#organization\"},\"image\":{\"@id\":\"https:\/\/agenciainfra.com\/blog\/ceo-da-aegea-diz-que-mudancas-do-clima-ja-impactam-processos-de-reuso\/#primaryimage\"},\"thumbnailUrl\":\"https:\/\/agenciainfra.com\/blog\/wp-content\/uploads\/2025\/11\/radames-casseb-foto-aegea-1-e1763383783566.jpg\",\"keywords\":[\"Aegea\",\"\u00e1gua pot\u00e1vel\",\"Amanda Pupo\",\"ANA\",\"crise h\u00eddrica\",\"mudan\u00e7as clim\u00e1ticas\",\"Nazareno Ara\u00fajo\",\"Norma de Refer\u00eancia\",\"produ\u00e7\u00e3o de \u00e1gua\",\"Radam\u00e9s Casseb aegea\",\"recursos h\u00eddricos\",\"re\u00faso de \u00e1gua\"],\"articleSection\":[\"Destaque lista\",\"iNFRASaneamento\"],\"inLanguage\":\"pt-BR\",\"copyrightYear\":\"2025\",\"copyrightHolder\":{\"@id\":\"https:\/\/agenciainfra.com\/blog\/#organization\"}},{\"@type\":\"WebPage\",\"@id\":\"https:\/\/agenciainfra.com\/blog\/ceo-da-aegea-diz-que-mudancas-do-clima-ja-impactam-processos-de-reuso\/\",\"url\":\"https:\/\/agenciainfra.com\/blog\/ceo-da-aegea-diz-que-mudancas-do-clima-ja-impactam-processos-de-reuso\/\",\"name\":\"CEO da Aegea diz que mudan\u00e7as do clima j\u00e1 impactam processos de re\u00faso - Ag\u00eancia iNFRA\",\"isPartOf\":{\"@id\":\"https:\/\/agenciainfra.com\/blog\/#website\"},\"primaryImageOfPage\":{\"@id\":\"https:\/\/agenciainfra.com\/blog\/ceo-da-aegea-diz-que-mudancas-do-clima-ja-impactam-processos-de-reuso\/#primaryimage\"},\"image\":{\"@id\":\"https:\/\/agenciainfra.com\/blog\/ceo-da-aegea-diz-que-mudancas-do-clima-ja-impactam-processos-de-reuso\/#primaryimage\"},\"thumbnailUrl\":\"https:\/\/agenciainfra.com\/blog\/wp-content\/uploads\/2025\/11\/radames-casseb-foto-aegea-1-e1763383783566.jpg\",\"datePublished\":\"2025-11-19T11:00:00+00:00\",\"dateModified\":\"2025-11-19T23:47:33+00:00\",\"breadcrumb\":{\"@id\":\"https:\/\/agenciainfra.com\/blog\/ceo-da-aegea-diz-que-mudancas-do-clima-ja-impactam-processos-de-reuso\/#breadcrumb\"},\"inLanguage\":\"pt-BR\",\"potentialAction\":[{\"@type\":\"ReadAction\",\"target\":[\"https:\/\/agenciainfra.com\/blog\/ceo-da-aegea-diz-que-mudancas-do-clima-ja-impactam-processos-de-reuso\/\"]}]},{\"@type\":\"ImageObject\",\"inLanguage\":\"pt-BR\",\"@id\":\"https:\/\/agenciainfra.com\/blog\/ceo-da-aegea-diz-que-mudancas-do-clima-ja-impactam-processos-de-reuso\/#primaryimage\",\"url\":\"https:\/\/agenciainfra.com\/blog\/wp-content\/uploads\/2025\/11\/radames-casseb-foto-aegea-1-e1763383783566.jpg\",\"contentUrl\":\"https:\/\/agenciainfra.com\/blog\/wp-content\/uploads\/2025\/11\/radames-casseb-foto-aegea-1-e1763383783566.jpg\",\"width\":1280,\"height\":770,\"caption\":\"Foto: Divulga\u00e7\u00e3o\/Aegea\"},{\"@type\":\"BreadcrumbList\",\"@id\":\"https:\/\/agenciainfra.com\/blog\/ceo-da-aegea-diz-que-mudancas-do-clima-ja-impactam-processos-de-reuso\/#breadcrumb\",\"itemListElement\":[{\"@type\":\"ListItem\",\"position\":1,\"name\":\"In\u00edcio\",\"item\":\"https:\/\/agenciainfra.com\/blog\/\"},{\"@type\":\"ListItem\",\"position\":2,\"name\":\"CEO da Aegea diz que mudan\u00e7as do clima j\u00e1 impactam processos de re\u00faso\"}]},{\"@type\":\"WebSite\",\"@id\":\"https:\/\/agenciainfra.com\/blog\/#website\",\"url\":\"https:\/\/agenciainfra.com\/blog\/\",\"name\":\"Ag\u00eancia iNFRA\",\"description\":\"Multiplataforma de informa\u00e7\u00e3o jornal\u00edstica refer\u00eancia na \u00e1rea de infraestrutura no Brasil!\",\"publisher\":{\"@id\":\"https:\/\/agenciainfra.com\/blog\/#organization\"},\"potentialAction\":[{\"@type\":\"SearchAction\",\"target\":{\"@type\":\"EntryPoint\",\"urlTemplate\":\"https:\/\/agenciainfra.com\/blog\/?s={search_term_string}\"},\"query-input\":{\"@type\":\"PropertyValueSpecification\",\"valueRequired\":true,\"valueName\":\"search_term_string\"}}],\"inLanguage\":\"pt-BR\"},{\"@type\":\"Organization\",\"@id\":\"https:\/\/agenciainfra.com\/blog\/#organization\",\"name\":\"Ag\u00eancia iNFRA\",\"url\":\"https:\/\/agenciainfra.com\/blog\/\",\"logo\":{\"@type\":\"ImageObject\",\"inLanguage\":\"pt-BR\",\"@id\":\"https:\/\/agenciainfra.com\/blog\/#\/schema\/logo\/image\/\",\"url\":\"https:\/\/agenciainfra.com\/blog\/wp-content\/uploads\/2023\/09\/iNFRA_5-e1761735885940.png\",\"contentUrl\":\"https:\/\/agenciainfra.com\/blog\/wp-content\/uploads\/2023\/09\/iNFRA_5-e1761735885940.png\",\"width\":1672,\"height\":454,\"caption\":\"Ag\u00eancia iNFRA\"},\"image\":{\"@id\":\"https:\/\/agenciainfra.com\/blog\/#\/schema\/logo\/image\/\"},\"sameAs\":[\"https:\/\/www.facebook.com\/ageninfra\",\"https:\/\/x.com\/agencia_infra\",\"https:\/\/www.linkedin.com\/company\/ag\u00eanciainfra\/\",\"https:\/\/www.instagram.com\/agenciainfra\/\"]},{\"@type\":\"Person\",\"@id\":\"https:\/\/agenciainfra.com\/blog\/#\/schema\/person\/34af08dff6adea4cb22b06612ba7acfa\",\"name\":\"Ag\u00eancia iNFRA\",\"image\":{\"@type\":\"ImageObject\",\"inLanguage\":\"pt-BR\",\"@id\":\"https:\/\/agenciainfra.com\/blog\/#\/schema\/person\/image\/\",\"url\":\"https:\/\/secure.gravatar.com\/avatar\/d189e01678f06d8eb84d4e01f08eb848b3fffe3f8443818d3c356c66892f5be8?s=96&d=mm&r=g\",\"contentUrl\":\"https:\/\/secure.gravatar.com\/avatar\/d189e01678f06d8eb84d4e01f08eb848b3fffe3f8443818d3c356c66892f5be8?s=96&d=mm&r=g\",\"caption\":\"Ag\u00eancia iNFRA\"},\"url\":\"https:\/\/agenciainfra.com\/blog\/author\/admin\/\"}]}<\/script>\n<!-- \/ Yoast SEO Premium plugin. -->","yoast_head_json":{"title":"CEO da Aegea diz que mudan\u00e7as do clima j\u00e1 impactam processos de re\u00faso - Ag\u00eancia iNFRA","robots":{"index":"index","follow":"follow","max-snippet":"max-snippet:-1","max-image-preview":"max-image-preview:large","max-video-preview":"max-video-preview:-1"},"canonical":"https:\/\/agenciainfra.com\/blog\/ceo-da-aegea-diz-que-mudancas-do-clima-ja-impactam-processos-de-reuso\/","og_locale":"pt_BR","og_type":"article","og_title":"CEO da Aegea diz que mudan\u00e7as do clima j\u00e1 impactam processos de re\u00faso","og_description":"Amanda Pupo, da Ag\u00eancia iNFRA A Aegea estima que poder\u00e1 come\u00e7ar no segundo semestre do pr\u00f3ximo ano os investimentos que v\u00e3o viabilizar o principal projeto de re\u00faso da companhia de saneamento, hoje o principal operador privado do pa\u00eds. Fechado com a Petrobras h\u00e1 cerca de dois anos, o contrato prev\u00ea abastecer com \u00e1gua de re\u00faso [&hellip;]","og_url":"https:\/\/agenciainfra.com\/blog\/ceo-da-aegea-diz-que-mudancas-do-clima-ja-impactam-processos-de-reuso\/","og_site_name":"Ag\u00eancia iNFRA","article_publisher":"https:\/\/www.facebook.com\/ageninfra","article_published_time":"2025-11-19T11:00:00+00:00","article_modified_time":"2025-11-19T23:47:33+00:00","og_image":[{"width":1280,"height":770,"url":"https:\/\/agenciainfra.com\/blog\/wp-content\/uploads\/2025\/11\/radames-casseb-foto-aegea-1-e1763383783566.jpg","type":"image\/jpeg"}],"author":"Ag\u00eancia iNFRA","twitter_card":"summary_large_image","twitter_creator":"@agencia_infra","twitter_site":"@agencia_infra","twitter_misc":{"Escrito por":"Ag\u00eancia iNFRA","Est. tempo de leitura":"6 minutos"},"schema":{"@context":"https:\/\/schema.org","@graph":[{"@type":"Article","@id":"https:\/\/agenciainfra.com\/blog\/ceo-da-aegea-diz-que-mudancas-do-clima-ja-impactam-processos-de-reuso\/#article","isPartOf":{"@id":"https:\/\/agenciainfra.com\/blog\/ceo-da-aegea-diz-que-mudancas-do-clima-ja-impactam-processos-de-reuso\/"},"author":{"name":"Ag\u00eancia iNFRA","@id":"https:\/\/agenciainfra.com\/blog\/#\/schema\/person\/34af08dff6adea4cb22b06612ba7acfa"},"headline":"CEO da Aegea diz que mudan\u00e7as do clima j\u00e1 impactam processos de re\u00faso","datePublished":"2025-11-19T11:00:00+00:00","dateModified":"2025-11-19T23:47:33+00:00","mainEntityOfPage":{"@id":"https:\/\/agenciainfra.com\/blog\/ceo-da-aegea-diz-que-mudancas-do-clima-ja-impactam-processos-de-reuso\/"},"wordCount":1199,"publisher":{"@id":"https:\/\/agenciainfra.com\/blog\/#organization"},"image":{"@id":"https:\/\/agenciainfra.com\/blog\/ceo-da-aegea-diz-que-mudancas-do-clima-ja-impactam-processos-de-reuso\/#primaryimage"},"thumbnailUrl":"https:\/\/agenciainfra.com\/blog\/wp-content\/uploads\/2025\/11\/radames-casseb-foto-aegea-1-e1763383783566.jpg","keywords":["Aegea","\u00e1gua pot\u00e1vel","Amanda Pupo","ANA","crise h\u00eddrica","mudan\u00e7as clim\u00e1ticas","Nazareno Ara\u00fajo","Norma de Refer\u00eancia","produ\u00e7\u00e3o de \u00e1gua","Radam\u00e9s Casseb aegea","recursos h\u00eddricos","re\u00faso de \u00e1gua"],"articleSection":["Destaque lista","iNFRASaneamento"],"inLanguage":"pt-BR","copyrightYear":"2025","copyrightHolder":{"@id":"https:\/\/agenciainfra.com\/blog\/#organization"}},{"@type":"WebPage","@id":"https:\/\/agenciainfra.com\/blog\/ceo-da-aegea-diz-que-mudancas-do-clima-ja-impactam-processos-de-reuso\/","url":"https:\/\/agenciainfra.com\/blog\/ceo-da-aegea-diz-que-mudancas-do-clima-ja-impactam-processos-de-reuso\/","name":"CEO da Aegea diz que mudan\u00e7as do clima j\u00e1 impactam processos de re\u00faso - Ag\u00eancia iNFRA","isPartOf":{"@id":"https:\/\/agenciainfra.com\/blog\/#website"},"primaryImageOfPage":{"@id":"https:\/\/agenciainfra.com\/blog\/ceo-da-aegea-diz-que-mudancas-do-clima-ja-impactam-processos-de-reuso\/#primaryimage"},"image":{"@id":"https:\/\/agenciainfra.com\/blog\/ceo-da-aegea-diz-que-mudancas-do-clima-ja-impactam-processos-de-reuso\/#primaryimage"},"thumbnailUrl":"https:\/\/agenciainfra.com\/blog\/wp-content\/uploads\/2025\/11\/radames-casseb-foto-aegea-1-e1763383783566.jpg","datePublished":"2025-11-19T11:00:00+00:00","dateModified":"2025-11-19T23:47:33+00:00","breadcrumb":{"@id":"https:\/\/agenciainfra.com\/blog\/ceo-da-aegea-diz-que-mudancas-do-clima-ja-impactam-processos-de-reuso\/#breadcrumb"},"inLanguage":"pt-BR","potentialAction":[{"@type":"ReadAction","target":["https:\/\/agenciainfra.com\/blog\/ceo-da-aegea-diz-que-mudancas-do-clima-ja-impactam-processos-de-reuso\/"]}]},{"@type":"ImageObject","inLanguage":"pt-BR","@id":"https:\/\/agenciainfra.com\/blog\/ceo-da-aegea-diz-que-mudancas-do-clima-ja-impactam-processos-de-reuso\/#primaryimage","url":"https:\/\/agenciainfra.com\/blog\/wp-content\/uploads\/2025\/11\/radames-casseb-foto-aegea-1-e1763383783566.jpg","contentUrl":"https:\/\/agenciainfra.com\/blog\/wp-content\/uploads\/2025\/11\/radames-casseb-foto-aegea-1-e1763383783566.jpg","width":1280,"height":770,"caption":"Foto: Divulga\u00e7\u00e3o\/Aegea"},{"@type":"BreadcrumbList","@id":"https:\/\/agenciainfra.com\/blog\/ceo-da-aegea-diz-que-mudancas-do-clima-ja-impactam-processos-de-reuso\/#breadcrumb","itemListElement":[{"@type":"ListItem","position":1,"name":"In\u00edcio","item":"https:\/\/agenciainfra.com\/blog\/"},{"@type":"ListItem","position":2,"name":"CEO da Aegea diz que mudan\u00e7as do clima j\u00e1 impactam processos de re\u00faso"}]},{"@type":"WebSite","@id":"https:\/\/agenciainfra.com\/blog\/#website","url":"https:\/\/agenciainfra.com\/blog\/","name":"Ag\u00eancia iNFRA","description":"Multiplataforma de informa\u00e7\u00e3o jornal\u00edstica refer\u00eancia na \u00e1rea de infraestrutura no Brasil!","publisher":{"@id":"https:\/\/agenciainfra.com\/blog\/#organization"},"potentialAction":[{"@type":"SearchAction","target":{"@type":"EntryPoint","urlTemplate":"https:\/\/agenciainfra.com\/blog\/?s={search_term_string}"},"query-input":{"@type":"PropertyValueSpecification","valueRequired":true,"valueName":"search_term_string"}}],"inLanguage":"pt-BR"},{"@type":"Organization","@id":"https:\/\/agenciainfra.com\/blog\/#organization","name":"Ag\u00eancia iNFRA","url":"https:\/\/agenciainfra.com\/blog\/","logo":{"@type":"ImageObject","inLanguage":"pt-BR","@id":"https:\/\/agenciainfra.com\/blog\/#\/schema\/logo\/image\/","url":"https:\/\/agenciainfra.com\/blog\/wp-content\/uploads\/2023\/09\/iNFRA_5-e1761735885940.png","contentUrl":"https:\/\/agenciainfra.com\/blog\/wp-content\/uploads\/2023\/09\/iNFRA_5-e1761735885940.png","width":1672,"height":454,"caption":"Ag\u00eancia iNFRA"},"image":{"@id":"https:\/\/agenciainfra.com\/blog\/#\/schema\/logo\/image\/"},"sameAs":["https:\/\/www.facebook.com\/ageninfra","https:\/\/x.com\/agencia_infra","https:\/\/www.linkedin.com\/company\/ag\u00eanciainfra\/","https:\/\/www.instagram.com\/agenciainfra\/"]},{"@type":"Person","@id":"https:\/\/agenciainfra.com\/blog\/#\/schema\/person\/34af08dff6adea4cb22b06612ba7acfa","name":"Ag\u00eancia iNFRA","image":{"@type":"ImageObject","inLanguage":"pt-BR","@id":"https:\/\/agenciainfra.com\/blog\/#\/schema\/person\/image\/","url":"https:\/\/secure.gravatar.com\/avatar\/d189e01678f06d8eb84d4e01f08eb848b3fffe3f8443818d3c356c66892f5be8?s=96&d=mm&r=g","contentUrl":"https:\/\/secure.gravatar.com\/avatar\/d189e01678f06d8eb84d4e01f08eb848b3fffe3f8443818d3c356c66892f5be8?s=96&d=mm&r=g","caption":"Ag\u00eancia iNFRA"},"url":"https:\/\/agenciainfra.com\/blog\/author\/admin\/"}]}},"_links":{"self":[{"href":"https:\/\/agenciainfra.com\/blog\/wp-json\/wp\/v2\/posts\/32324","targetHints":{"allow":["GET"]}}],"collection":[{"href":"https:\/\/agenciainfra.com\/blog\/wp-json\/wp\/v2\/posts"}],"about":[{"href":"https:\/\/agenciainfra.com\/blog\/wp-json\/wp\/v2\/types\/post"}],"author":[{"embeddable":true,"href":"https:\/\/agenciainfra.com\/blog\/wp-json\/wp\/v2\/users\/1"}],"replies":[{"embeddable":true,"href":"https:\/\/agenciainfra.com\/blog\/wp-json\/wp\/v2\/comments?post=32324"}],"version-history":[{"count":2,"href":"https:\/\/agenciainfra.com\/blog\/wp-json\/wp\/v2\/posts\/32324\/revisions"}],"predecessor-version":[{"id":32330,"href":"https:\/\/agenciainfra.com\/blog\/wp-json\/wp\/v2\/posts\/32324\/revisions\/32330"}],"wp:featuredmedia":[{"embeddable":true,"href":"https:\/\/agenciainfra.com\/blog\/wp-json\/wp\/v2\/media\/32337"}],"wp:attachment":[{"href":"https:\/\/agenciainfra.com\/blog\/wp-json\/wp\/v2\/media?parent=32324"}],"wp:term":[{"taxonomy":"category","embeddable":true,"href":"https:\/\/agenciainfra.com\/blog\/wp-json\/wp\/v2\/categories?post=32324"},{"taxonomy":"post_tag","embeddable":true,"href":"https:\/\/agenciainfra.com\/blog\/wp-json\/wp\/v2\/tags?post=32324"}],"curies":[{"name":"wp","href":"https:\/\/api.w.org\/{rel}","templated":true}]}}