{"id":32377,"date":"2025-11-17T18:02:10","date_gmt":"2025-11-17T21:02:10","guid":{"rendered":"https:\/\/agenciainfra.com\/blog\/?p=32377"},"modified":"2025-11-18T18:04:12","modified_gmt":"2025-11-18T21:04:12","slug":"decreto-do-ccus-preve-20-anos-de-monitoramento-apos-fim-da-atividade","status":"publish","type":"post","link":"https:\/\/agenciainfra.com\/blog\/decreto-do-ccus-preve-20-anos-de-monitoramento-apos-fim-da-atividade\/","title":{"rendered":"Decreto do CCUS prev\u00ea 20 anos de monitoramento ap\u00f3s fim da atividade"},"content":{"rendered":"\n<p class=\"has-text-align-right\"><strong>Gabriel Vasconcelos, da Ag\u00eancia iNFRA<\/strong><\/p>\n\n\n\n<p>O decreto publicado nesta segunda-feira (17) pelo MME (Minist\u00e9rio de Minas e Energia) na abertura de consulta p\u00fablica para regulamentar a captura, utiliza\u00e7\u00e3o e armazenamento de di\u00f3xido de carbono estabelece que o agente monitore o reservat\u00f3rio por mais 20 anos ap\u00f3s o encerramento da opera\u00e7\u00e3o e descomissionamento das instala\u00e7\u00f5es. Esse tempo, no entanto, poder\u00e1 ser reduzido mediante demonstra\u00e7\u00e3o, aos t\u00e9cnicos da ANP (Ag\u00eancia Nacional do Petr\u00f3leo, G\u00e1s Natural e Biocombust\u00edveis), da estabilidade do g\u00e1s no reservat\u00f3rio.<\/p>\n\n\n\n<p>&#8220;A previs\u00e3o desse prazo busca equilibrar a prote\u00e7\u00e3o do interesse p\u00fablico com a viabilidade econ\u00f4mica dos projetos, garantindo tempo suficiente para a estabilidade da pluma de di\u00f3xido de carbono estocada no reservat\u00f3rio geol\u00f3gico e da respectiva frente de press\u00e3o at\u00e9 o final do prazo de monitoramento. Caso n\u00e3o seja comprovada a estabilidade da pluma em 20 anos, a ANP deve exigir um novo plano de monitoramento&#8221;, diz a nota t\u00e9cnica da pasta que norteia o texto.<\/p>\n\n\n\n<p>A <a href=\"https:\/\/www.planalto.gov.br\/ccivil_03\/_ato2023-2026\/2024\/lei\/L14993.htm\">Lei do Combust\u00edvel do Futuro<\/a> (14.993\/2024) j\u00e1 prev\u00ea que as autoriza\u00e7\u00f5es da ANP para as pr\u00e1ticas nesse sentido devem ter prazo de 30 anos renov\u00e1veis por igual per\u00edodo. O mercado cobrava uma regulamenta\u00e7\u00e3o para esse tipo de empreendimento, j\u00e1 recorrente no exterior. Agora, a consulta, para contribui\u00e7\u00e3o das empresas, vai at\u00e9 o dia 16 de dezembro.<\/p>\n\n\n\n<p>O decreto refor\u00e7a o papel da ANP como respons\u00e1vel pela autoriza\u00e7\u00e3o, regula\u00e7\u00e3o e fiscaliza\u00e7\u00e3o dessas atividades, o que inclui desde a captura, passando pelo transporte e estocagem do g\u00e1s, e chegando ao encerramento das atividades (descomissionamento e monitoramento).<\/p>\n\n\n\n<p><strong>Autoriza\u00e7\u00e3o em duas fases<br><\/strong>O decreto tamb\u00e9m estabelece o desmembramento da autoriza\u00e7\u00e3o em duas fases, uma primeira de pesquisa e avalia\u00e7\u00e3o de estocagem e a fase de opera\u00e7\u00e3o em si, ambas com prazos definidos pela ANP. A justificativa do MME \u00e9 que &#8220;assegurar a viabilidade e seguran\u00e7a t\u00e9cnica dos projetos&#8221; antes da inje\u00e7\u00e3o de CO\u2082 em si, reduziria &#8220;riscos regulat\u00f3rios&#8221; para investidores.<\/p>\n\n\n\n<p>O texto guarda, ainda, uma previs\u00e3o que inclui como captura e armazenamento de carbono a inje\u00e7\u00e3o do g\u00e1s em reservat\u00f3rio com finalidade de recupera\u00e7\u00e3o avan\u00e7ada de petr\u00f3leo e g\u00e1s natural. Mas esse modelo ser\u00e1 admitido pela ag\u00eancia por meio da aprova\u00e7\u00e3o dos planos de desenvolvimento da produ\u00e7\u00e3o dos campos de petr\u00f3leo, ainda que tamb\u00e9m deva seguir as determina\u00e7\u00f5es da lei do combust\u00edvel do futuro.<\/p>\n\n\n\n<p>Por fim, tamb\u00e9m ser\u00e1 da ANP a responsabilidade de estabelecer &#8220;crit\u00e9rios de prioriza\u00e7\u00e3o&#8221; e &#8220;procedimentos de concilia\u00e7\u00e3o&#8221; nos casos em que houver mais de um interessado pelo mesmo bloco de armazenamento.<\/p>\n\n\n\n<p>&#8220;A defini\u00e7\u00e3o de crit\u00e9rios objetivos e a observ\u00e2ncia da ordem de preced\u00eancia s\u00e3o essenciais para garantir previsibilidade e transpar\u00eancia no processo decis\u00f3rio, permitindo que os investidores planejem adequadamente a aloca\u00e7\u00e3o de recursos&#8221;, justifica a pasta na nota t\u00e9cnica, sem dar maiores detalhes sobre a quest\u00e3o, que dever\u00e1 compor a agenda regulat\u00f3ria da ANP.<\/p>\n\n\n\n<p><strong>Potencial econ\u00f4mico<\/strong><br>Na nota t\u00e9cnica do MME conta uma tabela resumindo estimativas do potencial econ\u00f4mico desse tipo de atividade, resumidas nas siglas em ingl\u00eas CCS (Captura e Armazenamento de Carbono); CCUS (Captura, Armazenamento e Utiliza\u00e7\u00e3o de Carbono), e BECCS (Bioenergia com Captura e Armazenamento de Carbono). Segundo a EPE (Empresa de Pesquisa Energ\u00e9tica), o investimento m\u00e9dio nesta frente no Brasil deve girar entre R$ 2 e R$ 4,5 bilh\u00f5es por ano at\u00e9 2050. J\u00e1 a S&amp;P Global estima que a implementa\u00e7\u00e3o bem sucedida de oito hubs de CCUS no Brasil poderia adicionar at\u00e9 US$ 3,2 bilh\u00f5es por ano ao PIB nacional e gerar cerca de 210 mil novos empregos, com pico entre 2028 e 2037.<\/p>\n","protected":false},"excerpt":{"rendered":"<p>Gabriel Vasconcelos, da Ag\u00eancia iNFRA O decreto publicado nesta segunda-feira (17) pelo MME (Minist\u00e9rio de Minas e Energia) na abertura de consulta p\u00fablica para regulamentar a captura, utiliza\u00e7\u00e3o e armazenamento de di\u00f3xido de carbono estabelece que o agente monitore o reservat\u00f3rio por mais 20 anos ap\u00f3s o encerramento da opera\u00e7\u00e3o e descomissionamento das instala\u00e7\u00f5es. Esse [&hellip;]<\/p>\n","protected":false},"author":1,"featured_media":16972,"comment_status":"closed","ping_status":"closed","sticky":false,"template":"","format":"standard","meta":{"_monsterinsights_skip_tracking":false,"_monsterinsights_sitenote_active":false,"_monsterinsights_sitenote_note":"","_monsterinsights_sitenote_category":0,"footnotes":""},"categories":[7250,13271],"tags":[1101,16983,15390,9078,13251,882,14085,14052,213],"class_list":["post-32377","post","type-post","status-publish","format-standard","has-post-thumbnail","hentry","category-destaque-lista","category-oleo-gas","tag-anp","tag-beccs","tag-captura-e-armazenamento-de-carbono","tag-ccus","tag-gabriel-vasconcelos","tag-gas-natural","tag-lei-do-combustivel-do-futuro","tag-mme-ministerio-de-minas-e-energia","tag-petroleo"],"yoast_head":"<!-- This site is optimized with the Yoast SEO Premium plugin v25.4 (Yoast SEO v26.0) - https:\/\/yoast.com\/wordpress\/plugins\/seo\/ -->\n<title>Decreto do CCUS prev\u00ea 20 anos de monitoramento ap\u00f3s fim da atividade - Ag\u00eancia iNFRA<\/title>\n<meta name=\"robots\" content=\"index, follow, max-snippet:-1, max-image-preview:large, max-video-preview:-1\" \/>\n<link rel=\"canonical\" href=\"https:\/\/agenciainfra.com\/blog\/decreto-do-ccus-preve-20-anos-de-monitoramento-apos-fim-da-atividade\/\" \/>\n<meta property=\"og:locale\" content=\"pt_BR\" \/>\n<meta property=\"og:type\" content=\"article\" \/>\n<meta property=\"og:title\" content=\"Decreto do CCUS prev\u00ea 20 anos de monitoramento ap\u00f3s fim da atividade\" \/>\n<meta property=\"og:description\" content=\"Gabriel Vasconcelos, da Ag\u00eancia iNFRA O decreto publicado nesta segunda-feira (17) pelo MME (Minist\u00e9rio de Minas e Energia) na abertura de consulta p\u00fablica para regulamentar a captura, utiliza\u00e7\u00e3o e armazenamento de di\u00f3xido de carbono estabelece que o agente monitore o reservat\u00f3rio por mais 20 anos ap\u00f3s o encerramento da opera\u00e7\u00e3o e descomissionamento das instala\u00e7\u00f5es. Esse [&hellip;]\" \/>\n<meta property=\"og:url\" content=\"https:\/\/agenciainfra.com\/blog\/decreto-do-ccus-preve-20-anos-de-monitoramento-apos-fim-da-atividade\/\" \/>\n<meta property=\"og:site_name\" content=\"Ag\u00eancia iNFRA\" \/>\n<meta property=\"article:publisher\" content=\"https:\/\/www.facebook.com\/ageninfra\" \/>\n<meta property=\"article:published_time\" content=\"2025-11-17T21:02:10+00:00\" \/>\n<meta property=\"article:modified_time\" content=\"2025-11-18T21:04:12+00:00\" \/>\n<meta property=\"og:image\" content=\"https:\/\/agenciainfra.com\/blog\/wp-content\/uploads\/2024\/06\/mme-minas-energia-predio-foto-governo-federal.jpeg\" \/>\n\t<meta property=\"og:image:width\" content=\"1202\" \/>\n\t<meta property=\"og:image:height\" content=\"773\" \/>\n\t<meta property=\"og:image:type\" content=\"image\/jpeg\" \/>\n<meta name=\"author\" content=\"Ag\u00eancia iNFRA\" \/>\n<meta name=\"twitter:card\" content=\"summary_large_image\" \/>\n<meta name=\"twitter:creator\" content=\"@agencia_infra\" \/>\n<meta name=\"twitter:site\" content=\"@agencia_infra\" \/>\n<meta name=\"twitter:label1\" content=\"Escrito por\" \/>\n\t<meta name=\"twitter:data1\" content=\"Ag\u00eancia iNFRA\" \/>\n\t<meta name=\"twitter:label2\" content=\"Est. tempo de leitura\" \/>\n\t<meta name=\"twitter:data2\" content=\"3 minutos\" \/>\n<script type=\"application\/ld+json\" class=\"yoast-schema-graph\">{\"@context\":\"https:\/\/schema.org\",\"@graph\":[{\"@type\":\"Article\",\"@id\":\"https:\/\/agenciainfra.com\/blog\/decreto-do-ccus-preve-20-anos-de-monitoramento-apos-fim-da-atividade\/#article\",\"isPartOf\":{\"@id\":\"https:\/\/agenciainfra.com\/blog\/decreto-do-ccus-preve-20-anos-de-monitoramento-apos-fim-da-atividade\/\"},\"author\":{\"name\":\"Ag\u00eancia iNFRA\",\"@id\":\"https:\/\/agenciainfra.com\/blog\/#\/schema\/person\/34af08dff6adea4cb22b06612ba7acfa\"},\"headline\":\"Decreto do CCUS prev\u00ea 20 anos de monitoramento ap\u00f3s fim da atividade\",\"datePublished\":\"2025-11-17T21:02:10+00:00\",\"dateModified\":\"2025-11-18T21:04:12+00:00\",\"mainEntityOfPage\":{\"@id\":\"https:\/\/agenciainfra.com\/blog\/decreto-do-ccus-preve-20-anos-de-monitoramento-apos-fim-da-atividade\/\"},\"wordCount\":666,\"publisher\":{\"@id\":\"https:\/\/agenciainfra.com\/blog\/#organization\"},\"image\":{\"@id\":\"https:\/\/agenciainfra.com\/blog\/decreto-do-ccus-preve-20-anos-de-monitoramento-apos-fim-da-atividade\/#primaryimage\"},\"thumbnailUrl\":\"https:\/\/agenciainfra.com\/blog\/wp-content\/uploads\/2024\/06\/mme-minas-energia-predio-foto-governo-federal.jpeg\",\"keywords\":[\"ANP\",\"BECCS\",\"captura e armazenamento de carbono\",\"CCUS\",\"Gabriel Vasconcelos\",\"g\u00e1s natural\",\"Lei do Combust\u00edvel do Futuro\",\"MME (Minist\u00e9rio de Minas e Energia)\",\"petr\u00f3leo\"],\"articleSection\":[\"Destaque lista\",\"\u00d3leo &amp; G\u00e1s\"],\"inLanguage\":\"pt-BR\",\"copyrightYear\":\"2025\",\"copyrightHolder\":{\"@id\":\"https:\/\/agenciainfra.com\/blog\/#organization\"}},{\"@type\":\"WebPage\",\"@id\":\"https:\/\/agenciainfra.com\/blog\/decreto-do-ccus-preve-20-anos-de-monitoramento-apos-fim-da-atividade\/\",\"url\":\"https:\/\/agenciainfra.com\/blog\/decreto-do-ccus-preve-20-anos-de-monitoramento-apos-fim-da-atividade\/\",\"name\":\"Decreto do CCUS prev\u00ea 20 anos de monitoramento ap\u00f3s fim da atividade - Ag\u00eancia iNFRA\",\"isPartOf\":{\"@id\":\"https:\/\/agenciainfra.com\/blog\/#website\"},\"primaryImageOfPage\":{\"@id\":\"https:\/\/agenciainfra.com\/blog\/decreto-do-ccus-preve-20-anos-de-monitoramento-apos-fim-da-atividade\/#primaryimage\"},\"image\":{\"@id\":\"https:\/\/agenciainfra.com\/blog\/decreto-do-ccus-preve-20-anos-de-monitoramento-apos-fim-da-atividade\/#primaryimage\"},\"thumbnailUrl\":\"https:\/\/agenciainfra.com\/blog\/wp-content\/uploads\/2024\/06\/mme-minas-energia-predio-foto-governo-federal.jpeg\",\"datePublished\":\"2025-11-17T21:02:10+00:00\",\"dateModified\":\"2025-11-18T21:04:12+00:00\",\"breadcrumb\":{\"@id\":\"https:\/\/agenciainfra.com\/blog\/decreto-do-ccus-preve-20-anos-de-monitoramento-apos-fim-da-atividade\/#breadcrumb\"},\"inLanguage\":\"pt-BR\",\"potentialAction\":[{\"@type\":\"ReadAction\",\"target\":[\"https:\/\/agenciainfra.com\/blog\/decreto-do-ccus-preve-20-anos-de-monitoramento-apos-fim-da-atividade\/\"]}]},{\"@type\":\"ImageObject\",\"inLanguage\":\"pt-BR\",\"@id\":\"https:\/\/agenciainfra.com\/blog\/decreto-do-ccus-preve-20-anos-de-monitoramento-apos-fim-da-atividade\/#primaryimage\",\"url\":\"https:\/\/agenciainfra.com\/blog\/wp-content\/uploads\/2024\/06\/mme-minas-energia-predio-foto-governo-federal.jpeg\",\"contentUrl\":\"https:\/\/agenciainfra.com\/blog\/wp-content\/uploads\/2024\/06\/mme-minas-energia-predio-foto-governo-federal.jpeg\",\"width\":1202,\"height\":773,\"caption\":\"Foto: MME\"},{\"@type\":\"BreadcrumbList\",\"@id\":\"https:\/\/agenciainfra.com\/blog\/decreto-do-ccus-preve-20-anos-de-monitoramento-apos-fim-da-atividade\/#breadcrumb\",\"itemListElement\":[{\"@type\":\"ListItem\",\"position\":1,\"name\":\"In\u00edcio\",\"item\":\"https:\/\/agenciainfra.com\/blog\/\"},{\"@type\":\"ListItem\",\"position\":2,\"name\":\"Decreto do CCUS prev\u00ea 20 anos de monitoramento ap\u00f3s fim da atividade\"}]},{\"@type\":\"WebSite\",\"@id\":\"https:\/\/agenciainfra.com\/blog\/#website\",\"url\":\"https:\/\/agenciainfra.com\/blog\/\",\"name\":\"Ag\u00eancia iNFRA\",\"description\":\"Multiplataforma de informa\u00e7\u00e3o jornal\u00edstica refer\u00eancia na \u00e1rea de infraestrutura no Brasil!\",\"publisher\":{\"@id\":\"https:\/\/agenciainfra.com\/blog\/#organization\"},\"potentialAction\":[{\"@type\":\"SearchAction\",\"target\":{\"@type\":\"EntryPoint\",\"urlTemplate\":\"https:\/\/agenciainfra.com\/blog\/?s={search_term_string}\"},\"query-input\":{\"@type\":\"PropertyValueSpecification\",\"valueRequired\":true,\"valueName\":\"search_term_string\"}}],\"inLanguage\":\"pt-BR\"},{\"@type\":\"Organization\",\"@id\":\"https:\/\/agenciainfra.com\/blog\/#organization\",\"name\":\"Ag\u00eancia iNFRA\",\"url\":\"https:\/\/agenciainfra.com\/blog\/\",\"logo\":{\"@type\":\"ImageObject\",\"inLanguage\":\"pt-BR\",\"@id\":\"https:\/\/agenciainfra.com\/blog\/#\/schema\/logo\/image\/\",\"url\":\"https:\/\/agenciainfra.com\/blog\/wp-content\/uploads\/2023\/09\/iNFRA_5-e1761735885940.png\",\"contentUrl\":\"https:\/\/agenciainfra.com\/blog\/wp-content\/uploads\/2023\/09\/iNFRA_5-e1761735885940.png\",\"width\":1672,\"height\":454,\"caption\":\"Ag\u00eancia iNFRA\"},\"image\":{\"@id\":\"https:\/\/agenciainfra.com\/blog\/#\/schema\/logo\/image\/\"},\"sameAs\":[\"https:\/\/www.facebook.com\/ageninfra\",\"https:\/\/x.com\/agencia_infra\",\"https:\/\/www.linkedin.com\/company\/ag\u00eanciainfra\/\",\"https:\/\/www.instagram.com\/agenciainfra\/\"]},{\"@type\":\"Person\",\"@id\":\"https:\/\/agenciainfra.com\/blog\/#\/schema\/person\/34af08dff6adea4cb22b06612ba7acfa\",\"name\":\"Ag\u00eancia iNFRA\",\"image\":{\"@type\":\"ImageObject\",\"inLanguage\":\"pt-BR\",\"@id\":\"https:\/\/agenciainfra.com\/blog\/#\/schema\/person\/image\/\",\"url\":\"https:\/\/secure.gravatar.com\/avatar\/d189e01678f06d8eb84d4e01f08eb848b3fffe3f8443818d3c356c66892f5be8?s=96&d=mm&r=g\",\"contentUrl\":\"https:\/\/secure.gravatar.com\/avatar\/d189e01678f06d8eb84d4e01f08eb848b3fffe3f8443818d3c356c66892f5be8?s=96&d=mm&r=g\",\"caption\":\"Ag\u00eancia iNFRA\"},\"url\":\"https:\/\/agenciainfra.com\/blog\/author\/admin\/\"}]}<\/script>\n<!-- \/ Yoast SEO Premium plugin. -->","yoast_head_json":{"title":"Decreto do CCUS prev\u00ea 20 anos de monitoramento ap\u00f3s fim da atividade - Ag\u00eancia iNFRA","robots":{"index":"index","follow":"follow","max-snippet":"max-snippet:-1","max-image-preview":"max-image-preview:large","max-video-preview":"max-video-preview:-1"},"canonical":"https:\/\/agenciainfra.com\/blog\/decreto-do-ccus-preve-20-anos-de-monitoramento-apos-fim-da-atividade\/","og_locale":"pt_BR","og_type":"article","og_title":"Decreto do CCUS prev\u00ea 20 anos de monitoramento ap\u00f3s fim da atividade","og_description":"Gabriel Vasconcelos, da Ag\u00eancia iNFRA O decreto publicado nesta segunda-feira (17) pelo MME (Minist\u00e9rio de Minas e Energia) na abertura de consulta p\u00fablica para regulamentar a captura, utiliza\u00e7\u00e3o e armazenamento de di\u00f3xido de carbono estabelece que o agente monitore o reservat\u00f3rio por mais 20 anos ap\u00f3s o encerramento da opera\u00e7\u00e3o e descomissionamento das instala\u00e7\u00f5es. Esse [&hellip;]","og_url":"https:\/\/agenciainfra.com\/blog\/decreto-do-ccus-preve-20-anos-de-monitoramento-apos-fim-da-atividade\/","og_site_name":"Ag\u00eancia iNFRA","article_publisher":"https:\/\/www.facebook.com\/ageninfra","article_published_time":"2025-11-17T21:02:10+00:00","article_modified_time":"2025-11-18T21:04:12+00:00","og_image":[{"width":1202,"height":773,"url":"https:\/\/agenciainfra.com\/blog\/wp-content\/uploads\/2024\/06\/mme-minas-energia-predio-foto-governo-federal.jpeg","type":"image\/jpeg"}],"author":"Ag\u00eancia iNFRA","twitter_card":"summary_large_image","twitter_creator":"@agencia_infra","twitter_site":"@agencia_infra","twitter_misc":{"Escrito por":"Ag\u00eancia iNFRA","Est. tempo de leitura":"3 minutos"},"schema":{"@context":"https:\/\/schema.org","@graph":[{"@type":"Article","@id":"https:\/\/agenciainfra.com\/blog\/decreto-do-ccus-preve-20-anos-de-monitoramento-apos-fim-da-atividade\/#article","isPartOf":{"@id":"https:\/\/agenciainfra.com\/blog\/decreto-do-ccus-preve-20-anos-de-monitoramento-apos-fim-da-atividade\/"},"author":{"name":"Ag\u00eancia iNFRA","@id":"https:\/\/agenciainfra.com\/blog\/#\/schema\/person\/34af08dff6adea4cb22b06612ba7acfa"},"headline":"Decreto do CCUS prev\u00ea 20 anos de monitoramento ap\u00f3s fim da atividade","datePublished":"2025-11-17T21:02:10+00:00","dateModified":"2025-11-18T21:04:12+00:00","mainEntityOfPage":{"@id":"https:\/\/agenciainfra.com\/blog\/decreto-do-ccus-preve-20-anos-de-monitoramento-apos-fim-da-atividade\/"},"wordCount":666,"publisher":{"@id":"https:\/\/agenciainfra.com\/blog\/#organization"},"image":{"@id":"https:\/\/agenciainfra.com\/blog\/decreto-do-ccus-preve-20-anos-de-monitoramento-apos-fim-da-atividade\/#primaryimage"},"thumbnailUrl":"https:\/\/agenciainfra.com\/blog\/wp-content\/uploads\/2024\/06\/mme-minas-energia-predio-foto-governo-federal.jpeg","keywords":["ANP","BECCS","captura e armazenamento de carbono","CCUS","Gabriel Vasconcelos","g\u00e1s natural","Lei do Combust\u00edvel do Futuro","MME (Minist\u00e9rio de Minas e Energia)","petr\u00f3leo"],"articleSection":["Destaque lista","\u00d3leo &amp; G\u00e1s"],"inLanguage":"pt-BR","copyrightYear":"2025","copyrightHolder":{"@id":"https:\/\/agenciainfra.com\/blog\/#organization"}},{"@type":"WebPage","@id":"https:\/\/agenciainfra.com\/blog\/decreto-do-ccus-preve-20-anos-de-monitoramento-apos-fim-da-atividade\/","url":"https:\/\/agenciainfra.com\/blog\/decreto-do-ccus-preve-20-anos-de-monitoramento-apos-fim-da-atividade\/","name":"Decreto do CCUS prev\u00ea 20 anos de monitoramento ap\u00f3s fim da atividade - Ag\u00eancia iNFRA","isPartOf":{"@id":"https:\/\/agenciainfra.com\/blog\/#website"},"primaryImageOfPage":{"@id":"https:\/\/agenciainfra.com\/blog\/decreto-do-ccus-preve-20-anos-de-monitoramento-apos-fim-da-atividade\/#primaryimage"},"image":{"@id":"https:\/\/agenciainfra.com\/blog\/decreto-do-ccus-preve-20-anos-de-monitoramento-apos-fim-da-atividade\/#primaryimage"},"thumbnailUrl":"https:\/\/agenciainfra.com\/blog\/wp-content\/uploads\/2024\/06\/mme-minas-energia-predio-foto-governo-federal.jpeg","datePublished":"2025-11-17T21:02:10+00:00","dateModified":"2025-11-18T21:04:12+00:00","breadcrumb":{"@id":"https:\/\/agenciainfra.com\/blog\/decreto-do-ccus-preve-20-anos-de-monitoramento-apos-fim-da-atividade\/#breadcrumb"},"inLanguage":"pt-BR","potentialAction":[{"@type":"ReadAction","target":["https:\/\/agenciainfra.com\/blog\/decreto-do-ccus-preve-20-anos-de-monitoramento-apos-fim-da-atividade\/"]}]},{"@type":"ImageObject","inLanguage":"pt-BR","@id":"https:\/\/agenciainfra.com\/blog\/decreto-do-ccus-preve-20-anos-de-monitoramento-apos-fim-da-atividade\/#primaryimage","url":"https:\/\/agenciainfra.com\/blog\/wp-content\/uploads\/2024\/06\/mme-minas-energia-predio-foto-governo-federal.jpeg","contentUrl":"https:\/\/agenciainfra.com\/blog\/wp-content\/uploads\/2024\/06\/mme-minas-energia-predio-foto-governo-federal.jpeg","width":1202,"height":773,"caption":"Foto: MME"},{"@type":"BreadcrumbList","@id":"https:\/\/agenciainfra.com\/blog\/decreto-do-ccus-preve-20-anos-de-monitoramento-apos-fim-da-atividade\/#breadcrumb","itemListElement":[{"@type":"ListItem","position":1,"name":"In\u00edcio","item":"https:\/\/agenciainfra.com\/blog\/"},{"@type":"ListItem","position":2,"name":"Decreto do CCUS prev\u00ea 20 anos de monitoramento ap\u00f3s fim da atividade"}]},{"@type":"WebSite","@id":"https:\/\/agenciainfra.com\/blog\/#website","url":"https:\/\/agenciainfra.com\/blog\/","name":"Ag\u00eancia iNFRA","description":"Multiplataforma de informa\u00e7\u00e3o jornal\u00edstica refer\u00eancia na \u00e1rea de infraestrutura no Brasil!","publisher":{"@id":"https:\/\/agenciainfra.com\/blog\/#organization"},"potentialAction":[{"@type":"SearchAction","target":{"@type":"EntryPoint","urlTemplate":"https:\/\/agenciainfra.com\/blog\/?s={search_term_string}"},"query-input":{"@type":"PropertyValueSpecification","valueRequired":true,"valueName":"search_term_string"}}],"inLanguage":"pt-BR"},{"@type":"Organization","@id":"https:\/\/agenciainfra.com\/blog\/#organization","name":"Ag\u00eancia iNFRA","url":"https:\/\/agenciainfra.com\/blog\/","logo":{"@type":"ImageObject","inLanguage":"pt-BR","@id":"https:\/\/agenciainfra.com\/blog\/#\/schema\/logo\/image\/","url":"https:\/\/agenciainfra.com\/blog\/wp-content\/uploads\/2023\/09\/iNFRA_5-e1761735885940.png","contentUrl":"https:\/\/agenciainfra.com\/blog\/wp-content\/uploads\/2023\/09\/iNFRA_5-e1761735885940.png","width":1672,"height":454,"caption":"Ag\u00eancia iNFRA"},"image":{"@id":"https:\/\/agenciainfra.com\/blog\/#\/schema\/logo\/image\/"},"sameAs":["https:\/\/www.facebook.com\/ageninfra","https:\/\/x.com\/agencia_infra","https:\/\/www.linkedin.com\/company\/ag\u00eanciainfra\/","https:\/\/www.instagram.com\/agenciainfra\/"]},{"@type":"Person","@id":"https:\/\/agenciainfra.com\/blog\/#\/schema\/person\/34af08dff6adea4cb22b06612ba7acfa","name":"Ag\u00eancia iNFRA","image":{"@type":"ImageObject","inLanguage":"pt-BR","@id":"https:\/\/agenciainfra.com\/blog\/#\/schema\/person\/image\/","url":"https:\/\/secure.gravatar.com\/avatar\/d189e01678f06d8eb84d4e01f08eb848b3fffe3f8443818d3c356c66892f5be8?s=96&d=mm&r=g","contentUrl":"https:\/\/secure.gravatar.com\/avatar\/d189e01678f06d8eb84d4e01f08eb848b3fffe3f8443818d3c356c66892f5be8?s=96&d=mm&r=g","caption":"Ag\u00eancia iNFRA"},"url":"https:\/\/agenciainfra.com\/blog\/author\/admin\/"}]}},"_links":{"self":[{"href":"https:\/\/agenciainfra.com\/blog\/wp-json\/wp\/v2\/posts\/32377","targetHints":{"allow":["GET"]}}],"collection":[{"href":"https:\/\/agenciainfra.com\/blog\/wp-json\/wp\/v2\/posts"}],"about":[{"href":"https:\/\/agenciainfra.com\/blog\/wp-json\/wp\/v2\/types\/post"}],"author":[{"embeddable":true,"href":"https:\/\/agenciainfra.com\/blog\/wp-json\/wp\/v2\/users\/1"}],"replies":[{"embeddable":true,"href":"https:\/\/agenciainfra.com\/blog\/wp-json\/wp\/v2\/comments?post=32377"}],"version-history":[{"count":1,"href":"https:\/\/agenciainfra.com\/blog\/wp-json\/wp\/v2\/posts\/32377\/revisions"}],"predecessor-version":[{"id":32379,"href":"https:\/\/agenciainfra.com\/blog\/wp-json\/wp\/v2\/posts\/32377\/revisions\/32379"}],"wp:featuredmedia":[{"embeddable":true,"href":"https:\/\/agenciainfra.com\/blog\/wp-json\/wp\/v2\/media\/16972"}],"wp:attachment":[{"href":"https:\/\/agenciainfra.com\/blog\/wp-json\/wp\/v2\/media?parent=32377"}],"wp:term":[{"taxonomy":"category","embeddable":true,"href":"https:\/\/agenciainfra.com\/blog\/wp-json\/wp\/v2\/categories?post=32377"},{"taxonomy":"post_tag","embeddable":true,"href":"https:\/\/agenciainfra.com\/blog\/wp-json\/wp\/v2\/tags?post=32377"}],"curies":[{"name":"wp","href":"https:\/\/api.w.org\/{rel}","templated":true}]}}