{"id":32400,"date":"2025-11-18T12:42:55","date_gmt":"2025-11-18T15:42:55","guid":{"rendered":"https:\/\/agenciainfra.com\/blog\/?p=32400"},"modified":"2026-02-13T17:27:19","modified_gmt":"2026-02-13T20:27:19","slug":"parcerias-de-cidade-inteligente-e-convergencia-de-servicos-pos-ec-132","status":"publish","type":"post","link":"https:\/\/agenciainfra.com\/blog\/parcerias-de-cidade-inteligente-e-convergencia-de-servicos-pos-ec-132\/","title":{"rendered":"Parcerias de cidade inteligente e converg\u00eancia de servi\u00e7os p\u00f3s-EC 132"},"content":{"rendered":"\n<p class=\"has-text-align-right\"><strong>Gabriel Piassarollo Garcia*<br>Gabriel Fiuza de Bragan\u00e7a**<br>Frederico Araujo Turolla***<\/strong><\/p>\n\n\n\n<p>A converg\u00eancia de servi\u00e7os e solu\u00e7\u00f5es de cidades inteligentes \u00e9 uma realidade tanto no campo t\u00e9cnico quanto econ\u00f4mico-financeiro, mas os desafios legais do desenho e implementa\u00e7\u00e3o de PPPs (Parcerias P\u00fablico-Privadas) com escopo convergente foi, por muitos anos, limitada por desafios legais.\u00a0<\/p>\n\n\n\n<p>A promulga\u00e7\u00e3o da Emenda Constitucional n\u00ba 132 de 2023 endere\u00e7ou parte desses desafios, ampliando o escopo dos servi\u00e7os do art. 149-A potencialmente cobertos por garantias da contribui\u00e7\u00e3o espec\u00edfica da ilumina\u00e7\u00e3o p\u00fablica. Esse artigo foi inserido no texto constitucional pela Emenda 39 de 2002, prevendo custeio dos servi\u00e7os de ilumina\u00e7\u00e3o p\u00fablica. A EC 132\/2023 acrescentou a expans\u00e3o e melhoria dos servi\u00e7os de ilumina\u00e7\u00e3o p\u00fablica e agregou os sistemas de monitoramento para seguran\u00e7a e preserva\u00e7\u00e3o de logradouros p\u00fablicos \u2013 inclusive gerando discuss\u00e3o sobre a interpreta\u00e7\u00e3o desse novo texto.<\/p>\n\n\n\n<p>Com isto, abre-se o espa\u00e7o para novos contratos de PPP de escopo ampliado, desta feita possibilitando a inclus\u00e3o de servi\u00e7os convergentes com mais seguran\u00e7a e responsabilidade. O novo escopo pode levar em conta conceitos como a intelig\u00eancia urbana como um servi\u00e7o (<em>Urban Intelligence-As-A-Service<\/em>, ou UIAAS). A formata\u00e7\u00e3o de uma cesta de servi\u00e7os a serem empacotados em contratos de PPP, contudo, depende de caracter\u00edsticas desses servi\u00e7os. Ou seja, nem tudo que \u00e9 UIAAS faz sentido em um \u00fanico contrato de PPP. Alguns elementos deveriam ser observados inclusive na avalia\u00e7\u00e3o sobre a inclus\u00e3o dos v\u00e1rios escopos previstos na Nota T\u00e9cnica Conjunta n\u00ba 001\/2025\/SEPPI\/CC\/PR\/SNDUM\/MCID, que delineou diretrizes aos agentes estruturadores federais e subnacionais na modelagem de projetos de concess\u00e3o ou parcerias p\u00fablico-privadas para implementa\u00e7\u00e3o de solu\u00e7\u00f5es de cidades inteligentes.<\/p>\n\n\n\n<p>O escopo de base para as PPPs de cidades inteligentes tende a continuar sendo o servi\u00e7o de sistemas de IP (Ilumina\u00e7\u00e3o P\u00fablica). Esse servi\u00e7o re\u00fane diversas caracter\u00edsticas relevantes, come\u00e7ando pela sua ubiquidade no ambiente urbano. O risco de obsolesc\u00eancia tecnol\u00f3gica disruptiva se mostra baixo, representado apenas por solu\u00e7\u00f5es de bioluminesc\u00eancia e por grandes espelhos refletores espaciais hoje muito distantes de aplica\u00e7\u00f5es comerciais vi\u00e1veis. A maturidade do segmento, que j\u00e1 conta com cerca de 150 contratos em aberto e outras centenas em estrutura\u00e7\u00e3o, refor\u00e7a a relev\u00e2ncia do seu papel na transforma\u00e7\u00e3o dos munic\u00edpios brasileiros em dire\u00e7\u00e3o \u00e0s cidades inteligentes. A pr\u00f3pria NT 001\/2025 defende que, \u201csempre que tecnicamente vi\u00e1vel, a modelagem dever\u00e1 privilegiar o uso da infraestrutura do sistema de Ilumina\u00e7\u00e3o P\u00fablica como base para a integra\u00e7\u00e3o de servi\u00e7os digitais e inteligentes, em especial para solu\u00e7\u00f5es de conectividade, seguran\u00e7a e monitoramento urbano\u201d (62.2).<\/p>\n\n\n\n<p>O item 56.2 na NT 001\/2025 abrange a moderniza\u00e7\u00e3o de lumin\u00e1rias, com foco na eficientiza\u00e7\u00e3o do consumo de energia el\u00e9trica, a telegest\u00e3o da rede de lumin\u00e1rias e os sistemas de dimeriza\u00e7\u00e3o da lumin\u00e2ncia, com redu\u00e7\u00e3o de consumo por telecomando ou de forma adaptativa. Os servi\u00e7os de telegest\u00e3o e de dimeriza\u00e7\u00e3o poderiam ser considerados separadamente \u2013 j\u00e1 que em alguns casos n\u00e3o s\u00e3o exigidos do concession\u00e1rio de IP \u2013 mas gozam de elevada complementaridade, por mostrarem baixa intensidade de capital e baixa probabilidade de obsolesc\u00eancia enquanto t\u00eam alta integra\u00e7\u00e3o ao servi\u00e7o de base.<\/p>\n\n\n\n<p>A viabilidade t\u00e9cnica, contudo, n\u00e3o deveria ser o \u00fanico direcionador para essa considera\u00e7\u00e3o na estrutura\u00e7\u00e3o de contratos de parceria. Nem tudo cabe nos contratos de servi\u00e7os de ilumina\u00e7\u00e3o p\u00fablica, mesmo com a amplia\u00e7\u00e3o do escopo da Cosip (Contribui\u00e7\u00e3o para Custeio do Servi\u00e7o de Ilumina\u00e7\u00e3o P\u00fablica).<\/p>\n\n\n\n<p>O que mais caberia no contrato de ilumina\u00e7\u00e3o p\u00fablica? Em primeiro lugar, deve-se preterir, nesta cesta de servi\u00e7os, os que n\u00e3o s\u00e3o remunerados por disponibilidade, ou seja, que n\u00e3o guardam semelhan\u00e7a com o perfil de risco e remunera\u00e7\u00e3o da ilumina\u00e7\u00e3o. As usinas solares fotovoltaicas de MMGD (Micro e Minigera\u00e7\u00e3o Distribu\u00edda), um candidato usualmente associado ao ambiente convergente, n\u00e3o parecem preencher exatamente esse requisito. Esses ativos apresentam alta intensidade de capex com relevante risco de obsolesc\u00eancia tecnol\u00f3gica pela evolu\u00e7\u00e3o dos pain\u00e9is e dos componentes que comp\u00f5em o sistema. \u00c9 preciso levar em conta tamb\u00e9m as mudan\u00e7as e complexidades mercadol\u00f3gicas e regulat\u00f3rias do setor el\u00e9trico, que exigem um acompanhamento especializado.<\/p>\n\n\n\n<p>Em segundo lugar, \u00e9 relevante identificar o potencial de aproveitamento dos excedentes da Cosip municipal, ou de amplia\u00e7\u00e3o de sua arrecada\u00e7\u00e3o, o que depende dos usos pretendidos e do ambiente pol\u00edtico de cada munic\u00edpio. \u00c9 fato que, dada a limita\u00e7\u00e3o de arrecada\u00e7\u00e3o, a inclus\u00e3o de servi\u00e7os pode ser financiada por receitas garantidas de outras formas \u2013 como a tradicional vincula\u00e7\u00e3o de repasses do Fundo de Participa\u00e7\u00e3o dos Munic\u00edpios. \u00c9 preciso, entretanto, avaliar se a inclus\u00e3o desse segmento de receitas com garantia fora da Cosip aumenta a percep\u00e7\u00e3o de risco do projeto como um todo, assim como o impacto sobre o n\u00edvel de comprometimento do fluxo do fundo municipal.<\/p>\n\n\n\n<p>Nessa perspectiva, servi\u00e7os que envolvem alto capex com elevado risco de obsolesc\u00eancia tecnol\u00f3gica disruptiva podem agregar riscos elevados ao contrato, aumentando o custo final da pr\u00f3pria ilumina\u00e7\u00e3o p\u00fablica. Tendem, assim, a ser pensados separadamente em boas estrutura\u00e7\u00f5es \u2013 evitando-se \u201cfor\u00e7ar a barra\u201d no empacotamento, como j\u00e1 se fazia em alguns casos anteriores \u00e0 EC-132. A NT 001\/2025 preconiza, por exemplo, sistemas de mobilidade urbana (56.1) como elementos fundamentais das pol\u00edticas municipais de cidades inteligentes, mas muitos desses servi\u00e7os listados na Nota T\u00e9cnica devem ser vistos com cautela quando observados sob o ponto de vista da estrutura\u00e7\u00e3o de um contrato cuja base \u00e9 o servi\u00e7o de ilumina\u00e7\u00e3o p\u00fablica. Por outro lado, os servi\u00e7os dos sistemas de informa\u00e7\u00f5es ambientais sobre poluentes e balneabilidade (56.3) e de monitoramento e difus\u00e3o de par\u00e2metros e informa\u00e7\u00f5es que contribuem para a previs\u00e3o de desastres naturais (56.4) apresentam caracter\u00edsticas mais amig\u00e1veis ao escopo de base da IP.<\/p>\n\n\n\n<p>O avan\u00e7o dos munic\u00edpios em dire\u00e7\u00e3o aos servi\u00e7os convergentes de cidades inteligentes depende, portanto, da escolha de bons desenhos contratuais das parcerias p\u00fablico-privadas, com escopos cuidadosamente planejados para o sucesso do conjunto de servi\u00e7os. Em regra, na estrutura\u00e7\u00e3o de novos contratos, os servi\u00e7os finais \u00e9 que devem ser pensados, em vez do simples foco na disponibiliza\u00e7\u00e3o de equipamentos.&nbsp;<\/p>\n\n\n\n<p>O bom aproveitamento da estrutura de garantia oferecido pela Cosip, mesmo com a amplia\u00e7\u00e3o trazida pela emenda constitucional, pode ter alcance limitado. Apesar da amplia\u00e7\u00e3o, o cuidado em n\u00e3o agregar numerosos servi\u00e7os de baixo capex, que poderia compromet\u00ea-la, deve ser estudado e aproveitado com sabedoria pelos munic\u00edpios.<\/p>\n\n\n\n<p><strong>*Gabriel Piassarollo Garcia<\/strong> \u00e9 s\u00f3cio e l\u00edder da pr\u00e1tica de Energy da Pezco Economics.<\/p>\n\n\n\n<p><strong>**Gabriel Fiuza de Bragan\u00e7a<\/strong> \u00e9 s\u00f3cio s\u00eanior e diretor-executivo da Pezco Economics.<\/p>\n\n\n\n<p><strong>***Frederico Araujo Turolla<\/strong> \u00e9 s\u00f3cio fundador da Pezco Economics.<\/p>\n\n\n\n<p class=\"has-luminous-vivid-orange-color has-text-color has-link-color wp-elements-afaaa81626125a77b95b6a69457c218d\">As opini\u00f5es dos autores n\u00e3o refletem necessariamente o pensamento da<strong>&nbsp;Ag\u00eancia iNFRA<\/strong>, sendo de total responsabilidade do autor as informa\u00e7\u00f5es, ju\u00edzos de valor e conceitos descritos no texto.<\/p>\n","protected":false},"excerpt":{"rendered":"<p>Gabriel Piassarollo Garcia*Gabriel Fiuza de Bragan\u00e7a**Frederico Araujo Turolla*** A converg\u00eancia de servi\u00e7os e solu\u00e7\u00f5es de cidades inteligentes \u00e9 uma realidade tanto no campo t\u00e9cnico quanto econ\u00f4mico-financeiro, mas os desafios legais do desenho e implementa\u00e7\u00e3o de PPPs (Parcerias P\u00fablico-Privadas) com escopo convergente foi, por muitos anos, limitada por desafios legais.\u00a0 A promulga\u00e7\u00e3o da Emenda Constitucional n\u00ba [&hellip;]<\/p>\n","protected":false},"author":1,"featured_media":32401,"comment_status":"closed","ping_status":"closed","sticky":false,"template":"","format":"standard","meta":{"_monsterinsights_skip_tracking":false,"_monsterinsights_sitenote_active":false,"_monsterinsights_sitenote_note":"","_monsterinsights_sitenote_category":0,"footnotes":""},"categories":[18468,10040],"tags":[2544,16998,16997,16996,1967,3311,406],"class_list":["post-32400","post","type-post","status-publish","format-standard","has-post-thumbnail","hentry","category-infra-cidades","category-opiniao","tag-cidades-inteligentes","tag-frederico-araujo-turolla","tag-gabriel-fiuza-de-braganca","tag-gabriel-piassarollo-garcia","tag-iluminacao-publica","tag-pezco-economics","tag-ppps"],"yoast_head":"<!-- This site is optimized with the Yoast SEO Premium plugin v25.4 (Yoast SEO v26.0) - https:\/\/yoast.com\/wordpress\/plugins\/seo\/ -->\n<title>Parcerias de cidade inteligente e converg\u00eancia de servi\u00e7os p\u00f3s-EC 132 - Ag\u00eancia iNFRA<\/title>\n<meta name=\"robots\" content=\"index, follow, max-snippet:-1, max-image-preview:large, max-video-preview:-1\" \/>\n<link rel=\"canonical\" href=\"https:\/\/agenciainfra.com\/blog\/parcerias-de-cidade-inteligente-e-convergencia-de-servicos-pos-ec-132\/\" \/>\n<meta property=\"og:locale\" content=\"pt_BR\" \/>\n<meta property=\"og:type\" content=\"article\" \/>\n<meta property=\"og:title\" content=\"Parcerias de cidade inteligente e converg\u00eancia de servi\u00e7os p\u00f3s-EC 132\" \/>\n<meta property=\"og:description\" content=\"Gabriel Piassarollo Garcia*Gabriel Fiuza de Bragan\u00e7a**Frederico Araujo Turolla*** A converg\u00eancia de servi\u00e7os e solu\u00e7\u00f5es de cidades inteligentes \u00e9 uma realidade tanto no campo t\u00e9cnico quanto econ\u00f4mico-financeiro, mas os desafios legais do desenho e implementa\u00e7\u00e3o de PPPs (Parcerias P\u00fablico-Privadas) com escopo convergente foi, por muitos anos, limitada por desafios legais.\u00a0 A promulga\u00e7\u00e3o da Emenda Constitucional n\u00ba [&hellip;]\" \/>\n<meta property=\"og:url\" content=\"https:\/\/agenciainfra.com\/blog\/parcerias-de-cidade-inteligente-e-convergencia-de-servicos-pos-ec-132\/\" \/>\n<meta property=\"og:site_name\" content=\"Ag\u00eancia iNFRA\" \/>\n<meta property=\"article:publisher\" content=\"https:\/\/www.facebook.com\/ageninfra\" \/>\n<meta property=\"article:published_time\" content=\"2025-11-18T15:42:55+00:00\" \/>\n<meta property=\"article:modified_time\" content=\"2026-02-13T20:27:19+00:00\" \/>\n<meta property=\"og:image\" content=\"https:\/\/agenciainfra.com\/blog\/wp-content\/uploads\/2025\/11\/frederico-turolla-gabriel-piassarollo-e-gabriel-fiuza-foto-divulgacao.jpg\" \/>\n\t<meta property=\"og:image:width\" content=\"1280\" \/>\n\t<meta property=\"og:image:height\" content=\"789\" \/>\n\t<meta property=\"og:image:type\" content=\"image\/jpeg\" \/>\n<meta name=\"author\" content=\"Ag\u00eancia iNFRA\" \/>\n<meta name=\"twitter:card\" content=\"summary_large_image\" \/>\n<meta name=\"twitter:creator\" content=\"@agencia_infra\" \/>\n<meta name=\"twitter:site\" content=\"@agencia_infra\" \/>\n<meta name=\"twitter:label1\" content=\"Escrito por\" \/>\n\t<meta name=\"twitter:data1\" content=\"Ag\u00eancia iNFRA\" \/>\n\t<meta name=\"twitter:label2\" content=\"Est. tempo de leitura\" \/>\n\t<meta name=\"twitter:data2\" content=\"6 minutos\" \/>\n<script type=\"application\/ld+json\" class=\"yoast-schema-graph\">{\"@context\":\"https:\/\/schema.org\",\"@graph\":[{\"@type\":\"Article\",\"@id\":\"https:\/\/agenciainfra.com\/blog\/parcerias-de-cidade-inteligente-e-convergencia-de-servicos-pos-ec-132\/#article\",\"isPartOf\":{\"@id\":\"https:\/\/agenciainfra.com\/blog\/parcerias-de-cidade-inteligente-e-convergencia-de-servicos-pos-ec-132\/\"},\"author\":{\"name\":\"Ag\u00eancia iNFRA\",\"@id\":\"https:\/\/agenciainfra.com\/blog\/#\/schema\/person\/34af08dff6adea4cb22b06612ba7acfa\"},\"headline\":\"Parcerias de cidade inteligente e converg\u00eancia de servi\u00e7os p\u00f3s-EC 132\",\"datePublished\":\"2025-11-18T15:42:55+00:00\",\"dateModified\":\"2026-02-13T20:27:19+00:00\",\"mainEntityOfPage\":{\"@id\":\"https:\/\/agenciainfra.com\/blog\/parcerias-de-cidade-inteligente-e-convergencia-de-servicos-pos-ec-132\/\"},\"wordCount\":1252,\"publisher\":{\"@id\":\"https:\/\/agenciainfra.com\/blog\/#organization\"},\"image\":{\"@id\":\"https:\/\/agenciainfra.com\/blog\/parcerias-de-cidade-inteligente-e-convergencia-de-servicos-pos-ec-132\/#primaryimage\"},\"thumbnailUrl\":\"https:\/\/agenciainfra.com\/blog\/wp-content\/uploads\/2025\/11\/frederico-turolla-gabriel-piassarollo-e-gabriel-fiuza-foto-divulgacao.jpg\",\"keywords\":[\"cidades inteligentes\",\"Frederico Araujo Turolla\",\"Gabriel Fiuza de Bragan\u00e7a\",\"Gabriel Piassarollo Garcia\",\"ilumina\u00e7\u00e3o p\u00fablica\",\"Pezco Economics\",\"PPPs\"],\"articleSection\":[\"iNFRACidades\",\"Opini\u00e3o\"],\"inLanguage\":\"pt-BR\",\"copyrightYear\":\"2025\",\"copyrightHolder\":{\"@id\":\"https:\/\/agenciainfra.com\/blog\/#organization\"}},{\"@type\":\"WebPage\",\"@id\":\"https:\/\/agenciainfra.com\/blog\/parcerias-de-cidade-inteligente-e-convergencia-de-servicos-pos-ec-132\/\",\"url\":\"https:\/\/agenciainfra.com\/blog\/parcerias-de-cidade-inteligente-e-convergencia-de-servicos-pos-ec-132\/\",\"name\":\"Parcerias de cidade inteligente e converg\u00eancia de servi\u00e7os p\u00f3s-EC 132 - Ag\u00eancia iNFRA\",\"isPartOf\":{\"@id\":\"https:\/\/agenciainfra.com\/blog\/#website\"},\"primaryImageOfPage\":{\"@id\":\"https:\/\/agenciainfra.com\/blog\/parcerias-de-cidade-inteligente-e-convergencia-de-servicos-pos-ec-132\/#primaryimage\"},\"image\":{\"@id\":\"https:\/\/agenciainfra.com\/blog\/parcerias-de-cidade-inteligente-e-convergencia-de-servicos-pos-ec-132\/#primaryimage\"},\"thumbnailUrl\":\"https:\/\/agenciainfra.com\/blog\/wp-content\/uploads\/2025\/11\/frederico-turolla-gabriel-piassarollo-e-gabriel-fiuza-foto-divulgacao.jpg\",\"datePublished\":\"2025-11-18T15:42:55+00:00\",\"dateModified\":\"2026-02-13T20:27:19+00:00\",\"breadcrumb\":{\"@id\":\"https:\/\/agenciainfra.com\/blog\/parcerias-de-cidade-inteligente-e-convergencia-de-servicos-pos-ec-132\/#breadcrumb\"},\"inLanguage\":\"pt-BR\",\"potentialAction\":[{\"@type\":\"ReadAction\",\"target\":[\"https:\/\/agenciainfra.com\/blog\/parcerias-de-cidade-inteligente-e-convergencia-de-servicos-pos-ec-132\/\"]}]},{\"@type\":\"ImageObject\",\"inLanguage\":\"pt-BR\",\"@id\":\"https:\/\/agenciainfra.com\/blog\/parcerias-de-cidade-inteligente-e-convergencia-de-servicos-pos-ec-132\/#primaryimage\",\"url\":\"https:\/\/agenciainfra.com\/blog\/wp-content\/uploads\/2025\/11\/frederico-turolla-gabriel-piassarollo-e-gabriel-fiuza-foto-divulgacao.jpg\",\"contentUrl\":\"https:\/\/agenciainfra.com\/blog\/wp-content\/uploads\/2025\/11\/frederico-turolla-gabriel-piassarollo-e-gabriel-fiuza-foto-divulgacao.jpg\",\"width\":1280,\"height\":789,\"caption\":\"Foto: Divulga\u00e7\u00e3o\"},{\"@type\":\"BreadcrumbList\",\"@id\":\"https:\/\/agenciainfra.com\/blog\/parcerias-de-cidade-inteligente-e-convergencia-de-servicos-pos-ec-132\/#breadcrumb\",\"itemListElement\":[{\"@type\":\"ListItem\",\"position\":1,\"name\":\"In\u00edcio\",\"item\":\"https:\/\/agenciainfra.com\/blog\/\"},{\"@type\":\"ListItem\",\"position\":2,\"name\":\"Parcerias de cidade inteligente e converg\u00eancia de servi\u00e7os p\u00f3s-EC 132\"}]},{\"@type\":\"WebSite\",\"@id\":\"https:\/\/agenciainfra.com\/blog\/#website\",\"url\":\"https:\/\/agenciainfra.com\/blog\/\",\"name\":\"Ag\u00eancia iNFRA\",\"description\":\"Multiplataforma de informa\u00e7\u00e3o jornal\u00edstica refer\u00eancia na \u00e1rea de infraestrutura no Brasil!\",\"publisher\":{\"@id\":\"https:\/\/agenciainfra.com\/blog\/#organization\"},\"potentialAction\":[{\"@type\":\"SearchAction\",\"target\":{\"@type\":\"EntryPoint\",\"urlTemplate\":\"https:\/\/agenciainfra.com\/blog\/?s={search_term_string}\"},\"query-input\":{\"@type\":\"PropertyValueSpecification\",\"valueRequired\":true,\"valueName\":\"search_term_string\"}}],\"inLanguage\":\"pt-BR\"},{\"@type\":\"Organization\",\"@id\":\"https:\/\/agenciainfra.com\/blog\/#organization\",\"name\":\"Ag\u00eancia iNFRA\",\"url\":\"https:\/\/agenciainfra.com\/blog\/\",\"logo\":{\"@type\":\"ImageObject\",\"inLanguage\":\"pt-BR\",\"@id\":\"https:\/\/agenciainfra.com\/blog\/#\/schema\/logo\/image\/\",\"url\":\"https:\/\/agenciainfra.com\/blog\/wp-content\/uploads\/2023\/09\/iNFRA_5-e1761735885940.png\",\"contentUrl\":\"https:\/\/agenciainfra.com\/blog\/wp-content\/uploads\/2023\/09\/iNFRA_5-e1761735885940.png\",\"width\":1672,\"height\":454,\"caption\":\"Ag\u00eancia iNFRA\"},\"image\":{\"@id\":\"https:\/\/agenciainfra.com\/blog\/#\/schema\/logo\/image\/\"},\"sameAs\":[\"https:\/\/www.facebook.com\/ageninfra\",\"https:\/\/x.com\/agencia_infra\",\"https:\/\/www.linkedin.com\/company\/ag\u00eanciainfra\/\",\"https:\/\/www.instagram.com\/agenciainfra\/\"]},{\"@type\":\"Person\",\"@id\":\"https:\/\/agenciainfra.com\/blog\/#\/schema\/person\/34af08dff6adea4cb22b06612ba7acfa\",\"name\":\"Ag\u00eancia iNFRA\",\"image\":{\"@type\":\"ImageObject\",\"inLanguage\":\"pt-BR\",\"@id\":\"https:\/\/agenciainfra.com\/blog\/#\/schema\/person\/image\/\",\"url\":\"https:\/\/secure.gravatar.com\/avatar\/d189e01678f06d8eb84d4e01f08eb848b3fffe3f8443818d3c356c66892f5be8?s=96&d=mm&r=g\",\"contentUrl\":\"https:\/\/secure.gravatar.com\/avatar\/d189e01678f06d8eb84d4e01f08eb848b3fffe3f8443818d3c356c66892f5be8?s=96&d=mm&r=g\",\"caption\":\"Ag\u00eancia iNFRA\"},\"url\":\"https:\/\/agenciainfra.com\/blog\/author\/admin\/\"}]}<\/script>\n<!-- \/ Yoast SEO Premium plugin. -->","yoast_head_json":{"title":"Parcerias de cidade inteligente e converg\u00eancia de servi\u00e7os p\u00f3s-EC 132 - Ag\u00eancia iNFRA","robots":{"index":"index","follow":"follow","max-snippet":"max-snippet:-1","max-image-preview":"max-image-preview:large","max-video-preview":"max-video-preview:-1"},"canonical":"https:\/\/agenciainfra.com\/blog\/parcerias-de-cidade-inteligente-e-convergencia-de-servicos-pos-ec-132\/","og_locale":"pt_BR","og_type":"article","og_title":"Parcerias de cidade inteligente e converg\u00eancia de servi\u00e7os p\u00f3s-EC 132","og_description":"Gabriel Piassarollo Garcia*Gabriel Fiuza de Bragan\u00e7a**Frederico Araujo Turolla*** A converg\u00eancia de servi\u00e7os e solu\u00e7\u00f5es de cidades inteligentes \u00e9 uma realidade tanto no campo t\u00e9cnico quanto econ\u00f4mico-financeiro, mas os desafios legais do desenho e implementa\u00e7\u00e3o de PPPs (Parcerias P\u00fablico-Privadas) com escopo convergente foi, por muitos anos, limitada por desafios legais.\u00a0 A promulga\u00e7\u00e3o da Emenda Constitucional n\u00ba [&hellip;]","og_url":"https:\/\/agenciainfra.com\/blog\/parcerias-de-cidade-inteligente-e-convergencia-de-servicos-pos-ec-132\/","og_site_name":"Ag\u00eancia iNFRA","article_publisher":"https:\/\/www.facebook.com\/ageninfra","article_published_time":"2025-11-18T15:42:55+00:00","article_modified_time":"2026-02-13T20:27:19+00:00","og_image":[{"width":1280,"height":789,"url":"https:\/\/agenciainfra.com\/blog\/wp-content\/uploads\/2025\/11\/frederico-turolla-gabriel-piassarollo-e-gabriel-fiuza-foto-divulgacao.jpg","type":"image\/jpeg"}],"author":"Ag\u00eancia iNFRA","twitter_card":"summary_large_image","twitter_creator":"@agencia_infra","twitter_site":"@agencia_infra","twitter_misc":{"Escrito por":"Ag\u00eancia iNFRA","Est. tempo de leitura":"6 minutos"},"schema":{"@context":"https:\/\/schema.org","@graph":[{"@type":"Article","@id":"https:\/\/agenciainfra.com\/blog\/parcerias-de-cidade-inteligente-e-convergencia-de-servicos-pos-ec-132\/#article","isPartOf":{"@id":"https:\/\/agenciainfra.com\/blog\/parcerias-de-cidade-inteligente-e-convergencia-de-servicos-pos-ec-132\/"},"author":{"name":"Ag\u00eancia iNFRA","@id":"https:\/\/agenciainfra.com\/blog\/#\/schema\/person\/34af08dff6adea4cb22b06612ba7acfa"},"headline":"Parcerias de cidade inteligente e converg\u00eancia de servi\u00e7os p\u00f3s-EC 132","datePublished":"2025-11-18T15:42:55+00:00","dateModified":"2026-02-13T20:27:19+00:00","mainEntityOfPage":{"@id":"https:\/\/agenciainfra.com\/blog\/parcerias-de-cidade-inteligente-e-convergencia-de-servicos-pos-ec-132\/"},"wordCount":1252,"publisher":{"@id":"https:\/\/agenciainfra.com\/blog\/#organization"},"image":{"@id":"https:\/\/agenciainfra.com\/blog\/parcerias-de-cidade-inteligente-e-convergencia-de-servicos-pos-ec-132\/#primaryimage"},"thumbnailUrl":"https:\/\/agenciainfra.com\/blog\/wp-content\/uploads\/2025\/11\/frederico-turolla-gabriel-piassarollo-e-gabriel-fiuza-foto-divulgacao.jpg","keywords":["cidades inteligentes","Frederico Araujo Turolla","Gabriel Fiuza de Bragan\u00e7a","Gabriel Piassarollo Garcia","ilumina\u00e7\u00e3o p\u00fablica","Pezco Economics","PPPs"],"articleSection":["iNFRACidades","Opini\u00e3o"],"inLanguage":"pt-BR","copyrightYear":"2025","copyrightHolder":{"@id":"https:\/\/agenciainfra.com\/blog\/#organization"}},{"@type":"WebPage","@id":"https:\/\/agenciainfra.com\/blog\/parcerias-de-cidade-inteligente-e-convergencia-de-servicos-pos-ec-132\/","url":"https:\/\/agenciainfra.com\/blog\/parcerias-de-cidade-inteligente-e-convergencia-de-servicos-pos-ec-132\/","name":"Parcerias de cidade inteligente e converg\u00eancia de servi\u00e7os p\u00f3s-EC 132 - Ag\u00eancia iNFRA","isPartOf":{"@id":"https:\/\/agenciainfra.com\/blog\/#website"},"primaryImageOfPage":{"@id":"https:\/\/agenciainfra.com\/blog\/parcerias-de-cidade-inteligente-e-convergencia-de-servicos-pos-ec-132\/#primaryimage"},"image":{"@id":"https:\/\/agenciainfra.com\/blog\/parcerias-de-cidade-inteligente-e-convergencia-de-servicos-pos-ec-132\/#primaryimage"},"thumbnailUrl":"https:\/\/agenciainfra.com\/blog\/wp-content\/uploads\/2025\/11\/frederico-turolla-gabriel-piassarollo-e-gabriel-fiuza-foto-divulgacao.jpg","datePublished":"2025-11-18T15:42:55+00:00","dateModified":"2026-02-13T20:27:19+00:00","breadcrumb":{"@id":"https:\/\/agenciainfra.com\/blog\/parcerias-de-cidade-inteligente-e-convergencia-de-servicos-pos-ec-132\/#breadcrumb"},"inLanguage":"pt-BR","potentialAction":[{"@type":"ReadAction","target":["https:\/\/agenciainfra.com\/blog\/parcerias-de-cidade-inteligente-e-convergencia-de-servicos-pos-ec-132\/"]}]},{"@type":"ImageObject","inLanguage":"pt-BR","@id":"https:\/\/agenciainfra.com\/blog\/parcerias-de-cidade-inteligente-e-convergencia-de-servicos-pos-ec-132\/#primaryimage","url":"https:\/\/agenciainfra.com\/blog\/wp-content\/uploads\/2025\/11\/frederico-turolla-gabriel-piassarollo-e-gabriel-fiuza-foto-divulgacao.jpg","contentUrl":"https:\/\/agenciainfra.com\/blog\/wp-content\/uploads\/2025\/11\/frederico-turolla-gabriel-piassarollo-e-gabriel-fiuza-foto-divulgacao.jpg","width":1280,"height":789,"caption":"Foto: Divulga\u00e7\u00e3o"},{"@type":"BreadcrumbList","@id":"https:\/\/agenciainfra.com\/blog\/parcerias-de-cidade-inteligente-e-convergencia-de-servicos-pos-ec-132\/#breadcrumb","itemListElement":[{"@type":"ListItem","position":1,"name":"In\u00edcio","item":"https:\/\/agenciainfra.com\/blog\/"},{"@type":"ListItem","position":2,"name":"Parcerias de cidade inteligente e converg\u00eancia de servi\u00e7os p\u00f3s-EC 132"}]},{"@type":"WebSite","@id":"https:\/\/agenciainfra.com\/blog\/#website","url":"https:\/\/agenciainfra.com\/blog\/","name":"Ag\u00eancia iNFRA","description":"Multiplataforma de informa\u00e7\u00e3o jornal\u00edstica refer\u00eancia na \u00e1rea de infraestrutura no Brasil!","publisher":{"@id":"https:\/\/agenciainfra.com\/blog\/#organization"},"potentialAction":[{"@type":"SearchAction","target":{"@type":"EntryPoint","urlTemplate":"https:\/\/agenciainfra.com\/blog\/?s={search_term_string}"},"query-input":{"@type":"PropertyValueSpecification","valueRequired":true,"valueName":"search_term_string"}}],"inLanguage":"pt-BR"},{"@type":"Organization","@id":"https:\/\/agenciainfra.com\/blog\/#organization","name":"Ag\u00eancia iNFRA","url":"https:\/\/agenciainfra.com\/blog\/","logo":{"@type":"ImageObject","inLanguage":"pt-BR","@id":"https:\/\/agenciainfra.com\/blog\/#\/schema\/logo\/image\/","url":"https:\/\/agenciainfra.com\/blog\/wp-content\/uploads\/2023\/09\/iNFRA_5-e1761735885940.png","contentUrl":"https:\/\/agenciainfra.com\/blog\/wp-content\/uploads\/2023\/09\/iNFRA_5-e1761735885940.png","width":1672,"height":454,"caption":"Ag\u00eancia iNFRA"},"image":{"@id":"https:\/\/agenciainfra.com\/blog\/#\/schema\/logo\/image\/"},"sameAs":["https:\/\/www.facebook.com\/ageninfra","https:\/\/x.com\/agencia_infra","https:\/\/www.linkedin.com\/company\/ag\u00eanciainfra\/","https:\/\/www.instagram.com\/agenciainfra\/"]},{"@type":"Person","@id":"https:\/\/agenciainfra.com\/blog\/#\/schema\/person\/34af08dff6adea4cb22b06612ba7acfa","name":"Ag\u00eancia iNFRA","image":{"@type":"ImageObject","inLanguage":"pt-BR","@id":"https:\/\/agenciainfra.com\/blog\/#\/schema\/person\/image\/","url":"https:\/\/secure.gravatar.com\/avatar\/d189e01678f06d8eb84d4e01f08eb848b3fffe3f8443818d3c356c66892f5be8?s=96&d=mm&r=g","contentUrl":"https:\/\/secure.gravatar.com\/avatar\/d189e01678f06d8eb84d4e01f08eb848b3fffe3f8443818d3c356c66892f5be8?s=96&d=mm&r=g","caption":"Ag\u00eancia iNFRA"},"url":"https:\/\/agenciainfra.com\/blog\/author\/admin\/"}]}},"_links":{"self":[{"href":"https:\/\/agenciainfra.com\/blog\/wp-json\/wp\/v2\/posts\/32400","targetHints":{"allow":["GET"]}}],"collection":[{"href":"https:\/\/agenciainfra.com\/blog\/wp-json\/wp\/v2\/posts"}],"about":[{"href":"https:\/\/agenciainfra.com\/blog\/wp-json\/wp\/v2\/types\/post"}],"author":[{"embeddable":true,"href":"https:\/\/agenciainfra.com\/blog\/wp-json\/wp\/v2\/users\/1"}],"replies":[{"embeddable":true,"href":"https:\/\/agenciainfra.com\/blog\/wp-json\/wp\/v2\/comments?post=32400"}],"version-history":[{"count":1,"href":"https:\/\/agenciainfra.com\/blog\/wp-json\/wp\/v2\/posts\/32400\/revisions"}],"predecessor-version":[{"id":32402,"href":"https:\/\/agenciainfra.com\/blog\/wp-json\/wp\/v2\/posts\/32400\/revisions\/32402"}],"wp:featuredmedia":[{"embeddable":true,"href":"https:\/\/agenciainfra.com\/blog\/wp-json\/wp\/v2\/media\/32401"}],"wp:attachment":[{"href":"https:\/\/agenciainfra.com\/blog\/wp-json\/wp\/v2\/media?parent=32400"}],"wp:term":[{"taxonomy":"category","embeddable":true,"href":"https:\/\/agenciainfra.com\/blog\/wp-json\/wp\/v2\/categories?post=32400"},{"taxonomy":"post_tag","embeddable":true,"href":"https:\/\/agenciainfra.com\/blog\/wp-json\/wp\/v2\/tags?post=32400"}],"curies":[{"name":"wp","href":"https:\/\/api.w.org\/{rel}","templated":true}]}}