{"id":3241,"date":"2019-06-03T08:00:48","date_gmt":"2019-06-03T11:00:48","guid":{"rendered":"http:\/\/www.agenciainfra.com\/blog\/?p=3241"},"modified":"2019-05-30T21:14:51","modified_gmt":"2019-05-31T00:14:51","slug":"antaq-vai-fazer-estudo-para-reavaliar-parametros-sobre-limite-a-afretamento-de-navios","status":"publish","type":"post","link":"https:\/\/agenciainfra.com\/blog\/antaq-vai-fazer-estudo-para-reavaliar-parametros-sobre-limite-a-afretamento-de-navios\/","title":{"rendered":"ANTAQ vai fazer estudo para reavaliar par\u00e2metros sobre limite a afretamento de navios"},"content":{"rendered":"<h5 style=\"text-align: right;\"><strong>da Ag\u00eancia iNFRA<\/strong><\/h5>\n<div>\n<p>A ANTAQ (Ag\u00eancia Nacional de Transportes Aquavi\u00e1rios) vai determinar que suas \u00e1reas t\u00e9cnicas fa\u00e7am uma avalia\u00e7\u00e3o para apresentar c\u00e1lculos para estabelecer par\u00e2metros adequados de avalia\u00e7\u00e3o de limites para o tamanho de navios estrangeiros que s\u00e3o afretados.<\/p>\n<p>A decis\u00e3o foi tomada no dia 28 de maio, na reuni\u00e3o de diretoria que avaliou 9 processos sobre o tema, todos sob a relatoria do diretor Francisval Mendes. Em seu voto, Mendes destacou que \u00e9 necess\u00e1rio um melhor disciplinamento sobre o tema para evitar desequil\u00edbrios concorrenciais.<\/p>\n<p>Segundo o diretor, empresas e associa\u00e7\u00f5es entraram com reclama\u00e7\u00f5es na ag\u00eancia sobre esse procedimento, que \u00e9 chamado de alavancagem de tonelagem. As normas da ag\u00eancia exigem que para afretar um navio estrangeiro \u00e9 necess\u00e1rio que ele tenha o tamanho (tonelagem) semelhante ao que a empresa brasileira j\u00e1 possui.<\/p>\n<p>No entanto, empresas brasileiras estariam utilizando-se de navios de baixo valor, mas alta tonelagem, para poder contratar navios estrangeiros na mesma propor\u00e7\u00e3o. Segundo Mendes, \u00e9 necess\u00e1rio um estudo pormenorizado do tema para uma melhor avalia\u00e7\u00e3o. N\u00e3o foi dado prazo para esse procedimento.<\/p>\n<p><strong>BTP tem reequil\u00edbrio<\/strong><br \/>\nA ag\u00eancia tamb\u00e9m concedeu reequil\u00edbrio contratual para a BTP (Brasil Terminal Portu\u00e1rio), em Santos (SP), mas em valor bem abaixo do pedido da companhia. A empresa queria reequil\u00edbrio de R$ 2,1 bilh\u00f5es por causa de atraso de licen\u00e7as ambientais e de obras, entre outros motivos. O valor admitido foi de R$ 68 milh\u00f5es.<\/p>\n<p>A ANTAQ considerou que a empresa assumiu risco ao fazer terminal na regi\u00e3o da Alemoa, um antigo lix\u00e3o, em \u00e1rea que era necess\u00e1ria recupera\u00e7\u00e3o ambiental. Al\u00e9m disso, disse ainda que o projeto foi viabilizado porque acionistas da BTP, que s\u00e3o empresas de navega\u00e7\u00e3o, assumiram risco ao garantir carga para o projeto em acordo de acionistas.<\/p>\n<p>Parte dos pedidos de reequil\u00edbrio foi considerada pelo relator, o diretor M\u00e1rio Povia, principalmente em rela\u00e7\u00e3o a desobrigar a empresa de realizar investimentos previstos inicialmente no contrato em terminal para gran\u00e9is l\u00edquidos. Os diretores consideraram que o porto j\u00e1 estaria suficientemente atendido.<\/p>\n<p>Houve voto divergente do diretor Adalberto Tokarski, que queria considerar um par\u00e2metro de c\u00e1lculo diferente do usado em rela\u00e7\u00e3o ao prazo do acordo de acionistas que garante carga para o terminal acima da m\u00e9dia do mercado.<\/p>\n<p>No c\u00e1lculo defendido por Tokarski, em que o acordo vale at\u00e9 2023, o valor do reequil\u00edbrio subiria para cerca de R$ 300 milh\u00f5es. No c\u00e1lculo de Povia, o acordo iria at\u00e9 2027, e isso reduziria o valor do reequil\u00edbrio a R$ 67 milh\u00f5es.<\/p>\n<p><strong>THC 2<\/strong><br \/>\nOs diretores tamb\u00e9m iniciaram a vota\u00e7\u00e3o do processo sobre a audi\u00eancia p\u00fablica que tratar\u00e1 da normatiza\u00e7\u00e3o do chamado THC 2. No entanto, houve pedido de vista do diretor Francisval Mendes ap\u00f3s voto lido pelo diretor Povia.<\/p>\n<p>Tamb\u00e9m foram mantidos os pedidos de vista dos processos que analisavam a anula\u00e7\u00e3o de cl\u00e1usula do contrato da CDRJ (Companhia Docas do Rio de Janeiro) com a CPBS (Companhia Docas da Ba\u00eda de Sepetiba) e que revisa o EVTEA do NTS Terminais e Log\u00edstica no Porto de Santos (SP).<\/p>\n<\/div>\n","protected":false},"excerpt":{"rendered":"<p>da Ag\u00eancia iNFRA A ANTAQ (Ag\u00eancia Nacional de Transportes Aquavi\u00e1rios) vai determinar que suas \u00e1reas t\u00e9cnicas fa\u00e7am uma avalia\u00e7\u00e3o para apresentar c\u00e1lculos para estabelecer par\u00e2metros adequados de avalia\u00e7\u00e3o de limites para o tamanho de navios estrangeiros que s\u00e3o afretados. A decis\u00e3o foi tomada no dia 28 de maio, na reuni\u00e3o de diretoria que avaliou 9 [&hellip;]<\/p>\n","protected":false},"author":9,"featured_media":3242,"comment_status":"closed","ping_status":"open","sticky":false,"template":"","format":"standard","meta":{"_monsterinsights_skip_tracking":false,"_monsterinsights_sitenote_active":false,"_monsterinsights_sitenote_note":"","_monsterinsights_sitenote_category":0,"footnotes":""},"categories":[7],"tags":[926,1028,86,1029,1030,925,408],"class_list":["post-3241","post","type-post","status-publish","format-standard","has-post-thumbnail","hentry","category-infratransporte","tag-adalberto-tokarski","tag-afretamento-de-navios","tag-antaq","tag-brasil-terminal-portuario","tag-btp","tag-francisval-mendes","tag-mario-povia"],"yoast_head":"<!-- This site is optimized with the Yoast SEO Premium plugin v25.4 (Yoast SEO v26.0) - https:\/\/yoast.com\/wordpress\/plugins\/seo\/ -->\n<title>ANTAQ vai fazer estudo para reavaliar par\u00e2metros sobre limite a afretamento de navios - Ag\u00eancia iNFRA<\/title>\n<meta name=\"robots\" content=\"index, follow, max-snippet:-1, max-image-preview:large, max-video-preview:-1\" \/>\n<link rel=\"canonical\" href=\"https:\/\/agenciainfra.com\/blog\/antaq-vai-fazer-estudo-para-reavaliar-parametros-sobre-limite-a-afretamento-de-navios\/\" \/>\n<meta property=\"og:locale\" content=\"pt_BR\" \/>\n<meta property=\"og:type\" content=\"article\" \/>\n<meta property=\"og:title\" content=\"ANTAQ vai fazer estudo para reavaliar par\u00e2metros sobre limite a afretamento de navios\" \/>\n<meta property=\"og:description\" content=\"da Ag\u00eancia iNFRA A ANTAQ (Ag\u00eancia Nacional de Transportes Aquavi\u00e1rios) vai determinar que suas \u00e1reas t\u00e9cnicas fa\u00e7am uma avalia\u00e7\u00e3o para apresentar c\u00e1lculos para estabelecer par\u00e2metros adequados de avalia\u00e7\u00e3o de limites para o tamanho de navios estrangeiros que s\u00e3o afretados. A decis\u00e3o foi tomada no dia 28 de maio, na reuni\u00e3o de diretoria que avaliou 9 [&hellip;]\" \/>\n<meta property=\"og:url\" content=\"https:\/\/agenciainfra.com\/blog\/antaq-vai-fazer-estudo-para-reavaliar-parametros-sobre-limite-a-afretamento-de-navios\/\" \/>\n<meta property=\"og:site_name\" content=\"Ag\u00eancia iNFRA\" \/>\n<meta property=\"article:publisher\" content=\"https:\/\/www.facebook.com\/ageninfra\" \/>\n<meta property=\"article:published_time\" content=\"2019-06-03T11:00:48+00:00\" \/>\n<meta property=\"og:image\" content=\"https:\/\/agenciainfra.com\/blog\/wp-content\/uploads\/2019\/05\/foto-jose-fernando-ogura-anpr.jpg\" \/>\n\t<meta property=\"og:image:width\" content=\"2400\" \/>\n\t<meta property=\"og:image:height\" content=\"1800\" \/>\n\t<meta property=\"og:image:type\" content=\"image\/jpeg\" \/>\n<meta name=\"author\" content=\"Rodrigo Zuquim\" \/>\n<meta name=\"twitter:card\" content=\"summary_large_image\" \/>\n<meta name=\"twitter:creator\" content=\"@agencia_infra\" \/>\n<meta name=\"twitter:site\" content=\"@agencia_infra\" \/>\n<meta name=\"twitter:label1\" content=\"Escrito por\" \/>\n\t<meta name=\"twitter:data1\" content=\"Rodrigo Zuquim\" \/>\n\t<meta name=\"twitter:label2\" content=\"Est. tempo de leitura\" \/>\n\t<meta name=\"twitter:data2\" content=\"3 minutos\" \/>\n<script type=\"application\/ld+json\" class=\"yoast-schema-graph\">{\"@context\":\"https:\/\/schema.org\",\"@graph\":[{\"@type\":\"Article\",\"@id\":\"https:\/\/agenciainfra.com\/blog\/antaq-vai-fazer-estudo-para-reavaliar-parametros-sobre-limite-a-afretamento-de-navios\/#article\",\"isPartOf\":{\"@id\":\"https:\/\/agenciainfra.com\/blog\/antaq-vai-fazer-estudo-para-reavaliar-parametros-sobre-limite-a-afretamento-de-navios\/\"},\"author\":{\"name\":\"Rodrigo Zuquim\",\"@id\":\"https:\/\/agenciainfra.com\/blog\/#\/schema\/person\/04dbb79bd6d8951f063da71f3e4c1eb1\"},\"headline\":\"ANTAQ vai fazer estudo para reavaliar par\u00e2metros sobre limite a afretamento de navios\",\"datePublished\":\"2019-06-03T11:00:48+00:00\",\"mainEntityOfPage\":{\"@id\":\"https:\/\/agenciainfra.com\/blog\/antaq-vai-fazer-estudo-para-reavaliar-parametros-sobre-limite-a-afretamento-de-navios\/\"},\"wordCount\":559,\"publisher\":{\"@id\":\"https:\/\/agenciainfra.com\/blog\/#organization\"},\"image\":{\"@id\":\"https:\/\/agenciainfra.com\/blog\/antaq-vai-fazer-estudo-para-reavaliar-parametros-sobre-limite-a-afretamento-de-navios\/#primaryimage\"},\"thumbnailUrl\":\"https:\/\/agenciainfra.com\/blog\/wp-content\/uploads\/2019\/05\/foto-jose-fernando-ogura-anpr.jpg\",\"keywords\":[\"Adalberto Tokarski\",\"afretamento de navios\",\"ANTAQ\",\"Brasil Terminal Portu\u00e1rio\",\"BTP\",\"Francisval Mendes\",\"M\u00e1rio Povia\"],\"articleSection\":[\"iNFRATransporte\"],\"inLanguage\":\"pt-BR\",\"copyrightYear\":\"2019\",\"copyrightHolder\":{\"@id\":\"https:\/\/agenciainfra.com\/blog\/#organization\"}},{\"@type\":\"WebPage\",\"@id\":\"https:\/\/agenciainfra.com\/blog\/antaq-vai-fazer-estudo-para-reavaliar-parametros-sobre-limite-a-afretamento-de-navios\/\",\"url\":\"https:\/\/agenciainfra.com\/blog\/antaq-vai-fazer-estudo-para-reavaliar-parametros-sobre-limite-a-afretamento-de-navios\/\",\"name\":\"ANTAQ vai fazer estudo para reavaliar par\u00e2metros sobre limite a afretamento de navios - Ag\u00eancia iNFRA\",\"isPartOf\":{\"@id\":\"https:\/\/agenciainfra.com\/blog\/#website\"},\"primaryImageOfPage\":{\"@id\":\"https:\/\/agenciainfra.com\/blog\/antaq-vai-fazer-estudo-para-reavaliar-parametros-sobre-limite-a-afretamento-de-navios\/#primaryimage\"},\"image\":{\"@id\":\"https:\/\/agenciainfra.com\/blog\/antaq-vai-fazer-estudo-para-reavaliar-parametros-sobre-limite-a-afretamento-de-navios\/#primaryimage\"},\"thumbnailUrl\":\"https:\/\/agenciainfra.com\/blog\/wp-content\/uploads\/2019\/05\/foto-jose-fernando-ogura-anpr.jpg\",\"datePublished\":\"2019-06-03T11:00:48+00:00\",\"breadcrumb\":{\"@id\":\"https:\/\/agenciainfra.com\/blog\/antaq-vai-fazer-estudo-para-reavaliar-parametros-sobre-limite-a-afretamento-de-navios\/#breadcrumb\"},\"inLanguage\":\"pt-BR\",\"potentialAction\":[{\"@type\":\"ReadAction\",\"target\":[\"https:\/\/agenciainfra.com\/blog\/antaq-vai-fazer-estudo-para-reavaliar-parametros-sobre-limite-a-afretamento-de-navios\/\"]}]},{\"@type\":\"ImageObject\",\"inLanguage\":\"pt-BR\",\"@id\":\"https:\/\/agenciainfra.com\/blog\/antaq-vai-fazer-estudo-para-reavaliar-parametros-sobre-limite-a-afretamento-de-navios\/#primaryimage\",\"url\":\"https:\/\/agenciainfra.com\/blog\/wp-content\/uploads\/2019\/05\/foto-jose-fernando-ogura-anpr.jpg\",\"contentUrl\":\"https:\/\/agenciainfra.com\/blog\/wp-content\/uploads\/2019\/05\/foto-jose-fernando-ogura-anpr.jpg\",\"width\":2400,\"height\":1800},{\"@type\":\"BreadcrumbList\",\"@id\":\"https:\/\/agenciainfra.com\/blog\/antaq-vai-fazer-estudo-para-reavaliar-parametros-sobre-limite-a-afretamento-de-navios\/#breadcrumb\",\"itemListElement\":[{\"@type\":\"ListItem\",\"position\":1,\"name\":\"In\u00edcio\",\"item\":\"https:\/\/agenciainfra.com\/blog\/\"},{\"@type\":\"ListItem\",\"position\":2,\"name\":\"ANTAQ vai fazer estudo para reavaliar par\u00e2metros sobre limite a afretamento de navios\"}]},{\"@type\":\"WebSite\",\"@id\":\"https:\/\/agenciainfra.com\/blog\/#website\",\"url\":\"https:\/\/agenciainfra.com\/blog\/\",\"name\":\"Ag\u00eancia iNFRA\",\"description\":\"Multiplataforma de informa\u00e7\u00e3o jornal\u00edstica refer\u00eancia na \u00e1rea de infraestrutura no Brasil!\",\"publisher\":{\"@id\":\"https:\/\/agenciainfra.com\/blog\/#organization\"},\"potentialAction\":[{\"@type\":\"SearchAction\",\"target\":{\"@type\":\"EntryPoint\",\"urlTemplate\":\"https:\/\/agenciainfra.com\/blog\/?s={search_term_string}\"},\"query-input\":{\"@type\":\"PropertyValueSpecification\",\"valueRequired\":true,\"valueName\":\"search_term_string\"}}],\"inLanguage\":\"pt-BR\"},{\"@type\":\"Organization\",\"@id\":\"https:\/\/agenciainfra.com\/blog\/#organization\",\"name\":\"Ag\u00eancia iNFRA\",\"url\":\"https:\/\/agenciainfra.com\/blog\/\",\"logo\":{\"@type\":\"ImageObject\",\"inLanguage\":\"pt-BR\",\"@id\":\"https:\/\/agenciainfra.com\/blog\/#\/schema\/logo\/image\/\",\"url\":\"https:\/\/agenciainfra.com\/blog\/wp-content\/uploads\/2023\/09\/iNFRA_5-e1761735885940.png\",\"contentUrl\":\"https:\/\/agenciainfra.com\/blog\/wp-content\/uploads\/2023\/09\/iNFRA_5-e1761735885940.png\",\"width\":1672,\"height\":454,\"caption\":\"Ag\u00eancia iNFRA\"},\"image\":{\"@id\":\"https:\/\/agenciainfra.com\/blog\/#\/schema\/logo\/image\/\"},\"sameAs\":[\"https:\/\/www.facebook.com\/ageninfra\",\"https:\/\/x.com\/agencia_infra\",\"https:\/\/www.linkedin.com\/company\/ag\u00eanciainfra\/\",\"https:\/\/www.instagram.com\/agenciainfra\/\"]},{\"@type\":\"Person\",\"@id\":\"https:\/\/agenciainfra.com\/blog\/#\/schema\/person\/04dbb79bd6d8951f063da71f3e4c1eb1\",\"name\":\"Rodrigo Zuquim\",\"image\":{\"@type\":\"ImageObject\",\"inLanguage\":\"pt-BR\",\"@id\":\"https:\/\/agenciainfra.com\/blog\/#\/schema\/person\/image\/\",\"url\":\"https:\/\/secure.gravatar.com\/avatar\/594abfe82761d620726242ff34ca472a705a4b97f16c790053a6b4c4035274d0?s=96&d=mm&r=g\",\"contentUrl\":\"https:\/\/secure.gravatar.com\/avatar\/594abfe82761d620726242ff34ca472a705a4b97f16c790053a6b4c4035274d0?s=96&d=mm&r=g\",\"caption\":\"Rodrigo Zuquim\"},\"url\":\"https:\/\/agenciainfra.com\/blog\/author\/rodrigo-zuquim\/\"}]}<\/script>\n<!-- \/ Yoast SEO Premium plugin. -->","yoast_head_json":{"title":"ANTAQ vai fazer estudo para reavaliar par\u00e2metros sobre limite a afretamento de navios - Ag\u00eancia iNFRA","robots":{"index":"index","follow":"follow","max-snippet":"max-snippet:-1","max-image-preview":"max-image-preview:large","max-video-preview":"max-video-preview:-1"},"canonical":"https:\/\/agenciainfra.com\/blog\/antaq-vai-fazer-estudo-para-reavaliar-parametros-sobre-limite-a-afretamento-de-navios\/","og_locale":"pt_BR","og_type":"article","og_title":"ANTAQ vai fazer estudo para reavaliar par\u00e2metros sobre limite a afretamento de navios","og_description":"da Ag\u00eancia iNFRA A ANTAQ (Ag\u00eancia Nacional de Transportes Aquavi\u00e1rios) vai determinar que suas \u00e1reas t\u00e9cnicas fa\u00e7am uma avalia\u00e7\u00e3o para apresentar c\u00e1lculos para estabelecer par\u00e2metros adequados de avalia\u00e7\u00e3o de limites para o tamanho de navios estrangeiros que s\u00e3o afretados. A decis\u00e3o foi tomada no dia 28 de maio, na reuni\u00e3o de diretoria que avaliou 9 [&hellip;]","og_url":"https:\/\/agenciainfra.com\/blog\/antaq-vai-fazer-estudo-para-reavaliar-parametros-sobre-limite-a-afretamento-de-navios\/","og_site_name":"Ag\u00eancia iNFRA","article_publisher":"https:\/\/www.facebook.com\/ageninfra","article_published_time":"2019-06-03T11:00:48+00:00","og_image":[{"width":2400,"height":1800,"url":"https:\/\/agenciainfra.com\/blog\/wp-content\/uploads\/2019\/05\/foto-jose-fernando-ogura-anpr.jpg","type":"image\/jpeg"}],"author":"Rodrigo Zuquim","twitter_card":"summary_large_image","twitter_creator":"@agencia_infra","twitter_site":"@agencia_infra","twitter_misc":{"Escrito por":"Rodrigo Zuquim","Est. tempo de leitura":"3 minutos"},"schema":{"@context":"https:\/\/schema.org","@graph":[{"@type":"Article","@id":"https:\/\/agenciainfra.com\/blog\/antaq-vai-fazer-estudo-para-reavaliar-parametros-sobre-limite-a-afretamento-de-navios\/#article","isPartOf":{"@id":"https:\/\/agenciainfra.com\/blog\/antaq-vai-fazer-estudo-para-reavaliar-parametros-sobre-limite-a-afretamento-de-navios\/"},"author":{"name":"Rodrigo Zuquim","@id":"https:\/\/agenciainfra.com\/blog\/#\/schema\/person\/04dbb79bd6d8951f063da71f3e4c1eb1"},"headline":"ANTAQ vai fazer estudo para reavaliar par\u00e2metros sobre limite a afretamento de navios","datePublished":"2019-06-03T11:00:48+00:00","mainEntityOfPage":{"@id":"https:\/\/agenciainfra.com\/blog\/antaq-vai-fazer-estudo-para-reavaliar-parametros-sobre-limite-a-afretamento-de-navios\/"},"wordCount":559,"publisher":{"@id":"https:\/\/agenciainfra.com\/blog\/#organization"},"image":{"@id":"https:\/\/agenciainfra.com\/blog\/antaq-vai-fazer-estudo-para-reavaliar-parametros-sobre-limite-a-afretamento-de-navios\/#primaryimage"},"thumbnailUrl":"https:\/\/agenciainfra.com\/blog\/wp-content\/uploads\/2019\/05\/foto-jose-fernando-ogura-anpr.jpg","keywords":["Adalberto Tokarski","afretamento de navios","ANTAQ","Brasil Terminal Portu\u00e1rio","BTP","Francisval Mendes","M\u00e1rio Povia"],"articleSection":["iNFRATransporte"],"inLanguage":"pt-BR","copyrightYear":"2019","copyrightHolder":{"@id":"https:\/\/agenciainfra.com\/blog\/#organization"}},{"@type":"WebPage","@id":"https:\/\/agenciainfra.com\/blog\/antaq-vai-fazer-estudo-para-reavaliar-parametros-sobre-limite-a-afretamento-de-navios\/","url":"https:\/\/agenciainfra.com\/blog\/antaq-vai-fazer-estudo-para-reavaliar-parametros-sobre-limite-a-afretamento-de-navios\/","name":"ANTAQ vai fazer estudo para reavaliar par\u00e2metros sobre limite a afretamento de navios - Ag\u00eancia iNFRA","isPartOf":{"@id":"https:\/\/agenciainfra.com\/blog\/#website"},"primaryImageOfPage":{"@id":"https:\/\/agenciainfra.com\/blog\/antaq-vai-fazer-estudo-para-reavaliar-parametros-sobre-limite-a-afretamento-de-navios\/#primaryimage"},"image":{"@id":"https:\/\/agenciainfra.com\/blog\/antaq-vai-fazer-estudo-para-reavaliar-parametros-sobre-limite-a-afretamento-de-navios\/#primaryimage"},"thumbnailUrl":"https:\/\/agenciainfra.com\/blog\/wp-content\/uploads\/2019\/05\/foto-jose-fernando-ogura-anpr.jpg","datePublished":"2019-06-03T11:00:48+00:00","breadcrumb":{"@id":"https:\/\/agenciainfra.com\/blog\/antaq-vai-fazer-estudo-para-reavaliar-parametros-sobre-limite-a-afretamento-de-navios\/#breadcrumb"},"inLanguage":"pt-BR","potentialAction":[{"@type":"ReadAction","target":["https:\/\/agenciainfra.com\/blog\/antaq-vai-fazer-estudo-para-reavaliar-parametros-sobre-limite-a-afretamento-de-navios\/"]}]},{"@type":"ImageObject","inLanguage":"pt-BR","@id":"https:\/\/agenciainfra.com\/blog\/antaq-vai-fazer-estudo-para-reavaliar-parametros-sobre-limite-a-afretamento-de-navios\/#primaryimage","url":"https:\/\/agenciainfra.com\/blog\/wp-content\/uploads\/2019\/05\/foto-jose-fernando-ogura-anpr.jpg","contentUrl":"https:\/\/agenciainfra.com\/blog\/wp-content\/uploads\/2019\/05\/foto-jose-fernando-ogura-anpr.jpg","width":2400,"height":1800},{"@type":"BreadcrumbList","@id":"https:\/\/agenciainfra.com\/blog\/antaq-vai-fazer-estudo-para-reavaliar-parametros-sobre-limite-a-afretamento-de-navios\/#breadcrumb","itemListElement":[{"@type":"ListItem","position":1,"name":"In\u00edcio","item":"https:\/\/agenciainfra.com\/blog\/"},{"@type":"ListItem","position":2,"name":"ANTAQ vai fazer estudo para reavaliar par\u00e2metros sobre limite a afretamento de navios"}]},{"@type":"WebSite","@id":"https:\/\/agenciainfra.com\/blog\/#website","url":"https:\/\/agenciainfra.com\/blog\/","name":"Ag\u00eancia iNFRA","description":"Multiplataforma de informa\u00e7\u00e3o jornal\u00edstica refer\u00eancia na \u00e1rea de infraestrutura no Brasil!","publisher":{"@id":"https:\/\/agenciainfra.com\/blog\/#organization"},"potentialAction":[{"@type":"SearchAction","target":{"@type":"EntryPoint","urlTemplate":"https:\/\/agenciainfra.com\/blog\/?s={search_term_string}"},"query-input":{"@type":"PropertyValueSpecification","valueRequired":true,"valueName":"search_term_string"}}],"inLanguage":"pt-BR"},{"@type":"Organization","@id":"https:\/\/agenciainfra.com\/blog\/#organization","name":"Ag\u00eancia iNFRA","url":"https:\/\/agenciainfra.com\/blog\/","logo":{"@type":"ImageObject","inLanguage":"pt-BR","@id":"https:\/\/agenciainfra.com\/blog\/#\/schema\/logo\/image\/","url":"https:\/\/agenciainfra.com\/blog\/wp-content\/uploads\/2023\/09\/iNFRA_5-e1761735885940.png","contentUrl":"https:\/\/agenciainfra.com\/blog\/wp-content\/uploads\/2023\/09\/iNFRA_5-e1761735885940.png","width":1672,"height":454,"caption":"Ag\u00eancia iNFRA"},"image":{"@id":"https:\/\/agenciainfra.com\/blog\/#\/schema\/logo\/image\/"},"sameAs":["https:\/\/www.facebook.com\/ageninfra","https:\/\/x.com\/agencia_infra","https:\/\/www.linkedin.com\/company\/ag\u00eanciainfra\/","https:\/\/www.instagram.com\/agenciainfra\/"]},{"@type":"Person","@id":"https:\/\/agenciainfra.com\/blog\/#\/schema\/person\/04dbb79bd6d8951f063da71f3e4c1eb1","name":"Rodrigo Zuquim","image":{"@type":"ImageObject","inLanguage":"pt-BR","@id":"https:\/\/agenciainfra.com\/blog\/#\/schema\/person\/image\/","url":"https:\/\/secure.gravatar.com\/avatar\/594abfe82761d620726242ff34ca472a705a4b97f16c790053a6b4c4035274d0?s=96&d=mm&r=g","contentUrl":"https:\/\/secure.gravatar.com\/avatar\/594abfe82761d620726242ff34ca472a705a4b97f16c790053a6b4c4035274d0?s=96&d=mm&r=g","caption":"Rodrigo Zuquim"},"url":"https:\/\/agenciainfra.com\/blog\/author\/rodrigo-zuquim\/"}]}},"_links":{"self":[{"href":"https:\/\/agenciainfra.com\/blog\/wp-json\/wp\/v2\/posts\/3241","targetHints":{"allow":["GET"]}}],"collection":[{"href":"https:\/\/agenciainfra.com\/blog\/wp-json\/wp\/v2\/posts"}],"about":[{"href":"https:\/\/agenciainfra.com\/blog\/wp-json\/wp\/v2\/types\/post"}],"author":[{"embeddable":true,"href":"https:\/\/agenciainfra.com\/blog\/wp-json\/wp\/v2\/users\/9"}],"replies":[{"embeddable":true,"href":"https:\/\/agenciainfra.com\/blog\/wp-json\/wp\/v2\/comments?post=3241"}],"version-history":[{"count":0,"href":"https:\/\/agenciainfra.com\/blog\/wp-json\/wp\/v2\/posts\/3241\/revisions"}],"wp:featuredmedia":[{"embeddable":true,"href":"https:\/\/agenciainfra.com\/blog\/wp-json\/wp\/v2\/media\/3242"}],"wp:attachment":[{"href":"https:\/\/agenciainfra.com\/blog\/wp-json\/wp\/v2\/media?parent=3241"}],"wp:term":[{"taxonomy":"category","embeddable":true,"href":"https:\/\/agenciainfra.com\/blog\/wp-json\/wp\/v2\/categories?post=3241"},{"taxonomy":"post_tag","embeddable":true,"href":"https:\/\/agenciainfra.com\/blog\/wp-json\/wp\/v2\/tags?post=3241"}],"curies":[{"name":"wp","href":"https:\/\/api.w.org\/{rel}","templated":true}]}}