{"id":32432,"date":"2025-11-18T17:19:47","date_gmt":"2025-11-18T20:19:47","guid":{"rendered":"https:\/\/agenciainfra.com\/blog\/?p=32432"},"modified":"2025-11-19T11:50:12","modified_gmt":"2025-11-19T14:50:12","slug":"corte-de-gd-aneel-aprova-plano-emergencial-do-ons-para-usinas-tipo-3","status":"publish","type":"post","link":"https:\/\/agenciainfra.com\/blog\/corte-de-gd-aneel-aprova-plano-emergencial-do-ons-para-usinas-tipo-3\/","title":{"rendered":"Corte de GD: ANEEL aprova plano emergencial do ONS para usinas tipo 3"},"content":{"rendered":"\n<p class=\"has-text-align-right\"><strong>Lais Carregosa, da Ag\u00eancia iNFRA<\/strong><\/p>\n\n\n\n<p>A diretoria da ANEEL (Ag\u00eancia Nacional de Energia El\u00e9trica) aprovou por unanimidade nesta ter\u00e7a-feira (18) o plano emergencial do ONS (Operador Nacional do Sistema El\u00e9trico) para implementar os cortes das usinas de GD (gera\u00e7\u00e3o distribu\u00edda) do \u201ctipo 3\u201d \u2013 empreendimentos maiores, como PCHs (Pequenas Centrais Hidrel\u00e9tricas) e termel\u00e9tricas a biomassa.<\/p>\n\n\n\n<p>O plano estabelece 12 distribuidoras que dever\u00e3o realizar os cortes seguindo o comando do operador: CPFL Paulista, Cemig, Energisa MT, Copel, Neoenergia Elektro, Celesc, Equatorial GO, Energisa MS, Neoenergia Coelba, RGE, EDP ES e Neoenergia PE. As empresas ter\u00e3o 20 dias para elaborar instru\u00e7\u00e3o de aplica\u00e7\u00e3o dos comandos do ONS e enviar um invent\u00e1rio atualizado das usinas em suas \u00e1reas de concess\u00e3o, com a capacidade efetiva dos cortes. J\u00e1 o operador deve realizar uma consulta p\u00fablica para atualizar os procedimentos de rede por dez dias.<\/p>\n\n\n\n<p>O relator do processo, diretor Gentil Nogueira, destacou que os cortes das usinas tipo 3 ser\u00e3o emergenciais, ou seja, ocorrer\u00e3o ap\u00f3s o ONS esgotar a possibilidade de restri\u00e7\u00e3o da gera\u00e7\u00e3o das usinas centralizadas (conectadas ao sistema de transmiss\u00e3o). \u201cN\u00e3o estamos falando em cortar [as usinas tipo 3] rotineiramente\u201d, disse. Ele ressaltou ainda que, se n\u00e3o houver um corte controlado, haver\u00e1 um corte \u201cdescontrolado\u201d, com risco de blecaute por conta da atua\u00e7\u00e3o das prote\u00e7\u00f5es do sistema el\u00e9trico.<\/p>\n\n\n\n<p><strong>Micro e minigera\u00e7\u00e3o<\/strong><br>A chamada \u201cMMGD\u201d (micro e minigera\u00e7\u00e3o distribu\u00edda) n\u00e3o foi inclu\u00edda no plano do ONS. No entanto, Gentil disse que \u201ca depender do caminho que tomarmos nos pr\u00f3ximos anos, em que pese haver entendimento jur\u00eddico de que n\u00e3o pode haver corte de MMGD, o corte vai acontecer do ponto de vista f\u00edsico, porque a lei da f\u00edsica vai atuar\u201d.<\/p>\n","protected":false},"excerpt":{"rendered":"<p>Lais Carregosa, da Ag\u00eancia iNFRA A diretoria da ANEEL (Ag\u00eancia Nacional de Energia El\u00e9trica) aprovou por unanimidade nesta ter\u00e7a-feira (18) o plano emergencial do ONS (Operador Nacional do Sistema El\u00e9trico) para implementar os cortes das usinas de GD (gera\u00e7\u00e3o distribu\u00edda) do \u201ctipo 3\u201d \u2013 empreendimentos maiores, como PCHs (Pequenas Centrais Hidrel\u00e9tricas) e termel\u00e9tricas a biomassa. [&hellip;]<\/p>\n","protected":false},"author":1,"featured_media":32479,"comment_status":"closed","ping_status":"closed","sticky":false,"template":"","format":"standard","meta":{"_monsterinsights_skip_tracking":false,"_monsterinsights_sitenote_active":false,"_monsterinsights_sitenote_note":"","_monsterinsights_sitenote_category":0,"footnotes":""},"categories":[10],"tags":[53,16928,302,534,11825,896,1275,1093,16926,16929,6781,850,13132,8724,16927,216,11421,15802],"class_list":["post-32432","post","type-post","status-publish","format-standard","has-post-thumbnail","hentry","category-infraenergia","tag-aneel","tag-celesc","tag-cemig","tag-copel","tag-corte-de-geracao","tag-cpfl-paulista","tag-energia-eolica","tag-energia-solar","tag-energisa-mt","tag-equatorial-go","tag-gentil-nogueira","tag-geracao-distribuida","tag-lais-carregosa","tag-mmgd","tag-neoenergia-elektro","tag-ons","tag-pchs","tag-usinas-tipo-3"],"yoast_head":"<!-- This site is optimized with the Yoast SEO Premium plugin v25.4 (Yoast SEO v26.0) - https:\/\/yoast.com\/wordpress\/plugins\/seo\/ -->\n<title>Corte de GD: ANEEL aprova plano emergencial do ONS para usinas tipo 3 - Ag\u00eancia iNFRA<\/title>\n<meta name=\"robots\" content=\"index, follow, max-snippet:-1, max-image-preview:large, max-video-preview:-1\" \/>\n<link rel=\"canonical\" href=\"https:\/\/agenciainfra.com\/blog\/corte-de-gd-aneel-aprova-plano-emergencial-do-ons-para-usinas-tipo-3\/\" \/>\n<meta property=\"og:locale\" content=\"pt_BR\" \/>\n<meta property=\"og:type\" content=\"article\" \/>\n<meta property=\"og:title\" content=\"Corte de GD: ANEEL aprova plano emergencial do ONS para usinas tipo 3\" \/>\n<meta property=\"og:description\" content=\"Lais Carregosa, da Ag\u00eancia iNFRA A diretoria da ANEEL (Ag\u00eancia Nacional de Energia El\u00e9trica) aprovou por unanimidade nesta ter\u00e7a-feira (18) o plano emergencial do ONS (Operador Nacional do Sistema El\u00e9trico) para implementar os cortes das usinas de GD (gera\u00e7\u00e3o distribu\u00edda) do \u201ctipo 3\u201d \u2013 empreendimentos maiores, como PCHs (Pequenas Centrais Hidrel\u00e9tricas) e termel\u00e9tricas a biomassa. [&hellip;]\" \/>\n<meta property=\"og:url\" content=\"https:\/\/agenciainfra.com\/blog\/corte-de-gd-aneel-aprova-plano-emergencial-do-ons-para-usinas-tipo-3\/\" \/>\n<meta property=\"og:site_name\" content=\"Ag\u00eancia iNFRA\" \/>\n<meta property=\"article:publisher\" content=\"https:\/\/www.facebook.com\/ageninfra\" \/>\n<meta property=\"article:published_time\" content=\"2025-11-18T20:19:47+00:00\" \/>\n<meta property=\"article:modified_time\" content=\"2025-11-19T14:50:12+00:00\" \/>\n<meta property=\"og:image\" content=\"https:\/\/agenciainfra.com\/blog\/wp-content\/uploads\/2025\/11\/reuniao-de-diretoria-da-aneel-foto-victoria-santos-aneel.jpg\" \/>\n\t<meta property=\"og:image:width\" content=\"1280\" \/>\n\t<meta property=\"og:image:height\" content=\"853\" \/>\n\t<meta property=\"og:image:type\" content=\"image\/jpeg\" \/>\n<meta name=\"author\" content=\"Ag\u00eancia iNFRA\" \/>\n<meta name=\"twitter:card\" content=\"summary_large_image\" \/>\n<meta name=\"twitter:creator\" content=\"@agencia_infra\" \/>\n<meta name=\"twitter:site\" content=\"@agencia_infra\" \/>\n<meta name=\"twitter:label1\" content=\"Escrito por\" \/>\n\t<meta name=\"twitter:data1\" content=\"Ag\u00eancia iNFRA\" \/>\n\t<meta name=\"twitter:label2\" content=\"Est. tempo de leitura\" \/>\n\t<meta name=\"twitter:data2\" content=\"2 minutos\" \/>\n<script type=\"application\/ld+json\" class=\"yoast-schema-graph\">{\"@context\":\"https:\/\/schema.org\",\"@graph\":[{\"@type\":\"Article\",\"@id\":\"https:\/\/agenciainfra.com\/blog\/corte-de-gd-aneel-aprova-plano-emergencial-do-ons-para-usinas-tipo-3\/#article\",\"isPartOf\":{\"@id\":\"https:\/\/agenciainfra.com\/blog\/corte-de-gd-aneel-aprova-plano-emergencial-do-ons-para-usinas-tipo-3\/\"},\"author\":{\"name\":\"Ag\u00eancia iNFRA\",\"@id\":\"https:\/\/agenciainfra.com\/blog\/#\/schema\/person\/34af08dff6adea4cb22b06612ba7acfa\"},\"headline\":\"Corte de GD: ANEEL aprova plano emergencial do ONS para usinas tipo 3\",\"datePublished\":\"2025-11-18T20:19:47+00:00\",\"dateModified\":\"2025-11-19T14:50:12+00:00\",\"mainEntityOfPage\":{\"@id\":\"https:\/\/agenciainfra.com\/blog\/corte-de-gd-aneel-aprova-plano-emergencial-do-ons-para-usinas-tipo-3\/\"},\"wordCount\":319,\"publisher\":{\"@id\":\"https:\/\/agenciainfra.com\/blog\/#organization\"},\"image\":{\"@id\":\"https:\/\/agenciainfra.com\/blog\/corte-de-gd-aneel-aprova-plano-emergencial-do-ons-para-usinas-tipo-3\/#primaryimage\"},\"thumbnailUrl\":\"https:\/\/agenciainfra.com\/blog\/wp-content\/uploads\/2025\/11\/reuniao-de-diretoria-da-aneel-foto-victoria-santos-aneel.jpg\",\"keywords\":[\"ANEEL\",\"Celesc\",\"CEMIG\",\"Copel\",\"corte de gera\u00e7\u00e3o\",\"CPFL Paulista\",\"energia e\u00f3lica\",\"energia solar\",\"Energisa MT\",\"Equatorial GO\",\"Gentil Nogueira\",\"gera\u00e7\u00e3o distribu\u00edda\",\"Lais Carregosa\",\"MMGD\",\"Neoenergia Elektro\",\"ONS\",\"PCHs\",\"usinas tipo 3\"],\"articleSection\":[\"iNFRAEnergia\"],\"inLanguage\":\"pt-BR\",\"copyrightYear\":\"2025\",\"copyrightHolder\":{\"@id\":\"https:\/\/agenciainfra.com\/blog\/#organization\"}},{\"@type\":\"WebPage\",\"@id\":\"https:\/\/agenciainfra.com\/blog\/corte-de-gd-aneel-aprova-plano-emergencial-do-ons-para-usinas-tipo-3\/\",\"url\":\"https:\/\/agenciainfra.com\/blog\/corte-de-gd-aneel-aprova-plano-emergencial-do-ons-para-usinas-tipo-3\/\",\"name\":\"Corte de GD: ANEEL aprova plano emergencial do ONS para usinas tipo 3 - Ag\u00eancia iNFRA\",\"isPartOf\":{\"@id\":\"https:\/\/agenciainfra.com\/blog\/#website\"},\"primaryImageOfPage\":{\"@id\":\"https:\/\/agenciainfra.com\/blog\/corte-de-gd-aneel-aprova-plano-emergencial-do-ons-para-usinas-tipo-3\/#primaryimage\"},\"image\":{\"@id\":\"https:\/\/agenciainfra.com\/blog\/corte-de-gd-aneel-aprova-plano-emergencial-do-ons-para-usinas-tipo-3\/#primaryimage\"},\"thumbnailUrl\":\"https:\/\/agenciainfra.com\/blog\/wp-content\/uploads\/2025\/11\/reuniao-de-diretoria-da-aneel-foto-victoria-santos-aneel.jpg\",\"datePublished\":\"2025-11-18T20:19:47+00:00\",\"dateModified\":\"2025-11-19T14:50:12+00:00\",\"breadcrumb\":{\"@id\":\"https:\/\/agenciainfra.com\/blog\/corte-de-gd-aneel-aprova-plano-emergencial-do-ons-para-usinas-tipo-3\/#breadcrumb\"},\"inLanguage\":\"pt-BR\",\"potentialAction\":[{\"@type\":\"ReadAction\",\"target\":[\"https:\/\/agenciainfra.com\/blog\/corte-de-gd-aneel-aprova-plano-emergencial-do-ons-para-usinas-tipo-3\/\"]}]},{\"@type\":\"ImageObject\",\"inLanguage\":\"pt-BR\",\"@id\":\"https:\/\/agenciainfra.com\/blog\/corte-de-gd-aneel-aprova-plano-emergencial-do-ons-para-usinas-tipo-3\/#primaryimage\",\"url\":\"https:\/\/agenciainfra.com\/blog\/wp-content\/uploads\/2025\/11\/reuniao-de-diretoria-da-aneel-foto-victoria-santos-aneel.jpg\",\"contentUrl\":\"https:\/\/agenciainfra.com\/blog\/wp-content\/uploads\/2025\/11\/reuniao-de-diretoria-da-aneel-foto-victoria-santos-aneel.jpg\",\"width\":1280,\"height\":853,\"caption\":\"Foto: Vict\u00f3ria Santos\/ANEEL\"},{\"@type\":\"BreadcrumbList\",\"@id\":\"https:\/\/agenciainfra.com\/blog\/corte-de-gd-aneel-aprova-plano-emergencial-do-ons-para-usinas-tipo-3\/#breadcrumb\",\"itemListElement\":[{\"@type\":\"ListItem\",\"position\":1,\"name\":\"In\u00edcio\",\"item\":\"https:\/\/agenciainfra.com\/blog\/\"},{\"@type\":\"ListItem\",\"position\":2,\"name\":\"Corte de GD: ANEEL aprova plano emergencial do ONS para usinas tipo 3\"}]},{\"@type\":\"WebSite\",\"@id\":\"https:\/\/agenciainfra.com\/blog\/#website\",\"url\":\"https:\/\/agenciainfra.com\/blog\/\",\"name\":\"Ag\u00eancia iNFRA\",\"description\":\"Multiplataforma de informa\u00e7\u00e3o jornal\u00edstica refer\u00eancia na \u00e1rea de infraestrutura no Brasil!\",\"publisher\":{\"@id\":\"https:\/\/agenciainfra.com\/blog\/#organization\"},\"potentialAction\":[{\"@type\":\"SearchAction\",\"target\":{\"@type\":\"EntryPoint\",\"urlTemplate\":\"https:\/\/agenciainfra.com\/blog\/?s={search_term_string}\"},\"query-input\":{\"@type\":\"PropertyValueSpecification\",\"valueRequired\":true,\"valueName\":\"search_term_string\"}}],\"inLanguage\":\"pt-BR\"},{\"@type\":\"Organization\",\"@id\":\"https:\/\/agenciainfra.com\/blog\/#organization\",\"name\":\"Ag\u00eancia iNFRA\",\"url\":\"https:\/\/agenciainfra.com\/blog\/\",\"logo\":{\"@type\":\"ImageObject\",\"inLanguage\":\"pt-BR\",\"@id\":\"https:\/\/agenciainfra.com\/blog\/#\/schema\/logo\/image\/\",\"url\":\"https:\/\/agenciainfra.com\/blog\/wp-content\/uploads\/2023\/09\/iNFRA_5-e1761735885940.png\",\"contentUrl\":\"https:\/\/agenciainfra.com\/blog\/wp-content\/uploads\/2023\/09\/iNFRA_5-e1761735885940.png\",\"width\":1672,\"height\":454,\"caption\":\"Ag\u00eancia iNFRA\"},\"image\":{\"@id\":\"https:\/\/agenciainfra.com\/blog\/#\/schema\/logo\/image\/\"},\"sameAs\":[\"https:\/\/www.facebook.com\/ageninfra\",\"https:\/\/x.com\/agencia_infra\",\"https:\/\/www.linkedin.com\/company\/ag\u00eanciainfra\/\",\"https:\/\/www.instagram.com\/agenciainfra\/\"]},{\"@type\":\"Person\",\"@id\":\"https:\/\/agenciainfra.com\/blog\/#\/schema\/person\/34af08dff6adea4cb22b06612ba7acfa\",\"name\":\"Ag\u00eancia iNFRA\",\"image\":{\"@type\":\"ImageObject\",\"inLanguage\":\"pt-BR\",\"@id\":\"https:\/\/agenciainfra.com\/blog\/#\/schema\/person\/image\/\",\"url\":\"https:\/\/secure.gravatar.com\/avatar\/d189e01678f06d8eb84d4e01f08eb848b3fffe3f8443818d3c356c66892f5be8?s=96&d=mm&r=g\",\"contentUrl\":\"https:\/\/secure.gravatar.com\/avatar\/d189e01678f06d8eb84d4e01f08eb848b3fffe3f8443818d3c356c66892f5be8?s=96&d=mm&r=g\",\"caption\":\"Ag\u00eancia iNFRA\"},\"url\":\"https:\/\/agenciainfra.com\/blog\/author\/admin\/\"}]}<\/script>\n<!-- \/ Yoast SEO Premium plugin. -->","yoast_head_json":{"title":"Corte de GD: ANEEL aprova plano emergencial do ONS para usinas tipo 3 - Ag\u00eancia iNFRA","robots":{"index":"index","follow":"follow","max-snippet":"max-snippet:-1","max-image-preview":"max-image-preview:large","max-video-preview":"max-video-preview:-1"},"canonical":"https:\/\/agenciainfra.com\/blog\/corte-de-gd-aneel-aprova-plano-emergencial-do-ons-para-usinas-tipo-3\/","og_locale":"pt_BR","og_type":"article","og_title":"Corte de GD: ANEEL aprova plano emergencial do ONS para usinas tipo 3","og_description":"Lais Carregosa, da Ag\u00eancia iNFRA A diretoria da ANEEL (Ag\u00eancia Nacional de Energia El\u00e9trica) aprovou por unanimidade nesta ter\u00e7a-feira (18) o plano emergencial do ONS (Operador Nacional do Sistema El\u00e9trico) para implementar os cortes das usinas de GD (gera\u00e7\u00e3o distribu\u00edda) do \u201ctipo 3\u201d \u2013 empreendimentos maiores, como PCHs (Pequenas Centrais Hidrel\u00e9tricas) e termel\u00e9tricas a biomassa. [&hellip;]","og_url":"https:\/\/agenciainfra.com\/blog\/corte-de-gd-aneel-aprova-plano-emergencial-do-ons-para-usinas-tipo-3\/","og_site_name":"Ag\u00eancia iNFRA","article_publisher":"https:\/\/www.facebook.com\/ageninfra","article_published_time":"2025-11-18T20:19:47+00:00","article_modified_time":"2025-11-19T14:50:12+00:00","og_image":[{"width":1280,"height":853,"url":"https:\/\/agenciainfra.com\/blog\/wp-content\/uploads\/2025\/11\/reuniao-de-diretoria-da-aneel-foto-victoria-santos-aneel.jpg","type":"image\/jpeg"}],"author":"Ag\u00eancia iNFRA","twitter_card":"summary_large_image","twitter_creator":"@agencia_infra","twitter_site":"@agencia_infra","twitter_misc":{"Escrito por":"Ag\u00eancia iNFRA","Est. tempo de leitura":"2 minutos"},"schema":{"@context":"https:\/\/schema.org","@graph":[{"@type":"Article","@id":"https:\/\/agenciainfra.com\/blog\/corte-de-gd-aneel-aprova-plano-emergencial-do-ons-para-usinas-tipo-3\/#article","isPartOf":{"@id":"https:\/\/agenciainfra.com\/blog\/corte-de-gd-aneel-aprova-plano-emergencial-do-ons-para-usinas-tipo-3\/"},"author":{"name":"Ag\u00eancia iNFRA","@id":"https:\/\/agenciainfra.com\/blog\/#\/schema\/person\/34af08dff6adea4cb22b06612ba7acfa"},"headline":"Corte de GD: ANEEL aprova plano emergencial do ONS para usinas tipo 3","datePublished":"2025-11-18T20:19:47+00:00","dateModified":"2025-11-19T14:50:12+00:00","mainEntityOfPage":{"@id":"https:\/\/agenciainfra.com\/blog\/corte-de-gd-aneel-aprova-plano-emergencial-do-ons-para-usinas-tipo-3\/"},"wordCount":319,"publisher":{"@id":"https:\/\/agenciainfra.com\/blog\/#organization"},"image":{"@id":"https:\/\/agenciainfra.com\/blog\/corte-de-gd-aneel-aprova-plano-emergencial-do-ons-para-usinas-tipo-3\/#primaryimage"},"thumbnailUrl":"https:\/\/agenciainfra.com\/blog\/wp-content\/uploads\/2025\/11\/reuniao-de-diretoria-da-aneel-foto-victoria-santos-aneel.jpg","keywords":["ANEEL","Celesc","CEMIG","Copel","corte de gera\u00e7\u00e3o","CPFL Paulista","energia e\u00f3lica","energia solar","Energisa MT","Equatorial GO","Gentil Nogueira","gera\u00e7\u00e3o distribu\u00edda","Lais Carregosa","MMGD","Neoenergia Elektro","ONS","PCHs","usinas tipo 3"],"articleSection":["iNFRAEnergia"],"inLanguage":"pt-BR","copyrightYear":"2025","copyrightHolder":{"@id":"https:\/\/agenciainfra.com\/blog\/#organization"}},{"@type":"WebPage","@id":"https:\/\/agenciainfra.com\/blog\/corte-de-gd-aneel-aprova-plano-emergencial-do-ons-para-usinas-tipo-3\/","url":"https:\/\/agenciainfra.com\/blog\/corte-de-gd-aneel-aprova-plano-emergencial-do-ons-para-usinas-tipo-3\/","name":"Corte de GD: ANEEL aprova plano emergencial do ONS para usinas tipo 3 - Ag\u00eancia iNFRA","isPartOf":{"@id":"https:\/\/agenciainfra.com\/blog\/#website"},"primaryImageOfPage":{"@id":"https:\/\/agenciainfra.com\/blog\/corte-de-gd-aneel-aprova-plano-emergencial-do-ons-para-usinas-tipo-3\/#primaryimage"},"image":{"@id":"https:\/\/agenciainfra.com\/blog\/corte-de-gd-aneel-aprova-plano-emergencial-do-ons-para-usinas-tipo-3\/#primaryimage"},"thumbnailUrl":"https:\/\/agenciainfra.com\/blog\/wp-content\/uploads\/2025\/11\/reuniao-de-diretoria-da-aneel-foto-victoria-santos-aneel.jpg","datePublished":"2025-11-18T20:19:47+00:00","dateModified":"2025-11-19T14:50:12+00:00","breadcrumb":{"@id":"https:\/\/agenciainfra.com\/blog\/corte-de-gd-aneel-aprova-plano-emergencial-do-ons-para-usinas-tipo-3\/#breadcrumb"},"inLanguage":"pt-BR","potentialAction":[{"@type":"ReadAction","target":["https:\/\/agenciainfra.com\/blog\/corte-de-gd-aneel-aprova-plano-emergencial-do-ons-para-usinas-tipo-3\/"]}]},{"@type":"ImageObject","inLanguage":"pt-BR","@id":"https:\/\/agenciainfra.com\/blog\/corte-de-gd-aneel-aprova-plano-emergencial-do-ons-para-usinas-tipo-3\/#primaryimage","url":"https:\/\/agenciainfra.com\/blog\/wp-content\/uploads\/2025\/11\/reuniao-de-diretoria-da-aneel-foto-victoria-santos-aneel.jpg","contentUrl":"https:\/\/agenciainfra.com\/blog\/wp-content\/uploads\/2025\/11\/reuniao-de-diretoria-da-aneel-foto-victoria-santos-aneel.jpg","width":1280,"height":853,"caption":"Foto: Vict\u00f3ria Santos\/ANEEL"},{"@type":"BreadcrumbList","@id":"https:\/\/agenciainfra.com\/blog\/corte-de-gd-aneel-aprova-plano-emergencial-do-ons-para-usinas-tipo-3\/#breadcrumb","itemListElement":[{"@type":"ListItem","position":1,"name":"In\u00edcio","item":"https:\/\/agenciainfra.com\/blog\/"},{"@type":"ListItem","position":2,"name":"Corte de GD: ANEEL aprova plano emergencial do ONS para usinas tipo 3"}]},{"@type":"WebSite","@id":"https:\/\/agenciainfra.com\/blog\/#website","url":"https:\/\/agenciainfra.com\/blog\/","name":"Ag\u00eancia iNFRA","description":"Multiplataforma de informa\u00e7\u00e3o jornal\u00edstica refer\u00eancia na \u00e1rea de infraestrutura no Brasil!","publisher":{"@id":"https:\/\/agenciainfra.com\/blog\/#organization"},"potentialAction":[{"@type":"SearchAction","target":{"@type":"EntryPoint","urlTemplate":"https:\/\/agenciainfra.com\/blog\/?s={search_term_string}"},"query-input":{"@type":"PropertyValueSpecification","valueRequired":true,"valueName":"search_term_string"}}],"inLanguage":"pt-BR"},{"@type":"Organization","@id":"https:\/\/agenciainfra.com\/blog\/#organization","name":"Ag\u00eancia iNFRA","url":"https:\/\/agenciainfra.com\/blog\/","logo":{"@type":"ImageObject","inLanguage":"pt-BR","@id":"https:\/\/agenciainfra.com\/blog\/#\/schema\/logo\/image\/","url":"https:\/\/agenciainfra.com\/blog\/wp-content\/uploads\/2023\/09\/iNFRA_5-e1761735885940.png","contentUrl":"https:\/\/agenciainfra.com\/blog\/wp-content\/uploads\/2023\/09\/iNFRA_5-e1761735885940.png","width":1672,"height":454,"caption":"Ag\u00eancia iNFRA"},"image":{"@id":"https:\/\/agenciainfra.com\/blog\/#\/schema\/logo\/image\/"},"sameAs":["https:\/\/www.facebook.com\/ageninfra","https:\/\/x.com\/agencia_infra","https:\/\/www.linkedin.com\/company\/ag\u00eanciainfra\/","https:\/\/www.instagram.com\/agenciainfra\/"]},{"@type":"Person","@id":"https:\/\/agenciainfra.com\/blog\/#\/schema\/person\/34af08dff6adea4cb22b06612ba7acfa","name":"Ag\u00eancia iNFRA","image":{"@type":"ImageObject","inLanguage":"pt-BR","@id":"https:\/\/agenciainfra.com\/blog\/#\/schema\/person\/image\/","url":"https:\/\/secure.gravatar.com\/avatar\/d189e01678f06d8eb84d4e01f08eb848b3fffe3f8443818d3c356c66892f5be8?s=96&d=mm&r=g","contentUrl":"https:\/\/secure.gravatar.com\/avatar\/d189e01678f06d8eb84d4e01f08eb848b3fffe3f8443818d3c356c66892f5be8?s=96&d=mm&r=g","caption":"Ag\u00eancia iNFRA"},"url":"https:\/\/agenciainfra.com\/blog\/author\/admin\/"}]}},"_links":{"self":[{"href":"https:\/\/agenciainfra.com\/blog\/wp-json\/wp\/v2\/posts\/32432","targetHints":{"allow":["GET"]}}],"collection":[{"href":"https:\/\/agenciainfra.com\/blog\/wp-json\/wp\/v2\/posts"}],"about":[{"href":"https:\/\/agenciainfra.com\/blog\/wp-json\/wp\/v2\/types\/post"}],"author":[{"embeddable":true,"href":"https:\/\/agenciainfra.com\/blog\/wp-json\/wp\/v2\/users\/1"}],"replies":[{"embeddable":true,"href":"https:\/\/agenciainfra.com\/blog\/wp-json\/wp\/v2\/comments?post=32432"}],"version-history":[{"count":1,"href":"https:\/\/agenciainfra.com\/blog\/wp-json\/wp\/v2\/posts\/32432\/revisions"}],"predecessor-version":[{"id":32434,"href":"https:\/\/agenciainfra.com\/blog\/wp-json\/wp\/v2\/posts\/32432\/revisions\/32434"}],"wp:featuredmedia":[{"embeddable":true,"href":"https:\/\/agenciainfra.com\/blog\/wp-json\/wp\/v2\/media\/32479"}],"wp:attachment":[{"href":"https:\/\/agenciainfra.com\/blog\/wp-json\/wp\/v2\/media?parent=32432"}],"wp:term":[{"taxonomy":"category","embeddable":true,"href":"https:\/\/agenciainfra.com\/blog\/wp-json\/wp\/v2\/categories?post=32432"},{"taxonomy":"post_tag","embeddable":true,"href":"https:\/\/agenciainfra.com\/blog\/wp-json\/wp\/v2\/tags?post=32432"}],"curies":[{"name":"wp","href":"https:\/\/api.w.org\/{rel}","templated":true}]}}