{"id":32435,"date":"2025-11-18T17:59:59","date_gmt":"2025-11-18T20:59:59","guid":{"rendered":"https:\/\/agenciainfra.com\/blog\/?p=32435"},"modified":"2025-11-19T13:00:26","modified_gmt":"2025-11-19T16:00:26","slug":"tcu-considera-cumpridas-determinacoes-a-aneel-sobre-desconto-no-fio","status":"publish","type":"post","link":"https:\/\/agenciainfra.com\/blog\/tcu-considera-cumpridas-determinacoes-a-aneel-sobre-desconto-no-fio\/","title":{"rendered":"TCU considera cumpridas determina\u00e7\u00f5es \u00e0 ANEEL sobre desconto no fio"},"content":{"rendered":"\n<p class=\"has-text-align-right\"><strong>Rafael Bitencourt, da Ag\u00eancia iNFRA<\/strong><\/p>\n\n\n\n<p>O plen\u00e1rio do TCU (Tribunal de Contas da Uni\u00e3o) considerou cumpridas as determina\u00e7\u00f5es endere\u00e7adas \u00e0 ANEEL (Ag\u00eancia Nacional de Energia El\u00e9trica) para garantir o aumento do controle dos descontos no fio \u2013 abatimento sobre a tarifa de uso dos sistemas de transmiss\u00e3o e distribui\u00e7\u00e3o (Tust e Tusd) \u2013 em benef\u00edcios das fontes renov\u00e1veis. O conjunto de recomenda\u00e7\u00f5es e determina\u00e7\u00f5es foram definidas em ac\u00f3rd\u00e3o aprovado pelo tribunal em 2023.<\/p>\n\n\n\n<p>\u201cFico feliz de destacar, ao final, de forma conclusiva, que o monitoramento revelou que a ANEEL vem adotando medidas relevantes para cumprir as determina\u00e7\u00f5es do TCU\u201d, ressaltou o relator do caso, ministro Benjamin Zymler, durante a sess\u00e3o de julgamento nesta ter\u00e7a-feira (18).<\/p>\n\n\n\n<p>O ministro reconheceu que os sucessivos alongamentos dos benef\u00edcios provocaram uma \u201ccorrida do ouro\u201d, com geradores de grande porte sendo fragmentados \u201cilicitamente\u201d em projetos menores para que pudessem se beneficiar do desconto de 50% aplicado \u00e0 Tust e \u00e0 Tusd.<\/p>\n\n\n\n<p>Para o relator, a ag\u00eancia atendeu \u00e0s orienta\u00e7\u00f5es relacionadas a estabelecer a suspens\u00e3o condicionada de novos descontos, elabora\u00e7\u00e3o do plano de a\u00e7\u00e3o, desenho de nova regulamenta\u00e7\u00e3o baseada no conceito de complexo de gera\u00e7\u00e3o, campanhas de fiscaliza\u00e7\u00e3o e tratamento prospectivo das mudan\u00e7as.<\/p>\n\n\n\n<p>No ac\u00f3rd\u00e3o aprovado, Zymler prop\u00f4s que a ANEEL busque novos \u201crefinamentos\u201d para aprimorar o controle regulat\u00f3rio sobre a concess\u00e3o&nbsp;de&nbsp;descontos.<\/p>\n","protected":false},"excerpt":{"rendered":"<p>Rafael Bitencourt, da Ag\u00eancia iNFRA O plen\u00e1rio do TCU (Tribunal de Contas da Uni\u00e3o) considerou cumpridas as determina\u00e7\u00f5es endere\u00e7adas \u00e0 ANEEL (Ag\u00eancia Nacional de Energia El\u00e9trica) para garantir o aumento do controle dos descontos no fio \u2013 abatimento sobre a tarifa de uso dos sistemas de transmiss\u00e3o e distribui\u00e7\u00e3o (Tust e Tusd) \u2013 em benef\u00edcios [&hellip;]<\/p>\n","protected":false},"author":1,"featured_media":27264,"comment_status":"closed","ping_status":"closed","sticky":false,"template":"","format":"standard","meta":{"_monsterinsights_skip_tracking":false,"_monsterinsights_sitenote_active":false,"_monsterinsights_sitenote_note":"","_monsterinsights_sitenote_category":0,"footnotes":""},"categories":[10],"tags":[53,490,13195,25,2649,13813,18,3753,4063],"class_list":["post-32435","post","type-post","status-publish","format-standard","has-post-thumbnail","hentry","category-infraenergia","tag-aneel","tag-benjamin-zymler","tag-desconto-no-fio","tag-energia","tag-fontes-renovaveis","tag-rafael-bitencourt","tag-tcu","tag-tusd","tag-tust"],"yoast_head":"<!-- This site is optimized with the Yoast SEO Premium plugin v25.4 (Yoast SEO v26.0) - https:\/\/yoast.com\/wordpress\/plugins\/seo\/ -->\n<title>TCU considera cumpridas determina\u00e7\u00f5es \u00e0 ANEEL sobre desconto no fio - Ag\u00eancia iNFRA<\/title>\n<meta name=\"robots\" content=\"index, follow, max-snippet:-1, max-image-preview:large, max-video-preview:-1\" \/>\n<link rel=\"canonical\" href=\"https:\/\/agenciainfra.com\/blog\/tcu-considera-cumpridas-determinacoes-a-aneel-sobre-desconto-no-fio\/\" \/>\n<meta property=\"og:locale\" content=\"pt_BR\" \/>\n<meta property=\"og:type\" content=\"article\" \/>\n<meta property=\"og:title\" content=\"TCU considera cumpridas determina\u00e7\u00f5es \u00e0 ANEEL sobre desconto no fio\" \/>\n<meta property=\"og:description\" content=\"Rafael Bitencourt, da Ag\u00eancia iNFRA O plen\u00e1rio do TCU (Tribunal de Contas da Uni\u00e3o) considerou cumpridas as determina\u00e7\u00f5es endere\u00e7adas \u00e0 ANEEL (Ag\u00eancia Nacional de Energia El\u00e9trica) para garantir o aumento do controle dos descontos no fio \u2013 abatimento sobre a tarifa de uso dos sistemas de transmiss\u00e3o e distribui\u00e7\u00e3o (Tust e Tusd) \u2013 em benef\u00edcios [&hellip;]\" \/>\n<meta property=\"og:url\" content=\"https:\/\/agenciainfra.com\/blog\/tcu-considera-cumpridas-determinacoes-a-aneel-sobre-desconto-no-fio\/\" \/>\n<meta property=\"og:site_name\" content=\"Ag\u00eancia iNFRA\" \/>\n<meta property=\"article:publisher\" content=\"https:\/\/www.facebook.com\/ageninfra\" \/>\n<meta property=\"article:published_time\" content=\"2025-11-18T20:59:59+00:00\" \/>\n<meta property=\"article:modified_time\" content=\"2025-11-19T16:00:26+00:00\" \/>\n<meta property=\"og:image\" content=\"https:\/\/agenciainfra.com\/blog\/wp-content\/uploads\/2025\/09\/distribuicao-energia-foto-marcello-casal-jr-agencia-brasil.png\" \/>\n\t<meta property=\"og:image:width\" content=\"1280\" \/>\n\t<meta property=\"og:image:height\" content=\"765\" \/>\n\t<meta property=\"og:image:type\" content=\"image\/png\" \/>\n<meta name=\"author\" content=\"Ag\u00eancia iNFRA\" \/>\n<meta name=\"twitter:card\" content=\"summary_large_image\" \/>\n<meta name=\"twitter:creator\" content=\"@agencia_infra\" \/>\n<meta name=\"twitter:site\" content=\"@agencia_infra\" \/>\n<meta name=\"twitter:label1\" content=\"Escrito por\" \/>\n\t<meta name=\"twitter:data1\" content=\"Ag\u00eancia iNFRA\" \/>\n\t<meta name=\"twitter:label2\" content=\"Est. tempo de leitura\" \/>\n\t<meta name=\"twitter:data2\" content=\"1 minuto\" \/>\n<script type=\"application\/ld+json\" class=\"yoast-schema-graph\">{\"@context\":\"https:\/\/schema.org\",\"@graph\":[{\"@type\":\"Article\",\"@id\":\"https:\/\/agenciainfra.com\/blog\/tcu-considera-cumpridas-determinacoes-a-aneel-sobre-desconto-no-fio\/#article\",\"isPartOf\":{\"@id\":\"https:\/\/agenciainfra.com\/blog\/tcu-considera-cumpridas-determinacoes-a-aneel-sobre-desconto-no-fio\/\"},\"author\":{\"name\":\"Ag\u00eancia iNFRA\",\"@id\":\"https:\/\/agenciainfra.com\/blog\/#\/schema\/person\/34af08dff6adea4cb22b06612ba7acfa\"},\"headline\":\"TCU considera cumpridas determina\u00e7\u00f5es \u00e0 ANEEL sobre desconto no fio\",\"datePublished\":\"2025-11-18T20:59:59+00:00\",\"dateModified\":\"2025-11-19T16:00:26+00:00\",\"mainEntityOfPage\":{\"@id\":\"https:\/\/agenciainfra.com\/blog\/tcu-considera-cumpridas-determinacoes-a-aneel-sobre-desconto-no-fio\/\"},\"wordCount\":254,\"publisher\":{\"@id\":\"https:\/\/agenciainfra.com\/blog\/#organization\"},\"image\":{\"@id\":\"https:\/\/agenciainfra.com\/blog\/tcu-considera-cumpridas-determinacoes-a-aneel-sobre-desconto-no-fio\/#primaryimage\"},\"thumbnailUrl\":\"https:\/\/agenciainfra.com\/blog\/wp-content\/uploads\/2025\/09\/distribuicao-energia-foto-marcello-casal-jr-agencia-brasil.png\",\"keywords\":[\"ANEEL\",\"Benjamin Zymler\",\"desconto no fio\",\"energia\",\"fontes renov\u00e1veis\",\"Rafael Bitencourt\",\"TCU\",\"Tusd\",\"Tust\"],\"articleSection\":[\"iNFRAEnergia\"],\"inLanguage\":\"pt-BR\",\"copyrightYear\":\"2025\",\"copyrightHolder\":{\"@id\":\"https:\/\/agenciainfra.com\/blog\/#organization\"}},{\"@type\":\"WebPage\",\"@id\":\"https:\/\/agenciainfra.com\/blog\/tcu-considera-cumpridas-determinacoes-a-aneel-sobre-desconto-no-fio\/\",\"url\":\"https:\/\/agenciainfra.com\/blog\/tcu-considera-cumpridas-determinacoes-a-aneel-sobre-desconto-no-fio\/\",\"name\":\"TCU considera cumpridas determina\u00e7\u00f5es \u00e0 ANEEL sobre desconto no fio - Ag\u00eancia iNFRA\",\"isPartOf\":{\"@id\":\"https:\/\/agenciainfra.com\/blog\/#website\"},\"primaryImageOfPage\":{\"@id\":\"https:\/\/agenciainfra.com\/blog\/tcu-considera-cumpridas-determinacoes-a-aneel-sobre-desconto-no-fio\/#primaryimage\"},\"image\":{\"@id\":\"https:\/\/agenciainfra.com\/blog\/tcu-considera-cumpridas-determinacoes-a-aneel-sobre-desconto-no-fio\/#primaryimage\"},\"thumbnailUrl\":\"https:\/\/agenciainfra.com\/blog\/wp-content\/uploads\/2025\/09\/distribuicao-energia-foto-marcello-casal-jr-agencia-brasil.png\",\"datePublished\":\"2025-11-18T20:59:59+00:00\",\"dateModified\":\"2025-11-19T16:00:26+00:00\",\"breadcrumb\":{\"@id\":\"https:\/\/agenciainfra.com\/blog\/tcu-considera-cumpridas-determinacoes-a-aneel-sobre-desconto-no-fio\/#breadcrumb\"},\"inLanguage\":\"pt-BR\",\"potentialAction\":[{\"@type\":\"ReadAction\",\"target\":[\"https:\/\/agenciainfra.com\/blog\/tcu-considera-cumpridas-determinacoes-a-aneel-sobre-desconto-no-fio\/\"]}]},{\"@type\":\"ImageObject\",\"inLanguage\":\"pt-BR\",\"@id\":\"https:\/\/agenciainfra.com\/blog\/tcu-considera-cumpridas-determinacoes-a-aneel-sobre-desconto-no-fio\/#primaryimage\",\"url\":\"https:\/\/agenciainfra.com\/blog\/wp-content\/uploads\/2025\/09\/distribuicao-energia-foto-marcello-casal-jr-agencia-brasil.png\",\"contentUrl\":\"https:\/\/agenciainfra.com\/blog\/wp-content\/uploads\/2025\/09\/distribuicao-energia-foto-marcello-casal-jr-agencia-brasil.png\",\"width\":1280,\"height\":765,\"caption\":\"Foto: Marcello Casal Jr.\/Ag\u00eancia Brasil\"},{\"@type\":\"BreadcrumbList\",\"@id\":\"https:\/\/agenciainfra.com\/blog\/tcu-considera-cumpridas-determinacoes-a-aneel-sobre-desconto-no-fio\/#breadcrumb\",\"itemListElement\":[{\"@type\":\"ListItem\",\"position\":1,\"name\":\"In\u00edcio\",\"item\":\"https:\/\/agenciainfra.com\/blog\/\"},{\"@type\":\"ListItem\",\"position\":2,\"name\":\"TCU considera cumpridas determina\u00e7\u00f5es \u00e0 ANEEL sobre desconto no fio\"}]},{\"@type\":\"WebSite\",\"@id\":\"https:\/\/agenciainfra.com\/blog\/#website\",\"url\":\"https:\/\/agenciainfra.com\/blog\/\",\"name\":\"Ag\u00eancia iNFRA\",\"description\":\"Multiplataforma de informa\u00e7\u00e3o jornal\u00edstica refer\u00eancia na \u00e1rea de infraestrutura no Brasil!\",\"publisher\":{\"@id\":\"https:\/\/agenciainfra.com\/blog\/#organization\"},\"potentialAction\":[{\"@type\":\"SearchAction\",\"target\":{\"@type\":\"EntryPoint\",\"urlTemplate\":\"https:\/\/agenciainfra.com\/blog\/?s={search_term_string}\"},\"query-input\":{\"@type\":\"PropertyValueSpecification\",\"valueRequired\":true,\"valueName\":\"search_term_string\"}}],\"inLanguage\":\"pt-BR\"},{\"@type\":\"Organization\",\"@id\":\"https:\/\/agenciainfra.com\/blog\/#organization\",\"name\":\"Ag\u00eancia iNFRA\",\"url\":\"https:\/\/agenciainfra.com\/blog\/\",\"logo\":{\"@type\":\"ImageObject\",\"inLanguage\":\"pt-BR\",\"@id\":\"https:\/\/agenciainfra.com\/blog\/#\/schema\/logo\/image\/\",\"url\":\"https:\/\/agenciainfra.com\/blog\/wp-content\/uploads\/2023\/09\/iNFRA_5-e1761735885940.png\",\"contentUrl\":\"https:\/\/agenciainfra.com\/blog\/wp-content\/uploads\/2023\/09\/iNFRA_5-e1761735885940.png\",\"width\":1672,\"height\":454,\"caption\":\"Ag\u00eancia iNFRA\"},\"image\":{\"@id\":\"https:\/\/agenciainfra.com\/blog\/#\/schema\/logo\/image\/\"},\"sameAs\":[\"https:\/\/www.facebook.com\/ageninfra\",\"https:\/\/x.com\/agencia_infra\",\"https:\/\/www.linkedin.com\/company\/ag\u00eanciainfra\/\",\"https:\/\/www.instagram.com\/agenciainfra\/\"]},{\"@type\":\"Person\",\"@id\":\"https:\/\/agenciainfra.com\/blog\/#\/schema\/person\/34af08dff6adea4cb22b06612ba7acfa\",\"name\":\"Ag\u00eancia iNFRA\",\"image\":{\"@type\":\"ImageObject\",\"inLanguage\":\"pt-BR\",\"@id\":\"https:\/\/agenciainfra.com\/blog\/#\/schema\/person\/image\/\",\"url\":\"https:\/\/secure.gravatar.com\/avatar\/d189e01678f06d8eb84d4e01f08eb848b3fffe3f8443818d3c356c66892f5be8?s=96&d=mm&r=g\",\"contentUrl\":\"https:\/\/secure.gravatar.com\/avatar\/d189e01678f06d8eb84d4e01f08eb848b3fffe3f8443818d3c356c66892f5be8?s=96&d=mm&r=g\",\"caption\":\"Ag\u00eancia iNFRA\"},\"url\":\"https:\/\/agenciainfra.com\/blog\/author\/admin\/\"}]}<\/script>\n<!-- \/ Yoast SEO Premium plugin. -->","yoast_head_json":{"title":"TCU considera cumpridas determina\u00e7\u00f5es \u00e0 ANEEL sobre desconto no fio - Ag\u00eancia iNFRA","robots":{"index":"index","follow":"follow","max-snippet":"max-snippet:-1","max-image-preview":"max-image-preview:large","max-video-preview":"max-video-preview:-1"},"canonical":"https:\/\/agenciainfra.com\/blog\/tcu-considera-cumpridas-determinacoes-a-aneel-sobre-desconto-no-fio\/","og_locale":"pt_BR","og_type":"article","og_title":"TCU considera cumpridas determina\u00e7\u00f5es \u00e0 ANEEL sobre desconto no fio","og_description":"Rafael Bitencourt, da Ag\u00eancia iNFRA O plen\u00e1rio do TCU (Tribunal de Contas da Uni\u00e3o) considerou cumpridas as determina\u00e7\u00f5es endere\u00e7adas \u00e0 ANEEL (Ag\u00eancia Nacional de Energia El\u00e9trica) para garantir o aumento do controle dos descontos no fio \u2013 abatimento sobre a tarifa de uso dos sistemas de transmiss\u00e3o e distribui\u00e7\u00e3o (Tust e Tusd) \u2013 em benef\u00edcios [&hellip;]","og_url":"https:\/\/agenciainfra.com\/blog\/tcu-considera-cumpridas-determinacoes-a-aneel-sobre-desconto-no-fio\/","og_site_name":"Ag\u00eancia iNFRA","article_publisher":"https:\/\/www.facebook.com\/ageninfra","article_published_time":"2025-11-18T20:59:59+00:00","article_modified_time":"2025-11-19T16:00:26+00:00","og_image":[{"width":1280,"height":765,"url":"https:\/\/agenciainfra.com\/blog\/wp-content\/uploads\/2025\/09\/distribuicao-energia-foto-marcello-casal-jr-agencia-brasil.png","type":"image\/png"}],"author":"Ag\u00eancia iNFRA","twitter_card":"summary_large_image","twitter_creator":"@agencia_infra","twitter_site":"@agencia_infra","twitter_misc":{"Escrito por":"Ag\u00eancia iNFRA","Est. tempo de leitura":"1 minuto"},"schema":{"@context":"https:\/\/schema.org","@graph":[{"@type":"Article","@id":"https:\/\/agenciainfra.com\/blog\/tcu-considera-cumpridas-determinacoes-a-aneel-sobre-desconto-no-fio\/#article","isPartOf":{"@id":"https:\/\/agenciainfra.com\/blog\/tcu-considera-cumpridas-determinacoes-a-aneel-sobre-desconto-no-fio\/"},"author":{"name":"Ag\u00eancia iNFRA","@id":"https:\/\/agenciainfra.com\/blog\/#\/schema\/person\/34af08dff6adea4cb22b06612ba7acfa"},"headline":"TCU considera cumpridas determina\u00e7\u00f5es \u00e0 ANEEL sobre desconto no fio","datePublished":"2025-11-18T20:59:59+00:00","dateModified":"2025-11-19T16:00:26+00:00","mainEntityOfPage":{"@id":"https:\/\/agenciainfra.com\/blog\/tcu-considera-cumpridas-determinacoes-a-aneel-sobre-desconto-no-fio\/"},"wordCount":254,"publisher":{"@id":"https:\/\/agenciainfra.com\/blog\/#organization"},"image":{"@id":"https:\/\/agenciainfra.com\/blog\/tcu-considera-cumpridas-determinacoes-a-aneel-sobre-desconto-no-fio\/#primaryimage"},"thumbnailUrl":"https:\/\/agenciainfra.com\/blog\/wp-content\/uploads\/2025\/09\/distribuicao-energia-foto-marcello-casal-jr-agencia-brasil.png","keywords":["ANEEL","Benjamin Zymler","desconto no fio","energia","fontes renov\u00e1veis","Rafael Bitencourt","TCU","Tusd","Tust"],"articleSection":["iNFRAEnergia"],"inLanguage":"pt-BR","copyrightYear":"2025","copyrightHolder":{"@id":"https:\/\/agenciainfra.com\/blog\/#organization"}},{"@type":"WebPage","@id":"https:\/\/agenciainfra.com\/blog\/tcu-considera-cumpridas-determinacoes-a-aneel-sobre-desconto-no-fio\/","url":"https:\/\/agenciainfra.com\/blog\/tcu-considera-cumpridas-determinacoes-a-aneel-sobre-desconto-no-fio\/","name":"TCU considera cumpridas determina\u00e7\u00f5es \u00e0 ANEEL sobre desconto no fio - Ag\u00eancia iNFRA","isPartOf":{"@id":"https:\/\/agenciainfra.com\/blog\/#website"},"primaryImageOfPage":{"@id":"https:\/\/agenciainfra.com\/blog\/tcu-considera-cumpridas-determinacoes-a-aneel-sobre-desconto-no-fio\/#primaryimage"},"image":{"@id":"https:\/\/agenciainfra.com\/blog\/tcu-considera-cumpridas-determinacoes-a-aneel-sobre-desconto-no-fio\/#primaryimage"},"thumbnailUrl":"https:\/\/agenciainfra.com\/blog\/wp-content\/uploads\/2025\/09\/distribuicao-energia-foto-marcello-casal-jr-agencia-brasil.png","datePublished":"2025-11-18T20:59:59+00:00","dateModified":"2025-11-19T16:00:26+00:00","breadcrumb":{"@id":"https:\/\/agenciainfra.com\/blog\/tcu-considera-cumpridas-determinacoes-a-aneel-sobre-desconto-no-fio\/#breadcrumb"},"inLanguage":"pt-BR","potentialAction":[{"@type":"ReadAction","target":["https:\/\/agenciainfra.com\/blog\/tcu-considera-cumpridas-determinacoes-a-aneel-sobre-desconto-no-fio\/"]}]},{"@type":"ImageObject","inLanguage":"pt-BR","@id":"https:\/\/agenciainfra.com\/blog\/tcu-considera-cumpridas-determinacoes-a-aneel-sobre-desconto-no-fio\/#primaryimage","url":"https:\/\/agenciainfra.com\/blog\/wp-content\/uploads\/2025\/09\/distribuicao-energia-foto-marcello-casal-jr-agencia-brasil.png","contentUrl":"https:\/\/agenciainfra.com\/blog\/wp-content\/uploads\/2025\/09\/distribuicao-energia-foto-marcello-casal-jr-agencia-brasil.png","width":1280,"height":765,"caption":"Foto: Marcello Casal Jr.\/Ag\u00eancia Brasil"},{"@type":"BreadcrumbList","@id":"https:\/\/agenciainfra.com\/blog\/tcu-considera-cumpridas-determinacoes-a-aneel-sobre-desconto-no-fio\/#breadcrumb","itemListElement":[{"@type":"ListItem","position":1,"name":"In\u00edcio","item":"https:\/\/agenciainfra.com\/blog\/"},{"@type":"ListItem","position":2,"name":"TCU considera cumpridas determina\u00e7\u00f5es \u00e0 ANEEL sobre desconto no fio"}]},{"@type":"WebSite","@id":"https:\/\/agenciainfra.com\/blog\/#website","url":"https:\/\/agenciainfra.com\/blog\/","name":"Ag\u00eancia iNFRA","description":"Multiplataforma de informa\u00e7\u00e3o jornal\u00edstica refer\u00eancia na \u00e1rea de infraestrutura no Brasil!","publisher":{"@id":"https:\/\/agenciainfra.com\/blog\/#organization"},"potentialAction":[{"@type":"SearchAction","target":{"@type":"EntryPoint","urlTemplate":"https:\/\/agenciainfra.com\/blog\/?s={search_term_string}"},"query-input":{"@type":"PropertyValueSpecification","valueRequired":true,"valueName":"search_term_string"}}],"inLanguage":"pt-BR"},{"@type":"Organization","@id":"https:\/\/agenciainfra.com\/blog\/#organization","name":"Ag\u00eancia iNFRA","url":"https:\/\/agenciainfra.com\/blog\/","logo":{"@type":"ImageObject","inLanguage":"pt-BR","@id":"https:\/\/agenciainfra.com\/blog\/#\/schema\/logo\/image\/","url":"https:\/\/agenciainfra.com\/blog\/wp-content\/uploads\/2023\/09\/iNFRA_5-e1761735885940.png","contentUrl":"https:\/\/agenciainfra.com\/blog\/wp-content\/uploads\/2023\/09\/iNFRA_5-e1761735885940.png","width":1672,"height":454,"caption":"Ag\u00eancia iNFRA"},"image":{"@id":"https:\/\/agenciainfra.com\/blog\/#\/schema\/logo\/image\/"},"sameAs":["https:\/\/www.facebook.com\/ageninfra","https:\/\/x.com\/agencia_infra","https:\/\/www.linkedin.com\/company\/ag\u00eanciainfra\/","https:\/\/www.instagram.com\/agenciainfra\/"]},{"@type":"Person","@id":"https:\/\/agenciainfra.com\/blog\/#\/schema\/person\/34af08dff6adea4cb22b06612ba7acfa","name":"Ag\u00eancia iNFRA","image":{"@type":"ImageObject","inLanguage":"pt-BR","@id":"https:\/\/agenciainfra.com\/blog\/#\/schema\/person\/image\/","url":"https:\/\/secure.gravatar.com\/avatar\/d189e01678f06d8eb84d4e01f08eb848b3fffe3f8443818d3c356c66892f5be8?s=96&d=mm&r=g","contentUrl":"https:\/\/secure.gravatar.com\/avatar\/d189e01678f06d8eb84d4e01f08eb848b3fffe3f8443818d3c356c66892f5be8?s=96&d=mm&r=g","caption":"Ag\u00eancia iNFRA"},"url":"https:\/\/agenciainfra.com\/blog\/author\/admin\/"}]}},"_links":{"self":[{"href":"https:\/\/agenciainfra.com\/blog\/wp-json\/wp\/v2\/posts\/32435","targetHints":{"allow":["GET"]}}],"collection":[{"href":"https:\/\/agenciainfra.com\/blog\/wp-json\/wp\/v2\/posts"}],"about":[{"href":"https:\/\/agenciainfra.com\/blog\/wp-json\/wp\/v2\/types\/post"}],"author":[{"embeddable":true,"href":"https:\/\/agenciainfra.com\/blog\/wp-json\/wp\/v2\/users\/1"}],"replies":[{"embeddable":true,"href":"https:\/\/agenciainfra.com\/blog\/wp-json\/wp\/v2\/comments?post=32435"}],"version-history":[{"count":1,"href":"https:\/\/agenciainfra.com\/blog\/wp-json\/wp\/v2\/posts\/32435\/revisions"}],"predecessor-version":[{"id":32437,"href":"https:\/\/agenciainfra.com\/blog\/wp-json\/wp\/v2\/posts\/32435\/revisions\/32437"}],"wp:featuredmedia":[{"embeddable":true,"href":"https:\/\/agenciainfra.com\/blog\/wp-json\/wp\/v2\/media\/27264"}],"wp:attachment":[{"href":"https:\/\/agenciainfra.com\/blog\/wp-json\/wp\/v2\/media?parent=32435"}],"wp:term":[{"taxonomy":"category","embeddable":true,"href":"https:\/\/agenciainfra.com\/blog\/wp-json\/wp\/v2\/categories?post=32435"},{"taxonomy":"post_tag","embeddable":true,"href":"https:\/\/agenciainfra.com\/blog\/wp-json\/wp\/v2\/tags?post=32435"}],"curies":[{"name":"wp","href":"https:\/\/api.w.org\/{rel}","templated":true}]}}