{"id":32436,"date":"2025-11-18T18:20:59","date_gmt":"2025-11-18T21:20:59","guid":{"rendered":"https:\/\/agenciainfra.com\/blog\/?p=32436"},"modified":"2025-11-19T15:47:05","modified_gmt":"2025-11-19T18:47:05","slug":"tcu-acompanhara-ibama-na-margem-equatorial-visando-licencas-futuras","status":"publish","type":"post","link":"https:\/\/agenciainfra.com\/blog\/tcu-acompanhara-ibama-na-margem-equatorial-visando-licencas-futuras\/","title":{"rendered":"TCU acompanhar\u00e1 Ibama na Margem Equatorial visando licen\u00e7as futuras"},"content":{"rendered":"\n<p class=\"has-text-align-right\"><strong>Gabriel Vasconcelos, da Ag\u00eancia iNFRA<\/strong><\/p>\n\n\n\n<p>O plen\u00e1rio do TCU (Tribunal de Contas da Uni\u00e3o) decidiu nesta ter\u00e7a-feira (18), por unanimidade, converter em procedimento de acompanhamento uma representa\u00e7\u00e3o contra o Ibama pela demora da autarquia na concess\u00e3o da licen\u00e7a para a Petrobras procurar petr\u00f3leo no litoral do Amap\u00e1, dentro da Margem Equatorial. A partir de agora, portanto, o Ibama estar\u00e1 sob o escrut\u00ednio do TCU nas tratativas com a Petrobras sobre a Bacia da Foz do Amazonas.<\/p>\n\n\n\n<p>O processo, relatado pelo ministro Bruno Dantas, analisava a representa\u00e7\u00e3o do deputado federal Gustavo Gayer (PL-GO), que apontava conflitos institucionais entre a autarquia ambiental e o MME (Minist\u00e9rio de Minas e Energia) no caso da licen\u00e7a para a perfura\u00e7\u00e3o do po\u00e7o explorat\u00f3rio FZM-59, da Petrobras. A \u00e1rea t\u00e9cnica do TCU chegou a sugerir o arquivamento do processo, ao considerar que &#8220;antigas e persistentes defici\u00eancias estruturais de gest\u00e3o de prazo do IBAMA&#8221; seriam objeto de uma futura auditoria operacional mais ampla por parte do TCU, tamb\u00e9m capaz de contemplar grandes obras de infraestrutura. Dantas, no entanto, apontou a intercorr\u00eancia de um &#8220;fato novo e superveniente&#8221; que o levou a votar pela manuten\u00e7\u00e3o e reforma do processo: a pr\u00f3pria concess\u00e3o da licen\u00e7a e o poss\u00edvel in\u00edcio da fase de desenvolvimento da produ\u00e7\u00e3o de \u00f3leo e g\u00e1s no Amap\u00e1.<\/p>\n\n\n\n<p>&#8220;Isso exigir\u00e1 licenciamentos mais robustos do que a perfura\u00e7\u00e3o de um \u00fanico po\u00e7o explorat\u00f3rio, que demorou mais de 10 anos, senhor presidente, para ser aprovado. Nesse contexto, as fragilidades gerenciais do Ibama deixam de ser um risco abstrato e tornam-se uma amea\u00e7a concreta \u00e0 seguran\u00e7a jur\u00eddica e \u00e0 celeridade de um projeto estrat\u00e9gico para a soberania energ\u00e9tica nacional&#8221;, disse o ministro Bruno Dantas para, em seguida, ser acompanhado por todos os demais membros da corte.<\/p>\n\n\n\n<p><strong>Licenciamento no offshore<\/strong><br>Al\u00e9m da convers\u00e3o da representa\u00e7\u00e3o em acompanhamento da situa\u00e7\u00e3o, ele tamb\u00e9m determinou que a auditoria operacional mais ampla do Ibama pelo TCU inclua cap\u00edtulo espec\u00edfico sobre o licenciamento de \u00f3leos e g\u00e1s offshore.<\/p>\n\n\n\n<p>&#8220;Essa auditoria sist\u00eamica dever\u00e1 avaliar, inclusive, a prontid\u00e3o do \u00f3rg\u00e3o ambiental para aplicar a rec\u00e9m-sancionada Lei Geral do Licenciamento Ambiental, Lei 15.190\/2025, mitigando riscos de inseguran\u00e7a jur\u00eddica nessa transi\u00e7\u00e3o normativa&#8221;, prosseguiu o ministro.<\/p>\n\n\n\n<p>A decis\u00e3o do TCU vem quase uma semana depois da sess\u00e3o em que os membros da corte teceram duras cr\u00edticas ao Ibama pela demora na concess\u00e3o da licen\u00e7a ambiental para grandes empreendimentos de infraestrutura, como a Ferrovia Transnordestina e defini\u00e7\u00f5es necess\u00e1rias ao pleno funcionamento da usina hidrel\u00e9trica de Belo Monte. Na ocasi\u00e3o, o ministro Walton Alencar chegou a dizer que o Ibama impedia o desenvolvimento do pa\u00eds.<\/p>\n","protected":false},"excerpt":{"rendered":"<p>Gabriel Vasconcelos, da Ag\u00eancia iNFRA O plen\u00e1rio do TCU (Tribunal de Contas da Uni\u00e3o) decidiu nesta ter\u00e7a-feira (18), por unanimidade, converter em procedimento de acompanhamento uma representa\u00e7\u00e3o contra o Ibama pela demora da autarquia na concess\u00e3o da licen\u00e7a para a Petrobras procurar petr\u00f3leo no litoral do Amap\u00e1, dentro da Margem Equatorial. A partir de agora, [&hellip;]<\/p>\n","protected":false},"author":1,"featured_media":21881,"comment_status":"closed","ping_status":"closed","sticky":false,"template":"","format":"standard","meta":{"_monsterinsights_skip_tracking":false,"_monsterinsights_sitenote_active":false,"_monsterinsights_sitenote_note":"","_monsterinsights_sitenote_category":0,"footnotes":""},"categories":[7250,13271],"tags":[14123,396,13339,13251,17009,749,650,13269,3191,143,927],"class_list":["post-32436","post","type-post","status-publish","format-standard","has-post-thumbnail","hentry","category-destaque-lista","category-oleo-gas","tag-bacia-da-foz-do-amazonas","tag-bruno-dantas","tag-exploracao-de-petroleo","tag-gabriel-vasconcelos","tag-gustavo-gayer","tag-ibama","tag-licenciamento","tag-margem-equatorial","tag-oleo-e-gas","tag-petrobras","tag-tribunal-de-contas-da-uniao"],"yoast_head":"<!-- This site is optimized with the Yoast SEO Premium plugin v25.4 (Yoast SEO v26.0) - https:\/\/yoast.com\/wordpress\/plugins\/seo\/ -->\n<title>TCU acompanhar\u00e1 Ibama na Margem Equatorial visando licen\u00e7as futuras - Ag\u00eancia iNFRA<\/title>\n<meta name=\"robots\" content=\"index, follow, max-snippet:-1, max-image-preview:large, max-video-preview:-1\" \/>\n<link rel=\"canonical\" href=\"https:\/\/agenciainfra.com\/blog\/tcu-acompanhara-ibama-na-margem-equatorial-visando-licencas-futuras\/\" \/>\n<meta property=\"og:locale\" content=\"pt_BR\" \/>\n<meta property=\"og:type\" content=\"article\" \/>\n<meta property=\"og:title\" content=\"TCU acompanhar\u00e1 Ibama na Margem Equatorial visando licen\u00e7as futuras\" \/>\n<meta property=\"og:description\" content=\"Gabriel Vasconcelos, da Ag\u00eancia iNFRA O plen\u00e1rio do TCU (Tribunal de Contas da Uni\u00e3o) decidiu nesta ter\u00e7a-feira (18), por unanimidade, converter em procedimento de acompanhamento uma representa\u00e7\u00e3o contra o Ibama pela demora da autarquia na concess\u00e3o da licen\u00e7a para a Petrobras procurar petr\u00f3leo no litoral do Amap\u00e1, dentro da Margem Equatorial. A partir de agora, [&hellip;]\" \/>\n<meta property=\"og:url\" content=\"https:\/\/agenciainfra.com\/blog\/tcu-acompanhara-ibama-na-margem-equatorial-visando-licencas-futuras\/\" \/>\n<meta property=\"og:site_name\" content=\"Ag\u00eancia iNFRA\" \/>\n<meta property=\"article:publisher\" content=\"https:\/\/www.facebook.com\/ageninfra\" \/>\n<meta property=\"article:published_time\" content=\"2025-11-18T21:20:59+00:00\" \/>\n<meta property=\"article:modified_time\" content=\"2025-11-19T18:47:05+00:00\" \/>\n<meta property=\"og:image\" content=\"https:\/\/agenciainfra.com\/blog\/wp-content\/uploads\/2025\/05\/fachada-ibama-foto-divulgacao.png\" \/>\n\t<meta property=\"og:image:width\" content=\"1280\" \/>\n\t<meta property=\"og:image:height\" content=\"859\" \/>\n\t<meta property=\"og:image:type\" content=\"image\/png\" \/>\n<meta name=\"author\" content=\"Ag\u00eancia iNFRA\" \/>\n<meta name=\"twitter:card\" content=\"summary_large_image\" \/>\n<meta name=\"twitter:creator\" content=\"@agencia_infra\" \/>\n<meta name=\"twitter:site\" content=\"@agencia_infra\" \/>\n<meta name=\"twitter:label1\" content=\"Escrito por\" \/>\n\t<meta name=\"twitter:data1\" content=\"Ag\u00eancia iNFRA\" \/>\n\t<meta name=\"twitter:label2\" content=\"Est. tempo de leitura\" \/>\n\t<meta name=\"twitter:data2\" content=\"2 minutos\" \/>\n<script type=\"application\/ld+json\" class=\"yoast-schema-graph\">{\"@context\":\"https:\/\/schema.org\",\"@graph\":[{\"@type\":\"Article\",\"@id\":\"https:\/\/agenciainfra.com\/blog\/tcu-acompanhara-ibama-na-margem-equatorial-visando-licencas-futuras\/#article\",\"isPartOf\":{\"@id\":\"https:\/\/agenciainfra.com\/blog\/tcu-acompanhara-ibama-na-margem-equatorial-visando-licencas-futuras\/\"},\"author\":{\"name\":\"Ag\u00eancia iNFRA\",\"@id\":\"https:\/\/agenciainfra.com\/blog\/#\/schema\/person\/34af08dff6adea4cb22b06612ba7acfa\"},\"headline\":\"TCU acompanhar\u00e1 Ibama na Margem Equatorial visando licen\u00e7as futuras\",\"datePublished\":\"2025-11-18T21:20:59+00:00\",\"dateModified\":\"2025-11-19T18:47:05+00:00\",\"mainEntityOfPage\":{\"@id\":\"https:\/\/agenciainfra.com\/blog\/tcu-acompanhara-ibama-na-margem-equatorial-visando-licencas-futuras\/\"},\"wordCount\":489,\"publisher\":{\"@id\":\"https:\/\/agenciainfra.com\/blog\/#organization\"},\"image\":{\"@id\":\"https:\/\/agenciainfra.com\/blog\/tcu-acompanhara-ibama-na-margem-equatorial-visando-licencas-futuras\/#primaryimage\"},\"thumbnailUrl\":\"https:\/\/agenciainfra.com\/blog\/wp-content\/uploads\/2025\/05\/fachada-ibama-foto-divulgacao.png\",\"keywords\":[\"Bacia da Foz do Amazonas\",\"Bruno Dantas\",\"explora\u00e7\u00e3o de petr\u00f3leo\",\"Gabriel Vasconcelos\",\"Gustavo Gayer\",\"Ibama\",\"licenciamento\",\"margem equatorial\",\"\u00f3leo e g\u00e1s\",\"Petrobras\",\"Tribunal de Contas da Uni\u00e3o\"],\"articleSection\":[\"Destaque lista\",\"\u00d3leo &amp; G\u00e1s\"],\"inLanguage\":\"pt-BR\",\"copyrightYear\":\"2025\",\"copyrightHolder\":{\"@id\":\"https:\/\/agenciainfra.com\/blog\/#organization\"}},{\"@type\":\"WebPage\",\"@id\":\"https:\/\/agenciainfra.com\/blog\/tcu-acompanhara-ibama-na-margem-equatorial-visando-licencas-futuras\/\",\"url\":\"https:\/\/agenciainfra.com\/blog\/tcu-acompanhara-ibama-na-margem-equatorial-visando-licencas-futuras\/\",\"name\":\"TCU acompanhar\u00e1 Ibama na Margem Equatorial visando licen\u00e7as futuras - Ag\u00eancia iNFRA\",\"isPartOf\":{\"@id\":\"https:\/\/agenciainfra.com\/blog\/#website\"},\"primaryImageOfPage\":{\"@id\":\"https:\/\/agenciainfra.com\/blog\/tcu-acompanhara-ibama-na-margem-equatorial-visando-licencas-futuras\/#primaryimage\"},\"image\":{\"@id\":\"https:\/\/agenciainfra.com\/blog\/tcu-acompanhara-ibama-na-margem-equatorial-visando-licencas-futuras\/#primaryimage\"},\"thumbnailUrl\":\"https:\/\/agenciainfra.com\/blog\/wp-content\/uploads\/2025\/05\/fachada-ibama-foto-divulgacao.png\",\"datePublished\":\"2025-11-18T21:20:59+00:00\",\"dateModified\":\"2025-11-19T18:47:05+00:00\",\"breadcrumb\":{\"@id\":\"https:\/\/agenciainfra.com\/blog\/tcu-acompanhara-ibama-na-margem-equatorial-visando-licencas-futuras\/#breadcrumb\"},\"inLanguage\":\"pt-BR\",\"potentialAction\":[{\"@type\":\"ReadAction\",\"target\":[\"https:\/\/agenciainfra.com\/blog\/tcu-acompanhara-ibama-na-margem-equatorial-visando-licencas-futuras\/\"]}]},{\"@type\":\"ImageObject\",\"inLanguage\":\"pt-BR\",\"@id\":\"https:\/\/agenciainfra.com\/blog\/tcu-acompanhara-ibama-na-margem-equatorial-visando-licencas-futuras\/#primaryimage\",\"url\":\"https:\/\/agenciainfra.com\/blog\/wp-content\/uploads\/2025\/05\/fachada-ibama-foto-divulgacao.png\",\"contentUrl\":\"https:\/\/agenciainfra.com\/blog\/wp-content\/uploads\/2025\/05\/fachada-ibama-foto-divulgacao.png\",\"width\":1280,\"height\":859,\"caption\":\"Foto: Ibama\"},{\"@type\":\"BreadcrumbList\",\"@id\":\"https:\/\/agenciainfra.com\/blog\/tcu-acompanhara-ibama-na-margem-equatorial-visando-licencas-futuras\/#breadcrumb\",\"itemListElement\":[{\"@type\":\"ListItem\",\"position\":1,\"name\":\"In\u00edcio\",\"item\":\"https:\/\/agenciainfra.com\/blog\/\"},{\"@type\":\"ListItem\",\"position\":2,\"name\":\"TCU acompanhar\u00e1 Ibama na Margem Equatorial visando licen\u00e7as futuras\"}]},{\"@type\":\"WebSite\",\"@id\":\"https:\/\/agenciainfra.com\/blog\/#website\",\"url\":\"https:\/\/agenciainfra.com\/blog\/\",\"name\":\"Ag\u00eancia iNFRA\",\"description\":\"Multiplataforma de informa\u00e7\u00e3o jornal\u00edstica refer\u00eancia na \u00e1rea de infraestrutura no Brasil!\",\"publisher\":{\"@id\":\"https:\/\/agenciainfra.com\/blog\/#organization\"},\"potentialAction\":[{\"@type\":\"SearchAction\",\"target\":{\"@type\":\"EntryPoint\",\"urlTemplate\":\"https:\/\/agenciainfra.com\/blog\/?s={search_term_string}\"},\"query-input\":{\"@type\":\"PropertyValueSpecification\",\"valueRequired\":true,\"valueName\":\"search_term_string\"}}],\"inLanguage\":\"pt-BR\"},{\"@type\":\"Organization\",\"@id\":\"https:\/\/agenciainfra.com\/blog\/#organization\",\"name\":\"Ag\u00eancia iNFRA\",\"url\":\"https:\/\/agenciainfra.com\/blog\/\",\"logo\":{\"@type\":\"ImageObject\",\"inLanguage\":\"pt-BR\",\"@id\":\"https:\/\/agenciainfra.com\/blog\/#\/schema\/logo\/image\/\",\"url\":\"https:\/\/agenciainfra.com\/blog\/wp-content\/uploads\/2023\/09\/iNFRA_5-e1761735885940.png\",\"contentUrl\":\"https:\/\/agenciainfra.com\/blog\/wp-content\/uploads\/2023\/09\/iNFRA_5-e1761735885940.png\",\"width\":1672,\"height\":454,\"caption\":\"Ag\u00eancia iNFRA\"},\"image\":{\"@id\":\"https:\/\/agenciainfra.com\/blog\/#\/schema\/logo\/image\/\"},\"sameAs\":[\"https:\/\/www.facebook.com\/ageninfra\",\"https:\/\/x.com\/agencia_infra\",\"https:\/\/www.linkedin.com\/company\/ag\u00eanciainfra\/\",\"https:\/\/www.instagram.com\/agenciainfra\/\"]},{\"@type\":\"Person\",\"@id\":\"https:\/\/agenciainfra.com\/blog\/#\/schema\/person\/34af08dff6adea4cb22b06612ba7acfa\",\"name\":\"Ag\u00eancia iNFRA\",\"image\":{\"@type\":\"ImageObject\",\"inLanguage\":\"pt-BR\",\"@id\":\"https:\/\/agenciainfra.com\/blog\/#\/schema\/person\/image\/\",\"url\":\"https:\/\/secure.gravatar.com\/avatar\/d189e01678f06d8eb84d4e01f08eb848b3fffe3f8443818d3c356c66892f5be8?s=96&d=mm&r=g\",\"contentUrl\":\"https:\/\/secure.gravatar.com\/avatar\/d189e01678f06d8eb84d4e01f08eb848b3fffe3f8443818d3c356c66892f5be8?s=96&d=mm&r=g\",\"caption\":\"Ag\u00eancia iNFRA\"},\"url\":\"https:\/\/agenciainfra.com\/blog\/author\/admin\/\"}]}<\/script>\n<!-- \/ Yoast SEO Premium plugin. -->","yoast_head_json":{"title":"TCU acompanhar\u00e1 Ibama na Margem Equatorial visando licen\u00e7as futuras - Ag\u00eancia iNFRA","robots":{"index":"index","follow":"follow","max-snippet":"max-snippet:-1","max-image-preview":"max-image-preview:large","max-video-preview":"max-video-preview:-1"},"canonical":"https:\/\/agenciainfra.com\/blog\/tcu-acompanhara-ibama-na-margem-equatorial-visando-licencas-futuras\/","og_locale":"pt_BR","og_type":"article","og_title":"TCU acompanhar\u00e1 Ibama na Margem Equatorial visando licen\u00e7as futuras","og_description":"Gabriel Vasconcelos, da Ag\u00eancia iNFRA O plen\u00e1rio do TCU (Tribunal de Contas da Uni\u00e3o) decidiu nesta ter\u00e7a-feira (18), por unanimidade, converter em procedimento de acompanhamento uma representa\u00e7\u00e3o contra o Ibama pela demora da autarquia na concess\u00e3o da licen\u00e7a para a Petrobras procurar petr\u00f3leo no litoral do Amap\u00e1, dentro da Margem Equatorial. A partir de agora, [&hellip;]","og_url":"https:\/\/agenciainfra.com\/blog\/tcu-acompanhara-ibama-na-margem-equatorial-visando-licencas-futuras\/","og_site_name":"Ag\u00eancia iNFRA","article_publisher":"https:\/\/www.facebook.com\/ageninfra","article_published_time":"2025-11-18T21:20:59+00:00","article_modified_time":"2025-11-19T18:47:05+00:00","og_image":[{"width":1280,"height":859,"url":"https:\/\/agenciainfra.com\/blog\/wp-content\/uploads\/2025\/05\/fachada-ibama-foto-divulgacao.png","type":"image\/png"}],"author":"Ag\u00eancia iNFRA","twitter_card":"summary_large_image","twitter_creator":"@agencia_infra","twitter_site":"@agencia_infra","twitter_misc":{"Escrito por":"Ag\u00eancia iNFRA","Est. tempo de leitura":"2 minutos"},"schema":{"@context":"https:\/\/schema.org","@graph":[{"@type":"Article","@id":"https:\/\/agenciainfra.com\/blog\/tcu-acompanhara-ibama-na-margem-equatorial-visando-licencas-futuras\/#article","isPartOf":{"@id":"https:\/\/agenciainfra.com\/blog\/tcu-acompanhara-ibama-na-margem-equatorial-visando-licencas-futuras\/"},"author":{"name":"Ag\u00eancia iNFRA","@id":"https:\/\/agenciainfra.com\/blog\/#\/schema\/person\/34af08dff6adea4cb22b06612ba7acfa"},"headline":"TCU acompanhar\u00e1 Ibama na Margem Equatorial visando licen\u00e7as futuras","datePublished":"2025-11-18T21:20:59+00:00","dateModified":"2025-11-19T18:47:05+00:00","mainEntityOfPage":{"@id":"https:\/\/agenciainfra.com\/blog\/tcu-acompanhara-ibama-na-margem-equatorial-visando-licencas-futuras\/"},"wordCount":489,"publisher":{"@id":"https:\/\/agenciainfra.com\/blog\/#organization"},"image":{"@id":"https:\/\/agenciainfra.com\/blog\/tcu-acompanhara-ibama-na-margem-equatorial-visando-licencas-futuras\/#primaryimage"},"thumbnailUrl":"https:\/\/agenciainfra.com\/blog\/wp-content\/uploads\/2025\/05\/fachada-ibama-foto-divulgacao.png","keywords":["Bacia da Foz do Amazonas","Bruno Dantas","explora\u00e7\u00e3o de petr\u00f3leo","Gabriel Vasconcelos","Gustavo Gayer","Ibama","licenciamento","margem equatorial","\u00f3leo e g\u00e1s","Petrobras","Tribunal de Contas da Uni\u00e3o"],"articleSection":["Destaque lista","\u00d3leo &amp; G\u00e1s"],"inLanguage":"pt-BR","copyrightYear":"2025","copyrightHolder":{"@id":"https:\/\/agenciainfra.com\/blog\/#organization"}},{"@type":"WebPage","@id":"https:\/\/agenciainfra.com\/blog\/tcu-acompanhara-ibama-na-margem-equatorial-visando-licencas-futuras\/","url":"https:\/\/agenciainfra.com\/blog\/tcu-acompanhara-ibama-na-margem-equatorial-visando-licencas-futuras\/","name":"TCU acompanhar\u00e1 Ibama na Margem Equatorial visando licen\u00e7as futuras - Ag\u00eancia iNFRA","isPartOf":{"@id":"https:\/\/agenciainfra.com\/blog\/#website"},"primaryImageOfPage":{"@id":"https:\/\/agenciainfra.com\/blog\/tcu-acompanhara-ibama-na-margem-equatorial-visando-licencas-futuras\/#primaryimage"},"image":{"@id":"https:\/\/agenciainfra.com\/blog\/tcu-acompanhara-ibama-na-margem-equatorial-visando-licencas-futuras\/#primaryimage"},"thumbnailUrl":"https:\/\/agenciainfra.com\/blog\/wp-content\/uploads\/2025\/05\/fachada-ibama-foto-divulgacao.png","datePublished":"2025-11-18T21:20:59+00:00","dateModified":"2025-11-19T18:47:05+00:00","breadcrumb":{"@id":"https:\/\/agenciainfra.com\/blog\/tcu-acompanhara-ibama-na-margem-equatorial-visando-licencas-futuras\/#breadcrumb"},"inLanguage":"pt-BR","potentialAction":[{"@type":"ReadAction","target":["https:\/\/agenciainfra.com\/blog\/tcu-acompanhara-ibama-na-margem-equatorial-visando-licencas-futuras\/"]}]},{"@type":"ImageObject","inLanguage":"pt-BR","@id":"https:\/\/agenciainfra.com\/blog\/tcu-acompanhara-ibama-na-margem-equatorial-visando-licencas-futuras\/#primaryimage","url":"https:\/\/agenciainfra.com\/blog\/wp-content\/uploads\/2025\/05\/fachada-ibama-foto-divulgacao.png","contentUrl":"https:\/\/agenciainfra.com\/blog\/wp-content\/uploads\/2025\/05\/fachada-ibama-foto-divulgacao.png","width":1280,"height":859,"caption":"Foto: Ibama"},{"@type":"BreadcrumbList","@id":"https:\/\/agenciainfra.com\/blog\/tcu-acompanhara-ibama-na-margem-equatorial-visando-licencas-futuras\/#breadcrumb","itemListElement":[{"@type":"ListItem","position":1,"name":"In\u00edcio","item":"https:\/\/agenciainfra.com\/blog\/"},{"@type":"ListItem","position":2,"name":"TCU acompanhar\u00e1 Ibama na Margem Equatorial visando licen\u00e7as futuras"}]},{"@type":"WebSite","@id":"https:\/\/agenciainfra.com\/blog\/#website","url":"https:\/\/agenciainfra.com\/blog\/","name":"Ag\u00eancia iNFRA","description":"Multiplataforma de informa\u00e7\u00e3o jornal\u00edstica refer\u00eancia na \u00e1rea de infraestrutura no Brasil!","publisher":{"@id":"https:\/\/agenciainfra.com\/blog\/#organization"},"potentialAction":[{"@type":"SearchAction","target":{"@type":"EntryPoint","urlTemplate":"https:\/\/agenciainfra.com\/blog\/?s={search_term_string}"},"query-input":{"@type":"PropertyValueSpecification","valueRequired":true,"valueName":"search_term_string"}}],"inLanguage":"pt-BR"},{"@type":"Organization","@id":"https:\/\/agenciainfra.com\/blog\/#organization","name":"Ag\u00eancia iNFRA","url":"https:\/\/agenciainfra.com\/blog\/","logo":{"@type":"ImageObject","inLanguage":"pt-BR","@id":"https:\/\/agenciainfra.com\/blog\/#\/schema\/logo\/image\/","url":"https:\/\/agenciainfra.com\/blog\/wp-content\/uploads\/2023\/09\/iNFRA_5-e1761735885940.png","contentUrl":"https:\/\/agenciainfra.com\/blog\/wp-content\/uploads\/2023\/09\/iNFRA_5-e1761735885940.png","width":1672,"height":454,"caption":"Ag\u00eancia iNFRA"},"image":{"@id":"https:\/\/agenciainfra.com\/blog\/#\/schema\/logo\/image\/"},"sameAs":["https:\/\/www.facebook.com\/ageninfra","https:\/\/x.com\/agencia_infra","https:\/\/www.linkedin.com\/company\/ag\u00eanciainfra\/","https:\/\/www.instagram.com\/agenciainfra\/"]},{"@type":"Person","@id":"https:\/\/agenciainfra.com\/blog\/#\/schema\/person\/34af08dff6adea4cb22b06612ba7acfa","name":"Ag\u00eancia iNFRA","image":{"@type":"ImageObject","inLanguage":"pt-BR","@id":"https:\/\/agenciainfra.com\/blog\/#\/schema\/person\/image\/","url":"https:\/\/secure.gravatar.com\/avatar\/d189e01678f06d8eb84d4e01f08eb848b3fffe3f8443818d3c356c66892f5be8?s=96&d=mm&r=g","contentUrl":"https:\/\/secure.gravatar.com\/avatar\/d189e01678f06d8eb84d4e01f08eb848b3fffe3f8443818d3c356c66892f5be8?s=96&d=mm&r=g","caption":"Ag\u00eancia iNFRA"},"url":"https:\/\/agenciainfra.com\/blog\/author\/admin\/"}]}},"_links":{"self":[{"href":"https:\/\/agenciainfra.com\/blog\/wp-json\/wp\/v2\/posts\/32436","targetHints":{"allow":["GET"]}}],"collection":[{"href":"https:\/\/agenciainfra.com\/blog\/wp-json\/wp\/v2\/posts"}],"about":[{"href":"https:\/\/agenciainfra.com\/blog\/wp-json\/wp\/v2\/types\/post"}],"author":[{"embeddable":true,"href":"https:\/\/agenciainfra.com\/blog\/wp-json\/wp\/v2\/users\/1"}],"replies":[{"embeddable":true,"href":"https:\/\/agenciainfra.com\/blog\/wp-json\/wp\/v2\/comments?post=32436"}],"version-history":[{"count":1,"href":"https:\/\/agenciainfra.com\/blog\/wp-json\/wp\/v2\/posts\/32436\/revisions"}],"predecessor-version":[{"id":32438,"href":"https:\/\/agenciainfra.com\/blog\/wp-json\/wp\/v2\/posts\/32436\/revisions\/32438"}],"wp:featuredmedia":[{"embeddable":true,"href":"https:\/\/agenciainfra.com\/blog\/wp-json\/wp\/v2\/media\/21881"}],"wp:attachment":[{"href":"https:\/\/agenciainfra.com\/blog\/wp-json\/wp\/v2\/media?parent=32436"}],"wp:term":[{"taxonomy":"category","embeddable":true,"href":"https:\/\/agenciainfra.com\/blog\/wp-json\/wp\/v2\/categories?post=32436"},{"taxonomy":"post_tag","embeddable":true,"href":"https:\/\/agenciainfra.com\/blog\/wp-json\/wp\/v2\/tags?post=32436"}],"curies":[{"name":"wp","href":"https:\/\/api.w.org\/{rel}","templated":true}]}}