{"id":3244,"date":"2019-05-31T16:00:12","date_gmt":"2019-05-31T19:00:12","guid":{"rendered":"http:\/\/www.agenciainfra.com\/blog\/?p=3244"},"modified":"2019-05-31T12:59:31","modified_gmt":"2019-05-31T15:59:31","slug":"evento-reune-especialistas-de-infraestrutura-para-debater-a-relacao-do-setor-com-o-direito-publico","status":"publish","type":"post","link":"https:\/\/agenciainfra.com\/blog\/evento-reune-especialistas-de-infraestrutura-para-debater-a-relacao-do-setor-com-o-direito-publico\/","title":{"rendered":"Evento re\u00fane especialistas de infraestrutura para debater a rela\u00e7\u00e3o do setor com o direito p\u00fablico"},"content":{"rendered":"<h5 dir=\"ltr\" style=\"text-align: right;\"><strong>da Ag\u00eancia iNFRA<\/strong><\/h5>\n<p dir=\"ltr\">Especialistas e gestores p\u00fablicos que atuam na \u00e1rea de infraestrutura re\u00fanem-se, na pr\u00f3xima quarta-feira (5 de junho), no 2\u00ba Congresso Brasileiro de Direito P\u00fablico da Infraestrutura, para debater sobre as quest\u00f5es jur\u00eddicas relacionadas ao setor.<\/p>\n<p dir=\"ltr\">O evento, promovido pelo Brazil Infrastructure Institute e pelo GEDIPI (Grupo de Estudos em Direito P\u00fablico da Infraestrutura), com apoio do Conselho Federal da OAB, da ENA (Escola Nacional de Advocacia) e da <strong>Ag\u00eancia iNFRA<\/strong>, ser\u00e1 realizado no audit\u00f3rio do Conselho Federal da OAB, em Bras\u00edlia.<\/p>\n<p dir=\"ltr\">Entre os nomes confirmados, est\u00e3o o ministro da Infraestrutura, Tarc\u00edsio Freitas, e o ministro do TCU (Tribunal de Contas da Uni\u00e3o) Benjamin Zymler, que falar\u00e3o sobre os principais desafios regulat\u00f3rios para o avan\u00e7o da infraestrutura no pa\u00eds e sobre a capacidade das institui\u00e7\u00f5es nacionais em dar conta de uma nova grande onda de investimentos no setor.<\/p>\n<p dir=\"ltr\">Al\u00e9m das confer\u00eancias de Freitas e Zymler, haver\u00e1 outros quatro pain\u00e9is. No primeiro, sobre a prorroga\u00e7\u00e3o antecipada dos contratos de concess\u00e3o sob o regime da Lei n\u00ba 13.448\/17, participam a secret\u00e1ria de Planejamento, Fomento e Parcerias do Minist\u00e9rio da Infraestrutura, Nat\u00e1lia Marcassa; o advogado Mar\u00e7al Justen Filho; e o ex-procurador-geral de Minas Gerais Onofre Alves Batista.<\/p>\n<p dir=\"ltr\">O secret\u00e1rio nacional de Portos e Transportes Aquavi\u00e1rios, Diogo Piloni, falar\u00e1 sobre a experi\u00eancia brasileira com os terminais de uso privado (TUPs), no segundo painel, que tratar\u00e1 dos principais avan\u00e7os regulat\u00f3rios sobre o setor portu\u00e1rio. No mesmo painel, o advogado Rafael Schwind falar\u00e1 sobre os processos de privatiza\u00e7\u00e3o das companhias docas.<\/p>\n<p dir=\"ltr\">Os contratos problem\u00e1ticos s\u00e3o o tema do terceiro painel. O ex-secret\u00e1rio do PPI (Programa de Parcerias de Investimentos) e atual secret\u00e1rio de Infraestrutura e Mobilidade de Minas Gerais, Marco Aur\u00e9lio Barcelos, falar\u00e1 dos desafios regulat\u00f3rios para a relicita\u00e7\u00e3o desses contratos, e a professora da FGV (Funda\u00e7\u00e3o Getulio Vargas) Juliana Palma tratar\u00e1 da possibilidade de negociar ajustes de conduta em substitui\u00e7\u00e3o \u00e0 aplica\u00e7\u00e3o de multas nos processos punitivos das ag\u00eancias reguladoras.<\/p>\n<p dir=\"ltr\">O quarto painel colocar\u00e1 em debate quest\u00f5es que se encontram hoje na fronteira do direito administrativo brasileiro. O professor da UERJ (Universidade do Estado do Rio de Janeiro) Jos\u00e9 Vicente Mendon\u00e7a abordar\u00e1 a possibilidade da substitui\u00e7\u00e3o de concess\u00f5es por autoriza\u00e7\u00f5es na explora\u00e7\u00e3o do transporte interestadual de passageiros por agentes privados. J\u00e1 o professor da FGV Lu\u00eds Felipe Valerim tratar\u00e1 das autoriza\u00e7\u00f5es para o sistema ferrovi\u00e1rio, assunto que j\u00e1 est\u00e1 em discuss\u00e3o no Congresso Nacional, por meio de um projeto de lei de autoria do senador Jos\u00e9 Serra (PSDB-SP).<\/p>\n<p dir=\"ltr\">As inscri\u00e7\u00f5es para o 2\u00ba Congresso Brasileiro de Direito P\u00fablico da Infraestrutura s\u00e3o gratuitas e podem ser feitas no site do evento, <a href=\"https:\/\/centraleventos.oab.org.br\/event\/150\/2-congresso-brasileiro-de-direito-publico-da-infraestrutura\" target=\"_blank\" rel=\"noopener\" data-saferedirecturl=\"https:\/\/www.google.com\/url?q=https:\/\/centraleventos.oab.org.br\/event\/150\/2-congresso-brasileiro-de-direito-publico-da-infraestrutura&amp;source=gmail&amp;ust=1559403686411000&amp;usg=AFQjCNFq5M6CwwQkwuFtU6ZgLwOn241UdQ\">neste link<\/a>.<\/p>\n","protected":false},"excerpt":{"rendered":"<p>da Ag\u00eancia iNFRA Especialistas e gestores p\u00fablicos que atuam na \u00e1rea de infraestrutura re\u00fanem-se, na pr\u00f3xima quarta-feira (5 de junho), no 2\u00ba Congresso Brasileiro de Direito P\u00fablico da Infraestrutura, para debater sobre as quest\u00f5es jur\u00eddicas relacionadas ao setor. O evento, promovido pelo Brazil Infrastructure Institute e pelo GEDIPI (Grupo de Estudos em Direito P\u00fablico da [&hellip;]<\/p>\n","protected":false},"author":9,"featured_media":3245,"comment_status":"closed","ping_status":"open","sticky":false,"template":"","format":"standard","meta":{"_monsterinsights_skip_tracking":false,"_monsterinsights_sitenote_active":false,"_monsterinsights_sitenote_note":"","_monsterinsights_sitenote_category":0,"footnotes":""},"categories":[7],"tags":[490,1031,811,448],"class_list":["post-3244","post","type-post","status-publish","format-standard","has-post-thumbnail","hentry","category-infratransporte","tag-benjamin-zymler","tag-congresso-brasileiro-de-direito-publico-da-infraestrutura","tag-diogo-piloni","tag-tarcisio-de-freitas"],"yoast_head":"<!-- This site is optimized with the Yoast SEO Premium plugin v25.4 (Yoast SEO v26.0) - https:\/\/yoast.com\/wordpress\/plugins\/seo\/ -->\n<title>Evento re\u00fane especialistas de infraestrutura para debater a rela\u00e7\u00e3o do setor com o direito p\u00fablico - Ag\u00eancia iNFRA<\/title>\n<meta name=\"robots\" content=\"index, follow, max-snippet:-1, max-image-preview:large, max-video-preview:-1\" \/>\n<link rel=\"canonical\" href=\"https:\/\/agenciainfra.com\/blog\/evento-reune-especialistas-de-infraestrutura-para-debater-a-relacao-do-setor-com-o-direito-publico\/\" \/>\n<meta property=\"og:locale\" content=\"pt_BR\" \/>\n<meta property=\"og:type\" content=\"article\" \/>\n<meta property=\"og:title\" content=\"Evento re\u00fane especialistas de infraestrutura para debater a rela\u00e7\u00e3o do setor com o direito p\u00fablico\" \/>\n<meta property=\"og:description\" content=\"da Ag\u00eancia iNFRA Especialistas e gestores p\u00fablicos que atuam na \u00e1rea de infraestrutura re\u00fanem-se, na pr\u00f3xima quarta-feira (5 de junho), no 2\u00ba Congresso Brasileiro de Direito P\u00fablico da Infraestrutura, para debater sobre as quest\u00f5es jur\u00eddicas relacionadas ao setor. O evento, promovido pelo Brazil Infrastructure Institute e pelo GEDIPI (Grupo de Estudos em Direito P\u00fablico da [&hellip;]\" \/>\n<meta property=\"og:url\" content=\"https:\/\/agenciainfra.com\/blog\/evento-reune-especialistas-de-infraestrutura-para-debater-a-relacao-do-setor-com-o-direito-publico\/\" \/>\n<meta property=\"og:site_name\" content=\"Ag\u00eancia iNFRA\" \/>\n<meta property=\"article:publisher\" content=\"https:\/\/www.facebook.com\/ageninfra\" \/>\n<meta property=\"article:published_time\" content=\"2019-05-31T19:00:12+00:00\" \/>\n<meta property=\"og:image\" content=\"https:\/\/agenciainfra.com\/blog\/wp-content\/uploads\/2019\/05\/foto-ivan-bueno-appa-divulgacao-seil.jpeg\" \/>\n\t<meta property=\"og:image:width\" content=\"890\" \/>\n\t<meta property=\"og:image:height\" content=\"548\" \/>\n\t<meta property=\"og:image:type\" content=\"image\/jpeg\" \/>\n<meta name=\"author\" content=\"Rodrigo Zuquim\" \/>\n<meta name=\"twitter:card\" content=\"summary_large_image\" \/>\n<meta name=\"twitter:creator\" content=\"@agencia_infra\" \/>\n<meta name=\"twitter:site\" content=\"@agencia_infra\" \/>\n<meta name=\"twitter:label1\" content=\"Escrito por\" \/>\n\t<meta name=\"twitter:data1\" content=\"Rodrigo Zuquim\" \/>\n\t<meta name=\"twitter:label2\" content=\"Est. tempo de leitura\" \/>\n\t<meta name=\"twitter:data2\" content=\"2 minutos\" \/>\n<script type=\"application\/ld+json\" class=\"yoast-schema-graph\">{\"@context\":\"https:\/\/schema.org\",\"@graph\":[{\"@type\":\"Article\",\"@id\":\"https:\/\/agenciainfra.com\/blog\/evento-reune-especialistas-de-infraestrutura-para-debater-a-relacao-do-setor-com-o-direito-publico\/#article\",\"isPartOf\":{\"@id\":\"https:\/\/agenciainfra.com\/blog\/evento-reune-especialistas-de-infraestrutura-para-debater-a-relacao-do-setor-com-o-direito-publico\/\"},\"author\":{\"name\":\"Rodrigo Zuquim\",\"@id\":\"https:\/\/agenciainfra.com\/blog\/#\/schema\/person\/04dbb79bd6d8951f063da71f3e4c1eb1\"},\"headline\":\"Evento re\u00fane especialistas de infraestrutura para debater a rela\u00e7\u00e3o do setor com o direito p\u00fablico\",\"datePublished\":\"2019-05-31T19:00:12+00:00\",\"mainEntityOfPage\":{\"@id\":\"https:\/\/agenciainfra.com\/blog\/evento-reune-especialistas-de-infraestrutura-para-debater-a-relacao-do-setor-com-o-direito-publico\/\"},\"wordCount\":501,\"publisher\":{\"@id\":\"https:\/\/agenciainfra.com\/blog\/#organization\"},\"image\":{\"@id\":\"https:\/\/agenciainfra.com\/blog\/evento-reune-especialistas-de-infraestrutura-para-debater-a-relacao-do-setor-com-o-direito-publico\/#primaryimage\"},\"thumbnailUrl\":\"https:\/\/agenciainfra.com\/blog\/wp-content\/uploads\/2019\/05\/foto-ivan-bueno-appa-divulgacao-seil.jpeg\",\"keywords\":[\"Benjamin Zymler\",\"Congresso Brasileiro de Direito P\u00fablico da Infraestrutura\",\"Diogo Piloni\",\"Tarc\u00edsio de Freitas\"],\"articleSection\":[\"iNFRATransporte\"],\"inLanguage\":\"pt-BR\",\"copyrightYear\":\"2019\",\"copyrightHolder\":{\"@id\":\"https:\/\/agenciainfra.com\/blog\/#organization\"}},{\"@type\":\"WebPage\",\"@id\":\"https:\/\/agenciainfra.com\/blog\/evento-reune-especialistas-de-infraestrutura-para-debater-a-relacao-do-setor-com-o-direito-publico\/\",\"url\":\"https:\/\/agenciainfra.com\/blog\/evento-reune-especialistas-de-infraestrutura-para-debater-a-relacao-do-setor-com-o-direito-publico\/\",\"name\":\"Evento re\u00fane especialistas de infraestrutura para debater a rela\u00e7\u00e3o do setor com o direito p\u00fablico - Ag\u00eancia iNFRA\",\"isPartOf\":{\"@id\":\"https:\/\/agenciainfra.com\/blog\/#website\"},\"primaryImageOfPage\":{\"@id\":\"https:\/\/agenciainfra.com\/blog\/evento-reune-especialistas-de-infraestrutura-para-debater-a-relacao-do-setor-com-o-direito-publico\/#primaryimage\"},\"image\":{\"@id\":\"https:\/\/agenciainfra.com\/blog\/evento-reune-especialistas-de-infraestrutura-para-debater-a-relacao-do-setor-com-o-direito-publico\/#primaryimage\"},\"thumbnailUrl\":\"https:\/\/agenciainfra.com\/blog\/wp-content\/uploads\/2019\/05\/foto-ivan-bueno-appa-divulgacao-seil.jpeg\",\"datePublished\":\"2019-05-31T19:00:12+00:00\",\"breadcrumb\":{\"@id\":\"https:\/\/agenciainfra.com\/blog\/evento-reune-especialistas-de-infraestrutura-para-debater-a-relacao-do-setor-com-o-direito-publico\/#breadcrumb\"},\"inLanguage\":\"pt-BR\",\"potentialAction\":[{\"@type\":\"ReadAction\",\"target\":[\"https:\/\/agenciainfra.com\/blog\/evento-reune-especialistas-de-infraestrutura-para-debater-a-relacao-do-setor-com-o-direito-publico\/\"]}]},{\"@type\":\"ImageObject\",\"inLanguage\":\"pt-BR\",\"@id\":\"https:\/\/agenciainfra.com\/blog\/evento-reune-especialistas-de-infraestrutura-para-debater-a-relacao-do-setor-com-o-direito-publico\/#primaryimage\",\"url\":\"https:\/\/agenciainfra.com\/blog\/wp-content\/uploads\/2019\/05\/foto-ivan-bueno-appa-divulgacao-seil.jpeg\",\"contentUrl\":\"https:\/\/agenciainfra.com\/blog\/wp-content\/uploads\/2019\/05\/foto-ivan-bueno-appa-divulgacao-seil.jpeg\",\"width\":890,\"height\":548},{\"@type\":\"BreadcrumbList\",\"@id\":\"https:\/\/agenciainfra.com\/blog\/evento-reune-especialistas-de-infraestrutura-para-debater-a-relacao-do-setor-com-o-direito-publico\/#breadcrumb\",\"itemListElement\":[{\"@type\":\"ListItem\",\"position\":1,\"name\":\"In\u00edcio\",\"item\":\"https:\/\/agenciainfra.com\/blog\/\"},{\"@type\":\"ListItem\",\"position\":2,\"name\":\"Evento re\u00fane especialistas de infraestrutura para debater a rela\u00e7\u00e3o do setor com o direito p\u00fablico\"}]},{\"@type\":\"WebSite\",\"@id\":\"https:\/\/agenciainfra.com\/blog\/#website\",\"url\":\"https:\/\/agenciainfra.com\/blog\/\",\"name\":\"Ag\u00eancia iNFRA\",\"description\":\"Multiplataforma de informa\u00e7\u00e3o jornal\u00edstica refer\u00eancia na \u00e1rea de infraestrutura no Brasil!\",\"publisher\":{\"@id\":\"https:\/\/agenciainfra.com\/blog\/#organization\"},\"potentialAction\":[{\"@type\":\"SearchAction\",\"target\":{\"@type\":\"EntryPoint\",\"urlTemplate\":\"https:\/\/agenciainfra.com\/blog\/?s={search_term_string}\"},\"query-input\":{\"@type\":\"PropertyValueSpecification\",\"valueRequired\":true,\"valueName\":\"search_term_string\"}}],\"inLanguage\":\"pt-BR\"},{\"@type\":\"Organization\",\"@id\":\"https:\/\/agenciainfra.com\/blog\/#organization\",\"name\":\"Ag\u00eancia iNFRA\",\"url\":\"https:\/\/agenciainfra.com\/blog\/\",\"logo\":{\"@type\":\"ImageObject\",\"inLanguage\":\"pt-BR\",\"@id\":\"https:\/\/agenciainfra.com\/blog\/#\/schema\/logo\/image\/\",\"url\":\"https:\/\/agenciainfra.com\/blog\/wp-content\/uploads\/2023\/09\/iNFRA_5-e1761735885940.png\",\"contentUrl\":\"https:\/\/agenciainfra.com\/blog\/wp-content\/uploads\/2023\/09\/iNFRA_5-e1761735885940.png\",\"width\":1672,\"height\":454,\"caption\":\"Ag\u00eancia iNFRA\"},\"image\":{\"@id\":\"https:\/\/agenciainfra.com\/blog\/#\/schema\/logo\/image\/\"},\"sameAs\":[\"https:\/\/www.facebook.com\/ageninfra\",\"https:\/\/x.com\/agencia_infra\",\"https:\/\/www.linkedin.com\/company\/ag\u00eanciainfra\/\",\"https:\/\/www.instagram.com\/agenciainfra\/\"]},{\"@type\":\"Person\",\"@id\":\"https:\/\/agenciainfra.com\/blog\/#\/schema\/person\/04dbb79bd6d8951f063da71f3e4c1eb1\",\"name\":\"Rodrigo Zuquim\",\"image\":{\"@type\":\"ImageObject\",\"inLanguage\":\"pt-BR\",\"@id\":\"https:\/\/agenciainfra.com\/blog\/#\/schema\/person\/image\/\",\"url\":\"https:\/\/secure.gravatar.com\/avatar\/594abfe82761d620726242ff34ca472a705a4b97f16c790053a6b4c4035274d0?s=96&d=mm&r=g\",\"contentUrl\":\"https:\/\/secure.gravatar.com\/avatar\/594abfe82761d620726242ff34ca472a705a4b97f16c790053a6b4c4035274d0?s=96&d=mm&r=g\",\"caption\":\"Rodrigo Zuquim\"},\"url\":\"https:\/\/agenciainfra.com\/blog\/author\/rodrigo-zuquim\/\"}]}<\/script>\n<!-- \/ Yoast SEO Premium plugin. -->","yoast_head_json":{"title":"Evento re\u00fane especialistas de infraestrutura para debater a rela\u00e7\u00e3o do setor com o direito p\u00fablico - Ag\u00eancia iNFRA","robots":{"index":"index","follow":"follow","max-snippet":"max-snippet:-1","max-image-preview":"max-image-preview:large","max-video-preview":"max-video-preview:-1"},"canonical":"https:\/\/agenciainfra.com\/blog\/evento-reune-especialistas-de-infraestrutura-para-debater-a-relacao-do-setor-com-o-direito-publico\/","og_locale":"pt_BR","og_type":"article","og_title":"Evento re\u00fane especialistas de infraestrutura para debater a rela\u00e7\u00e3o do setor com o direito p\u00fablico","og_description":"da Ag\u00eancia iNFRA Especialistas e gestores p\u00fablicos que atuam na \u00e1rea de infraestrutura re\u00fanem-se, na pr\u00f3xima quarta-feira (5 de junho), no 2\u00ba Congresso Brasileiro de Direito P\u00fablico da Infraestrutura, para debater sobre as quest\u00f5es jur\u00eddicas relacionadas ao setor. O evento, promovido pelo Brazil Infrastructure Institute e pelo GEDIPI (Grupo de Estudos em Direito P\u00fablico da [&hellip;]","og_url":"https:\/\/agenciainfra.com\/blog\/evento-reune-especialistas-de-infraestrutura-para-debater-a-relacao-do-setor-com-o-direito-publico\/","og_site_name":"Ag\u00eancia iNFRA","article_publisher":"https:\/\/www.facebook.com\/ageninfra","article_published_time":"2019-05-31T19:00:12+00:00","og_image":[{"width":890,"height":548,"url":"https:\/\/agenciainfra.com\/blog\/wp-content\/uploads\/2019\/05\/foto-ivan-bueno-appa-divulgacao-seil.jpeg","type":"image\/jpeg"}],"author":"Rodrigo Zuquim","twitter_card":"summary_large_image","twitter_creator":"@agencia_infra","twitter_site":"@agencia_infra","twitter_misc":{"Escrito por":"Rodrigo Zuquim","Est. tempo de leitura":"2 minutos"},"schema":{"@context":"https:\/\/schema.org","@graph":[{"@type":"Article","@id":"https:\/\/agenciainfra.com\/blog\/evento-reune-especialistas-de-infraestrutura-para-debater-a-relacao-do-setor-com-o-direito-publico\/#article","isPartOf":{"@id":"https:\/\/agenciainfra.com\/blog\/evento-reune-especialistas-de-infraestrutura-para-debater-a-relacao-do-setor-com-o-direito-publico\/"},"author":{"name":"Rodrigo Zuquim","@id":"https:\/\/agenciainfra.com\/blog\/#\/schema\/person\/04dbb79bd6d8951f063da71f3e4c1eb1"},"headline":"Evento re\u00fane especialistas de infraestrutura para debater a rela\u00e7\u00e3o do setor com o direito p\u00fablico","datePublished":"2019-05-31T19:00:12+00:00","mainEntityOfPage":{"@id":"https:\/\/agenciainfra.com\/blog\/evento-reune-especialistas-de-infraestrutura-para-debater-a-relacao-do-setor-com-o-direito-publico\/"},"wordCount":501,"publisher":{"@id":"https:\/\/agenciainfra.com\/blog\/#organization"},"image":{"@id":"https:\/\/agenciainfra.com\/blog\/evento-reune-especialistas-de-infraestrutura-para-debater-a-relacao-do-setor-com-o-direito-publico\/#primaryimage"},"thumbnailUrl":"https:\/\/agenciainfra.com\/blog\/wp-content\/uploads\/2019\/05\/foto-ivan-bueno-appa-divulgacao-seil.jpeg","keywords":["Benjamin Zymler","Congresso Brasileiro de Direito P\u00fablico da Infraestrutura","Diogo Piloni","Tarc\u00edsio de Freitas"],"articleSection":["iNFRATransporte"],"inLanguage":"pt-BR","copyrightYear":"2019","copyrightHolder":{"@id":"https:\/\/agenciainfra.com\/blog\/#organization"}},{"@type":"WebPage","@id":"https:\/\/agenciainfra.com\/blog\/evento-reune-especialistas-de-infraestrutura-para-debater-a-relacao-do-setor-com-o-direito-publico\/","url":"https:\/\/agenciainfra.com\/blog\/evento-reune-especialistas-de-infraestrutura-para-debater-a-relacao-do-setor-com-o-direito-publico\/","name":"Evento re\u00fane especialistas de infraestrutura para debater a rela\u00e7\u00e3o do setor com o direito p\u00fablico - Ag\u00eancia iNFRA","isPartOf":{"@id":"https:\/\/agenciainfra.com\/blog\/#website"},"primaryImageOfPage":{"@id":"https:\/\/agenciainfra.com\/blog\/evento-reune-especialistas-de-infraestrutura-para-debater-a-relacao-do-setor-com-o-direito-publico\/#primaryimage"},"image":{"@id":"https:\/\/agenciainfra.com\/blog\/evento-reune-especialistas-de-infraestrutura-para-debater-a-relacao-do-setor-com-o-direito-publico\/#primaryimage"},"thumbnailUrl":"https:\/\/agenciainfra.com\/blog\/wp-content\/uploads\/2019\/05\/foto-ivan-bueno-appa-divulgacao-seil.jpeg","datePublished":"2019-05-31T19:00:12+00:00","breadcrumb":{"@id":"https:\/\/agenciainfra.com\/blog\/evento-reune-especialistas-de-infraestrutura-para-debater-a-relacao-do-setor-com-o-direito-publico\/#breadcrumb"},"inLanguage":"pt-BR","potentialAction":[{"@type":"ReadAction","target":["https:\/\/agenciainfra.com\/blog\/evento-reune-especialistas-de-infraestrutura-para-debater-a-relacao-do-setor-com-o-direito-publico\/"]}]},{"@type":"ImageObject","inLanguage":"pt-BR","@id":"https:\/\/agenciainfra.com\/blog\/evento-reune-especialistas-de-infraestrutura-para-debater-a-relacao-do-setor-com-o-direito-publico\/#primaryimage","url":"https:\/\/agenciainfra.com\/blog\/wp-content\/uploads\/2019\/05\/foto-ivan-bueno-appa-divulgacao-seil.jpeg","contentUrl":"https:\/\/agenciainfra.com\/blog\/wp-content\/uploads\/2019\/05\/foto-ivan-bueno-appa-divulgacao-seil.jpeg","width":890,"height":548},{"@type":"BreadcrumbList","@id":"https:\/\/agenciainfra.com\/blog\/evento-reune-especialistas-de-infraestrutura-para-debater-a-relacao-do-setor-com-o-direito-publico\/#breadcrumb","itemListElement":[{"@type":"ListItem","position":1,"name":"In\u00edcio","item":"https:\/\/agenciainfra.com\/blog\/"},{"@type":"ListItem","position":2,"name":"Evento re\u00fane especialistas de infraestrutura para debater a rela\u00e7\u00e3o do setor com o direito p\u00fablico"}]},{"@type":"WebSite","@id":"https:\/\/agenciainfra.com\/blog\/#website","url":"https:\/\/agenciainfra.com\/blog\/","name":"Ag\u00eancia iNFRA","description":"Multiplataforma de informa\u00e7\u00e3o jornal\u00edstica refer\u00eancia na \u00e1rea de infraestrutura no Brasil!","publisher":{"@id":"https:\/\/agenciainfra.com\/blog\/#organization"},"potentialAction":[{"@type":"SearchAction","target":{"@type":"EntryPoint","urlTemplate":"https:\/\/agenciainfra.com\/blog\/?s={search_term_string}"},"query-input":{"@type":"PropertyValueSpecification","valueRequired":true,"valueName":"search_term_string"}}],"inLanguage":"pt-BR"},{"@type":"Organization","@id":"https:\/\/agenciainfra.com\/blog\/#organization","name":"Ag\u00eancia iNFRA","url":"https:\/\/agenciainfra.com\/blog\/","logo":{"@type":"ImageObject","inLanguage":"pt-BR","@id":"https:\/\/agenciainfra.com\/blog\/#\/schema\/logo\/image\/","url":"https:\/\/agenciainfra.com\/blog\/wp-content\/uploads\/2023\/09\/iNFRA_5-e1761735885940.png","contentUrl":"https:\/\/agenciainfra.com\/blog\/wp-content\/uploads\/2023\/09\/iNFRA_5-e1761735885940.png","width":1672,"height":454,"caption":"Ag\u00eancia iNFRA"},"image":{"@id":"https:\/\/agenciainfra.com\/blog\/#\/schema\/logo\/image\/"},"sameAs":["https:\/\/www.facebook.com\/ageninfra","https:\/\/x.com\/agencia_infra","https:\/\/www.linkedin.com\/company\/ag\u00eanciainfra\/","https:\/\/www.instagram.com\/agenciainfra\/"]},{"@type":"Person","@id":"https:\/\/agenciainfra.com\/blog\/#\/schema\/person\/04dbb79bd6d8951f063da71f3e4c1eb1","name":"Rodrigo Zuquim","image":{"@type":"ImageObject","inLanguage":"pt-BR","@id":"https:\/\/agenciainfra.com\/blog\/#\/schema\/person\/image\/","url":"https:\/\/secure.gravatar.com\/avatar\/594abfe82761d620726242ff34ca472a705a4b97f16c790053a6b4c4035274d0?s=96&d=mm&r=g","contentUrl":"https:\/\/secure.gravatar.com\/avatar\/594abfe82761d620726242ff34ca472a705a4b97f16c790053a6b4c4035274d0?s=96&d=mm&r=g","caption":"Rodrigo Zuquim"},"url":"https:\/\/agenciainfra.com\/blog\/author\/rodrigo-zuquim\/"}]}},"_links":{"self":[{"href":"https:\/\/agenciainfra.com\/blog\/wp-json\/wp\/v2\/posts\/3244","targetHints":{"allow":["GET"]}}],"collection":[{"href":"https:\/\/agenciainfra.com\/blog\/wp-json\/wp\/v2\/posts"}],"about":[{"href":"https:\/\/agenciainfra.com\/blog\/wp-json\/wp\/v2\/types\/post"}],"author":[{"embeddable":true,"href":"https:\/\/agenciainfra.com\/blog\/wp-json\/wp\/v2\/users\/9"}],"replies":[{"embeddable":true,"href":"https:\/\/agenciainfra.com\/blog\/wp-json\/wp\/v2\/comments?post=3244"}],"version-history":[{"count":0,"href":"https:\/\/agenciainfra.com\/blog\/wp-json\/wp\/v2\/posts\/3244\/revisions"}],"wp:featuredmedia":[{"embeddable":true,"href":"https:\/\/agenciainfra.com\/blog\/wp-json\/wp\/v2\/media\/3245"}],"wp:attachment":[{"href":"https:\/\/agenciainfra.com\/blog\/wp-json\/wp\/v2\/media?parent=3244"}],"wp:term":[{"taxonomy":"category","embeddable":true,"href":"https:\/\/agenciainfra.com\/blog\/wp-json\/wp\/v2\/categories?post=3244"},{"taxonomy":"post_tag","embeddable":true,"href":"https:\/\/agenciainfra.com\/blog\/wp-json\/wp\/v2\/tags?post=3244"}],"curies":[{"name":"wp","href":"https:\/\/api.w.org\/{rel}","templated":true}]}}