{"id":32465,"date":"2025-11-18T21:18:15","date_gmt":"2025-11-19T00:18:15","guid":{"rendered":"https:\/\/agenciainfra.com\/blog\/?p=32465"},"modified":"2025-11-19T19:20:44","modified_gmt":"2025-11-19T22:20:44","slug":"nts-deve-iniciar-obra-da-ecomp-japeri-ou-projeto-passara-a-outro-agente","status":"publish","type":"post","link":"https:\/\/agenciainfra.com\/blog\/nts-deve-iniciar-obra-da-ecomp-japeri-ou-projeto-passara-a-outro-agente\/","title":{"rendered":"NTS deve iniciar obra da Ecomp Japeri ou projeto passar\u00e1 a outro agente"},"content":{"rendered":"\n<p class=\"has-text-align-right\"><strong>Gabriel Vasconcelos, da Ag\u00eancia iNFRA<br><\/strong><\/p>\n\n\n\n<p>A diretoria colegiada da ANP (Ag\u00eancia Nacional do Petr\u00f3leo, G\u00e1s Natural e Biocombust\u00edveis) determinou nesta ter\u00e7a-feira (18) que a transportadora de g\u00e1s NTS inicie imediatamente a constru\u00e7\u00e3o da chamada Ecomp Japeri (Esta\u00e7\u00e3o de Compress\u00e3o de Japeri), no Rio de Janeiro.&nbsp; Caso a NTS n\u00e3o cumpra a determina\u00e7\u00e3o, ficou definido que a ANP poder\u00e1 selecionar outra empresa para assumir o investimento.&nbsp;<\/p>\n\n\n\n<p>A constru\u00e7\u00e3o da Ecomp Japeri \u00e9 encarada pela ag\u00eancia e pelo setor como fundamental \u00e0 invers\u00e3o do sentido tradicional do g\u00e1s, para levar mol\u00e9cula do pr\u00e9-sal, no litoral do Rio de Janeiro, para S\u00e3o Paulo, compensando o decl\u00ednio de fontes de g\u00e1s como o Campo de Mexilh\u00e3o, na Bacia de Santos, ou da importa\u00e7\u00e3o da Bol\u00edvia.<\/p>\n\n\n\n<p><strong>Decis\u00e3o detalhada<br><\/strong>O diretor Daniel Maia prop\u00f4s, no que foi acompanhado pelos pares, que a \u00e1rea t\u00e9cnica da ag\u00eancia avalie e apresente dentro dos pr\u00f3ximos 60 dias um estudo acerca da &#8220;realiza\u00e7\u00e3o do per\u00edodo de contesta\u00e7\u00e3o para a manifesta\u00e7\u00e3o de outros interessados na implementa\u00e7\u00e3o do ativo e do novo processo seletivo&#8221;, caso a NTS n\u00e3o inicie imediatamente as obras.\u00a0<\/p>\n\n\n\n<p>Da mesma forma ficou definido que a ag\u00eancia ter\u00e1 um prazo de 120 dias para analisar propostas de mecanismo regulat\u00f3rio que possa &#8220;incentivar, induzir ou dar maior seguran\u00e7a&#8221; para que outro agente realize &#8220;tempestivamente&#8221; investimentos autorizados.&nbsp;<\/p>\n\n\n\n<p>Neste ponto, o diretor Pietro Mendes sugeriu, e obteve a concord\u00e2ncia dos demais, que a reda\u00e7\u00e3o da decis\u00e3o fosse alterada para incluir a previs\u00e3o de que, antes da autoriza\u00e7\u00e3o dos investimentos pela ANP, haja um &#8220;compromisso firme&#8221; da empresa de que a obra ser\u00e1 executada com a WACC vigente no ciclo tarif\u00e1rio. Nesses casos, vale para o ciclo de amortiza\u00e7\u00e3o do investimento, a taxa de retorno vigente no momento da conclus\u00e3o da obra, que \u00e9 revisada ao fim de cada ciclo tarif\u00e1rio de cinco anos.&nbsp;&nbsp;<\/p>\n\n\n\n<p><strong>Instrumento de press\u00e3o<br><\/strong>Maia lan\u00e7ou m\u00e3o de uma previs\u00e3o da Nova Lei do G\u00e1s (14.134\/2021), que prev\u00ea um per\u00edodo de contesta\u00e7\u00e3o, por outras empresas interessadas, dentro do processo de autoriza\u00e7\u00e3o da ANP, que dever\u00e1 escolher o projeto mais vantajoso do ponto de vista t\u00e9cnico e econ\u00f4mico. Ainda assim, a prefer\u00eancia ser\u00e1 da empresa dona da infraestrutura em amplia\u00e7\u00e3o, desde que respeitada as condi\u00e7\u00f5es da empresa vencedora do processo.<\/p>\n\n\n\n<p>Embora a NTS j\u00e1 tenha a autoriza\u00e7\u00e3o do investimento, a demora em come\u00e7\u00e1-lo e a listagem do projeto no Plano Coordenado de Desenvolvimento do Sistema de Transporte de G\u00e1s Natural, que envolve outros projetos e ainda est\u00e1 em avalia\u00e7\u00e3o pela ANP, abriria uma brecha para o mecanismo de press\u00e3o escolhido pelo diretor.<\/p>\n\n\n\n<p><strong>Hist\u00f3rico<br><\/strong>A NTS obteve a autoriza\u00e7\u00e3o para construir a estrutura ainda em 2023, mas n\u00e3o d\u00e1 in\u00edcio \u00e0s obras \u00e0 espera da defini\u00e7\u00e3o de uma taxa de retorno do investimento revisada, a chamada WACC, pela ANP. Nos \u00faltimos dois anos, a transportadora de g\u00e1s protocolou pedidos para que a ag\u00eancia fixasse uma taxa de remunera\u00e7\u00e3o do capital &#8220;blindada&#8221; (pr\u00e9-fixada e imut\u00e1vel), que desse previsibilidade ao neg\u00f3cio.<\/p>\n\n\n\n<p>O caso vinha sendo tratado pela SIM (Superintend\u00eancia de Infraestrutura e Movimenta\u00e7\u00e3o) da ANP, que indeferiu o pedido da NTS e indicou que a taxa seria definida normalmente dentro do processo regulat\u00f3rio de revis\u00e3o tarif\u00e1ria das tarifas de transporte de g\u00e1s, v\u00e1lidos para cinco anos, ora em curso para o per\u00edodo 2026-2030. Essa posi\u00e7\u00e3o foi chancelada nesta ter\u00e7a (18) por unanimidade pela diretoria da ag\u00eancia, o que pode ser encarado como uma esp\u00e9cie de ultimato \u00e0 NTS.<\/p>\n\n\n\n<p>Maia acrescentou que, historicamente, a revis\u00e3o da WACC n\u00e3o tem assistido varia\u00e7\u00f5es de metodologias &#8220;s\u00fabitas e abruptas&#8221; ao longo do tempo, de modo que n\u00e3o haveria raz\u00e3o para acolher o argumento da necessidade de maior previsibilidade da transportadora. Ademais, ele insistiu que, uma vez autorizados investimentos em infraestruturas essenciais, a ANP precisa ter &#8220;instrumentos e ferramentas capazes&#8221; de promover sua execu\u00e7\u00e3o.<\/p>\n","protected":false},"excerpt":{"rendered":"<p>Gabriel Vasconcelos, da Ag\u00eancia iNFRA A diretoria colegiada da ANP (Ag\u00eancia Nacional do Petr\u00f3leo, G\u00e1s Natural e Biocombust\u00edveis) determinou nesta ter\u00e7a-feira (18) que a transportadora de g\u00e1s NTS inicie imediatamente a constru\u00e7\u00e3o da chamada Ecomp Japeri (Esta\u00e7\u00e3o de Compress\u00e3o de Japeri), no Rio de Janeiro.&nbsp; Caso a NTS n\u00e3o cumpra a determina\u00e7\u00e3o, ficou definido que [&hellip;]<\/p>\n","protected":false},"author":1,"featured_media":29363,"comment_status":"closed","ping_status":"closed","sticky":false,"template":"","format":"standard","meta":{"_monsterinsights_skip_tracking":false,"_monsterinsights_sitenote_active":false,"_monsterinsights_sitenote_note":"","_monsterinsights_sitenote_category":0,"footnotes":""},"categories":[7250,13271],"tags":[13989,3927,16774,17019,17020,13251,882,1010,2500,6335,344,6391,4070],"class_list":["post-32465","post","type-post","status-publish","format-standard","has-post-thumbnail","hentry","category-destaque-lista","category-oleo-gas","tag-agencia-nacional-do-petroleo-gas-natural-e-biocombustiveis","tag-bacia-de-santos","tag-daniel-maia","tag-ecomp-japeri","tag-estacao-de-compressao-de-japeri","tag-gabriel-vasconcelos","tag-gas-natural","tag-nova-lei-do-gas","tag-nts","tag-pietro-mendes","tag-pre-sal","tag-transporte-de-gas-natural","tag-wacc"],"yoast_head":"<!-- This site is optimized with the Yoast SEO Premium plugin v25.4 (Yoast SEO v26.0) - https:\/\/yoast.com\/wordpress\/plugins\/seo\/ -->\n<title>NTS deve iniciar obra da Ecomp Japeri ou projeto passar\u00e1 a outro agente - Ag\u00eancia iNFRA<\/title>\n<meta name=\"robots\" content=\"index, follow, max-snippet:-1, max-image-preview:large, max-video-preview:-1\" \/>\n<link rel=\"canonical\" href=\"https:\/\/agenciainfra.com\/blog\/nts-deve-iniciar-obra-da-ecomp-japeri-ou-projeto-passara-a-outro-agente\/\" \/>\n<meta property=\"og:locale\" content=\"pt_BR\" \/>\n<meta property=\"og:type\" content=\"article\" \/>\n<meta property=\"og:title\" content=\"NTS deve iniciar obra da Ecomp Japeri ou projeto passar\u00e1 a outro agente\" \/>\n<meta property=\"og:description\" content=\"Gabriel Vasconcelos, da Ag\u00eancia iNFRA A diretoria colegiada da ANP (Ag\u00eancia Nacional do Petr\u00f3leo, G\u00e1s Natural e Biocombust\u00edveis) determinou nesta ter\u00e7a-feira (18) que a transportadora de g\u00e1s NTS inicie imediatamente a constru\u00e7\u00e3o da chamada Ecomp Japeri (Esta\u00e7\u00e3o de Compress\u00e3o de Japeri), no Rio de Janeiro.&nbsp; Caso a NTS n\u00e3o cumpra a determina\u00e7\u00e3o, ficou definido que [&hellip;]\" \/>\n<meta property=\"og:url\" content=\"https:\/\/agenciainfra.com\/blog\/nts-deve-iniciar-obra-da-ecomp-japeri-ou-projeto-passara-a-outro-agente\/\" \/>\n<meta property=\"og:site_name\" content=\"Ag\u00eancia iNFRA\" \/>\n<meta property=\"article:publisher\" content=\"https:\/\/www.facebook.com\/ageninfra\" \/>\n<meta property=\"article:published_time\" content=\"2025-11-19T00:18:15+00:00\" \/>\n<meta property=\"article:modified_time\" content=\"2025-11-19T22:20:44+00:00\" \/>\n<meta property=\"og:image\" content=\"https:\/\/agenciainfra.com\/blog\/wp-content\/uploads\/2025\/10\/duto-gas-natural-petrobras-foto-geraldio-falcao-scaled.jpg\" \/>\n\t<meta property=\"og:image:width\" content=\"2560\" \/>\n\t<meta property=\"og:image:height\" content=\"1707\" \/>\n\t<meta property=\"og:image:type\" content=\"image\/jpeg\" \/>\n<meta name=\"author\" content=\"Ag\u00eancia iNFRA\" \/>\n<meta name=\"twitter:card\" content=\"summary_large_image\" \/>\n<meta name=\"twitter:creator\" content=\"@agencia_infra\" \/>\n<meta name=\"twitter:site\" content=\"@agencia_infra\" \/>\n<meta name=\"twitter:label1\" content=\"Escrito por\" \/>\n\t<meta name=\"twitter:data1\" content=\"Ag\u00eancia iNFRA\" \/>\n\t<meta name=\"twitter:label2\" content=\"Est. tempo de leitura\" \/>\n\t<meta name=\"twitter:data2\" content=\"4 minutos\" \/>\n<script type=\"application\/ld+json\" class=\"yoast-schema-graph\">{\"@context\":\"https:\/\/schema.org\",\"@graph\":[{\"@type\":\"Article\",\"@id\":\"https:\/\/agenciainfra.com\/blog\/nts-deve-iniciar-obra-da-ecomp-japeri-ou-projeto-passara-a-outro-agente\/#article\",\"isPartOf\":{\"@id\":\"https:\/\/agenciainfra.com\/blog\/nts-deve-iniciar-obra-da-ecomp-japeri-ou-projeto-passara-a-outro-agente\/\"},\"author\":{\"name\":\"Ag\u00eancia iNFRA\",\"@id\":\"https:\/\/agenciainfra.com\/blog\/#\/schema\/person\/34af08dff6adea4cb22b06612ba7acfa\"},\"headline\":\"NTS deve iniciar obra da Ecomp Japeri ou projeto passar\u00e1 a outro agente\",\"datePublished\":\"2025-11-19T00:18:15+00:00\",\"dateModified\":\"2025-11-19T22:20:44+00:00\",\"mainEntityOfPage\":{\"@id\":\"https:\/\/agenciainfra.com\/blog\/nts-deve-iniciar-obra-da-ecomp-japeri-ou-projeto-passara-a-outro-agente\/\"},\"wordCount\":727,\"publisher\":{\"@id\":\"https:\/\/agenciainfra.com\/blog\/#organization\"},\"image\":{\"@id\":\"https:\/\/agenciainfra.com\/blog\/nts-deve-iniciar-obra-da-ecomp-japeri-ou-projeto-passara-a-outro-agente\/#primaryimage\"},\"thumbnailUrl\":\"https:\/\/agenciainfra.com\/blog\/wp-content\/uploads\/2025\/10\/duto-gas-natural-petrobras-foto-geraldio-falcao-scaled-e1769708556238.jpg\",\"keywords\":[\"Ag\u00eancia Nacional do Petr\u00f3leo G\u00e1s Natural e Biocombust\u00edveis\",\"Bacia de Santos\",\"Daniel Maia\",\"Ecomp Japeri\",\"Esta\u00e7\u00e3o de Compress\u00e3o de Japeri\",\"Gabriel Vasconcelos\",\"g\u00e1s natural\",\"nova Lei do G\u00e1s\",\"NTS\",\"Pietro Mendes\",\"pr\u00e9-sal\",\"transporte de g\u00e1s natural\",\"WACC\"],\"articleSection\":[\"Destaque lista\",\"\u00d3leo &amp; G\u00e1s\"],\"inLanguage\":\"pt-BR\",\"copyrightYear\":\"2025\",\"copyrightHolder\":{\"@id\":\"https:\/\/agenciainfra.com\/blog\/#organization\"}},{\"@type\":\"WebPage\",\"@id\":\"https:\/\/agenciainfra.com\/blog\/nts-deve-iniciar-obra-da-ecomp-japeri-ou-projeto-passara-a-outro-agente\/\",\"url\":\"https:\/\/agenciainfra.com\/blog\/nts-deve-iniciar-obra-da-ecomp-japeri-ou-projeto-passara-a-outro-agente\/\",\"name\":\"NTS deve iniciar obra da Ecomp Japeri ou projeto passar\u00e1 a outro agente - Ag\u00eancia iNFRA\",\"isPartOf\":{\"@id\":\"https:\/\/agenciainfra.com\/blog\/#website\"},\"primaryImageOfPage\":{\"@id\":\"https:\/\/agenciainfra.com\/blog\/nts-deve-iniciar-obra-da-ecomp-japeri-ou-projeto-passara-a-outro-agente\/#primaryimage\"},\"image\":{\"@id\":\"https:\/\/agenciainfra.com\/blog\/nts-deve-iniciar-obra-da-ecomp-japeri-ou-projeto-passara-a-outro-agente\/#primaryimage\"},\"thumbnailUrl\":\"https:\/\/agenciainfra.com\/blog\/wp-content\/uploads\/2025\/10\/duto-gas-natural-petrobras-foto-geraldio-falcao-scaled-e1769708556238.jpg\",\"datePublished\":\"2025-11-19T00:18:15+00:00\",\"dateModified\":\"2025-11-19T22:20:44+00:00\",\"breadcrumb\":{\"@id\":\"https:\/\/agenciainfra.com\/blog\/nts-deve-iniciar-obra-da-ecomp-japeri-ou-projeto-passara-a-outro-agente\/#breadcrumb\"},\"inLanguage\":\"pt-BR\",\"potentialAction\":[{\"@type\":\"ReadAction\",\"target\":[\"https:\/\/agenciainfra.com\/blog\/nts-deve-iniciar-obra-da-ecomp-japeri-ou-projeto-passara-a-outro-agente\/\"]}]},{\"@type\":\"ImageObject\",\"inLanguage\":\"pt-BR\",\"@id\":\"https:\/\/agenciainfra.com\/blog\/nts-deve-iniciar-obra-da-ecomp-japeri-ou-projeto-passara-a-outro-agente\/#primaryimage\",\"url\":\"https:\/\/agenciainfra.com\/blog\/wp-content\/uploads\/2025\/10\/duto-gas-natural-petrobras-foto-geraldio-falcao-scaled-e1769708556238.jpg\",\"contentUrl\":\"https:\/\/agenciainfra.com\/blog\/wp-content\/uploads\/2025\/10\/duto-gas-natural-petrobras-foto-geraldio-falcao-scaled-e1769708556238.jpg\",\"width\":1280,\"height\":854,\"caption\":\"Foto: Geraldo Falc\u00e3o\/Ag\u00eancia Petrobras\"},{\"@type\":\"BreadcrumbList\",\"@id\":\"https:\/\/agenciainfra.com\/blog\/nts-deve-iniciar-obra-da-ecomp-japeri-ou-projeto-passara-a-outro-agente\/#breadcrumb\",\"itemListElement\":[{\"@type\":\"ListItem\",\"position\":1,\"name\":\"In\u00edcio\",\"item\":\"https:\/\/agenciainfra.com\/blog\/\"},{\"@type\":\"ListItem\",\"position\":2,\"name\":\"NTS deve iniciar obra da Ecomp Japeri ou projeto passar\u00e1 a outro agente\"}]},{\"@type\":\"WebSite\",\"@id\":\"https:\/\/agenciainfra.com\/blog\/#website\",\"url\":\"https:\/\/agenciainfra.com\/blog\/\",\"name\":\"Ag\u00eancia iNFRA\",\"description\":\"Multiplataforma de informa\u00e7\u00e3o jornal\u00edstica refer\u00eancia na \u00e1rea de infraestrutura no Brasil!\",\"publisher\":{\"@id\":\"https:\/\/agenciainfra.com\/blog\/#organization\"},\"potentialAction\":[{\"@type\":\"SearchAction\",\"target\":{\"@type\":\"EntryPoint\",\"urlTemplate\":\"https:\/\/agenciainfra.com\/blog\/?s={search_term_string}\"},\"query-input\":{\"@type\":\"PropertyValueSpecification\",\"valueRequired\":true,\"valueName\":\"search_term_string\"}}],\"inLanguage\":\"pt-BR\"},{\"@type\":\"Organization\",\"@id\":\"https:\/\/agenciainfra.com\/blog\/#organization\",\"name\":\"Ag\u00eancia iNFRA\",\"url\":\"https:\/\/agenciainfra.com\/blog\/\",\"logo\":{\"@type\":\"ImageObject\",\"inLanguage\":\"pt-BR\",\"@id\":\"https:\/\/agenciainfra.com\/blog\/#\/schema\/logo\/image\/\",\"url\":\"https:\/\/agenciainfra.com\/blog\/wp-content\/uploads\/2023\/09\/iNFRA_5-e1761735885940.png\",\"contentUrl\":\"https:\/\/agenciainfra.com\/blog\/wp-content\/uploads\/2023\/09\/iNFRA_5-e1761735885940.png\",\"width\":1672,\"height\":454,\"caption\":\"Ag\u00eancia iNFRA\"},\"image\":{\"@id\":\"https:\/\/agenciainfra.com\/blog\/#\/schema\/logo\/image\/\"},\"sameAs\":[\"https:\/\/www.facebook.com\/ageninfra\",\"https:\/\/x.com\/agencia_infra\",\"https:\/\/www.linkedin.com\/company\/ag\u00eanciainfra\/\",\"https:\/\/www.instagram.com\/agenciainfra\/\"]},{\"@type\":\"Person\",\"@id\":\"https:\/\/agenciainfra.com\/blog\/#\/schema\/person\/34af08dff6adea4cb22b06612ba7acfa\",\"name\":\"Ag\u00eancia iNFRA\",\"image\":{\"@type\":\"ImageObject\",\"inLanguage\":\"pt-BR\",\"@id\":\"https:\/\/agenciainfra.com\/blog\/#\/schema\/person\/image\/\",\"url\":\"https:\/\/secure.gravatar.com\/avatar\/d189e01678f06d8eb84d4e01f08eb848b3fffe3f8443818d3c356c66892f5be8?s=96&d=mm&r=g\",\"contentUrl\":\"https:\/\/secure.gravatar.com\/avatar\/d189e01678f06d8eb84d4e01f08eb848b3fffe3f8443818d3c356c66892f5be8?s=96&d=mm&r=g\",\"caption\":\"Ag\u00eancia iNFRA\"},\"url\":\"https:\/\/agenciainfra.com\/blog\/author\/admin\/\"}]}<\/script>\n<!-- \/ Yoast SEO Premium plugin. -->","yoast_head_json":{"title":"NTS deve iniciar obra da Ecomp Japeri ou projeto passar\u00e1 a outro agente - Ag\u00eancia iNFRA","robots":{"index":"index","follow":"follow","max-snippet":"max-snippet:-1","max-image-preview":"max-image-preview:large","max-video-preview":"max-video-preview:-1"},"canonical":"https:\/\/agenciainfra.com\/blog\/nts-deve-iniciar-obra-da-ecomp-japeri-ou-projeto-passara-a-outro-agente\/","og_locale":"pt_BR","og_type":"article","og_title":"NTS deve iniciar obra da Ecomp Japeri ou projeto passar\u00e1 a outro agente","og_description":"Gabriel Vasconcelos, da Ag\u00eancia iNFRA A diretoria colegiada da ANP (Ag\u00eancia Nacional do Petr\u00f3leo, G\u00e1s Natural e Biocombust\u00edveis) determinou nesta ter\u00e7a-feira (18) que a transportadora de g\u00e1s NTS inicie imediatamente a constru\u00e7\u00e3o da chamada Ecomp Japeri (Esta\u00e7\u00e3o de Compress\u00e3o de Japeri), no Rio de Janeiro.&nbsp; Caso a NTS n\u00e3o cumpra a determina\u00e7\u00e3o, ficou definido que [&hellip;]","og_url":"https:\/\/agenciainfra.com\/blog\/nts-deve-iniciar-obra-da-ecomp-japeri-ou-projeto-passara-a-outro-agente\/","og_site_name":"Ag\u00eancia iNFRA","article_publisher":"https:\/\/www.facebook.com\/ageninfra","article_published_time":"2025-11-19T00:18:15+00:00","article_modified_time":"2025-11-19T22:20:44+00:00","og_image":[{"width":2560,"height":1707,"url":"https:\/\/agenciainfra.com\/blog\/wp-content\/uploads\/2025\/10\/duto-gas-natural-petrobras-foto-geraldio-falcao-scaled.jpg","type":"image\/jpeg"}],"author":"Ag\u00eancia iNFRA","twitter_card":"summary_large_image","twitter_creator":"@agencia_infra","twitter_site":"@agencia_infra","twitter_misc":{"Escrito por":"Ag\u00eancia iNFRA","Est. tempo de leitura":"4 minutos"},"schema":{"@context":"https:\/\/schema.org","@graph":[{"@type":"Article","@id":"https:\/\/agenciainfra.com\/blog\/nts-deve-iniciar-obra-da-ecomp-japeri-ou-projeto-passara-a-outro-agente\/#article","isPartOf":{"@id":"https:\/\/agenciainfra.com\/blog\/nts-deve-iniciar-obra-da-ecomp-japeri-ou-projeto-passara-a-outro-agente\/"},"author":{"name":"Ag\u00eancia iNFRA","@id":"https:\/\/agenciainfra.com\/blog\/#\/schema\/person\/34af08dff6adea4cb22b06612ba7acfa"},"headline":"NTS deve iniciar obra da Ecomp Japeri ou projeto passar\u00e1 a outro agente","datePublished":"2025-11-19T00:18:15+00:00","dateModified":"2025-11-19T22:20:44+00:00","mainEntityOfPage":{"@id":"https:\/\/agenciainfra.com\/blog\/nts-deve-iniciar-obra-da-ecomp-japeri-ou-projeto-passara-a-outro-agente\/"},"wordCount":727,"publisher":{"@id":"https:\/\/agenciainfra.com\/blog\/#organization"},"image":{"@id":"https:\/\/agenciainfra.com\/blog\/nts-deve-iniciar-obra-da-ecomp-japeri-ou-projeto-passara-a-outro-agente\/#primaryimage"},"thumbnailUrl":"https:\/\/agenciainfra.com\/blog\/wp-content\/uploads\/2025\/10\/duto-gas-natural-petrobras-foto-geraldio-falcao-scaled-e1769708556238.jpg","keywords":["Ag\u00eancia Nacional do Petr\u00f3leo G\u00e1s Natural e Biocombust\u00edveis","Bacia de Santos","Daniel Maia","Ecomp Japeri","Esta\u00e7\u00e3o de Compress\u00e3o de Japeri","Gabriel Vasconcelos","g\u00e1s natural","nova Lei do G\u00e1s","NTS","Pietro Mendes","pr\u00e9-sal","transporte de g\u00e1s natural","WACC"],"articleSection":["Destaque lista","\u00d3leo &amp; G\u00e1s"],"inLanguage":"pt-BR","copyrightYear":"2025","copyrightHolder":{"@id":"https:\/\/agenciainfra.com\/blog\/#organization"}},{"@type":"WebPage","@id":"https:\/\/agenciainfra.com\/blog\/nts-deve-iniciar-obra-da-ecomp-japeri-ou-projeto-passara-a-outro-agente\/","url":"https:\/\/agenciainfra.com\/blog\/nts-deve-iniciar-obra-da-ecomp-japeri-ou-projeto-passara-a-outro-agente\/","name":"NTS deve iniciar obra da Ecomp Japeri ou projeto passar\u00e1 a outro agente - Ag\u00eancia iNFRA","isPartOf":{"@id":"https:\/\/agenciainfra.com\/blog\/#website"},"primaryImageOfPage":{"@id":"https:\/\/agenciainfra.com\/blog\/nts-deve-iniciar-obra-da-ecomp-japeri-ou-projeto-passara-a-outro-agente\/#primaryimage"},"image":{"@id":"https:\/\/agenciainfra.com\/blog\/nts-deve-iniciar-obra-da-ecomp-japeri-ou-projeto-passara-a-outro-agente\/#primaryimage"},"thumbnailUrl":"https:\/\/agenciainfra.com\/blog\/wp-content\/uploads\/2025\/10\/duto-gas-natural-petrobras-foto-geraldio-falcao-scaled-e1769708556238.jpg","datePublished":"2025-11-19T00:18:15+00:00","dateModified":"2025-11-19T22:20:44+00:00","breadcrumb":{"@id":"https:\/\/agenciainfra.com\/blog\/nts-deve-iniciar-obra-da-ecomp-japeri-ou-projeto-passara-a-outro-agente\/#breadcrumb"},"inLanguage":"pt-BR","potentialAction":[{"@type":"ReadAction","target":["https:\/\/agenciainfra.com\/blog\/nts-deve-iniciar-obra-da-ecomp-japeri-ou-projeto-passara-a-outro-agente\/"]}]},{"@type":"ImageObject","inLanguage":"pt-BR","@id":"https:\/\/agenciainfra.com\/blog\/nts-deve-iniciar-obra-da-ecomp-japeri-ou-projeto-passara-a-outro-agente\/#primaryimage","url":"https:\/\/agenciainfra.com\/blog\/wp-content\/uploads\/2025\/10\/duto-gas-natural-petrobras-foto-geraldio-falcao-scaled-e1769708556238.jpg","contentUrl":"https:\/\/agenciainfra.com\/blog\/wp-content\/uploads\/2025\/10\/duto-gas-natural-petrobras-foto-geraldio-falcao-scaled-e1769708556238.jpg","width":1280,"height":854,"caption":"Foto: Geraldo Falc\u00e3o\/Ag\u00eancia Petrobras"},{"@type":"BreadcrumbList","@id":"https:\/\/agenciainfra.com\/blog\/nts-deve-iniciar-obra-da-ecomp-japeri-ou-projeto-passara-a-outro-agente\/#breadcrumb","itemListElement":[{"@type":"ListItem","position":1,"name":"In\u00edcio","item":"https:\/\/agenciainfra.com\/blog\/"},{"@type":"ListItem","position":2,"name":"NTS deve iniciar obra da Ecomp Japeri ou projeto passar\u00e1 a outro agente"}]},{"@type":"WebSite","@id":"https:\/\/agenciainfra.com\/blog\/#website","url":"https:\/\/agenciainfra.com\/blog\/","name":"Ag\u00eancia iNFRA","description":"Multiplataforma de informa\u00e7\u00e3o jornal\u00edstica refer\u00eancia na \u00e1rea de infraestrutura no Brasil!","publisher":{"@id":"https:\/\/agenciainfra.com\/blog\/#organization"},"potentialAction":[{"@type":"SearchAction","target":{"@type":"EntryPoint","urlTemplate":"https:\/\/agenciainfra.com\/blog\/?s={search_term_string}"},"query-input":{"@type":"PropertyValueSpecification","valueRequired":true,"valueName":"search_term_string"}}],"inLanguage":"pt-BR"},{"@type":"Organization","@id":"https:\/\/agenciainfra.com\/blog\/#organization","name":"Ag\u00eancia iNFRA","url":"https:\/\/agenciainfra.com\/blog\/","logo":{"@type":"ImageObject","inLanguage":"pt-BR","@id":"https:\/\/agenciainfra.com\/blog\/#\/schema\/logo\/image\/","url":"https:\/\/agenciainfra.com\/blog\/wp-content\/uploads\/2023\/09\/iNFRA_5-e1761735885940.png","contentUrl":"https:\/\/agenciainfra.com\/blog\/wp-content\/uploads\/2023\/09\/iNFRA_5-e1761735885940.png","width":1672,"height":454,"caption":"Ag\u00eancia iNFRA"},"image":{"@id":"https:\/\/agenciainfra.com\/blog\/#\/schema\/logo\/image\/"},"sameAs":["https:\/\/www.facebook.com\/ageninfra","https:\/\/x.com\/agencia_infra","https:\/\/www.linkedin.com\/company\/ag\u00eanciainfra\/","https:\/\/www.instagram.com\/agenciainfra\/"]},{"@type":"Person","@id":"https:\/\/agenciainfra.com\/blog\/#\/schema\/person\/34af08dff6adea4cb22b06612ba7acfa","name":"Ag\u00eancia iNFRA","image":{"@type":"ImageObject","inLanguage":"pt-BR","@id":"https:\/\/agenciainfra.com\/blog\/#\/schema\/person\/image\/","url":"https:\/\/secure.gravatar.com\/avatar\/d189e01678f06d8eb84d4e01f08eb848b3fffe3f8443818d3c356c66892f5be8?s=96&d=mm&r=g","contentUrl":"https:\/\/secure.gravatar.com\/avatar\/d189e01678f06d8eb84d4e01f08eb848b3fffe3f8443818d3c356c66892f5be8?s=96&d=mm&r=g","caption":"Ag\u00eancia iNFRA"},"url":"https:\/\/agenciainfra.com\/blog\/author\/admin\/"}]}},"_links":{"self":[{"href":"https:\/\/agenciainfra.com\/blog\/wp-json\/wp\/v2\/posts\/32465","targetHints":{"allow":["GET"]}}],"collection":[{"href":"https:\/\/agenciainfra.com\/blog\/wp-json\/wp\/v2\/posts"}],"about":[{"href":"https:\/\/agenciainfra.com\/blog\/wp-json\/wp\/v2\/types\/post"}],"author":[{"embeddable":true,"href":"https:\/\/agenciainfra.com\/blog\/wp-json\/wp\/v2\/users\/1"}],"replies":[{"embeddable":true,"href":"https:\/\/agenciainfra.com\/blog\/wp-json\/wp\/v2\/comments?post=32465"}],"version-history":[{"count":1,"href":"https:\/\/agenciainfra.com\/blog\/wp-json\/wp\/v2\/posts\/32465\/revisions"}],"predecessor-version":[{"id":32468,"href":"https:\/\/agenciainfra.com\/blog\/wp-json\/wp\/v2\/posts\/32465\/revisions\/32468"}],"wp:featuredmedia":[{"embeddable":true,"href":"https:\/\/agenciainfra.com\/blog\/wp-json\/wp\/v2\/media\/29363"}],"wp:attachment":[{"href":"https:\/\/agenciainfra.com\/blog\/wp-json\/wp\/v2\/media?parent=32465"}],"wp:term":[{"taxonomy":"category","embeddable":true,"href":"https:\/\/agenciainfra.com\/blog\/wp-json\/wp\/v2\/categories?post=32465"},{"taxonomy":"post_tag","embeddable":true,"href":"https:\/\/agenciainfra.com\/blog\/wp-json\/wp\/v2\/tags?post=32465"}],"curies":[{"name":"wp","href":"https:\/\/api.w.org\/{rel}","templated":true}]}}