{"id":32483,"date":"2025-11-21T10:00:00","date_gmt":"2025-11-21T13:00:00","guid":{"rendered":"https:\/\/agenciainfra.com\/blog\/?p=32483"},"modified":"2025-11-25T08:01:54","modified_gmt":"2025-11-25T11:01:54","slug":"dutra-concessao-federal-em-sp-ainda-enfrenta-resistencia-ao-free-flow","status":"publish","type":"post","link":"https:\/\/agenciainfra.com\/blog\/dutra-concessao-federal-em-sp-ainda-enfrenta-resistencia-ao-free-flow\/","title":{"rendered":"Dutra: Concess\u00e3o federal em SP ainda enfrenta resist\u00eancia ao free flow"},"content":{"rendered":"\n<p class=\"has-text-align-right\"><strong>Amanda Pupo, da Ag\u00eancia iNFRA<\/strong><\/p>\n\n\n\n<p>No \u00e2mbito federal, um dos projetos com implementa\u00e7\u00e3o do free flow mais conturbada \u00e9 o da Motiva na Rodovia Presidente Dutra (BR-101), a CCR RioSP. O trecho que tem causado rebuli\u00e7o \u00e9 o de Guarulhos (SP). O projeto prev\u00ea a cobran\u00e7a do ped\u00e1gio free flow nas vias expressas, enquanto as pistas marginais ficam livres da tarifa, com o intuito de que elas sejam voltadas \u00e0 circula\u00e7\u00e3o local e urbana.\u00a0<br><br>A primeira ofensiva ao modelo veio do MPF (Minist\u00e9rio P\u00fablico Federal), que conseguiu suspender judicialmente a possibilidade de os usu\u00e1rios que n\u00e3o pagarem pelo ped\u00e1gio serem multados e receberem pontos na carteira \u2013 embora a cobran\u00e7a ainda nem tenha come\u00e7ado.\u00a0Mais recentemente, a Prefeitura de Guarulhos apresentou uma nova a\u00e7\u00e3o judicial pedindo que o ped\u00e1gio no trecho urbano de Guarulhos seja proibido. Ainda n\u00e3o h\u00e1 decis\u00e3o judicial neste caso.\u00a0<br><br>Em nota t\u00e9cnica sobre o processo, a Gerer\u00a0(Ger\u00eancia de Regula\u00e7\u00e3o Rodovi\u00e1ria) da ANTT (Ag\u00eancia Nacional de Transportes Terrestres) afirmou que a TPE (Tarifa de Pistas Expressas) constitui parte integrante e indissoci\u00e1vel da estrutura tarif\u00e1ria da concess\u00e3o, n\u00e3o se configurando como servi\u00e7o acess\u00f3rio ou receita complementar, \u201cmas como componente principal da remunera\u00e7\u00e3o contratual, destinada ao custeio global da infraestrutura e da opera\u00e7\u00e3o do sistema rodovi\u00e1rio\u201d.\u00a0<br><br>A reguladora tamb\u00e9m defende a ess\u00eancia do modelo, em que a cobran\u00e7a do ped\u00e1gio ocorre de maneira proporcional \u00e0 dist\u00e2ncia efetivamente percorrida. Assim, cada usu\u00e1rio paga apenas pelo trecho que efetivamente usa.\u00a0Em outra nota, a procuradoria da ANTT afirma que a suspens\u00e3o da cobran\u00e7a acarretaria riscos regulat\u00f3rios e contratuais \u201crelevantes\u201d, com potencial de comprometer o equil\u00edbrio econ\u00f4mico-financeiro da concess\u00e3o e ensejar pleitos indenizat\u00f3rios por parte da concession\u00e1ria.\u00a0<br><br>\u201cA eventual cria\u00e7\u00e3o de isen\u00e7\u00e3o espec\u00edfica para ve\u00edculos do Munic\u00edpio de Guarulhos carece de amparo legal e contratual, podendo gerar assimetria regulat\u00f3ria e demandando autoriza\u00e7\u00e3o legislativa expressa ou decis\u00e3o judicial devidamente fundamentada em estudo t\u00e9cnico pr\u00e9vio\u201d, completa o parecer.<br><br>\u00c0\u00a0<strong>Ag\u00eancia iNFRA<\/strong>, o diretor-geral da ANTT, Guilherme Sampaio, avaliou que o maior desafio do modelo est\u00e1 nas conflu\u00eancias urbanas, \u201cde conseguir demonstrar toda a vantajosidade que esse sistema vai trazer para o usu\u00e1rio\u201d. \u201cQue a ideia do free flow n\u00e3o \u00e9 arrecadar mais. \u00c9 fazer realmente uma cobran\u00e7a ison\u00f4mica ao usu\u00e1rio, na forma proporcional de utiliza\u00e7\u00e3o da via\u201d, disse o chefe da ANTT, para quem esse processo vai funcionar com o amadurecimento do sistema.\u00a0<br><br>Nas rodovias federais, onde at\u00e9 agora tem havido apenas substitui\u00e7\u00e3o de pra\u00e7as antigas de ped\u00e1gio por p\u00f3rticos (ou implanta\u00e7\u00e3o onde estavam combinadas pra\u00e7as f\u00edsicas), o free flow tem caminhado bem e sem problemas, na avalia\u00e7\u00e3o de Sampaio. \u201cO sistema est\u00e1 funcionando bem, com plano de comunica\u00e7\u00e3o ativo e pr\u00e9vio. Temos tido bom retorno das concession\u00e1rias e do usu\u00e1rio, com inadimpl\u00eancia muito baixa e ades\u00e3o muito grande\u201d, afirmou.<\/p>\n","protected":false},"excerpt":{"rendered":"<p>Amanda Pupo, da Ag\u00eancia iNFRA No \u00e2mbito federal, um dos projetos com implementa\u00e7\u00e3o do free flow mais conturbada \u00e9 o da Motiva na Rodovia Presidente Dutra (BR-101), a CCR RioSP. O trecho que tem causado rebuli\u00e7o \u00e9 o de Guarulhos (SP). O projeto prev\u00ea a cobran\u00e7a do ped\u00e1gio free flow nas vias expressas, enquanto as [&hellip;]<\/p>\n","protected":false},"author":1,"featured_media":6674,"comment_status":"closed","ping_status":"closed","sticky":false,"template":"","format":"standard","meta":{"_monsterinsights_skip_tracking":false,"_monsterinsights_sitenote_active":false,"_monsterinsights_sitenote_note":"","_monsterinsights_sitenote_category":0,"footnotes":""},"categories":[7],"tags":[13354,19,1247,435,588,6287,11981,685,1106,17024,13199,20,9905,1576],"class_list":["post-32483","post","type-post","status-publish","format-standard","has-post-thumbnail","hentry","category-infratransporte","tag-amanda-pupo","tag-antt","tag-artesp","tag-br-101","tag-ccr","tag-ccr-riosp","tag-cobranca-de-pedagio","tag-dutra","tag-free-flow","tag-free-flow-em-sp","tag-motiva","tag-pedagio","tag-pedagio-eletronico","tag-rodovia-presidente-dutra"],"yoast_head":"<!-- This site is optimized with the Yoast SEO Premium plugin v25.4 (Yoast SEO v26.0) - https:\/\/yoast.com\/wordpress\/plugins\/seo\/ -->\n<title>Dutra: Concess\u00e3o federal em SP ainda enfrenta resist\u00eancia ao free flow - Ag\u00eancia iNFRA<\/title>\n<meta name=\"robots\" content=\"index, follow, max-snippet:-1, max-image-preview:large, max-video-preview:-1\" \/>\n<link rel=\"canonical\" href=\"https:\/\/agenciainfra.com\/blog\/dutra-concessao-federal-em-sp-ainda-enfrenta-resistencia-ao-free-flow\/\" \/>\n<meta property=\"og:locale\" content=\"pt_BR\" \/>\n<meta property=\"og:type\" content=\"article\" \/>\n<meta property=\"og:title\" content=\"Dutra: Concess\u00e3o federal em SP ainda enfrenta resist\u00eancia ao free flow\" \/>\n<meta property=\"og:description\" content=\"Amanda Pupo, da Ag\u00eancia iNFRA No \u00e2mbito federal, um dos projetos com implementa\u00e7\u00e3o do free flow mais conturbada \u00e9 o da Motiva na Rodovia Presidente Dutra (BR-101), a CCR RioSP. O trecho que tem causado rebuli\u00e7o \u00e9 o de Guarulhos (SP). O projeto prev\u00ea a cobran\u00e7a do ped\u00e1gio free flow nas vias expressas, enquanto as [&hellip;]\" \/>\n<meta property=\"og:url\" content=\"https:\/\/agenciainfra.com\/blog\/dutra-concessao-federal-em-sp-ainda-enfrenta-resistencia-ao-free-flow\/\" \/>\n<meta property=\"og:site_name\" content=\"Ag\u00eancia iNFRA\" \/>\n<meta property=\"article:publisher\" content=\"https:\/\/www.facebook.com\/ageninfra\" \/>\n<meta property=\"article:published_time\" content=\"2025-11-21T13:00:00+00:00\" \/>\n<meta property=\"article:modified_time\" content=\"2025-11-25T11:01:54+00:00\" \/>\n<meta property=\"og:image\" content=\"https:\/\/agenciainfra.com\/blog\/wp-content\/uploads\/2021\/01\/via_dutra_marcelo_camargo-agencia-brasil.jpg\" \/>\n\t<meta property=\"og:image:width\" content=\"1280\" \/>\n\t<meta property=\"og:image:height\" content=\"766\" \/>\n\t<meta property=\"og:image:type\" content=\"image\/jpeg\" \/>\n<meta name=\"author\" content=\"Ag\u00eancia iNFRA\" \/>\n<meta name=\"twitter:card\" content=\"summary_large_image\" \/>\n<meta name=\"twitter:creator\" content=\"@agencia_infra\" \/>\n<meta name=\"twitter:site\" content=\"@agencia_infra\" \/>\n<meta name=\"twitter:label1\" content=\"Escrito por\" \/>\n\t<meta name=\"twitter:data1\" content=\"Ag\u00eancia iNFRA\" \/>\n\t<meta name=\"twitter:label2\" content=\"Est. tempo de leitura\" \/>\n\t<meta name=\"twitter:data2\" content=\"3 minutos\" \/>\n<script type=\"application\/ld+json\" class=\"yoast-schema-graph\">{\"@context\":\"https:\/\/schema.org\",\"@graph\":[{\"@type\":\"Article\",\"@id\":\"https:\/\/agenciainfra.com\/blog\/dutra-concessao-federal-em-sp-ainda-enfrenta-resistencia-ao-free-flow\/#article\",\"isPartOf\":{\"@id\":\"https:\/\/agenciainfra.com\/blog\/dutra-concessao-federal-em-sp-ainda-enfrenta-resistencia-ao-free-flow\/\"},\"author\":{\"name\":\"Ag\u00eancia iNFRA\",\"@id\":\"https:\/\/agenciainfra.com\/blog\/#\/schema\/person\/34af08dff6adea4cb22b06612ba7acfa\"},\"headline\":\"Dutra: Concess\u00e3o federal em SP ainda enfrenta resist\u00eancia ao free flow\",\"datePublished\":\"2025-11-21T13:00:00+00:00\",\"dateModified\":\"2025-11-25T11:01:54+00:00\",\"mainEntityOfPage\":{\"@id\":\"https:\/\/agenciainfra.com\/blog\/dutra-concessao-federal-em-sp-ainda-enfrenta-resistencia-ao-free-flow\/\"},\"wordCount\":539,\"publisher\":{\"@id\":\"https:\/\/agenciainfra.com\/blog\/#organization\"},\"image\":{\"@id\":\"https:\/\/agenciainfra.com\/blog\/dutra-concessao-federal-em-sp-ainda-enfrenta-resistencia-ao-free-flow\/#primaryimage\"},\"thumbnailUrl\":\"https:\/\/agenciainfra.com\/blog\/wp-content\/uploads\/2021\/01\/via_dutra_marcelo_camargo-agencia-brasil.jpg\",\"keywords\":[\"Amanda Pupo\",\"ANTT\",\"Artesp\",\"BR-101\",\"CCR\",\"CCR RioSP\",\"cobran\u00e7a de ped\u00e1gio\",\"Dutra\",\"free flow\",\"free flow em sp\",\"motiva\",\"Ped\u00e1gio\",\"ped\u00e1gio eletr\u00f4nico\",\"Rodovia Presidente Dutra\"],\"articleSection\":[\"iNFRATransporte\"],\"inLanguage\":\"pt-BR\",\"copyrightYear\":\"2025\",\"copyrightHolder\":{\"@id\":\"https:\/\/agenciainfra.com\/blog\/#organization\"}},{\"@type\":\"WebPage\",\"@id\":\"https:\/\/agenciainfra.com\/blog\/dutra-concessao-federal-em-sp-ainda-enfrenta-resistencia-ao-free-flow\/\",\"url\":\"https:\/\/agenciainfra.com\/blog\/dutra-concessao-federal-em-sp-ainda-enfrenta-resistencia-ao-free-flow\/\",\"name\":\"Dutra: Concess\u00e3o federal em SP ainda enfrenta resist\u00eancia ao free flow - Ag\u00eancia iNFRA\",\"isPartOf\":{\"@id\":\"https:\/\/agenciainfra.com\/blog\/#website\"},\"primaryImageOfPage\":{\"@id\":\"https:\/\/agenciainfra.com\/blog\/dutra-concessao-federal-em-sp-ainda-enfrenta-resistencia-ao-free-flow\/#primaryimage\"},\"image\":{\"@id\":\"https:\/\/agenciainfra.com\/blog\/dutra-concessao-federal-em-sp-ainda-enfrenta-resistencia-ao-free-flow\/#primaryimage\"},\"thumbnailUrl\":\"https:\/\/agenciainfra.com\/blog\/wp-content\/uploads\/2021\/01\/via_dutra_marcelo_camargo-agencia-brasil.jpg\",\"datePublished\":\"2025-11-21T13:00:00+00:00\",\"dateModified\":\"2025-11-25T11:01:54+00:00\",\"breadcrumb\":{\"@id\":\"https:\/\/agenciainfra.com\/blog\/dutra-concessao-federal-em-sp-ainda-enfrenta-resistencia-ao-free-flow\/#breadcrumb\"},\"inLanguage\":\"pt-BR\",\"potentialAction\":[{\"@type\":\"ReadAction\",\"target\":[\"https:\/\/agenciainfra.com\/blog\/dutra-concessao-federal-em-sp-ainda-enfrenta-resistencia-ao-free-flow\/\"]}]},{\"@type\":\"ImageObject\",\"inLanguage\":\"pt-BR\",\"@id\":\"https:\/\/agenciainfra.com\/blog\/dutra-concessao-federal-em-sp-ainda-enfrenta-resistencia-ao-free-flow\/#primaryimage\",\"url\":\"https:\/\/agenciainfra.com\/blog\/wp-content\/uploads\/2021\/01\/via_dutra_marcelo_camargo-agencia-brasil.jpg\",\"contentUrl\":\"https:\/\/agenciainfra.com\/blog\/wp-content\/uploads\/2021\/01\/via_dutra_marcelo_camargo-agencia-brasil.jpg\",\"width\":1280,\"height\":766,\"caption\":\"Foto: Marcelo Camargo\/Ag\u00eancia Brasil\"},{\"@type\":\"BreadcrumbList\",\"@id\":\"https:\/\/agenciainfra.com\/blog\/dutra-concessao-federal-em-sp-ainda-enfrenta-resistencia-ao-free-flow\/#breadcrumb\",\"itemListElement\":[{\"@type\":\"ListItem\",\"position\":1,\"name\":\"In\u00edcio\",\"item\":\"https:\/\/agenciainfra.com\/blog\/\"},{\"@type\":\"ListItem\",\"position\":2,\"name\":\"Dutra: Concess\u00e3o federal em SP ainda enfrenta resist\u00eancia ao free flow\"}]},{\"@type\":\"WebSite\",\"@id\":\"https:\/\/agenciainfra.com\/blog\/#website\",\"url\":\"https:\/\/agenciainfra.com\/blog\/\",\"name\":\"Ag\u00eancia iNFRA\",\"description\":\"Multiplataforma de informa\u00e7\u00e3o jornal\u00edstica refer\u00eancia na \u00e1rea de infraestrutura no Brasil!\",\"publisher\":{\"@id\":\"https:\/\/agenciainfra.com\/blog\/#organization\"},\"potentialAction\":[{\"@type\":\"SearchAction\",\"target\":{\"@type\":\"EntryPoint\",\"urlTemplate\":\"https:\/\/agenciainfra.com\/blog\/?s={search_term_string}\"},\"query-input\":{\"@type\":\"PropertyValueSpecification\",\"valueRequired\":true,\"valueName\":\"search_term_string\"}}],\"inLanguage\":\"pt-BR\"},{\"@type\":\"Organization\",\"@id\":\"https:\/\/agenciainfra.com\/blog\/#organization\",\"name\":\"Ag\u00eancia iNFRA\",\"url\":\"https:\/\/agenciainfra.com\/blog\/\",\"logo\":{\"@type\":\"ImageObject\",\"inLanguage\":\"pt-BR\",\"@id\":\"https:\/\/agenciainfra.com\/blog\/#\/schema\/logo\/image\/\",\"url\":\"https:\/\/agenciainfra.com\/blog\/wp-content\/uploads\/2023\/09\/iNFRA_5-e1761735885940.png\",\"contentUrl\":\"https:\/\/agenciainfra.com\/blog\/wp-content\/uploads\/2023\/09\/iNFRA_5-e1761735885940.png\",\"width\":1672,\"height\":454,\"caption\":\"Ag\u00eancia iNFRA\"},\"image\":{\"@id\":\"https:\/\/agenciainfra.com\/blog\/#\/schema\/logo\/image\/\"},\"sameAs\":[\"https:\/\/www.facebook.com\/ageninfra\",\"https:\/\/x.com\/agencia_infra\",\"https:\/\/www.linkedin.com\/company\/ag\u00eanciainfra\/\",\"https:\/\/www.instagram.com\/agenciainfra\/\"]},{\"@type\":\"Person\",\"@id\":\"https:\/\/agenciainfra.com\/blog\/#\/schema\/person\/34af08dff6adea4cb22b06612ba7acfa\",\"name\":\"Ag\u00eancia iNFRA\",\"image\":{\"@type\":\"ImageObject\",\"inLanguage\":\"pt-BR\",\"@id\":\"https:\/\/agenciainfra.com\/blog\/#\/schema\/person\/image\/\",\"url\":\"https:\/\/secure.gravatar.com\/avatar\/d189e01678f06d8eb84d4e01f08eb848b3fffe3f8443818d3c356c66892f5be8?s=96&d=mm&r=g\",\"contentUrl\":\"https:\/\/secure.gravatar.com\/avatar\/d189e01678f06d8eb84d4e01f08eb848b3fffe3f8443818d3c356c66892f5be8?s=96&d=mm&r=g\",\"caption\":\"Ag\u00eancia iNFRA\"},\"url\":\"https:\/\/agenciainfra.com\/blog\/author\/admin\/\"}]}<\/script>\n<!-- \/ Yoast SEO Premium plugin. -->","yoast_head_json":{"title":"Dutra: Concess\u00e3o federal em SP ainda enfrenta resist\u00eancia ao free flow - Ag\u00eancia iNFRA","robots":{"index":"index","follow":"follow","max-snippet":"max-snippet:-1","max-image-preview":"max-image-preview:large","max-video-preview":"max-video-preview:-1"},"canonical":"https:\/\/agenciainfra.com\/blog\/dutra-concessao-federal-em-sp-ainda-enfrenta-resistencia-ao-free-flow\/","og_locale":"pt_BR","og_type":"article","og_title":"Dutra: Concess\u00e3o federal em SP ainda enfrenta resist\u00eancia ao free flow","og_description":"Amanda Pupo, da Ag\u00eancia iNFRA No \u00e2mbito federal, um dos projetos com implementa\u00e7\u00e3o do free flow mais conturbada \u00e9 o da Motiva na Rodovia Presidente Dutra (BR-101), a CCR RioSP. O trecho que tem causado rebuli\u00e7o \u00e9 o de Guarulhos (SP). O projeto prev\u00ea a cobran\u00e7a do ped\u00e1gio free flow nas vias expressas, enquanto as [&hellip;]","og_url":"https:\/\/agenciainfra.com\/blog\/dutra-concessao-federal-em-sp-ainda-enfrenta-resistencia-ao-free-flow\/","og_site_name":"Ag\u00eancia iNFRA","article_publisher":"https:\/\/www.facebook.com\/ageninfra","article_published_time":"2025-11-21T13:00:00+00:00","article_modified_time":"2025-11-25T11:01:54+00:00","og_image":[{"width":1280,"height":766,"url":"https:\/\/agenciainfra.com\/blog\/wp-content\/uploads\/2021\/01\/via_dutra_marcelo_camargo-agencia-brasil.jpg","type":"image\/jpeg"}],"author":"Ag\u00eancia iNFRA","twitter_card":"summary_large_image","twitter_creator":"@agencia_infra","twitter_site":"@agencia_infra","twitter_misc":{"Escrito por":"Ag\u00eancia iNFRA","Est. tempo de leitura":"3 minutos"},"schema":{"@context":"https:\/\/schema.org","@graph":[{"@type":"Article","@id":"https:\/\/agenciainfra.com\/blog\/dutra-concessao-federal-em-sp-ainda-enfrenta-resistencia-ao-free-flow\/#article","isPartOf":{"@id":"https:\/\/agenciainfra.com\/blog\/dutra-concessao-federal-em-sp-ainda-enfrenta-resistencia-ao-free-flow\/"},"author":{"name":"Ag\u00eancia iNFRA","@id":"https:\/\/agenciainfra.com\/blog\/#\/schema\/person\/34af08dff6adea4cb22b06612ba7acfa"},"headline":"Dutra: Concess\u00e3o federal em SP ainda enfrenta resist\u00eancia ao free flow","datePublished":"2025-11-21T13:00:00+00:00","dateModified":"2025-11-25T11:01:54+00:00","mainEntityOfPage":{"@id":"https:\/\/agenciainfra.com\/blog\/dutra-concessao-federal-em-sp-ainda-enfrenta-resistencia-ao-free-flow\/"},"wordCount":539,"publisher":{"@id":"https:\/\/agenciainfra.com\/blog\/#organization"},"image":{"@id":"https:\/\/agenciainfra.com\/blog\/dutra-concessao-federal-em-sp-ainda-enfrenta-resistencia-ao-free-flow\/#primaryimage"},"thumbnailUrl":"https:\/\/agenciainfra.com\/blog\/wp-content\/uploads\/2021\/01\/via_dutra_marcelo_camargo-agencia-brasil.jpg","keywords":["Amanda Pupo","ANTT","Artesp","BR-101","CCR","CCR RioSP","cobran\u00e7a de ped\u00e1gio","Dutra","free flow","free flow em sp","motiva","Ped\u00e1gio","ped\u00e1gio eletr\u00f4nico","Rodovia Presidente Dutra"],"articleSection":["iNFRATransporte"],"inLanguage":"pt-BR","copyrightYear":"2025","copyrightHolder":{"@id":"https:\/\/agenciainfra.com\/blog\/#organization"}},{"@type":"WebPage","@id":"https:\/\/agenciainfra.com\/blog\/dutra-concessao-federal-em-sp-ainda-enfrenta-resistencia-ao-free-flow\/","url":"https:\/\/agenciainfra.com\/blog\/dutra-concessao-federal-em-sp-ainda-enfrenta-resistencia-ao-free-flow\/","name":"Dutra: Concess\u00e3o federal em SP ainda enfrenta resist\u00eancia ao free flow - Ag\u00eancia iNFRA","isPartOf":{"@id":"https:\/\/agenciainfra.com\/blog\/#website"},"primaryImageOfPage":{"@id":"https:\/\/agenciainfra.com\/blog\/dutra-concessao-federal-em-sp-ainda-enfrenta-resistencia-ao-free-flow\/#primaryimage"},"image":{"@id":"https:\/\/agenciainfra.com\/blog\/dutra-concessao-federal-em-sp-ainda-enfrenta-resistencia-ao-free-flow\/#primaryimage"},"thumbnailUrl":"https:\/\/agenciainfra.com\/blog\/wp-content\/uploads\/2021\/01\/via_dutra_marcelo_camargo-agencia-brasil.jpg","datePublished":"2025-11-21T13:00:00+00:00","dateModified":"2025-11-25T11:01:54+00:00","breadcrumb":{"@id":"https:\/\/agenciainfra.com\/blog\/dutra-concessao-federal-em-sp-ainda-enfrenta-resistencia-ao-free-flow\/#breadcrumb"},"inLanguage":"pt-BR","potentialAction":[{"@type":"ReadAction","target":["https:\/\/agenciainfra.com\/blog\/dutra-concessao-federal-em-sp-ainda-enfrenta-resistencia-ao-free-flow\/"]}]},{"@type":"ImageObject","inLanguage":"pt-BR","@id":"https:\/\/agenciainfra.com\/blog\/dutra-concessao-federal-em-sp-ainda-enfrenta-resistencia-ao-free-flow\/#primaryimage","url":"https:\/\/agenciainfra.com\/blog\/wp-content\/uploads\/2021\/01\/via_dutra_marcelo_camargo-agencia-brasil.jpg","contentUrl":"https:\/\/agenciainfra.com\/blog\/wp-content\/uploads\/2021\/01\/via_dutra_marcelo_camargo-agencia-brasil.jpg","width":1280,"height":766,"caption":"Foto: Marcelo Camargo\/Ag\u00eancia Brasil"},{"@type":"BreadcrumbList","@id":"https:\/\/agenciainfra.com\/blog\/dutra-concessao-federal-em-sp-ainda-enfrenta-resistencia-ao-free-flow\/#breadcrumb","itemListElement":[{"@type":"ListItem","position":1,"name":"In\u00edcio","item":"https:\/\/agenciainfra.com\/blog\/"},{"@type":"ListItem","position":2,"name":"Dutra: Concess\u00e3o federal em SP ainda enfrenta resist\u00eancia ao free flow"}]},{"@type":"WebSite","@id":"https:\/\/agenciainfra.com\/blog\/#website","url":"https:\/\/agenciainfra.com\/blog\/","name":"Ag\u00eancia iNFRA","description":"Multiplataforma de informa\u00e7\u00e3o jornal\u00edstica refer\u00eancia na \u00e1rea de infraestrutura no Brasil!","publisher":{"@id":"https:\/\/agenciainfra.com\/blog\/#organization"},"potentialAction":[{"@type":"SearchAction","target":{"@type":"EntryPoint","urlTemplate":"https:\/\/agenciainfra.com\/blog\/?s={search_term_string}"},"query-input":{"@type":"PropertyValueSpecification","valueRequired":true,"valueName":"search_term_string"}}],"inLanguage":"pt-BR"},{"@type":"Organization","@id":"https:\/\/agenciainfra.com\/blog\/#organization","name":"Ag\u00eancia iNFRA","url":"https:\/\/agenciainfra.com\/blog\/","logo":{"@type":"ImageObject","inLanguage":"pt-BR","@id":"https:\/\/agenciainfra.com\/blog\/#\/schema\/logo\/image\/","url":"https:\/\/agenciainfra.com\/blog\/wp-content\/uploads\/2023\/09\/iNFRA_5-e1761735885940.png","contentUrl":"https:\/\/agenciainfra.com\/blog\/wp-content\/uploads\/2023\/09\/iNFRA_5-e1761735885940.png","width":1672,"height":454,"caption":"Ag\u00eancia iNFRA"},"image":{"@id":"https:\/\/agenciainfra.com\/blog\/#\/schema\/logo\/image\/"},"sameAs":["https:\/\/www.facebook.com\/ageninfra","https:\/\/x.com\/agencia_infra","https:\/\/www.linkedin.com\/company\/ag\u00eanciainfra\/","https:\/\/www.instagram.com\/agenciainfra\/"]},{"@type":"Person","@id":"https:\/\/agenciainfra.com\/blog\/#\/schema\/person\/34af08dff6adea4cb22b06612ba7acfa","name":"Ag\u00eancia iNFRA","image":{"@type":"ImageObject","inLanguage":"pt-BR","@id":"https:\/\/agenciainfra.com\/blog\/#\/schema\/person\/image\/","url":"https:\/\/secure.gravatar.com\/avatar\/d189e01678f06d8eb84d4e01f08eb848b3fffe3f8443818d3c356c66892f5be8?s=96&d=mm&r=g","contentUrl":"https:\/\/secure.gravatar.com\/avatar\/d189e01678f06d8eb84d4e01f08eb848b3fffe3f8443818d3c356c66892f5be8?s=96&d=mm&r=g","caption":"Ag\u00eancia iNFRA"},"url":"https:\/\/agenciainfra.com\/blog\/author\/admin\/"}]}},"_links":{"self":[{"href":"https:\/\/agenciainfra.com\/blog\/wp-json\/wp\/v2\/posts\/32483","targetHints":{"allow":["GET"]}}],"collection":[{"href":"https:\/\/agenciainfra.com\/blog\/wp-json\/wp\/v2\/posts"}],"about":[{"href":"https:\/\/agenciainfra.com\/blog\/wp-json\/wp\/v2\/types\/post"}],"author":[{"embeddable":true,"href":"https:\/\/agenciainfra.com\/blog\/wp-json\/wp\/v2\/users\/1"}],"replies":[{"embeddable":true,"href":"https:\/\/agenciainfra.com\/blog\/wp-json\/wp\/v2\/comments?post=32483"}],"version-history":[{"count":1,"href":"https:\/\/agenciainfra.com\/blog\/wp-json\/wp\/v2\/posts\/32483\/revisions"}],"predecessor-version":[{"id":32484,"href":"https:\/\/agenciainfra.com\/blog\/wp-json\/wp\/v2\/posts\/32483\/revisions\/32484"}],"wp:featuredmedia":[{"embeddable":true,"href":"https:\/\/agenciainfra.com\/blog\/wp-json\/wp\/v2\/media\/6674"}],"wp:attachment":[{"href":"https:\/\/agenciainfra.com\/blog\/wp-json\/wp\/v2\/media?parent=32483"}],"wp:term":[{"taxonomy":"category","embeddable":true,"href":"https:\/\/agenciainfra.com\/blog\/wp-json\/wp\/v2\/categories?post=32483"},{"taxonomy":"post_tag","embeddable":true,"href":"https:\/\/agenciainfra.com\/blog\/wp-json\/wp\/v2\/tags?post=32483"}],"curies":[{"name":"wp","href":"https:\/\/api.w.org\/{rel}","templated":true}]}}