{"id":32492,"date":"2025-11-19T18:33:45","date_gmt":"2025-11-19T21:33:45","guid":{"rendered":"https:\/\/agenciainfra.com\/blog\/?p=32492"},"modified":"2025-11-24T12:30:23","modified_gmt":"2025-11-24T15:30:23","slug":"sem-vetos-mp-1-304-pode-prejudicar-transicao-energetica","status":"publish","type":"post","link":"https:\/\/agenciainfra.com\/blog\/sem-vetos-mp-1-304-pode-prejudicar-transicao-energetica\/","title":{"rendered":"Sem vetos, MP 1.304 pode prejudicar transi\u00e7\u00e3o energ\u00e9tica"},"content":{"rendered":"\n<p class=\"has-text-align-right\"><strong>Apresentado por Abradee<\/strong><\/p>\n\n\n\n<p><strong><em>Presidente da Abradee ressalta necessidade de avalia\u00e7\u00f5es de impactos que podem gerar distor\u00e7\u00f5es e aumentar custos para o consumidor.<\/em><\/strong><\/p>\n\n\n\n<p>O texto aprovado pelo Congresso Nacional no \u00e2mbito da Medida Provis\u00f3ria 1.304 ressaltou o dilema que vive o setor el\u00e9trico nacional: ao mesmo tempo que o Brasil tem a oportunidade de realizar, nos pr\u00f3ximos anos, uma transi\u00e7\u00e3o energ\u00e9tica unindo sustentabilidade, seguran\u00e7a e pre\u00e7os justos, os conjuntos legais aprovados pelos parlamentares nos \u00faltimos anos t\u00eam buscado atender segmentos espec\u00edficos, em detrimento do planejamento setorial.&nbsp;<\/p>\n\n\n\n<p>Com mais de 90% da matriz el\u00e9trica renov\u00e1vel, o setor el\u00e9trico atravessa um momento desafiador, no qual a expans\u00e3o de novas fontes sem o devido planejamento tem gerado impactos relevantes para o sistema. Ainda assim, diversos dispositivos foram incorporados ao texto final aprovado pelo Legislativo, que agora aguarda san\u00e7\u00e3o presidencial.<\/p>\n\n\n\n<p>\u201cO di\u00e1logo \u00e9 o caminho para garantir que as transforma\u00e7\u00f5es necess\u00e1rias ocorram de forma respons\u00e1vel e transparente\u201d, aponta Marcos Madureira, presidente da Abradee (Associa\u00e7\u00e3o Brasileira de Distribuidores de Energia El\u00e9trica), entidade que acompanhou de perto a tramita\u00e7\u00e3o do projeto e buscou trazer contribui\u00e7\u00f5es para diversos pontos, desde o impacto na conta de luz que poder\u00e1 ocorrer ap\u00f3s contrata\u00e7\u00f5es compuls\u00f3rias de fontes geradoras mais caras at\u00e9 os desafios causados pela expans\u00e3o sem planejamento de unidades geradoras.\u00a0<\/p>\n\n\n\n<p>Na avalia\u00e7\u00e3o da Abradee, apesar de avan\u00e7os significativos, o texto que saiu do legislativo incorporou propostas que podem trazer mais distor\u00e7\u00f5es e aumento de custos para o setor el\u00e9trico. \u201cA fixa\u00e7\u00e3o de um teto para a CDE [Conta de Desenvolvimento Energ\u00e9tico] e o maior equil\u00edbrio de reparti\u00e7\u00e3o de custos entre o mercado regulado e o mercado livre s\u00e3o avan\u00e7os muito importantes para o setor, mas nos trazem preocupa\u00e7\u00f5es os trechos que imp\u00f5em contrata\u00e7\u00f5es compuls\u00f3rias de novas fontes de energia sem estudos t\u00e9cnicos que sustentem essas medidas\u201d, afirma.\u00a0<\/p>\n\n\n\n<p>A Abradee e diversas outras associa\u00e7\u00f5es defendem que o Executivo apresente vetos a trechos da lei aprovada pelo Congresso para corrigir distor\u00e7\u00f5es, assim como j\u00e1 ocorreu em outros projetos do setor, como no marco regulat\u00f3rio das usinas e\u00f3licas offshore. \u201cQualquer altera\u00e7\u00e3o de inclus\u00e3o de novos custos deve ser analisada com cautela para n\u00e3o comprometer a efici\u00eancia e o necess\u00e1rio equil\u00edbrio do setor\u201d<strong>,<\/strong> destaca Madureira.<\/p>\n\n\n\n<p><strong>Abandono do planejamento pode causar desperd\u00edcio de energia<\/strong><br>Para o professor Nivalde de Castro, coordenador-geral do Gesel-UFRJ (Grupo de Estudos do Setor El\u00e9trico da Universidade Federal do Rio de Janeiro), um dos maiores pontos de aten\u00e7\u00e3o do setor el\u00e9trico atualmente \u00e9 o desequil\u00edbrio entre oferta e demanda provocado por decis\u00f5es desconectadas do planejamento t\u00e9cnico.<\/p>\n\n\n\n<p>\u201cO reflexo direto desse descompasso s\u00e3o os crescentes cortes de energia (curtailments), que causam preju\u00edzos para geradores e consumidores. Com subs\u00eddios que distorcem o sinal de pre\u00e7os, o problema tende a se agravar\u201d, avalia.<\/p>\n\n\n\n<p>O texto aprovado pelo Congresso gerou bastante controv\u00e9rsia ao estabelecer a contrata\u00e7\u00e3o compuls\u00f3ria de t\u00e9rmicas a carv\u00e3o e biomassa sem uma justificativa ancorada na l\u00f3gica econ\u00f4mica. \u201cAo criar uma reserva de mercado para essas fontes, com contratos subsidiados, o pa\u00eds produz mais energia cara, e o custo recai sobre o consumidor\u201d, afirma Castro.<\/p>\n\n\n\n<p><strong>Prorroga\u00e7\u00e3o de termel\u00e9tricas encarece a conta<\/strong><br>Para o presidente da FNCE (Frente Nacional dos Consumidores de Energia), Luiz Eduardo Barata, o texto aprovado pelo Legislativo sofreu press\u00f5es pol\u00edticas em detrimento do debate t\u00e9cnico. \u201cO discurso \u00e9 de redu\u00e7\u00e3o de custos. Mas o que veremos \u00e9 justamente o oposto: aumento no pre\u00e7o da energia para consumidores regulados e livres. Isso ocorre porque a MP inclui obriga\u00e7\u00f5es e subs\u00eddios que n\u00e3o s\u00e3o necess\u00e1rios no momento\u201d, avalia.<\/p>\n\n\n\n<p>A FNCE avalia que o sistema el\u00e9trico brasileiro tem sofrido nos \u00faltimos anos com uma desorganiza\u00e7\u00e3o estrutural. \u201cO problema vai al\u00e9m dos tributos e subs\u00eddios. \u00c9 uma quest\u00e3o de governan\u00e7a. O setor mudou, mas o regramento n\u00e3o o acompanhou.\u201d<\/p>\n\n\n\n<p>Nesse contexto, os especialistas avaliam que o potencial de transi\u00e7\u00e3o energ\u00e9tica do Brasil, baseada nos pilares de sustentabilidade, pre\u00e7os justos e planejamento estruturado, pode ficar amea\u00e7ado com a san\u00e7\u00e3o integral do texto proposto pelo Congresso. \u201c\u00c9 fundamental que o Executivo formule uma proposta ampla e estruturada, e que o Legislativo fa\u00e7a a an\u00e1lise com base em evid\u00eancias, n\u00e3o sob press\u00e3o de grupos\u201d, avalia Luiz Barata.<\/p>\n\n\n\n<p><strong>Vetos defendidos pela Abradee<\/strong><\/p>\n\n\n\n<ul class=\"wp-block-list\">\n<li><strong>Contrata\u00e7\u00e3o compuls\u00f3ria de t\u00e9rmicas a carv\u00e3o e biomassa.<\/strong><\/li>\n\n\n\n<li><strong>Reclassifica\u00e7\u00e3o de pequenas usinas como gera\u00e7\u00e3o distribu\u00edda.<\/strong><\/li>\n\n\n\n<li><strong>Prorroga\u00e7\u00e3o de contratos de usinas a carv\u00e3o at\u00e9 2040.<\/strong><\/li>\n<\/ul>\n\n\n\n<p><\/p>\n\n\n\n<p><strong>Compromisso com energia justa e limpa<\/strong><br>O Movimento Energia Justa refor\u00e7a o compromisso com uma matriz limpa, acess\u00edvel e equilibrada para todos os brasileiros. A iniciativa re\u00fane informa\u00e7\u00f5es e a\u00e7\u00f5es voltadas \u00e0 defesa de tarifas justas e \u00e0 transi\u00e7\u00e3o energ\u00e9tica sustent\u00e1vel. Acesse e saiba mais: <a href=\"http:\/\/energialimpaejusta.com.br\/\">energialimpaejusta.com.br<\/a><\/p>\n","protected":false},"excerpt":{"rendered":"<p>Apresentado por Abradee Presidente da Abradee ressalta necessidade de avalia\u00e7\u00f5es de impactos que podem gerar distor\u00e7\u00f5es e aumentar custos para o consumidor. O texto aprovado pelo Congresso Nacional no \u00e2mbito da Medida Provis\u00f3ria 1.304 ressaltou o dilema que vive o setor el\u00e9trico nacional: ao mesmo tempo que o Brasil tem a oportunidade de realizar, nos [&hellip;]<\/p>\n","protected":false},"author":1,"featured_media":32529,"comment_status":"closed","ping_status":"closed","sticky":false,"template":"","format":"standard","meta":{"_monsterinsights_skip_tracking":false,"_monsterinsights_sitenote_active":false,"_monsterinsights_sitenote_note":"","_monsterinsights_sitenote_category":0,"footnotes":""},"categories":[2054,10],"tags":[494,828,1484,14378,11938,54,2006],"class_list":["post-32492","post","type-post","status-publish","format-standard","has-post-thumbnail","hentry","category-contpat","category-infraenergia","tag-abradee","tag-luiz-eduardo-barata","tag-marcos-madureira","tag-mp-1-304","tag-nivalde-de-castro","tag-setor-eletrico","tag-transicao-energetica"],"yoast_head":"<!-- This site is optimized with the Yoast SEO Premium plugin v25.4 (Yoast SEO v26.0) - https:\/\/yoast.com\/wordpress\/plugins\/seo\/ -->\n<title>Sem vetos, MP 1.304 pode prejudicar transi\u00e7\u00e3o energ\u00e9tica - Ag\u00eancia iNFRA<\/title>\n<meta name=\"robots\" content=\"index, follow, max-snippet:-1, max-image-preview:large, max-video-preview:-1\" \/>\n<link rel=\"canonical\" href=\"https:\/\/agenciainfra.com\/blog\/sem-vetos-mp-1-304-pode-prejudicar-transicao-energetica\/\" \/>\n<meta property=\"og:locale\" content=\"pt_BR\" \/>\n<meta property=\"og:type\" content=\"article\" \/>\n<meta property=\"og:title\" content=\"Sem vetos, MP 1.304 pode prejudicar transi\u00e7\u00e3o energ\u00e9tica\" \/>\n<meta property=\"og:description\" content=\"Apresentado por Abradee Presidente da Abradee ressalta necessidade de avalia\u00e7\u00f5es de impactos que podem gerar distor\u00e7\u00f5es e aumentar custos para o consumidor. O texto aprovado pelo Congresso Nacional no \u00e2mbito da Medida Provis\u00f3ria 1.304 ressaltou o dilema que vive o setor el\u00e9trico nacional: ao mesmo tempo que o Brasil tem a oportunidade de realizar, nos [&hellip;]\" \/>\n<meta property=\"og:url\" content=\"https:\/\/agenciainfra.com\/blog\/sem-vetos-mp-1-304-pode-prejudicar-transicao-energetica\/\" \/>\n<meta property=\"og:site_name\" content=\"Ag\u00eancia iNFRA\" \/>\n<meta property=\"article:publisher\" content=\"https:\/\/www.facebook.com\/ageninfra\" \/>\n<meta property=\"article:published_time\" content=\"2025-11-19T21:33:45+00:00\" \/>\n<meta property=\"article:modified_time\" content=\"2025-11-24T15:30:23+00:00\" \/>\n<meta property=\"og:image\" content=\"https:\/\/agenciainfra.com\/blog\/wp-content\/uploads\/2025\/11\/Foto-Abradee.jpeg\" \/>\n\t<meta property=\"og:image:width\" content=\"1280\" \/>\n\t<meta property=\"og:image:height\" content=\"720\" \/>\n\t<meta property=\"og:image:type\" content=\"image\/jpeg\" \/>\n<meta name=\"author\" content=\"Ag\u00eancia iNFRA\" \/>\n<meta name=\"twitter:card\" content=\"summary_large_image\" \/>\n<meta name=\"twitter:creator\" content=\"@agencia_infra\" \/>\n<meta name=\"twitter:site\" content=\"@agencia_infra\" \/>\n<meta name=\"twitter:label1\" content=\"Escrito por\" \/>\n\t<meta name=\"twitter:data1\" content=\"Ag\u00eancia iNFRA\" \/>\n\t<meta name=\"twitter:label2\" content=\"Est. tempo de leitura\" \/>\n\t<meta name=\"twitter:data2\" content=\"4 minutos\" \/>\n<script type=\"application\/ld+json\" class=\"yoast-schema-graph\">{\"@context\":\"https:\/\/schema.org\",\"@graph\":[{\"@type\":\"Article\",\"@id\":\"https:\/\/agenciainfra.com\/blog\/sem-vetos-mp-1-304-pode-prejudicar-transicao-energetica\/#article\",\"isPartOf\":{\"@id\":\"https:\/\/agenciainfra.com\/blog\/sem-vetos-mp-1-304-pode-prejudicar-transicao-energetica\/\"},\"author\":{\"name\":\"Ag\u00eancia iNFRA\",\"@id\":\"https:\/\/agenciainfra.com\/blog\/#\/schema\/person\/34af08dff6adea4cb22b06612ba7acfa\"},\"headline\":\"Sem vetos, MP 1.304 pode prejudicar transi\u00e7\u00e3o energ\u00e9tica\",\"datePublished\":\"2025-11-19T21:33:45+00:00\",\"dateModified\":\"2025-11-24T15:30:23+00:00\",\"mainEntityOfPage\":{\"@id\":\"https:\/\/agenciainfra.com\/blog\/sem-vetos-mp-1-304-pode-prejudicar-transicao-energetica\/\"},\"wordCount\":873,\"publisher\":{\"@id\":\"https:\/\/agenciainfra.com\/blog\/#organization\"},\"image\":{\"@id\":\"https:\/\/agenciainfra.com\/blog\/sem-vetos-mp-1-304-pode-prejudicar-transicao-energetica\/#primaryimage\"},\"thumbnailUrl\":\"https:\/\/agenciainfra.com\/blog\/wp-content\/uploads\/2025\/11\/Foto-Abradee.jpeg\",\"keywords\":[\"Abradee\",\"Luiz Eduardo Barata\",\"Marcos Madureira\",\"MP 1.304\",\"Nivalde de Castro\",\"Setor El\u00e9trico\",\"transi\u00e7\u00e3o energ\u00e9tica\"],\"articleSection\":[\"Conte\u00fado Patrocinado\",\"iNFRAEnergia\"],\"inLanguage\":\"pt-BR\",\"copyrightYear\":\"2025\",\"copyrightHolder\":{\"@id\":\"https:\/\/agenciainfra.com\/blog\/#organization\"}},{\"@type\":\"WebPage\",\"@id\":\"https:\/\/agenciainfra.com\/blog\/sem-vetos-mp-1-304-pode-prejudicar-transicao-energetica\/\",\"url\":\"https:\/\/agenciainfra.com\/blog\/sem-vetos-mp-1-304-pode-prejudicar-transicao-energetica\/\",\"name\":\"Sem vetos, MP 1.304 pode prejudicar transi\u00e7\u00e3o energ\u00e9tica - Ag\u00eancia iNFRA\",\"isPartOf\":{\"@id\":\"https:\/\/agenciainfra.com\/blog\/#website\"},\"primaryImageOfPage\":{\"@id\":\"https:\/\/agenciainfra.com\/blog\/sem-vetos-mp-1-304-pode-prejudicar-transicao-energetica\/#primaryimage\"},\"image\":{\"@id\":\"https:\/\/agenciainfra.com\/blog\/sem-vetos-mp-1-304-pode-prejudicar-transicao-energetica\/#primaryimage\"},\"thumbnailUrl\":\"https:\/\/agenciainfra.com\/blog\/wp-content\/uploads\/2025\/11\/Foto-Abradee.jpeg\",\"datePublished\":\"2025-11-19T21:33:45+00:00\",\"dateModified\":\"2025-11-24T15:30:23+00:00\",\"breadcrumb\":{\"@id\":\"https:\/\/agenciainfra.com\/blog\/sem-vetos-mp-1-304-pode-prejudicar-transicao-energetica\/#breadcrumb\"},\"inLanguage\":\"pt-BR\",\"potentialAction\":[{\"@type\":\"ReadAction\",\"target\":[\"https:\/\/agenciainfra.com\/blog\/sem-vetos-mp-1-304-pode-prejudicar-transicao-energetica\/\"]}]},{\"@type\":\"ImageObject\",\"inLanguage\":\"pt-BR\",\"@id\":\"https:\/\/agenciainfra.com\/blog\/sem-vetos-mp-1-304-pode-prejudicar-transicao-energetica\/#primaryimage\",\"url\":\"https:\/\/agenciainfra.com\/blog\/wp-content\/uploads\/2025\/11\/Foto-Abradee.jpeg\",\"contentUrl\":\"https:\/\/agenciainfra.com\/blog\/wp-content\/uploads\/2025\/11\/Foto-Abradee.jpeg\",\"width\":1280,\"height\":720,\"caption\":\"Foto: Abradee\"},{\"@type\":\"BreadcrumbList\",\"@id\":\"https:\/\/agenciainfra.com\/blog\/sem-vetos-mp-1-304-pode-prejudicar-transicao-energetica\/#breadcrumb\",\"itemListElement\":[{\"@type\":\"ListItem\",\"position\":1,\"name\":\"In\u00edcio\",\"item\":\"https:\/\/agenciainfra.com\/blog\/\"},{\"@type\":\"ListItem\",\"position\":2,\"name\":\"Sem vetos, MP 1.304 pode prejudicar transi\u00e7\u00e3o energ\u00e9tica\"}]},{\"@type\":\"WebSite\",\"@id\":\"https:\/\/agenciainfra.com\/blog\/#website\",\"url\":\"https:\/\/agenciainfra.com\/blog\/\",\"name\":\"Ag\u00eancia iNFRA\",\"description\":\"Multiplataforma de informa\u00e7\u00e3o jornal\u00edstica refer\u00eancia na \u00e1rea de infraestrutura no Brasil!\",\"publisher\":{\"@id\":\"https:\/\/agenciainfra.com\/blog\/#organization\"},\"potentialAction\":[{\"@type\":\"SearchAction\",\"target\":{\"@type\":\"EntryPoint\",\"urlTemplate\":\"https:\/\/agenciainfra.com\/blog\/?s={search_term_string}\"},\"query-input\":{\"@type\":\"PropertyValueSpecification\",\"valueRequired\":true,\"valueName\":\"search_term_string\"}}],\"inLanguage\":\"pt-BR\"},{\"@type\":\"Organization\",\"@id\":\"https:\/\/agenciainfra.com\/blog\/#organization\",\"name\":\"Ag\u00eancia iNFRA\",\"url\":\"https:\/\/agenciainfra.com\/blog\/\",\"logo\":{\"@type\":\"ImageObject\",\"inLanguage\":\"pt-BR\",\"@id\":\"https:\/\/agenciainfra.com\/blog\/#\/schema\/logo\/image\/\",\"url\":\"https:\/\/agenciainfra.com\/blog\/wp-content\/uploads\/2023\/09\/iNFRA_5-e1761735885940.png\",\"contentUrl\":\"https:\/\/agenciainfra.com\/blog\/wp-content\/uploads\/2023\/09\/iNFRA_5-e1761735885940.png\",\"width\":1672,\"height\":454,\"caption\":\"Ag\u00eancia iNFRA\"},\"image\":{\"@id\":\"https:\/\/agenciainfra.com\/blog\/#\/schema\/logo\/image\/\"},\"sameAs\":[\"https:\/\/www.facebook.com\/ageninfra\",\"https:\/\/x.com\/agencia_infra\",\"https:\/\/www.linkedin.com\/company\/ag\u00eanciainfra\/\",\"https:\/\/www.instagram.com\/agenciainfra\/\"]},{\"@type\":\"Person\",\"@id\":\"https:\/\/agenciainfra.com\/blog\/#\/schema\/person\/34af08dff6adea4cb22b06612ba7acfa\",\"name\":\"Ag\u00eancia iNFRA\",\"image\":{\"@type\":\"ImageObject\",\"inLanguage\":\"pt-BR\",\"@id\":\"https:\/\/agenciainfra.com\/blog\/#\/schema\/person\/image\/\",\"url\":\"https:\/\/secure.gravatar.com\/avatar\/d189e01678f06d8eb84d4e01f08eb848b3fffe3f8443818d3c356c66892f5be8?s=96&d=mm&r=g\",\"contentUrl\":\"https:\/\/secure.gravatar.com\/avatar\/d189e01678f06d8eb84d4e01f08eb848b3fffe3f8443818d3c356c66892f5be8?s=96&d=mm&r=g\",\"caption\":\"Ag\u00eancia iNFRA\"},\"url\":\"https:\/\/agenciainfra.com\/blog\/author\/admin\/\"}]}<\/script>\n<!-- \/ Yoast SEO Premium plugin. -->","yoast_head_json":{"title":"Sem vetos, MP 1.304 pode prejudicar transi\u00e7\u00e3o energ\u00e9tica - Ag\u00eancia iNFRA","robots":{"index":"index","follow":"follow","max-snippet":"max-snippet:-1","max-image-preview":"max-image-preview:large","max-video-preview":"max-video-preview:-1"},"canonical":"https:\/\/agenciainfra.com\/blog\/sem-vetos-mp-1-304-pode-prejudicar-transicao-energetica\/","og_locale":"pt_BR","og_type":"article","og_title":"Sem vetos, MP 1.304 pode prejudicar transi\u00e7\u00e3o energ\u00e9tica","og_description":"Apresentado por Abradee Presidente da Abradee ressalta necessidade de avalia\u00e7\u00f5es de impactos que podem gerar distor\u00e7\u00f5es e aumentar custos para o consumidor. O texto aprovado pelo Congresso Nacional no \u00e2mbito da Medida Provis\u00f3ria 1.304 ressaltou o dilema que vive o setor el\u00e9trico nacional: ao mesmo tempo que o Brasil tem a oportunidade de realizar, nos [&hellip;]","og_url":"https:\/\/agenciainfra.com\/blog\/sem-vetos-mp-1-304-pode-prejudicar-transicao-energetica\/","og_site_name":"Ag\u00eancia iNFRA","article_publisher":"https:\/\/www.facebook.com\/ageninfra","article_published_time":"2025-11-19T21:33:45+00:00","article_modified_time":"2025-11-24T15:30:23+00:00","og_image":[{"width":1280,"height":720,"url":"https:\/\/agenciainfra.com\/blog\/wp-content\/uploads\/2025\/11\/Foto-Abradee.jpeg","type":"image\/jpeg"}],"author":"Ag\u00eancia iNFRA","twitter_card":"summary_large_image","twitter_creator":"@agencia_infra","twitter_site":"@agencia_infra","twitter_misc":{"Escrito por":"Ag\u00eancia iNFRA","Est. tempo de leitura":"4 minutos"},"schema":{"@context":"https:\/\/schema.org","@graph":[{"@type":"Article","@id":"https:\/\/agenciainfra.com\/blog\/sem-vetos-mp-1-304-pode-prejudicar-transicao-energetica\/#article","isPartOf":{"@id":"https:\/\/agenciainfra.com\/blog\/sem-vetos-mp-1-304-pode-prejudicar-transicao-energetica\/"},"author":{"name":"Ag\u00eancia iNFRA","@id":"https:\/\/agenciainfra.com\/blog\/#\/schema\/person\/34af08dff6adea4cb22b06612ba7acfa"},"headline":"Sem vetos, MP 1.304 pode prejudicar transi\u00e7\u00e3o energ\u00e9tica","datePublished":"2025-11-19T21:33:45+00:00","dateModified":"2025-11-24T15:30:23+00:00","mainEntityOfPage":{"@id":"https:\/\/agenciainfra.com\/blog\/sem-vetos-mp-1-304-pode-prejudicar-transicao-energetica\/"},"wordCount":873,"publisher":{"@id":"https:\/\/agenciainfra.com\/blog\/#organization"},"image":{"@id":"https:\/\/agenciainfra.com\/blog\/sem-vetos-mp-1-304-pode-prejudicar-transicao-energetica\/#primaryimage"},"thumbnailUrl":"https:\/\/agenciainfra.com\/blog\/wp-content\/uploads\/2025\/11\/Foto-Abradee.jpeg","keywords":["Abradee","Luiz Eduardo Barata","Marcos Madureira","MP 1.304","Nivalde de Castro","Setor El\u00e9trico","transi\u00e7\u00e3o energ\u00e9tica"],"articleSection":["Conte\u00fado Patrocinado","iNFRAEnergia"],"inLanguage":"pt-BR","copyrightYear":"2025","copyrightHolder":{"@id":"https:\/\/agenciainfra.com\/blog\/#organization"}},{"@type":"WebPage","@id":"https:\/\/agenciainfra.com\/blog\/sem-vetos-mp-1-304-pode-prejudicar-transicao-energetica\/","url":"https:\/\/agenciainfra.com\/blog\/sem-vetos-mp-1-304-pode-prejudicar-transicao-energetica\/","name":"Sem vetos, MP 1.304 pode prejudicar transi\u00e7\u00e3o energ\u00e9tica - Ag\u00eancia iNFRA","isPartOf":{"@id":"https:\/\/agenciainfra.com\/blog\/#website"},"primaryImageOfPage":{"@id":"https:\/\/agenciainfra.com\/blog\/sem-vetos-mp-1-304-pode-prejudicar-transicao-energetica\/#primaryimage"},"image":{"@id":"https:\/\/agenciainfra.com\/blog\/sem-vetos-mp-1-304-pode-prejudicar-transicao-energetica\/#primaryimage"},"thumbnailUrl":"https:\/\/agenciainfra.com\/blog\/wp-content\/uploads\/2025\/11\/Foto-Abradee.jpeg","datePublished":"2025-11-19T21:33:45+00:00","dateModified":"2025-11-24T15:30:23+00:00","breadcrumb":{"@id":"https:\/\/agenciainfra.com\/blog\/sem-vetos-mp-1-304-pode-prejudicar-transicao-energetica\/#breadcrumb"},"inLanguage":"pt-BR","potentialAction":[{"@type":"ReadAction","target":["https:\/\/agenciainfra.com\/blog\/sem-vetos-mp-1-304-pode-prejudicar-transicao-energetica\/"]}]},{"@type":"ImageObject","inLanguage":"pt-BR","@id":"https:\/\/agenciainfra.com\/blog\/sem-vetos-mp-1-304-pode-prejudicar-transicao-energetica\/#primaryimage","url":"https:\/\/agenciainfra.com\/blog\/wp-content\/uploads\/2025\/11\/Foto-Abradee.jpeg","contentUrl":"https:\/\/agenciainfra.com\/blog\/wp-content\/uploads\/2025\/11\/Foto-Abradee.jpeg","width":1280,"height":720,"caption":"Foto: Abradee"},{"@type":"BreadcrumbList","@id":"https:\/\/agenciainfra.com\/blog\/sem-vetos-mp-1-304-pode-prejudicar-transicao-energetica\/#breadcrumb","itemListElement":[{"@type":"ListItem","position":1,"name":"In\u00edcio","item":"https:\/\/agenciainfra.com\/blog\/"},{"@type":"ListItem","position":2,"name":"Sem vetos, MP 1.304 pode prejudicar transi\u00e7\u00e3o energ\u00e9tica"}]},{"@type":"WebSite","@id":"https:\/\/agenciainfra.com\/blog\/#website","url":"https:\/\/agenciainfra.com\/blog\/","name":"Ag\u00eancia iNFRA","description":"Multiplataforma de informa\u00e7\u00e3o jornal\u00edstica refer\u00eancia na \u00e1rea de infraestrutura no Brasil!","publisher":{"@id":"https:\/\/agenciainfra.com\/blog\/#organization"},"potentialAction":[{"@type":"SearchAction","target":{"@type":"EntryPoint","urlTemplate":"https:\/\/agenciainfra.com\/blog\/?s={search_term_string}"},"query-input":{"@type":"PropertyValueSpecification","valueRequired":true,"valueName":"search_term_string"}}],"inLanguage":"pt-BR"},{"@type":"Organization","@id":"https:\/\/agenciainfra.com\/blog\/#organization","name":"Ag\u00eancia iNFRA","url":"https:\/\/agenciainfra.com\/blog\/","logo":{"@type":"ImageObject","inLanguage":"pt-BR","@id":"https:\/\/agenciainfra.com\/blog\/#\/schema\/logo\/image\/","url":"https:\/\/agenciainfra.com\/blog\/wp-content\/uploads\/2023\/09\/iNFRA_5-e1761735885940.png","contentUrl":"https:\/\/agenciainfra.com\/blog\/wp-content\/uploads\/2023\/09\/iNFRA_5-e1761735885940.png","width":1672,"height":454,"caption":"Ag\u00eancia iNFRA"},"image":{"@id":"https:\/\/agenciainfra.com\/blog\/#\/schema\/logo\/image\/"},"sameAs":["https:\/\/www.facebook.com\/ageninfra","https:\/\/x.com\/agencia_infra","https:\/\/www.linkedin.com\/company\/ag\u00eanciainfra\/","https:\/\/www.instagram.com\/agenciainfra\/"]},{"@type":"Person","@id":"https:\/\/agenciainfra.com\/blog\/#\/schema\/person\/34af08dff6adea4cb22b06612ba7acfa","name":"Ag\u00eancia iNFRA","image":{"@type":"ImageObject","inLanguage":"pt-BR","@id":"https:\/\/agenciainfra.com\/blog\/#\/schema\/person\/image\/","url":"https:\/\/secure.gravatar.com\/avatar\/d189e01678f06d8eb84d4e01f08eb848b3fffe3f8443818d3c356c66892f5be8?s=96&d=mm&r=g","contentUrl":"https:\/\/secure.gravatar.com\/avatar\/d189e01678f06d8eb84d4e01f08eb848b3fffe3f8443818d3c356c66892f5be8?s=96&d=mm&r=g","caption":"Ag\u00eancia iNFRA"},"url":"https:\/\/agenciainfra.com\/blog\/author\/admin\/"}]}},"_links":{"self":[{"href":"https:\/\/agenciainfra.com\/blog\/wp-json\/wp\/v2\/posts\/32492","targetHints":{"allow":["GET"]}}],"collection":[{"href":"https:\/\/agenciainfra.com\/blog\/wp-json\/wp\/v2\/posts"}],"about":[{"href":"https:\/\/agenciainfra.com\/blog\/wp-json\/wp\/v2\/types\/post"}],"author":[{"embeddable":true,"href":"https:\/\/agenciainfra.com\/blog\/wp-json\/wp\/v2\/users\/1"}],"replies":[{"embeddable":true,"href":"https:\/\/agenciainfra.com\/blog\/wp-json\/wp\/v2\/comments?post=32492"}],"version-history":[{"count":2,"href":"https:\/\/agenciainfra.com\/blog\/wp-json\/wp\/v2\/posts\/32492\/revisions"}],"predecessor-version":[{"id":32521,"href":"https:\/\/agenciainfra.com\/blog\/wp-json\/wp\/v2\/posts\/32492\/revisions\/32521"}],"wp:featuredmedia":[{"embeddable":true,"href":"https:\/\/agenciainfra.com\/blog\/wp-json\/wp\/v2\/media\/32529"}],"wp:attachment":[{"href":"https:\/\/agenciainfra.com\/blog\/wp-json\/wp\/v2\/media?parent=32492"}],"wp:term":[{"taxonomy":"category","embeddable":true,"href":"https:\/\/agenciainfra.com\/blog\/wp-json\/wp\/v2\/categories?post=32492"},{"taxonomy":"post_tag","embeddable":true,"href":"https:\/\/agenciainfra.com\/blog\/wp-json\/wp\/v2\/tags?post=32492"}],"curies":[{"name":"wp","href":"https:\/\/api.w.org\/{rel}","templated":true}]}}