{"id":32533,"date":"2025-11-19T20:05:42","date_gmt":"2025-11-19T23:05:42","guid":{"rendered":"https:\/\/agenciainfra.com\/blog\/?p=32533"},"modified":"2025-11-19T20:16:37","modified_gmt":"2025-11-19T23:16:37","slug":"cortes-de-gd-abragel-alerta-para-impactos-do-plano-emergencial-do-ons","status":"publish","type":"post","link":"https:\/\/agenciainfra.com\/blog\/cortes-de-gd-abragel-alerta-para-impactos-do-plano-emergencial-do-ons\/","title":{"rendered":"Cortes de GD: Abragel alerta para impactos do plano emergencial do ONS"},"content":{"rendered":"\n<p class=\"has-text-align-right\"><strong>da Ag\u00eancia iNFRA<\/strong><\/p>\n\n\n\n<p>A Abragel (Associa\u00e7\u00e3o Brasileira de Gera\u00e7\u00e3o de Energia Limpa), que representa 293 agentes de gera\u00e7\u00e3o de CGHs (Centrais Geradoras Hidrel\u00e9tricas), PCHs (Pequenas Centrais Hidrel\u00e9tricas) e UHEs (Usinas Hidrel\u00e9tricas) de at\u00e9 50 MW (megawatts) \u2013 respons\u00e1veis por cerca de 73% da capacidade instalada desse segmento no pa\u00eds \u2013 divulgou nota manifestando preocupa\u00e7\u00e3o com o Plano Emergencial de Corte de Gera\u00e7\u00e3o na Distribui\u00e7\u00e3o, apresentado pelo ONS (Operador Nacional do Sistema El\u00e9trico), e aprovado pela ANEEL na ter\u00e7a-feira (18).&nbsp;<\/p>\n\n\n\n<p>A Abragel diz reconhecer a gravidade do cen\u00e1rio enfrentado pelo SIN (Sistema Interligado Nacional), marcado por epis\u00f3dios de carga l\u00edquida m\u00ednima e risco \u00e0 estabilidade de frequ\u00eancia e tens\u00e3o, como ocorreu em 4 de maio e 10 de agosto.&nbsp;\u201c\u00c9 compreens\u00edvel a relev\u00e2ncia e a urg\u00eancia das a\u00e7\u00f5es propostas pelo ONS para garantir a confiabilidade e a seguran\u00e7a eletroenerg\u00e9tica do SIN, especialmente frente aos epis\u00f3dios de carga l\u00edquida m\u00ednima e o consequente risco de comprometimento da frequ\u00eancia e tens\u00e3o no sistema\u201d, afirma o posicionamento.<\/p>\n\n\n\n<p>Mas, apesar disso, a entidade aponta preocupa\u00e7\u00e3o com a inclus\u00e3o das usinas \u201ctipo 3\u201d nos mecanismos de curtailment, com cortes a serem executados pelas distribuidoras. Para a associa\u00e7\u00e3o, a medida amea\u00e7a o desenvolvimento de um segmento considerado estrat\u00e9gico para a expans\u00e3o da matriz renov\u00e1vel e para o atendimento \u00e0 demanda crescente.<\/p>\n\n\n\n<p>A Abragel destaca ainda que a implementa\u00e7\u00e3o do plano sem regras claras de operacionaliza\u00e7\u00e3o e sem a valora\u00e7\u00e3o adequada dos servi\u00e7os ancilares prestados por essas usinas cria riscos regulat\u00f3rios e financeiros com potencial de:<\/p>\n\n\n\n<ol class=\"wp-block-list\">\n<li>Comprometer a viabilidade econ\u00f4mica de empreendimentos j\u00e1 pressionados por margens reduzidas e desafios regulat\u00f3rios e de licenciamento;<br><\/li>\n\n\n\n<li>Aumentar custos de manuten\u00e7\u00e3o dos equipamentos, devido ao maior n\u00famero de partidas e paradas nas unidades geradoras;<br><\/li>\n\n\n\n<li>Penalizar indevidamente pequenas hidrel\u00e9tricas que contribuem para a estabilidade do sistema, e que segundo a entidade, n\u00e3o s\u00e3o respons\u00e1veis pelo atual problema \u201cque hoje est\u00e1 sendo causado pela expans\u00e3o exponencial e indefinida da MMGD [micro e minigera\u00e7\u00e3o distribu\u00edda];<br><\/li>\n\n\n\n<li>Desestimular novos investimentos; e<br><\/li>\n\n\n\n<li>Fragilizar pol\u00edticas p\u00fablicas de est\u00edmulo \u00e0 expans\u00e3o da gera\u00e7\u00e3o renov\u00e1vel via hidrel\u00e9tricas.<br><\/li>\n<\/ol>\n\n\n\n<p>A associa\u00e7\u00e3o lembra que o MME j\u00e1 indicou que eventuais cortes motivados por limita\u00e7\u00f5es de planejamento do poder p\u00fablico devem abrir espa\u00e7o para discutir mecanismos de compensa\u00e7\u00e3o aos geradores, diferenciando esses casos do risco natural de mercado por baixa demanda. Para a Abragel, isso \u00e9 especialmente importante porque as usinas at\u00e9 50 MW s\u00e3o fontes renov\u00e1veis e est\u00e1veis e n\u00e3o deveriam ser penalizadas por problemas estruturais fora do seu controle.<\/p>\n\n\n\n<p>A entidade tamb\u00e9m reiterou sua posi\u00e7\u00e3o durante a reuni\u00e3o de diretoria da ANEEL na ter\u00e7a-feira (18), defendendo que qualquer solu\u00e7\u00e3o regulat\u00f3ria seja debatida por meio de consulta p\u00fablica, acompanhada de an\u00e1lise de impacto regulat\u00f3rio e considera\u00e7\u00e3o dos efeitos financeiros para os agentes.<\/p>\n\n\n\n<p>A Abragel refor\u00e7a ainda o papel estrat\u00e9gico das PCHs na modula\u00e7\u00e3o da energia e na \u201cresposta r\u00e1pida em situa\u00e7\u00f5es cr\u00edticas de opera\u00e7\u00e3o do SIN\u201d. Por isso, avalia que altera\u00e7\u00f5es compuls\u00f3rias no regime de opera\u00e7\u00e3o desse segmento devem ser precedidas de amplo debate t\u00e9cnico. <\/p>\n\n\n\n<p>\u201cQualquer decis\u00e3o que possa impor cortes compuls\u00f3rios ou alterar o regime de opera\u00e7\u00e3o dessas usinas deveria ser precedida de processo transparente de participa\u00e7\u00e3o e de amplo debate t\u00e9cnico com os agentes afetados, garantindo seguran\u00e7a jur\u00eddica e transpar\u00eancia na tomada de decis\u00e3o, considerando o impacto do tema sobre direitos e obriga\u00e7\u00f5es de agentes setoriais\u201d, concluiu.<\/p>\n\n\n\n<p><\/p>\n","protected":false},"excerpt":{"rendered":"<p>da Ag\u00eancia iNFRA A Abragel (Associa\u00e7\u00e3o Brasileira de Gera\u00e7\u00e3o de Energia Limpa), que representa 293 agentes de gera\u00e7\u00e3o de CGHs (Centrais Geradoras Hidrel\u00e9tricas), PCHs (Pequenas Centrais Hidrel\u00e9tricas) e UHEs (Usinas Hidrel\u00e9tricas) de at\u00e9 50 MW (megawatts) \u2013 respons\u00e1veis por cerca de 73% da capacidade instalada desse segmento no pa\u00eds \u2013 divulgou nota manifestando preocupa\u00e7\u00e3o com [&hellip;]<\/p>\n","protected":false},"author":1,"featured_media":24696,"comment_status":"closed","ping_status":"closed","sticky":false,"template":"","format":"standard","meta":{"_monsterinsights_skip_tracking":false,"_monsterinsights_sitenote_active":false,"_monsterinsights_sitenote_note":"","_monsterinsights_sitenote_category":0,"footnotes":""},"categories":[13576],"tags":[324,53,16537,17047,11474,71,827,11421,3274,17048,3360,11435,15802],"class_list":["post-32533","post","type-post","status-publish","format-standard","has-post-thumbnail","hentry","category-giro-infra","tag-abragel","tag-aneel","tag-cghs","tag-cortes-de-geracao-distribuida","tag-curtailment","tag-mme","tag-operador-nacional-do-sistema-eletrico","tag-pchs","tag-pequenas-centrais-hidreletricas","tag-plano-emergencial-de-corte-de-geracao-na-distribuicao","tag-sin","tag-uhes","tag-usinas-tipo-3"],"yoast_head":"<!-- This site is optimized with the Yoast SEO Premium plugin v25.4 (Yoast SEO v26.0) - https:\/\/yoast.com\/wordpress\/plugins\/seo\/ -->\n<title>Cortes de GD: Abragel alerta para impactos do plano emergencial do ONS - Ag\u00eancia iNFRA<\/title>\n<meta name=\"robots\" content=\"index, follow, max-snippet:-1, max-image-preview:large, max-video-preview:-1\" \/>\n<link rel=\"canonical\" href=\"https:\/\/agenciainfra.com\/blog\/cortes-de-gd-abragel-alerta-para-impactos-do-plano-emergencial-do-ons\/\" \/>\n<meta property=\"og:locale\" content=\"pt_BR\" \/>\n<meta property=\"og:type\" content=\"article\" \/>\n<meta property=\"og:title\" content=\"Cortes de GD: Abragel alerta para impactos do plano emergencial do ONS\" \/>\n<meta property=\"og:description\" content=\"da Ag\u00eancia iNFRA A Abragel (Associa\u00e7\u00e3o Brasileira de Gera\u00e7\u00e3o de Energia Limpa), que representa 293 agentes de gera\u00e7\u00e3o de CGHs (Centrais Geradoras Hidrel\u00e9tricas), PCHs (Pequenas Centrais Hidrel\u00e9tricas) e UHEs (Usinas Hidrel\u00e9tricas) de at\u00e9 50 MW (megawatts) \u2013 respons\u00e1veis por cerca de 73% da capacidade instalada desse segmento no pa\u00eds \u2013 divulgou nota manifestando preocupa\u00e7\u00e3o com [&hellip;]\" \/>\n<meta property=\"og:url\" content=\"https:\/\/agenciainfra.com\/blog\/cortes-de-gd-abragel-alerta-para-impactos-do-plano-emergencial-do-ons\/\" \/>\n<meta property=\"og:site_name\" content=\"Ag\u00eancia iNFRA\" \/>\n<meta property=\"article:publisher\" content=\"https:\/\/www.facebook.com\/ageninfra\" \/>\n<meta property=\"article:published_time\" content=\"2025-11-19T23:05:42+00:00\" \/>\n<meta property=\"article:modified_time\" content=\"2025-11-19T23:16:37+00:00\" \/>\n<meta property=\"og:image\" content=\"https:\/\/agenciainfra.com\/blog\/wp-content\/uploads\/2025\/07\/pch-martins-foto-cemig-1.jpg\" \/>\n\t<meta property=\"og:image:width\" content=\"1280\" \/>\n\t<meta property=\"og:image:height\" content=\"720\" \/>\n\t<meta property=\"og:image:type\" content=\"image\/jpeg\" \/>\n<meta name=\"author\" content=\"Ag\u00eancia iNFRA\" \/>\n<meta name=\"twitter:card\" content=\"summary_large_image\" \/>\n<meta name=\"twitter:creator\" content=\"@agencia_infra\" \/>\n<meta name=\"twitter:site\" content=\"@agencia_infra\" \/>\n<meta name=\"twitter:label1\" content=\"Escrito por\" \/>\n\t<meta name=\"twitter:data1\" content=\"Ag\u00eancia iNFRA\" \/>\n\t<meta name=\"twitter:label2\" content=\"Est. tempo de leitura\" \/>\n\t<meta name=\"twitter:data2\" content=\"3 minutos\" \/>\n<script type=\"application\/ld+json\" class=\"yoast-schema-graph\">{\"@context\":\"https:\/\/schema.org\",\"@graph\":[{\"@type\":\"Article\",\"@id\":\"https:\/\/agenciainfra.com\/blog\/cortes-de-gd-abragel-alerta-para-impactos-do-plano-emergencial-do-ons\/#article\",\"isPartOf\":{\"@id\":\"https:\/\/agenciainfra.com\/blog\/cortes-de-gd-abragel-alerta-para-impactos-do-plano-emergencial-do-ons\/\"},\"author\":{\"name\":\"Ag\u00eancia iNFRA\",\"@id\":\"https:\/\/agenciainfra.com\/blog\/#\/schema\/person\/34af08dff6adea4cb22b06612ba7acfa\"},\"headline\":\"Cortes de GD: Abragel alerta para impactos do plano emergencial do ONS\",\"datePublished\":\"2025-11-19T23:05:42+00:00\",\"dateModified\":\"2025-11-19T23:16:37+00:00\",\"mainEntityOfPage\":{\"@id\":\"https:\/\/agenciainfra.com\/blog\/cortes-de-gd-abragel-alerta-para-impactos-do-plano-emergencial-do-ons\/\"},\"wordCount\":644,\"publisher\":{\"@id\":\"https:\/\/agenciainfra.com\/blog\/#organization\"},\"image\":{\"@id\":\"https:\/\/agenciainfra.com\/blog\/cortes-de-gd-abragel-alerta-para-impactos-do-plano-emergencial-do-ons\/#primaryimage\"},\"thumbnailUrl\":\"https:\/\/agenciainfra.com\/blog\/wp-content\/uploads\/2025\/07\/pch-martins-foto-cemig-1.jpg\",\"keywords\":[\"Abragel\",\"ANEEL\",\"CGHs\",\"cortes de gera\u00e7\u00e3o distribu\u00edda\",\"curtailment\",\"MME\",\"Operador Nacional do Sistema El\u00e9trico\",\"PCHs\",\"pequenas centrais hidrel\u00e9tricas\",\"Plano Emergencial de Corte de Gera\u00e7\u00e3o na Distribui\u00e7\u00e3o\",\"SIN\",\"UHEs\",\"usinas tipo 3\"],\"articleSection\":[\"Giro iNFRA\"],\"inLanguage\":\"pt-BR\",\"copyrightYear\":\"2025\",\"copyrightHolder\":{\"@id\":\"https:\/\/agenciainfra.com\/blog\/#organization\"}},{\"@type\":\"WebPage\",\"@id\":\"https:\/\/agenciainfra.com\/blog\/cortes-de-gd-abragel-alerta-para-impactos-do-plano-emergencial-do-ons\/\",\"url\":\"https:\/\/agenciainfra.com\/blog\/cortes-de-gd-abragel-alerta-para-impactos-do-plano-emergencial-do-ons\/\",\"name\":\"Cortes de GD: Abragel alerta para impactos do plano emergencial do ONS - Ag\u00eancia iNFRA\",\"isPartOf\":{\"@id\":\"https:\/\/agenciainfra.com\/blog\/#website\"},\"primaryImageOfPage\":{\"@id\":\"https:\/\/agenciainfra.com\/blog\/cortes-de-gd-abragel-alerta-para-impactos-do-plano-emergencial-do-ons\/#primaryimage\"},\"image\":{\"@id\":\"https:\/\/agenciainfra.com\/blog\/cortes-de-gd-abragel-alerta-para-impactos-do-plano-emergencial-do-ons\/#primaryimage\"},\"thumbnailUrl\":\"https:\/\/agenciainfra.com\/blog\/wp-content\/uploads\/2025\/07\/pch-martins-foto-cemig-1.jpg\",\"datePublished\":\"2025-11-19T23:05:42+00:00\",\"dateModified\":\"2025-11-19T23:16:37+00:00\",\"breadcrumb\":{\"@id\":\"https:\/\/agenciainfra.com\/blog\/cortes-de-gd-abragel-alerta-para-impactos-do-plano-emergencial-do-ons\/#breadcrumb\"},\"inLanguage\":\"pt-BR\",\"potentialAction\":[{\"@type\":\"ReadAction\",\"target\":[\"https:\/\/agenciainfra.com\/blog\/cortes-de-gd-abragel-alerta-para-impactos-do-plano-emergencial-do-ons\/\"]}]},{\"@type\":\"ImageObject\",\"inLanguage\":\"pt-BR\",\"@id\":\"https:\/\/agenciainfra.com\/blog\/cortes-de-gd-abragel-alerta-para-impactos-do-plano-emergencial-do-ons\/#primaryimage\",\"url\":\"https:\/\/agenciainfra.com\/blog\/wp-content\/uploads\/2025\/07\/pch-martins-foto-cemig-1.jpg\",\"contentUrl\":\"https:\/\/agenciainfra.com\/blog\/wp-content\/uploads\/2025\/07\/pch-martins-foto-cemig-1.jpg\",\"width\":1280,\"height\":720,\"caption\":\"Foto: Cemig\"},{\"@type\":\"BreadcrumbList\",\"@id\":\"https:\/\/agenciainfra.com\/blog\/cortes-de-gd-abragel-alerta-para-impactos-do-plano-emergencial-do-ons\/#breadcrumb\",\"itemListElement\":[{\"@type\":\"ListItem\",\"position\":1,\"name\":\"In\u00edcio\",\"item\":\"https:\/\/agenciainfra.com\/blog\/\"},{\"@type\":\"ListItem\",\"position\":2,\"name\":\"Cortes de GD: Abragel alerta para impactos do plano emergencial do ONS\"}]},{\"@type\":\"WebSite\",\"@id\":\"https:\/\/agenciainfra.com\/blog\/#website\",\"url\":\"https:\/\/agenciainfra.com\/blog\/\",\"name\":\"Ag\u00eancia iNFRA\",\"description\":\"Multiplataforma de informa\u00e7\u00e3o jornal\u00edstica refer\u00eancia na \u00e1rea de infraestrutura no Brasil!\",\"publisher\":{\"@id\":\"https:\/\/agenciainfra.com\/blog\/#organization\"},\"potentialAction\":[{\"@type\":\"SearchAction\",\"target\":{\"@type\":\"EntryPoint\",\"urlTemplate\":\"https:\/\/agenciainfra.com\/blog\/?s={search_term_string}\"},\"query-input\":{\"@type\":\"PropertyValueSpecification\",\"valueRequired\":true,\"valueName\":\"search_term_string\"}}],\"inLanguage\":\"pt-BR\"},{\"@type\":\"Organization\",\"@id\":\"https:\/\/agenciainfra.com\/blog\/#organization\",\"name\":\"Ag\u00eancia iNFRA\",\"url\":\"https:\/\/agenciainfra.com\/blog\/\",\"logo\":{\"@type\":\"ImageObject\",\"inLanguage\":\"pt-BR\",\"@id\":\"https:\/\/agenciainfra.com\/blog\/#\/schema\/logo\/image\/\",\"url\":\"https:\/\/agenciainfra.com\/blog\/wp-content\/uploads\/2023\/09\/iNFRA_5-e1761735885940.png\",\"contentUrl\":\"https:\/\/agenciainfra.com\/blog\/wp-content\/uploads\/2023\/09\/iNFRA_5-e1761735885940.png\",\"width\":1672,\"height\":454,\"caption\":\"Ag\u00eancia iNFRA\"},\"image\":{\"@id\":\"https:\/\/agenciainfra.com\/blog\/#\/schema\/logo\/image\/\"},\"sameAs\":[\"https:\/\/www.facebook.com\/ageninfra\",\"https:\/\/x.com\/agencia_infra\",\"https:\/\/www.linkedin.com\/company\/ag\u00eanciainfra\/\",\"https:\/\/www.instagram.com\/agenciainfra\/\"]},{\"@type\":\"Person\",\"@id\":\"https:\/\/agenciainfra.com\/blog\/#\/schema\/person\/34af08dff6adea4cb22b06612ba7acfa\",\"name\":\"Ag\u00eancia iNFRA\",\"image\":{\"@type\":\"ImageObject\",\"inLanguage\":\"pt-BR\",\"@id\":\"https:\/\/agenciainfra.com\/blog\/#\/schema\/person\/image\/\",\"url\":\"https:\/\/secure.gravatar.com\/avatar\/d189e01678f06d8eb84d4e01f08eb848b3fffe3f8443818d3c356c66892f5be8?s=96&d=mm&r=g\",\"contentUrl\":\"https:\/\/secure.gravatar.com\/avatar\/d189e01678f06d8eb84d4e01f08eb848b3fffe3f8443818d3c356c66892f5be8?s=96&d=mm&r=g\",\"caption\":\"Ag\u00eancia iNFRA\"},\"url\":\"https:\/\/agenciainfra.com\/blog\/author\/admin\/\"}]}<\/script>\n<!-- \/ Yoast SEO Premium plugin. -->","yoast_head_json":{"title":"Cortes de GD: Abragel alerta para impactos do plano emergencial do ONS - Ag\u00eancia iNFRA","robots":{"index":"index","follow":"follow","max-snippet":"max-snippet:-1","max-image-preview":"max-image-preview:large","max-video-preview":"max-video-preview:-1"},"canonical":"https:\/\/agenciainfra.com\/blog\/cortes-de-gd-abragel-alerta-para-impactos-do-plano-emergencial-do-ons\/","og_locale":"pt_BR","og_type":"article","og_title":"Cortes de GD: Abragel alerta para impactos do plano emergencial do ONS","og_description":"da Ag\u00eancia iNFRA A Abragel (Associa\u00e7\u00e3o Brasileira de Gera\u00e7\u00e3o de Energia Limpa), que representa 293 agentes de gera\u00e7\u00e3o de CGHs (Centrais Geradoras Hidrel\u00e9tricas), PCHs (Pequenas Centrais Hidrel\u00e9tricas) e UHEs (Usinas Hidrel\u00e9tricas) de at\u00e9 50 MW (megawatts) \u2013 respons\u00e1veis por cerca de 73% da capacidade instalada desse segmento no pa\u00eds \u2013 divulgou nota manifestando preocupa\u00e7\u00e3o com [&hellip;]","og_url":"https:\/\/agenciainfra.com\/blog\/cortes-de-gd-abragel-alerta-para-impactos-do-plano-emergencial-do-ons\/","og_site_name":"Ag\u00eancia iNFRA","article_publisher":"https:\/\/www.facebook.com\/ageninfra","article_published_time":"2025-11-19T23:05:42+00:00","article_modified_time":"2025-11-19T23:16:37+00:00","og_image":[{"width":1280,"height":720,"url":"https:\/\/agenciainfra.com\/blog\/wp-content\/uploads\/2025\/07\/pch-martins-foto-cemig-1.jpg","type":"image\/jpeg"}],"author":"Ag\u00eancia iNFRA","twitter_card":"summary_large_image","twitter_creator":"@agencia_infra","twitter_site":"@agencia_infra","twitter_misc":{"Escrito por":"Ag\u00eancia iNFRA","Est. tempo de leitura":"3 minutos"},"schema":{"@context":"https:\/\/schema.org","@graph":[{"@type":"Article","@id":"https:\/\/agenciainfra.com\/blog\/cortes-de-gd-abragel-alerta-para-impactos-do-plano-emergencial-do-ons\/#article","isPartOf":{"@id":"https:\/\/agenciainfra.com\/blog\/cortes-de-gd-abragel-alerta-para-impactos-do-plano-emergencial-do-ons\/"},"author":{"name":"Ag\u00eancia iNFRA","@id":"https:\/\/agenciainfra.com\/blog\/#\/schema\/person\/34af08dff6adea4cb22b06612ba7acfa"},"headline":"Cortes de GD: Abragel alerta para impactos do plano emergencial do ONS","datePublished":"2025-11-19T23:05:42+00:00","dateModified":"2025-11-19T23:16:37+00:00","mainEntityOfPage":{"@id":"https:\/\/agenciainfra.com\/blog\/cortes-de-gd-abragel-alerta-para-impactos-do-plano-emergencial-do-ons\/"},"wordCount":644,"publisher":{"@id":"https:\/\/agenciainfra.com\/blog\/#organization"},"image":{"@id":"https:\/\/agenciainfra.com\/blog\/cortes-de-gd-abragel-alerta-para-impactos-do-plano-emergencial-do-ons\/#primaryimage"},"thumbnailUrl":"https:\/\/agenciainfra.com\/blog\/wp-content\/uploads\/2025\/07\/pch-martins-foto-cemig-1.jpg","keywords":["Abragel","ANEEL","CGHs","cortes de gera\u00e7\u00e3o distribu\u00edda","curtailment","MME","Operador Nacional do Sistema El\u00e9trico","PCHs","pequenas centrais hidrel\u00e9tricas","Plano Emergencial de Corte de Gera\u00e7\u00e3o na Distribui\u00e7\u00e3o","SIN","UHEs","usinas tipo 3"],"articleSection":["Giro iNFRA"],"inLanguage":"pt-BR","copyrightYear":"2025","copyrightHolder":{"@id":"https:\/\/agenciainfra.com\/blog\/#organization"}},{"@type":"WebPage","@id":"https:\/\/agenciainfra.com\/blog\/cortes-de-gd-abragel-alerta-para-impactos-do-plano-emergencial-do-ons\/","url":"https:\/\/agenciainfra.com\/blog\/cortes-de-gd-abragel-alerta-para-impactos-do-plano-emergencial-do-ons\/","name":"Cortes de GD: Abragel alerta para impactos do plano emergencial do ONS - Ag\u00eancia iNFRA","isPartOf":{"@id":"https:\/\/agenciainfra.com\/blog\/#website"},"primaryImageOfPage":{"@id":"https:\/\/agenciainfra.com\/blog\/cortes-de-gd-abragel-alerta-para-impactos-do-plano-emergencial-do-ons\/#primaryimage"},"image":{"@id":"https:\/\/agenciainfra.com\/blog\/cortes-de-gd-abragel-alerta-para-impactos-do-plano-emergencial-do-ons\/#primaryimage"},"thumbnailUrl":"https:\/\/agenciainfra.com\/blog\/wp-content\/uploads\/2025\/07\/pch-martins-foto-cemig-1.jpg","datePublished":"2025-11-19T23:05:42+00:00","dateModified":"2025-11-19T23:16:37+00:00","breadcrumb":{"@id":"https:\/\/agenciainfra.com\/blog\/cortes-de-gd-abragel-alerta-para-impactos-do-plano-emergencial-do-ons\/#breadcrumb"},"inLanguage":"pt-BR","potentialAction":[{"@type":"ReadAction","target":["https:\/\/agenciainfra.com\/blog\/cortes-de-gd-abragel-alerta-para-impactos-do-plano-emergencial-do-ons\/"]}]},{"@type":"ImageObject","inLanguage":"pt-BR","@id":"https:\/\/agenciainfra.com\/blog\/cortes-de-gd-abragel-alerta-para-impactos-do-plano-emergencial-do-ons\/#primaryimage","url":"https:\/\/agenciainfra.com\/blog\/wp-content\/uploads\/2025\/07\/pch-martins-foto-cemig-1.jpg","contentUrl":"https:\/\/agenciainfra.com\/blog\/wp-content\/uploads\/2025\/07\/pch-martins-foto-cemig-1.jpg","width":1280,"height":720,"caption":"Foto: Cemig"},{"@type":"BreadcrumbList","@id":"https:\/\/agenciainfra.com\/blog\/cortes-de-gd-abragel-alerta-para-impactos-do-plano-emergencial-do-ons\/#breadcrumb","itemListElement":[{"@type":"ListItem","position":1,"name":"In\u00edcio","item":"https:\/\/agenciainfra.com\/blog\/"},{"@type":"ListItem","position":2,"name":"Cortes de GD: Abragel alerta para impactos do plano emergencial do ONS"}]},{"@type":"WebSite","@id":"https:\/\/agenciainfra.com\/blog\/#website","url":"https:\/\/agenciainfra.com\/blog\/","name":"Ag\u00eancia iNFRA","description":"Multiplataforma de informa\u00e7\u00e3o jornal\u00edstica refer\u00eancia na \u00e1rea de infraestrutura no Brasil!","publisher":{"@id":"https:\/\/agenciainfra.com\/blog\/#organization"},"potentialAction":[{"@type":"SearchAction","target":{"@type":"EntryPoint","urlTemplate":"https:\/\/agenciainfra.com\/blog\/?s={search_term_string}"},"query-input":{"@type":"PropertyValueSpecification","valueRequired":true,"valueName":"search_term_string"}}],"inLanguage":"pt-BR"},{"@type":"Organization","@id":"https:\/\/agenciainfra.com\/blog\/#organization","name":"Ag\u00eancia iNFRA","url":"https:\/\/agenciainfra.com\/blog\/","logo":{"@type":"ImageObject","inLanguage":"pt-BR","@id":"https:\/\/agenciainfra.com\/blog\/#\/schema\/logo\/image\/","url":"https:\/\/agenciainfra.com\/blog\/wp-content\/uploads\/2023\/09\/iNFRA_5-e1761735885940.png","contentUrl":"https:\/\/agenciainfra.com\/blog\/wp-content\/uploads\/2023\/09\/iNFRA_5-e1761735885940.png","width":1672,"height":454,"caption":"Ag\u00eancia iNFRA"},"image":{"@id":"https:\/\/agenciainfra.com\/blog\/#\/schema\/logo\/image\/"},"sameAs":["https:\/\/www.facebook.com\/ageninfra","https:\/\/x.com\/agencia_infra","https:\/\/www.linkedin.com\/company\/ag\u00eanciainfra\/","https:\/\/www.instagram.com\/agenciainfra\/"]},{"@type":"Person","@id":"https:\/\/agenciainfra.com\/blog\/#\/schema\/person\/34af08dff6adea4cb22b06612ba7acfa","name":"Ag\u00eancia iNFRA","image":{"@type":"ImageObject","inLanguage":"pt-BR","@id":"https:\/\/agenciainfra.com\/blog\/#\/schema\/person\/image\/","url":"https:\/\/secure.gravatar.com\/avatar\/d189e01678f06d8eb84d4e01f08eb848b3fffe3f8443818d3c356c66892f5be8?s=96&d=mm&r=g","contentUrl":"https:\/\/secure.gravatar.com\/avatar\/d189e01678f06d8eb84d4e01f08eb848b3fffe3f8443818d3c356c66892f5be8?s=96&d=mm&r=g","caption":"Ag\u00eancia iNFRA"},"url":"https:\/\/agenciainfra.com\/blog\/author\/admin\/"}]}},"_links":{"self":[{"href":"https:\/\/agenciainfra.com\/blog\/wp-json\/wp\/v2\/posts\/32533","targetHints":{"allow":["GET"]}}],"collection":[{"href":"https:\/\/agenciainfra.com\/blog\/wp-json\/wp\/v2\/posts"}],"about":[{"href":"https:\/\/agenciainfra.com\/blog\/wp-json\/wp\/v2\/types\/post"}],"author":[{"embeddable":true,"href":"https:\/\/agenciainfra.com\/blog\/wp-json\/wp\/v2\/users\/1"}],"replies":[{"embeddable":true,"href":"https:\/\/agenciainfra.com\/blog\/wp-json\/wp\/v2\/comments?post=32533"}],"version-history":[{"count":2,"href":"https:\/\/agenciainfra.com\/blog\/wp-json\/wp\/v2\/posts\/32533\/revisions"}],"predecessor-version":[{"id":32535,"href":"https:\/\/agenciainfra.com\/blog\/wp-json\/wp\/v2\/posts\/32533\/revisions\/32535"}],"wp:featuredmedia":[{"embeddable":true,"href":"https:\/\/agenciainfra.com\/blog\/wp-json\/wp\/v2\/media\/24696"}],"wp:attachment":[{"href":"https:\/\/agenciainfra.com\/blog\/wp-json\/wp\/v2\/media?parent=32533"}],"wp:term":[{"taxonomy":"category","embeddable":true,"href":"https:\/\/agenciainfra.com\/blog\/wp-json\/wp\/v2\/categories?post=32533"},{"taxonomy":"post_tag","embeddable":true,"href":"https:\/\/agenciainfra.com\/blog\/wp-json\/wp\/v2\/tags?post=32533"}],"curies":[{"name":"wp","href":"https:\/\/api.w.org\/{rel}","templated":true}]}}