{"id":32594,"date":"2025-11-24T16:28:28","date_gmt":"2025-11-24T19:28:28","guid":{"rendered":"https:\/\/agenciainfra.com\/blog\/?p=32594"},"modified":"2025-11-24T16:28:30","modified_gmt":"2025-11-24T19:28:30","slug":"ana-aprova-norma-de-referencia-para-estrutura-tarifaria-e-tarifa-social","status":"publish","type":"post","link":"https:\/\/agenciainfra.com\/blog\/ana-aprova-norma-de-referencia-para-estrutura-tarifaria-e-tarifa-social\/","title":{"rendered":"ANA aprova norma de refer\u00eancia para estrutura tarif\u00e1ria e Tarifa Social"},"content":{"rendered":"\n<p class=\"has-text-align-right\"><strong>da Ag\u00eancia iNFRA<\/strong><\/p>\n\n\n\n<p>A ANA (Ag\u00eancia Nacional de \u00c1guas e Saneamento B\u00e1sico) aprovou a Norma de Refer\u00eancia n\u00ba 13\/2025, que define regras para a estrutura tarif\u00e1ria e regulamenta a Tarifa Social de \u00c1gua e Esgoto. A medida integra a Agenda Regulat\u00f3ria 2025\u20132026 e atualiza o modelo tarif\u00e1rio do setor, trazendo mais previsibilidade, transpar\u00eancia e seguran\u00e7a jur\u00eddica.<\/p>\n\n\n\n<p>A norma estabelece que a tarifa seja composta por parcela fixa e parcela vari\u00e1vel, com incentivo ao uso racional da \u00e1gua. Tamb\u00e9m define crit\u00e9rios para cobran\u00e7a pela disponibilidade do servi\u00e7o, estimulando a conex\u00e3o de im\u00f3veis \u00e0 rede p\u00fablica.<\/p>\n\n\n\n<p>Al\u00e9m disso, regulamenta a Tarifa Social, utilizando dados do Cad\u00danico (Cadastro \u00danico) e do BPC (Benef\u00edcio de Presta\u00e7\u00e3o Continuada) para identificar benefici\u00e1rios, e prev\u00ea o cofaturamento de outros servi\u00e7os de saneamento, como manejo de res\u00edduos s\u00f3lidos, na mesma fatura de \u00e1gua e esgoto.<\/p>\n\n\n\n<p>Segundo Alexandre Ander\u00e1os, superintendente de Regula\u00e7\u00e3o de Saneamento B\u00e1sico em exerc\u00edcio, a norma promove transpar\u00eancia, previsibilidade e justi\u00e7a tarif\u00e1ria, garantindo prote\u00e7\u00e3o aos usu\u00e1rios e sustentabilidade financeira dos servi\u00e7os.<\/p>\n\n\n\n<p>A NR n\u00ba 13\/2025 tamb\u00e9m incorpora diretrizes da <a href=\"https:\/\/www.planalto.gov.br\/ccivil_03\/_ato2023-2026\/2024\/lei\/L14898.htm\">Lei n\u00ba 14.898\/2024<\/a> e se alinha ao marco legal do saneamento b\u00e1sico, Lei n\u00ba 14.026\/2020, que atribuiu \u00e0 ANA a regula\u00e7\u00e3o dos servi\u00e7os p\u00fablicos de \u00e1gua, esgoto, limpeza urbana, manejo de res\u00edduos e drenagem.<\/p>\n","protected":false},"excerpt":{"rendered":"<p>da Ag\u00eancia iNFRA A ANA (Ag\u00eancia Nacional de \u00c1guas e Saneamento B\u00e1sico) aprovou a Norma de Refer\u00eancia n\u00ba 13\/2025, que define regras para a estrutura tarif\u00e1ria e regulamenta a Tarifa Social de \u00c1gua e Esgoto. A medida integra a Agenda Regulat\u00f3ria 2025\u20132026 e atualiza o modelo tarif\u00e1rio do setor, trazendo mais previsibilidade, transpar\u00eancia e seguran\u00e7a [&hellip;]<\/p>\n","protected":false},"author":1,"featured_media":32601,"comment_status":"closed","ping_status":"closed","sticky":false,"template":"","format":"standard","meta":{"_monsterinsights_skip_tracking":false,"_monsterinsights_sitenote_active":false,"_monsterinsights_sitenote_note":"","_monsterinsights_sitenote_category":0,"footnotes":""},"categories":[13576],"tags":[17069,77,17068,15863,8488,3797],"class_list":["post-32594","post","type-post","status-publish","format-standard","has-post-thumbnail","hentry","category-giro-infra","tag-alexandre-anderaos","tag-ana","tag-bpc","tag-cadunico-2","tag-estrutura-tarifaria","tag-tarifa-social"],"yoast_head":"<!-- This site is optimized with the Yoast SEO Premium plugin v25.4 (Yoast SEO v26.0) - https:\/\/yoast.com\/wordpress\/plugins\/seo\/ -->\n<title>ANA aprova norma de refer\u00eancia para estrutura tarif\u00e1ria e Tarifa Social - Ag\u00eancia iNFRA<\/title>\n<meta name=\"robots\" content=\"index, follow, max-snippet:-1, max-image-preview:large, max-video-preview:-1\" \/>\n<link rel=\"canonical\" href=\"https:\/\/agenciainfra.com\/blog\/ana-aprova-norma-de-referencia-para-estrutura-tarifaria-e-tarifa-social\/\" \/>\n<meta property=\"og:locale\" content=\"pt_BR\" \/>\n<meta property=\"og:type\" content=\"article\" \/>\n<meta property=\"og:title\" content=\"ANA aprova norma de refer\u00eancia para estrutura tarif\u00e1ria e Tarifa Social\" \/>\n<meta property=\"og:description\" content=\"da Ag\u00eancia iNFRA A ANA (Ag\u00eancia Nacional de \u00c1guas e Saneamento B\u00e1sico) aprovou a Norma de Refer\u00eancia n\u00ba 13\/2025, que define regras para a estrutura tarif\u00e1ria e regulamenta a Tarifa Social de \u00c1gua e Esgoto. A medida integra a Agenda Regulat\u00f3ria 2025\u20132026 e atualiza o modelo tarif\u00e1rio do setor, trazendo mais previsibilidade, transpar\u00eancia e seguran\u00e7a [&hellip;]\" \/>\n<meta property=\"og:url\" content=\"https:\/\/agenciainfra.com\/blog\/ana-aprova-norma-de-referencia-para-estrutura-tarifaria-e-tarifa-social\/\" \/>\n<meta property=\"og:site_name\" content=\"Ag\u00eancia iNFRA\" \/>\n<meta property=\"article:publisher\" content=\"https:\/\/www.facebook.com\/ageninfra\" \/>\n<meta property=\"article:published_time\" content=\"2025-11-24T19:28:28+00:00\" \/>\n<meta property=\"article:modified_time\" content=\"2025-11-24T19:28:30+00:00\" \/>\n<meta property=\"og:image\" content=\"https:\/\/agenciainfra.com\/blog\/wp-content\/uploads\/2025\/11\/estacao-de-tratamento-em-goias-foto-Saneago.jpg\" \/>\n\t<meta property=\"og:image:width\" content=\"1280\" \/>\n\t<meta property=\"og:image:height\" content=\"960\" \/>\n\t<meta property=\"og:image:type\" content=\"image\/jpeg\" \/>\n<meta name=\"author\" content=\"Ag\u00eancia iNFRA\" \/>\n<meta name=\"twitter:card\" content=\"summary_large_image\" \/>\n<meta name=\"twitter:creator\" content=\"@agencia_infra\" \/>\n<meta name=\"twitter:site\" content=\"@agencia_infra\" \/>\n<meta name=\"twitter:label1\" content=\"Escrito por\" \/>\n\t<meta name=\"twitter:data1\" content=\"Ag\u00eancia iNFRA\" \/>\n\t<meta name=\"twitter:label2\" content=\"Est. tempo de leitura\" \/>\n\t<meta name=\"twitter:data2\" content=\"1 minuto\" \/>\n<script type=\"application\/ld+json\" class=\"yoast-schema-graph\">{\"@context\":\"https:\/\/schema.org\",\"@graph\":[{\"@type\":\"Article\",\"@id\":\"https:\/\/agenciainfra.com\/blog\/ana-aprova-norma-de-referencia-para-estrutura-tarifaria-e-tarifa-social\/#article\",\"isPartOf\":{\"@id\":\"https:\/\/agenciainfra.com\/blog\/ana-aprova-norma-de-referencia-para-estrutura-tarifaria-e-tarifa-social\/\"},\"author\":{\"name\":\"Ag\u00eancia iNFRA\",\"@id\":\"https:\/\/agenciainfra.com\/blog\/#\/schema\/person\/34af08dff6adea4cb22b06612ba7acfa\"},\"headline\":\"ANA aprova norma de refer\u00eancia para estrutura tarif\u00e1ria e Tarifa Social\",\"datePublished\":\"2025-11-24T19:28:28+00:00\",\"dateModified\":\"2025-11-24T19:28:30+00:00\",\"mainEntityOfPage\":{\"@id\":\"https:\/\/agenciainfra.com\/blog\/ana-aprova-norma-de-referencia-para-estrutura-tarifaria-e-tarifa-social\/\"},\"wordCount\":255,\"publisher\":{\"@id\":\"https:\/\/agenciainfra.com\/blog\/#organization\"},\"image\":{\"@id\":\"https:\/\/agenciainfra.com\/blog\/ana-aprova-norma-de-referencia-para-estrutura-tarifaria-e-tarifa-social\/#primaryimage\"},\"thumbnailUrl\":\"https:\/\/agenciainfra.com\/blog\/wp-content\/uploads\/2025\/11\/estacao-de-tratamento-em-goias-foto-Saneago.jpg\",\"keywords\":[\"Alexandre Ander\u00e1os\",\"ANA\",\"BPC\",\"Cad\u00danico\",\"estrutura tarif\u00e1ria\",\"Tarifa Social\"],\"articleSection\":[\"Giro iNFRA\"],\"inLanguage\":\"pt-BR\",\"copyrightYear\":\"2025\",\"copyrightHolder\":{\"@id\":\"https:\/\/agenciainfra.com\/blog\/#organization\"}},{\"@type\":\"WebPage\",\"@id\":\"https:\/\/agenciainfra.com\/blog\/ana-aprova-norma-de-referencia-para-estrutura-tarifaria-e-tarifa-social\/\",\"url\":\"https:\/\/agenciainfra.com\/blog\/ana-aprova-norma-de-referencia-para-estrutura-tarifaria-e-tarifa-social\/\",\"name\":\"ANA aprova norma de refer\u00eancia para estrutura tarif\u00e1ria e Tarifa Social - Ag\u00eancia iNFRA\",\"isPartOf\":{\"@id\":\"https:\/\/agenciainfra.com\/blog\/#website\"},\"primaryImageOfPage\":{\"@id\":\"https:\/\/agenciainfra.com\/blog\/ana-aprova-norma-de-referencia-para-estrutura-tarifaria-e-tarifa-social\/#primaryimage\"},\"image\":{\"@id\":\"https:\/\/agenciainfra.com\/blog\/ana-aprova-norma-de-referencia-para-estrutura-tarifaria-e-tarifa-social\/#primaryimage\"},\"thumbnailUrl\":\"https:\/\/agenciainfra.com\/blog\/wp-content\/uploads\/2025\/11\/estacao-de-tratamento-em-goias-foto-Saneago.jpg\",\"datePublished\":\"2025-11-24T19:28:28+00:00\",\"dateModified\":\"2025-11-24T19:28:30+00:00\",\"breadcrumb\":{\"@id\":\"https:\/\/agenciainfra.com\/blog\/ana-aprova-norma-de-referencia-para-estrutura-tarifaria-e-tarifa-social\/#breadcrumb\"},\"inLanguage\":\"pt-BR\",\"potentialAction\":[{\"@type\":\"ReadAction\",\"target\":[\"https:\/\/agenciainfra.com\/blog\/ana-aprova-norma-de-referencia-para-estrutura-tarifaria-e-tarifa-social\/\"]}]},{\"@type\":\"ImageObject\",\"inLanguage\":\"pt-BR\",\"@id\":\"https:\/\/agenciainfra.com\/blog\/ana-aprova-norma-de-referencia-para-estrutura-tarifaria-e-tarifa-social\/#primaryimage\",\"url\":\"https:\/\/agenciainfra.com\/blog\/wp-content\/uploads\/2025\/11\/estacao-de-tratamento-em-goias-foto-Saneago.jpg\",\"contentUrl\":\"https:\/\/agenciainfra.com\/blog\/wp-content\/uploads\/2025\/11\/estacao-de-tratamento-em-goias-foto-Saneago.jpg\",\"width\":1280,\"height\":960,\"caption\":\"Foto: Saneago\"},{\"@type\":\"BreadcrumbList\",\"@id\":\"https:\/\/agenciainfra.com\/blog\/ana-aprova-norma-de-referencia-para-estrutura-tarifaria-e-tarifa-social\/#breadcrumb\",\"itemListElement\":[{\"@type\":\"ListItem\",\"position\":1,\"name\":\"In\u00edcio\",\"item\":\"https:\/\/agenciainfra.com\/blog\/\"},{\"@type\":\"ListItem\",\"position\":2,\"name\":\"ANA aprova norma de refer\u00eancia para estrutura tarif\u00e1ria e Tarifa Social\"}]},{\"@type\":\"WebSite\",\"@id\":\"https:\/\/agenciainfra.com\/blog\/#website\",\"url\":\"https:\/\/agenciainfra.com\/blog\/\",\"name\":\"Ag\u00eancia iNFRA\",\"description\":\"Multiplataforma de informa\u00e7\u00e3o jornal\u00edstica refer\u00eancia na \u00e1rea de infraestrutura no Brasil!\",\"publisher\":{\"@id\":\"https:\/\/agenciainfra.com\/blog\/#organization\"},\"potentialAction\":[{\"@type\":\"SearchAction\",\"target\":{\"@type\":\"EntryPoint\",\"urlTemplate\":\"https:\/\/agenciainfra.com\/blog\/?s={search_term_string}\"},\"query-input\":{\"@type\":\"PropertyValueSpecification\",\"valueRequired\":true,\"valueName\":\"search_term_string\"}}],\"inLanguage\":\"pt-BR\"},{\"@type\":\"Organization\",\"@id\":\"https:\/\/agenciainfra.com\/blog\/#organization\",\"name\":\"Ag\u00eancia iNFRA\",\"url\":\"https:\/\/agenciainfra.com\/blog\/\",\"logo\":{\"@type\":\"ImageObject\",\"inLanguage\":\"pt-BR\",\"@id\":\"https:\/\/agenciainfra.com\/blog\/#\/schema\/logo\/image\/\",\"url\":\"https:\/\/agenciainfra.com\/blog\/wp-content\/uploads\/2023\/09\/iNFRA_5-e1761735885940.png\",\"contentUrl\":\"https:\/\/agenciainfra.com\/blog\/wp-content\/uploads\/2023\/09\/iNFRA_5-e1761735885940.png\",\"width\":1672,\"height\":454,\"caption\":\"Ag\u00eancia iNFRA\"},\"image\":{\"@id\":\"https:\/\/agenciainfra.com\/blog\/#\/schema\/logo\/image\/\"},\"sameAs\":[\"https:\/\/www.facebook.com\/ageninfra\",\"https:\/\/x.com\/agencia_infra\",\"https:\/\/www.linkedin.com\/company\/ag\u00eanciainfra\/\",\"https:\/\/www.instagram.com\/agenciainfra\/\"]},{\"@type\":\"Person\",\"@id\":\"https:\/\/agenciainfra.com\/blog\/#\/schema\/person\/34af08dff6adea4cb22b06612ba7acfa\",\"name\":\"Ag\u00eancia iNFRA\",\"image\":{\"@type\":\"ImageObject\",\"inLanguage\":\"pt-BR\",\"@id\":\"https:\/\/agenciainfra.com\/blog\/#\/schema\/person\/image\/\",\"url\":\"https:\/\/secure.gravatar.com\/avatar\/d189e01678f06d8eb84d4e01f08eb848b3fffe3f8443818d3c356c66892f5be8?s=96&d=mm&r=g\",\"contentUrl\":\"https:\/\/secure.gravatar.com\/avatar\/d189e01678f06d8eb84d4e01f08eb848b3fffe3f8443818d3c356c66892f5be8?s=96&d=mm&r=g\",\"caption\":\"Ag\u00eancia iNFRA\"},\"url\":\"https:\/\/agenciainfra.com\/blog\/author\/admin\/\"}]}<\/script>\n<!-- \/ Yoast SEO Premium plugin. -->","yoast_head_json":{"title":"ANA aprova norma de refer\u00eancia para estrutura tarif\u00e1ria e Tarifa Social - Ag\u00eancia iNFRA","robots":{"index":"index","follow":"follow","max-snippet":"max-snippet:-1","max-image-preview":"max-image-preview:large","max-video-preview":"max-video-preview:-1"},"canonical":"https:\/\/agenciainfra.com\/blog\/ana-aprova-norma-de-referencia-para-estrutura-tarifaria-e-tarifa-social\/","og_locale":"pt_BR","og_type":"article","og_title":"ANA aprova norma de refer\u00eancia para estrutura tarif\u00e1ria e Tarifa Social","og_description":"da Ag\u00eancia iNFRA A ANA (Ag\u00eancia Nacional de \u00c1guas e Saneamento B\u00e1sico) aprovou a Norma de Refer\u00eancia n\u00ba 13\/2025, que define regras para a estrutura tarif\u00e1ria e regulamenta a Tarifa Social de \u00c1gua e Esgoto. A medida integra a Agenda Regulat\u00f3ria 2025\u20132026 e atualiza o modelo tarif\u00e1rio do setor, trazendo mais previsibilidade, transpar\u00eancia e seguran\u00e7a [&hellip;]","og_url":"https:\/\/agenciainfra.com\/blog\/ana-aprova-norma-de-referencia-para-estrutura-tarifaria-e-tarifa-social\/","og_site_name":"Ag\u00eancia iNFRA","article_publisher":"https:\/\/www.facebook.com\/ageninfra","article_published_time":"2025-11-24T19:28:28+00:00","article_modified_time":"2025-11-24T19:28:30+00:00","og_image":[{"width":1280,"height":960,"url":"https:\/\/agenciainfra.com\/blog\/wp-content\/uploads\/2025\/11\/estacao-de-tratamento-em-goias-foto-Saneago.jpg","type":"image\/jpeg"}],"author":"Ag\u00eancia iNFRA","twitter_card":"summary_large_image","twitter_creator":"@agencia_infra","twitter_site":"@agencia_infra","twitter_misc":{"Escrito por":"Ag\u00eancia iNFRA","Est. tempo de leitura":"1 minuto"},"schema":{"@context":"https:\/\/schema.org","@graph":[{"@type":"Article","@id":"https:\/\/agenciainfra.com\/blog\/ana-aprova-norma-de-referencia-para-estrutura-tarifaria-e-tarifa-social\/#article","isPartOf":{"@id":"https:\/\/agenciainfra.com\/blog\/ana-aprova-norma-de-referencia-para-estrutura-tarifaria-e-tarifa-social\/"},"author":{"name":"Ag\u00eancia iNFRA","@id":"https:\/\/agenciainfra.com\/blog\/#\/schema\/person\/34af08dff6adea4cb22b06612ba7acfa"},"headline":"ANA aprova norma de refer\u00eancia para estrutura tarif\u00e1ria e Tarifa Social","datePublished":"2025-11-24T19:28:28+00:00","dateModified":"2025-11-24T19:28:30+00:00","mainEntityOfPage":{"@id":"https:\/\/agenciainfra.com\/blog\/ana-aprova-norma-de-referencia-para-estrutura-tarifaria-e-tarifa-social\/"},"wordCount":255,"publisher":{"@id":"https:\/\/agenciainfra.com\/blog\/#organization"},"image":{"@id":"https:\/\/agenciainfra.com\/blog\/ana-aprova-norma-de-referencia-para-estrutura-tarifaria-e-tarifa-social\/#primaryimage"},"thumbnailUrl":"https:\/\/agenciainfra.com\/blog\/wp-content\/uploads\/2025\/11\/estacao-de-tratamento-em-goias-foto-Saneago.jpg","keywords":["Alexandre Ander\u00e1os","ANA","BPC","Cad\u00danico","estrutura tarif\u00e1ria","Tarifa Social"],"articleSection":["Giro iNFRA"],"inLanguage":"pt-BR","copyrightYear":"2025","copyrightHolder":{"@id":"https:\/\/agenciainfra.com\/blog\/#organization"}},{"@type":"WebPage","@id":"https:\/\/agenciainfra.com\/blog\/ana-aprova-norma-de-referencia-para-estrutura-tarifaria-e-tarifa-social\/","url":"https:\/\/agenciainfra.com\/blog\/ana-aprova-norma-de-referencia-para-estrutura-tarifaria-e-tarifa-social\/","name":"ANA aprova norma de refer\u00eancia para estrutura tarif\u00e1ria e Tarifa Social - Ag\u00eancia iNFRA","isPartOf":{"@id":"https:\/\/agenciainfra.com\/blog\/#website"},"primaryImageOfPage":{"@id":"https:\/\/agenciainfra.com\/blog\/ana-aprova-norma-de-referencia-para-estrutura-tarifaria-e-tarifa-social\/#primaryimage"},"image":{"@id":"https:\/\/agenciainfra.com\/blog\/ana-aprova-norma-de-referencia-para-estrutura-tarifaria-e-tarifa-social\/#primaryimage"},"thumbnailUrl":"https:\/\/agenciainfra.com\/blog\/wp-content\/uploads\/2025\/11\/estacao-de-tratamento-em-goias-foto-Saneago.jpg","datePublished":"2025-11-24T19:28:28+00:00","dateModified":"2025-11-24T19:28:30+00:00","breadcrumb":{"@id":"https:\/\/agenciainfra.com\/blog\/ana-aprova-norma-de-referencia-para-estrutura-tarifaria-e-tarifa-social\/#breadcrumb"},"inLanguage":"pt-BR","potentialAction":[{"@type":"ReadAction","target":["https:\/\/agenciainfra.com\/blog\/ana-aprova-norma-de-referencia-para-estrutura-tarifaria-e-tarifa-social\/"]}]},{"@type":"ImageObject","inLanguage":"pt-BR","@id":"https:\/\/agenciainfra.com\/blog\/ana-aprova-norma-de-referencia-para-estrutura-tarifaria-e-tarifa-social\/#primaryimage","url":"https:\/\/agenciainfra.com\/blog\/wp-content\/uploads\/2025\/11\/estacao-de-tratamento-em-goias-foto-Saneago.jpg","contentUrl":"https:\/\/agenciainfra.com\/blog\/wp-content\/uploads\/2025\/11\/estacao-de-tratamento-em-goias-foto-Saneago.jpg","width":1280,"height":960,"caption":"Foto: Saneago"},{"@type":"BreadcrumbList","@id":"https:\/\/agenciainfra.com\/blog\/ana-aprova-norma-de-referencia-para-estrutura-tarifaria-e-tarifa-social\/#breadcrumb","itemListElement":[{"@type":"ListItem","position":1,"name":"In\u00edcio","item":"https:\/\/agenciainfra.com\/blog\/"},{"@type":"ListItem","position":2,"name":"ANA aprova norma de refer\u00eancia para estrutura tarif\u00e1ria e Tarifa Social"}]},{"@type":"WebSite","@id":"https:\/\/agenciainfra.com\/blog\/#website","url":"https:\/\/agenciainfra.com\/blog\/","name":"Ag\u00eancia iNFRA","description":"Multiplataforma de informa\u00e7\u00e3o jornal\u00edstica refer\u00eancia na \u00e1rea de infraestrutura no Brasil!","publisher":{"@id":"https:\/\/agenciainfra.com\/blog\/#organization"},"potentialAction":[{"@type":"SearchAction","target":{"@type":"EntryPoint","urlTemplate":"https:\/\/agenciainfra.com\/blog\/?s={search_term_string}"},"query-input":{"@type":"PropertyValueSpecification","valueRequired":true,"valueName":"search_term_string"}}],"inLanguage":"pt-BR"},{"@type":"Organization","@id":"https:\/\/agenciainfra.com\/blog\/#organization","name":"Ag\u00eancia iNFRA","url":"https:\/\/agenciainfra.com\/blog\/","logo":{"@type":"ImageObject","inLanguage":"pt-BR","@id":"https:\/\/agenciainfra.com\/blog\/#\/schema\/logo\/image\/","url":"https:\/\/agenciainfra.com\/blog\/wp-content\/uploads\/2023\/09\/iNFRA_5-e1761735885940.png","contentUrl":"https:\/\/agenciainfra.com\/blog\/wp-content\/uploads\/2023\/09\/iNFRA_5-e1761735885940.png","width":1672,"height":454,"caption":"Ag\u00eancia iNFRA"},"image":{"@id":"https:\/\/agenciainfra.com\/blog\/#\/schema\/logo\/image\/"},"sameAs":["https:\/\/www.facebook.com\/ageninfra","https:\/\/x.com\/agencia_infra","https:\/\/www.linkedin.com\/company\/ag\u00eanciainfra\/","https:\/\/www.instagram.com\/agenciainfra\/"]},{"@type":"Person","@id":"https:\/\/agenciainfra.com\/blog\/#\/schema\/person\/34af08dff6adea4cb22b06612ba7acfa","name":"Ag\u00eancia iNFRA","image":{"@type":"ImageObject","inLanguage":"pt-BR","@id":"https:\/\/agenciainfra.com\/blog\/#\/schema\/person\/image\/","url":"https:\/\/secure.gravatar.com\/avatar\/d189e01678f06d8eb84d4e01f08eb848b3fffe3f8443818d3c356c66892f5be8?s=96&d=mm&r=g","contentUrl":"https:\/\/secure.gravatar.com\/avatar\/d189e01678f06d8eb84d4e01f08eb848b3fffe3f8443818d3c356c66892f5be8?s=96&d=mm&r=g","caption":"Ag\u00eancia iNFRA"},"url":"https:\/\/agenciainfra.com\/blog\/author\/admin\/"}]}},"_links":{"self":[{"href":"https:\/\/agenciainfra.com\/blog\/wp-json\/wp\/v2\/posts\/32594","targetHints":{"allow":["GET"]}}],"collection":[{"href":"https:\/\/agenciainfra.com\/blog\/wp-json\/wp\/v2\/posts"}],"about":[{"href":"https:\/\/agenciainfra.com\/blog\/wp-json\/wp\/v2\/types\/post"}],"author":[{"embeddable":true,"href":"https:\/\/agenciainfra.com\/blog\/wp-json\/wp\/v2\/users\/1"}],"replies":[{"embeddable":true,"href":"https:\/\/agenciainfra.com\/blog\/wp-json\/wp\/v2\/comments?post=32594"}],"version-history":[{"count":1,"href":"https:\/\/agenciainfra.com\/blog\/wp-json\/wp\/v2\/posts\/32594\/revisions"}],"predecessor-version":[{"id":32602,"href":"https:\/\/agenciainfra.com\/blog\/wp-json\/wp\/v2\/posts\/32594\/revisions\/32602"}],"wp:featuredmedia":[{"embeddable":true,"href":"https:\/\/agenciainfra.com\/blog\/wp-json\/wp\/v2\/media\/32601"}],"wp:attachment":[{"href":"https:\/\/agenciainfra.com\/blog\/wp-json\/wp\/v2\/media?parent=32594"}],"wp:term":[{"taxonomy":"category","embeddable":true,"href":"https:\/\/agenciainfra.com\/blog\/wp-json\/wp\/v2\/categories?post=32594"},{"taxonomy":"post_tag","embeddable":true,"href":"https:\/\/agenciainfra.com\/blog\/wp-json\/wp\/v2\/tags?post=32594"}],"curies":[{"name":"wp","href":"https:\/\/api.w.org\/{rel}","templated":true}]}}