{"id":32663,"date":"2025-11-25T14:26:17","date_gmt":"2025-11-25T17:26:17","guid":{"rendered":"https:\/\/agenciainfra.com\/blog\/?p=32663"},"modified":"2025-11-25T14:26:19","modified_gmt":"2025-11-25T17:26:19","slug":"bndes-aprova-r-109-bi-para-jatos-de-exportacao-da-embraer","status":"publish","type":"post","link":"https:\/\/agenciainfra.com\/blog\/bndes-aprova-r-109-bi-para-jatos-de-exportacao-da-embraer\/","title":{"rendered":"BNDES aprova R$ 1,09 bi para jatos de exporta\u00e7\u00e3o da Embraer"},"content":{"rendered":"\n<p class=\"has-text-align-right\"><strong>da Ag\u00eancia iNFRA<\/strong><\/p>\n\n\n\n<p>O BNDES (Banco Nacional de Desenvolvimento Econ\u00f4mico e Social) aprovou um financiamento de R$ 1,09 bilh\u00e3o para apoiar a produ\u00e7\u00e3o de aeronaves comerciais da Embraer destinadas ao mercado externo. O cr\u00e9dito, concedido pela linha BNDES Exim Pr\u00e9-embarque, \u00e9 voltado ao cumprimento do cronograma de entregas j\u00e1 negociado com clientes internacionais.<\/p>\n\n\n\n<p>A fabricante projeta entregar entre 77 e 85 jatos comerciais em 2025. No ponto m\u00e9dio (81 unidades), o volume representaria alta de 11% em rela\u00e7\u00e3o ao ano passado, quando foram entregues 73 aeronaves. O n\u00famero tamb\u00e9m supera as 64 entregas registradas em 2023. Considerando todos os segmentos \u2014 avia\u00e7\u00e3o comercial, executiva e defesa \u2014, a Embraer entregou 206 aeronaves em 2024 e 181 em 2023.<\/p>\n\n\n\n<p>O presidente do BNDES, Aloizio Mercadante, destacou que o setor aeron\u00e1utico \u00e9 estrat\u00e9gico pela capacidade tecnol\u00f3gica e pelo impacto na gera\u00e7\u00e3o de empregos qualificados. J\u00e1 o CEO da Embraer, Francisco Gomes Neto, afirmou que a empresa vive fase de expans\u00e3o, impulsionada por uma carteira de pedidos recorde e forte demanda pelos modelos E2 e E175.<\/p>\n\n\n\n<p>De acordo com o banco, desde 1997, cerca de US$ 26,3 bilh\u00f5es foram investidos em exporta\u00e7\u00f5es de aeronaves comerciais da companhia, com a fabrica\u00e7\u00e3o de 1.350 jatos.<\/p>\n\n\n\n<p><\/p>\n","protected":false},"excerpt":{"rendered":"<p>da Ag\u00eancia iNFRA O BNDES (Banco Nacional de Desenvolvimento Econ\u00f4mico e Social) aprovou um financiamento de R$ 1,09 bilh\u00e3o para apoiar a produ\u00e7\u00e3o de aeronaves comerciais da Embraer destinadas ao mercado externo. O cr\u00e9dito, concedido pela linha BNDES Exim Pr\u00e9-embarque, \u00e9 voltado ao cumprimento do cronograma de entregas j\u00e1 negociado com clientes internacionais. A fabricante [&hellip;]<\/p>\n","protected":false},"author":1,"featured_media":32664,"comment_status":"closed","ping_status":"closed","sticky":false,"template":"","format":"standard","meta":{"_monsterinsights_skip_tracking":false,"_monsterinsights_sitenote_active":false,"_monsterinsights_sitenote_note":"","_monsterinsights_sitenote_category":0,"footnotes":""},"categories":[13576],"tags":[17108,6139,103,11051,5751,17107],"class_list":["post-32663","post","type-post","status-publish","format-standard","has-post-thumbnail","hentry","category-giro-infra","tag-aeronaves-de-exportacao","tag-aloizio-mercadante","tag-bndes","tag-credito","tag-embraer","tag-francisco-gomes"],"yoast_head":"<!-- This site is optimized with the Yoast SEO Premium plugin v25.4 (Yoast SEO v26.0) - https:\/\/yoast.com\/wordpress\/plugins\/seo\/ -->\n<title>BNDES aprova R$ 1,09 bi para jatos de exporta\u00e7\u00e3o da Embraer - Ag\u00eancia iNFRA<\/title>\n<meta name=\"robots\" content=\"index, follow, max-snippet:-1, max-image-preview:large, max-video-preview:-1\" \/>\n<link rel=\"canonical\" href=\"https:\/\/agenciainfra.com\/blog\/bndes-aprova-r-109-bi-para-jatos-de-exportacao-da-embraer\/\" \/>\n<meta property=\"og:locale\" content=\"pt_BR\" \/>\n<meta property=\"og:type\" content=\"article\" \/>\n<meta property=\"og:title\" content=\"BNDES aprova R$ 1,09 bi para jatos de exporta\u00e7\u00e3o da Embraer\" \/>\n<meta property=\"og:description\" content=\"da Ag\u00eancia iNFRA O BNDES (Banco Nacional de Desenvolvimento Econ\u00f4mico e Social) aprovou um financiamento de R$ 1,09 bilh\u00e3o para apoiar a produ\u00e7\u00e3o de aeronaves comerciais da Embraer destinadas ao mercado externo. O cr\u00e9dito, concedido pela linha BNDES Exim Pr\u00e9-embarque, \u00e9 voltado ao cumprimento do cronograma de entregas j\u00e1 negociado com clientes internacionais. A fabricante [&hellip;]\" \/>\n<meta property=\"og:url\" content=\"https:\/\/agenciainfra.com\/blog\/bndes-aprova-r-109-bi-para-jatos-de-exportacao-da-embraer\/\" \/>\n<meta property=\"og:site_name\" content=\"Ag\u00eancia iNFRA\" \/>\n<meta property=\"article:publisher\" content=\"https:\/\/www.facebook.com\/ageninfra\" \/>\n<meta property=\"article:published_time\" content=\"2025-11-25T17:26:17+00:00\" \/>\n<meta property=\"article:modified_time\" content=\"2025-11-25T17:26:19+00:00\" \/>\n<meta property=\"og:image\" content=\"https:\/\/agenciainfra.com\/blog\/wp-content\/uploads\/2025\/11\/e175-1-foto-embraer-divulgacao-scaled-e1764091102190.jpg\" \/>\n\t<meta property=\"og:image:width\" content=\"1280\" \/>\n\t<meta property=\"og:image:height\" content=\"854\" \/>\n\t<meta property=\"og:image:type\" content=\"image\/jpeg\" \/>\n<meta name=\"author\" content=\"Ag\u00eancia iNFRA\" \/>\n<meta name=\"twitter:card\" content=\"summary_large_image\" \/>\n<meta name=\"twitter:creator\" content=\"@agencia_infra\" \/>\n<meta name=\"twitter:site\" content=\"@agencia_infra\" \/>\n<meta name=\"twitter:label1\" content=\"Escrito por\" \/>\n\t<meta name=\"twitter:data1\" content=\"Ag\u00eancia iNFRA\" \/>\n\t<meta name=\"twitter:label2\" content=\"Est. tempo de leitura\" \/>\n\t<meta name=\"twitter:data2\" content=\"1 minuto\" \/>\n<script type=\"application\/ld+json\" class=\"yoast-schema-graph\">{\"@context\":\"https:\/\/schema.org\",\"@graph\":[{\"@type\":\"Article\",\"@id\":\"https:\/\/agenciainfra.com\/blog\/bndes-aprova-r-109-bi-para-jatos-de-exportacao-da-embraer\/#article\",\"isPartOf\":{\"@id\":\"https:\/\/agenciainfra.com\/blog\/bndes-aprova-r-109-bi-para-jatos-de-exportacao-da-embraer\/\"},\"author\":{\"name\":\"Ag\u00eancia iNFRA\",\"@id\":\"https:\/\/agenciainfra.com\/blog\/#\/schema\/person\/34af08dff6adea4cb22b06612ba7acfa\"},\"headline\":\"BNDES aprova R$ 1,09 bi para jatos de exporta\u00e7\u00e3o da Embraer\",\"datePublished\":\"2025-11-25T17:26:17+00:00\",\"dateModified\":\"2025-11-25T17:26:19+00:00\",\"mainEntityOfPage\":{\"@id\":\"https:\/\/agenciainfra.com\/blog\/bndes-aprova-r-109-bi-para-jatos-de-exportacao-da-embraer\/\"},\"wordCount\":210,\"publisher\":{\"@id\":\"https:\/\/agenciainfra.com\/blog\/#organization\"},\"image\":{\"@id\":\"https:\/\/agenciainfra.com\/blog\/bndes-aprova-r-109-bi-para-jatos-de-exportacao-da-embraer\/#primaryimage\"},\"thumbnailUrl\":\"https:\/\/agenciainfra.com\/blog\/wp-content\/uploads\/2025\/11\/e175-1-foto-embraer-divulgacao-scaled-e1764091102190.jpg\",\"keywords\":[\"aeronaves de exporta\u00e7\u00e3o\",\"Aloizio Mercadante\",\"BNDES\",\"cr\u00e9dito\",\"Embraer\",\"Francisco Gomes\"],\"articleSection\":[\"Giro iNFRA\"],\"inLanguage\":\"pt-BR\",\"copyrightYear\":\"2025\",\"copyrightHolder\":{\"@id\":\"https:\/\/agenciainfra.com\/blog\/#organization\"}},{\"@type\":\"WebPage\",\"@id\":\"https:\/\/agenciainfra.com\/blog\/bndes-aprova-r-109-bi-para-jatos-de-exportacao-da-embraer\/\",\"url\":\"https:\/\/agenciainfra.com\/blog\/bndes-aprova-r-109-bi-para-jatos-de-exportacao-da-embraer\/\",\"name\":\"BNDES aprova R$ 1,09 bi para jatos de exporta\u00e7\u00e3o da Embraer - Ag\u00eancia iNFRA\",\"isPartOf\":{\"@id\":\"https:\/\/agenciainfra.com\/blog\/#website\"},\"primaryImageOfPage\":{\"@id\":\"https:\/\/agenciainfra.com\/blog\/bndes-aprova-r-109-bi-para-jatos-de-exportacao-da-embraer\/#primaryimage\"},\"image\":{\"@id\":\"https:\/\/agenciainfra.com\/blog\/bndes-aprova-r-109-bi-para-jatos-de-exportacao-da-embraer\/#primaryimage\"},\"thumbnailUrl\":\"https:\/\/agenciainfra.com\/blog\/wp-content\/uploads\/2025\/11\/e175-1-foto-embraer-divulgacao-scaled-e1764091102190.jpg\",\"datePublished\":\"2025-11-25T17:26:17+00:00\",\"dateModified\":\"2025-11-25T17:26:19+00:00\",\"breadcrumb\":{\"@id\":\"https:\/\/agenciainfra.com\/blog\/bndes-aprova-r-109-bi-para-jatos-de-exportacao-da-embraer\/#breadcrumb\"},\"inLanguage\":\"pt-BR\",\"potentialAction\":[{\"@type\":\"ReadAction\",\"target\":[\"https:\/\/agenciainfra.com\/blog\/bndes-aprova-r-109-bi-para-jatos-de-exportacao-da-embraer\/\"]}]},{\"@type\":\"ImageObject\",\"inLanguage\":\"pt-BR\",\"@id\":\"https:\/\/agenciainfra.com\/blog\/bndes-aprova-r-109-bi-para-jatos-de-exportacao-da-embraer\/#primaryimage\",\"url\":\"https:\/\/agenciainfra.com\/blog\/wp-content\/uploads\/2025\/11\/e175-1-foto-embraer-divulgacao-scaled-e1764091102190.jpg\",\"contentUrl\":\"https:\/\/agenciainfra.com\/blog\/wp-content\/uploads\/2025\/11\/e175-1-foto-embraer-divulgacao-scaled-e1764091102190.jpg\",\"width\":1280,\"height\":854,\"caption\":\"Foto: Embraer\"},{\"@type\":\"BreadcrumbList\",\"@id\":\"https:\/\/agenciainfra.com\/blog\/bndes-aprova-r-109-bi-para-jatos-de-exportacao-da-embraer\/#breadcrumb\",\"itemListElement\":[{\"@type\":\"ListItem\",\"position\":1,\"name\":\"In\u00edcio\",\"item\":\"https:\/\/agenciainfra.com\/blog\/\"},{\"@type\":\"ListItem\",\"position\":2,\"name\":\"BNDES aprova R$ 1,09 bi para jatos de exporta\u00e7\u00e3o da Embraer\"}]},{\"@type\":\"WebSite\",\"@id\":\"https:\/\/agenciainfra.com\/blog\/#website\",\"url\":\"https:\/\/agenciainfra.com\/blog\/\",\"name\":\"Ag\u00eancia iNFRA\",\"description\":\"Multiplataforma de informa\u00e7\u00e3o jornal\u00edstica refer\u00eancia na \u00e1rea de infraestrutura no Brasil!\",\"publisher\":{\"@id\":\"https:\/\/agenciainfra.com\/blog\/#organization\"},\"potentialAction\":[{\"@type\":\"SearchAction\",\"target\":{\"@type\":\"EntryPoint\",\"urlTemplate\":\"https:\/\/agenciainfra.com\/blog\/?s={search_term_string}\"},\"query-input\":{\"@type\":\"PropertyValueSpecification\",\"valueRequired\":true,\"valueName\":\"search_term_string\"}}],\"inLanguage\":\"pt-BR\"},{\"@type\":\"Organization\",\"@id\":\"https:\/\/agenciainfra.com\/blog\/#organization\",\"name\":\"Ag\u00eancia iNFRA\",\"url\":\"https:\/\/agenciainfra.com\/blog\/\",\"logo\":{\"@type\":\"ImageObject\",\"inLanguage\":\"pt-BR\",\"@id\":\"https:\/\/agenciainfra.com\/blog\/#\/schema\/logo\/image\/\",\"url\":\"https:\/\/agenciainfra.com\/blog\/wp-content\/uploads\/2023\/09\/iNFRA_5-e1761735885940.png\",\"contentUrl\":\"https:\/\/agenciainfra.com\/blog\/wp-content\/uploads\/2023\/09\/iNFRA_5-e1761735885940.png\",\"width\":1672,\"height\":454,\"caption\":\"Ag\u00eancia iNFRA\"},\"image\":{\"@id\":\"https:\/\/agenciainfra.com\/blog\/#\/schema\/logo\/image\/\"},\"sameAs\":[\"https:\/\/www.facebook.com\/ageninfra\",\"https:\/\/x.com\/agencia_infra\",\"https:\/\/www.linkedin.com\/company\/ag\u00eanciainfra\/\",\"https:\/\/www.instagram.com\/agenciainfra\/\"]},{\"@type\":\"Person\",\"@id\":\"https:\/\/agenciainfra.com\/blog\/#\/schema\/person\/34af08dff6adea4cb22b06612ba7acfa\",\"name\":\"Ag\u00eancia iNFRA\",\"image\":{\"@type\":\"ImageObject\",\"inLanguage\":\"pt-BR\",\"@id\":\"https:\/\/agenciainfra.com\/blog\/#\/schema\/person\/image\/\",\"url\":\"https:\/\/secure.gravatar.com\/avatar\/d189e01678f06d8eb84d4e01f08eb848b3fffe3f8443818d3c356c66892f5be8?s=96&d=mm&r=g\",\"contentUrl\":\"https:\/\/secure.gravatar.com\/avatar\/d189e01678f06d8eb84d4e01f08eb848b3fffe3f8443818d3c356c66892f5be8?s=96&d=mm&r=g\",\"caption\":\"Ag\u00eancia iNFRA\"},\"url\":\"https:\/\/agenciainfra.com\/blog\/author\/admin\/\"}]}<\/script>\n<!-- \/ Yoast SEO Premium plugin. -->","yoast_head_json":{"title":"BNDES aprova R$ 1,09 bi para jatos de exporta\u00e7\u00e3o da Embraer - Ag\u00eancia iNFRA","robots":{"index":"index","follow":"follow","max-snippet":"max-snippet:-1","max-image-preview":"max-image-preview:large","max-video-preview":"max-video-preview:-1"},"canonical":"https:\/\/agenciainfra.com\/blog\/bndes-aprova-r-109-bi-para-jatos-de-exportacao-da-embraer\/","og_locale":"pt_BR","og_type":"article","og_title":"BNDES aprova R$ 1,09 bi para jatos de exporta\u00e7\u00e3o da Embraer","og_description":"da Ag\u00eancia iNFRA O BNDES (Banco Nacional de Desenvolvimento Econ\u00f4mico e Social) aprovou um financiamento de R$ 1,09 bilh\u00e3o para apoiar a produ\u00e7\u00e3o de aeronaves comerciais da Embraer destinadas ao mercado externo. O cr\u00e9dito, concedido pela linha BNDES Exim Pr\u00e9-embarque, \u00e9 voltado ao cumprimento do cronograma de entregas j\u00e1 negociado com clientes internacionais. A fabricante [&hellip;]","og_url":"https:\/\/agenciainfra.com\/blog\/bndes-aprova-r-109-bi-para-jatos-de-exportacao-da-embraer\/","og_site_name":"Ag\u00eancia iNFRA","article_publisher":"https:\/\/www.facebook.com\/ageninfra","article_published_time":"2025-11-25T17:26:17+00:00","article_modified_time":"2025-11-25T17:26:19+00:00","og_image":[{"width":1280,"height":854,"url":"https:\/\/agenciainfra.com\/blog\/wp-content\/uploads\/2025\/11\/e175-1-foto-embraer-divulgacao-scaled-e1764091102190.jpg","type":"image\/jpeg"}],"author":"Ag\u00eancia iNFRA","twitter_card":"summary_large_image","twitter_creator":"@agencia_infra","twitter_site":"@agencia_infra","twitter_misc":{"Escrito por":"Ag\u00eancia iNFRA","Est. tempo de leitura":"1 minuto"},"schema":{"@context":"https:\/\/schema.org","@graph":[{"@type":"Article","@id":"https:\/\/agenciainfra.com\/blog\/bndes-aprova-r-109-bi-para-jatos-de-exportacao-da-embraer\/#article","isPartOf":{"@id":"https:\/\/agenciainfra.com\/blog\/bndes-aprova-r-109-bi-para-jatos-de-exportacao-da-embraer\/"},"author":{"name":"Ag\u00eancia iNFRA","@id":"https:\/\/agenciainfra.com\/blog\/#\/schema\/person\/34af08dff6adea4cb22b06612ba7acfa"},"headline":"BNDES aprova R$ 1,09 bi para jatos de exporta\u00e7\u00e3o da Embraer","datePublished":"2025-11-25T17:26:17+00:00","dateModified":"2025-11-25T17:26:19+00:00","mainEntityOfPage":{"@id":"https:\/\/agenciainfra.com\/blog\/bndes-aprova-r-109-bi-para-jatos-de-exportacao-da-embraer\/"},"wordCount":210,"publisher":{"@id":"https:\/\/agenciainfra.com\/blog\/#organization"},"image":{"@id":"https:\/\/agenciainfra.com\/blog\/bndes-aprova-r-109-bi-para-jatos-de-exportacao-da-embraer\/#primaryimage"},"thumbnailUrl":"https:\/\/agenciainfra.com\/blog\/wp-content\/uploads\/2025\/11\/e175-1-foto-embraer-divulgacao-scaled-e1764091102190.jpg","keywords":["aeronaves de exporta\u00e7\u00e3o","Aloizio Mercadante","BNDES","cr\u00e9dito","Embraer","Francisco Gomes"],"articleSection":["Giro iNFRA"],"inLanguage":"pt-BR","copyrightYear":"2025","copyrightHolder":{"@id":"https:\/\/agenciainfra.com\/blog\/#organization"}},{"@type":"WebPage","@id":"https:\/\/agenciainfra.com\/blog\/bndes-aprova-r-109-bi-para-jatos-de-exportacao-da-embraer\/","url":"https:\/\/agenciainfra.com\/blog\/bndes-aprova-r-109-bi-para-jatos-de-exportacao-da-embraer\/","name":"BNDES aprova R$ 1,09 bi para jatos de exporta\u00e7\u00e3o da Embraer - Ag\u00eancia iNFRA","isPartOf":{"@id":"https:\/\/agenciainfra.com\/blog\/#website"},"primaryImageOfPage":{"@id":"https:\/\/agenciainfra.com\/blog\/bndes-aprova-r-109-bi-para-jatos-de-exportacao-da-embraer\/#primaryimage"},"image":{"@id":"https:\/\/agenciainfra.com\/blog\/bndes-aprova-r-109-bi-para-jatos-de-exportacao-da-embraer\/#primaryimage"},"thumbnailUrl":"https:\/\/agenciainfra.com\/blog\/wp-content\/uploads\/2025\/11\/e175-1-foto-embraer-divulgacao-scaled-e1764091102190.jpg","datePublished":"2025-11-25T17:26:17+00:00","dateModified":"2025-11-25T17:26:19+00:00","breadcrumb":{"@id":"https:\/\/agenciainfra.com\/blog\/bndes-aprova-r-109-bi-para-jatos-de-exportacao-da-embraer\/#breadcrumb"},"inLanguage":"pt-BR","potentialAction":[{"@type":"ReadAction","target":["https:\/\/agenciainfra.com\/blog\/bndes-aprova-r-109-bi-para-jatos-de-exportacao-da-embraer\/"]}]},{"@type":"ImageObject","inLanguage":"pt-BR","@id":"https:\/\/agenciainfra.com\/blog\/bndes-aprova-r-109-bi-para-jatos-de-exportacao-da-embraer\/#primaryimage","url":"https:\/\/agenciainfra.com\/blog\/wp-content\/uploads\/2025\/11\/e175-1-foto-embraer-divulgacao-scaled-e1764091102190.jpg","contentUrl":"https:\/\/agenciainfra.com\/blog\/wp-content\/uploads\/2025\/11\/e175-1-foto-embraer-divulgacao-scaled-e1764091102190.jpg","width":1280,"height":854,"caption":"Foto: Embraer"},{"@type":"BreadcrumbList","@id":"https:\/\/agenciainfra.com\/blog\/bndes-aprova-r-109-bi-para-jatos-de-exportacao-da-embraer\/#breadcrumb","itemListElement":[{"@type":"ListItem","position":1,"name":"In\u00edcio","item":"https:\/\/agenciainfra.com\/blog\/"},{"@type":"ListItem","position":2,"name":"BNDES aprova R$ 1,09 bi para jatos de exporta\u00e7\u00e3o da Embraer"}]},{"@type":"WebSite","@id":"https:\/\/agenciainfra.com\/blog\/#website","url":"https:\/\/agenciainfra.com\/blog\/","name":"Ag\u00eancia iNFRA","description":"Multiplataforma de informa\u00e7\u00e3o jornal\u00edstica refer\u00eancia na \u00e1rea de infraestrutura no Brasil!","publisher":{"@id":"https:\/\/agenciainfra.com\/blog\/#organization"},"potentialAction":[{"@type":"SearchAction","target":{"@type":"EntryPoint","urlTemplate":"https:\/\/agenciainfra.com\/blog\/?s={search_term_string}"},"query-input":{"@type":"PropertyValueSpecification","valueRequired":true,"valueName":"search_term_string"}}],"inLanguage":"pt-BR"},{"@type":"Organization","@id":"https:\/\/agenciainfra.com\/blog\/#organization","name":"Ag\u00eancia iNFRA","url":"https:\/\/agenciainfra.com\/blog\/","logo":{"@type":"ImageObject","inLanguage":"pt-BR","@id":"https:\/\/agenciainfra.com\/blog\/#\/schema\/logo\/image\/","url":"https:\/\/agenciainfra.com\/blog\/wp-content\/uploads\/2023\/09\/iNFRA_5-e1761735885940.png","contentUrl":"https:\/\/agenciainfra.com\/blog\/wp-content\/uploads\/2023\/09\/iNFRA_5-e1761735885940.png","width":1672,"height":454,"caption":"Ag\u00eancia iNFRA"},"image":{"@id":"https:\/\/agenciainfra.com\/blog\/#\/schema\/logo\/image\/"},"sameAs":["https:\/\/www.facebook.com\/ageninfra","https:\/\/x.com\/agencia_infra","https:\/\/www.linkedin.com\/company\/ag\u00eanciainfra\/","https:\/\/www.instagram.com\/agenciainfra\/"]},{"@type":"Person","@id":"https:\/\/agenciainfra.com\/blog\/#\/schema\/person\/34af08dff6adea4cb22b06612ba7acfa","name":"Ag\u00eancia iNFRA","image":{"@type":"ImageObject","inLanguage":"pt-BR","@id":"https:\/\/agenciainfra.com\/blog\/#\/schema\/person\/image\/","url":"https:\/\/secure.gravatar.com\/avatar\/d189e01678f06d8eb84d4e01f08eb848b3fffe3f8443818d3c356c66892f5be8?s=96&d=mm&r=g","contentUrl":"https:\/\/secure.gravatar.com\/avatar\/d189e01678f06d8eb84d4e01f08eb848b3fffe3f8443818d3c356c66892f5be8?s=96&d=mm&r=g","caption":"Ag\u00eancia iNFRA"},"url":"https:\/\/agenciainfra.com\/blog\/author\/admin\/"}]}},"_links":{"self":[{"href":"https:\/\/agenciainfra.com\/blog\/wp-json\/wp\/v2\/posts\/32663","targetHints":{"allow":["GET"]}}],"collection":[{"href":"https:\/\/agenciainfra.com\/blog\/wp-json\/wp\/v2\/posts"}],"about":[{"href":"https:\/\/agenciainfra.com\/blog\/wp-json\/wp\/v2\/types\/post"}],"author":[{"embeddable":true,"href":"https:\/\/agenciainfra.com\/blog\/wp-json\/wp\/v2\/users\/1"}],"replies":[{"embeddable":true,"href":"https:\/\/agenciainfra.com\/blog\/wp-json\/wp\/v2\/comments?post=32663"}],"version-history":[{"count":1,"href":"https:\/\/agenciainfra.com\/blog\/wp-json\/wp\/v2\/posts\/32663\/revisions"}],"predecessor-version":[{"id":32665,"href":"https:\/\/agenciainfra.com\/blog\/wp-json\/wp\/v2\/posts\/32663\/revisions\/32665"}],"wp:featuredmedia":[{"embeddable":true,"href":"https:\/\/agenciainfra.com\/blog\/wp-json\/wp\/v2\/media\/32664"}],"wp:attachment":[{"href":"https:\/\/agenciainfra.com\/blog\/wp-json\/wp\/v2\/media?parent=32663"}],"wp:term":[{"taxonomy":"category","embeddable":true,"href":"https:\/\/agenciainfra.com\/blog\/wp-json\/wp\/v2\/categories?post=32663"},{"taxonomy":"post_tag","embeddable":true,"href":"https:\/\/agenciainfra.com\/blog\/wp-json\/wp\/v2\/tags?post=32663"}],"curies":[{"name":"wp","href":"https:\/\/api.w.org\/{rel}","templated":true}]}}