{"id":32796,"date":"2025-11-27T12:00:00","date_gmt":"2025-11-27T15:00:00","guid":{"rendered":"https:\/\/agenciainfra.com\/blog\/?p=32796"},"modified":"2025-11-28T13:47:11","modified_gmt":"2025-11-28T16:47:11","slug":"aneel-corte-de-gd-solar-e-reducao-de-creditos-dependem-de-aval-juridico","status":"publish","type":"post","link":"https:\/\/agenciainfra.com\/blog\/aneel-corte-de-gd-solar-e-reducao-de-creditos-dependem-de-aval-juridico\/","title":{"rendered":"ANEEL: Corte de GD solar e redu\u00e7\u00e3o de cr\u00e9ditos dependem de aval jur\u00eddico"},"content":{"rendered":"\n<p class=\"has-text-align-right\"><strong>&nbsp;Gabriel Vasconcelos e Marisa Wanzeller, da Ag\u00eancia iNFRA<\/strong><\/p>\n\n\n\n<p>A diretora da ANEEL (Ag\u00eancia Nacional de Energia El\u00e9trica) Agnes Costa indicou disposi\u00e7\u00e3o de \u201ccorresponsabilizar\u201d a MMGD (Micro e Minigera\u00e7\u00e3o Distribu\u00edda) solar pelo \u201ccurtailment&#8221;, os cortes de gera\u00e7\u00e3o obrigat\u00f3rios. Segundo ela, isso pode acontecer por meio de cortes f\u00edsicos ou mesmo redu\u00e7\u00e3o de cr\u00e9ditos do sistema de compensa\u00e7\u00e3o. Qualquer movimento, entretanto, vai observar implica\u00e7\u00f5es jur\u00eddicas e ter\u00e1 de ser avalizado pela Procuradoria Federal junto \u00e0 reguladora.\u00a0<br><br>Agnes lembrou que cortes f\u00edsicos a n\u00edvel de GD n\u00e3o s\u00e3o poss\u00edveis para o ONS (Operador Nacional do Sistema El\u00e9trico), mas, podem ser feitos pelas distribuidoras. &#8220;\u00c9 a hist\u00f3ria do sandbox de DSO (Operador de Sistema de Distribui\u00e7\u00e3o). Tecnicamente tem como fazer, mas n\u00e3o \u00e9 trivial, \u00e9 algo que tem de ser desenvolvido&#8221;, disse \u00e0\u00a0<strong>Ag\u00eancia iNFRA<\/strong>\u00a0na quarta-feira (26). A diretora participou do 14\u00b0 Congresso Brasileiro de Regula\u00e7\u00e3o, que acontece esta semana no Rio de Janeiro.<br><br>Outra alternativa seria cortar cr\u00e9ditos dos sistemas de compensa\u00e7\u00e3o. Em 16 de outubro, Agnes encaminhou um memorando sobre o assunto \u00e0 Procuradoria Federal junto \u00e0 reguladora, que ainda n\u00e3o emitiu parecer. &#8220;\u00c9 poss\u00edvel alocar o \u00f4nus comercial para eles [MMGD] tamb\u00e9m? Essa \u00e9 a pergunta. E a\u00ed n\u00e3o \u00e9 sinal de pre\u00e7o, seria basicamente reduzir os cr\u00e9ditos aos quais os consumidores j\u00e1 t\u00eam direito&#8221;, disse. Haveria, ainda, a possibilidade de aplicar tarifas diferenciadas para o segmento, conforme contribui\u00e7\u00f5es na consulta p\u00fablica em curso, explicou.<br><br>Agnes disse \u00e0\u00a0<strong>Ag\u00eancia iNFRA<\/strong>\u00a0que prefere sa\u00edda equilibrada e que n\u00e3o existe um \u00fanico culpado pelo atual n\u00edvel de curtailment no Brasil, mas defendeu a aplica\u00e7\u00e3o do princ\u00edpio do &#8220;poluidor pagador&#8221; em momento que definiu como &#8220;sens\u00edvel&#8221; a investidores. Isso significa, em suas palavras, alocar \u201cpreferencialmente, proporcionalmente\u201d os preju\u00edzos aos causadores do problema.<br><br>Por fim, ela sinalizou que o assunto pode ficar para 2026, pois a ANEEL s\u00f3 tem mais duas reuni\u00f5es colegiadas neste ano, em 2 e 9 de dezembro. E ainda ser\u00e1 necess\u00e1rio entender se o tema poder\u00e1 ser tratado dentro da CP (Consulta P\u00fablica) 45, da qual \u00e9 relatora, possivelmente em outra fase, ou se ser\u00e1 necess\u00e1rio um novo processo, j\u00e1 que o assunto foge ao escopo original, que \u00e9 o procedimento de cortes de gera\u00e7\u00e3o pelo ONS.\u00a0<\/p>\n","protected":false},"excerpt":{"rendered":"<p>&nbsp;Gabriel Vasconcelos e Marisa Wanzeller, da Ag\u00eancia iNFRA A diretora da ANEEL (Ag\u00eancia Nacional de Energia El\u00e9trica) Agnes Costa indicou disposi\u00e7\u00e3o de \u201ccorresponsabilizar\u201d a MMGD (Micro e Minigera\u00e7\u00e3o Distribu\u00edda) solar pelo \u201ccurtailment&#8221;, os cortes de gera\u00e7\u00e3o obrigat\u00f3rios. Segundo ela, isso pode acontecer por meio de cortes f\u00edsicos ou mesmo redu\u00e7\u00e3o de cr\u00e9ditos do sistema de [&hellip;]<\/p>\n","protected":false},"author":1,"featured_media":22679,"comment_status":"closed","ping_status":"closed","sticky":false,"template":"","format":"standard","meta":{"_monsterinsights_skip_tracking":false,"_monsterinsights_sitenote_active":false,"_monsterinsights_sitenote_note":"","_monsterinsights_sitenote_category":0,"footnotes":""},"categories":[7250,10],"tags":[72,6800,53,12154,11474,13251,6293,7366],"class_list":["post-32796","post","type-post","status-publish","format-standard","has-post-thumbnail","hentry","category-destaque-lista","category-infraenergia","tag-agencia-reguladora","tag-agnes-costa","tag-aneel","tag-cortes-de-geracao","tag-curtailment","tag-gabriel-vasconcelos","tag-gd-solar","tag-marisa-wanzeller"],"yoast_head":"<!-- This site is optimized with the Yoast SEO Premium plugin v25.4 (Yoast SEO v26.0) - https:\/\/yoast.com\/wordpress\/plugins\/seo\/ -->\n<title>ANEEL: Corte de GD solar e redu\u00e7\u00e3o de cr\u00e9ditos dependem de aval jur\u00eddico - Ag\u00eancia iNFRA<\/title>\n<meta name=\"robots\" content=\"index, follow, max-snippet:-1, max-image-preview:large, max-video-preview:-1\" \/>\n<link rel=\"canonical\" href=\"https:\/\/agenciainfra.com\/blog\/aneel-corte-de-gd-solar-e-reducao-de-creditos-dependem-de-aval-juridico\/\" \/>\n<meta property=\"og:locale\" content=\"pt_BR\" \/>\n<meta property=\"og:type\" content=\"article\" \/>\n<meta property=\"og:title\" content=\"ANEEL: Corte de GD solar e redu\u00e7\u00e3o de cr\u00e9ditos dependem de aval jur\u00eddico\" \/>\n<meta property=\"og:description\" content=\"&nbsp;Gabriel Vasconcelos e Marisa Wanzeller, da Ag\u00eancia iNFRA A diretora da ANEEL (Ag\u00eancia Nacional de Energia El\u00e9trica) Agnes Costa indicou disposi\u00e7\u00e3o de \u201ccorresponsabilizar\u201d a MMGD (Micro e Minigera\u00e7\u00e3o Distribu\u00edda) solar pelo \u201ccurtailment&#8221;, os cortes de gera\u00e7\u00e3o obrigat\u00f3rios. Segundo ela, isso pode acontecer por meio de cortes f\u00edsicos ou mesmo redu\u00e7\u00e3o de cr\u00e9ditos do sistema de [&hellip;]\" \/>\n<meta property=\"og:url\" content=\"https:\/\/agenciainfra.com\/blog\/aneel-corte-de-gd-solar-e-reducao-de-creditos-dependem-de-aval-juridico\/\" \/>\n<meta property=\"og:site_name\" content=\"Ag\u00eancia iNFRA\" \/>\n<meta property=\"article:publisher\" content=\"https:\/\/www.facebook.com\/ageninfra\" \/>\n<meta property=\"article:published_time\" content=\"2025-11-27T15:00:00+00:00\" \/>\n<meta property=\"article:modified_time\" content=\"2025-11-28T16:47:11+00:00\" \/>\n<meta property=\"og:image\" content=\"https:\/\/agenciainfra.com\/blog\/wp-content\/uploads\/2025\/06\/agnes-costa-foto-michel-jesus-aneel-e1750165599724.jpg\" \/>\n\t<meta property=\"og:image:width\" content=\"1280\" \/>\n\t<meta property=\"og:image:height\" content=\"772\" \/>\n\t<meta property=\"og:image:type\" content=\"image\/jpeg\" \/>\n<meta name=\"author\" content=\"Ag\u00eancia iNFRA\" \/>\n<meta name=\"twitter:card\" content=\"summary_large_image\" \/>\n<meta name=\"twitter:creator\" content=\"@agencia_infra\" \/>\n<meta name=\"twitter:site\" content=\"@agencia_infra\" \/>\n<meta name=\"twitter:label1\" content=\"Escrito por\" \/>\n\t<meta name=\"twitter:data1\" content=\"Ag\u00eancia iNFRA\" \/>\n\t<meta name=\"twitter:label2\" content=\"Est. tempo de leitura\" \/>\n\t<meta name=\"twitter:data2\" content=\"2 minutos\" \/>\n<script type=\"application\/ld+json\" class=\"yoast-schema-graph\">{\"@context\":\"https:\/\/schema.org\",\"@graph\":[{\"@type\":\"Article\",\"@id\":\"https:\/\/agenciainfra.com\/blog\/aneel-corte-de-gd-solar-e-reducao-de-creditos-dependem-de-aval-juridico\/#article\",\"isPartOf\":{\"@id\":\"https:\/\/agenciainfra.com\/blog\/aneel-corte-de-gd-solar-e-reducao-de-creditos-dependem-de-aval-juridico\/\"},\"author\":{\"name\":\"Ag\u00eancia iNFRA\",\"@id\":\"https:\/\/agenciainfra.com\/blog\/#\/schema\/person\/34af08dff6adea4cb22b06612ba7acfa\"},\"headline\":\"ANEEL: Corte de GD solar e redu\u00e7\u00e3o de cr\u00e9ditos dependem de aval jur\u00eddico\",\"datePublished\":\"2025-11-27T15:00:00+00:00\",\"dateModified\":\"2025-11-28T16:47:11+00:00\",\"mainEntityOfPage\":{\"@id\":\"https:\/\/agenciainfra.com\/blog\/aneel-corte-de-gd-solar-e-reducao-de-creditos-dependem-de-aval-juridico\/\"},\"wordCount\":413,\"publisher\":{\"@id\":\"https:\/\/agenciainfra.com\/blog\/#organization\"},\"image\":{\"@id\":\"https:\/\/agenciainfra.com\/blog\/aneel-corte-de-gd-solar-e-reducao-de-creditos-dependem-de-aval-juridico\/#primaryimage\"},\"thumbnailUrl\":\"https:\/\/agenciainfra.com\/blog\/wp-content\/uploads\/2025\/06\/agnes-costa-foto-michel-jesus-aneel-e1750165599724.jpg\",\"keywords\":[\"ag\u00eancia reguladora\",\"Agnes Costa\",\"ANEEL\",\"cortes de gera\u00e7\u00e3o\",\"curtailment\",\"Gabriel Vasconcelos\",\"GD solar\",\"Marisa Wanzeller\"],\"articleSection\":[\"Destaque lista\",\"iNFRAEnergia\"],\"inLanguage\":\"pt-BR\",\"copyrightYear\":\"2025\",\"copyrightHolder\":{\"@id\":\"https:\/\/agenciainfra.com\/blog\/#organization\"}},{\"@type\":\"WebPage\",\"@id\":\"https:\/\/agenciainfra.com\/blog\/aneel-corte-de-gd-solar-e-reducao-de-creditos-dependem-de-aval-juridico\/\",\"url\":\"https:\/\/agenciainfra.com\/blog\/aneel-corte-de-gd-solar-e-reducao-de-creditos-dependem-de-aval-juridico\/\",\"name\":\"ANEEL: Corte de GD solar e redu\u00e7\u00e3o de cr\u00e9ditos dependem de aval jur\u00eddico - Ag\u00eancia iNFRA\",\"isPartOf\":{\"@id\":\"https:\/\/agenciainfra.com\/blog\/#website\"},\"primaryImageOfPage\":{\"@id\":\"https:\/\/agenciainfra.com\/blog\/aneel-corte-de-gd-solar-e-reducao-de-creditos-dependem-de-aval-juridico\/#primaryimage\"},\"image\":{\"@id\":\"https:\/\/agenciainfra.com\/blog\/aneel-corte-de-gd-solar-e-reducao-de-creditos-dependem-de-aval-juridico\/#primaryimage\"},\"thumbnailUrl\":\"https:\/\/agenciainfra.com\/blog\/wp-content\/uploads\/2025\/06\/agnes-costa-foto-michel-jesus-aneel-e1750165599724.jpg\",\"datePublished\":\"2025-11-27T15:00:00+00:00\",\"dateModified\":\"2025-11-28T16:47:11+00:00\",\"breadcrumb\":{\"@id\":\"https:\/\/agenciainfra.com\/blog\/aneel-corte-de-gd-solar-e-reducao-de-creditos-dependem-de-aval-juridico\/#breadcrumb\"},\"inLanguage\":\"pt-BR\",\"potentialAction\":[{\"@type\":\"ReadAction\",\"target\":[\"https:\/\/agenciainfra.com\/blog\/aneel-corte-de-gd-solar-e-reducao-de-creditos-dependem-de-aval-juridico\/\"]}]},{\"@type\":\"ImageObject\",\"inLanguage\":\"pt-BR\",\"@id\":\"https:\/\/agenciainfra.com\/blog\/aneel-corte-de-gd-solar-e-reducao-de-creditos-dependem-de-aval-juridico\/#primaryimage\",\"url\":\"https:\/\/agenciainfra.com\/blog\/wp-content\/uploads\/2025\/06\/agnes-costa-foto-michel-jesus-aneel-e1750165599724.jpg\",\"contentUrl\":\"https:\/\/agenciainfra.com\/blog\/wp-content\/uploads\/2025\/06\/agnes-costa-foto-michel-jesus-aneel-e1750165599724.jpg\",\"width\":1280,\"height\":772,\"caption\":\"Foto: Michel Jesus\/ANEEL\"},{\"@type\":\"BreadcrumbList\",\"@id\":\"https:\/\/agenciainfra.com\/blog\/aneel-corte-de-gd-solar-e-reducao-de-creditos-dependem-de-aval-juridico\/#breadcrumb\",\"itemListElement\":[{\"@type\":\"ListItem\",\"position\":1,\"name\":\"In\u00edcio\",\"item\":\"https:\/\/agenciainfra.com\/blog\/\"},{\"@type\":\"ListItem\",\"position\":2,\"name\":\"ANEEL: Corte de GD solar e redu\u00e7\u00e3o de cr\u00e9ditos dependem de aval jur\u00eddico\"}]},{\"@type\":\"WebSite\",\"@id\":\"https:\/\/agenciainfra.com\/blog\/#website\",\"url\":\"https:\/\/agenciainfra.com\/blog\/\",\"name\":\"Ag\u00eancia iNFRA\",\"description\":\"Multiplataforma de informa\u00e7\u00e3o jornal\u00edstica refer\u00eancia na \u00e1rea de infraestrutura no Brasil!\",\"publisher\":{\"@id\":\"https:\/\/agenciainfra.com\/blog\/#organization\"},\"potentialAction\":[{\"@type\":\"SearchAction\",\"target\":{\"@type\":\"EntryPoint\",\"urlTemplate\":\"https:\/\/agenciainfra.com\/blog\/?s={search_term_string}\"},\"query-input\":{\"@type\":\"PropertyValueSpecification\",\"valueRequired\":true,\"valueName\":\"search_term_string\"}}],\"inLanguage\":\"pt-BR\"},{\"@type\":\"Organization\",\"@id\":\"https:\/\/agenciainfra.com\/blog\/#organization\",\"name\":\"Ag\u00eancia iNFRA\",\"url\":\"https:\/\/agenciainfra.com\/blog\/\",\"logo\":{\"@type\":\"ImageObject\",\"inLanguage\":\"pt-BR\",\"@id\":\"https:\/\/agenciainfra.com\/blog\/#\/schema\/logo\/image\/\",\"url\":\"https:\/\/agenciainfra.com\/blog\/wp-content\/uploads\/2023\/09\/iNFRA_5-e1761735885940.png\",\"contentUrl\":\"https:\/\/agenciainfra.com\/blog\/wp-content\/uploads\/2023\/09\/iNFRA_5-e1761735885940.png\",\"width\":1672,\"height\":454,\"caption\":\"Ag\u00eancia iNFRA\"},\"image\":{\"@id\":\"https:\/\/agenciainfra.com\/blog\/#\/schema\/logo\/image\/\"},\"sameAs\":[\"https:\/\/www.facebook.com\/ageninfra\",\"https:\/\/x.com\/agencia_infra\",\"https:\/\/www.linkedin.com\/company\/ag\u00eanciainfra\/\",\"https:\/\/www.instagram.com\/agenciainfra\/\"]},{\"@type\":\"Person\",\"@id\":\"https:\/\/agenciainfra.com\/blog\/#\/schema\/person\/34af08dff6adea4cb22b06612ba7acfa\",\"name\":\"Ag\u00eancia iNFRA\",\"image\":{\"@type\":\"ImageObject\",\"inLanguage\":\"pt-BR\",\"@id\":\"https:\/\/agenciainfra.com\/blog\/#\/schema\/person\/image\/\",\"url\":\"https:\/\/secure.gravatar.com\/avatar\/d189e01678f06d8eb84d4e01f08eb848b3fffe3f8443818d3c356c66892f5be8?s=96&d=mm&r=g\",\"contentUrl\":\"https:\/\/secure.gravatar.com\/avatar\/d189e01678f06d8eb84d4e01f08eb848b3fffe3f8443818d3c356c66892f5be8?s=96&d=mm&r=g\",\"caption\":\"Ag\u00eancia iNFRA\"},\"url\":\"https:\/\/agenciainfra.com\/blog\/author\/admin\/\"}]}<\/script>\n<!-- \/ Yoast SEO Premium plugin. -->","yoast_head_json":{"title":"ANEEL: Corte de GD solar e redu\u00e7\u00e3o de cr\u00e9ditos dependem de aval jur\u00eddico - Ag\u00eancia iNFRA","robots":{"index":"index","follow":"follow","max-snippet":"max-snippet:-1","max-image-preview":"max-image-preview:large","max-video-preview":"max-video-preview:-1"},"canonical":"https:\/\/agenciainfra.com\/blog\/aneel-corte-de-gd-solar-e-reducao-de-creditos-dependem-de-aval-juridico\/","og_locale":"pt_BR","og_type":"article","og_title":"ANEEL: Corte de GD solar e redu\u00e7\u00e3o de cr\u00e9ditos dependem de aval jur\u00eddico","og_description":"&nbsp;Gabriel Vasconcelos e Marisa Wanzeller, da Ag\u00eancia iNFRA A diretora da ANEEL (Ag\u00eancia Nacional de Energia El\u00e9trica) Agnes Costa indicou disposi\u00e7\u00e3o de \u201ccorresponsabilizar\u201d a MMGD (Micro e Minigera\u00e7\u00e3o Distribu\u00edda) solar pelo \u201ccurtailment&#8221;, os cortes de gera\u00e7\u00e3o obrigat\u00f3rios. Segundo ela, isso pode acontecer por meio de cortes f\u00edsicos ou mesmo redu\u00e7\u00e3o de cr\u00e9ditos do sistema de [&hellip;]","og_url":"https:\/\/agenciainfra.com\/blog\/aneel-corte-de-gd-solar-e-reducao-de-creditos-dependem-de-aval-juridico\/","og_site_name":"Ag\u00eancia iNFRA","article_publisher":"https:\/\/www.facebook.com\/ageninfra","article_published_time":"2025-11-27T15:00:00+00:00","article_modified_time":"2025-11-28T16:47:11+00:00","og_image":[{"width":1280,"height":772,"url":"https:\/\/agenciainfra.com\/blog\/wp-content\/uploads\/2025\/06\/agnes-costa-foto-michel-jesus-aneel-e1750165599724.jpg","type":"image\/jpeg"}],"author":"Ag\u00eancia iNFRA","twitter_card":"summary_large_image","twitter_creator":"@agencia_infra","twitter_site":"@agencia_infra","twitter_misc":{"Escrito por":"Ag\u00eancia iNFRA","Est. tempo de leitura":"2 minutos"},"schema":{"@context":"https:\/\/schema.org","@graph":[{"@type":"Article","@id":"https:\/\/agenciainfra.com\/blog\/aneel-corte-de-gd-solar-e-reducao-de-creditos-dependem-de-aval-juridico\/#article","isPartOf":{"@id":"https:\/\/agenciainfra.com\/blog\/aneel-corte-de-gd-solar-e-reducao-de-creditos-dependem-de-aval-juridico\/"},"author":{"name":"Ag\u00eancia iNFRA","@id":"https:\/\/agenciainfra.com\/blog\/#\/schema\/person\/34af08dff6adea4cb22b06612ba7acfa"},"headline":"ANEEL: Corte de GD solar e redu\u00e7\u00e3o de cr\u00e9ditos dependem de aval jur\u00eddico","datePublished":"2025-11-27T15:00:00+00:00","dateModified":"2025-11-28T16:47:11+00:00","mainEntityOfPage":{"@id":"https:\/\/agenciainfra.com\/blog\/aneel-corte-de-gd-solar-e-reducao-de-creditos-dependem-de-aval-juridico\/"},"wordCount":413,"publisher":{"@id":"https:\/\/agenciainfra.com\/blog\/#organization"},"image":{"@id":"https:\/\/agenciainfra.com\/blog\/aneel-corte-de-gd-solar-e-reducao-de-creditos-dependem-de-aval-juridico\/#primaryimage"},"thumbnailUrl":"https:\/\/agenciainfra.com\/blog\/wp-content\/uploads\/2025\/06\/agnes-costa-foto-michel-jesus-aneel-e1750165599724.jpg","keywords":["ag\u00eancia reguladora","Agnes Costa","ANEEL","cortes de gera\u00e7\u00e3o","curtailment","Gabriel Vasconcelos","GD solar","Marisa Wanzeller"],"articleSection":["Destaque lista","iNFRAEnergia"],"inLanguage":"pt-BR","copyrightYear":"2025","copyrightHolder":{"@id":"https:\/\/agenciainfra.com\/blog\/#organization"}},{"@type":"WebPage","@id":"https:\/\/agenciainfra.com\/blog\/aneel-corte-de-gd-solar-e-reducao-de-creditos-dependem-de-aval-juridico\/","url":"https:\/\/agenciainfra.com\/blog\/aneel-corte-de-gd-solar-e-reducao-de-creditos-dependem-de-aval-juridico\/","name":"ANEEL: Corte de GD solar e redu\u00e7\u00e3o de cr\u00e9ditos dependem de aval jur\u00eddico - Ag\u00eancia iNFRA","isPartOf":{"@id":"https:\/\/agenciainfra.com\/blog\/#website"},"primaryImageOfPage":{"@id":"https:\/\/agenciainfra.com\/blog\/aneel-corte-de-gd-solar-e-reducao-de-creditos-dependem-de-aval-juridico\/#primaryimage"},"image":{"@id":"https:\/\/agenciainfra.com\/blog\/aneel-corte-de-gd-solar-e-reducao-de-creditos-dependem-de-aval-juridico\/#primaryimage"},"thumbnailUrl":"https:\/\/agenciainfra.com\/blog\/wp-content\/uploads\/2025\/06\/agnes-costa-foto-michel-jesus-aneel-e1750165599724.jpg","datePublished":"2025-11-27T15:00:00+00:00","dateModified":"2025-11-28T16:47:11+00:00","breadcrumb":{"@id":"https:\/\/agenciainfra.com\/blog\/aneel-corte-de-gd-solar-e-reducao-de-creditos-dependem-de-aval-juridico\/#breadcrumb"},"inLanguage":"pt-BR","potentialAction":[{"@type":"ReadAction","target":["https:\/\/agenciainfra.com\/blog\/aneel-corte-de-gd-solar-e-reducao-de-creditos-dependem-de-aval-juridico\/"]}]},{"@type":"ImageObject","inLanguage":"pt-BR","@id":"https:\/\/agenciainfra.com\/blog\/aneel-corte-de-gd-solar-e-reducao-de-creditos-dependem-de-aval-juridico\/#primaryimage","url":"https:\/\/agenciainfra.com\/blog\/wp-content\/uploads\/2025\/06\/agnes-costa-foto-michel-jesus-aneel-e1750165599724.jpg","contentUrl":"https:\/\/agenciainfra.com\/blog\/wp-content\/uploads\/2025\/06\/agnes-costa-foto-michel-jesus-aneel-e1750165599724.jpg","width":1280,"height":772,"caption":"Foto: Michel Jesus\/ANEEL"},{"@type":"BreadcrumbList","@id":"https:\/\/agenciainfra.com\/blog\/aneel-corte-de-gd-solar-e-reducao-de-creditos-dependem-de-aval-juridico\/#breadcrumb","itemListElement":[{"@type":"ListItem","position":1,"name":"In\u00edcio","item":"https:\/\/agenciainfra.com\/blog\/"},{"@type":"ListItem","position":2,"name":"ANEEL: Corte de GD solar e redu\u00e7\u00e3o de cr\u00e9ditos dependem de aval jur\u00eddico"}]},{"@type":"WebSite","@id":"https:\/\/agenciainfra.com\/blog\/#website","url":"https:\/\/agenciainfra.com\/blog\/","name":"Ag\u00eancia iNFRA","description":"Multiplataforma de informa\u00e7\u00e3o jornal\u00edstica refer\u00eancia na \u00e1rea de infraestrutura no Brasil!","publisher":{"@id":"https:\/\/agenciainfra.com\/blog\/#organization"},"potentialAction":[{"@type":"SearchAction","target":{"@type":"EntryPoint","urlTemplate":"https:\/\/agenciainfra.com\/blog\/?s={search_term_string}"},"query-input":{"@type":"PropertyValueSpecification","valueRequired":true,"valueName":"search_term_string"}}],"inLanguage":"pt-BR"},{"@type":"Organization","@id":"https:\/\/agenciainfra.com\/blog\/#organization","name":"Ag\u00eancia iNFRA","url":"https:\/\/agenciainfra.com\/blog\/","logo":{"@type":"ImageObject","inLanguage":"pt-BR","@id":"https:\/\/agenciainfra.com\/blog\/#\/schema\/logo\/image\/","url":"https:\/\/agenciainfra.com\/blog\/wp-content\/uploads\/2023\/09\/iNFRA_5-e1761735885940.png","contentUrl":"https:\/\/agenciainfra.com\/blog\/wp-content\/uploads\/2023\/09\/iNFRA_5-e1761735885940.png","width":1672,"height":454,"caption":"Ag\u00eancia iNFRA"},"image":{"@id":"https:\/\/agenciainfra.com\/blog\/#\/schema\/logo\/image\/"},"sameAs":["https:\/\/www.facebook.com\/ageninfra","https:\/\/x.com\/agencia_infra","https:\/\/www.linkedin.com\/company\/ag\u00eanciainfra\/","https:\/\/www.instagram.com\/agenciainfra\/"]},{"@type":"Person","@id":"https:\/\/agenciainfra.com\/blog\/#\/schema\/person\/34af08dff6adea4cb22b06612ba7acfa","name":"Ag\u00eancia iNFRA","image":{"@type":"ImageObject","inLanguage":"pt-BR","@id":"https:\/\/agenciainfra.com\/blog\/#\/schema\/person\/image\/","url":"https:\/\/secure.gravatar.com\/avatar\/d189e01678f06d8eb84d4e01f08eb848b3fffe3f8443818d3c356c66892f5be8?s=96&d=mm&r=g","contentUrl":"https:\/\/secure.gravatar.com\/avatar\/d189e01678f06d8eb84d4e01f08eb848b3fffe3f8443818d3c356c66892f5be8?s=96&d=mm&r=g","caption":"Ag\u00eancia iNFRA"},"url":"https:\/\/agenciainfra.com\/blog\/author\/admin\/"}]}},"_links":{"self":[{"href":"https:\/\/agenciainfra.com\/blog\/wp-json\/wp\/v2\/posts\/32796","targetHints":{"allow":["GET"]}}],"collection":[{"href":"https:\/\/agenciainfra.com\/blog\/wp-json\/wp\/v2\/posts"}],"about":[{"href":"https:\/\/agenciainfra.com\/blog\/wp-json\/wp\/v2\/types\/post"}],"author":[{"embeddable":true,"href":"https:\/\/agenciainfra.com\/blog\/wp-json\/wp\/v2\/users\/1"}],"replies":[{"embeddable":true,"href":"https:\/\/agenciainfra.com\/blog\/wp-json\/wp\/v2\/comments?post=32796"}],"version-history":[{"count":2,"href":"https:\/\/agenciainfra.com\/blog\/wp-json\/wp\/v2\/posts\/32796\/revisions"}],"predecessor-version":[{"id":32803,"href":"https:\/\/agenciainfra.com\/blog\/wp-json\/wp\/v2\/posts\/32796\/revisions\/32803"}],"wp:featuredmedia":[{"embeddable":true,"href":"https:\/\/agenciainfra.com\/blog\/wp-json\/wp\/v2\/media\/22679"}],"wp:attachment":[{"href":"https:\/\/agenciainfra.com\/blog\/wp-json\/wp\/v2\/media?parent=32796"}],"wp:term":[{"taxonomy":"category","embeddable":true,"href":"https:\/\/agenciainfra.com\/blog\/wp-json\/wp\/v2\/categories?post=32796"},{"taxonomy":"post_tag","embeddable":true,"href":"https:\/\/agenciainfra.com\/blog\/wp-json\/wp\/v2\/tags?post=32796"}],"curies":[{"name":"wp","href":"https:\/\/api.w.org\/{rel}","templated":true}]}}