{"id":32845,"date":"2025-11-27T13:57:42","date_gmt":"2025-11-27T16:57:42","guid":{"rendered":"https:\/\/agenciainfra.com\/blog\/?p=32845"},"modified":"2025-11-28T19:37:49","modified_gmt":"2025-11-28T22:37:49","slug":"congresso-derruba-vetos-do-licenciamento-ambiental","status":"publish","type":"post","link":"https:\/\/agenciainfra.com\/blog\/congresso-derruba-vetos-do-licenciamento-ambiental\/","title":{"rendered":"Congresso derruba maioria dos vetos do marco do licenciamento ambiental"},"content":{"rendered":"\n<p class=\"has-text-align-right\"><strong>Geraldo Campos Jr., Rafael Bitencourt e Mar\u00edlia Sena, da Ag\u00eancia iNFRA<\/strong><\/p>\n\n\n\n<p>O Congresso Nacional derrubou, na tarde desta quinta-feira (27), a maioria dos vetos do presidente Lula ao novo marco do licenciamento ambiental (<a href=\"https:\/\/www.planalto.gov.br\/ccivil_03\/_ato2023-2026\/2025\/lei\/l15190.htm\">Lei 15.190\/2025<\/a>). Dos 59 dispositivos pendentes de an\u00e1lise, 52 foram rejeitados e voltar\u00e3o ao texto da lei, representando uma derrota para o governo. Outros sete tiveram a aprecia\u00e7\u00e3o adiada, que s\u00e3o os trechos referentes \u00e0&nbsp; LAE (Licen\u00e7a Ambiental Especial).<\/p>\n\n\n\n<p>A an\u00e1lise ocorreu em duas vota\u00e7\u00f5es. Na primeira, foram derrubados 24 vetos em bloco com outros temas al\u00e9m do licenciamento ambiental. O placar variou conforme cada dispositivo, mas em todos a diferen\u00e7a foi de pelo menos 100 votos. Leia <a href=\"https:\/\/agenciainfra.com\/blog\/wp-content\/uploads\/2025\/11\/resultado-geral-459.pdf\">aqui<\/a> o resultado da vota\u00e7\u00e3o de cada item.<\/p>\n\n\n\n<p>Trechos sobre saneamento b\u00e1sico foram derrubados nesta primeira vota\u00e7\u00e3o. Com isso, a lei dispensar\u00e1 de licenciamento os projetos do setor at\u00e9 atingir metas de universaliza\u00e7\u00e3o. A medida permite que obras de esta\u00e7\u00f5es de tratamento e sistemas de rede avancem com procedimento simplificado. Investidores do setor avaliam que, em geral, estes empreendimentos t\u00eam impacto controlado e compat\u00edveis com a nova proposta de regulamenta\u00e7\u00e3o, al\u00e9m de manter a responsabilidade t\u00e9cnica do empreendedor.<\/p>\n\n\n\n<p>No bloco, tamb\u00e9m foi derrubado o veto que permite procedimento simplificado e prioridade na an\u00e1lise para o licenciamento ambiental de projetos relacionados a saneamento b\u00e1sico e empreendimentos necess\u00e1rios para a seguran\u00e7a energ\u00e9tica nacional.<\/p>\n\n\n\n<p><strong>Segunda vota\u00e7\u00e3o<\/strong><\/p>\n\n\n\n<p>Partidos da base governista destacaram 28 vetos para vota\u00e7\u00e3o em separado. O governo orientou pela manuten\u00e7\u00e3o destes trechos, mas acabou derrotado. A C\u00e2mara derrubou os itens por 295 votos contra 167. J\u00e1 o Senado teve placar de 52 a 15 pela reinser\u00e7\u00e3o dos trechos na lei.<\/p>\n\n\n\n<p>Dentre os vetos derrubados na segunda vota\u00e7\u00e3o, est\u00e1 o que dispensa de licenciamento os servi\u00e7os e obras direcionados \u00e0 manuten\u00e7\u00e3o e ao melhoramento da infraestrutura em instala\u00e7\u00f5es preexistentes ou em faixas de dom\u00ednio e de servid\u00e3o. A dispensa inclui obras de dragagens de manuten\u00e7\u00e3o e rodovias anteriormente pavimentadas.<\/p>\n\n\n\n<p>Tamb\u00e9m caiu o veto que permite o licenciamento de projetos de linhas de transmiss\u00e3o de energia nas faixas de dom\u00ednio de rodovias mediante a LAC (Licen\u00e7a Ambiental por Ades\u00e3o e Compromisso).<\/p>\n\n\n\n<p><strong>LAE fica para depois<\/strong><\/p>\n\n\n\n<p>Foi fechado acordo para sobrestar (adiar a aprecia\u00e7\u00e3o, que passar\u00e1 a ter prioridade em novas sess\u00f5es) os sete vetos que tratam da LAE. O entendimento, segundo o presidente Davi Alcolumbre (Uni\u00e3o-AP), se deve ao fato que os trechos sobre o tema j\u00e1 tramitam na MP 1.308, que deve ter relat\u00f3rio apresentado na comiss\u00e3o mista na pr\u00f3xima semana. <\/p>\n\n\n\n<p>A LAE foi uma proposta do Senado patrocinada pelo presidente da Casa, Davi Alcolumbre (Uni\u00e3o-AP). A estrat\u00e9gia envolvia a tentativa de acelerar o licenciamento da explora\u00e7\u00e3o de petr\u00f3leo no litoral do Amap\u00e1, na regi\u00e3o da Margem Equatorial.<\/p>\n\n\n\n<p>A constru\u00e7\u00e3o foi feita pelo l\u00edder do governo no Congresso, Randolfe Rodrigues (PT-AP), com a senadora Tereza Cristina (PP-MS) e o deputado Z\u00e9 Vitor (PL-MG), respectivamente presidente e relator da comiss\u00e3o que analisa a MP no Congresso.<\/p>\n\n\n\n<p>Durante a sess\u00e3o, o Alcolumbre discursou afirmando ter sido alvo de cr\u00edticas pela decis\u00e3o de incluir na pauta da sess\u00e3o os vetos do licenciamento. Foi uma resposta a cr\u00edticas que vinham sendo feitas por parlamentares governistas. \u201cO Congresso Nacional n\u00e3o pode se furtar ao cumprimento de suas responsabilidades constitucionais. Deliberar sobre vetos presidenciais \u00e9 parte essencial do processo legislativo\u201d, disse o presidente do Congresso.<\/p>\n\n\n\n<p><em>* O texto foi atualizado \u00e0s 16h36 com mais informa\u00e7\u00f5es.<\/em><\/p>\n","protected":false},"excerpt":{"rendered":"<p>Geraldo Campos Jr., Rafael Bitencourt e Mar\u00edlia Sena, da Ag\u00eancia iNFRA O Congresso Nacional derrubou, na tarde desta quinta-feira (27), a maioria dos vetos do presidente Lula ao novo marco do licenciamento ambiental (Lei 15.190\/2025). Dos 59 dispositivos pendentes de an\u00e1lise, 52 foram rejeitados e voltar\u00e3o ao texto da lei, representando uma derrota para o [&hellip;]<\/p>\n","protected":false},"author":1,"featured_media":32846,"comment_status":"closed","ping_status":"closed","sticky":false,"template":"","format":"standard","meta":{"_monsterinsights_skip_tracking":false,"_monsterinsights_sitenote_active":false,"_monsterinsights_sitenote_note":"","_monsterinsights_sitenote_category":0,"footnotes":""},"categories":[7250,13576],"tags":[779,11594,14226,16742,223,580,11654,13813],"class_list":["post-32845","post","type-post","status-publish","format-standard","has-post-thumbnail","hentry","category-destaque-lista","category-giro-infra","tag-congresso-nacional","tag-geraldo-campos-jr","tag-lae","tag-lei-15-190-2025","tag-licenciamento-ambiental","tag-lula","tag-marilia-sena","tag-rafael-bitencourt"],"yoast_head":"<!-- This site is optimized with the Yoast SEO Premium plugin v25.4 (Yoast SEO v26.0) - https:\/\/yoast.com\/wordpress\/plugins\/seo\/ -->\n<title>Congresso derruba vetos do marco do licenciamento ambiental<\/title>\n<meta name=\"description\" content=\"Dos 59 dispositivos pendentes de an\u00e1lise, 52 foram rejeitados e voltar\u00e3o ao texto da lei, representando uma derrota para o governo\" \/>\n<meta name=\"robots\" content=\"index, follow, max-snippet:-1, max-image-preview:large, max-video-preview:-1\" \/>\n<link rel=\"canonical\" href=\"https:\/\/agenciainfra.com\/blog\/congresso-derruba-vetos-do-licenciamento-ambiental\/\" \/>\n<meta property=\"og:locale\" content=\"pt_BR\" \/>\n<meta property=\"og:type\" content=\"article\" \/>\n<meta property=\"og:title\" content=\"Congresso derruba maioria dos vetos do marco do licenciamento ambiental\" \/>\n<meta property=\"og:description\" content=\"Dos 59 dispositivos pendentes de an\u00e1lise, 52 foram rejeitados e voltar\u00e3o ao texto da lei, representando uma derrota para o governo\" \/>\n<meta property=\"og:url\" content=\"https:\/\/agenciainfra.com\/blog\/congresso-derruba-vetos-do-licenciamento-ambiental\/\" \/>\n<meta property=\"og:site_name\" content=\"Ag\u00eancia iNFRA\" \/>\n<meta property=\"article:publisher\" content=\"https:\/\/www.facebook.com\/ageninfra\" \/>\n<meta property=\"article:published_time\" content=\"2025-11-27T16:57:42+00:00\" \/>\n<meta property=\"article:modified_time\" content=\"2025-11-28T22:37:49+00:00\" \/>\n<meta property=\"og:image\" content=\"https:\/\/agenciainfra.com\/blog\/wp-content\/uploads\/2025\/11\/Votacao-de-vetos-presidenciais-e-PLN-foto-kayo-Magalhaes-Camara-dos-Deputados-scaled-e1764262260395.jpg\" \/>\n\t<meta property=\"og:image:width\" content=\"1280\" \/>\n\t<meta property=\"og:image:height\" content=\"789\" \/>\n\t<meta property=\"og:image:type\" content=\"image\/jpeg\" \/>\n<meta name=\"author\" content=\"Ag\u00eancia iNFRA\" \/>\n<meta name=\"twitter:card\" content=\"summary_large_image\" \/>\n<meta name=\"twitter:creator\" content=\"@agencia_infra\" \/>\n<meta name=\"twitter:site\" content=\"@agencia_infra\" \/>\n<meta name=\"twitter:label1\" content=\"Escrito por\" \/>\n\t<meta name=\"twitter:data1\" content=\"Ag\u00eancia iNFRA\" \/>\n\t<meta name=\"twitter:label2\" content=\"Est. tempo de leitura\" \/>\n\t<meta name=\"twitter:data2\" content=\"3 minutos\" \/>\n<script type=\"application\/ld+json\" class=\"yoast-schema-graph\">{\"@context\":\"https:\/\/schema.org\",\"@graph\":[{\"@type\":\"Article\",\"@id\":\"https:\/\/agenciainfra.com\/blog\/congresso-derruba-vetos-do-licenciamento-ambiental\/#article\",\"isPartOf\":{\"@id\":\"https:\/\/agenciainfra.com\/blog\/congresso-derruba-vetos-do-licenciamento-ambiental\/\"},\"author\":{\"name\":\"Ag\u00eancia iNFRA\",\"@id\":\"https:\/\/agenciainfra.com\/blog\/#\/schema\/person\/34af08dff6adea4cb22b06612ba7acfa\"},\"headline\":\"Congresso derruba maioria dos vetos do marco do licenciamento ambiental\",\"datePublished\":\"2025-11-27T16:57:42+00:00\",\"dateModified\":\"2025-11-28T22:37:49+00:00\",\"mainEntityOfPage\":{\"@id\":\"https:\/\/agenciainfra.com\/blog\/congresso-derruba-vetos-do-licenciamento-ambiental\/\"},\"wordCount\":618,\"publisher\":{\"@id\":\"https:\/\/agenciainfra.com\/blog\/#organization\"},\"image\":{\"@id\":\"https:\/\/agenciainfra.com\/blog\/congresso-derruba-vetos-do-licenciamento-ambiental\/#primaryimage\"},\"thumbnailUrl\":\"https:\/\/agenciainfra.com\/blog\/wp-content\/uploads\/2025\/11\/Votacao-de-vetos-presidenciais-e-PLN-foto-kayo-Magalhaes-Camara-dos-Deputados-scaled-e1764262260395.jpg\",\"keywords\":[\"Congresso Nacional\",\"Geraldo Campos Jr.\",\"LAE\",\"Lei 15.190\/2025\",\"Licenciamento ambiental\",\"Lula\",\"Mar\u00edlia Sena\",\"Rafael Bitencourt\"],\"articleSection\":[\"Destaque lista\",\"Giro iNFRA\"],\"inLanguage\":\"pt-BR\",\"copyrightYear\":\"2025\",\"copyrightHolder\":{\"@id\":\"https:\/\/agenciainfra.com\/blog\/#organization\"}},{\"@type\":\"WebPage\",\"@id\":\"https:\/\/agenciainfra.com\/blog\/congresso-derruba-vetos-do-licenciamento-ambiental\/\",\"url\":\"https:\/\/agenciainfra.com\/blog\/congresso-derruba-vetos-do-licenciamento-ambiental\/\",\"name\":\"Congresso derruba vetos do marco do licenciamento ambiental\",\"isPartOf\":{\"@id\":\"https:\/\/agenciainfra.com\/blog\/#website\"},\"primaryImageOfPage\":{\"@id\":\"https:\/\/agenciainfra.com\/blog\/congresso-derruba-vetos-do-licenciamento-ambiental\/#primaryimage\"},\"image\":{\"@id\":\"https:\/\/agenciainfra.com\/blog\/congresso-derruba-vetos-do-licenciamento-ambiental\/#primaryimage\"},\"thumbnailUrl\":\"https:\/\/agenciainfra.com\/blog\/wp-content\/uploads\/2025\/11\/Votacao-de-vetos-presidenciais-e-PLN-foto-kayo-Magalhaes-Camara-dos-Deputados-scaled-e1764262260395.jpg\",\"datePublished\":\"2025-11-27T16:57:42+00:00\",\"dateModified\":\"2025-11-28T22:37:49+00:00\",\"description\":\"Dos 59 dispositivos pendentes de an\u00e1lise, 52 foram rejeitados e voltar\u00e3o ao texto da lei, representando uma derrota para o governo\",\"breadcrumb\":{\"@id\":\"https:\/\/agenciainfra.com\/blog\/congresso-derruba-vetos-do-licenciamento-ambiental\/#breadcrumb\"},\"inLanguage\":\"pt-BR\",\"potentialAction\":[{\"@type\":\"ReadAction\",\"target\":[\"https:\/\/agenciainfra.com\/blog\/congresso-derruba-vetos-do-licenciamento-ambiental\/\"]}]},{\"@type\":\"ImageObject\",\"inLanguage\":\"pt-BR\",\"@id\":\"https:\/\/agenciainfra.com\/blog\/congresso-derruba-vetos-do-licenciamento-ambiental\/#primaryimage\",\"url\":\"https:\/\/agenciainfra.com\/blog\/wp-content\/uploads\/2025\/11\/Votacao-de-vetos-presidenciais-e-PLN-foto-kayo-Magalhaes-Camara-dos-Deputados-scaled-e1764262260395.jpg\",\"contentUrl\":\"https:\/\/agenciainfra.com\/blog\/wp-content\/uploads\/2025\/11\/Votacao-de-vetos-presidenciais-e-PLN-foto-kayo-Magalhaes-Camara-dos-Deputados-scaled-e1764262260395.jpg\",\"width\":1280,\"height\":789,\"caption\":\"Foto: Kayo Magalh\u00e3es\/C\u00e2mara dos Deputados\"},{\"@type\":\"BreadcrumbList\",\"@id\":\"https:\/\/agenciainfra.com\/blog\/congresso-derruba-vetos-do-licenciamento-ambiental\/#breadcrumb\",\"itemListElement\":[{\"@type\":\"ListItem\",\"position\":1,\"name\":\"In\u00edcio\",\"item\":\"https:\/\/agenciainfra.com\/blog\/\"},{\"@type\":\"ListItem\",\"position\":2,\"name\":\"Congresso derruba maioria dos vetos do marco do licenciamento ambiental\"}]},{\"@type\":\"WebSite\",\"@id\":\"https:\/\/agenciainfra.com\/blog\/#website\",\"url\":\"https:\/\/agenciainfra.com\/blog\/\",\"name\":\"Ag\u00eancia iNFRA\",\"description\":\"Multiplataforma de informa\u00e7\u00e3o jornal\u00edstica refer\u00eancia na \u00e1rea de infraestrutura no Brasil!\",\"publisher\":{\"@id\":\"https:\/\/agenciainfra.com\/blog\/#organization\"},\"potentialAction\":[{\"@type\":\"SearchAction\",\"target\":{\"@type\":\"EntryPoint\",\"urlTemplate\":\"https:\/\/agenciainfra.com\/blog\/?s={search_term_string}\"},\"query-input\":{\"@type\":\"PropertyValueSpecification\",\"valueRequired\":true,\"valueName\":\"search_term_string\"}}],\"inLanguage\":\"pt-BR\"},{\"@type\":\"Organization\",\"@id\":\"https:\/\/agenciainfra.com\/blog\/#organization\",\"name\":\"Ag\u00eancia iNFRA\",\"url\":\"https:\/\/agenciainfra.com\/blog\/\",\"logo\":{\"@type\":\"ImageObject\",\"inLanguage\":\"pt-BR\",\"@id\":\"https:\/\/agenciainfra.com\/blog\/#\/schema\/logo\/image\/\",\"url\":\"https:\/\/agenciainfra.com\/blog\/wp-content\/uploads\/2023\/09\/iNFRA_5-e1761735885940.png\",\"contentUrl\":\"https:\/\/agenciainfra.com\/blog\/wp-content\/uploads\/2023\/09\/iNFRA_5-e1761735885940.png\",\"width\":1672,\"height\":454,\"caption\":\"Ag\u00eancia iNFRA\"},\"image\":{\"@id\":\"https:\/\/agenciainfra.com\/blog\/#\/schema\/logo\/image\/\"},\"sameAs\":[\"https:\/\/www.facebook.com\/ageninfra\",\"https:\/\/x.com\/agencia_infra\",\"https:\/\/www.linkedin.com\/company\/ag\u00eanciainfra\/\",\"https:\/\/www.instagram.com\/agenciainfra\/\"]},{\"@type\":\"Person\",\"@id\":\"https:\/\/agenciainfra.com\/blog\/#\/schema\/person\/34af08dff6adea4cb22b06612ba7acfa\",\"name\":\"Ag\u00eancia iNFRA\",\"image\":{\"@type\":\"ImageObject\",\"inLanguage\":\"pt-BR\",\"@id\":\"https:\/\/agenciainfra.com\/blog\/#\/schema\/person\/image\/\",\"url\":\"https:\/\/secure.gravatar.com\/avatar\/d189e01678f06d8eb84d4e01f08eb848b3fffe3f8443818d3c356c66892f5be8?s=96&d=mm&r=g\",\"contentUrl\":\"https:\/\/secure.gravatar.com\/avatar\/d189e01678f06d8eb84d4e01f08eb848b3fffe3f8443818d3c356c66892f5be8?s=96&d=mm&r=g\",\"caption\":\"Ag\u00eancia iNFRA\"},\"url\":\"https:\/\/agenciainfra.com\/blog\/author\/admin\/\"}]}<\/script>\n<!-- \/ Yoast SEO Premium plugin. -->","yoast_head_json":{"title":"Congresso derruba vetos do marco do licenciamento ambiental","description":"Dos 59 dispositivos pendentes de an\u00e1lise, 52 foram rejeitados e voltar\u00e3o ao texto da lei, representando uma derrota para o governo","robots":{"index":"index","follow":"follow","max-snippet":"max-snippet:-1","max-image-preview":"max-image-preview:large","max-video-preview":"max-video-preview:-1"},"canonical":"https:\/\/agenciainfra.com\/blog\/congresso-derruba-vetos-do-licenciamento-ambiental\/","og_locale":"pt_BR","og_type":"article","og_title":"Congresso derruba maioria dos vetos do marco do licenciamento ambiental","og_description":"Dos 59 dispositivos pendentes de an\u00e1lise, 52 foram rejeitados e voltar\u00e3o ao texto da lei, representando uma derrota para o governo","og_url":"https:\/\/agenciainfra.com\/blog\/congresso-derruba-vetos-do-licenciamento-ambiental\/","og_site_name":"Ag\u00eancia iNFRA","article_publisher":"https:\/\/www.facebook.com\/ageninfra","article_published_time":"2025-11-27T16:57:42+00:00","article_modified_time":"2025-11-28T22:37:49+00:00","og_image":[{"width":1280,"height":789,"url":"https:\/\/agenciainfra.com\/blog\/wp-content\/uploads\/2025\/11\/Votacao-de-vetos-presidenciais-e-PLN-foto-kayo-Magalhaes-Camara-dos-Deputados-scaled-e1764262260395.jpg","type":"image\/jpeg"}],"author":"Ag\u00eancia iNFRA","twitter_card":"summary_large_image","twitter_creator":"@agencia_infra","twitter_site":"@agencia_infra","twitter_misc":{"Escrito por":"Ag\u00eancia iNFRA","Est. tempo de leitura":"3 minutos"},"schema":{"@context":"https:\/\/schema.org","@graph":[{"@type":"Article","@id":"https:\/\/agenciainfra.com\/blog\/congresso-derruba-vetos-do-licenciamento-ambiental\/#article","isPartOf":{"@id":"https:\/\/agenciainfra.com\/blog\/congresso-derruba-vetos-do-licenciamento-ambiental\/"},"author":{"name":"Ag\u00eancia iNFRA","@id":"https:\/\/agenciainfra.com\/blog\/#\/schema\/person\/34af08dff6adea4cb22b06612ba7acfa"},"headline":"Congresso derruba maioria dos vetos do marco do licenciamento ambiental","datePublished":"2025-11-27T16:57:42+00:00","dateModified":"2025-11-28T22:37:49+00:00","mainEntityOfPage":{"@id":"https:\/\/agenciainfra.com\/blog\/congresso-derruba-vetos-do-licenciamento-ambiental\/"},"wordCount":618,"publisher":{"@id":"https:\/\/agenciainfra.com\/blog\/#organization"},"image":{"@id":"https:\/\/agenciainfra.com\/blog\/congresso-derruba-vetos-do-licenciamento-ambiental\/#primaryimage"},"thumbnailUrl":"https:\/\/agenciainfra.com\/blog\/wp-content\/uploads\/2025\/11\/Votacao-de-vetos-presidenciais-e-PLN-foto-kayo-Magalhaes-Camara-dos-Deputados-scaled-e1764262260395.jpg","keywords":["Congresso Nacional","Geraldo Campos Jr.","LAE","Lei 15.190\/2025","Licenciamento ambiental","Lula","Mar\u00edlia Sena","Rafael Bitencourt"],"articleSection":["Destaque lista","Giro iNFRA"],"inLanguage":"pt-BR","copyrightYear":"2025","copyrightHolder":{"@id":"https:\/\/agenciainfra.com\/blog\/#organization"}},{"@type":"WebPage","@id":"https:\/\/agenciainfra.com\/blog\/congresso-derruba-vetos-do-licenciamento-ambiental\/","url":"https:\/\/agenciainfra.com\/blog\/congresso-derruba-vetos-do-licenciamento-ambiental\/","name":"Congresso derruba vetos do marco do licenciamento ambiental","isPartOf":{"@id":"https:\/\/agenciainfra.com\/blog\/#website"},"primaryImageOfPage":{"@id":"https:\/\/agenciainfra.com\/blog\/congresso-derruba-vetos-do-licenciamento-ambiental\/#primaryimage"},"image":{"@id":"https:\/\/agenciainfra.com\/blog\/congresso-derruba-vetos-do-licenciamento-ambiental\/#primaryimage"},"thumbnailUrl":"https:\/\/agenciainfra.com\/blog\/wp-content\/uploads\/2025\/11\/Votacao-de-vetos-presidenciais-e-PLN-foto-kayo-Magalhaes-Camara-dos-Deputados-scaled-e1764262260395.jpg","datePublished":"2025-11-27T16:57:42+00:00","dateModified":"2025-11-28T22:37:49+00:00","description":"Dos 59 dispositivos pendentes de an\u00e1lise, 52 foram rejeitados e voltar\u00e3o ao texto da lei, representando uma derrota para o governo","breadcrumb":{"@id":"https:\/\/agenciainfra.com\/blog\/congresso-derruba-vetos-do-licenciamento-ambiental\/#breadcrumb"},"inLanguage":"pt-BR","potentialAction":[{"@type":"ReadAction","target":["https:\/\/agenciainfra.com\/blog\/congresso-derruba-vetos-do-licenciamento-ambiental\/"]}]},{"@type":"ImageObject","inLanguage":"pt-BR","@id":"https:\/\/agenciainfra.com\/blog\/congresso-derruba-vetos-do-licenciamento-ambiental\/#primaryimage","url":"https:\/\/agenciainfra.com\/blog\/wp-content\/uploads\/2025\/11\/Votacao-de-vetos-presidenciais-e-PLN-foto-kayo-Magalhaes-Camara-dos-Deputados-scaled-e1764262260395.jpg","contentUrl":"https:\/\/agenciainfra.com\/blog\/wp-content\/uploads\/2025\/11\/Votacao-de-vetos-presidenciais-e-PLN-foto-kayo-Magalhaes-Camara-dos-Deputados-scaled-e1764262260395.jpg","width":1280,"height":789,"caption":"Foto: Kayo Magalh\u00e3es\/C\u00e2mara dos Deputados"},{"@type":"BreadcrumbList","@id":"https:\/\/agenciainfra.com\/blog\/congresso-derruba-vetos-do-licenciamento-ambiental\/#breadcrumb","itemListElement":[{"@type":"ListItem","position":1,"name":"In\u00edcio","item":"https:\/\/agenciainfra.com\/blog\/"},{"@type":"ListItem","position":2,"name":"Congresso derruba maioria dos vetos do marco do licenciamento ambiental"}]},{"@type":"WebSite","@id":"https:\/\/agenciainfra.com\/blog\/#website","url":"https:\/\/agenciainfra.com\/blog\/","name":"Ag\u00eancia iNFRA","description":"Multiplataforma de informa\u00e7\u00e3o jornal\u00edstica refer\u00eancia na \u00e1rea de infraestrutura no Brasil!","publisher":{"@id":"https:\/\/agenciainfra.com\/blog\/#organization"},"potentialAction":[{"@type":"SearchAction","target":{"@type":"EntryPoint","urlTemplate":"https:\/\/agenciainfra.com\/blog\/?s={search_term_string}"},"query-input":{"@type":"PropertyValueSpecification","valueRequired":true,"valueName":"search_term_string"}}],"inLanguage":"pt-BR"},{"@type":"Organization","@id":"https:\/\/agenciainfra.com\/blog\/#organization","name":"Ag\u00eancia iNFRA","url":"https:\/\/agenciainfra.com\/blog\/","logo":{"@type":"ImageObject","inLanguage":"pt-BR","@id":"https:\/\/agenciainfra.com\/blog\/#\/schema\/logo\/image\/","url":"https:\/\/agenciainfra.com\/blog\/wp-content\/uploads\/2023\/09\/iNFRA_5-e1761735885940.png","contentUrl":"https:\/\/agenciainfra.com\/blog\/wp-content\/uploads\/2023\/09\/iNFRA_5-e1761735885940.png","width":1672,"height":454,"caption":"Ag\u00eancia iNFRA"},"image":{"@id":"https:\/\/agenciainfra.com\/blog\/#\/schema\/logo\/image\/"},"sameAs":["https:\/\/www.facebook.com\/ageninfra","https:\/\/x.com\/agencia_infra","https:\/\/www.linkedin.com\/company\/ag\u00eanciainfra\/","https:\/\/www.instagram.com\/agenciainfra\/"]},{"@type":"Person","@id":"https:\/\/agenciainfra.com\/blog\/#\/schema\/person\/34af08dff6adea4cb22b06612ba7acfa","name":"Ag\u00eancia iNFRA","image":{"@type":"ImageObject","inLanguage":"pt-BR","@id":"https:\/\/agenciainfra.com\/blog\/#\/schema\/person\/image\/","url":"https:\/\/secure.gravatar.com\/avatar\/d189e01678f06d8eb84d4e01f08eb848b3fffe3f8443818d3c356c66892f5be8?s=96&d=mm&r=g","contentUrl":"https:\/\/secure.gravatar.com\/avatar\/d189e01678f06d8eb84d4e01f08eb848b3fffe3f8443818d3c356c66892f5be8?s=96&d=mm&r=g","caption":"Ag\u00eancia iNFRA"},"url":"https:\/\/agenciainfra.com\/blog\/author\/admin\/"}]}},"_links":{"self":[{"href":"https:\/\/agenciainfra.com\/blog\/wp-json\/wp\/v2\/posts\/32845","targetHints":{"allow":["GET"]}}],"collection":[{"href":"https:\/\/agenciainfra.com\/blog\/wp-json\/wp\/v2\/posts"}],"about":[{"href":"https:\/\/agenciainfra.com\/blog\/wp-json\/wp\/v2\/types\/post"}],"author":[{"embeddable":true,"href":"https:\/\/agenciainfra.com\/blog\/wp-json\/wp\/v2\/users\/1"}],"replies":[{"embeddable":true,"href":"https:\/\/agenciainfra.com\/blog\/wp-json\/wp\/v2\/comments?post=32845"}],"version-history":[{"count":5,"href":"https:\/\/agenciainfra.com\/blog\/wp-json\/wp\/v2\/posts\/32845\/revisions"}],"predecessor-version":[{"id":32897,"href":"https:\/\/agenciainfra.com\/blog\/wp-json\/wp\/v2\/posts\/32845\/revisions\/32897"}],"wp:featuredmedia":[{"embeddable":true,"href":"https:\/\/agenciainfra.com\/blog\/wp-json\/wp\/v2\/media\/32846"}],"wp:attachment":[{"href":"https:\/\/agenciainfra.com\/blog\/wp-json\/wp\/v2\/media?parent=32845"}],"wp:term":[{"taxonomy":"category","embeddable":true,"href":"https:\/\/agenciainfra.com\/blog\/wp-json\/wp\/v2\/categories?post=32845"},{"taxonomy":"post_tag","embeddable":true,"href":"https:\/\/agenciainfra.com\/blog\/wp-json\/wp\/v2\/tags?post=32845"}],"curies":[{"name":"wp","href":"https:\/\/api.w.org\/{rel}","templated":true}]}}