{"id":32926,"date":"2025-11-28T16:00:00","date_gmt":"2025-11-28T19:00:00","guid":{"rendered":"https:\/\/agenciainfra.com\/blog\/?p=32926"},"modified":"2025-11-28T16:00:02","modified_gmt":"2025-11-28T19:00:02","slug":"concessoes-de-parques-baixa-margem-e-desafio-para-estruturacao-e-gestao","status":"publish","type":"post","link":"https:\/\/agenciainfra.com\/blog\/concessoes-de-parques-baixa-margem-e-desafio-para-estruturacao-e-gestao\/","title":{"rendered":"Concess\u00f5es de parques: Baixa margem \u00e9 desafio para estrutura\u00e7\u00e3o e gest\u00e3o\u00a0"},"content":{"rendered":"\n<p class=\"has-text-align-right\"><strong>Apresentado por ApexBrasil<\/strong><\/p>\n\n\n\n<p>A gest\u00e3o contratual das concess\u00f5es de unidades de conserva\u00e7\u00e3o florestal enfrenta diversos desafios que pressionam a sustentabilidade dos projetos e limita a expans\u00e3o do modelo, de acordo com os participantes do painel \u201cParcerias para projetos ambientais\u201d, no \u201cF\u00f3rum Nacional de PPPs 2025 \u2013 Concess\u00f5es, Infraestrutura, Cidades Inteligentes e Saneamento\u201d. O evento foi realizado na segunda (24) e na ter\u00e7a-feira (25), pela Secretaria Especial do PPI (Programa de Parcerias de Investimentos) da Casa Civil da Presid\u00eancia da Rep\u00fablica, em parceria com o Banco do Brasil e a ApexBrasil. Assista ao v\u00eddeo\u00a0<a href=\"https:\/\/agenciainfra.us14.list-manage.com\/track\/click?u=d460dd1bcf9ba0ae040e1fc0f&amp;id=8b782782e3&amp;e=c099169394\" target=\"_blank\" rel=\"noreferrer noopener\">aqui<\/a>.<\/p>\n\n\n\n<p>No evento, a coordenadora-geral de Uso P\u00fablico e Servi\u00e7os Ambientais do ICMBio, Carla Guaitanele, explicou que os contratos s\u00e3o estruturados com margens muito estreitas de lucro, alinhado\u00a0a baixa flexibilidade para reequil\u00edbrios ou aditivos e a necessidade de atendimento de uma gama diversa de p\u00fablico.<\/p>\n\n\n\n<p>&#8220;N\u00f3s temos diversos desafios quando a gente vai trabalhar na estrutura\u00e7\u00e3o de um contrato. Entender o que cabe na conta do privado, para ele pesar; como aportar recursos previamente, em especial p\u00fablicos, para que a gente consiga minimizar alguns custos que o privado vai ter na unidade de conserva\u00e7\u00e3o. (&#8230;) Isso faz com que poucos parques nacionais sejam pass\u00edveis de ter um contrato de concess\u00e3o\u201d, explicou Guaitanele.<\/p>\n\n\n\n<p>Ela apontou ainda que, na maioria dos projetos existentes, a \u00fanica fonte de receita desses contratos s\u00e3o os pr\u00f3prios visitantes. \u201cA gente aporta parte dos recursos para investimentos, mas grande parte dos recursos depende do n\u00famero de visitas nos parques nacionais\u201d, afirma. E completou destacando que h\u00e1 resist\u00eancia na cobran\u00e7a em alguns estados. \u201cIsso \u00e9 que faz, muitas vezes, o projeto ser frustrado, n\u00e3o conseguir qualquer apoio pol\u00edtico ou social para implementar uma concess\u00e3o em uma localidade.\u201d<\/p>\n\n\n\n<p>Al\u00e9m disso, a coordenadora-geral mencionou o papel social nessas estruturas, tendo em vista que a boa gest\u00e3o contratual desses projetos representa ganhos econ\u00f4micos para o entorno do empreendimento.<\/p>\n\n\n\n<p><strong>Gest\u00e3o de parques<\/strong><br>Carlos Falc\u00e3o, gerente de Projetos do Instituto Semeia, apresentou os resultados do \u201cDiagn\u00f3stico da Gest\u00e3o em Parques com Concess\u00e3o\u201d mostrando que&nbsp;parques bem conservados atraem mais visitantes, o que demanda mais manuten\u00e7\u00e3o, mas tamb\u00e9m fortalece a economia local.<\/p>\n\n\n\n<p>O estudo mostra que 60% dos parques brasileiros n\u00e3o t\u00eam infraestrutura m\u00ednima, o que refor\u00e7a a necessidade de parcerias. Outra conclus\u00e3o \u00e9 que o brasileiro n\u00e3o tem o h\u00e1bito consolidado de visitar parques: 60% preferem locais de praia como destino tur\u00edstico.<\/p>\n\n\n\n<p>Por\u00e9m, os gestores entrevistados demonstraram satisfa\u00e7\u00e3o com as atra\u00e7\u00f5es ofertadas nos parques e com o desenvolvimento local gerado com as concess\u00f5es. Com isso, 63% das concession\u00e1rias desejam ampliar atra\u00e7\u00f5es para o p\u00fablico infantil.<\/p>\n\n\n\n<p>Por outro lado, entre as fragilidades encontradas est\u00e3o a falta de equipes qualificadas, desafios de gest\u00e3o de obras, limita\u00e7\u00f5es no volume de contratos e problemas de comunica\u00e7\u00e3o com a sociedade.<\/p>\n\n\n\n<p>Falc\u00e3o defende uma atua\u00e7\u00e3o integrada entre as pastas do Meio Ambiente, Turismo e Fazenda, al\u00e9m de comunica\u00e7\u00e3o cont\u00ednua desde a estrutura\u00e7\u00e3o at\u00e9 o in\u00edcio da cobran\u00e7a de ingressos, para avan\u00e7ar nessa pauta. \u201cFornecer ferramentas, tecnologias, para que essas gest\u00f5es dos contratos sejam bem feitas, tamb\u00e9m \u00e9 fundamental\u201d, disse ele.<\/p>\n\n\n\n<p><strong>Evitar desmatamento<\/strong><br>Para Renato Rosenberg, diretor de Concess\u00e3o Florestal e Monitoramento do Servi\u00e7o Florestal Brasileiro, a parceria com o privado \u00e9 uma ferramenta central para frear o desmatamento e gerar renda para o privado e para os moradores.<\/p>\n\n\n\n<p>A meta do governo federal, de acordo com ele, \u00e9 ampliar a \u00e1rea concedida de 2 milh\u00f5es para 5 milh\u00f5es de hectares nos pr\u00f3ximos anos. No entanto, o diretor ressalta que esses projetos esbarram nos agentes p\u00fablicos, \u201cessas atividades tamb\u00e9m precisam passar pelo crivo de diversos atores que t\u00eam o poder de veto na institucionalidade brasileira. Estou falando de Minist\u00e9rio P\u00fablico, Poder Judici\u00e1rio, Tribunal de Contas da Uni\u00e3o, entre outros atores\u201d.<\/p>\n\n\n\n<p>Durante o painel, o diretor tamb\u00e9m mencionou o lan\u00e7amento do edital de concess\u00e3o da Floresta Nacional do Bom Futuro, localizada em Rond\u00f4nia, na COP30. Essa \u00e9 a primeira iniciativa florestal federal voltada exclusivamente \u00e0 restaura\u00e7\u00e3o produtiva de \u00e1reas degradadas a ser concedida.<\/p>\n\n\n\n<p>Com \u00e1rea total de 98 mil hectares, o projeto prev\u00ea a restaura\u00e7\u00e3o de aproximadamente 15 mil hectares ao longo dos 40 anos do contrato. A concess\u00e3o, que abrange duas Unidades de Manejo e segue diretrizes t\u00e9cnicas que definem \u00e1reas degradadas pass\u00edveis de restaura\u00e7\u00e3o, tem arrecada\u00e7\u00e3o prevista de R$ 13,7 milh\u00f5es.<\/p>\n\n\n\n<p>Na t\u00e9cnica de manejo florestal sustent\u00e1vel, explica Rosenberg, um hectare \u2013 que equivale a aproximadamente um campo de futebol \u2013 pode ter cerca de 200 \u00e1rvores adultas, por\u00e9m, apenas quatro ou cinco s\u00e3o selecionadas para explora\u00e7\u00e3o. A consequ\u00eancia direta, segundo ele, \u00e9 uma \u201credu\u00e7\u00e3o brutal do desmatamento nesses locais\u201d, acompanhada da cria\u00e7\u00e3o de mecanismos de prote\u00e7\u00e3o territorial e, em alguns casos, da gera\u00e7\u00e3o de cr\u00e9ditos de carbono.<\/p>\n\n\n\n<p>Al\u00e9m da explora\u00e7\u00e3o sustent\u00e1vel, concession\u00e1rias assumem compromissos sociais e socioambientais, como investimentos obrigat\u00f3rios na regi\u00e3o; e tamb\u00e9m impactam na economia local com o aumento do recolhimento de impostos no munic\u00edpio e nos postos formais de trabalho.<\/p>\n\n\n\n<p><strong>Restaurar economicamente<\/strong><br>Ian Guerriero, superintendente da \u00c1rea de Solu\u00e7\u00f5es para Infraestrutura do BNDES (Banco Nacional de Desenvolvimento Econ\u00f4mico e Social), refor\u00e7ou que a restaura\u00e7\u00e3o \u00e9 tamb\u00e9m uma oportunidade econ\u00f4mica para comunidades que hoje convivem com a ilegalidade.<\/p>\n\n\n\n<p>\u201cSe a gente [explorar a floresta] de forma ilegal, ser\u00e1 da pior forma poss\u00edvel. Mas, se fizermos de forma legal, vamos gerar emprego, renda, impostos, empresas organizadas, lucro, oportunidades e melhorar o ambiente urbano pr\u00f3ximo da floresta.\u201d&nbsp;Para ele, pol\u00edticas p\u00fablicas devem mirar o \u201carco da restaura\u00e7\u00e3o\u201d, criando cadeias de valor ligadas \u00e0 recupera\u00e7\u00e3o florestal.<\/p>\n\n\n\n<p><strong>Apoio internacional<\/strong><br>Dominique Hautbergue, diretor regional da AFD (Ag\u00eancia Francesa de Desenvolvimento), ressaltou o papel da interlocu\u00e7\u00e3o com povos ind\u00edgenas e o apoio t\u00e9cnico oferecido ao BNDES e ao Servi\u00e7o Florestal Brasileiro.<\/p>\n\n\n\n<p>Al\u00e9m disso, ele mencionou o acordo firmado com o Minist\u00e9rio da Integra\u00e7\u00e3o e do Desenvolvimento Regional durante a COP30 que destina R$ 1,85 bilh\u00e3o aos Fundos de Desenvolvimento Regional, que engloba fundos para o desenvolvimento da Amaz\u00f4nia, Nordeste e Centro-Oeste.<\/p>\n\n\n\n<p>O intuito da parceria \u00e9 que o aporte seja distribu\u00eddo nos pr\u00f3ximos cinco anos para projetos de gest\u00e3o sustent\u00e1vel da \u00e1gua, saneamento, transporte limpo, agricultura sustent\u00e1vel e bioeconomia, energia renov\u00e1vel, sa\u00fade e educa\u00e7\u00e3o.<\/p>\n","protected":false},"excerpt":{"rendered":"<p>Apresentado por ApexBrasil A gest\u00e3o contratual das concess\u00f5es de unidades de conserva\u00e7\u00e3o florestal enfrenta diversos desafios que pressionam a sustentabilidade dos projetos e limita a expans\u00e3o do modelo, de acordo com os participantes do painel \u201cParcerias para projetos ambientais\u201d, no \u201cF\u00f3rum Nacional de PPPs 2025 \u2013 Concess\u00f5es, Infraestrutura, Cidades Inteligentes e Saneamento\u201d. O evento foi [&hellip;]<\/p>\n","protected":false},"author":1,"featured_media":32930,"comment_status":"closed","ping_status":"closed","sticky":false,"template":"","format":"standard","meta":{"_monsterinsights_skip_tracking":false,"_monsterinsights_sitenote_active":false,"_monsterinsights_sitenote_note":"","_monsterinsights_sitenote_category":0,"footnotes":""},"categories":[2054,2053],"tags":[9564,1051,17198,17199,17201,17067,12287,786,17200],"class_list":["post-32926","post","type-post","status-publish","format-standard","has-post-thumbnail","hentry","category-contpat","category-infraliveventos","tag-apexbrasil","tag-banco-do-brasil","tag-carla-guaitanele","tag-carlos-falcao","tag-dominique-hautbergue","tag-forum-nacional-de-ppps-2025","tag-ian-guerriero","tag-programa-de-parcerias-de-investimentos","tag-renato-rosenberg"],"yoast_head":"<!-- This site is optimized with the Yoast SEO Premium plugin v25.4 (Yoast SEO v26.0) - https:\/\/yoast.com\/wordpress\/plugins\/seo\/ -->\n<title>Concess\u00f5es de parques: Baixa margem \u00e9 desafio para estrutura\u00e7\u00e3o e gest\u00e3o\u00a0 - Ag\u00eancia iNFRA<\/title>\n<meta name=\"robots\" content=\"index, follow, max-snippet:-1, max-image-preview:large, max-video-preview:-1\" \/>\n<link rel=\"canonical\" href=\"https:\/\/agenciainfra.com\/blog\/concessoes-de-parques-baixa-margem-e-desafio-para-estruturacao-e-gestao\/\" \/>\n<meta property=\"og:locale\" content=\"pt_BR\" \/>\n<meta property=\"og:type\" content=\"article\" \/>\n<meta property=\"og:title\" content=\"Concess\u00f5es de parques: Baixa margem \u00e9 desafio para estrutura\u00e7\u00e3o e gest\u00e3o\u00a0\" \/>\n<meta property=\"og:description\" content=\"Apresentado por ApexBrasil A gest\u00e3o contratual das concess\u00f5es de unidades de conserva\u00e7\u00e3o florestal enfrenta diversos desafios que pressionam a sustentabilidade dos projetos e limita a expans\u00e3o do modelo, de acordo com os participantes do painel \u201cParcerias para projetos ambientais\u201d, no \u201cF\u00f3rum Nacional de PPPs 2025 \u2013 Concess\u00f5es, Infraestrutura, Cidades Inteligentes e Saneamento\u201d. O evento foi [&hellip;]\" \/>\n<meta property=\"og:url\" content=\"https:\/\/agenciainfra.com\/blog\/concessoes-de-parques-baixa-margem-e-desafio-para-estruturacao-e-gestao\/\" \/>\n<meta property=\"og:site_name\" content=\"Ag\u00eancia iNFRA\" \/>\n<meta property=\"article:publisher\" content=\"https:\/\/www.facebook.com\/ageninfra\" \/>\n<meta property=\"article:published_time\" content=\"2025-11-28T19:00:00+00:00\" \/>\n<meta property=\"article:modified_time\" content=\"2025-11-28T19:00:02+00:00\" \/>\n<meta property=\"og:image\" content=\"https:\/\/agenciainfra.com\/blog\/wp-content\/uploads\/2025\/11\/forum-nacional-de-ppps-2025-painel5-foto-giba-agencia-infra.jpg\" \/>\n\t<meta property=\"og:image:width\" content=\"1280\" \/>\n\t<meta property=\"og:image:height\" content=\"851\" \/>\n\t<meta property=\"og:image:type\" content=\"image\/jpeg\" \/>\n<meta name=\"author\" content=\"Ag\u00eancia iNFRA\" \/>\n<meta name=\"twitter:card\" content=\"summary_large_image\" \/>\n<meta name=\"twitter:creator\" content=\"@agencia_infra\" \/>\n<meta name=\"twitter:site\" content=\"@agencia_infra\" \/>\n<meta name=\"twitter:label1\" content=\"Escrito por\" \/>\n\t<meta name=\"twitter:data1\" content=\"Ag\u00eancia iNFRA\" \/>\n\t<meta name=\"twitter:label2\" content=\"Est. tempo de leitura\" \/>\n\t<meta name=\"twitter:data2\" content=\"6 minutos\" \/>\n<script type=\"application\/ld+json\" class=\"yoast-schema-graph\">{\"@context\":\"https:\/\/schema.org\",\"@graph\":[{\"@type\":\"Article\",\"@id\":\"https:\/\/agenciainfra.com\/blog\/concessoes-de-parques-baixa-margem-e-desafio-para-estruturacao-e-gestao\/#article\",\"isPartOf\":{\"@id\":\"https:\/\/agenciainfra.com\/blog\/concessoes-de-parques-baixa-margem-e-desafio-para-estruturacao-e-gestao\/\"},\"author\":{\"name\":\"Ag\u00eancia iNFRA\",\"@id\":\"https:\/\/agenciainfra.com\/blog\/#\/schema\/person\/34af08dff6adea4cb22b06612ba7acfa\"},\"headline\":\"Concess\u00f5es de parques: Baixa margem \u00e9 desafio para estrutura\u00e7\u00e3o e gest\u00e3o\u00a0\",\"datePublished\":\"2025-11-28T19:00:00+00:00\",\"dateModified\":\"2025-11-28T19:00:02+00:00\",\"mainEntityOfPage\":{\"@id\":\"https:\/\/agenciainfra.com\/blog\/concessoes-de-parques-baixa-margem-e-desafio-para-estruturacao-e-gestao\/\"},\"wordCount\":1134,\"publisher\":{\"@id\":\"https:\/\/agenciainfra.com\/blog\/#organization\"},\"image\":{\"@id\":\"https:\/\/agenciainfra.com\/blog\/concessoes-de-parques-baixa-margem-e-desafio-para-estruturacao-e-gestao\/#primaryimage\"},\"thumbnailUrl\":\"https:\/\/agenciainfra.com\/blog\/wp-content\/uploads\/2025\/11\/forum-nacional-de-ppps-2025-painel5-foto-giba-agencia-infra.jpg\",\"keywords\":[\"ApexBrasil\",\"Banco do Brasil\",\"Carla Guaitanele\",\"Carlos Falc\u00e3o\",\"Dominique Hautbergue\",\"F\u00f3rum Nacional de PPPs 2025\",\"Ian Guerriero\",\"Programa de Parcerias de Investimentos\",\"Renato Rosenberg\"],\"articleSection\":[\"Conte\u00fado Patrocinado\",\"iNFRALive e Eventos\"],\"inLanguage\":\"pt-BR\",\"copyrightYear\":\"2025\",\"copyrightHolder\":{\"@id\":\"https:\/\/agenciainfra.com\/blog\/#organization\"}},{\"@type\":\"WebPage\",\"@id\":\"https:\/\/agenciainfra.com\/blog\/concessoes-de-parques-baixa-margem-e-desafio-para-estruturacao-e-gestao\/\",\"url\":\"https:\/\/agenciainfra.com\/blog\/concessoes-de-parques-baixa-margem-e-desafio-para-estruturacao-e-gestao\/\",\"name\":\"Concess\u00f5es de parques: Baixa margem \u00e9 desafio para estrutura\u00e7\u00e3o e gest\u00e3o\u00a0 - Ag\u00eancia iNFRA\",\"isPartOf\":{\"@id\":\"https:\/\/agenciainfra.com\/blog\/#website\"},\"primaryImageOfPage\":{\"@id\":\"https:\/\/agenciainfra.com\/blog\/concessoes-de-parques-baixa-margem-e-desafio-para-estruturacao-e-gestao\/#primaryimage\"},\"image\":{\"@id\":\"https:\/\/agenciainfra.com\/blog\/concessoes-de-parques-baixa-margem-e-desafio-para-estruturacao-e-gestao\/#primaryimage\"},\"thumbnailUrl\":\"https:\/\/agenciainfra.com\/blog\/wp-content\/uploads\/2025\/11\/forum-nacional-de-ppps-2025-painel5-foto-giba-agencia-infra.jpg\",\"datePublished\":\"2025-11-28T19:00:00+00:00\",\"dateModified\":\"2025-11-28T19:00:02+00:00\",\"breadcrumb\":{\"@id\":\"https:\/\/agenciainfra.com\/blog\/concessoes-de-parques-baixa-margem-e-desafio-para-estruturacao-e-gestao\/#breadcrumb\"},\"inLanguage\":\"pt-BR\",\"potentialAction\":[{\"@type\":\"ReadAction\",\"target\":[\"https:\/\/agenciainfra.com\/blog\/concessoes-de-parques-baixa-margem-e-desafio-para-estruturacao-e-gestao\/\"]}]},{\"@type\":\"ImageObject\",\"inLanguage\":\"pt-BR\",\"@id\":\"https:\/\/agenciainfra.com\/blog\/concessoes-de-parques-baixa-margem-e-desafio-para-estruturacao-e-gestao\/#primaryimage\",\"url\":\"https:\/\/agenciainfra.com\/blog\/wp-content\/uploads\/2025\/11\/forum-nacional-de-ppps-2025-painel5-foto-giba-agencia-infra.jpg\",\"contentUrl\":\"https:\/\/agenciainfra.com\/blog\/wp-content\/uploads\/2025\/11\/forum-nacional-de-ppps-2025-painel5-foto-giba-agencia-infra.jpg\",\"width\":1280,\"height\":851,\"caption\":\"Foto: Giba\/Ag\u00eancia iNFRA\"},{\"@type\":\"BreadcrumbList\",\"@id\":\"https:\/\/agenciainfra.com\/blog\/concessoes-de-parques-baixa-margem-e-desafio-para-estruturacao-e-gestao\/#breadcrumb\",\"itemListElement\":[{\"@type\":\"ListItem\",\"position\":1,\"name\":\"In\u00edcio\",\"item\":\"https:\/\/agenciainfra.com\/blog\/\"},{\"@type\":\"ListItem\",\"position\":2,\"name\":\"Concess\u00f5es de parques: Baixa margem \u00e9 desafio para estrutura\u00e7\u00e3o e gest\u00e3o\u00a0\"}]},{\"@type\":\"WebSite\",\"@id\":\"https:\/\/agenciainfra.com\/blog\/#website\",\"url\":\"https:\/\/agenciainfra.com\/blog\/\",\"name\":\"Ag\u00eancia iNFRA\",\"description\":\"Multiplataforma de informa\u00e7\u00e3o jornal\u00edstica refer\u00eancia na \u00e1rea de infraestrutura no Brasil!\",\"publisher\":{\"@id\":\"https:\/\/agenciainfra.com\/blog\/#organization\"},\"potentialAction\":[{\"@type\":\"SearchAction\",\"target\":{\"@type\":\"EntryPoint\",\"urlTemplate\":\"https:\/\/agenciainfra.com\/blog\/?s={search_term_string}\"},\"query-input\":{\"@type\":\"PropertyValueSpecification\",\"valueRequired\":true,\"valueName\":\"search_term_string\"}}],\"inLanguage\":\"pt-BR\"},{\"@type\":\"Organization\",\"@id\":\"https:\/\/agenciainfra.com\/blog\/#organization\",\"name\":\"Ag\u00eancia iNFRA\",\"url\":\"https:\/\/agenciainfra.com\/blog\/\",\"logo\":{\"@type\":\"ImageObject\",\"inLanguage\":\"pt-BR\",\"@id\":\"https:\/\/agenciainfra.com\/blog\/#\/schema\/logo\/image\/\",\"url\":\"https:\/\/agenciainfra.com\/blog\/wp-content\/uploads\/2023\/09\/iNFRA_5-e1761735885940.png\",\"contentUrl\":\"https:\/\/agenciainfra.com\/blog\/wp-content\/uploads\/2023\/09\/iNFRA_5-e1761735885940.png\",\"width\":1672,\"height\":454,\"caption\":\"Ag\u00eancia iNFRA\"},\"image\":{\"@id\":\"https:\/\/agenciainfra.com\/blog\/#\/schema\/logo\/image\/\"},\"sameAs\":[\"https:\/\/www.facebook.com\/ageninfra\",\"https:\/\/x.com\/agencia_infra\",\"https:\/\/www.linkedin.com\/company\/ag\u00eanciainfra\/\",\"https:\/\/www.instagram.com\/agenciainfra\/\"]},{\"@type\":\"Person\",\"@id\":\"https:\/\/agenciainfra.com\/blog\/#\/schema\/person\/34af08dff6adea4cb22b06612ba7acfa\",\"name\":\"Ag\u00eancia iNFRA\",\"image\":{\"@type\":\"ImageObject\",\"inLanguage\":\"pt-BR\",\"@id\":\"https:\/\/agenciainfra.com\/blog\/#\/schema\/person\/image\/\",\"url\":\"https:\/\/secure.gravatar.com\/avatar\/d189e01678f06d8eb84d4e01f08eb848b3fffe3f8443818d3c356c66892f5be8?s=96&d=mm&r=g\",\"contentUrl\":\"https:\/\/secure.gravatar.com\/avatar\/d189e01678f06d8eb84d4e01f08eb848b3fffe3f8443818d3c356c66892f5be8?s=96&d=mm&r=g\",\"caption\":\"Ag\u00eancia iNFRA\"},\"url\":\"https:\/\/agenciainfra.com\/blog\/author\/admin\/\"}]}<\/script>\n<!-- \/ Yoast SEO Premium plugin. -->","yoast_head_json":{"title":"Concess\u00f5es de parques: Baixa margem \u00e9 desafio para estrutura\u00e7\u00e3o e gest\u00e3o\u00a0 - Ag\u00eancia iNFRA","robots":{"index":"index","follow":"follow","max-snippet":"max-snippet:-1","max-image-preview":"max-image-preview:large","max-video-preview":"max-video-preview:-1"},"canonical":"https:\/\/agenciainfra.com\/blog\/concessoes-de-parques-baixa-margem-e-desafio-para-estruturacao-e-gestao\/","og_locale":"pt_BR","og_type":"article","og_title":"Concess\u00f5es de parques: Baixa margem \u00e9 desafio para estrutura\u00e7\u00e3o e gest\u00e3o\u00a0","og_description":"Apresentado por ApexBrasil A gest\u00e3o contratual das concess\u00f5es de unidades de conserva\u00e7\u00e3o florestal enfrenta diversos desafios que pressionam a sustentabilidade dos projetos e limita a expans\u00e3o do modelo, de acordo com os participantes do painel \u201cParcerias para projetos ambientais\u201d, no \u201cF\u00f3rum Nacional de PPPs 2025 \u2013 Concess\u00f5es, Infraestrutura, Cidades Inteligentes e Saneamento\u201d. O evento foi [&hellip;]","og_url":"https:\/\/agenciainfra.com\/blog\/concessoes-de-parques-baixa-margem-e-desafio-para-estruturacao-e-gestao\/","og_site_name":"Ag\u00eancia iNFRA","article_publisher":"https:\/\/www.facebook.com\/ageninfra","article_published_time":"2025-11-28T19:00:00+00:00","article_modified_time":"2025-11-28T19:00:02+00:00","og_image":[{"width":1280,"height":851,"url":"https:\/\/agenciainfra.com\/blog\/wp-content\/uploads\/2025\/11\/forum-nacional-de-ppps-2025-painel5-foto-giba-agencia-infra.jpg","type":"image\/jpeg"}],"author":"Ag\u00eancia iNFRA","twitter_card":"summary_large_image","twitter_creator":"@agencia_infra","twitter_site":"@agencia_infra","twitter_misc":{"Escrito por":"Ag\u00eancia iNFRA","Est. tempo de leitura":"6 minutos"},"schema":{"@context":"https:\/\/schema.org","@graph":[{"@type":"Article","@id":"https:\/\/agenciainfra.com\/blog\/concessoes-de-parques-baixa-margem-e-desafio-para-estruturacao-e-gestao\/#article","isPartOf":{"@id":"https:\/\/agenciainfra.com\/blog\/concessoes-de-parques-baixa-margem-e-desafio-para-estruturacao-e-gestao\/"},"author":{"name":"Ag\u00eancia iNFRA","@id":"https:\/\/agenciainfra.com\/blog\/#\/schema\/person\/34af08dff6adea4cb22b06612ba7acfa"},"headline":"Concess\u00f5es de parques: Baixa margem \u00e9 desafio para estrutura\u00e7\u00e3o e gest\u00e3o\u00a0","datePublished":"2025-11-28T19:00:00+00:00","dateModified":"2025-11-28T19:00:02+00:00","mainEntityOfPage":{"@id":"https:\/\/agenciainfra.com\/blog\/concessoes-de-parques-baixa-margem-e-desafio-para-estruturacao-e-gestao\/"},"wordCount":1134,"publisher":{"@id":"https:\/\/agenciainfra.com\/blog\/#organization"},"image":{"@id":"https:\/\/agenciainfra.com\/blog\/concessoes-de-parques-baixa-margem-e-desafio-para-estruturacao-e-gestao\/#primaryimage"},"thumbnailUrl":"https:\/\/agenciainfra.com\/blog\/wp-content\/uploads\/2025\/11\/forum-nacional-de-ppps-2025-painel5-foto-giba-agencia-infra.jpg","keywords":["ApexBrasil","Banco do Brasil","Carla Guaitanele","Carlos Falc\u00e3o","Dominique Hautbergue","F\u00f3rum Nacional de PPPs 2025","Ian Guerriero","Programa de Parcerias de Investimentos","Renato Rosenberg"],"articleSection":["Conte\u00fado Patrocinado","iNFRALive e Eventos"],"inLanguage":"pt-BR","copyrightYear":"2025","copyrightHolder":{"@id":"https:\/\/agenciainfra.com\/blog\/#organization"}},{"@type":"WebPage","@id":"https:\/\/agenciainfra.com\/blog\/concessoes-de-parques-baixa-margem-e-desafio-para-estruturacao-e-gestao\/","url":"https:\/\/agenciainfra.com\/blog\/concessoes-de-parques-baixa-margem-e-desafio-para-estruturacao-e-gestao\/","name":"Concess\u00f5es de parques: Baixa margem \u00e9 desafio para estrutura\u00e7\u00e3o e gest\u00e3o\u00a0 - Ag\u00eancia iNFRA","isPartOf":{"@id":"https:\/\/agenciainfra.com\/blog\/#website"},"primaryImageOfPage":{"@id":"https:\/\/agenciainfra.com\/blog\/concessoes-de-parques-baixa-margem-e-desafio-para-estruturacao-e-gestao\/#primaryimage"},"image":{"@id":"https:\/\/agenciainfra.com\/blog\/concessoes-de-parques-baixa-margem-e-desafio-para-estruturacao-e-gestao\/#primaryimage"},"thumbnailUrl":"https:\/\/agenciainfra.com\/blog\/wp-content\/uploads\/2025\/11\/forum-nacional-de-ppps-2025-painel5-foto-giba-agencia-infra.jpg","datePublished":"2025-11-28T19:00:00+00:00","dateModified":"2025-11-28T19:00:02+00:00","breadcrumb":{"@id":"https:\/\/agenciainfra.com\/blog\/concessoes-de-parques-baixa-margem-e-desafio-para-estruturacao-e-gestao\/#breadcrumb"},"inLanguage":"pt-BR","potentialAction":[{"@type":"ReadAction","target":["https:\/\/agenciainfra.com\/blog\/concessoes-de-parques-baixa-margem-e-desafio-para-estruturacao-e-gestao\/"]}]},{"@type":"ImageObject","inLanguage":"pt-BR","@id":"https:\/\/agenciainfra.com\/blog\/concessoes-de-parques-baixa-margem-e-desafio-para-estruturacao-e-gestao\/#primaryimage","url":"https:\/\/agenciainfra.com\/blog\/wp-content\/uploads\/2025\/11\/forum-nacional-de-ppps-2025-painel5-foto-giba-agencia-infra.jpg","contentUrl":"https:\/\/agenciainfra.com\/blog\/wp-content\/uploads\/2025\/11\/forum-nacional-de-ppps-2025-painel5-foto-giba-agencia-infra.jpg","width":1280,"height":851,"caption":"Foto: Giba\/Ag\u00eancia iNFRA"},{"@type":"BreadcrumbList","@id":"https:\/\/agenciainfra.com\/blog\/concessoes-de-parques-baixa-margem-e-desafio-para-estruturacao-e-gestao\/#breadcrumb","itemListElement":[{"@type":"ListItem","position":1,"name":"In\u00edcio","item":"https:\/\/agenciainfra.com\/blog\/"},{"@type":"ListItem","position":2,"name":"Concess\u00f5es de parques: Baixa margem \u00e9 desafio para estrutura\u00e7\u00e3o e gest\u00e3o\u00a0"}]},{"@type":"WebSite","@id":"https:\/\/agenciainfra.com\/blog\/#website","url":"https:\/\/agenciainfra.com\/blog\/","name":"Ag\u00eancia iNFRA","description":"Multiplataforma de informa\u00e7\u00e3o jornal\u00edstica refer\u00eancia na \u00e1rea de infraestrutura no Brasil!","publisher":{"@id":"https:\/\/agenciainfra.com\/blog\/#organization"},"potentialAction":[{"@type":"SearchAction","target":{"@type":"EntryPoint","urlTemplate":"https:\/\/agenciainfra.com\/blog\/?s={search_term_string}"},"query-input":{"@type":"PropertyValueSpecification","valueRequired":true,"valueName":"search_term_string"}}],"inLanguage":"pt-BR"},{"@type":"Organization","@id":"https:\/\/agenciainfra.com\/blog\/#organization","name":"Ag\u00eancia iNFRA","url":"https:\/\/agenciainfra.com\/blog\/","logo":{"@type":"ImageObject","inLanguage":"pt-BR","@id":"https:\/\/agenciainfra.com\/blog\/#\/schema\/logo\/image\/","url":"https:\/\/agenciainfra.com\/blog\/wp-content\/uploads\/2023\/09\/iNFRA_5-e1761735885940.png","contentUrl":"https:\/\/agenciainfra.com\/blog\/wp-content\/uploads\/2023\/09\/iNFRA_5-e1761735885940.png","width":1672,"height":454,"caption":"Ag\u00eancia iNFRA"},"image":{"@id":"https:\/\/agenciainfra.com\/blog\/#\/schema\/logo\/image\/"},"sameAs":["https:\/\/www.facebook.com\/ageninfra","https:\/\/x.com\/agencia_infra","https:\/\/www.linkedin.com\/company\/ag\u00eanciainfra\/","https:\/\/www.instagram.com\/agenciainfra\/"]},{"@type":"Person","@id":"https:\/\/agenciainfra.com\/blog\/#\/schema\/person\/34af08dff6adea4cb22b06612ba7acfa","name":"Ag\u00eancia iNFRA","image":{"@type":"ImageObject","inLanguage":"pt-BR","@id":"https:\/\/agenciainfra.com\/blog\/#\/schema\/person\/image\/","url":"https:\/\/secure.gravatar.com\/avatar\/d189e01678f06d8eb84d4e01f08eb848b3fffe3f8443818d3c356c66892f5be8?s=96&d=mm&r=g","contentUrl":"https:\/\/secure.gravatar.com\/avatar\/d189e01678f06d8eb84d4e01f08eb848b3fffe3f8443818d3c356c66892f5be8?s=96&d=mm&r=g","caption":"Ag\u00eancia iNFRA"},"url":"https:\/\/agenciainfra.com\/blog\/author\/admin\/"}]}},"_links":{"self":[{"href":"https:\/\/agenciainfra.com\/blog\/wp-json\/wp\/v2\/posts\/32926","targetHints":{"allow":["GET"]}}],"collection":[{"href":"https:\/\/agenciainfra.com\/blog\/wp-json\/wp\/v2\/posts"}],"about":[{"href":"https:\/\/agenciainfra.com\/blog\/wp-json\/wp\/v2\/types\/post"}],"author":[{"embeddable":true,"href":"https:\/\/agenciainfra.com\/blog\/wp-json\/wp\/v2\/users\/1"}],"replies":[{"embeddable":true,"href":"https:\/\/agenciainfra.com\/blog\/wp-json\/wp\/v2\/comments?post=32926"}],"version-history":[{"count":1,"href":"https:\/\/agenciainfra.com\/blog\/wp-json\/wp\/v2\/posts\/32926\/revisions"}],"predecessor-version":[{"id":32927,"href":"https:\/\/agenciainfra.com\/blog\/wp-json\/wp\/v2\/posts\/32926\/revisions\/32927"}],"wp:featuredmedia":[{"embeddable":true,"href":"https:\/\/agenciainfra.com\/blog\/wp-json\/wp\/v2\/media\/32930"}],"wp:attachment":[{"href":"https:\/\/agenciainfra.com\/blog\/wp-json\/wp\/v2\/media?parent=32926"}],"wp:term":[{"taxonomy":"category","embeddable":true,"href":"https:\/\/agenciainfra.com\/blog\/wp-json\/wp\/v2\/categories?post=32926"},{"taxonomy":"post_tag","embeddable":true,"href":"https:\/\/agenciainfra.com\/blog\/wp-json\/wp\/v2\/tags?post=32926"}],"curies":[{"name":"wp","href":"https:\/\/api.w.org\/{rel}","templated":true}]}}