{"id":32969,"date":"2025-11-28T19:03:25","date_gmt":"2025-11-28T22:03:25","guid":{"rendered":"https:\/\/agenciainfra.com\/blog\/?p=32969"},"modified":"2025-11-28T19:03:27","modified_gmt":"2025-11-28T22:03:27","slug":"leiloes-de-transmissao-em-2026-devem-atrair-r-25-bi-anuncia-silveira","status":"publish","type":"post","link":"https:\/\/agenciainfra.com\/blog\/leiloes-de-transmissao-em-2026-devem-atrair-r-25-bi-anuncia-silveira\/","title":{"rendered":"Leil\u00f5es de transmiss\u00e3o em 2026 devem atrair R$ 25 bi, anuncia Silveira"},"content":{"rendered":"\n<p class=\"has-text-align-right\"><strong>da Ag\u00eancia iNFRA<\/strong><\/p>\n\n\n\n<p>O ministro de Minas e Energia, Alexandre Silveira, informou nesta sexta-feira (28) que o governo realizar\u00e1 dois leil\u00f5es de transmiss\u00e3o em 2026, que somam mais de R$ 25 bilh\u00f5es em investimentos previstos.&nbsp;<\/p>\n\n\n\n<p>O primeiro leil\u00e3o, programado para mar\u00e7o, est\u00e1 em fase final de consulta p\u00fablica na ANEEL (Ag\u00eancia Nacional de Energia El\u00e9trica). Ele prev\u00ea R$ 5,7 bilh\u00f5es em investimentos para 888 km de linhas de transmiss\u00e3o em doze estados: Bahia, Cear\u00e1, Mato Grosso, Mato Grosso do Sul, Minas Gerais, Par\u00e1, Paran\u00e1, Rio de Janeiro, Rio Grande do Norte, Santa Catarina, S\u00e3o Paulo e Sergipe.<\/p>\n\n\n\n<p>O segundo leil\u00e3o, previsto para o segundo semestre, superar\u00e1 R$ 20 bilh\u00f5es em aportes para mais de 3.500 km de novas linhas, com detalhes a serem definidos ap\u00f3s a conclus\u00e3o dos estudos da EPE (Empresa de Pesquisa Energ\u00e9tica).\u00a0<\/p>\n\n\n\n<p>Durante a cerim\u00f4nia de assinatura do contrato de compra e venda de a\u00e7\u00f5es da Mantiqueira Energia entre State Grid e Brookfield, Silveira ressaltou a recente conex\u00e3o de 100% do territ\u00f3rio brasileiro ao SIN (Sistema Interligado Nacional), marco que, segundo o ministro, refor\u00e7a a seguran\u00e7a do sistema el\u00e9trico. Ele afirmou que os novos certames dar\u00e3o continuidade \u00e0 expans\u00e3o da malha de transmiss\u00e3o. \u201cTeremos um leil\u00e3o em cada semestre, trazendo mais recursos e mais seguran\u00e7a para o sistema\u201d, disse.<\/p>\n\n\n\n<p><\/p>\n\n\n\n<p><\/p>\n\n\n\n<p class=\"has-text-align-right\"><\/p>\n\n\n\n<p><\/p>\n\n\n\n<p><\/p>\n","protected":false},"excerpt":{"rendered":"<p>da Ag\u00eancia iNFRA O ministro de Minas e Energia, Alexandre Silveira, informou nesta sexta-feira (28) que o governo realizar\u00e1 dois leil\u00f5es de transmiss\u00e3o em 2026, que somam mais de R$ 25 bilh\u00f5es em investimentos previstos.&nbsp; O primeiro leil\u00e3o, programado para mar\u00e7o, est\u00e1 em fase final de consulta p\u00fablica na ANEEL (Ag\u00eancia Nacional de Energia El\u00e9trica). [&hellip;]<\/p>\n","protected":false},"author":1,"featured_media":5308,"comment_status":"closed","ping_status":"closed","sticky":false,"template":"","format":"standard","meta":{"_monsterinsights_skip_tracking":false,"_monsterinsights_sitenote_active":false,"_monsterinsights_sitenote_note":"","_monsterinsights_sitenote_category":0,"footnotes":""},"categories":[13576],"tags":[6040,53,1067,25,32,858,826,747],"class_list":["post-32969","post","type-post","status-publish","format-standard","has-post-thumbnail","hentry","category-giro-infra","tag-alexandre-silveira","tag-aneel","tag-empresa-de-pesquisa-energetica","tag-energia","tag-investimentos","tag-leilao-de-transmissao","tag-linhas-de-transmissao","tag-sistema-interligado-nacional"],"yoast_head":"<!-- This site is optimized with the Yoast SEO Premium plugin v25.4 (Yoast SEO v26.0) - https:\/\/yoast.com\/wordpress\/plugins\/seo\/ -->\n<title>Leil\u00f5es de transmiss\u00e3o em 2026 devem atrair R$ 25 bi, anuncia Silveira - Ag\u00eancia iNFRA<\/title>\n<meta name=\"robots\" content=\"index, follow, max-snippet:-1, max-image-preview:large, max-video-preview:-1\" \/>\n<link rel=\"canonical\" href=\"https:\/\/agenciainfra.com\/blog\/leiloes-de-transmissao-em-2026-devem-atrair-r-25-bi-anuncia-silveira\/\" \/>\n<meta property=\"og:locale\" content=\"pt_BR\" \/>\n<meta property=\"og:type\" content=\"article\" \/>\n<meta property=\"og:title\" content=\"Leil\u00f5es de transmiss\u00e3o em 2026 devem atrair R$ 25 bi, anuncia Silveira\" \/>\n<meta property=\"og:description\" content=\"da Ag\u00eancia iNFRA O ministro de Minas e Energia, Alexandre Silveira, informou nesta sexta-feira (28) que o governo realizar\u00e1 dois leil\u00f5es de transmiss\u00e3o em 2026, que somam mais de R$ 25 bilh\u00f5es em investimentos previstos.&nbsp; O primeiro leil\u00e3o, programado para mar\u00e7o, est\u00e1 em fase final de consulta p\u00fablica na ANEEL (Ag\u00eancia Nacional de Energia El\u00e9trica). [&hellip;]\" \/>\n<meta property=\"og:url\" content=\"https:\/\/agenciainfra.com\/blog\/leiloes-de-transmissao-em-2026-devem-atrair-r-25-bi-anuncia-silveira\/\" \/>\n<meta property=\"og:site_name\" content=\"Ag\u00eancia iNFRA\" \/>\n<meta property=\"article:publisher\" content=\"https:\/\/www.facebook.com\/ageninfra\" \/>\n<meta property=\"article:published_time\" content=\"2025-11-28T22:03:25+00:00\" \/>\n<meta property=\"article:modified_time\" content=\"2025-11-28T22:03:27+00:00\" \/>\n<meta property=\"og:image\" content=\"https:\/\/agenciainfra.com\/blog\/wp-content\/uploads\/2020\/07\/linha-transmissao-dominio-publico-e1763034002488.jpg\" \/>\n\t<meta property=\"og:image:width\" content=\"1280\" \/>\n\t<meta property=\"og:image:height\" content=\"760\" \/>\n\t<meta property=\"og:image:type\" content=\"image\/jpeg\" \/>\n<meta name=\"author\" content=\"Ag\u00eancia iNFRA\" \/>\n<meta name=\"twitter:card\" content=\"summary_large_image\" \/>\n<meta name=\"twitter:creator\" content=\"@agencia_infra\" \/>\n<meta name=\"twitter:site\" content=\"@agencia_infra\" \/>\n<meta name=\"twitter:label1\" content=\"Escrito por\" \/>\n\t<meta name=\"twitter:data1\" content=\"Ag\u00eancia iNFRA\" \/>\n\t<meta name=\"twitter:label2\" content=\"Est. tempo de leitura\" \/>\n\t<meta name=\"twitter:data2\" content=\"1 minuto\" \/>\n<script type=\"application\/ld+json\" class=\"yoast-schema-graph\">{\"@context\":\"https:\/\/schema.org\",\"@graph\":[{\"@type\":\"Article\",\"@id\":\"https:\/\/agenciainfra.com\/blog\/leiloes-de-transmissao-em-2026-devem-atrair-r-25-bi-anuncia-silveira\/#article\",\"isPartOf\":{\"@id\":\"https:\/\/agenciainfra.com\/blog\/leiloes-de-transmissao-em-2026-devem-atrair-r-25-bi-anuncia-silveira\/\"},\"author\":{\"name\":\"Ag\u00eancia iNFRA\",\"@id\":\"https:\/\/agenciainfra.com\/blog\/#\/schema\/person\/34af08dff6adea4cb22b06612ba7acfa\"},\"headline\":\"Leil\u00f5es de transmiss\u00e3o em 2026 devem atrair R$ 25 bi, anuncia Silveira\",\"datePublished\":\"2025-11-28T22:03:25+00:00\",\"dateModified\":\"2025-11-28T22:03:27+00:00\",\"mainEntityOfPage\":{\"@id\":\"https:\/\/agenciainfra.com\/blog\/leiloes-de-transmissao-em-2026-devem-atrair-r-25-bi-anuncia-silveira\/\"},\"wordCount\":245,\"publisher\":{\"@id\":\"https:\/\/agenciainfra.com\/blog\/#organization\"},\"image\":{\"@id\":\"https:\/\/agenciainfra.com\/blog\/leiloes-de-transmissao-em-2026-devem-atrair-r-25-bi-anuncia-silveira\/#primaryimage\"},\"thumbnailUrl\":\"https:\/\/agenciainfra.com\/blog\/wp-content\/uploads\/2020\/07\/linha-transmissao-dominio-publico-e1763034002488.jpg\",\"keywords\":[\"Alexandre Silveira\",\"ANEEL\",\"Empresa de Pesquisa Energ\u00e9tica\",\"energia\",\"Investimentos\",\"leil\u00e3o de transmiss\u00e3o\",\"Linhas de Transmiss\u00e3o\",\"Sistema Interligado Nacional\"],\"articleSection\":[\"Giro iNFRA\"],\"inLanguage\":\"pt-BR\",\"copyrightYear\":\"2025\",\"copyrightHolder\":{\"@id\":\"https:\/\/agenciainfra.com\/blog\/#organization\"}},{\"@type\":\"WebPage\",\"@id\":\"https:\/\/agenciainfra.com\/blog\/leiloes-de-transmissao-em-2026-devem-atrair-r-25-bi-anuncia-silveira\/\",\"url\":\"https:\/\/agenciainfra.com\/blog\/leiloes-de-transmissao-em-2026-devem-atrair-r-25-bi-anuncia-silveira\/\",\"name\":\"Leil\u00f5es de transmiss\u00e3o em 2026 devem atrair R$ 25 bi, anuncia Silveira - Ag\u00eancia iNFRA\",\"isPartOf\":{\"@id\":\"https:\/\/agenciainfra.com\/blog\/#website\"},\"primaryImageOfPage\":{\"@id\":\"https:\/\/agenciainfra.com\/blog\/leiloes-de-transmissao-em-2026-devem-atrair-r-25-bi-anuncia-silveira\/#primaryimage\"},\"image\":{\"@id\":\"https:\/\/agenciainfra.com\/blog\/leiloes-de-transmissao-em-2026-devem-atrair-r-25-bi-anuncia-silveira\/#primaryimage\"},\"thumbnailUrl\":\"https:\/\/agenciainfra.com\/blog\/wp-content\/uploads\/2020\/07\/linha-transmissao-dominio-publico-e1763034002488.jpg\",\"datePublished\":\"2025-11-28T22:03:25+00:00\",\"dateModified\":\"2025-11-28T22:03:27+00:00\",\"breadcrumb\":{\"@id\":\"https:\/\/agenciainfra.com\/blog\/leiloes-de-transmissao-em-2026-devem-atrair-r-25-bi-anuncia-silveira\/#breadcrumb\"},\"inLanguage\":\"pt-BR\",\"potentialAction\":[{\"@type\":\"ReadAction\",\"target\":[\"https:\/\/agenciainfra.com\/blog\/leiloes-de-transmissao-em-2026-devem-atrair-r-25-bi-anuncia-silveira\/\"]}]},{\"@type\":\"ImageObject\",\"inLanguage\":\"pt-BR\",\"@id\":\"https:\/\/agenciainfra.com\/blog\/leiloes-de-transmissao-em-2026-devem-atrair-r-25-bi-anuncia-silveira\/#primaryimage\",\"url\":\"https:\/\/agenciainfra.com\/blog\/wp-content\/uploads\/2020\/07\/linha-transmissao-dominio-publico-e1763034002488.jpg\",\"contentUrl\":\"https:\/\/agenciainfra.com\/blog\/wp-content\/uploads\/2020\/07\/linha-transmissao-dominio-publico-e1763034002488.jpg\",\"width\":1280,\"height\":760,\"caption\":\"Foto: Dom\u00ednio P\u00fablico\"},{\"@type\":\"BreadcrumbList\",\"@id\":\"https:\/\/agenciainfra.com\/blog\/leiloes-de-transmissao-em-2026-devem-atrair-r-25-bi-anuncia-silveira\/#breadcrumb\",\"itemListElement\":[{\"@type\":\"ListItem\",\"position\":1,\"name\":\"In\u00edcio\",\"item\":\"https:\/\/agenciainfra.com\/blog\/\"},{\"@type\":\"ListItem\",\"position\":2,\"name\":\"Leil\u00f5es de transmiss\u00e3o em 2026 devem atrair R$ 25 bi, anuncia Silveira\"}]},{\"@type\":\"WebSite\",\"@id\":\"https:\/\/agenciainfra.com\/blog\/#website\",\"url\":\"https:\/\/agenciainfra.com\/blog\/\",\"name\":\"Ag\u00eancia iNFRA\",\"description\":\"Multiplataforma de informa\u00e7\u00e3o jornal\u00edstica refer\u00eancia na \u00e1rea de infraestrutura no Brasil!\",\"publisher\":{\"@id\":\"https:\/\/agenciainfra.com\/blog\/#organization\"},\"potentialAction\":[{\"@type\":\"SearchAction\",\"target\":{\"@type\":\"EntryPoint\",\"urlTemplate\":\"https:\/\/agenciainfra.com\/blog\/?s={search_term_string}\"},\"query-input\":{\"@type\":\"PropertyValueSpecification\",\"valueRequired\":true,\"valueName\":\"search_term_string\"}}],\"inLanguage\":\"pt-BR\"},{\"@type\":\"Organization\",\"@id\":\"https:\/\/agenciainfra.com\/blog\/#organization\",\"name\":\"Ag\u00eancia iNFRA\",\"url\":\"https:\/\/agenciainfra.com\/blog\/\",\"logo\":{\"@type\":\"ImageObject\",\"inLanguage\":\"pt-BR\",\"@id\":\"https:\/\/agenciainfra.com\/blog\/#\/schema\/logo\/image\/\",\"url\":\"https:\/\/agenciainfra.com\/blog\/wp-content\/uploads\/2023\/09\/iNFRA_5-e1761735885940.png\",\"contentUrl\":\"https:\/\/agenciainfra.com\/blog\/wp-content\/uploads\/2023\/09\/iNFRA_5-e1761735885940.png\",\"width\":1672,\"height\":454,\"caption\":\"Ag\u00eancia iNFRA\"},\"image\":{\"@id\":\"https:\/\/agenciainfra.com\/blog\/#\/schema\/logo\/image\/\"},\"sameAs\":[\"https:\/\/www.facebook.com\/ageninfra\",\"https:\/\/x.com\/agencia_infra\",\"https:\/\/www.linkedin.com\/company\/ag\u00eanciainfra\/\",\"https:\/\/www.instagram.com\/agenciainfra\/\"]},{\"@type\":\"Person\",\"@id\":\"https:\/\/agenciainfra.com\/blog\/#\/schema\/person\/34af08dff6adea4cb22b06612ba7acfa\",\"name\":\"Ag\u00eancia iNFRA\",\"image\":{\"@type\":\"ImageObject\",\"inLanguage\":\"pt-BR\",\"@id\":\"https:\/\/agenciainfra.com\/blog\/#\/schema\/person\/image\/\",\"url\":\"https:\/\/secure.gravatar.com\/avatar\/d189e01678f06d8eb84d4e01f08eb848b3fffe3f8443818d3c356c66892f5be8?s=96&d=mm&r=g\",\"contentUrl\":\"https:\/\/secure.gravatar.com\/avatar\/d189e01678f06d8eb84d4e01f08eb848b3fffe3f8443818d3c356c66892f5be8?s=96&d=mm&r=g\",\"caption\":\"Ag\u00eancia iNFRA\"},\"url\":\"https:\/\/agenciainfra.com\/blog\/author\/admin\/\"}]}<\/script>\n<!-- \/ Yoast SEO Premium plugin. -->","yoast_head_json":{"title":"Leil\u00f5es de transmiss\u00e3o em 2026 devem atrair R$ 25 bi, anuncia Silveira - Ag\u00eancia iNFRA","robots":{"index":"index","follow":"follow","max-snippet":"max-snippet:-1","max-image-preview":"max-image-preview:large","max-video-preview":"max-video-preview:-1"},"canonical":"https:\/\/agenciainfra.com\/blog\/leiloes-de-transmissao-em-2026-devem-atrair-r-25-bi-anuncia-silveira\/","og_locale":"pt_BR","og_type":"article","og_title":"Leil\u00f5es de transmiss\u00e3o em 2026 devem atrair R$ 25 bi, anuncia Silveira","og_description":"da Ag\u00eancia iNFRA O ministro de Minas e Energia, Alexandre Silveira, informou nesta sexta-feira (28) que o governo realizar\u00e1 dois leil\u00f5es de transmiss\u00e3o em 2026, que somam mais de R$ 25 bilh\u00f5es em investimentos previstos.&nbsp; O primeiro leil\u00e3o, programado para mar\u00e7o, est\u00e1 em fase final de consulta p\u00fablica na ANEEL (Ag\u00eancia Nacional de Energia El\u00e9trica). [&hellip;]","og_url":"https:\/\/agenciainfra.com\/blog\/leiloes-de-transmissao-em-2026-devem-atrair-r-25-bi-anuncia-silveira\/","og_site_name":"Ag\u00eancia iNFRA","article_publisher":"https:\/\/www.facebook.com\/ageninfra","article_published_time":"2025-11-28T22:03:25+00:00","article_modified_time":"2025-11-28T22:03:27+00:00","og_image":[{"width":1280,"height":760,"url":"https:\/\/agenciainfra.com\/blog\/wp-content\/uploads\/2020\/07\/linha-transmissao-dominio-publico-e1763034002488.jpg","type":"image\/jpeg"}],"author":"Ag\u00eancia iNFRA","twitter_card":"summary_large_image","twitter_creator":"@agencia_infra","twitter_site":"@agencia_infra","twitter_misc":{"Escrito por":"Ag\u00eancia iNFRA","Est. tempo de leitura":"1 minuto"},"schema":{"@context":"https:\/\/schema.org","@graph":[{"@type":"Article","@id":"https:\/\/agenciainfra.com\/blog\/leiloes-de-transmissao-em-2026-devem-atrair-r-25-bi-anuncia-silveira\/#article","isPartOf":{"@id":"https:\/\/agenciainfra.com\/blog\/leiloes-de-transmissao-em-2026-devem-atrair-r-25-bi-anuncia-silveira\/"},"author":{"name":"Ag\u00eancia iNFRA","@id":"https:\/\/agenciainfra.com\/blog\/#\/schema\/person\/34af08dff6adea4cb22b06612ba7acfa"},"headline":"Leil\u00f5es de transmiss\u00e3o em 2026 devem atrair R$ 25 bi, anuncia Silveira","datePublished":"2025-11-28T22:03:25+00:00","dateModified":"2025-11-28T22:03:27+00:00","mainEntityOfPage":{"@id":"https:\/\/agenciainfra.com\/blog\/leiloes-de-transmissao-em-2026-devem-atrair-r-25-bi-anuncia-silveira\/"},"wordCount":245,"publisher":{"@id":"https:\/\/agenciainfra.com\/blog\/#organization"},"image":{"@id":"https:\/\/agenciainfra.com\/blog\/leiloes-de-transmissao-em-2026-devem-atrair-r-25-bi-anuncia-silveira\/#primaryimage"},"thumbnailUrl":"https:\/\/agenciainfra.com\/blog\/wp-content\/uploads\/2020\/07\/linha-transmissao-dominio-publico-e1763034002488.jpg","keywords":["Alexandre Silveira","ANEEL","Empresa de Pesquisa Energ\u00e9tica","energia","Investimentos","leil\u00e3o de transmiss\u00e3o","Linhas de Transmiss\u00e3o","Sistema Interligado Nacional"],"articleSection":["Giro iNFRA"],"inLanguage":"pt-BR","copyrightYear":"2025","copyrightHolder":{"@id":"https:\/\/agenciainfra.com\/blog\/#organization"}},{"@type":"WebPage","@id":"https:\/\/agenciainfra.com\/blog\/leiloes-de-transmissao-em-2026-devem-atrair-r-25-bi-anuncia-silveira\/","url":"https:\/\/agenciainfra.com\/blog\/leiloes-de-transmissao-em-2026-devem-atrair-r-25-bi-anuncia-silveira\/","name":"Leil\u00f5es de transmiss\u00e3o em 2026 devem atrair R$ 25 bi, anuncia Silveira - Ag\u00eancia iNFRA","isPartOf":{"@id":"https:\/\/agenciainfra.com\/blog\/#website"},"primaryImageOfPage":{"@id":"https:\/\/agenciainfra.com\/blog\/leiloes-de-transmissao-em-2026-devem-atrair-r-25-bi-anuncia-silveira\/#primaryimage"},"image":{"@id":"https:\/\/agenciainfra.com\/blog\/leiloes-de-transmissao-em-2026-devem-atrair-r-25-bi-anuncia-silveira\/#primaryimage"},"thumbnailUrl":"https:\/\/agenciainfra.com\/blog\/wp-content\/uploads\/2020\/07\/linha-transmissao-dominio-publico-e1763034002488.jpg","datePublished":"2025-11-28T22:03:25+00:00","dateModified":"2025-11-28T22:03:27+00:00","breadcrumb":{"@id":"https:\/\/agenciainfra.com\/blog\/leiloes-de-transmissao-em-2026-devem-atrair-r-25-bi-anuncia-silveira\/#breadcrumb"},"inLanguage":"pt-BR","potentialAction":[{"@type":"ReadAction","target":["https:\/\/agenciainfra.com\/blog\/leiloes-de-transmissao-em-2026-devem-atrair-r-25-bi-anuncia-silveira\/"]}]},{"@type":"ImageObject","inLanguage":"pt-BR","@id":"https:\/\/agenciainfra.com\/blog\/leiloes-de-transmissao-em-2026-devem-atrair-r-25-bi-anuncia-silveira\/#primaryimage","url":"https:\/\/agenciainfra.com\/blog\/wp-content\/uploads\/2020\/07\/linha-transmissao-dominio-publico-e1763034002488.jpg","contentUrl":"https:\/\/agenciainfra.com\/blog\/wp-content\/uploads\/2020\/07\/linha-transmissao-dominio-publico-e1763034002488.jpg","width":1280,"height":760,"caption":"Foto: Dom\u00ednio P\u00fablico"},{"@type":"BreadcrumbList","@id":"https:\/\/agenciainfra.com\/blog\/leiloes-de-transmissao-em-2026-devem-atrair-r-25-bi-anuncia-silveira\/#breadcrumb","itemListElement":[{"@type":"ListItem","position":1,"name":"In\u00edcio","item":"https:\/\/agenciainfra.com\/blog\/"},{"@type":"ListItem","position":2,"name":"Leil\u00f5es de transmiss\u00e3o em 2026 devem atrair R$ 25 bi, anuncia Silveira"}]},{"@type":"WebSite","@id":"https:\/\/agenciainfra.com\/blog\/#website","url":"https:\/\/agenciainfra.com\/blog\/","name":"Ag\u00eancia iNFRA","description":"Multiplataforma de informa\u00e7\u00e3o jornal\u00edstica refer\u00eancia na \u00e1rea de infraestrutura no Brasil!","publisher":{"@id":"https:\/\/agenciainfra.com\/blog\/#organization"},"potentialAction":[{"@type":"SearchAction","target":{"@type":"EntryPoint","urlTemplate":"https:\/\/agenciainfra.com\/blog\/?s={search_term_string}"},"query-input":{"@type":"PropertyValueSpecification","valueRequired":true,"valueName":"search_term_string"}}],"inLanguage":"pt-BR"},{"@type":"Organization","@id":"https:\/\/agenciainfra.com\/blog\/#organization","name":"Ag\u00eancia iNFRA","url":"https:\/\/agenciainfra.com\/blog\/","logo":{"@type":"ImageObject","inLanguage":"pt-BR","@id":"https:\/\/agenciainfra.com\/blog\/#\/schema\/logo\/image\/","url":"https:\/\/agenciainfra.com\/blog\/wp-content\/uploads\/2023\/09\/iNFRA_5-e1761735885940.png","contentUrl":"https:\/\/agenciainfra.com\/blog\/wp-content\/uploads\/2023\/09\/iNFRA_5-e1761735885940.png","width":1672,"height":454,"caption":"Ag\u00eancia iNFRA"},"image":{"@id":"https:\/\/agenciainfra.com\/blog\/#\/schema\/logo\/image\/"},"sameAs":["https:\/\/www.facebook.com\/ageninfra","https:\/\/x.com\/agencia_infra","https:\/\/www.linkedin.com\/company\/ag\u00eanciainfra\/","https:\/\/www.instagram.com\/agenciainfra\/"]},{"@type":"Person","@id":"https:\/\/agenciainfra.com\/blog\/#\/schema\/person\/34af08dff6adea4cb22b06612ba7acfa","name":"Ag\u00eancia iNFRA","image":{"@type":"ImageObject","inLanguage":"pt-BR","@id":"https:\/\/agenciainfra.com\/blog\/#\/schema\/person\/image\/","url":"https:\/\/secure.gravatar.com\/avatar\/d189e01678f06d8eb84d4e01f08eb848b3fffe3f8443818d3c356c66892f5be8?s=96&d=mm&r=g","contentUrl":"https:\/\/secure.gravatar.com\/avatar\/d189e01678f06d8eb84d4e01f08eb848b3fffe3f8443818d3c356c66892f5be8?s=96&d=mm&r=g","caption":"Ag\u00eancia iNFRA"},"url":"https:\/\/agenciainfra.com\/blog\/author\/admin\/"}]}},"_links":{"self":[{"href":"https:\/\/agenciainfra.com\/blog\/wp-json\/wp\/v2\/posts\/32969","targetHints":{"allow":["GET"]}}],"collection":[{"href":"https:\/\/agenciainfra.com\/blog\/wp-json\/wp\/v2\/posts"}],"about":[{"href":"https:\/\/agenciainfra.com\/blog\/wp-json\/wp\/v2\/types\/post"}],"author":[{"embeddable":true,"href":"https:\/\/agenciainfra.com\/blog\/wp-json\/wp\/v2\/users\/1"}],"replies":[{"embeddable":true,"href":"https:\/\/agenciainfra.com\/blog\/wp-json\/wp\/v2\/comments?post=32969"}],"version-history":[{"count":1,"href":"https:\/\/agenciainfra.com\/blog\/wp-json\/wp\/v2\/posts\/32969\/revisions"}],"predecessor-version":[{"id":32970,"href":"https:\/\/agenciainfra.com\/blog\/wp-json\/wp\/v2\/posts\/32969\/revisions\/32970"}],"wp:featuredmedia":[{"embeddable":true,"href":"https:\/\/agenciainfra.com\/blog\/wp-json\/wp\/v2\/media\/5308"}],"wp:attachment":[{"href":"https:\/\/agenciainfra.com\/blog\/wp-json\/wp\/v2\/media?parent=32969"}],"wp:term":[{"taxonomy":"category","embeddable":true,"href":"https:\/\/agenciainfra.com\/blog\/wp-json\/wp\/v2\/categories?post=32969"},{"taxonomy":"post_tag","embeddable":true,"href":"https:\/\/agenciainfra.com\/blog\/wp-json\/wp\/v2\/tags?post=32969"}],"curies":[{"name":"wp","href":"https:\/\/api.w.org\/{rel}","templated":true}]}}