{"id":32985,"date":"2025-11-29T15:00:00","date_gmt":"2025-11-29T18:00:00","guid":{"rendered":"https:\/\/agenciainfra.com\/blog\/?p=32985"},"modified":"2025-11-29T15:00:02","modified_gmt":"2025-11-29T18:00:02","slug":"demandas-de-transmissao-e-expansao-de-renovaveis-desafiam-modelo-de-leiloes","status":"publish","type":"post","link":"https:\/\/agenciainfra.com\/blog\/demandas-de-transmissao-e-expansao-de-renovaveis-desafiam-modelo-de-leiloes\/","title":{"rendered":"Demandas de transmiss\u00e3o e expans\u00e3o de renov\u00e1veis desafiam modelo de leil\u00f5es"},"content":{"rendered":"\n<p class=\"has-text-align-right\"><strong>Apresentado por ApexBrasil<\/strong><\/p>\n\n\n\n<p>A expans\u00e3o das fontes renov\u00e1veis e as novas demandas de transmiss\u00e3o est\u00e3o redefinindo os desafios do modelo de leil\u00f5es do setor el\u00e9trico brasileiro. O tema dominou o painel \u201cDesenho de leil\u00f5es do setor el\u00e9trico: estrat\u00e9gias para ampliar a competitividade\u201d, realizado durante o &#8220;F\u00f3rum Nacional de PPPs 2025\u00a0\u2013 Concess\u00f5es, Infraestrutura, Cidades Inteligentes e Saneamento\u201d. O evento foi realizado na segunda (24) e na ter\u00e7a-feira (25), pela Secretaria Especial do PPI (Programa de Parcerias de Investimentos) da Casa Civil da Presid\u00eancia da Rep\u00fablica, em parceria com o Banco do Brasil e a ApexBrasil. A transmiss\u00e3o pode ser acessada\u00a0<a href=\"https:\/\/agenciainfra.us14.list-manage.com\/track\/click?u=d460dd1bcf9ba0ae040e1fc0f&amp;id=aff0b6f089&amp;e=c099169394\" target=\"_blank\" rel=\"noreferrer noopener\">aqui<\/a>.<\/p>\n\n\n\n<p>O presidente-executivo da Abrate (Associa\u00e7\u00e3o Brasileira das Empresas de Transmiss\u00e3o de Energia El\u00e9trica), M\u00e1rio Miranda, afirmou que o salto da infraestrutura nas \u00faltimas d\u00e9cadas exige agora foco em resili\u00eancia. \u201cA palavra resili\u00eancia da transmiss\u00e3o passou a ser forte. N\u00e3o projetamos linhas para condi\u00e7\u00e3o de vento que vemos hoje\u201d, disse, citando epis\u00f3dios clim\u00e1ticos como o do Paran\u00e1, em novembro, quando ventos de mais de 200 quil\u00f4metros por hora atingiram o estado. \u201cEnt\u00e3o temos que trabalhar muito essa quest\u00e3o da resili\u00eancia. As concess\u00f5es precisar\u00e3o negociar com a natureza\u201d, completou.<\/p>\n\n\n\n<p>Miranda tamb\u00e9m mencionou os impactos de greves como a do Ibama, que t\u00eam atrasado processos de licenciamento ambiental e gerado efeitos sobre contratos e futuros leil\u00f5es. Ele lembrou que o pa\u00eds tinha 69 mil quil\u00f4metros de linhas de transmiss\u00e3o na d\u00e9cada de 1990, n\u00famero que hoje chega a cerca de 190 mil quil\u00f4metros.<\/p>\n\n\n\n<p>O executivo&nbsp;observou que o setor ainda sente os efeitos da MP 579\/2012, que antecipou renova\u00e7\u00f5es de outorga. \u201cA MP 579\/2012 ainda hoje nos causa problema. Dezesseis anos para a solu\u00e7\u00e3o de um problema de pol\u00edtica de governo, e a transmiss\u00e3o \u00e9 isso: \u00e9 muito sens\u00edvel \u00e0 pol\u00edtica de governo.\u201d<\/p>\n\n\n\n<p>O secret\u00e1rio de Leil\u00f5es da ANEEL (Ag\u00eancia Nacional de Energia El\u00e9trica), Ivo Secchi Nazareno, destacou que o avan\u00e7o das fontes renov\u00e1veis, especialmente e\u00f3lica e solar, e a incorpora\u00e7\u00e3o de tecnologias como armazenamento por baterias e solu\u00e7\u00f5es hidr\u00e1ulicas est\u00e3o alterando a din\u00e2mica de aquisi\u00e7\u00e3o de energia.<\/p>\n\n\n\n<p>Para ele, essas transforma\u00e7\u00f5es exigem novos mecanismos regulat\u00f3rios. \u201cMudan\u00e7as tecnol\u00f3gicas, como a chegada da gera\u00e7\u00e3o renov\u00e1vel, especialmente a e\u00f3lica e solar, que alteram a forma e atributos de aquisi\u00e7\u00e3o de energia, os sistemas de armazenamento por meio de baterias e hidr\u00e1ulicas, que t\u00eam sido alvo de intensos debates no governo, resili\u00eancia de rede e controle de frequ\u00eancia.\u201d<\/p>\n\n\n\n<p>Ao analisar o hist\u00f3rico do setor, Nazareno ressaltou o papel da regula\u00e7\u00e3o nos \u00faltimos 20 anos. \u201cO olhar do regulador e do formulador de pol\u00edticas p\u00fablicas foi important\u00edssimo nesses anos, acompanhando as informa\u00e7\u00f5es que vieram do mercado para construirmos o aparato s\u00f3lido que a gente tem hoje, tanto de leil\u00f5es de transmiss\u00e3o quanto de gera\u00e7\u00e3o. N\u00e3o temos lotes vazios h\u00e1 sete anos e todos os des\u00e1gios m\u00e9dios na casa dos 40%.\u201d<\/p>\n\n\n\n<p>Nazareno tamb\u00e9m afirmou que a atratividade dos projetos depende de um ambiente econ\u00f4mico e institucional est\u00e1vel. \u201cIsso \u00e9 importante diante de um cen\u00e1rio de taxas de juros altas e um cen\u00e1rio de alta de capital. Isso tem sido trabalhado nas estrutura\u00e7\u00f5es de pre\u00e7o, com mecanismos regulat\u00f3rios que s\u00e3o bastante din\u00e2micos para captar o momento da licita\u00e7\u00e3o.\u201d<\/p>\n\n\n\n<p>O painel trouxe exemplos de inova\u00e7\u00f5es recentes, como a contrata\u00e7\u00e3o de um projeto h\u00edbrido que combina gera\u00e7\u00e3o t\u00e9rmica, solar e armazenamento de energia. A solu\u00e7\u00e3o reduziu custos de fornecimento em\u00a0sistemas isolados, evitando o uso da gera\u00e7\u00e3o t\u00e9rmica, mais cara. O caso ocorreu no leil\u00e3o de gera\u00e7\u00e3o de sistemas isolados realizado em setembro deste ano.<\/p>\n\n\n\n<p>De acordo com o diretor-presidente da Apine (Associa\u00e7\u00e3o Brasileira dos Produtores Independentes de Energia El\u00e9trica), Rui Altieri, o ambiente regulat\u00f3rio ser\u00e1 determinante para o sucesso dos pr\u00f3ximos certames. Ele destacou a import\u00e2ncia da estabilidade para investidores. \u201cO Brasil tem uma tradi\u00e7\u00e3o forte em respeito aos contratos e n\u00e3o podemos perder isso. O mundo muda muito em 25 anos, mas sempre olhando para a frente. Isso traz valor e confian\u00e7a ao investidor.\u201d<\/p>\n\n\n\n<p>Altieri tamb\u00e9m defendeu o est\u00edmulo cont\u00ednuo \u00e0 competi\u00e7\u00e3o entre fontes. \u201cTemos que exercitar o est\u00edmulo \u00e0 competi\u00e7\u00e3o. N\u00e3o podemos ter prefer\u00eancia ou preconceito sobre nenhuma fonte. Todas s\u00e3o necess\u00e1rias.\u00a0Quando os leil\u00f5es abarcam uma determinada fonte apenas, h\u00e1 competitividade, mas ela \u00e9 restrita. Quem tem que determinar o que o sistema precisa \u00e9 o operador e o planejador.\u201d<\/p>\n\n\n\n<p>O conselheiro de Administra\u00e7\u00e3o da CCEE (C\u00e2mara de Comercializa\u00e7\u00e3o de Energia El\u00e9trica)&nbsp;Ricardo Simabuku destacou o que considera pilares essenciais para assegurar seguran\u00e7a e efici\u00eancia nos leil\u00f5es.<\/p>\n\n\n\n<p>\u201cTemos o fortalecimento da infraestrutura para realiza\u00e7\u00e3o dos leil\u00f5es, governan\u00e7a, auditoria independente e, para os participantes, a comunica\u00e7\u00e3o e a transpar\u00eancia de todo o processo para que todos tenham as melhores condi\u00e7\u00f5es para fazerem as melhores ofertas no \u00e2mbito do leil\u00e3o\u201d, disse o executivo.<\/p>\n","protected":false},"excerpt":{"rendered":"<p>Apresentado por ApexBrasil A expans\u00e3o das fontes renov\u00e1veis e as novas demandas de transmiss\u00e3o est\u00e3o redefinindo os desafios do modelo de leil\u00f5es do setor el\u00e9trico brasileiro. O tema dominou o painel \u201cDesenho de leil\u00f5es do setor el\u00e9trico: estrat\u00e9gias para ampliar a competitividade\u201d, realizado durante o &#8220;F\u00f3rum Nacional de PPPs 2025\u00a0\u2013 Concess\u00f5es, Infraestrutura, Cidades Inteligentes e [&hellip;]<\/p>\n","protected":false},"author":1,"featured_media":32990,"comment_status":"closed","ping_status":"closed","sticky":false,"template":"","format":"standard","meta":{"_monsterinsights_skip_tracking":false,"_monsterinsights_sitenote_active":false,"_monsterinsights_sitenote_note":"","_monsterinsights_sitenote_category":0,"footnotes":""},"categories":[2054,2053],"tags":[9564,1051,17067,17225,1631,406,786,13849,874,54],"class_list":["post-32985","post","type-post","status-publish","format-standard","has-post-thumbnail","hentry","category-contpat","category-infraliveventos","tag-apexbrasil","tag-banco-do-brasil","tag-forum-nacional-de-ppps-2025","tag-ivo-secchi-nazareno","tag-mario-miranda","tag-ppps","tag-programa-de-parcerias-de-investimentos","tag-ricardo-simabuku","tag-rui-altieri","tag-setor-eletrico"],"yoast_head":"<!-- This site is optimized with the Yoast SEO Premium plugin v25.4 (Yoast SEO v26.0) - https:\/\/yoast.com\/wordpress\/plugins\/seo\/ -->\n<title>Demandas de transmiss\u00e3o e expans\u00e3o de renov\u00e1veis desafiam modelo de leil\u00f5es - Ag\u00eancia iNFRA<\/title>\n<meta name=\"robots\" content=\"index, follow, max-snippet:-1, max-image-preview:large, max-video-preview:-1\" \/>\n<link rel=\"canonical\" href=\"https:\/\/agenciainfra.com\/blog\/demandas-de-transmissao-e-expansao-de-renovaveis-desafiam-modelo-de-leiloes\/\" \/>\n<meta property=\"og:locale\" content=\"pt_BR\" \/>\n<meta property=\"og:type\" content=\"article\" \/>\n<meta property=\"og:title\" content=\"Demandas de transmiss\u00e3o e expans\u00e3o de renov\u00e1veis desafiam modelo de leil\u00f5es\" \/>\n<meta property=\"og:description\" content=\"Apresentado por ApexBrasil A expans\u00e3o das fontes renov\u00e1veis e as novas demandas de transmiss\u00e3o est\u00e3o redefinindo os desafios do modelo de leil\u00f5es do setor el\u00e9trico brasileiro. O tema dominou o painel \u201cDesenho de leil\u00f5es do setor el\u00e9trico: estrat\u00e9gias para ampliar a competitividade\u201d, realizado durante o &#8220;F\u00f3rum Nacional de PPPs 2025\u00a0\u2013 Concess\u00f5es, Infraestrutura, Cidades Inteligentes e [&hellip;]\" \/>\n<meta property=\"og:url\" content=\"https:\/\/agenciainfra.com\/blog\/demandas-de-transmissao-e-expansao-de-renovaveis-desafiam-modelo-de-leiloes\/\" \/>\n<meta property=\"og:site_name\" content=\"Ag\u00eancia iNFRA\" \/>\n<meta property=\"article:publisher\" content=\"https:\/\/www.facebook.com\/ageninfra\" \/>\n<meta property=\"article:published_time\" content=\"2025-11-29T18:00:00+00:00\" \/>\n<meta property=\"article:modified_time\" content=\"2025-11-29T18:00:02+00:00\" \/>\n<meta property=\"og:image\" content=\"https:\/\/agenciainfra.com\/blog\/wp-content\/uploads\/2025\/11\/forum-nacional-de-ppps-2025-painel-6-foto-giba-agencia-infra-1.jpg\" \/>\n\t<meta property=\"og:image:width\" content=\"1280\" \/>\n\t<meta property=\"og:image:height\" content=\"852\" \/>\n\t<meta property=\"og:image:type\" content=\"image\/jpeg\" \/>\n<meta name=\"author\" content=\"Ag\u00eancia iNFRA\" \/>\n<meta name=\"twitter:card\" content=\"summary_large_image\" \/>\n<meta name=\"twitter:creator\" content=\"@agencia_infra\" \/>\n<meta name=\"twitter:site\" content=\"@agencia_infra\" \/>\n<meta name=\"twitter:label1\" content=\"Escrito por\" \/>\n\t<meta name=\"twitter:data1\" content=\"Ag\u00eancia iNFRA\" \/>\n\t<meta name=\"twitter:label2\" content=\"Est. tempo de leitura\" \/>\n\t<meta name=\"twitter:data2\" content=\"4 minutos\" \/>\n<script type=\"application\/ld+json\" class=\"yoast-schema-graph\">{\"@context\":\"https:\/\/schema.org\",\"@graph\":[{\"@type\":\"Article\",\"@id\":\"https:\/\/agenciainfra.com\/blog\/demandas-de-transmissao-e-expansao-de-renovaveis-desafiam-modelo-de-leiloes\/#article\",\"isPartOf\":{\"@id\":\"https:\/\/agenciainfra.com\/blog\/demandas-de-transmissao-e-expansao-de-renovaveis-desafiam-modelo-de-leiloes\/\"},\"author\":{\"name\":\"Ag\u00eancia iNFRA\",\"@id\":\"https:\/\/agenciainfra.com\/blog\/#\/schema\/person\/34af08dff6adea4cb22b06612ba7acfa\"},\"headline\":\"Demandas de transmiss\u00e3o e expans\u00e3o de renov\u00e1veis desafiam modelo de leil\u00f5es\",\"datePublished\":\"2025-11-29T18:00:00+00:00\",\"dateModified\":\"2025-11-29T18:00:02+00:00\",\"mainEntityOfPage\":{\"@id\":\"https:\/\/agenciainfra.com\/blog\/demandas-de-transmissao-e-expansao-de-renovaveis-desafiam-modelo-de-leiloes\/\"},\"wordCount\":911,\"publisher\":{\"@id\":\"https:\/\/agenciainfra.com\/blog\/#organization\"},\"image\":{\"@id\":\"https:\/\/agenciainfra.com\/blog\/demandas-de-transmissao-e-expansao-de-renovaveis-desafiam-modelo-de-leiloes\/#primaryimage\"},\"thumbnailUrl\":\"https:\/\/agenciainfra.com\/blog\/wp-content\/uploads\/2025\/11\/forum-nacional-de-ppps-2025-painel-6-foto-giba-agencia-infra-1.jpg\",\"keywords\":[\"ApexBrasil\",\"Banco do Brasil\",\"F\u00f3rum Nacional de PPPs 2025\",\"Ivo Secchi Nazareno\",\"M\u00e1rio Miranda\",\"PPPs\",\"Programa de Parcerias de Investimentos\",\"Ricardo Simabuku\",\"Rui Altieri\",\"Setor El\u00e9trico\"],\"articleSection\":[\"Conte\u00fado Patrocinado\",\"iNFRALive e Eventos\"],\"inLanguage\":\"pt-BR\",\"copyrightYear\":\"2025\",\"copyrightHolder\":{\"@id\":\"https:\/\/agenciainfra.com\/blog\/#organization\"}},{\"@type\":\"WebPage\",\"@id\":\"https:\/\/agenciainfra.com\/blog\/demandas-de-transmissao-e-expansao-de-renovaveis-desafiam-modelo-de-leiloes\/\",\"url\":\"https:\/\/agenciainfra.com\/blog\/demandas-de-transmissao-e-expansao-de-renovaveis-desafiam-modelo-de-leiloes\/\",\"name\":\"Demandas de transmiss\u00e3o e expans\u00e3o de renov\u00e1veis desafiam modelo de leil\u00f5es - Ag\u00eancia iNFRA\",\"isPartOf\":{\"@id\":\"https:\/\/agenciainfra.com\/blog\/#website\"},\"primaryImageOfPage\":{\"@id\":\"https:\/\/agenciainfra.com\/blog\/demandas-de-transmissao-e-expansao-de-renovaveis-desafiam-modelo-de-leiloes\/#primaryimage\"},\"image\":{\"@id\":\"https:\/\/agenciainfra.com\/blog\/demandas-de-transmissao-e-expansao-de-renovaveis-desafiam-modelo-de-leiloes\/#primaryimage\"},\"thumbnailUrl\":\"https:\/\/agenciainfra.com\/blog\/wp-content\/uploads\/2025\/11\/forum-nacional-de-ppps-2025-painel-6-foto-giba-agencia-infra-1.jpg\",\"datePublished\":\"2025-11-29T18:00:00+00:00\",\"dateModified\":\"2025-11-29T18:00:02+00:00\",\"breadcrumb\":{\"@id\":\"https:\/\/agenciainfra.com\/blog\/demandas-de-transmissao-e-expansao-de-renovaveis-desafiam-modelo-de-leiloes\/#breadcrumb\"},\"inLanguage\":\"pt-BR\",\"potentialAction\":[{\"@type\":\"ReadAction\",\"target\":[\"https:\/\/agenciainfra.com\/blog\/demandas-de-transmissao-e-expansao-de-renovaveis-desafiam-modelo-de-leiloes\/\"]}]},{\"@type\":\"ImageObject\",\"inLanguage\":\"pt-BR\",\"@id\":\"https:\/\/agenciainfra.com\/blog\/demandas-de-transmissao-e-expansao-de-renovaveis-desafiam-modelo-de-leiloes\/#primaryimage\",\"url\":\"https:\/\/agenciainfra.com\/blog\/wp-content\/uploads\/2025\/11\/forum-nacional-de-ppps-2025-painel-6-foto-giba-agencia-infra-1.jpg\",\"contentUrl\":\"https:\/\/agenciainfra.com\/blog\/wp-content\/uploads\/2025\/11\/forum-nacional-de-ppps-2025-painel-6-foto-giba-agencia-infra-1.jpg\",\"width\":1280,\"height\":852,\"caption\":\"Foto: Giba\/Ag\u00eancia iNFRA\"},{\"@type\":\"BreadcrumbList\",\"@id\":\"https:\/\/agenciainfra.com\/blog\/demandas-de-transmissao-e-expansao-de-renovaveis-desafiam-modelo-de-leiloes\/#breadcrumb\",\"itemListElement\":[{\"@type\":\"ListItem\",\"position\":1,\"name\":\"In\u00edcio\",\"item\":\"https:\/\/agenciainfra.com\/blog\/\"},{\"@type\":\"ListItem\",\"position\":2,\"name\":\"Demandas de transmiss\u00e3o e expans\u00e3o de renov\u00e1veis desafiam modelo de leil\u00f5es\"}]},{\"@type\":\"WebSite\",\"@id\":\"https:\/\/agenciainfra.com\/blog\/#website\",\"url\":\"https:\/\/agenciainfra.com\/blog\/\",\"name\":\"Ag\u00eancia iNFRA\",\"description\":\"Multiplataforma de informa\u00e7\u00e3o jornal\u00edstica refer\u00eancia na \u00e1rea de infraestrutura no Brasil!\",\"publisher\":{\"@id\":\"https:\/\/agenciainfra.com\/blog\/#organization\"},\"potentialAction\":[{\"@type\":\"SearchAction\",\"target\":{\"@type\":\"EntryPoint\",\"urlTemplate\":\"https:\/\/agenciainfra.com\/blog\/?s={search_term_string}\"},\"query-input\":{\"@type\":\"PropertyValueSpecification\",\"valueRequired\":true,\"valueName\":\"search_term_string\"}}],\"inLanguage\":\"pt-BR\"},{\"@type\":\"Organization\",\"@id\":\"https:\/\/agenciainfra.com\/blog\/#organization\",\"name\":\"Ag\u00eancia iNFRA\",\"url\":\"https:\/\/agenciainfra.com\/blog\/\",\"logo\":{\"@type\":\"ImageObject\",\"inLanguage\":\"pt-BR\",\"@id\":\"https:\/\/agenciainfra.com\/blog\/#\/schema\/logo\/image\/\",\"url\":\"https:\/\/agenciainfra.com\/blog\/wp-content\/uploads\/2023\/09\/iNFRA_5-e1761735885940.png\",\"contentUrl\":\"https:\/\/agenciainfra.com\/blog\/wp-content\/uploads\/2023\/09\/iNFRA_5-e1761735885940.png\",\"width\":1672,\"height\":454,\"caption\":\"Ag\u00eancia iNFRA\"},\"image\":{\"@id\":\"https:\/\/agenciainfra.com\/blog\/#\/schema\/logo\/image\/\"},\"sameAs\":[\"https:\/\/www.facebook.com\/ageninfra\",\"https:\/\/x.com\/agencia_infra\",\"https:\/\/www.linkedin.com\/company\/ag\u00eanciainfra\/\",\"https:\/\/www.instagram.com\/agenciainfra\/\"]},{\"@type\":\"Person\",\"@id\":\"https:\/\/agenciainfra.com\/blog\/#\/schema\/person\/34af08dff6adea4cb22b06612ba7acfa\",\"name\":\"Ag\u00eancia iNFRA\",\"image\":{\"@type\":\"ImageObject\",\"inLanguage\":\"pt-BR\",\"@id\":\"https:\/\/agenciainfra.com\/blog\/#\/schema\/person\/image\/\",\"url\":\"https:\/\/secure.gravatar.com\/avatar\/d189e01678f06d8eb84d4e01f08eb848b3fffe3f8443818d3c356c66892f5be8?s=96&d=mm&r=g\",\"contentUrl\":\"https:\/\/secure.gravatar.com\/avatar\/d189e01678f06d8eb84d4e01f08eb848b3fffe3f8443818d3c356c66892f5be8?s=96&d=mm&r=g\",\"caption\":\"Ag\u00eancia iNFRA\"},\"url\":\"https:\/\/agenciainfra.com\/blog\/author\/admin\/\"}]}<\/script>\n<!-- \/ Yoast SEO Premium plugin. -->","yoast_head_json":{"title":"Demandas de transmiss\u00e3o e expans\u00e3o de renov\u00e1veis desafiam modelo de leil\u00f5es - Ag\u00eancia iNFRA","robots":{"index":"index","follow":"follow","max-snippet":"max-snippet:-1","max-image-preview":"max-image-preview:large","max-video-preview":"max-video-preview:-1"},"canonical":"https:\/\/agenciainfra.com\/blog\/demandas-de-transmissao-e-expansao-de-renovaveis-desafiam-modelo-de-leiloes\/","og_locale":"pt_BR","og_type":"article","og_title":"Demandas de transmiss\u00e3o e expans\u00e3o de renov\u00e1veis desafiam modelo de leil\u00f5es","og_description":"Apresentado por ApexBrasil A expans\u00e3o das fontes renov\u00e1veis e as novas demandas de transmiss\u00e3o est\u00e3o redefinindo os desafios do modelo de leil\u00f5es do setor el\u00e9trico brasileiro. O tema dominou o painel \u201cDesenho de leil\u00f5es do setor el\u00e9trico: estrat\u00e9gias para ampliar a competitividade\u201d, realizado durante o &#8220;F\u00f3rum Nacional de PPPs 2025\u00a0\u2013 Concess\u00f5es, Infraestrutura, Cidades Inteligentes e [&hellip;]","og_url":"https:\/\/agenciainfra.com\/blog\/demandas-de-transmissao-e-expansao-de-renovaveis-desafiam-modelo-de-leiloes\/","og_site_name":"Ag\u00eancia iNFRA","article_publisher":"https:\/\/www.facebook.com\/ageninfra","article_published_time":"2025-11-29T18:00:00+00:00","article_modified_time":"2025-11-29T18:00:02+00:00","og_image":[{"width":1280,"height":852,"url":"https:\/\/agenciainfra.com\/blog\/wp-content\/uploads\/2025\/11\/forum-nacional-de-ppps-2025-painel-6-foto-giba-agencia-infra-1.jpg","type":"image\/jpeg"}],"author":"Ag\u00eancia iNFRA","twitter_card":"summary_large_image","twitter_creator":"@agencia_infra","twitter_site":"@agencia_infra","twitter_misc":{"Escrito por":"Ag\u00eancia iNFRA","Est. tempo de leitura":"4 minutos"},"schema":{"@context":"https:\/\/schema.org","@graph":[{"@type":"Article","@id":"https:\/\/agenciainfra.com\/blog\/demandas-de-transmissao-e-expansao-de-renovaveis-desafiam-modelo-de-leiloes\/#article","isPartOf":{"@id":"https:\/\/agenciainfra.com\/blog\/demandas-de-transmissao-e-expansao-de-renovaveis-desafiam-modelo-de-leiloes\/"},"author":{"name":"Ag\u00eancia iNFRA","@id":"https:\/\/agenciainfra.com\/blog\/#\/schema\/person\/34af08dff6adea4cb22b06612ba7acfa"},"headline":"Demandas de transmiss\u00e3o e expans\u00e3o de renov\u00e1veis desafiam modelo de leil\u00f5es","datePublished":"2025-11-29T18:00:00+00:00","dateModified":"2025-11-29T18:00:02+00:00","mainEntityOfPage":{"@id":"https:\/\/agenciainfra.com\/blog\/demandas-de-transmissao-e-expansao-de-renovaveis-desafiam-modelo-de-leiloes\/"},"wordCount":911,"publisher":{"@id":"https:\/\/agenciainfra.com\/blog\/#organization"},"image":{"@id":"https:\/\/agenciainfra.com\/blog\/demandas-de-transmissao-e-expansao-de-renovaveis-desafiam-modelo-de-leiloes\/#primaryimage"},"thumbnailUrl":"https:\/\/agenciainfra.com\/blog\/wp-content\/uploads\/2025\/11\/forum-nacional-de-ppps-2025-painel-6-foto-giba-agencia-infra-1.jpg","keywords":["ApexBrasil","Banco do Brasil","F\u00f3rum Nacional de PPPs 2025","Ivo Secchi Nazareno","M\u00e1rio Miranda","PPPs","Programa de Parcerias de Investimentos","Ricardo Simabuku","Rui Altieri","Setor El\u00e9trico"],"articleSection":["Conte\u00fado Patrocinado","iNFRALive e Eventos"],"inLanguage":"pt-BR","copyrightYear":"2025","copyrightHolder":{"@id":"https:\/\/agenciainfra.com\/blog\/#organization"}},{"@type":"WebPage","@id":"https:\/\/agenciainfra.com\/blog\/demandas-de-transmissao-e-expansao-de-renovaveis-desafiam-modelo-de-leiloes\/","url":"https:\/\/agenciainfra.com\/blog\/demandas-de-transmissao-e-expansao-de-renovaveis-desafiam-modelo-de-leiloes\/","name":"Demandas de transmiss\u00e3o e expans\u00e3o de renov\u00e1veis desafiam modelo de leil\u00f5es - Ag\u00eancia iNFRA","isPartOf":{"@id":"https:\/\/agenciainfra.com\/blog\/#website"},"primaryImageOfPage":{"@id":"https:\/\/agenciainfra.com\/blog\/demandas-de-transmissao-e-expansao-de-renovaveis-desafiam-modelo-de-leiloes\/#primaryimage"},"image":{"@id":"https:\/\/agenciainfra.com\/blog\/demandas-de-transmissao-e-expansao-de-renovaveis-desafiam-modelo-de-leiloes\/#primaryimage"},"thumbnailUrl":"https:\/\/agenciainfra.com\/blog\/wp-content\/uploads\/2025\/11\/forum-nacional-de-ppps-2025-painel-6-foto-giba-agencia-infra-1.jpg","datePublished":"2025-11-29T18:00:00+00:00","dateModified":"2025-11-29T18:00:02+00:00","breadcrumb":{"@id":"https:\/\/agenciainfra.com\/blog\/demandas-de-transmissao-e-expansao-de-renovaveis-desafiam-modelo-de-leiloes\/#breadcrumb"},"inLanguage":"pt-BR","potentialAction":[{"@type":"ReadAction","target":["https:\/\/agenciainfra.com\/blog\/demandas-de-transmissao-e-expansao-de-renovaveis-desafiam-modelo-de-leiloes\/"]}]},{"@type":"ImageObject","inLanguage":"pt-BR","@id":"https:\/\/agenciainfra.com\/blog\/demandas-de-transmissao-e-expansao-de-renovaveis-desafiam-modelo-de-leiloes\/#primaryimage","url":"https:\/\/agenciainfra.com\/blog\/wp-content\/uploads\/2025\/11\/forum-nacional-de-ppps-2025-painel-6-foto-giba-agencia-infra-1.jpg","contentUrl":"https:\/\/agenciainfra.com\/blog\/wp-content\/uploads\/2025\/11\/forum-nacional-de-ppps-2025-painel-6-foto-giba-agencia-infra-1.jpg","width":1280,"height":852,"caption":"Foto: Giba\/Ag\u00eancia iNFRA"},{"@type":"BreadcrumbList","@id":"https:\/\/agenciainfra.com\/blog\/demandas-de-transmissao-e-expansao-de-renovaveis-desafiam-modelo-de-leiloes\/#breadcrumb","itemListElement":[{"@type":"ListItem","position":1,"name":"In\u00edcio","item":"https:\/\/agenciainfra.com\/blog\/"},{"@type":"ListItem","position":2,"name":"Demandas de transmiss\u00e3o e expans\u00e3o de renov\u00e1veis desafiam modelo de leil\u00f5es"}]},{"@type":"WebSite","@id":"https:\/\/agenciainfra.com\/blog\/#website","url":"https:\/\/agenciainfra.com\/blog\/","name":"Ag\u00eancia iNFRA","description":"Multiplataforma de informa\u00e7\u00e3o jornal\u00edstica refer\u00eancia na \u00e1rea de infraestrutura no Brasil!","publisher":{"@id":"https:\/\/agenciainfra.com\/blog\/#organization"},"potentialAction":[{"@type":"SearchAction","target":{"@type":"EntryPoint","urlTemplate":"https:\/\/agenciainfra.com\/blog\/?s={search_term_string}"},"query-input":{"@type":"PropertyValueSpecification","valueRequired":true,"valueName":"search_term_string"}}],"inLanguage":"pt-BR"},{"@type":"Organization","@id":"https:\/\/agenciainfra.com\/blog\/#organization","name":"Ag\u00eancia iNFRA","url":"https:\/\/agenciainfra.com\/blog\/","logo":{"@type":"ImageObject","inLanguage":"pt-BR","@id":"https:\/\/agenciainfra.com\/blog\/#\/schema\/logo\/image\/","url":"https:\/\/agenciainfra.com\/blog\/wp-content\/uploads\/2023\/09\/iNFRA_5-e1761735885940.png","contentUrl":"https:\/\/agenciainfra.com\/blog\/wp-content\/uploads\/2023\/09\/iNFRA_5-e1761735885940.png","width":1672,"height":454,"caption":"Ag\u00eancia iNFRA"},"image":{"@id":"https:\/\/agenciainfra.com\/blog\/#\/schema\/logo\/image\/"},"sameAs":["https:\/\/www.facebook.com\/ageninfra","https:\/\/x.com\/agencia_infra","https:\/\/www.linkedin.com\/company\/ag\u00eanciainfra\/","https:\/\/www.instagram.com\/agenciainfra\/"]},{"@type":"Person","@id":"https:\/\/agenciainfra.com\/blog\/#\/schema\/person\/34af08dff6adea4cb22b06612ba7acfa","name":"Ag\u00eancia iNFRA","image":{"@type":"ImageObject","inLanguage":"pt-BR","@id":"https:\/\/agenciainfra.com\/blog\/#\/schema\/person\/image\/","url":"https:\/\/secure.gravatar.com\/avatar\/d189e01678f06d8eb84d4e01f08eb848b3fffe3f8443818d3c356c66892f5be8?s=96&d=mm&r=g","contentUrl":"https:\/\/secure.gravatar.com\/avatar\/d189e01678f06d8eb84d4e01f08eb848b3fffe3f8443818d3c356c66892f5be8?s=96&d=mm&r=g","caption":"Ag\u00eancia iNFRA"},"url":"https:\/\/agenciainfra.com\/blog\/author\/admin\/"}]}},"_links":{"self":[{"href":"https:\/\/agenciainfra.com\/blog\/wp-json\/wp\/v2\/posts\/32985","targetHints":{"allow":["GET"]}}],"collection":[{"href":"https:\/\/agenciainfra.com\/blog\/wp-json\/wp\/v2\/posts"}],"about":[{"href":"https:\/\/agenciainfra.com\/blog\/wp-json\/wp\/v2\/types\/post"}],"author":[{"embeddable":true,"href":"https:\/\/agenciainfra.com\/blog\/wp-json\/wp\/v2\/users\/1"}],"replies":[{"embeddable":true,"href":"https:\/\/agenciainfra.com\/blog\/wp-json\/wp\/v2\/comments?post=32985"}],"version-history":[{"count":2,"href":"https:\/\/agenciainfra.com\/blog\/wp-json\/wp\/v2\/posts\/32985\/revisions"}],"predecessor-version":[{"id":32988,"href":"https:\/\/agenciainfra.com\/blog\/wp-json\/wp\/v2\/posts\/32985\/revisions\/32988"}],"wp:featuredmedia":[{"embeddable":true,"href":"https:\/\/agenciainfra.com\/blog\/wp-json\/wp\/v2\/media\/32990"}],"wp:attachment":[{"href":"https:\/\/agenciainfra.com\/blog\/wp-json\/wp\/v2\/media?parent=32985"}],"wp:term":[{"taxonomy":"category","embeddable":true,"href":"https:\/\/agenciainfra.com\/blog\/wp-json\/wp\/v2\/categories?post=32985"},{"taxonomy":"post_tag","embeddable":true,"href":"https:\/\/agenciainfra.com\/blog\/wp-json\/wp\/v2\/tags?post=32985"}],"curies":[{"name":"wp","href":"https:\/\/api.w.org\/{rel}","templated":true}]}}