{"id":3303,"date":"2019-06-14T08:00:14","date_gmt":"2019-06-14T11:00:14","guid":{"rendered":"http:\/\/www.agenciainfra.com\/blog\/?p=3303"},"modified":"2019-06-13T15:22:16","modified_gmt":"2019-06-13T18:22:16","slug":"deputados-fecham-acordo-de-criacao-do-brasduto-para-projeto-nao-voltar-ao-senado","status":"publish","type":"post","link":"https:\/\/agenciainfra.com\/blog\/deputados-fecham-acordo-de-criacao-do-brasduto-para-projeto-nao-voltar-ao-senado\/","title":{"rendered":"Deputados fecham acordo de cria\u00e7\u00e3o do Brasduto para projeto n\u00e3o voltar ao Senado"},"content":{"rendered":"<h5 style=\"text-align: right;\"><strong>Lucas Santin e Leila Coimbra, da Ag\u00eancia iNFRA<\/strong><\/h5>\n<p>A cria\u00e7\u00e3o do Brasduto, fundo para constru\u00e7\u00e3o de gasodutos com recursos do pr\u00e9-sal, deve retornar ao PL (projeto de lei) 10.985\/2018, que prop\u00f5e solu\u00e7\u00e3o para a d\u00edvida de R$ 7 bilh\u00f5es do risco hidrol\u00f3gico. A informa\u00e7\u00e3o foi dada por fontes com conhecimento do tema. O projeto em quest\u00e3o j\u00e1 foi retirado de pauta na CME (Comiss\u00e3o de Minas e Energia) por tr\u00eas sess\u00f5es consecutivas. A \u00faltima delas foi na quarta-feira (12).<\/p>\n<p><strong>Senado<\/strong><br \/>\nHouve um apelo do MME (Minist\u00e9rio de Minas e Energia) aos integrantes da CME para que o texto original \u2013 aprovado pelo Senado no ano passado (PLS 232 na \u00e9poca) \u2013 n\u00e3o seja mudado na C\u00e2mara. Dessa forma, o relator da mat\u00e9ria, deputado Benes Leoc\u00e1dio (PRB-RN), deve apresentar novo parecer para o tema, mantendo a\u00a0cria\u00e7\u00e3o do Brasduto. O objetivo do acordo \u00e9 evitar que o PL 10.985 tenha que voltar ao Senado.<\/p>\n<p>Se alguma altera\u00e7\u00e3o for feita pelos deputados na comiss\u00e3o ou no plen\u00e1rio, o PL 10.985 retorna para nova avalia\u00e7\u00e3o dos senadores, e isso atrasaria ainda mais a tramita\u00e7\u00e3o do projeto.<\/p>\n<p><strong>Vota\u00e7\u00e3o na pr\u00f3xima semana<\/strong><br \/>\nNa quarta-feira (12), ap\u00f3s a reuni\u00e3o, o presidente da CME, deputado Silas C\u00e2mara (PRB-AM), disse que o relator do projeto, Benes Leoc\u00e1dio (PRB-RN), pediu um prazo maior para ajustar o relat\u00f3rio divulgado em abril. Segundo o presidente, os dois fizeram um acordo para que o projeto seja votado na semana que vem, dia 19. Leoc\u00e1dio n\u00e3o estava presente nas \u00faltimas tr\u00eas sess\u00f5es deliberativas.<\/p>\n<p>\u201cEle [Benes Leoc\u00e1dio] me pediu prazo. Deve ter tido as reuni\u00f5es que ele precisava ter com o governo, sei l\u00e1 com quem, ou com o setor, e pediu. Achei que era justo. Porque, de fato, de quando ele entregou o projeto relatado para c\u00e1, j\u00e1 aconteceu muita coisa. Ele vai nos entregar o projeto na segunda-feira, pronto. J\u00e1 estar\u00e1 na pauta ter\u00e7a-feira e vai votar na pr\u00f3xima quarta\u201d, contou Silas C\u00e2mara \u00e0\u00a0<strong>Ag\u00eancia iNFRA<\/strong>.<\/p>\n<p><strong>Feriado de Corpus Christi<\/strong><br \/>\nH\u00e1, por\u00e9m, um problema no cronograma: na pr\u00f3xima semana h\u00e1 o feriado de Corpus Christi, na quinta-feira, dia 20. Somados os festejos de S\u00e3o Jo\u00e3o, que s\u00e3o tradicionais para o p\u00fablico e os pol\u00edticos do Nordeste, h\u00e1 o risco de baixo qu\u00f3rum para delibera\u00e7\u00f5es no dia 19.<\/p>\n<p><strong>Acordo de duas sess\u00f5es, no m\u00e1ximo\u00a0<\/strong><br \/>\nO PL 10.985 j\u00e1 foi retirado de pauta em tr\u00eas semanas consecutivas, contrariando o acordo estabelecido pelos integrantes da comiss\u00e3o, de que a partir da segunda sess\u00e3o consecutiva seria designado um novo relator.<\/p>\n<p>Esse acordo j\u00e1 valeu para outros projetos. \u201cSe levasse um relat\u00f3rio para l\u00e1 [para a comiss\u00e3o] completamente desengon\u00e7ado, para estar ajeitando no plen\u00e1rio, n\u00e3o tinha sentido\u201d, considerou Silas C\u00e2mara.<\/p>\n<p><strong>\u201cN\u00e3o conhe\u00e7o o relat\u00f3rio\u201d<\/strong><br \/>\nO presidente da comiss\u00e3o disse que n\u00e3o sabe o que foi alterado no relat\u00f3rio de Leoc\u00e1dio. \u201cEle se juntou com o corpo t\u00e9cnico e est\u00e1 trabalhando\u201d, disse. O Brasduto \u00e9 uma das quest\u00f5es que dificultam a aprova\u00e7\u00e3o do PL 10.985. Opini\u00f5es contr\u00e1rias \u00e0 emenda dizem que n\u00e3o \u00e9 justo usar dinheiro p\u00fablico para benef\u00edcio da iniciativa privada.<\/p>\n<p>Silas C\u00e2mara afirmou, no entanto, que n\u00e3o est\u00e1 a par do que est\u00e1 sendo feito pelo relator: \u201cN\u00e3o conhe\u00e7o o relat\u00f3rio. Na verdade, eu n\u00e3o me meto no relat\u00f3rio\u201d. O parecer de Benes Leoc\u00e1dio publicado em abril passado determinava a retirada do fundo.<\/p>\n<p><strong>Prazo estourado<\/strong><br \/>\nDeputados presentes na reuni\u00e3o da CME questionaram se o prazo para votar o projeto n\u00e3o havia estourado, j\u00e1 que o acordo \u00e9 de no m\u00e1ximo duas sess\u00f5es seguidas. Mas o presidente da comiss\u00e3o explicou: \u201cO deputado estava hospitalizado, saiu nesta semana do hospital. Ontem, teve a necessidade de construir um acordo no relat\u00f3rio\u201d.<\/p>\n<p>\u201cVou respeitar a aus\u00eancia do relator nesse momento, at\u00e9 por conta que existe um ajuste de relat\u00f3rio. Eu imagino que sua excel\u00eancia n\u00e3o est\u00e1 aqui porque est\u00e1 trabalhando nesse ajuste\u201d, completou o presidente da comiss\u00e3o.<\/p>\n","protected":false},"excerpt":{"rendered":"<p>Lucas Santin e Leila Coimbra, da Ag\u00eancia iNFRA A cria\u00e7\u00e3o do Brasduto, fundo para constru\u00e7\u00e3o de gasodutos com recursos do pr\u00e9-sal, deve retornar ao PL (projeto de lei) 10.985\/2018, que prop\u00f5e solu\u00e7\u00e3o para a d\u00edvida de R$ 7 bilh\u00f5es do risco hidrol\u00f3gico. A informa\u00e7\u00e3o foi dada por fontes com conhecimento do tema. O projeto em [&hellip;]<\/p>\n","protected":false},"author":9,"featured_media":3304,"comment_status":"closed","ping_status":"closed","sticky":false,"template":"","format":"standard","meta":{"_monsterinsights_skip_tracking":false,"_monsterinsights_sitenote_active":false,"_monsterinsights_sitenote_note":"","_monsterinsights_sitenote_category":0,"footnotes":""},"categories":[10],"tags":[995,690,1060,344,193,994],"class_list":["post-3303","post","type-post","status-publish","format-standard","has-post-thumbnail","hentry","category-infraenergia","tag-benes-leocadio","tag-brasduto","tag-pl-10-985-2018","tag-pre-sal","tag-risco-hidrologico","tag-silas-camara"],"yoast_head":"<!-- This site is optimized with the Yoast SEO Premium plugin v25.4 (Yoast SEO v26.0) - https:\/\/yoast.com\/wordpress\/plugins\/seo\/ -->\n<title>Deputados fecham acordo de cria\u00e7\u00e3o do Brasduto para projeto n\u00e3o voltar ao Senado - Ag\u00eancia iNFRA<\/title>\n<meta name=\"robots\" content=\"index, follow, max-snippet:-1, max-image-preview:large, max-video-preview:-1\" \/>\n<link rel=\"canonical\" href=\"https:\/\/agenciainfra.com\/blog\/deputados-fecham-acordo-de-criacao-do-brasduto-para-projeto-nao-voltar-ao-senado\/\" \/>\n<meta property=\"og:locale\" content=\"pt_BR\" \/>\n<meta property=\"og:type\" content=\"article\" \/>\n<meta property=\"og:title\" content=\"Deputados fecham acordo de cria\u00e7\u00e3o do Brasduto para projeto n\u00e3o voltar ao Senado\" \/>\n<meta property=\"og:description\" content=\"Lucas Santin e Leila Coimbra, da Ag\u00eancia iNFRA A cria\u00e7\u00e3o do Brasduto, fundo para constru\u00e7\u00e3o de gasodutos com recursos do pr\u00e9-sal, deve retornar ao PL (projeto de lei) 10.985\/2018, que prop\u00f5e solu\u00e7\u00e3o para a d\u00edvida de R$ 7 bilh\u00f5es do risco hidrol\u00f3gico. A informa\u00e7\u00e3o foi dada por fontes com conhecimento do tema. O projeto em [&hellip;]\" \/>\n<meta property=\"og:url\" content=\"https:\/\/agenciainfra.com\/blog\/deputados-fecham-acordo-de-criacao-do-brasduto-para-projeto-nao-voltar-ao-senado\/\" \/>\n<meta property=\"og:site_name\" content=\"Ag\u00eancia iNFRA\" \/>\n<meta property=\"article:publisher\" content=\"https:\/\/www.facebook.com\/ageninfra\" \/>\n<meta property=\"article:published_time\" content=\"2019-06-14T11:00:14+00:00\" \/>\n<meta property=\"og:image\" content=\"https:\/\/agenciainfra.com\/blog\/wp-content\/uploads\/2019\/06\/agencia-petrobras-de-noticias.jpeg\" \/>\n\t<meta property=\"og:image:width\" content=\"960\" \/>\n\t<meta property=\"og:image:height\" content=\"635\" \/>\n\t<meta property=\"og:image:type\" content=\"image\/jpeg\" \/>\n<meta name=\"author\" content=\"Rodrigo Zuquim\" \/>\n<meta name=\"twitter:card\" content=\"summary_large_image\" \/>\n<meta name=\"twitter:creator\" content=\"@agencia_infra\" \/>\n<meta name=\"twitter:site\" content=\"@agencia_infra\" \/>\n<meta name=\"twitter:label1\" content=\"Escrito por\" \/>\n\t<meta name=\"twitter:data1\" content=\"Rodrigo Zuquim\" \/>\n\t<meta name=\"twitter:label2\" content=\"Est. tempo de leitura\" \/>\n\t<meta name=\"twitter:data2\" content=\"4 minutos\" \/>\n<script type=\"application\/ld+json\" class=\"yoast-schema-graph\">{\"@context\":\"https:\/\/schema.org\",\"@graph\":[{\"@type\":\"Article\",\"@id\":\"https:\/\/agenciainfra.com\/blog\/deputados-fecham-acordo-de-criacao-do-brasduto-para-projeto-nao-voltar-ao-senado\/#article\",\"isPartOf\":{\"@id\":\"https:\/\/agenciainfra.com\/blog\/deputados-fecham-acordo-de-criacao-do-brasduto-para-projeto-nao-voltar-ao-senado\/\"},\"author\":{\"name\":\"Rodrigo Zuquim\",\"@id\":\"https:\/\/agenciainfra.com\/blog\/#\/schema\/person\/04dbb79bd6d8951f063da71f3e4c1eb1\"},\"headline\":\"Deputados fecham acordo de cria\u00e7\u00e3o do Brasduto para projeto n\u00e3o voltar ao Senado\",\"datePublished\":\"2019-06-14T11:00:14+00:00\",\"mainEntityOfPage\":{\"@id\":\"https:\/\/agenciainfra.com\/blog\/deputados-fecham-acordo-de-criacao-do-brasduto-para-projeto-nao-voltar-ao-senado\/\"},\"wordCount\":728,\"publisher\":{\"@id\":\"https:\/\/agenciainfra.com\/blog\/#organization\"},\"image\":{\"@id\":\"https:\/\/agenciainfra.com\/blog\/deputados-fecham-acordo-de-criacao-do-brasduto-para-projeto-nao-voltar-ao-senado\/#primaryimage\"},\"thumbnailUrl\":\"https:\/\/agenciainfra.com\/blog\/wp-content\/uploads\/2019\/06\/agencia-petrobras-de-noticias.jpeg\",\"keywords\":[\"Benes Leoc\u00e1dio\",\"Brasduto\",\"PL 10.985\/2018\",\"pr\u00e9-sal\",\"risco hidrol\u00f3gico\",\"Silas C\u00e2mara\"],\"articleSection\":[\"iNFRAEnergia\"],\"inLanguage\":\"pt-BR\",\"copyrightYear\":\"2019\",\"copyrightHolder\":{\"@id\":\"https:\/\/agenciainfra.com\/blog\/#organization\"}},{\"@type\":\"WebPage\",\"@id\":\"https:\/\/agenciainfra.com\/blog\/deputados-fecham-acordo-de-criacao-do-brasduto-para-projeto-nao-voltar-ao-senado\/\",\"url\":\"https:\/\/agenciainfra.com\/blog\/deputados-fecham-acordo-de-criacao-do-brasduto-para-projeto-nao-voltar-ao-senado\/\",\"name\":\"Deputados fecham acordo de cria\u00e7\u00e3o do Brasduto para projeto n\u00e3o voltar ao Senado - Ag\u00eancia iNFRA\",\"isPartOf\":{\"@id\":\"https:\/\/agenciainfra.com\/blog\/#website\"},\"primaryImageOfPage\":{\"@id\":\"https:\/\/agenciainfra.com\/blog\/deputados-fecham-acordo-de-criacao-do-brasduto-para-projeto-nao-voltar-ao-senado\/#primaryimage\"},\"image\":{\"@id\":\"https:\/\/agenciainfra.com\/blog\/deputados-fecham-acordo-de-criacao-do-brasduto-para-projeto-nao-voltar-ao-senado\/#primaryimage\"},\"thumbnailUrl\":\"https:\/\/agenciainfra.com\/blog\/wp-content\/uploads\/2019\/06\/agencia-petrobras-de-noticias.jpeg\",\"datePublished\":\"2019-06-14T11:00:14+00:00\",\"breadcrumb\":{\"@id\":\"https:\/\/agenciainfra.com\/blog\/deputados-fecham-acordo-de-criacao-do-brasduto-para-projeto-nao-voltar-ao-senado\/#breadcrumb\"},\"inLanguage\":\"pt-BR\",\"potentialAction\":[{\"@type\":\"ReadAction\",\"target\":[\"https:\/\/agenciainfra.com\/blog\/deputados-fecham-acordo-de-criacao-do-brasduto-para-projeto-nao-voltar-ao-senado\/\"]}]},{\"@type\":\"ImageObject\",\"inLanguage\":\"pt-BR\",\"@id\":\"https:\/\/agenciainfra.com\/blog\/deputados-fecham-acordo-de-criacao-do-brasduto-para-projeto-nao-voltar-ao-senado\/#primaryimage\",\"url\":\"https:\/\/agenciainfra.com\/blog\/wp-content\/uploads\/2019\/06\/agencia-petrobras-de-noticias.jpeg\",\"contentUrl\":\"https:\/\/agenciainfra.com\/blog\/wp-content\/uploads\/2019\/06\/agencia-petrobras-de-noticias.jpeg\",\"width\":960,\"height\":635},{\"@type\":\"BreadcrumbList\",\"@id\":\"https:\/\/agenciainfra.com\/blog\/deputados-fecham-acordo-de-criacao-do-brasduto-para-projeto-nao-voltar-ao-senado\/#breadcrumb\",\"itemListElement\":[{\"@type\":\"ListItem\",\"position\":1,\"name\":\"In\u00edcio\",\"item\":\"https:\/\/agenciainfra.com\/blog\/\"},{\"@type\":\"ListItem\",\"position\":2,\"name\":\"Deputados fecham acordo de cria\u00e7\u00e3o do Brasduto para projeto n\u00e3o voltar ao Senado\"}]},{\"@type\":\"WebSite\",\"@id\":\"https:\/\/agenciainfra.com\/blog\/#website\",\"url\":\"https:\/\/agenciainfra.com\/blog\/\",\"name\":\"Ag\u00eancia iNFRA\",\"description\":\"Multiplataforma de informa\u00e7\u00e3o jornal\u00edstica refer\u00eancia na \u00e1rea de infraestrutura no Brasil!\",\"publisher\":{\"@id\":\"https:\/\/agenciainfra.com\/blog\/#organization\"},\"potentialAction\":[{\"@type\":\"SearchAction\",\"target\":{\"@type\":\"EntryPoint\",\"urlTemplate\":\"https:\/\/agenciainfra.com\/blog\/?s={search_term_string}\"},\"query-input\":{\"@type\":\"PropertyValueSpecification\",\"valueRequired\":true,\"valueName\":\"search_term_string\"}}],\"inLanguage\":\"pt-BR\"},{\"@type\":\"Organization\",\"@id\":\"https:\/\/agenciainfra.com\/blog\/#organization\",\"name\":\"Ag\u00eancia iNFRA\",\"url\":\"https:\/\/agenciainfra.com\/blog\/\",\"logo\":{\"@type\":\"ImageObject\",\"inLanguage\":\"pt-BR\",\"@id\":\"https:\/\/agenciainfra.com\/blog\/#\/schema\/logo\/image\/\",\"url\":\"https:\/\/agenciainfra.com\/blog\/wp-content\/uploads\/2023\/09\/iNFRA_5-e1761735885940.png\",\"contentUrl\":\"https:\/\/agenciainfra.com\/blog\/wp-content\/uploads\/2023\/09\/iNFRA_5-e1761735885940.png\",\"width\":1672,\"height\":454,\"caption\":\"Ag\u00eancia iNFRA\"},\"image\":{\"@id\":\"https:\/\/agenciainfra.com\/blog\/#\/schema\/logo\/image\/\"},\"sameAs\":[\"https:\/\/www.facebook.com\/ageninfra\",\"https:\/\/x.com\/agencia_infra\",\"https:\/\/www.linkedin.com\/company\/ag\u00eanciainfra\/\",\"https:\/\/www.instagram.com\/agenciainfra\/\"]},{\"@type\":\"Person\",\"@id\":\"https:\/\/agenciainfra.com\/blog\/#\/schema\/person\/04dbb79bd6d8951f063da71f3e4c1eb1\",\"name\":\"Rodrigo Zuquim\",\"image\":{\"@type\":\"ImageObject\",\"inLanguage\":\"pt-BR\",\"@id\":\"https:\/\/agenciainfra.com\/blog\/#\/schema\/person\/image\/\",\"url\":\"https:\/\/secure.gravatar.com\/avatar\/594abfe82761d620726242ff34ca472a705a4b97f16c790053a6b4c4035274d0?s=96&d=mm&r=g\",\"contentUrl\":\"https:\/\/secure.gravatar.com\/avatar\/594abfe82761d620726242ff34ca472a705a4b97f16c790053a6b4c4035274d0?s=96&d=mm&r=g\",\"caption\":\"Rodrigo Zuquim\"},\"url\":\"https:\/\/agenciainfra.com\/blog\/author\/rodrigo-zuquim\/\"}]}<\/script>\n<!-- \/ Yoast SEO Premium plugin. -->","yoast_head_json":{"title":"Deputados fecham acordo de cria\u00e7\u00e3o do Brasduto para projeto n\u00e3o voltar ao Senado - Ag\u00eancia iNFRA","robots":{"index":"index","follow":"follow","max-snippet":"max-snippet:-1","max-image-preview":"max-image-preview:large","max-video-preview":"max-video-preview:-1"},"canonical":"https:\/\/agenciainfra.com\/blog\/deputados-fecham-acordo-de-criacao-do-brasduto-para-projeto-nao-voltar-ao-senado\/","og_locale":"pt_BR","og_type":"article","og_title":"Deputados fecham acordo de cria\u00e7\u00e3o do Brasduto para projeto n\u00e3o voltar ao Senado","og_description":"Lucas Santin e Leila Coimbra, da Ag\u00eancia iNFRA A cria\u00e7\u00e3o do Brasduto, fundo para constru\u00e7\u00e3o de gasodutos com recursos do pr\u00e9-sal, deve retornar ao PL (projeto de lei) 10.985\/2018, que prop\u00f5e solu\u00e7\u00e3o para a d\u00edvida de R$ 7 bilh\u00f5es do risco hidrol\u00f3gico. A informa\u00e7\u00e3o foi dada por fontes com conhecimento do tema. O projeto em [&hellip;]","og_url":"https:\/\/agenciainfra.com\/blog\/deputados-fecham-acordo-de-criacao-do-brasduto-para-projeto-nao-voltar-ao-senado\/","og_site_name":"Ag\u00eancia iNFRA","article_publisher":"https:\/\/www.facebook.com\/ageninfra","article_published_time":"2019-06-14T11:00:14+00:00","og_image":[{"width":960,"height":635,"url":"https:\/\/agenciainfra.com\/blog\/wp-content\/uploads\/2019\/06\/agencia-petrobras-de-noticias.jpeg","type":"image\/jpeg"}],"author":"Rodrigo Zuquim","twitter_card":"summary_large_image","twitter_creator":"@agencia_infra","twitter_site":"@agencia_infra","twitter_misc":{"Escrito por":"Rodrigo Zuquim","Est. tempo de leitura":"4 minutos"},"schema":{"@context":"https:\/\/schema.org","@graph":[{"@type":"Article","@id":"https:\/\/agenciainfra.com\/blog\/deputados-fecham-acordo-de-criacao-do-brasduto-para-projeto-nao-voltar-ao-senado\/#article","isPartOf":{"@id":"https:\/\/agenciainfra.com\/blog\/deputados-fecham-acordo-de-criacao-do-brasduto-para-projeto-nao-voltar-ao-senado\/"},"author":{"name":"Rodrigo Zuquim","@id":"https:\/\/agenciainfra.com\/blog\/#\/schema\/person\/04dbb79bd6d8951f063da71f3e4c1eb1"},"headline":"Deputados fecham acordo de cria\u00e7\u00e3o do Brasduto para projeto n\u00e3o voltar ao Senado","datePublished":"2019-06-14T11:00:14+00:00","mainEntityOfPage":{"@id":"https:\/\/agenciainfra.com\/blog\/deputados-fecham-acordo-de-criacao-do-brasduto-para-projeto-nao-voltar-ao-senado\/"},"wordCount":728,"publisher":{"@id":"https:\/\/agenciainfra.com\/blog\/#organization"},"image":{"@id":"https:\/\/agenciainfra.com\/blog\/deputados-fecham-acordo-de-criacao-do-brasduto-para-projeto-nao-voltar-ao-senado\/#primaryimage"},"thumbnailUrl":"https:\/\/agenciainfra.com\/blog\/wp-content\/uploads\/2019\/06\/agencia-petrobras-de-noticias.jpeg","keywords":["Benes Leoc\u00e1dio","Brasduto","PL 10.985\/2018","pr\u00e9-sal","risco hidrol\u00f3gico","Silas C\u00e2mara"],"articleSection":["iNFRAEnergia"],"inLanguage":"pt-BR","copyrightYear":"2019","copyrightHolder":{"@id":"https:\/\/agenciainfra.com\/blog\/#organization"}},{"@type":"WebPage","@id":"https:\/\/agenciainfra.com\/blog\/deputados-fecham-acordo-de-criacao-do-brasduto-para-projeto-nao-voltar-ao-senado\/","url":"https:\/\/agenciainfra.com\/blog\/deputados-fecham-acordo-de-criacao-do-brasduto-para-projeto-nao-voltar-ao-senado\/","name":"Deputados fecham acordo de cria\u00e7\u00e3o do Brasduto para projeto n\u00e3o voltar ao Senado - Ag\u00eancia iNFRA","isPartOf":{"@id":"https:\/\/agenciainfra.com\/blog\/#website"},"primaryImageOfPage":{"@id":"https:\/\/agenciainfra.com\/blog\/deputados-fecham-acordo-de-criacao-do-brasduto-para-projeto-nao-voltar-ao-senado\/#primaryimage"},"image":{"@id":"https:\/\/agenciainfra.com\/blog\/deputados-fecham-acordo-de-criacao-do-brasduto-para-projeto-nao-voltar-ao-senado\/#primaryimage"},"thumbnailUrl":"https:\/\/agenciainfra.com\/blog\/wp-content\/uploads\/2019\/06\/agencia-petrobras-de-noticias.jpeg","datePublished":"2019-06-14T11:00:14+00:00","breadcrumb":{"@id":"https:\/\/agenciainfra.com\/blog\/deputados-fecham-acordo-de-criacao-do-brasduto-para-projeto-nao-voltar-ao-senado\/#breadcrumb"},"inLanguage":"pt-BR","potentialAction":[{"@type":"ReadAction","target":["https:\/\/agenciainfra.com\/blog\/deputados-fecham-acordo-de-criacao-do-brasduto-para-projeto-nao-voltar-ao-senado\/"]}]},{"@type":"ImageObject","inLanguage":"pt-BR","@id":"https:\/\/agenciainfra.com\/blog\/deputados-fecham-acordo-de-criacao-do-brasduto-para-projeto-nao-voltar-ao-senado\/#primaryimage","url":"https:\/\/agenciainfra.com\/blog\/wp-content\/uploads\/2019\/06\/agencia-petrobras-de-noticias.jpeg","contentUrl":"https:\/\/agenciainfra.com\/blog\/wp-content\/uploads\/2019\/06\/agencia-petrobras-de-noticias.jpeg","width":960,"height":635},{"@type":"BreadcrumbList","@id":"https:\/\/agenciainfra.com\/blog\/deputados-fecham-acordo-de-criacao-do-brasduto-para-projeto-nao-voltar-ao-senado\/#breadcrumb","itemListElement":[{"@type":"ListItem","position":1,"name":"In\u00edcio","item":"https:\/\/agenciainfra.com\/blog\/"},{"@type":"ListItem","position":2,"name":"Deputados fecham acordo de cria\u00e7\u00e3o do Brasduto para projeto n\u00e3o voltar ao Senado"}]},{"@type":"WebSite","@id":"https:\/\/agenciainfra.com\/blog\/#website","url":"https:\/\/agenciainfra.com\/blog\/","name":"Ag\u00eancia iNFRA","description":"Multiplataforma de informa\u00e7\u00e3o jornal\u00edstica refer\u00eancia na \u00e1rea de infraestrutura no Brasil!","publisher":{"@id":"https:\/\/agenciainfra.com\/blog\/#organization"},"potentialAction":[{"@type":"SearchAction","target":{"@type":"EntryPoint","urlTemplate":"https:\/\/agenciainfra.com\/blog\/?s={search_term_string}"},"query-input":{"@type":"PropertyValueSpecification","valueRequired":true,"valueName":"search_term_string"}}],"inLanguage":"pt-BR"},{"@type":"Organization","@id":"https:\/\/agenciainfra.com\/blog\/#organization","name":"Ag\u00eancia iNFRA","url":"https:\/\/agenciainfra.com\/blog\/","logo":{"@type":"ImageObject","inLanguage":"pt-BR","@id":"https:\/\/agenciainfra.com\/blog\/#\/schema\/logo\/image\/","url":"https:\/\/agenciainfra.com\/blog\/wp-content\/uploads\/2023\/09\/iNFRA_5-e1761735885940.png","contentUrl":"https:\/\/agenciainfra.com\/blog\/wp-content\/uploads\/2023\/09\/iNFRA_5-e1761735885940.png","width":1672,"height":454,"caption":"Ag\u00eancia iNFRA"},"image":{"@id":"https:\/\/agenciainfra.com\/blog\/#\/schema\/logo\/image\/"},"sameAs":["https:\/\/www.facebook.com\/ageninfra","https:\/\/x.com\/agencia_infra","https:\/\/www.linkedin.com\/company\/ag\u00eanciainfra\/","https:\/\/www.instagram.com\/agenciainfra\/"]},{"@type":"Person","@id":"https:\/\/agenciainfra.com\/blog\/#\/schema\/person\/04dbb79bd6d8951f063da71f3e4c1eb1","name":"Rodrigo Zuquim","image":{"@type":"ImageObject","inLanguage":"pt-BR","@id":"https:\/\/agenciainfra.com\/blog\/#\/schema\/person\/image\/","url":"https:\/\/secure.gravatar.com\/avatar\/594abfe82761d620726242ff34ca472a705a4b97f16c790053a6b4c4035274d0?s=96&d=mm&r=g","contentUrl":"https:\/\/secure.gravatar.com\/avatar\/594abfe82761d620726242ff34ca472a705a4b97f16c790053a6b4c4035274d0?s=96&d=mm&r=g","caption":"Rodrigo Zuquim"},"url":"https:\/\/agenciainfra.com\/blog\/author\/rodrigo-zuquim\/"}]}},"_links":{"self":[{"href":"https:\/\/agenciainfra.com\/blog\/wp-json\/wp\/v2\/posts\/3303","targetHints":{"allow":["GET"]}}],"collection":[{"href":"https:\/\/agenciainfra.com\/blog\/wp-json\/wp\/v2\/posts"}],"about":[{"href":"https:\/\/agenciainfra.com\/blog\/wp-json\/wp\/v2\/types\/post"}],"author":[{"embeddable":true,"href":"https:\/\/agenciainfra.com\/blog\/wp-json\/wp\/v2\/users\/9"}],"replies":[{"embeddable":true,"href":"https:\/\/agenciainfra.com\/blog\/wp-json\/wp\/v2\/comments?post=3303"}],"version-history":[{"count":0,"href":"https:\/\/agenciainfra.com\/blog\/wp-json\/wp\/v2\/posts\/3303\/revisions"}],"wp:featuredmedia":[{"embeddable":true,"href":"https:\/\/agenciainfra.com\/blog\/wp-json\/wp\/v2\/media\/3304"}],"wp:attachment":[{"href":"https:\/\/agenciainfra.com\/blog\/wp-json\/wp\/v2\/media?parent=3303"}],"wp:term":[{"taxonomy":"category","embeddable":true,"href":"https:\/\/agenciainfra.com\/blog\/wp-json\/wp\/v2\/categories?post=3303"},{"taxonomy":"post_tag","embeddable":true,"href":"https:\/\/agenciainfra.com\/blog\/wp-json\/wp\/v2\/tags?post=3303"}],"curies":[{"name":"wp","href":"https:\/\/api.w.org\/{rel}","templated":true}]}}