{"id":33047,"date":"2025-12-01T11:46:18","date_gmt":"2025-12-01T14:46:18","guid":{"rendered":"https:\/\/agenciainfra.com\/blog\/?p=33047"},"modified":"2026-02-13T17:28:07","modified_gmt":"2026-02-13T20:28:07","slug":"o-bem-estar-das-cidades-por-cima-das-pontes-e-viadutos","status":"publish","type":"post","link":"https:\/\/agenciainfra.com\/blog\/o-bem-estar-das-cidades-por-cima-das-pontes-e-viadutos\/","title":{"rendered":"O bem-estar das cidades por cima das pontes e viadutos"},"content":{"rendered":"\n<p class=\"has-text-align-right\"><strong>L\u00edgia Mackey* e Vinicius Marchese**<\/strong><\/p>\n\n\n\n<p>A Engenharia \u00e9 uma ci\u00eancia a servi\u00e7o da vida. E poucas \u00e1reas demonstram isso com tanta clareza quanto a infraestrutura vi\u00e1ria \u2013 especialmente as pontes e viadutos que sustentam a mobilidade e a economia do pa\u00eds. Mais do que obras de engenharia, essas estruturas representam conex\u00f5es que garantem a mobilidade, a integra\u00e7\u00e3o territorial e o desenvolvimento econ\u00f4mico e social das cidades. Preserv\u00e1-las \u00e9 garantir seguran\u00e7a \u00e0 popula\u00e7\u00e3o e efici\u00eancia ao sistema vi\u00e1rio.<\/p>\n\n\n\n<p>Com o passar do tempo, o tr\u00e1fego intenso, as varia\u00e7\u00f5es clim\u00e1ticas e a falta de manuten\u00e7\u00e3o comprometem o desempenho e a seguran\u00e7a das estruturas. A inspe\u00e7\u00e3o peri\u00f3dica surge, portanto, como ferramenta essencial para detectar precocemente anomalias, avaliar o estado de conserva\u00e7\u00e3o e planejar interven\u00e7\u00f5es preventivas \u2013 reduzindo custos p\u00fablicos e, sobretudo, evitando trag\u00e9dias.<\/p>\n\n\n\n<p>Dados oficiais do DNIT (Departamento Nacional de Infraestrutura de Transportes), da ANTT (Ag\u00eancia Nacional de Transportes Terrestres) e da Artesp (Ag\u00eancia de Transporte do Estado de S\u00e3o Paulo), mostram a urg\u00eancia do tema: o Brasil tem mais de 113 mil pontes e viadutos, e cerca de 11 mil est\u00e3o em situa\u00e7\u00e3o prec\u00e1ria. O colapso da ponte Juscelino Kubitschek, no Rio Tocantins, em dezembro de 2024, refor\u00e7ou a necessidade de fiscaliza\u00e7\u00e3o cont\u00ednua e manuten\u00e7\u00e3o preventiva.<\/p>\n\n\n\n<p>Diante desse cen\u00e1rio, o Crea-SP refor\u00e7a seu papel como agente t\u00e9cnico do poder p\u00fablico. Criamos um Comit\u00ea de Fiscaliza\u00e7\u00e3o de Pontes e Viadutos no \u00e2mbito da autarquia para apoiar os munic\u00edpios na inspe\u00e7\u00e3o e conserva\u00e7\u00e3o dessas obras. O objetivo \u00e9 conscientizar sobre a import\u00e2ncia da manuten\u00e7\u00e3o e garantir que esse trabalho seja conduzido por profissionais habilitados e registrados, assegurando a prote\u00e7\u00e3o da popula\u00e7\u00e3o e o exerc\u00edcio respons\u00e1vel da Engenharia.<\/p>\n\n\n\n<p>\u00c9 com esse prop\u00f3sito que o Conselho disponibiliza o &#8220;Manual de Inspe\u00e7\u00e3o em Estruturas de Concreto \u2013 Pontes e Viadutos&#8221;, desenvolvido pelo Comit\u00ea em parceria com o Confea (Conselho Federal de Engenharia e Agronomia) e a ABNT (Associa\u00e7\u00e3o Brasileira de Normas T\u00e9cnicas). O material foi elaborado como instrumento de orienta\u00e7\u00e3o t\u00e9cnica para apoiar profissionais, gestores p\u00fablicos e entidades de fiscaliza\u00e7\u00e3o na condu\u00e7\u00e3o de inspe\u00e7\u00f5es em obras de arte especiais. Ele re\u00fane conceitos fundamentais, orienta\u00e7\u00f5es pr\u00e1ticas e procedimentos padronizados que contribuem para a uniformiza\u00e7\u00e3o das atividades de inspe\u00e7\u00e3o e manuten\u00e7\u00e3o em todo o estado de S\u00e3o Paulo.<\/p>\n\n\n\n<p>Do ponto de vista t\u00e9cnico, o documento aborda exemplos pr\u00e1ticos de manifesta\u00e7\u00f5es patol\u00f3gicas em estruturas \u2013 como corros\u00e3o das armaduras por carbonata\u00e7\u00e3o ou cloretos, fissuras de origem t\u00e9rmica, estrutural ou por recalque, lixivia\u00e7\u00e3o, desagrega\u00e7\u00e3o superficial do concreto e destacamento do cobrimento das armaduras (spalling). Tamb\u00e9m descreve sintomas vis\u00edveis ou mensur\u00e1veis dessas ocorr\u00eancias, como manchas de umidade na face inferior do tabuleiro, desprendimento de concreto, fissuras longitudinais ou transversais, desn\u00edveis entre v\u00e3os, aparelhos de apoio travados ou deslocados e efloresc\u00eancias indicativas de infiltra\u00e7\u00e3o de \u00e1gua.<\/p>\n\n\n\n<p>Compreender esses sinais \u00e9 essencial para diferenciar manifesta\u00e7\u00f5es inofensivas de situa\u00e7\u00f5es cr\u00edticas, que exigem interven\u00e7\u00f5es imediatas. \u00c9 essa vis\u00e3o t\u00e9cnica e preventiva que o manual busca disseminar entre gestores e engenheiros, promovendo decis\u00f5es baseadas em diagn\u00f3stico preciso, crit\u00e9rios normativos e responsabilidade t\u00e9cnica.<\/p>\n\n\n\n<p>A participa\u00e7\u00e3o do profissional habilitado \u00e9 indispens\u00e1vel em todas as etapas. Somente o olhar t\u00e9cnico assegura que as avalia\u00e7\u00f5es sejam conduzidas com precis\u00e3o e que os registros reflitam as condi\u00e7\u00f5es reais das estruturas, garantindo a durabilidade das obras e a seguran\u00e7a dos usu\u00e1rios. O documento tamb\u00e9m refor\u00e7a a import\u00e2ncia da NBR 9452:2023, norma que estabelece os crit\u00e9rios de inspe\u00e7\u00e3o e classifica\u00e7\u00e3o das condi\u00e7\u00f5es de pontes e viadutos no Brasil \u2013 refer\u00eancia fundamental que orienta o trabalho t\u00e9cnico de campo.<\/p>\n\n\n\n<p>Esse trabalho refor\u00e7a uma diretriz que o Crea-SP vem consolidando: subsidiar o poder p\u00fablico com conhecimento t\u00e9cnico e cient\u00edfico. A elabora\u00e7\u00e3o do parecer sobre a requalifica\u00e7\u00e3o da Favela do Moinho e a realiza\u00e7\u00e3o do F\u00f3rum de Pol\u00edticas P\u00fablicas, que percorre o estado desde 2024 discutindo temas como mobilidade, saneamento e efici\u00eancia energ\u00e9tica, s\u00e3o exemplos da aproxima\u00e7\u00e3o entre a Engenharia e a gest\u00e3o p\u00fablica.<\/p>\n\n\n\n<p>O Manual de Pontes e Viadutos \u00e9, portanto, mais do que um conjunto de diretrizes. Ele expressa o compromisso do Crea-SP com a valoriza\u00e7\u00e3o da \u00e1rea tecnol\u00f3gica e com a cultura da manuten\u00e7\u00e3o preventiva, fortalecendo a coopera\u00e7\u00e3o entre profissionais e gestores. Ao oferecer uma base s\u00f3lida e padronizada para as inspe\u00e7\u00f5es, o documento contribui para prevenir riscos, otimizar recursos e promover cidades mais seguras e sustent\u00e1veis. O compromisso \u00e9 seguir atuando com dados, ci\u00eancia e responsabilidade t\u00e9cnica. A preven\u00e7\u00e3o \u00e9 sempre mais eficiente \u2013 e mais humana \u2013 do que a rea\u00e7\u00e3o.\u00a0<\/p>\n\n\n\n<p><strong>*L\u00edgia Mackey<\/strong> \u00e9 engenheira civil com mais de 30 anos de atua\u00e7\u00e3o no mercado de constru\u00e7\u00e3o civil e presidente do Crea-SP (Conselho Regional de Engenharia e Agronomia de S\u00e3o Paulo).<\/p>\n\n\n\n<p><strong>**Vinicius Marchese<\/strong> \u00e9 engenheiro de telecomunica\u00e7\u00f5es e presidente do Confea (Conselho Federal de Engenharia e Agronomia).<\/p>\n\n\n\n<p class=\"has-luminous-vivid-orange-color has-text-color has-link-color wp-elements-afaaa81626125a77b95b6a69457c218d\">As opini\u00f5es dos autores n\u00e3o refletem necessariamente o pensamento da<strong>&nbsp;Ag\u00eancia iNFRA<\/strong>, sendo de total responsabilidade do autor as informa\u00e7\u00f5es, ju\u00edzos de valor e conceitos descritos no texto.<\/p>\n","protected":false},"excerpt":{"rendered":"<p>L\u00edgia Mackey* e Vinicius Marchese** A Engenharia \u00e9 uma ci\u00eancia a servi\u00e7o da vida. E poucas \u00e1reas demonstram isso com tanta clareza quanto a infraestrutura vi\u00e1ria \u2013 especialmente as pontes e viadutos que sustentam a mobilidade e a economia do pa\u00eds. Mais do que obras de engenharia, essas estruturas representam conex\u00f5es que garantem a mobilidade, [&hellip;]<\/p>\n","protected":false},"author":1,"featured_media":33079,"comment_status":"closed","ping_status":"closed","sticky":false,"template":"","format":"standard","meta":{"_monsterinsights_skip_tracking":false,"_monsterinsights_sitenote_active":false,"_monsterinsights_sitenote_note":"","_monsterinsights_sitenote_category":0,"footnotes":""},"categories":[18468,10040],"tags":[17234,17232,17235,2162,17233],"class_list":["post-33047","post","type-post","status-publish","format-standard","has-post-thumbnail","hentry","category-infra-cidades","category-opiniao","tag-crea-sp","tag-ligia-mackey","tag-manual-de-pontes-e-viadutos","tag-mobilidade-urbana","tag-vinicius-marchese"],"yoast_head":"<!-- This site is optimized with the Yoast SEO Premium plugin v25.4 (Yoast SEO v26.0) - https:\/\/yoast.com\/wordpress\/plugins\/seo\/ -->\n<title>O bem-estar das cidades por cima das pontes e viadutos - Ag\u00eancia iNFRA<\/title>\n<meta name=\"robots\" content=\"index, follow, max-snippet:-1, max-image-preview:large, max-video-preview:-1\" \/>\n<link rel=\"canonical\" href=\"https:\/\/agenciainfra.com\/blog\/o-bem-estar-das-cidades-por-cima-das-pontes-e-viadutos\/\" \/>\n<meta property=\"og:locale\" content=\"pt_BR\" \/>\n<meta property=\"og:type\" content=\"article\" \/>\n<meta property=\"og:title\" content=\"O bem-estar das cidades por cima das pontes e viadutos\" \/>\n<meta property=\"og:description\" content=\"L\u00edgia Mackey* e Vinicius Marchese** A Engenharia \u00e9 uma ci\u00eancia a servi\u00e7o da vida. E poucas \u00e1reas demonstram isso com tanta clareza quanto a infraestrutura vi\u00e1ria \u2013 especialmente as pontes e viadutos que sustentam a mobilidade e a economia do pa\u00eds. Mais do que obras de engenharia, essas estruturas representam conex\u00f5es que garantem a mobilidade, [&hellip;]\" \/>\n<meta property=\"og:url\" content=\"https:\/\/agenciainfra.com\/blog\/o-bem-estar-das-cidades-por-cima-das-pontes-e-viadutos\/\" \/>\n<meta property=\"og:site_name\" content=\"Ag\u00eancia iNFRA\" \/>\n<meta property=\"article:publisher\" content=\"https:\/\/www.facebook.com\/ageninfra\" \/>\n<meta property=\"article:published_time\" content=\"2025-12-01T14:46:18+00:00\" \/>\n<meta property=\"article:modified_time\" content=\"2026-02-13T20:28:07+00:00\" \/>\n<meta property=\"og:image\" content=\"https:\/\/agenciainfra.com\/blog\/wp-content\/uploads\/2025\/12\/ligia-mackey-e-vinicius-marchese-foto-divulgacao.jpg\" \/>\n\t<meta property=\"og:image:width\" content=\"1224\" \/>\n\t<meta property=\"og:image:height\" content=\"710\" \/>\n\t<meta property=\"og:image:type\" content=\"image\/jpeg\" \/>\n<meta name=\"author\" content=\"Ag\u00eancia iNFRA\" \/>\n<meta name=\"twitter:card\" content=\"summary_large_image\" \/>\n<meta name=\"twitter:creator\" content=\"@agencia_infra\" \/>\n<meta name=\"twitter:site\" content=\"@agencia_infra\" \/>\n<meta name=\"twitter:label1\" content=\"Escrito por\" \/>\n\t<meta name=\"twitter:data1\" content=\"Ag\u00eancia iNFRA\" \/>\n\t<meta name=\"twitter:label2\" content=\"Est. tempo de leitura\" \/>\n\t<meta name=\"twitter:data2\" content=\"5 minutos\" \/>\n<script type=\"application\/ld+json\" class=\"yoast-schema-graph\">{\"@context\":\"https:\/\/schema.org\",\"@graph\":[{\"@type\":\"Article\",\"@id\":\"https:\/\/agenciainfra.com\/blog\/o-bem-estar-das-cidades-por-cima-das-pontes-e-viadutos\/#article\",\"isPartOf\":{\"@id\":\"https:\/\/agenciainfra.com\/blog\/o-bem-estar-das-cidades-por-cima-das-pontes-e-viadutos\/\"},\"author\":{\"name\":\"Ag\u00eancia iNFRA\",\"@id\":\"https:\/\/agenciainfra.com\/blog\/#\/schema\/person\/34af08dff6adea4cb22b06612ba7acfa\"},\"headline\":\"O bem-estar das cidades por cima das pontes e viadutos\",\"datePublished\":\"2025-12-01T14:46:18+00:00\",\"dateModified\":\"2026-02-13T20:28:07+00:00\",\"mainEntityOfPage\":{\"@id\":\"https:\/\/agenciainfra.com\/blog\/o-bem-estar-das-cidades-por-cima-das-pontes-e-viadutos\/\"},\"wordCount\":935,\"publisher\":{\"@id\":\"https:\/\/agenciainfra.com\/blog\/#organization\"},\"image\":{\"@id\":\"https:\/\/agenciainfra.com\/blog\/o-bem-estar-das-cidades-por-cima-das-pontes-e-viadutos\/#primaryimage\"},\"thumbnailUrl\":\"https:\/\/agenciainfra.com\/blog\/wp-content\/uploads\/2025\/12\/ligia-mackey-e-vinicius-marchese-foto-divulgacao.jpg\",\"keywords\":[\"Crea-SP\",\"L\u00edgia Mackey\",\"Manual de Pontes e Viadutos\",\"mobilidade urbana\",\"Vinicius Marchese\"],\"articleSection\":[\"iNFRACidades\",\"Opini\u00e3o\"],\"inLanguage\":\"pt-BR\",\"copyrightYear\":\"2025\",\"copyrightHolder\":{\"@id\":\"https:\/\/agenciainfra.com\/blog\/#organization\"}},{\"@type\":\"WebPage\",\"@id\":\"https:\/\/agenciainfra.com\/blog\/o-bem-estar-das-cidades-por-cima-das-pontes-e-viadutos\/\",\"url\":\"https:\/\/agenciainfra.com\/blog\/o-bem-estar-das-cidades-por-cima-das-pontes-e-viadutos\/\",\"name\":\"O bem-estar das cidades por cima das pontes e viadutos - Ag\u00eancia iNFRA\",\"isPartOf\":{\"@id\":\"https:\/\/agenciainfra.com\/blog\/#website\"},\"primaryImageOfPage\":{\"@id\":\"https:\/\/agenciainfra.com\/blog\/o-bem-estar-das-cidades-por-cima-das-pontes-e-viadutos\/#primaryimage\"},\"image\":{\"@id\":\"https:\/\/agenciainfra.com\/blog\/o-bem-estar-das-cidades-por-cima-das-pontes-e-viadutos\/#primaryimage\"},\"thumbnailUrl\":\"https:\/\/agenciainfra.com\/blog\/wp-content\/uploads\/2025\/12\/ligia-mackey-e-vinicius-marchese-foto-divulgacao.jpg\",\"datePublished\":\"2025-12-01T14:46:18+00:00\",\"dateModified\":\"2026-02-13T20:28:07+00:00\",\"breadcrumb\":{\"@id\":\"https:\/\/agenciainfra.com\/blog\/o-bem-estar-das-cidades-por-cima-das-pontes-e-viadutos\/#breadcrumb\"},\"inLanguage\":\"pt-BR\",\"potentialAction\":[{\"@type\":\"ReadAction\",\"target\":[\"https:\/\/agenciainfra.com\/blog\/o-bem-estar-das-cidades-por-cima-das-pontes-e-viadutos\/\"]}]},{\"@type\":\"ImageObject\",\"inLanguage\":\"pt-BR\",\"@id\":\"https:\/\/agenciainfra.com\/blog\/o-bem-estar-das-cidades-por-cima-das-pontes-e-viadutos\/#primaryimage\",\"url\":\"https:\/\/agenciainfra.com\/blog\/wp-content\/uploads\/2025\/12\/ligia-mackey-e-vinicius-marchese-foto-divulgacao.jpg\",\"contentUrl\":\"https:\/\/agenciainfra.com\/blog\/wp-content\/uploads\/2025\/12\/ligia-mackey-e-vinicius-marchese-foto-divulgacao.jpg\",\"width\":1224,\"height\":710,\"caption\":\"Foto: Divulga\u00e7\u00e3o\"},{\"@type\":\"BreadcrumbList\",\"@id\":\"https:\/\/agenciainfra.com\/blog\/o-bem-estar-das-cidades-por-cima-das-pontes-e-viadutos\/#breadcrumb\",\"itemListElement\":[{\"@type\":\"ListItem\",\"position\":1,\"name\":\"In\u00edcio\",\"item\":\"https:\/\/agenciainfra.com\/blog\/\"},{\"@type\":\"ListItem\",\"position\":2,\"name\":\"O bem-estar das cidades por cima das pontes e viadutos\"}]},{\"@type\":\"WebSite\",\"@id\":\"https:\/\/agenciainfra.com\/blog\/#website\",\"url\":\"https:\/\/agenciainfra.com\/blog\/\",\"name\":\"Ag\u00eancia iNFRA\",\"description\":\"Multiplataforma de informa\u00e7\u00e3o jornal\u00edstica refer\u00eancia na \u00e1rea de infraestrutura no Brasil!\",\"publisher\":{\"@id\":\"https:\/\/agenciainfra.com\/blog\/#organization\"},\"potentialAction\":[{\"@type\":\"SearchAction\",\"target\":{\"@type\":\"EntryPoint\",\"urlTemplate\":\"https:\/\/agenciainfra.com\/blog\/?s={search_term_string}\"},\"query-input\":{\"@type\":\"PropertyValueSpecification\",\"valueRequired\":true,\"valueName\":\"search_term_string\"}}],\"inLanguage\":\"pt-BR\"},{\"@type\":\"Organization\",\"@id\":\"https:\/\/agenciainfra.com\/blog\/#organization\",\"name\":\"Ag\u00eancia iNFRA\",\"url\":\"https:\/\/agenciainfra.com\/blog\/\",\"logo\":{\"@type\":\"ImageObject\",\"inLanguage\":\"pt-BR\",\"@id\":\"https:\/\/agenciainfra.com\/blog\/#\/schema\/logo\/image\/\",\"url\":\"https:\/\/agenciainfra.com\/blog\/wp-content\/uploads\/2023\/09\/iNFRA_5-e1761735885940.png\",\"contentUrl\":\"https:\/\/agenciainfra.com\/blog\/wp-content\/uploads\/2023\/09\/iNFRA_5-e1761735885940.png\",\"width\":1672,\"height\":454,\"caption\":\"Ag\u00eancia iNFRA\"},\"image\":{\"@id\":\"https:\/\/agenciainfra.com\/blog\/#\/schema\/logo\/image\/\"},\"sameAs\":[\"https:\/\/www.facebook.com\/ageninfra\",\"https:\/\/x.com\/agencia_infra\",\"https:\/\/www.linkedin.com\/company\/ag\u00eanciainfra\/\",\"https:\/\/www.instagram.com\/agenciainfra\/\"]},{\"@type\":\"Person\",\"@id\":\"https:\/\/agenciainfra.com\/blog\/#\/schema\/person\/34af08dff6adea4cb22b06612ba7acfa\",\"name\":\"Ag\u00eancia iNFRA\",\"image\":{\"@type\":\"ImageObject\",\"inLanguage\":\"pt-BR\",\"@id\":\"https:\/\/agenciainfra.com\/blog\/#\/schema\/person\/image\/\",\"url\":\"https:\/\/secure.gravatar.com\/avatar\/d189e01678f06d8eb84d4e01f08eb848b3fffe3f8443818d3c356c66892f5be8?s=96&d=mm&r=g\",\"contentUrl\":\"https:\/\/secure.gravatar.com\/avatar\/d189e01678f06d8eb84d4e01f08eb848b3fffe3f8443818d3c356c66892f5be8?s=96&d=mm&r=g\",\"caption\":\"Ag\u00eancia iNFRA\"},\"url\":\"https:\/\/agenciainfra.com\/blog\/author\/admin\/\"}]}<\/script>\n<!-- \/ Yoast SEO Premium plugin. -->","yoast_head_json":{"title":"O bem-estar das cidades por cima das pontes e viadutos - Ag\u00eancia iNFRA","robots":{"index":"index","follow":"follow","max-snippet":"max-snippet:-1","max-image-preview":"max-image-preview:large","max-video-preview":"max-video-preview:-1"},"canonical":"https:\/\/agenciainfra.com\/blog\/o-bem-estar-das-cidades-por-cima-das-pontes-e-viadutos\/","og_locale":"pt_BR","og_type":"article","og_title":"O bem-estar das cidades por cima das pontes e viadutos","og_description":"L\u00edgia Mackey* e Vinicius Marchese** A Engenharia \u00e9 uma ci\u00eancia a servi\u00e7o da vida. E poucas \u00e1reas demonstram isso com tanta clareza quanto a infraestrutura vi\u00e1ria \u2013 especialmente as pontes e viadutos que sustentam a mobilidade e a economia do pa\u00eds. Mais do que obras de engenharia, essas estruturas representam conex\u00f5es que garantem a mobilidade, [&hellip;]","og_url":"https:\/\/agenciainfra.com\/blog\/o-bem-estar-das-cidades-por-cima-das-pontes-e-viadutos\/","og_site_name":"Ag\u00eancia iNFRA","article_publisher":"https:\/\/www.facebook.com\/ageninfra","article_published_time":"2025-12-01T14:46:18+00:00","article_modified_time":"2026-02-13T20:28:07+00:00","og_image":[{"width":1224,"height":710,"url":"https:\/\/agenciainfra.com\/blog\/wp-content\/uploads\/2025\/12\/ligia-mackey-e-vinicius-marchese-foto-divulgacao.jpg","type":"image\/jpeg"}],"author":"Ag\u00eancia iNFRA","twitter_card":"summary_large_image","twitter_creator":"@agencia_infra","twitter_site":"@agencia_infra","twitter_misc":{"Escrito por":"Ag\u00eancia iNFRA","Est. tempo de leitura":"5 minutos"},"schema":{"@context":"https:\/\/schema.org","@graph":[{"@type":"Article","@id":"https:\/\/agenciainfra.com\/blog\/o-bem-estar-das-cidades-por-cima-das-pontes-e-viadutos\/#article","isPartOf":{"@id":"https:\/\/agenciainfra.com\/blog\/o-bem-estar-das-cidades-por-cima-das-pontes-e-viadutos\/"},"author":{"name":"Ag\u00eancia iNFRA","@id":"https:\/\/agenciainfra.com\/blog\/#\/schema\/person\/34af08dff6adea4cb22b06612ba7acfa"},"headline":"O bem-estar das cidades por cima das pontes e viadutos","datePublished":"2025-12-01T14:46:18+00:00","dateModified":"2026-02-13T20:28:07+00:00","mainEntityOfPage":{"@id":"https:\/\/agenciainfra.com\/blog\/o-bem-estar-das-cidades-por-cima-das-pontes-e-viadutos\/"},"wordCount":935,"publisher":{"@id":"https:\/\/agenciainfra.com\/blog\/#organization"},"image":{"@id":"https:\/\/agenciainfra.com\/blog\/o-bem-estar-das-cidades-por-cima-das-pontes-e-viadutos\/#primaryimage"},"thumbnailUrl":"https:\/\/agenciainfra.com\/blog\/wp-content\/uploads\/2025\/12\/ligia-mackey-e-vinicius-marchese-foto-divulgacao.jpg","keywords":["Crea-SP","L\u00edgia Mackey","Manual de Pontes e Viadutos","mobilidade urbana","Vinicius Marchese"],"articleSection":["iNFRACidades","Opini\u00e3o"],"inLanguage":"pt-BR","copyrightYear":"2025","copyrightHolder":{"@id":"https:\/\/agenciainfra.com\/blog\/#organization"}},{"@type":"WebPage","@id":"https:\/\/agenciainfra.com\/blog\/o-bem-estar-das-cidades-por-cima-das-pontes-e-viadutos\/","url":"https:\/\/agenciainfra.com\/blog\/o-bem-estar-das-cidades-por-cima-das-pontes-e-viadutos\/","name":"O bem-estar das cidades por cima das pontes e viadutos - Ag\u00eancia iNFRA","isPartOf":{"@id":"https:\/\/agenciainfra.com\/blog\/#website"},"primaryImageOfPage":{"@id":"https:\/\/agenciainfra.com\/blog\/o-bem-estar-das-cidades-por-cima-das-pontes-e-viadutos\/#primaryimage"},"image":{"@id":"https:\/\/agenciainfra.com\/blog\/o-bem-estar-das-cidades-por-cima-das-pontes-e-viadutos\/#primaryimage"},"thumbnailUrl":"https:\/\/agenciainfra.com\/blog\/wp-content\/uploads\/2025\/12\/ligia-mackey-e-vinicius-marchese-foto-divulgacao.jpg","datePublished":"2025-12-01T14:46:18+00:00","dateModified":"2026-02-13T20:28:07+00:00","breadcrumb":{"@id":"https:\/\/agenciainfra.com\/blog\/o-bem-estar-das-cidades-por-cima-das-pontes-e-viadutos\/#breadcrumb"},"inLanguage":"pt-BR","potentialAction":[{"@type":"ReadAction","target":["https:\/\/agenciainfra.com\/blog\/o-bem-estar-das-cidades-por-cima-das-pontes-e-viadutos\/"]}]},{"@type":"ImageObject","inLanguage":"pt-BR","@id":"https:\/\/agenciainfra.com\/blog\/o-bem-estar-das-cidades-por-cima-das-pontes-e-viadutos\/#primaryimage","url":"https:\/\/agenciainfra.com\/blog\/wp-content\/uploads\/2025\/12\/ligia-mackey-e-vinicius-marchese-foto-divulgacao.jpg","contentUrl":"https:\/\/agenciainfra.com\/blog\/wp-content\/uploads\/2025\/12\/ligia-mackey-e-vinicius-marchese-foto-divulgacao.jpg","width":1224,"height":710,"caption":"Foto: Divulga\u00e7\u00e3o"},{"@type":"BreadcrumbList","@id":"https:\/\/agenciainfra.com\/blog\/o-bem-estar-das-cidades-por-cima-das-pontes-e-viadutos\/#breadcrumb","itemListElement":[{"@type":"ListItem","position":1,"name":"In\u00edcio","item":"https:\/\/agenciainfra.com\/blog\/"},{"@type":"ListItem","position":2,"name":"O bem-estar das cidades por cima das pontes e viadutos"}]},{"@type":"WebSite","@id":"https:\/\/agenciainfra.com\/blog\/#website","url":"https:\/\/agenciainfra.com\/blog\/","name":"Ag\u00eancia iNFRA","description":"Multiplataforma de informa\u00e7\u00e3o jornal\u00edstica refer\u00eancia na \u00e1rea de infraestrutura no Brasil!","publisher":{"@id":"https:\/\/agenciainfra.com\/blog\/#organization"},"potentialAction":[{"@type":"SearchAction","target":{"@type":"EntryPoint","urlTemplate":"https:\/\/agenciainfra.com\/blog\/?s={search_term_string}"},"query-input":{"@type":"PropertyValueSpecification","valueRequired":true,"valueName":"search_term_string"}}],"inLanguage":"pt-BR"},{"@type":"Organization","@id":"https:\/\/agenciainfra.com\/blog\/#organization","name":"Ag\u00eancia iNFRA","url":"https:\/\/agenciainfra.com\/blog\/","logo":{"@type":"ImageObject","inLanguage":"pt-BR","@id":"https:\/\/agenciainfra.com\/blog\/#\/schema\/logo\/image\/","url":"https:\/\/agenciainfra.com\/blog\/wp-content\/uploads\/2023\/09\/iNFRA_5-e1761735885940.png","contentUrl":"https:\/\/agenciainfra.com\/blog\/wp-content\/uploads\/2023\/09\/iNFRA_5-e1761735885940.png","width":1672,"height":454,"caption":"Ag\u00eancia iNFRA"},"image":{"@id":"https:\/\/agenciainfra.com\/blog\/#\/schema\/logo\/image\/"},"sameAs":["https:\/\/www.facebook.com\/ageninfra","https:\/\/x.com\/agencia_infra","https:\/\/www.linkedin.com\/company\/ag\u00eanciainfra\/","https:\/\/www.instagram.com\/agenciainfra\/"]},{"@type":"Person","@id":"https:\/\/agenciainfra.com\/blog\/#\/schema\/person\/34af08dff6adea4cb22b06612ba7acfa","name":"Ag\u00eancia iNFRA","image":{"@type":"ImageObject","inLanguage":"pt-BR","@id":"https:\/\/agenciainfra.com\/blog\/#\/schema\/person\/image\/","url":"https:\/\/secure.gravatar.com\/avatar\/d189e01678f06d8eb84d4e01f08eb848b3fffe3f8443818d3c356c66892f5be8?s=96&d=mm&r=g","contentUrl":"https:\/\/secure.gravatar.com\/avatar\/d189e01678f06d8eb84d4e01f08eb848b3fffe3f8443818d3c356c66892f5be8?s=96&d=mm&r=g","caption":"Ag\u00eancia iNFRA"},"url":"https:\/\/agenciainfra.com\/blog\/author\/admin\/"}]}},"_links":{"self":[{"href":"https:\/\/agenciainfra.com\/blog\/wp-json\/wp\/v2\/posts\/33047","targetHints":{"allow":["GET"]}}],"collection":[{"href":"https:\/\/agenciainfra.com\/blog\/wp-json\/wp\/v2\/posts"}],"about":[{"href":"https:\/\/agenciainfra.com\/blog\/wp-json\/wp\/v2\/types\/post"}],"author":[{"embeddable":true,"href":"https:\/\/agenciainfra.com\/blog\/wp-json\/wp\/v2\/users\/1"}],"replies":[{"embeddable":true,"href":"https:\/\/agenciainfra.com\/blog\/wp-json\/wp\/v2\/comments?post=33047"}],"version-history":[{"count":1,"href":"https:\/\/agenciainfra.com\/blog\/wp-json\/wp\/v2\/posts\/33047\/revisions"}],"predecessor-version":[{"id":33080,"href":"https:\/\/agenciainfra.com\/blog\/wp-json\/wp\/v2\/posts\/33047\/revisions\/33080"}],"wp:featuredmedia":[{"embeddable":true,"href":"https:\/\/agenciainfra.com\/blog\/wp-json\/wp\/v2\/media\/33079"}],"wp:attachment":[{"href":"https:\/\/agenciainfra.com\/blog\/wp-json\/wp\/v2\/media?parent=33047"}],"wp:term":[{"taxonomy":"category","embeddable":true,"href":"https:\/\/agenciainfra.com\/blog\/wp-json\/wp\/v2\/categories?post=33047"},{"taxonomy":"post_tag","embeddable":true,"href":"https:\/\/agenciainfra.com\/blog\/wp-json\/wp\/v2\/tags?post=33047"}],"curies":[{"name":"wp","href":"https:\/\/api.w.org\/{rel}","templated":true}]}}