{"id":33081,"date":"2025-12-01T14:10:35","date_gmt":"2025-12-01T17:10:35","guid":{"rendered":"https:\/\/agenciainfra.com\/blog\/?p=33081"},"modified":"2025-12-01T14:40:36","modified_gmt":"2025-12-01T17:40:36","slug":"cnh-contran-aprova-novas-regras-e-projeta-queda-de-custos-em-ate-80","status":"publish","type":"post","link":"https:\/\/agenciainfra.com\/blog\/cnh-contran-aprova-novas-regras-e-projeta-queda-de-custos-em-ate-80\/","title":{"rendered":"CNH: Contran aprova novas regras e projeta queda de custos em at\u00e9 80%"},"content":{"rendered":"\n<p class=\"has-text-align-right\"><strong>da Ag\u00eancia iNFRA<\/strong><\/p>\n\n\n\n<p>O Contran (Conselho Nacional de Tr\u00e2nsito) aprovou por unanimidade, nesta segunda-feira (1\u00ba), uma resolu\u00e7\u00e3o que altera o processo de habilita\u00e7\u00e3o no Brasil. Agora, candidatos poder\u00e3o escolher formas mais flex\u00edveis de prepara\u00e7\u00e3o, incluindo a possibilidade de realizar a prova pr\u00e1tica sem a exig\u00eancia de v\u00ednculo obrigat\u00f3rio com autoescolas. As mudan\u00e7as, propostas pelo Minist\u00e9rio dos Transportes, podem diminuir em at\u00e9 80% o custo total da CNH (Carteira Nacional de Habilita\u00e7\u00e3o), que hoje chega a at\u00e9 R$ 5 mil.<\/p>\n\n\n\n<p>Entre os principais pontos aprovados est\u00e3o a oferta de curso te\u00f3rico gratuito e 100% online, a redu\u00e7\u00e3o da carga m\u00ednima de aulas pr\u00e1ticas de 20 para 2 horas e a habilita\u00e7\u00e3o de instrutores aut\u00f4nomos credenciados e fiscalizados pelos Detrans. A abertura do processo poder\u00e1 ser feita digitalmente, via site do Minist\u00e9rio dos Transportes ou pela CDT (Carteira Digital de Tr\u00e2nsito), com presen\u00e7a obrigat\u00f3ria apenas em etapas como biometria e exames m\u00e9dicos.<\/p>\n\n\n\n<p>Dados da Senatran (Secretaria Nacional de Tr\u00e2nsito) indicam que 20 milh\u00f5es de brasileiros dirigem sem habilita\u00e7\u00e3o, enquanto outros 30 milh\u00f5es, embora tenham idade m\u00ednima para obt\u00ea-la, ainda n\u00e3o tiraram o documento, principalmente por barreiras financeiras. Em muitos estados, o custo do processo pode alcan\u00e7ar R$ 5 mil.<\/p>\n\n\n\n<p>Tamb\u00e9m haver\u00e1 moderniza\u00e7\u00e3o nos tr\u00e2mites das categorias profissionais (C, D e E), facilitando a forma\u00e7\u00e3o para quem depende da habilita\u00e7\u00e3o como ferramenta de trabalho. O ministro dos Transportes, Renan Filho, refor\u00e7ou que a obten\u00e7\u00e3o do documento seguir\u00e1 condicionada \u00e0 aprova\u00e7\u00e3o nas provas te\u00f3rica e pr\u00e1tica, mantendo os crit\u00e9rios de seguran\u00e7a vi\u00e1ria.<\/p>\n\n\n\n<p>A resolu\u00e7\u00e3o passa a valer ap\u00f3s publica\u00e7\u00e3o no DOU (Di\u00e1rio Oficial da Uni\u00e3o). As novas regras miram p\u00fablicos mais afetados pelos custos, como jovens, desempregados, trabalhadores informais, moradores de regi\u00f5es distantes e motoristas profissionais em processo de mudan\u00e7a de categoria.<\/p>\n\n\n\n<p>Os principais pontos da resolu\u00e7\u00e3o aprovada pelo Contran s\u00e3o:<\/p>\n\n\n\n<ul class=\"wp-block-list\">\n<li>Curso te\u00f3rico gratuito e 100% digital, com conte\u00fado oficial dispon\u00edvel online<\/li>\n\n\n\n<li>Fim da exig\u00eancia obrigat\u00f3ria de matr\u00edcula em autoescola para realizar a prova pr\u00e1tica de dire\u00e7\u00e3o<\/li>\n\n\n\n<li>Carga m\u00ednima de aulas pr\u00e1ticas reduzida de 20h para 2 horas<\/li>\n\n\n\n<li>Instrutores aut\u00f4nomos credenciados e fiscalizados pelos Detrans, como alternativa \u00e0s autoescolas<\/li>\n\n\n\n<li>Presen\u00e7a obrigat\u00f3ria apenas em etapas espec\u00edficas, como coleta biom\u00e9trica, exame m\u00e9dico e prova de dire\u00e7\u00e3o<\/li>\n\n\n\n<li>Flexibiliza\u00e7\u00e3o do preparo pr\u00e1tico, com possibilidade de forma\u00e7\u00e3o personalizada conforme necessidade do candidato<\/li>\n\n\n\n<li>Moderniza\u00e7\u00e3o para categorias profissionais (C, D e E), ampliando op\u00e7\u00f5es de forma\u00e7\u00e3o e simplificando tr\u00e2mites<\/li>\n\n\n\n<li>Aprova\u00e7\u00e3o na CNH segue condicionada \u00e0s provas te\u00f3rica e pr\u00e1tica, mantendo crit\u00e9rios de aptid\u00e3o e seguran\u00e7a<\/li>\n\n\n\n<li>Inclus\u00e3o de p\u00fablicos impactados pelos custos e dist\u00e2ncia, como jovens, trabalhadores informais, desempregados e motoristas profissionais em forma\u00e7\u00e3o ou mudan\u00e7a de categoria<\/li>\n<\/ul>\n\n\n\n<p><\/p>\n","protected":false},"excerpt":{"rendered":"<p>da Ag\u00eancia iNFRA O Contran (Conselho Nacional de Tr\u00e2nsito) aprovou por unanimidade, nesta segunda-feira (1\u00ba), uma resolu\u00e7\u00e3o que altera o processo de habilita\u00e7\u00e3o no Brasil. Agora, candidatos poder\u00e3o escolher formas mais flex\u00edveis de prepara\u00e7\u00e3o, incluindo a possibilidade de realizar a prova pr\u00e1tica sem a exig\u00eancia de v\u00ednculo obrigat\u00f3rio com autoescolas. As mudan\u00e7as, propostas pelo Minist\u00e9rio [&hellip;]<\/p>\n","protected":false},"author":1,"featured_media":33083,"comment_status":"closed","ping_status":"closed","sticky":false,"template":"","format":"standard","meta":{"_monsterinsights_skip_tracking":false,"_monsterinsights_sitenote_active":false,"_monsterinsights_sitenote_note":"","_monsterinsights_sitenote_category":0,"footnotes":""},"categories":[13576],"tags":[10339,9902,1581,16,17236,5733],"class_list":["post-33081","post","type-post","status-publish","format-standard","has-post-thumbnail","hentry","category-giro-infra","tag-carteira-de-habilitacao","tag-cdt","tag-contran","tag-ministerio-dos-transportes","tag-nova-cnh","tag-senatran"],"yoast_head":"<!-- This site is optimized with the Yoast SEO Premium plugin v25.4 (Yoast SEO v26.0) - https:\/\/yoast.com\/wordpress\/plugins\/seo\/ -->\n<title>CNH: Contran aprova novas regras e projeta queda de custos em at\u00e9 80% - Ag\u00eancia iNFRA<\/title>\n<meta name=\"robots\" content=\"index, follow, max-snippet:-1, max-image-preview:large, max-video-preview:-1\" \/>\n<link rel=\"canonical\" href=\"https:\/\/agenciainfra.com\/blog\/cnh-contran-aprova-novas-regras-e-projeta-queda-de-custos-em-ate-80\/\" \/>\n<meta property=\"og:locale\" content=\"pt_BR\" \/>\n<meta property=\"og:type\" content=\"article\" \/>\n<meta property=\"og:title\" content=\"CNH: Contran aprova novas regras e projeta queda de custos em at\u00e9 80%\" \/>\n<meta property=\"og:description\" content=\"da Ag\u00eancia iNFRA O Contran (Conselho Nacional de Tr\u00e2nsito) aprovou por unanimidade, nesta segunda-feira (1\u00ba), uma resolu\u00e7\u00e3o que altera o processo de habilita\u00e7\u00e3o no Brasil. Agora, candidatos poder\u00e3o escolher formas mais flex\u00edveis de prepara\u00e7\u00e3o, incluindo a possibilidade de realizar a prova pr\u00e1tica sem a exig\u00eancia de v\u00ednculo obrigat\u00f3rio com autoescolas. As mudan\u00e7as, propostas pelo Minist\u00e9rio [&hellip;]\" \/>\n<meta property=\"og:url\" content=\"https:\/\/agenciainfra.com\/blog\/cnh-contran-aprova-novas-regras-e-projeta-queda-de-custos-em-ate-80\/\" \/>\n<meta property=\"og:site_name\" content=\"Ag\u00eancia iNFRA\" \/>\n<meta property=\"article:publisher\" content=\"https:\/\/www.facebook.com\/ageninfra\" \/>\n<meta property=\"article:published_time\" content=\"2025-12-01T17:10:35+00:00\" \/>\n<meta property=\"article:modified_time\" content=\"2025-12-01T17:40:36+00:00\" \/>\n<meta property=\"og:image\" content=\"https:\/\/agenciainfra.com\/blog\/wp-content\/uploads\/2025\/12\/cnh_digital-foto-agencia-brasil.jpg\" \/>\n\t<meta property=\"og:image:width\" content=\"1280\" \/>\n\t<meta property=\"og:image:height\" content=\"766\" \/>\n\t<meta property=\"og:image:type\" content=\"image\/jpeg\" \/>\n<meta name=\"author\" content=\"Ag\u00eancia iNFRA\" \/>\n<meta name=\"twitter:card\" content=\"summary_large_image\" \/>\n<meta name=\"twitter:creator\" content=\"@agencia_infra\" \/>\n<meta name=\"twitter:site\" content=\"@agencia_infra\" \/>\n<meta name=\"twitter:label1\" content=\"Escrito por\" \/>\n\t<meta name=\"twitter:data1\" content=\"Ag\u00eancia iNFRA\" \/>\n\t<meta name=\"twitter:label2\" content=\"Est. tempo de leitura\" \/>\n\t<meta name=\"twitter:data2\" content=\"3 minutos\" \/>\n<script type=\"application\/ld+json\" class=\"yoast-schema-graph\">{\"@context\":\"https:\/\/schema.org\",\"@graph\":[{\"@type\":\"Article\",\"@id\":\"https:\/\/agenciainfra.com\/blog\/cnh-contran-aprova-novas-regras-e-projeta-queda-de-custos-em-ate-80\/#article\",\"isPartOf\":{\"@id\":\"https:\/\/agenciainfra.com\/blog\/cnh-contran-aprova-novas-regras-e-projeta-queda-de-custos-em-ate-80\/\"},\"author\":{\"name\":\"Ag\u00eancia iNFRA\",\"@id\":\"https:\/\/agenciainfra.com\/blog\/#\/schema\/person\/34af08dff6adea4cb22b06612ba7acfa\"},\"headline\":\"CNH: Contran aprova novas regras e projeta queda de custos em at\u00e9 80%\",\"datePublished\":\"2025-12-01T17:10:35+00:00\",\"dateModified\":\"2025-12-01T17:40:36+00:00\",\"mainEntityOfPage\":{\"@id\":\"https:\/\/agenciainfra.com\/blog\/cnh-contran-aprova-novas-regras-e-projeta-queda-de-custos-em-ate-80\/\"},\"wordCount\":518,\"publisher\":{\"@id\":\"https:\/\/agenciainfra.com\/blog\/#organization\"},\"image\":{\"@id\":\"https:\/\/agenciainfra.com\/blog\/cnh-contran-aprova-novas-regras-e-projeta-queda-de-custos-em-ate-80\/#primaryimage\"},\"thumbnailUrl\":\"https:\/\/agenciainfra.com\/blog\/wp-content\/uploads\/2025\/12\/cnh_digital-foto-agencia-brasil.jpg\",\"keywords\":[\"carteira de habilita\u00e7\u00e3o\",\"CDT\",\"Contran\",\"minist\u00e9rio dos transportes\",\"Nova CNH\",\"Senatran\"],\"articleSection\":[\"Giro iNFRA\"],\"inLanguage\":\"pt-BR\",\"copyrightYear\":\"2025\",\"copyrightHolder\":{\"@id\":\"https:\/\/agenciainfra.com\/blog\/#organization\"}},{\"@type\":\"WebPage\",\"@id\":\"https:\/\/agenciainfra.com\/blog\/cnh-contran-aprova-novas-regras-e-projeta-queda-de-custos-em-ate-80\/\",\"url\":\"https:\/\/agenciainfra.com\/blog\/cnh-contran-aprova-novas-regras-e-projeta-queda-de-custos-em-ate-80\/\",\"name\":\"CNH: Contran aprova novas regras e projeta queda de custos em at\u00e9 80% - Ag\u00eancia iNFRA\",\"isPartOf\":{\"@id\":\"https:\/\/agenciainfra.com\/blog\/#website\"},\"primaryImageOfPage\":{\"@id\":\"https:\/\/agenciainfra.com\/blog\/cnh-contran-aprova-novas-regras-e-projeta-queda-de-custos-em-ate-80\/#primaryimage\"},\"image\":{\"@id\":\"https:\/\/agenciainfra.com\/blog\/cnh-contran-aprova-novas-regras-e-projeta-queda-de-custos-em-ate-80\/#primaryimage\"},\"thumbnailUrl\":\"https:\/\/agenciainfra.com\/blog\/wp-content\/uploads\/2025\/12\/cnh_digital-foto-agencia-brasil.jpg\",\"datePublished\":\"2025-12-01T17:10:35+00:00\",\"dateModified\":\"2025-12-01T17:40:36+00:00\",\"breadcrumb\":{\"@id\":\"https:\/\/agenciainfra.com\/blog\/cnh-contran-aprova-novas-regras-e-projeta-queda-de-custos-em-ate-80\/#breadcrumb\"},\"inLanguage\":\"pt-BR\",\"potentialAction\":[{\"@type\":\"ReadAction\",\"target\":[\"https:\/\/agenciainfra.com\/blog\/cnh-contran-aprova-novas-regras-e-projeta-queda-de-custos-em-ate-80\/\"]}]},{\"@type\":\"ImageObject\",\"inLanguage\":\"pt-BR\",\"@id\":\"https:\/\/agenciainfra.com\/blog\/cnh-contran-aprova-novas-regras-e-projeta-queda-de-custos-em-ate-80\/#primaryimage\",\"url\":\"https:\/\/agenciainfra.com\/blog\/wp-content\/uploads\/2025\/12\/cnh_digital-foto-agencia-brasil.jpg\",\"contentUrl\":\"https:\/\/agenciainfra.com\/blog\/wp-content\/uploads\/2025\/12\/cnh_digital-foto-agencia-brasil.jpg\",\"width\":1280,\"height\":766,\"caption\":\"Foto: Marcello Casal Jr\/Ag\u00eancia Brasil\"},{\"@type\":\"BreadcrumbList\",\"@id\":\"https:\/\/agenciainfra.com\/blog\/cnh-contran-aprova-novas-regras-e-projeta-queda-de-custos-em-ate-80\/#breadcrumb\",\"itemListElement\":[{\"@type\":\"ListItem\",\"position\":1,\"name\":\"In\u00edcio\",\"item\":\"https:\/\/agenciainfra.com\/blog\/\"},{\"@type\":\"ListItem\",\"position\":2,\"name\":\"CNH: Contran aprova novas regras e projeta queda de custos em at\u00e9 80%\"}]},{\"@type\":\"WebSite\",\"@id\":\"https:\/\/agenciainfra.com\/blog\/#website\",\"url\":\"https:\/\/agenciainfra.com\/blog\/\",\"name\":\"Ag\u00eancia iNFRA\",\"description\":\"Multiplataforma de informa\u00e7\u00e3o jornal\u00edstica refer\u00eancia na \u00e1rea de infraestrutura no Brasil!\",\"publisher\":{\"@id\":\"https:\/\/agenciainfra.com\/blog\/#organization\"},\"potentialAction\":[{\"@type\":\"SearchAction\",\"target\":{\"@type\":\"EntryPoint\",\"urlTemplate\":\"https:\/\/agenciainfra.com\/blog\/?s={search_term_string}\"},\"query-input\":{\"@type\":\"PropertyValueSpecification\",\"valueRequired\":true,\"valueName\":\"search_term_string\"}}],\"inLanguage\":\"pt-BR\"},{\"@type\":\"Organization\",\"@id\":\"https:\/\/agenciainfra.com\/blog\/#organization\",\"name\":\"Ag\u00eancia iNFRA\",\"url\":\"https:\/\/agenciainfra.com\/blog\/\",\"logo\":{\"@type\":\"ImageObject\",\"inLanguage\":\"pt-BR\",\"@id\":\"https:\/\/agenciainfra.com\/blog\/#\/schema\/logo\/image\/\",\"url\":\"https:\/\/agenciainfra.com\/blog\/wp-content\/uploads\/2023\/09\/iNFRA_5-e1761735885940.png\",\"contentUrl\":\"https:\/\/agenciainfra.com\/blog\/wp-content\/uploads\/2023\/09\/iNFRA_5-e1761735885940.png\",\"width\":1672,\"height\":454,\"caption\":\"Ag\u00eancia iNFRA\"},\"image\":{\"@id\":\"https:\/\/agenciainfra.com\/blog\/#\/schema\/logo\/image\/\"},\"sameAs\":[\"https:\/\/www.facebook.com\/ageninfra\",\"https:\/\/x.com\/agencia_infra\",\"https:\/\/www.linkedin.com\/company\/ag\u00eanciainfra\/\",\"https:\/\/www.instagram.com\/agenciainfra\/\"]},{\"@type\":\"Person\",\"@id\":\"https:\/\/agenciainfra.com\/blog\/#\/schema\/person\/34af08dff6adea4cb22b06612ba7acfa\",\"name\":\"Ag\u00eancia iNFRA\",\"image\":{\"@type\":\"ImageObject\",\"inLanguage\":\"pt-BR\",\"@id\":\"https:\/\/agenciainfra.com\/blog\/#\/schema\/person\/image\/\",\"url\":\"https:\/\/secure.gravatar.com\/avatar\/d189e01678f06d8eb84d4e01f08eb848b3fffe3f8443818d3c356c66892f5be8?s=96&d=mm&r=g\",\"contentUrl\":\"https:\/\/secure.gravatar.com\/avatar\/d189e01678f06d8eb84d4e01f08eb848b3fffe3f8443818d3c356c66892f5be8?s=96&d=mm&r=g\",\"caption\":\"Ag\u00eancia iNFRA\"},\"url\":\"https:\/\/agenciainfra.com\/blog\/author\/admin\/\"}]}<\/script>\n<!-- \/ Yoast SEO Premium plugin. -->","yoast_head_json":{"title":"CNH: Contran aprova novas regras e projeta queda de custos em at\u00e9 80% - Ag\u00eancia iNFRA","robots":{"index":"index","follow":"follow","max-snippet":"max-snippet:-1","max-image-preview":"max-image-preview:large","max-video-preview":"max-video-preview:-1"},"canonical":"https:\/\/agenciainfra.com\/blog\/cnh-contran-aprova-novas-regras-e-projeta-queda-de-custos-em-ate-80\/","og_locale":"pt_BR","og_type":"article","og_title":"CNH: Contran aprova novas regras e projeta queda de custos em at\u00e9 80%","og_description":"da Ag\u00eancia iNFRA O Contran (Conselho Nacional de Tr\u00e2nsito) aprovou por unanimidade, nesta segunda-feira (1\u00ba), uma resolu\u00e7\u00e3o que altera o processo de habilita\u00e7\u00e3o no Brasil. Agora, candidatos poder\u00e3o escolher formas mais flex\u00edveis de prepara\u00e7\u00e3o, incluindo a possibilidade de realizar a prova pr\u00e1tica sem a exig\u00eancia de v\u00ednculo obrigat\u00f3rio com autoescolas. As mudan\u00e7as, propostas pelo Minist\u00e9rio [&hellip;]","og_url":"https:\/\/agenciainfra.com\/blog\/cnh-contran-aprova-novas-regras-e-projeta-queda-de-custos-em-ate-80\/","og_site_name":"Ag\u00eancia iNFRA","article_publisher":"https:\/\/www.facebook.com\/ageninfra","article_published_time":"2025-12-01T17:10:35+00:00","article_modified_time":"2025-12-01T17:40:36+00:00","og_image":[{"width":1280,"height":766,"url":"https:\/\/agenciainfra.com\/blog\/wp-content\/uploads\/2025\/12\/cnh_digital-foto-agencia-brasil.jpg","type":"image\/jpeg"}],"author":"Ag\u00eancia iNFRA","twitter_card":"summary_large_image","twitter_creator":"@agencia_infra","twitter_site":"@agencia_infra","twitter_misc":{"Escrito por":"Ag\u00eancia iNFRA","Est. tempo de leitura":"3 minutos"},"schema":{"@context":"https:\/\/schema.org","@graph":[{"@type":"Article","@id":"https:\/\/agenciainfra.com\/blog\/cnh-contran-aprova-novas-regras-e-projeta-queda-de-custos-em-ate-80\/#article","isPartOf":{"@id":"https:\/\/agenciainfra.com\/blog\/cnh-contran-aprova-novas-regras-e-projeta-queda-de-custos-em-ate-80\/"},"author":{"name":"Ag\u00eancia iNFRA","@id":"https:\/\/agenciainfra.com\/blog\/#\/schema\/person\/34af08dff6adea4cb22b06612ba7acfa"},"headline":"CNH: Contran aprova novas regras e projeta queda de custos em at\u00e9 80%","datePublished":"2025-12-01T17:10:35+00:00","dateModified":"2025-12-01T17:40:36+00:00","mainEntityOfPage":{"@id":"https:\/\/agenciainfra.com\/blog\/cnh-contran-aprova-novas-regras-e-projeta-queda-de-custos-em-ate-80\/"},"wordCount":518,"publisher":{"@id":"https:\/\/agenciainfra.com\/blog\/#organization"},"image":{"@id":"https:\/\/agenciainfra.com\/blog\/cnh-contran-aprova-novas-regras-e-projeta-queda-de-custos-em-ate-80\/#primaryimage"},"thumbnailUrl":"https:\/\/agenciainfra.com\/blog\/wp-content\/uploads\/2025\/12\/cnh_digital-foto-agencia-brasil.jpg","keywords":["carteira de habilita\u00e7\u00e3o","CDT","Contran","minist\u00e9rio dos transportes","Nova CNH","Senatran"],"articleSection":["Giro iNFRA"],"inLanguage":"pt-BR","copyrightYear":"2025","copyrightHolder":{"@id":"https:\/\/agenciainfra.com\/blog\/#organization"}},{"@type":"WebPage","@id":"https:\/\/agenciainfra.com\/blog\/cnh-contran-aprova-novas-regras-e-projeta-queda-de-custos-em-ate-80\/","url":"https:\/\/agenciainfra.com\/blog\/cnh-contran-aprova-novas-regras-e-projeta-queda-de-custos-em-ate-80\/","name":"CNH: Contran aprova novas regras e projeta queda de custos em at\u00e9 80% - Ag\u00eancia iNFRA","isPartOf":{"@id":"https:\/\/agenciainfra.com\/blog\/#website"},"primaryImageOfPage":{"@id":"https:\/\/agenciainfra.com\/blog\/cnh-contran-aprova-novas-regras-e-projeta-queda-de-custos-em-ate-80\/#primaryimage"},"image":{"@id":"https:\/\/agenciainfra.com\/blog\/cnh-contran-aprova-novas-regras-e-projeta-queda-de-custos-em-ate-80\/#primaryimage"},"thumbnailUrl":"https:\/\/agenciainfra.com\/blog\/wp-content\/uploads\/2025\/12\/cnh_digital-foto-agencia-brasil.jpg","datePublished":"2025-12-01T17:10:35+00:00","dateModified":"2025-12-01T17:40:36+00:00","breadcrumb":{"@id":"https:\/\/agenciainfra.com\/blog\/cnh-contran-aprova-novas-regras-e-projeta-queda-de-custos-em-ate-80\/#breadcrumb"},"inLanguage":"pt-BR","potentialAction":[{"@type":"ReadAction","target":["https:\/\/agenciainfra.com\/blog\/cnh-contran-aprova-novas-regras-e-projeta-queda-de-custos-em-ate-80\/"]}]},{"@type":"ImageObject","inLanguage":"pt-BR","@id":"https:\/\/agenciainfra.com\/blog\/cnh-contran-aprova-novas-regras-e-projeta-queda-de-custos-em-ate-80\/#primaryimage","url":"https:\/\/agenciainfra.com\/blog\/wp-content\/uploads\/2025\/12\/cnh_digital-foto-agencia-brasil.jpg","contentUrl":"https:\/\/agenciainfra.com\/blog\/wp-content\/uploads\/2025\/12\/cnh_digital-foto-agencia-brasil.jpg","width":1280,"height":766,"caption":"Foto: Marcello Casal Jr\/Ag\u00eancia Brasil"},{"@type":"BreadcrumbList","@id":"https:\/\/agenciainfra.com\/blog\/cnh-contran-aprova-novas-regras-e-projeta-queda-de-custos-em-ate-80\/#breadcrumb","itemListElement":[{"@type":"ListItem","position":1,"name":"In\u00edcio","item":"https:\/\/agenciainfra.com\/blog\/"},{"@type":"ListItem","position":2,"name":"CNH: Contran aprova novas regras e projeta queda de custos em at\u00e9 80%"}]},{"@type":"WebSite","@id":"https:\/\/agenciainfra.com\/blog\/#website","url":"https:\/\/agenciainfra.com\/blog\/","name":"Ag\u00eancia iNFRA","description":"Multiplataforma de informa\u00e7\u00e3o jornal\u00edstica refer\u00eancia na \u00e1rea de infraestrutura no Brasil!","publisher":{"@id":"https:\/\/agenciainfra.com\/blog\/#organization"},"potentialAction":[{"@type":"SearchAction","target":{"@type":"EntryPoint","urlTemplate":"https:\/\/agenciainfra.com\/blog\/?s={search_term_string}"},"query-input":{"@type":"PropertyValueSpecification","valueRequired":true,"valueName":"search_term_string"}}],"inLanguage":"pt-BR"},{"@type":"Organization","@id":"https:\/\/agenciainfra.com\/blog\/#organization","name":"Ag\u00eancia iNFRA","url":"https:\/\/agenciainfra.com\/blog\/","logo":{"@type":"ImageObject","inLanguage":"pt-BR","@id":"https:\/\/agenciainfra.com\/blog\/#\/schema\/logo\/image\/","url":"https:\/\/agenciainfra.com\/blog\/wp-content\/uploads\/2023\/09\/iNFRA_5-e1761735885940.png","contentUrl":"https:\/\/agenciainfra.com\/blog\/wp-content\/uploads\/2023\/09\/iNFRA_5-e1761735885940.png","width":1672,"height":454,"caption":"Ag\u00eancia iNFRA"},"image":{"@id":"https:\/\/agenciainfra.com\/blog\/#\/schema\/logo\/image\/"},"sameAs":["https:\/\/www.facebook.com\/ageninfra","https:\/\/x.com\/agencia_infra","https:\/\/www.linkedin.com\/company\/ag\u00eanciainfra\/","https:\/\/www.instagram.com\/agenciainfra\/"]},{"@type":"Person","@id":"https:\/\/agenciainfra.com\/blog\/#\/schema\/person\/34af08dff6adea4cb22b06612ba7acfa","name":"Ag\u00eancia iNFRA","image":{"@type":"ImageObject","inLanguage":"pt-BR","@id":"https:\/\/agenciainfra.com\/blog\/#\/schema\/person\/image\/","url":"https:\/\/secure.gravatar.com\/avatar\/d189e01678f06d8eb84d4e01f08eb848b3fffe3f8443818d3c356c66892f5be8?s=96&d=mm&r=g","contentUrl":"https:\/\/secure.gravatar.com\/avatar\/d189e01678f06d8eb84d4e01f08eb848b3fffe3f8443818d3c356c66892f5be8?s=96&d=mm&r=g","caption":"Ag\u00eancia iNFRA"},"url":"https:\/\/agenciainfra.com\/blog\/author\/admin\/"}]}},"_links":{"self":[{"href":"https:\/\/agenciainfra.com\/blog\/wp-json\/wp\/v2\/posts\/33081","targetHints":{"allow":["GET"]}}],"collection":[{"href":"https:\/\/agenciainfra.com\/blog\/wp-json\/wp\/v2\/posts"}],"about":[{"href":"https:\/\/agenciainfra.com\/blog\/wp-json\/wp\/v2\/types\/post"}],"author":[{"embeddable":true,"href":"https:\/\/agenciainfra.com\/blog\/wp-json\/wp\/v2\/users\/1"}],"replies":[{"embeddable":true,"href":"https:\/\/agenciainfra.com\/blog\/wp-json\/wp\/v2\/comments?post=33081"}],"version-history":[{"count":1,"href":"https:\/\/agenciainfra.com\/blog\/wp-json\/wp\/v2\/posts\/33081\/revisions"}],"predecessor-version":[{"id":33084,"href":"https:\/\/agenciainfra.com\/blog\/wp-json\/wp\/v2\/posts\/33081\/revisions\/33084"}],"wp:featuredmedia":[{"embeddable":true,"href":"https:\/\/agenciainfra.com\/blog\/wp-json\/wp\/v2\/media\/33083"}],"wp:attachment":[{"href":"https:\/\/agenciainfra.com\/blog\/wp-json\/wp\/v2\/media?parent=33081"}],"wp:term":[{"taxonomy":"category","embeddable":true,"href":"https:\/\/agenciainfra.com\/blog\/wp-json\/wp\/v2\/categories?post=33081"},{"taxonomy":"post_tag","embeddable":true,"href":"https:\/\/agenciainfra.com\/blog\/wp-json\/wp\/v2\/tags?post=33081"}],"curies":[{"name":"wp","href":"https:\/\/api.w.org\/{rel}","templated":true}]}}