{"id":33109,"date":"2025-12-01T18:23:30","date_gmt":"2025-12-01T21:23:30","guid":{"rendered":"https:\/\/agenciainfra.com\/blog\/?p=33109"},"modified":"2025-12-01T18:23:32","modified_gmt":"2025-12-01T21:23:32","slug":"ana-lanca-manual-de-governanca-de-entidades-reguladoras-do-saneamento","status":"publish","type":"post","link":"https:\/\/agenciainfra.com\/blog\/ana-lanca-manual-de-governanca-de-entidades-reguladoras-do-saneamento\/","title":{"rendered":"ANA lan\u00e7a manual de governan\u00e7a de entidades reguladoras do saneamento"},"content":{"rendered":"\n<p class=\"has-text-align-right\"><strong>da Ag\u00eancia iNFRA<\/strong><\/p>\n\n\n\n<p>A ANA (Ag\u00eancia Nacional de \u00c1guas e Saneamento B\u00e1sico) lan\u00e7ou o <a href=\"https:\/\/www.gov.br\/ana\/pt-br\/assuntos\/saneamento-basico\/Normativos-publicados-pela-ANA\/manual-nr4-final.pdf\">Manual Orientativo da Norma de Refer\u00eancia 4\/2024<\/a>, voltado \u00e0s ERIs (Entidades Reguladoras Infranacionais). O material detalha as pr\u00e1ticas de governan\u00e7a previstas na medida e orienta a atua\u00e7\u00e3o regulat\u00f3ria dos \u00f3rg\u00e3os municipais, intermunicipais, distritais e estaduais respons\u00e1veis pelo saneamento b\u00e1sico.&nbsp;<\/p>\n\n\n\n<p>O manual, elaborado pela Coordena\u00e7\u00e3o de Governan\u00e7a das ERIs da ANA, em parceria com o BID (Banco Interamericano de Desenvolvimento), re\u00fane dispositivos da norma, exemplos pr\u00e1ticos e diretrizes para apoiar as ERIs na implementa\u00e7\u00e3o de boas pr\u00e1ticas de governan\u00e7a, com foco na qualifica\u00e7\u00e3o do ambiente regulat\u00f3rio e na melhoria dos servi\u00e7os de saneamento no pa\u00eds.&nbsp;<\/p>\n\n\n\n<p>Para o superintendente de Regula\u00e7\u00e3o do Saneamento B\u00e1sico em exerc\u00edcio, Alexandre Ander\u00e1os, o novo material representa \u201cum grande avan\u00e7o na implementa\u00e7\u00e3o da Norma de Refer\u00eancia n\u00ba 4 e na melhoria da governan\u00e7a regulat\u00f3ria das Entidades Reguladoras Infranacionais, contribuindo para uma regula\u00e7\u00e3o cada vez mais uniforme, t\u00e9cnica e eficiente\u201d.&nbsp;<\/p>\n\n\n\n<p><\/p>\n","protected":false},"excerpt":{"rendered":"<p>da Ag\u00eancia iNFRA A ANA (Ag\u00eancia Nacional de \u00c1guas e Saneamento B\u00e1sico) lan\u00e7ou o Manual Orientativo da Norma de Refer\u00eancia 4\/2024, voltado \u00e0s ERIs (Entidades Reguladoras Infranacionais). O material detalha as pr\u00e1ticas de governan\u00e7a previstas na medida e orienta a atua\u00e7\u00e3o regulat\u00f3ria dos \u00f3rg\u00e3os municipais, intermunicipais, distritais e estaduais respons\u00e1veis pelo saneamento b\u00e1sico.&nbsp; O manual, [&hellip;]<\/p>\n","protected":false},"author":1,"featured_media":17716,"comment_status":"closed","ping_status":"closed","sticky":false,"template":"","format":"standard","meta":{"_monsterinsights_skip_tracking":false,"_monsterinsights_sitenote_active":false,"_monsterinsights_sitenote_note":"","_monsterinsights_sitenote_category":0,"footnotes":""},"categories":[13576],"tags":[14733,17069,77,1971,8082,9428,3816,48,73],"class_list":["post-33109","post","type-post","status-publish","format-standard","has-post-thumbnail","hentry","category-giro-infra","tag-agencia-nacional-de-aguas-e-saneamento-basico-2","tag-alexandre-anderaos","tag-ana","tag-banco-interamericano-de-desenvolvimento","tag-entidades-reguladoras-infranacionais","tag-eris","tag-governanca","tag-regulacao","tag-saneamento-basico"],"yoast_head":"<!-- This site is optimized with the Yoast SEO Premium plugin v25.4 (Yoast SEO v26.0) - https:\/\/yoast.com\/wordpress\/plugins\/seo\/ -->\n<title>ANA lan\u00e7a manual de governan\u00e7a de entidades reguladoras do saneamento - Ag\u00eancia iNFRA<\/title>\n<meta name=\"robots\" content=\"index, follow, max-snippet:-1, max-image-preview:large, max-video-preview:-1\" \/>\n<link rel=\"canonical\" href=\"https:\/\/agenciainfra.com\/blog\/ana-lanca-manual-de-governanca-de-entidades-reguladoras-do-saneamento\/\" \/>\n<meta property=\"og:locale\" content=\"pt_BR\" \/>\n<meta property=\"og:type\" content=\"article\" \/>\n<meta property=\"og:title\" content=\"ANA lan\u00e7a manual de governan\u00e7a de entidades reguladoras do saneamento\" \/>\n<meta property=\"og:description\" content=\"da Ag\u00eancia iNFRA A ANA (Ag\u00eancia Nacional de \u00c1guas e Saneamento B\u00e1sico) lan\u00e7ou o Manual Orientativo da Norma de Refer\u00eancia 4\/2024, voltado \u00e0s ERIs (Entidades Reguladoras Infranacionais). O material detalha as pr\u00e1ticas de governan\u00e7a previstas na medida e orienta a atua\u00e7\u00e3o regulat\u00f3ria dos \u00f3rg\u00e3os municipais, intermunicipais, distritais e estaduais respons\u00e1veis pelo saneamento b\u00e1sico.&nbsp; O manual, [&hellip;]\" \/>\n<meta property=\"og:url\" content=\"https:\/\/agenciainfra.com\/blog\/ana-lanca-manual-de-governanca-de-entidades-reguladoras-do-saneamento\/\" \/>\n<meta property=\"og:site_name\" content=\"Ag\u00eancia iNFRA\" \/>\n<meta property=\"article:publisher\" content=\"https:\/\/www.facebook.com\/ageninfra\" \/>\n<meta property=\"article:published_time\" content=\"2025-12-01T21:23:30+00:00\" \/>\n<meta property=\"article:modified_time\" content=\"2025-12-01T21:23:32+00:00\" \/>\n<meta property=\"og:image\" content=\"https:\/\/agenciainfra.com\/blog\/wp-content\/uploads\/2024\/07\/saneamento-foto-instituto-trata-brasil-ascom.jpg\" \/>\n\t<meta property=\"og:image:width\" content=\"1202\" \/>\n\t<meta property=\"og:image:height\" content=\"779\" \/>\n\t<meta property=\"og:image:type\" content=\"image\/jpeg\" \/>\n<meta name=\"author\" content=\"Ag\u00eancia iNFRA\" \/>\n<meta name=\"twitter:card\" content=\"summary_large_image\" \/>\n<meta name=\"twitter:creator\" content=\"@agencia_infra\" \/>\n<meta name=\"twitter:site\" content=\"@agencia_infra\" \/>\n<meta name=\"twitter:label1\" content=\"Escrito por\" \/>\n\t<meta name=\"twitter:data1\" content=\"Ag\u00eancia iNFRA\" \/>\n\t<meta name=\"twitter:label2\" content=\"Est. tempo de leitura\" \/>\n\t<meta name=\"twitter:data2\" content=\"1 minuto\" \/>\n<script type=\"application\/ld+json\" class=\"yoast-schema-graph\">{\"@context\":\"https:\/\/schema.org\",\"@graph\":[{\"@type\":\"Article\",\"@id\":\"https:\/\/agenciainfra.com\/blog\/ana-lanca-manual-de-governanca-de-entidades-reguladoras-do-saneamento\/#article\",\"isPartOf\":{\"@id\":\"https:\/\/agenciainfra.com\/blog\/ana-lanca-manual-de-governanca-de-entidades-reguladoras-do-saneamento\/\"},\"author\":{\"name\":\"Ag\u00eancia iNFRA\",\"@id\":\"https:\/\/agenciainfra.com\/blog\/#\/schema\/person\/34af08dff6adea4cb22b06612ba7acfa\"},\"headline\":\"ANA lan\u00e7a manual de governan\u00e7a de entidades reguladoras do saneamento\",\"datePublished\":\"2025-12-01T21:23:30+00:00\",\"dateModified\":\"2025-12-01T21:23:32+00:00\",\"mainEntityOfPage\":{\"@id\":\"https:\/\/agenciainfra.com\/blog\/ana-lanca-manual-de-governanca-de-entidades-reguladoras-do-saneamento\/\"},\"wordCount\":203,\"publisher\":{\"@id\":\"https:\/\/agenciainfra.com\/blog\/#organization\"},\"image\":{\"@id\":\"https:\/\/agenciainfra.com\/blog\/ana-lanca-manual-de-governanca-de-entidades-reguladoras-do-saneamento\/#primaryimage\"},\"thumbnailUrl\":\"https:\/\/agenciainfra.com\/blog\/wp-content\/uploads\/2024\/07\/saneamento-foto-instituto-trata-brasil-ascom.jpg\",\"keywords\":[\"ag\u00eancia nacional de \u00e1guas e saneamento b\u00e1sico\",\"Alexandre Ander\u00e1os\",\"ANA\",\"Banco Interamericano de Desenvolvimento\",\"Entidades Reguladoras Infranacionais\",\"ERIs\",\"governan\u00e7a\",\"Regula\u00e7\u00e3o\",\"Saneamento B\u00e1sico\"],\"articleSection\":[\"Giro iNFRA\"],\"inLanguage\":\"pt-BR\",\"copyrightYear\":\"2025\",\"copyrightHolder\":{\"@id\":\"https:\/\/agenciainfra.com\/blog\/#organization\"}},{\"@type\":\"WebPage\",\"@id\":\"https:\/\/agenciainfra.com\/blog\/ana-lanca-manual-de-governanca-de-entidades-reguladoras-do-saneamento\/\",\"url\":\"https:\/\/agenciainfra.com\/blog\/ana-lanca-manual-de-governanca-de-entidades-reguladoras-do-saneamento\/\",\"name\":\"ANA lan\u00e7a manual de governan\u00e7a de entidades reguladoras do saneamento - Ag\u00eancia iNFRA\",\"isPartOf\":{\"@id\":\"https:\/\/agenciainfra.com\/blog\/#website\"},\"primaryImageOfPage\":{\"@id\":\"https:\/\/agenciainfra.com\/blog\/ana-lanca-manual-de-governanca-de-entidades-reguladoras-do-saneamento\/#primaryimage\"},\"image\":{\"@id\":\"https:\/\/agenciainfra.com\/blog\/ana-lanca-manual-de-governanca-de-entidades-reguladoras-do-saneamento\/#primaryimage\"},\"thumbnailUrl\":\"https:\/\/agenciainfra.com\/blog\/wp-content\/uploads\/2024\/07\/saneamento-foto-instituto-trata-brasil-ascom.jpg\",\"datePublished\":\"2025-12-01T21:23:30+00:00\",\"dateModified\":\"2025-12-01T21:23:32+00:00\",\"breadcrumb\":{\"@id\":\"https:\/\/agenciainfra.com\/blog\/ana-lanca-manual-de-governanca-de-entidades-reguladoras-do-saneamento\/#breadcrumb\"},\"inLanguage\":\"pt-BR\",\"potentialAction\":[{\"@type\":\"ReadAction\",\"target\":[\"https:\/\/agenciainfra.com\/blog\/ana-lanca-manual-de-governanca-de-entidades-reguladoras-do-saneamento\/\"]}]},{\"@type\":\"ImageObject\",\"inLanguage\":\"pt-BR\",\"@id\":\"https:\/\/agenciainfra.com\/blog\/ana-lanca-manual-de-governanca-de-entidades-reguladoras-do-saneamento\/#primaryimage\",\"url\":\"https:\/\/agenciainfra.com\/blog\/wp-content\/uploads\/2024\/07\/saneamento-foto-instituto-trata-brasil-ascom.jpg\",\"contentUrl\":\"https:\/\/agenciainfra.com\/blog\/wp-content\/uploads\/2024\/07\/saneamento-foto-instituto-trata-brasil-ascom.jpg\",\"width\":1202,\"height\":779},{\"@type\":\"BreadcrumbList\",\"@id\":\"https:\/\/agenciainfra.com\/blog\/ana-lanca-manual-de-governanca-de-entidades-reguladoras-do-saneamento\/#breadcrumb\",\"itemListElement\":[{\"@type\":\"ListItem\",\"position\":1,\"name\":\"In\u00edcio\",\"item\":\"https:\/\/agenciainfra.com\/blog\/\"},{\"@type\":\"ListItem\",\"position\":2,\"name\":\"ANA lan\u00e7a manual de governan\u00e7a de entidades reguladoras do saneamento\"}]},{\"@type\":\"WebSite\",\"@id\":\"https:\/\/agenciainfra.com\/blog\/#website\",\"url\":\"https:\/\/agenciainfra.com\/blog\/\",\"name\":\"Ag\u00eancia iNFRA\",\"description\":\"Multiplataforma de informa\u00e7\u00e3o jornal\u00edstica refer\u00eancia na \u00e1rea de infraestrutura no Brasil!\",\"publisher\":{\"@id\":\"https:\/\/agenciainfra.com\/blog\/#organization\"},\"potentialAction\":[{\"@type\":\"SearchAction\",\"target\":{\"@type\":\"EntryPoint\",\"urlTemplate\":\"https:\/\/agenciainfra.com\/blog\/?s={search_term_string}\"},\"query-input\":{\"@type\":\"PropertyValueSpecification\",\"valueRequired\":true,\"valueName\":\"search_term_string\"}}],\"inLanguage\":\"pt-BR\"},{\"@type\":\"Organization\",\"@id\":\"https:\/\/agenciainfra.com\/blog\/#organization\",\"name\":\"Ag\u00eancia iNFRA\",\"url\":\"https:\/\/agenciainfra.com\/blog\/\",\"logo\":{\"@type\":\"ImageObject\",\"inLanguage\":\"pt-BR\",\"@id\":\"https:\/\/agenciainfra.com\/blog\/#\/schema\/logo\/image\/\",\"url\":\"https:\/\/agenciainfra.com\/blog\/wp-content\/uploads\/2023\/09\/iNFRA_5-e1761735885940.png\",\"contentUrl\":\"https:\/\/agenciainfra.com\/blog\/wp-content\/uploads\/2023\/09\/iNFRA_5-e1761735885940.png\",\"width\":1672,\"height\":454,\"caption\":\"Ag\u00eancia iNFRA\"},\"image\":{\"@id\":\"https:\/\/agenciainfra.com\/blog\/#\/schema\/logo\/image\/\"},\"sameAs\":[\"https:\/\/www.facebook.com\/ageninfra\",\"https:\/\/x.com\/agencia_infra\",\"https:\/\/www.linkedin.com\/company\/ag\u00eanciainfra\/\",\"https:\/\/www.instagram.com\/agenciainfra\/\"]},{\"@type\":\"Person\",\"@id\":\"https:\/\/agenciainfra.com\/blog\/#\/schema\/person\/34af08dff6adea4cb22b06612ba7acfa\",\"name\":\"Ag\u00eancia iNFRA\",\"image\":{\"@type\":\"ImageObject\",\"inLanguage\":\"pt-BR\",\"@id\":\"https:\/\/agenciainfra.com\/blog\/#\/schema\/person\/image\/\",\"url\":\"https:\/\/secure.gravatar.com\/avatar\/d189e01678f06d8eb84d4e01f08eb848b3fffe3f8443818d3c356c66892f5be8?s=96&d=mm&r=g\",\"contentUrl\":\"https:\/\/secure.gravatar.com\/avatar\/d189e01678f06d8eb84d4e01f08eb848b3fffe3f8443818d3c356c66892f5be8?s=96&d=mm&r=g\",\"caption\":\"Ag\u00eancia iNFRA\"},\"url\":\"https:\/\/agenciainfra.com\/blog\/author\/admin\/\"}]}<\/script>\n<!-- \/ Yoast SEO Premium plugin. -->","yoast_head_json":{"title":"ANA lan\u00e7a manual de governan\u00e7a de entidades reguladoras do saneamento - Ag\u00eancia iNFRA","robots":{"index":"index","follow":"follow","max-snippet":"max-snippet:-1","max-image-preview":"max-image-preview:large","max-video-preview":"max-video-preview:-1"},"canonical":"https:\/\/agenciainfra.com\/blog\/ana-lanca-manual-de-governanca-de-entidades-reguladoras-do-saneamento\/","og_locale":"pt_BR","og_type":"article","og_title":"ANA lan\u00e7a manual de governan\u00e7a de entidades reguladoras do saneamento","og_description":"da Ag\u00eancia iNFRA A ANA (Ag\u00eancia Nacional de \u00c1guas e Saneamento B\u00e1sico) lan\u00e7ou o Manual Orientativo da Norma de Refer\u00eancia 4\/2024, voltado \u00e0s ERIs (Entidades Reguladoras Infranacionais). O material detalha as pr\u00e1ticas de governan\u00e7a previstas na medida e orienta a atua\u00e7\u00e3o regulat\u00f3ria dos \u00f3rg\u00e3os municipais, intermunicipais, distritais e estaduais respons\u00e1veis pelo saneamento b\u00e1sico.&nbsp; O manual, [&hellip;]","og_url":"https:\/\/agenciainfra.com\/blog\/ana-lanca-manual-de-governanca-de-entidades-reguladoras-do-saneamento\/","og_site_name":"Ag\u00eancia iNFRA","article_publisher":"https:\/\/www.facebook.com\/ageninfra","article_published_time":"2025-12-01T21:23:30+00:00","article_modified_time":"2025-12-01T21:23:32+00:00","og_image":[{"width":1202,"height":779,"url":"https:\/\/agenciainfra.com\/blog\/wp-content\/uploads\/2024\/07\/saneamento-foto-instituto-trata-brasil-ascom.jpg","type":"image\/jpeg"}],"author":"Ag\u00eancia iNFRA","twitter_card":"summary_large_image","twitter_creator":"@agencia_infra","twitter_site":"@agencia_infra","twitter_misc":{"Escrito por":"Ag\u00eancia iNFRA","Est. tempo de leitura":"1 minuto"},"schema":{"@context":"https:\/\/schema.org","@graph":[{"@type":"Article","@id":"https:\/\/agenciainfra.com\/blog\/ana-lanca-manual-de-governanca-de-entidades-reguladoras-do-saneamento\/#article","isPartOf":{"@id":"https:\/\/agenciainfra.com\/blog\/ana-lanca-manual-de-governanca-de-entidades-reguladoras-do-saneamento\/"},"author":{"name":"Ag\u00eancia iNFRA","@id":"https:\/\/agenciainfra.com\/blog\/#\/schema\/person\/34af08dff6adea4cb22b06612ba7acfa"},"headline":"ANA lan\u00e7a manual de governan\u00e7a de entidades reguladoras do saneamento","datePublished":"2025-12-01T21:23:30+00:00","dateModified":"2025-12-01T21:23:32+00:00","mainEntityOfPage":{"@id":"https:\/\/agenciainfra.com\/blog\/ana-lanca-manual-de-governanca-de-entidades-reguladoras-do-saneamento\/"},"wordCount":203,"publisher":{"@id":"https:\/\/agenciainfra.com\/blog\/#organization"},"image":{"@id":"https:\/\/agenciainfra.com\/blog\/ana-lanca-manual-de-governanca-de-entidades-reguladoras-do-saneamento\/#primaryimage"},"thumbnailUrl":"https:\/\/agenciainfra.com\/blog\/wp-content\/uploads\/2024\/07\/saneamento-foto-instituto-trata-brasil-ascom.jpg","keywords":["ag\u00eancia nacional de \u00e1guas e saneamento b\u00e1sico","Alexandre Ander\u00e1os","ANA","Banco Interamericano de Desenvolvimento","Entidades Reguladoras Infranacionais","ERIs","governan\u00e7a","Regula\u00e7\u00e3o","Saneamento B\u00e1sico"],"articleSection":["Giro iNFRA"],"inLanguage":"pt-BR","copyrightYear":"2025","copyrightHolder":{"@id":"https:\/\/agenciainfra.com\/blog\/#organization"}},{"@type":"WebPage","@id":"https:\/\/agenciainfra.com\/blog\/ana-lanca-manual-de-governanca-de-entidades-reguladoras-do-saneamento\/","url":"https:\/\/agenciainfra.com\/blog\/ana-lanca-manual-de-governanca-de-entidades-reguladoras-do-saneamento\/","name":"ANA lan\u00e7a manual de governan\u00e7a de entidades reguladoras do saneamento - Ag\u00eancia iNFRA","isPartOf":{"@id":"https:\/\/agenciainfra.com\/blog\/#website"},"primaryImageOfPage":{"@id":"https:\/\/agenciainfra.com\/blog\/ana-lanca-manual-de-governanca-de-entidades-reguladoras-do-saneamento\/#primaryimage"},"image":{"@id":"https:\/\/agenciainfra.com\/blog\/ana-lanca-manual-de-governanca-de-entidades-reguladoras-do-saneamento\/#primaryimage"},"thumbnailUrl":"https:\/\/agenciainfra.com\/blog\/wp-content\/uploads\/2024\/07\/saneamento-foto-instituto-trata-brasil-ascom.jpg","datePublished":"2025-12-01T21:23:30+00:00","dateModified":"2025-12-01T21:23:32+00:00","breadcrumb":{"@id":"https:\/\/agenciainfra.com\/blog\/ana-lanca-manual-de-governanca-de-entidades-reguladoras-do-saneamento\/#breadcrumb"},"inLanguage":"pt-BR","potentialAction":[{"@type":"ReadAction","target":["https:\/\/agenciainfra.com\/blog\/ana-lanca-manual-de-governanca-de-entidades-reguladoras-do-saneamento\/"]}]},{"@type":"ImageObject","inLanguage":"pt-BR","@id":"https:\/\/agenciainfra.com\/blog\/ana-lanca-manual-de-governanca-de-entidades-reguladoras-do-saneamento\/#primaryimage","url":"https:\/\/agenciainfra.com\/blog\/wp-content\/uploads\/2024\/07\/saneamento-foto-instituto-trata-brasil-ascom.jpg","contentUrl":"https:\/\/agenciainfra.com\/blog\/wp-content\/uploads\/2024\/07\/saneamento-foto-instituto-trata-brasil-ascom.jpg","width":1202,"height":779},{"@type":"BreadcrumbList","@id":"https:\/\/agenciainfra.com\/blog\/ana-lanca-manual-de-governanca-de-entidades-reguladoras-do-saneamento\/#breadcrumb","itemListElement":[{"@type":"ListItem","position":1,"name":"In\u00edcio","item":"https:\/\/agenciainfra.com\/blog\/"},{"@type":"ListItem","position":2,"name":"ANA lan\u00e7a manual de governan\u00e7a de entidades reguladoras do saneamento"}]},{"@type":"WebSite","@id":"https:\/\/agenciainfra.com\/blog\/#website","url":"https:\/\/agenciainfra.com\/blog\/","name":"Ag\u00eancia iNFRA","description":"Multiplataforma de informa\u00e7\u00e3o jornal\u00edstica refer\u00eancia na \u00e1rea de infraestrutura no Brasil!","publisher":{"@id":"https:\/\/agenciainfra.com\/blog\/#organization"},"potentialAction":[{"@type":"SearchAction","target":{"@type":"EntryPoint","urlTemplate":"https:\/\/agenciainfra.com\/blog\/?s={search_term_string}"},"query-input":{"@type":"PropertyValueSpecification","valueRequired":true,"valueName":"search_term_string"}}],"inLanguage":"pt-BR"},{"@type":"Organization","@id":"https:\/\/agenciainfra.com\/blog\/#organization","name":"Ag\u00eancia iNFRA","url":"https:\/\/agenciainfra.com\/blog\/","logo":{"@type":"ImageObject","inLanguage":"pt-BR","@id":"https:\/\/agenciainfra.com\/blog\/#\/schema\/logo\/image\/","url":"https:\/\/agenciainfra.com\/blog\/wp-content\/uploads\/2023\/09\/iNFRA_5-e1761735885940.png","contentUrl":"https:\/\/agenciainfra.com\/blog\/wp-content\/uploads\/2023\/09\/iNFRA_5-e1761735885940.png","width":1672,"height":454,"caption":"Ag\u00eancia iNFRA"},"image":{"@id":"https:\/\/agenciainfra.com\/blog\/#\/schema\/logo\/image\/"},"sameAs":["https:\/\/www.facebook.com\/ageninfra","https:\/\/x.com\/agencia_infra","https:\/\/www.linkedin.com\/company\/ag\u00eanciainfra\/","https:\/\/www.instagram.com\/agenciainfra\/"]},{"@type":"Person","@id":"https:\/\/agenciainfra.com\/blog\/#\/schema\/person\/34af08dff6adea4cb22b06612ba7acfa","name":"Ag\u00eancia iNFRA","image":{"@type":"ImageObject","inLanguage":"pt-BR","@id":"https:\/\/agenciainfra.com\/blog\/#\/schema\/person\/image\/","url":"https:\/\/secure.gravatar.com\/avatar\/d189e01678f06d8eb84d4e01f08eb848b3fffe3f8443818d3c356c66892f5be8?s=96&d=mm&r=g","contentUrl":"https:\/\/secure.gravatar.com\/avatar\/d189e01678f06d8eb84d4e01f08eb848b3fffe3f8443818d3c356c66892f5be8?s=96&d=mm&r=g","caption":"Ag\u00eancia iNFRA"},"url":"https:\/\/agenciainfra.com\/blog\/author\/admin\/"}]}},"_links":{"self":[{"href":"https:\/\/agenciainfra.com\/blog\/wp-json\/wp\/v2\/posts\/33109","targetHints":{"allow":["GET"]}}],"collection":[{"href":"https:\/\/agenciainfra.com\/blog\/wp-json\/wp\/v2\/posts"}],"about":[{"href":"https:\/\/agenciainfra.com\/blog\/wp-json\/wp\/v2\/types\/post"}],"author":[{"embeddable":true,"href":"https:\/\/agenciainfra.com\/blog\/wp-json\/wp\/v2\/users\/1"}],"replies":[{"embeddable":true,"href":"https:\/\/agenciainfra.com\/blog\/wp-json\/wp\/v2\/comments?post=33109"}],"version-history":[{"count":1,"href":"https:\/\/agenciainfra.com\/blog\/wp-json\/wp\/v2\/posts\/33109\/revisions"}],"predecessor-version":[{"id":33110,"href":"https:\/\/agenciainfra.com\/blog\/wp-json\/wp\/v2\/posts\/33109\/revisions\/33110"}],"wp:featuredmedia":[{"embeddable":true,"href":"https:\/\/agenciainfra.com\/blog\/wp-json\/wp\/v2\/media\/17716"}],"wp:attachment":[{"href":"https:\/\/agenciainfra.com\/blog\/wp-json\/wp\/v2\/media?parent=33109"}],"wp:term":[{"taxonomy":"category","embeddable":true,"href":"https:\/\/agenciainfra.com\/blog\/wp-json\/wp\/v2\/categories?post=33109"},{"taxonomy":"post_tag","embeddable":true,"href":"https:\/\/agenciainfra.com\/blog\/wp-json\/wp\/v2\/tags?post=33109"}],"curies":[{"name":"wp","href":"https:\/\/api.w.org\/{rel}","templated":true}]}}