{"id":33116,"date":"2025-12-01T20:03:09","date_gmt":"2025-12-01T23:03:09","guid":{"rendered":"https:\/\/agenciainfra.com\/blog\/?p=33116"},"modified":"2025-12-02T16:44:26","modified_gmt":"2025-12-02T19:44:26","slug":"area-tecnica-do-tcu-recomenda-intervencao-na-enel-sp","status":"publish","type":"post","link":"https:\/\/agenciainfra.com\/blog\/area-tecnica-do-tcu-recomenda-intervencao-na-enel-sp\/","title":{"rendered":"\u00c1rea t\u00e9cnica do TCU recomenda interven\u00e7\u00e3o na Enel SP"},"content":{"rendered":"\n<p class=\"has-text-align-right\"><strong>Geraldo Campos Jr. e Marisa Wanzeller, da Ag\u00eancia iNFRA<\/strong><\/p>\n\n\n\n<p>A \u00e1rea t\u00e9cnica do TCU (Tribunal de Contas da Uni\u00e3o) emitiu <a href=\"https:\/\/agenciainfra.com\/blog\/wp-content\/uploads\/2025\/12\/instrucao-tcu-enel-sp-aneel.pdf\">instru\u00e7\u00e3o<\/a> nesta segunda-feira (1\u00ba) propondo \u00e0 corte de contas que recomende \u00e0 ANEEL (Ag\u00eancia Nacional de Energia El\u00e9trica) a possibilidade de decretar interven\u00e7\u00e3o na concess\u00e3o da Enel S\u00e3o Paulo. A proposta foi encaminhada pela AudEl\u00e9trica (Unidade de Auditoria Especializada em Energia El\u00e9trica e Nuclear) ao ministro Augusto Nardes, relator de representa\u00e7\u00e3o sobre o tema no tribunal.<\/p>\n\n\n\n<p>Os t\u00e9cnicos justificam a recomenda\u00e7\u00e3o pela \u201crecorr\u00eancia de eventos, a degrada\u00e7\u00e3o sist\u00eamica na qualidade, e a aus\u00eancia de um ateste de regulariza\u00e7\u00e3o definitiva por parte da SFT\/ANEEL [Superintend\u00eancia de Fiscaliza\u00e7\u00e3o T\u00e9cnica] quanto \u00e0 corre\u00e7\u00e3o das falhas e transgress\u00f5es da Enel-SP\u201d. Ainda destacam que as medidas punitivas e corretivas j\u00e1 aplicadas falharam em garantir o servi\u00e7o adequado, \u201ctornando necess\u00e1ria a an\u00e1lise da medida mais extrema\u201d.&nbsp;<\/p>\n\n\n\n<p>\u201cAnte o exposto, prop\u00f5e-se reiterar a recomenda\u00e7\u00e3o para que a ANEEL avalie a possibilidade de aplica\u00e7\u00e3o da decreta\u00e7\u00e3o de interven\u00e7\u00e3o na concess\u00e3o da Enel-SP, com estudos, documentos e fundamenta\u00e7\u00e3o t\u00e9cnica, apontando poss\u00edveis riscos, impactos e consequ\u00eancias pr\u00e1ticas dessa medida&#8221;, destaca o documento.<\/p>\n\n\n\n<p><strong>Posicionamento da Enel SP<\/strong><br>Em nota, a Enel SP afirma que cumpre com todas as obriga\u00e7\u00f5es contratuais e regulat\u00f3rias conforme o Plano de Recupera\u00e7\u00e3o apresentado em 2024 \u00e0 ANEEL.<\/p>\n\n\n\n<p>&#8220;Ao longo do ano, a Enel SP manteve uma trajet\u00f3ria cont\u00ednua de melhoria, numa demonstra\u00e7\u00e3o de que todas as a\u00e7\u00f5es implementadas, acompanhadas em fiscaliza\u00e7\u00f5es mensais pelo regulador, s\u00e3o estruturais e permanentes. O Plano estabeleceu iniciativas concretas e mensur\u00e1veis, que foram integralmente atendidas, com objetivo de buscar melhorias em tr\u00eas frentes: redu\u00e7\u00e3o do tempo de atendimento a ocorr\u00eancias emergenciais; redu\u00e7\u00e3o de interrup\u00e7\u00f5es de longa dura\u00e7\u00e3o (>24h) e mobiliza\u00e7\u00e3o r\u00e1pida de equipes em conting\u00eancias de n\u00edvel extremo. Em rela\u00e7\u00e3o ao tempo m\u00e9dio de atendimento emergencial, desde novembro de 2023 at\u00e9 outubro de 2025, a companhia registrou uma melhora de 50%. J\u00e1 as interrup\u00e7\u00f5es com mais de 24 horas de dura\u00e7\u00e3o reduziram em 90% no mesmo per\u00edodo. As melhorias foram comprovadas pelos relat\u00f3rios de fiscaliza\u00e7\u00e3o da Aneel e consideradas satisfat\u00f3rias pelo regulador&#8221;, afirma.<\/p>\n\n\n\n<p>A distribuidora ressalta ainda que &#8220;tem investido um volume recorde de recursos para expandir e modernizar a rede el\u00e9trica e refor\u00e7ou de forma estrutural seu plano operacional para reduzir o impacto aos clientes diante do avan\u00e7o dos eventos clim\u00e1ticos na \u00e1rea de concess\u00e3o&#8221;, e reitera que &#8220;tem forte compromisso com os seus clientes e seguir\u00e1 trabalhando para seguir aprimorando o servi\u00e7o prestado&#8221;.<\/p>\n\n\n\n<p><em>*Este texto foi atualizado \u00e0s 21h de segunda-feira (1\u00ba) com o posicionamento da Enel SP.<\/em><\/p>\n\n\n\n<p><\/p>\n","protected":false},"excerpt":{"rendered":"<p>Geraldo Campos Jr. e Marisa Wanzeller, da Ag\u00eancia iNFRA A \u00e1rea t\u00e9cnica do TCU (Tribunal de Contas da Uni\u00e3o) emitiu instru\u00e7\u00e3o nesta segunda-feira (1\u00ba) propondo \u00e0 corte de contas que recomende \u00e0 ANEEL (Ag\u00eancia Nacional de Energia El\u00e9trica) a possibilidade de decretar interven\u00e7\u00e3o na concess\u00e3o da Enel S\u00e3o Paulo. A proposta foi encaminhada pela AudEl\u00e9trica [&hellip;]<\/p>\n","protected":false},"author":1,"featured_media":23861,"comment_status":"closed","ping_status":"closed","sticky":false,"template":"","format":"standard","meta":{"_monsterinsights_skip_tracking":false,"_monsterinsights_sitenote_active":false,"_monsterinsights_sitenote_note":"","_monsterinsights_sitenote_category":0,"footnotes":""},"categories":[7250,10],"tags":[53,7705,822,14498,7829,11594,7366,927],"class_list":["post-33116","post","type-post","status-publish","format-standard","has-post-thumbnail","hentry","category-destaque-lista","category-infraenergia","tag-aneel","tag-audeletrica","tag-augusto-nardes","tag-concessao-da-enel-sp","tag-enel-sp","tag-geraldo-campos-jr","tag-marisa-wanzeller","tag-tribunal-de-contas-da-uniao"],"yoast_head":"<!-- This site is optimized with the Yoast SEO Premium plugin v25.4 (Yoast SEO v26.0) - https:\/\/yoast.com\/wordpress\/plugins\/seo\/ -->\n<title>\u00c1rea t\u00e9cnica do TCU recomenda interven\u00e7\u00e3o na Enel SP - Ag\u00eancia iNFRA<\/title>\n<meta name=\"robots\" content=\"index, follow, max-snippet:-1, max-image-preview:large, max-video-preview:-1\" \/>\n<link rel=\"canonical\" href=\"https:\/\/agenciainfra.com\/blog\/area-tecnica-do-tcu-recomenda-intervencao-na-enel-sp\/\" \/>\n<meta property=\"og:locale\" content=\"pt_BR\" \/>\n<meta property=\"og:type\" content=\"article\" \/>\n<meta property=\"og:title\" content=\"\u00c1rea t\u00e9cnica do TCU recomenda interven\u00e7\u00e3o na Enel SP\" \/>\n<meta property=\"og:description\" content=\"Geraldo Campos Jr. e Marisa Wanzeller, da Ag\u00eancia iNFRA A \u00e1rea t\u00e9cnica do TCU (Tribunal de Contas da Uni\u00e3o) emitiu instru\u00e7\u00e3o nesta segunda-feira (1\u00ba) propondo \u00e0 corte de contas que recomende \u00e0 ANEEL (Ag\u00eancia Nacional de Energia El\u00e9trica) a possibilidade de decretar interven\u00e7\u00e3o na concess\u00e3o da Enel S\u00e3o Paulo. A proposta foi encaminhada pela AudEl\u00e9trica [&hellip;]\" \/>\n<meta property=\"og:url\" content=\"https:\/\/agenciainfra.com\/blog\/area-tecnica-do-tcu-recomenda-intervencao-na-enel-sp\/\" \/>\n<meta property=\"og:site_name\" content=\"Ag\u00eancia iNFRA\" \/>\n<meta property=\"article:publisher\" content=\"https:\/\/www.facebook.com\/ageninfra\" \/>\n<meta property=\"article:published_time\" content=\"2025-12-01T23:03:09+00:00\" \/>\n<meta property=\"article:modified_time\" content=\"2025-12-02T19:44:26+00:00\" \/>\n<meta property=\"og:image\" content=\"https:\/\/agenciainfra.com\/blog\/wp-content\/uploads\/2025\/07\/enelsp-foto-divulgacao-enel-e1751375313121.png\" \/>\n\t<meta property=\"og:image:width\" content=\"1280\" \/>\n\t<meta property=\"og:image:height\" content=\"774\" \/>\n\t<meta property=\"og:image:type\" content=\"image\/png\" \/>\n<meta name=\"author\" content=\"Ag\u00eancia iNFRA\" \/>\n<meta name=\"twitter:card\" content=\"summary_large_image\" \/>\n<meta name=\"twitter:creator\" content=\"@agencia_infra\" \/>\n<meta name=\"twitter:site\" content=\"@agencia_infra\" \/>\n<meta name=\"twitter:label1\" content=\"Escrito por\" \/>\n\t<meta name=\"twitter:data1\" content=\"Ag\u00eancia iNFRA\" \/>\n\t<meta name=\"twitter:label2\" content=\"Est. tempo de leitura\" \/>\n\t<meta name=\"twitter:data2\" content=\"2 minutos\" \/>\n<script type=\"application\/ld+json\" class=\"yoast-schema-graph\">{\"@context\":\"https:\/\/schema.org\",\"@graph\":[{\"@type\":\"Article\",\"@id\":\"https:\/\/agenciainfra.com\/blog\/area-tecnica-do-tcu-recomenda-intervencao-na-enel-sp\/#article\",\"isPartOf\":{\"@id\":\"https:\/\/agenciainfra.com\/blog\/area-tecnica-do-tcu-recomenda-intervencao-na-enel-sp\/\"},\"author\":{\"name\":\"Ag\u00eancia iNFRA\",\"@id\":\"https:\/\/agenciainfra.com\/blog\/#\/schema\/person\/34af08dff6adea4cb22b06612ba7acfa\"},\"headline\":\"\u00c1rea t\u00e9cnica do TCU recomenda interven\u00e7\u00e3o na Enel SP\",\"datePublished\":\"2025-12-01T23:03:09+00:00\",\"dateModified\":\"2025-12-02T19:44:26+00:00\",\"mainEntityOfPage\":{\"@id\":\"https:\/\/agenciainfra.com\/blog\/area-tecnica-do-tcu-recomenda-intervencao-na-enel-sp\/\"},\"wordCount\":491,\"publisher\":{\"@id\":\"https:\/\/agenciainfra.com\/blog\/#organization\"},\"image\":{\"@id\":\"https:\/\/agenciainfra.com\/blog\/area-tecnica-do-tcu-recomenda-intervencao-na-enel-sp\/#primaryimage\"},\"thumbnailUrl\":\"https:\/\/agenciainfra.com\/blog\/wp-content\/uploads\/2025\/07\/enelsp-foto-divulgacao-enel-e1751375313121.png\",\"keywords\":[\"ANEEL\",\"AudEl\u00e9trica\",\"Augusto Nardes\",\"concess\u00e3o da Enel SP\",\"ENEL SP\",\"Geraldo Campos Jr.\",\"Marisa Wanzeller\",\"Tribunal de Contas da Uni\u00e3o\"],\"articleSection\":[\"Destaque lista\",\"iNFRAEnergia\"],\"inLanguage\":\"pt-BR\",\"copyrightYear\":\"2025\",\"copyrightHolder\":{\"@id\":\"https:\/\/agenciainfra.com\/blog\/#organization\"}},{\"@type\":\"WebPage\",\"@id\":\"https:\/\/agenciainfra.com\/blog\/area-tecnica-do-tcu-recomenda-intervencao-na-enel-sp\/\",\"url\":\"https:\/\/agenciainfra.com\/blog\/area-tecnica-do-tcu-recomenda-intervencao-na-enel-sp\/\",\"name\":\"\u00c1rea t\u00e9cnica do TCU recomenda interven\u00e7\u00e3o na Enel SP - Ag\u00eancia iNFRA\",\"isPartOf\":{\"@id\":\"https:\/\/agenciainfra.com\/blog\/#website\"},\"primaryImageOfPage\":{\"@id\":\"https:\/\/agenciainfra.com\/blog\/area-tecnica-do-tcu-recomenda-intervencao-na-enel-sp\/#primaryimage\"},\"image\":{\"@id\":\"https:\/\/agenciainfra.com\/blog\/area-tecnica-do-tcu-recomenda-intervencao-na-enel-sp\/#primaryimage\"},\"thumbnailUrl\":\"https:\/\/agenciainfra.com\/blog\/wp-content\/uploads\/2025\/07\/enelsp-foto-divulgacao-enel-e1751375313121.png\",\"datePublished\":\"2025-12-01T23:03:09+00:00\",\"dateModified\":\"2025-12-02T19:44:26+00:00\",\"breadcrumb\":{\"@id\":\"https:\/\/agenciainfra.com\/blog\/area-tecnica-do-tcu-recomenda-intervencao-na-enel-sp\/#breadcrumb\"},\"inLanguage\":\"pt-BR\",\"potentialAction\":[{\"@type\":\"ReadAction\",\"target\":[\"https:\/\/agenciainfra.com\/blog\/area-tecnica-do-tcu-recomenda-intervencao-na-enel-sp\/\"]}]},{\"@type\":\"ImageObject\",\"inLanguage\":\"pt-BR\",\"@id\":\"https:\/\/agenciainfra.com\/blog\/area-tecnica-do-tcu-recomenda-intervencao-na-enel-sp\/#primaryimage\",\"url\":\"https:\/\/agenciainfra.com\/blog\/wp-content\/uploads\/2025\/07\/enelsp-foto-divulgacao-enel-e1751375313121.png\",\"contentUrl\":\"https:\/\/agenciainfra.com\/blog\/wp-content\/uploads\/2025\/07\/enelsp-foto-divulgacao-enel-e1751375313121.png\",\"width\":1280,\"height\":774,\"caption\":\"Foto: Enel\"},{\"@type\":\"BreadcrumbList\",\"@id\":\"https:\/\/agenciainfra.com\/blog\/area-tecnica-do-tcu-recomenda-intervencao-na-enel-sp\/#breadcrumb\",\"itemListElement\":[{\"@type\":\"ListItem\",\"position\":1,\"name\":\"In\u00edcio\",\"item\":\"https:\/\/agenciainfra.com\/blog\/\"},{\"@type\":\"ListItem\",\"position\":2,\"name\":\"\u00c1rea t\u00e9cnica do TCU recomenda interven\u00e7\u00e3o na Enel SP\"}]},{\"@type\":\"WebSite\",\"@id\":\"https:\/\/agenciainfra.com\/blog\/#website\",\"url\":\"https:\/\/agenciainfra.com\/blog\/\",\"name\":\"Ag\u00eancia iNFRA\",\"description\":\"Multiplataforma de informa\u00e7\u00e3o jornal\u00edstica refer\u00eancia na \u00e1rea de infraestrutura no Brasil!\",\"publisher\":{\"@id\":\"https:\/\/agenciainfra.com\/blog\/#organization\"},\"potentialAction\":[{\"@type\":\"SearchAction\",\"target\":{\"@type\":\"EntryPoint\",\"urlTemplate\":\"https:\/\/agenciainfra.com\/blog\/?s={search_term_string}\"},\"query-input\":{\"@type\":\"PropertyValueSpecification\",\"valueRequired\":true,\"valueName\":\"search_term_string\"}}],\"inLanguage\":\"pt-BR\"},{\"@type\":\"Organization\",\"@id\":\"https:\/\/agenciainfra.com\/blog\/#organization\",\"name\":\"Ag\u00eancia iNFRA\",\"url\":\"https:\/\/agenciainfra.com\/blog\/\",\"logo\":{\"@type\":\"ImageObject\",\"inLanguage\":\"pt-BR\",\"@id\":\"https:\/\/agenciainfra.com\/blog\/#\/schema\/logo\/image\/\",\"url\":\"https:\/\/agenciainfra.com\/blog\/wp-content\/uploads\/2023\/09\/iNFRA_5-e1761735885940.png\",\"contentUrl\":\"https:\/\/agenciainfra.com\/blog\/wp-content\/uploads\/2023\/09\/iNFRA_5-e1761735885940.png\",\"width\":1672,\"height\":454,\"caption\":\"Ag\u00eancia iNFRA\"},\"image\":{\"@id\":\"https:\/\/agenciainfra.com\/blog\/#\/schema\/logo\/image\/\"},\"sameAs\":[\"https:\/\/www.facebook.com\/ageninfra\",\"https:\/\/x.com\/agencia_infra\",\"https:\/\/www.linkedin.com\/company\/ag\u00eanciainfra\/\",\"https:\/\/www.instagram.com\/agenciainfra\/\"]},{\"@type\":\"Person\",\"@id\":\"https:\/\/agenciainfra.com\/blog\/#\/schema\/person\/34af08dff6adea4cb22b06612ba7acfa\",\"name\":\"Ag\u00eancia iNFRA\",\"image\":{\"@type\":\"ImageObject\",\"inLanguage\":\"pt-BR\",\"@id\":\"https:\/\/agenciainfra.com\/blog\/#\/schema\/person\/image\/\",\"url\":\"https:\/\/secure.gravatar.com\/avatar\/d189e01678f06d8eb84d4e01f08eb848b3fffe3f8443818d3c356c66892f5be8?s=96&d=mm&r=g\",\"contentUrl\":\"https:\/\/secure.gravatar.com\/avatar\/d189e01678f06d8eb84d4e01f08eb848b3fffe3f8443818d3c356c66892f5be8?s=96&d=mm&r=g\",\"caption\":\"Ag\u00eancia iNFRA\"},\"url\":\"https:\/\/agenciainfra.com\/blog\/author\/admin\/\"}]}<\/script>\n<!-- \/ Yoast SEO Premium plugin. -->","yoast_head_json":{"title":"\u00c1rea t\u00e9cnica do TCU recomenda interven\u00e7\u00e3o na Enel SP - Ag\u00eancia iNFRA","robots":{"index":"index","follow":"follow","max-snippet":"max-snippet:-1","max-image-preview":"max-image-preview:large","max-video-preview":"max-video-preview:-1"},"canonical":"https:\/\/agenciainfra.com\/blog\/area-tecnica-do-tcu-recomenda-intervencao-na-enel-sp\/","og_locale":"pt_BR","og_type":"article","og_title":"\u00c1rea t\u00e9cnica do TCU recomenda interven\u00e7\u00e3o na Enel SP","og_description":"Geraldo Campos Jr. e Marisa Wanzeller, da Ag\u00eancia iNFRA A \u00e1rea t\u00e9cnica do TCU (Tribunal de Contas da Uni\u00e3o) emitiu instru\u00e7\u00e3o nesta segunda-feira (1\u00ba) propondo \u00e0 corte de contas que recomende \u00e0 ANEEL (Ag\u00eancia Nacional de Energia El\u00e9trica) a possibilidade de decretar interven\u00e7\u00e3o na concess\u00e3o da Enel S\u00e3o Paulo. A proposta foi encaminhada pela AudEl\u00e9trica [&hellip;]","og_url":"https:\/\/agenciainfra.com\/blog\/area-tecnica-do-tcu-recomenda-intervencao-na-enel-sp\/","og_site_name":"Ag\u00eancia iNFRA","article_publisher":"https:\/\/www.facebook.com\/ageninfra","article_published_time":"2025-12-01T23:03:09+00:00","article_modified_time":"2025-12-02T19:44:26+00:00","og_image":[{"width":1280,"height":774,"url":"https:\/\/agenciainfra.com\/blog\/wp-content\/uploads\/2025\/07\/enelsp-foto-divulgacao-enel-e1751375313121.png","type":"image\/png"}],"author":"Ag\u00eancia iNFRA","twitter_card":"summary_large_image","twitter_creator":"@agencia_infra","twitter_site":"@agencia_infra","twitter_misc":{"Escrito por":"Ag\u00eancia iNFRA","Est. tempo de leitura":"2 minutos"},"schema":{"@context":"https:\/\/schema.org","@graph":[{"@type":"Article","@id":"https:\/\/agenciainfra.com\/blog\/area-tecnica-do-tcu-recomenda-intervencao-na-enel-sp\/#article","isPartOf":{"@id":"https:\/\/agenciainfra.com\/blog\/area-tecnica-do-tcu-recomenda-intervencao-na-enel-sp\/"},"author":{"name":"Ag\u00eancia iNFRA","@id":"https:\/\/agenciainfra.com\/blog\/#\/schema\/person\/34af08dff6adea4cb22b06612ba7acfa"},"headline":"\u00c1rea t\u00e9cnica do TCU recomenda interven\u00e7\u00e3o na Enel SP","datePublished":"2025-12-01T23:03:09+00:00","dateModified":"2025-12-02T19:44:26+00:00","mainEntityOfPage":{"@id":"https:\/\/agenciainfra.com\/blog\/area-tecnica-do-tcu-recomenda-intervencao-na-enel-sp\/"},"wordCount":491,"publisher":{"@id":"https:\/\/agenciainfra.com\/blog\/#organization"},"image":{"@id":"https:\/\/agenciainfra.com\/blog\/area-tecnica-do-tcu-recomenda-intervencao-na-enel-sp\/#primaryimage"},"thumbnailUrl":"https:\/\/agenciainfra.com\/blog\/wp-content\/uploads\/2025\/07\/enelsp-foto-divulgacao-enel-e1751375313121.png","keywords":["ANEEL","AudEl\u00e9trica","Augusto Nardes","concess\u00e3o da Enel SP","ENEL SP","Geraldo Campos Jr.","Marisa Wanzeller","Tribunal de Contas da Uni\u00e3o"],"articleSection":["Destaque lista","iNFRAEnergia"],"inLanguage":"pt-BR","copyrightYear":"2025","copyrightHolder":{"@id":"https:\/\/agenciainfra.com\/blog\/#organization"}},{"@type":"WebPage","@id":"https:\/\/agenciainfra.com\/blog\/area-tecnica-do-tcu-recomenda-intervencao-na-enel-sp\/","url":"https:\/\/agenciainfra.com\/blog\/area-tecnica-do-tcu-recomenda-intervencao-na-enel-sp\/","name":"\u00c1rea t\u00e9cnica do TCU recomenda interven\u00e7\u00e3o na Enel SP - Ag\u00eancia iNFRA","isPartOf":{"@id":"https:\/\/agenciainfra.com\/blog\/#website"},"primaryImageOfPage":{"@id":"https:\/\/agenciainfra.com\/blog\/area-tecnica-do-tcu-recomenda-intervencao-na-enel-sp\/#primaryimage"},"image":{"@id":"https:\/\/agenciainfra.com\/blog\/area-tecnica-do-tcu-recomenda-intervencao-na-enel-sp\/#primaryimage"},"thumbnailUrl":"https:\/\/agenciainfra.com\/blog\/wp-content\/uploads\/2025\/07\/enelsp-foto-divulgacao-enel-e1751375313121.png","datePublished":"2025-12-01T23:03:09+00:00","dateModified":"2025-12-02T19:44:26+00:00","breadcrumb":{"@id":"https:\/\/agenciainfra.com\/blog\/area-tecnica-do-tcu-recomenda-intervencao-na-enel-sp\/#breadcrumb"},"inLanguage":"pt-BR","potentialAction":[{"@type":"ReadAction","target":["https:\/\/agenciainfra.com\/blog\/area-tecnica-do-tcu-recomenda-intervencao-na-enel-sp\/"]}]},{"@type":"ImageObject","inLanguage":"pt-BR","@id":"https:\/\/agenciainfra.com\/blog\/area-tecnica-do-tcu-recomenda-intervencao-na-enel-sp\/#primaryimage","url":"https:\/\/agenciainfra.com\/blog\/wp-content\/uploads\/2025\/07\/enelsp-foto-divulgacao-enel-e1751375313121.png","contentUrl":"https:\/\/agenciainfra.com\/blog\/wp-content\/uploads\/2025\/07\/enelsp-foto-divulgacao-enel-e1751375313121.png","width":1280,"height":774,"caption":"Foto: Enel"},{"@type":"BreadcrumbList","@id":"https:\/\/agenciainfra.com\/blog\/area-tecnica-do-tcu-recomenda-intervencao-na-enel-sp\/#breadcrumb","itemListElement":[{"@type":"ListItem","position":1,"name":"In\u00edcio","item":"https:\/\/agenciainfra.com\/blog\/"},{"@type":"ListItem","position":2,"name":"\u00c1rea t\u00e9cnica do TCU recomenda interven\u00e7\u00e3o na Enel SP"}]},{"@type":"WebSite","@id":"https:\/\/agenciainfra.com\/blog\/#website","url":"https:\/\/agenciainfra.com\/blog\/","name":"Ag\u00eancia iNFRA","description":"Multiplataforma de informa\u00e7\u00e3o jornal\u00edstica refer\u00eancia na \u00e1rea de infraestrutura no Brasil!","publisher":{"@id":"https:\/\/agenciainfra.com\/blog\/#organization"},"potentialAction":[{"@type":"SearchAction","target":{"@type":"EntryPoint","urlTemplate":"https:\/\/agenciainfra.com\/blog\/?s={search_term_string}"},"query-input":{"@type":"PropertyValueSpecification","valueRequired":true,"valueName":"search_term_string"}}],"inLanguage":"pt-BR"},{"@type":"Organization","@id":"https:\/\/agenciainfra.com\/blog\/#organization","name":"Ag\u00eancia iNFRA","url":"https:\/\/agenciainfra.com\/blog\/","logo":{"@type":"ImageObject","inLanguage":"pt-BR","@id":"https:\/\/agenciainfra.com\/blog\/#\/schema\/logo\/image\/","url":"https:\/\/agenciainfra.com\/blog\/wp-content\/uploads\/2023\/09\/iNFRA_5-e1761735885940.png","contentUrl":"https:\/\/agenciainfra.com\/blog\/wp-content\/uploads\/2023\/09\/iNFRA_5-e1761735885940.png","width":1672,"height":454,"caption":"Ag\u00eancia iNFRA"},"image":{"@id":"https:\/\/agenciainfra.com\/blog\/#\/schema\/logo\/image\/"},"sameAs":["https:\/\/www.facebook.com\/ageninfra","https:\/\/x.com\/agencia_infra","https:\/\/www.linkedin.com\/company\/ag\u00eanciainfra\/","https:\/\/www.instagram.com\/agenciainfra\/"]},{"@type":"Person","@id":"https:\/\/agenciainfra.com\/blog\/#\/schema\/person\/34af08dff6adea4cb22b06612ba7acfa","name":"Ag\u00eancia iNFRA","image":{"@type":"ImageObject","inLanguage":"pt-BR","@id":"https:\/\/agenciainfra.com\/blog\/#\/schema\/person\/image\/","url":"https:\/\/secure.gravatar.com\/avatar\/d189e01678f06d8eb84d4e01f08eb848b3fffe3f8443818d3c356c66892f5be8?s=96&d=mm&r=g","contentUrl":"https:\/\/secure.gravatar.com\/avatar\/d189e01678f06d8eb84d4e01f08eb848b3fffe3f8443818d3c356c66892f5be8?s=96&d=mm&r=g","caption":"Ag\u00eancia iNFRA"},"url":"https:\/\/agenciainfra.com\/blog\/author\/admin\/"}]}},"_links":{"self":[{"href":"https:\/\/agenciainfra.com\/blog\/wp-json\/wp\/v2\/posts\/33116","targetHints":{"allow":["GET"]}}],"collection":[{"href":"https:\/\/agenciainfra.com\/blog\/wp-json\/wp\/v2\/posts"}],"about":[{"href":"https:\/\/agenciainfra.com\/blog\/wp-json\/wp\/v2\/types\/post"}],"author":[{"embeddable":true,"href":"https:\/\/agenciainfra.com\/blog\/wp-json\/wp\/v2\/users\/1"}],"replies":[{"embeddable":true,"href":"https:\/\/agenciainfra.com\/blog\/wp-json\/wp\/v2\/comments?post=33116"}],"version-history":[{"count":4,"href":"https:\/\/agenciainfra.com\/blog\/wp-json\/wp\/v2\/posts\/33116\/revisions"}],"predecessor-version":[{"id":33126,"href":"https:\/\/agenciainfra.com\/blog\/wp-json\/wp\/v2\/posts\/33116\/revisions\/33126"}],"wp:featuredmedia":[{"embeddable":true,"href":"https:\/\/agenciainfra.com\/blog\/wp-json\/wp\/v2\/media\/23861"}],"wp:attachment":[{"href":"https:\/\/agenciainfra.com\/blog\/wp-json\/wp\/v2\/media?parent=33116"}],"wp:term":[{"taxonomy":"category","embeddable":true,"href":"https:\/\/agenciainfra.com\/blog\/wp-json\/wp\/v2\/categories?post=33116"},{"taxonomy":"post_tag","embeddable":true,"href":"https:\/\/agenciainfra.com\/blog\/wp-json\/wp\/v2\/tags?post=33116"}],"curies":[{"name":"wp","href":"https:\/\/api.w.org\/{rel}","templated":true}]}}