{"id":3312,"date":"2019-06-18T08:00:26","date_gmt":"2019-06-18T11:00:26","guid":{"rendered":"http:\/\/www.agenciainfra.com\/blog\/?p=3312"},"modified":"2019-06-17T16:47:17","modified_gmt":"2019-06-17T19:47:17","slug":"plano-de-acao-do-novo-modelo-do-setor-eletrico-sera-apresentado-em-outubro-diz-presidente-da-epe","status":"publish","type":"post","link":"https:\/\/agenciainfra.com\/blog\/plano-de-acao-do-novo-modelo-do-setor-eletrico-sera-apresentado-em-outubro-diz-presidente-da-epe\/","title":{"rendered":"Plano de a\u00e7\u00e3o do novo modelo do setor el\u00e9trico ser\u00e1 apresentado em outubro, diz presidente da EPE"},"content":{"rendered":"<h5 style=\"text-align: right;\"><strong>Andr\u00e9a Shad, para a Ag\u00eancia iNFRA, Do Rio de Janeiro<\/strong><\/h5>\n<p>O presidente da EPE (Empresa de Pesquisa Energ\u00e9tica), Thiago Barral, disse que o plano de trabalho do novo modelo do setor el\u00e9trico dever\u00e1 se apresentado em outubro. Antes disso, no fim de julho, um diagn\u00f3stico geral da situa\u00e7\u00e3o deve ficar pronto.<\/p>\n<p>Em entrevista \u00e0\u00a0<strong>Ag\u00eancia iNFRA<\/strong>, Barral disse que a implementa\u00e7\u00e3o do pre\u00e7o hor\u00e1rio (mudan\u00e7a do valor a cada 60 minutos) \u00e9 uma tend\u00eancia, e que muda toda a l\u00f3gica do mercado. O papel da EPE, segundo o executivo, \u00e9 prover cen\u00e1rios integrados de oferta e demanda de energia, \u201cpara ter clareza das escolhas, com o impacto que vai ter daqui a 20, 40 anos\u201d. Leia a seguir os principais trechos da conversa:<\/p>\n<p><strong>O que a EPE defende para o novo modelo do setor el\u00e9trico, que est\u00e1 em elabora\u00e7\u00e3o no Minist\u00e9rio de Minas e Energia?<\/strong><br \/>\nA EPE participa do grupo de trabalho criado pelo MME (Minist\u00e9rio de Minas e Energia) e coordena algumas \u00e1reas. Estamos discutindo o aperfei\u00e7oamento dos crit\u00e9rios de suprimentos. Uma das mudan\u00e7as previstas \u00e9 o pre\u00e7o hor\u00e1rio da energia. Hoje, as negocia\u00e7\u00f5es s\u00e3o com pre\u00e7os semanais. Mas o pre\u00e7o hor\u00e1rio \u00e9 uma tend\u00eancia, que muda a l\u00f3gica do mercado.<\/p>\n<p>Outra quest\u00e3o \u00e9 o crescimento do mercado livre, que traz reflex\u00f5es sobre como alocar os custos com todos os agentes. Antes o mercado livre era uma parcela menor. Agora j\u00e1 representa 30% do mercado de energia. \u00c9 preciso ter uma sofistica\u00e7\u00e3o maior, com novas tecnologias, como digitaliza\u00e7\u00e3o, associadas a novos modelos de neg\u00f3cios. Em alguns casos h\u00e1 barreiras legais, regulat\u00f3rias.<\/p>\n<p><strong>Quando o novo modelo ser\u00e1 apresentado?<\/strong><br \/>\nO grupo de trabalho deve apresentar o plano de a\u00e7\u00e3o em outubro. Mas no intervalo h\u00e1 outros eventos, a partir de final de julho, quando ser\u00e1 feito o diagn\u00f3stico.<\/p>\n<p><strong>Existem projetos de lei que tratam do novo modelo j\u00e1 tramitando no Congresso (PLS 232 e PL 1.917). Uma parte do novo modelo ser\u00e1 por lei e a outra ser\u00e1 via infralegal?<\/strong><br \/>\nSim, alguns projetos de lei j\u00e1 estavam no Congresso at\u00e9 antes da cria\u00e7\u00e3o desse grupo de trabalho, mas nossa diretriz \u00e9 aprofundar alguns aspectos para contribuir com a a\u00e7\u00e3o no Congresso. Queremos tamb\u00e9m identificar o que pode ser aperfei\u00e7oado sem precisar de mudan\u00e7as legais e tamb\u00e9m identificar aspectos em que a EPE possa contribuir com o que j\u00e1 est\u00e1 no projeto de lei, comparando experi\u00eancias do mundo todo.<\/p>\n<p>Por exemplo, hoje o despacho (decis\u00e3o de acionar ou n\u00e3o uma usina) \u00e9 baseado em modelo do sistema. H\u00e1 o despacho por custos. Mas h\u00e1 a alternativa de despacho onde os agentes ofertam seus pre\u00e7os. \u00c9 preciso analisar os pr\u00f3s e contras dos dois modelos. Precisamos pensar na sustentabilidade do mecanismo de energia. Com uma vis\u00e3o de longo prazo, olhando a mudan\u00e7a da matriz.<\/p>\n<p><strong>Nos \u00faltimos anos houve mais leil\u00f5es de e\u00f3lica e solar e menos de t\u00e9rmica&#8230;<\/strong><br \/>\nNos \u00faltimos 10 anos, houve sim um crescimento maior das fontes e\u00f3lica e solar. Tem a ver tamb\u00e9m com o custo. Elas ocupam um espa\u00e7o que era das hidrel\u00e9tricas, que est\u00e3o reduzindo o protagonismo. Mas a termel\u00e9trica a g\u00e1s foi a segunda fonte mais contratada se olharmos nos \u00faltimos seis anos. A do Porto de Sergipe deve entrar em opera\u00e7\u00e3o em janeiro de 2020. No Porto do A\u00e7\u00fa, no RJ, s\u00e3o duas termel\u00e9tricas. Todas na ordem de 1.500 MW. E ainda Marlim Azul, no RJ, que vai usar o g\u00e1s do pr\u00e9-sal e n\u00e3o o g\u00e1s importado usado nas demais. Elas agregam um suprimento de pot\u00eancia que temos monitorado nos planos decenais.<\/p>\n<p><strong>H\u00e1 uma tend\u00eancia de contrata\u00e7\u00e3o de novas t\u00e9rmicas?<\/strong><br \/>\nExiste uma sinaliza\u00e7\u00e3o de expans\u00e3o de suprimento de energia, com as t\u00e9rmicas que t\u00eam custo mais baixo e gera\u00e7\u00e3o por mais tempo. Mas h\u00e1 tamb\u00e9m as de custo mais alto, que funcionam em horas de maior demanda ou em que as e\u00f3licas n\u00e3o funcionem. \u00c9 bom lembrar que o Brasil tem 65% de gera\u00e7\u00e3o hidrel\u00e9trica, com reservat\u00f3rios, que s\u00e3o importante fonte de flexibilidade do sistema. A diversifica\u00e7\u00e3o da matriz permite um portf\u00f3lio flex\u00edvel para o ONS (Operador Nacional do Sistema) garantir mais confiabilidade.<\/p>\n<p><strong>H\u00e1 quem defenda no setor um leil\u00e3o espec\u00edfico para t\u00e9rmicas porque s\u00e3o mais caras e n\u00e3o conseguem competir com e\u00f3licas em leil\u00f5es normais. O senhor concorda?<\/strong><br \/>\nN\u00e3o<strong>.\u00a0<\/strong>As e\u00f3licas nos leil\u00f5es n\u00e3o competem com as t\u00e9rmicas, nem com as fotovoltaicas. S\u00e3o situa\u00e7\u00f5es separadas. As estrat\u00e9gias s\u00e3o diferentes, cada uma com a sua especificidade. Cada uma est\u00e1 no seu espa\u00e7o. Al\u00e9m disso, \u00e9 preciso ter projeto, licenciamento e recurso.<\/p>\n<p><strong>O que mais tem sido feito para suprir a demanda de energia principalmente em picos de consumo, quando h\u00e1 eleva\u00e7\u00e3o das temperaturas, por exemplo?<\/strong><br \/>\nO consumo de energia el\u00e9trica por ar-condicionado mais que triplicou em 12 anos. A expectativa \u00e9 que essa demanda cres\u00e7a ainda mais nos pr\u00f3ximos anos. Uma gera\u00e7\u00e3o fotovoltaica, concentrada nas horas de manh\u00e3 e de tarde, quando o consumo \u00e9 maior, tamb\u00e9m contribui para suprir essa necessidade de aumento de energia. E a partir de janeiro de 2020, novos padr\u00f5es de efici\u00eancia para os aparelhos de ar-condicionado v\u00e3o ajudar a equilibrar oferta e demanda.<\/p>\n<p><strong>Qual a previs\u00e3o para os n\u00edveis dos reservat\u00f3rios das hidrel\u00e9tricas no per\u00edodo seco deste ano?\u00a0<\/strong><br \/>\nO acompanhamento \u00e9 feito pelo CMSE (Comit\u00ea de Monitoramento do Setor El\u00e9trico), e pelo que o ONS tem mostrado, as condi\u00e7\u00f5es neste ano est\u00e3o melhores que no ano passado, gra\u00e7as n\u00e3o s\u00f3 ao maior \u00edndice pluviom\u00e9trico como tamb\u00e9m \u00e0 melhor gest\u00e3o dos reservat\u00f3rios h\u00eddricos. A probabilidade de ter que despachar uma quantidade maior de t\u00e9rmicas fica reduzida. E a finaliza\u00e7\u00e3o das obras de Belo Monte tamb\u00e9m vai contribuir. A interliga\u00e7\u00e3o do sistema facilita em caso de ter chuva no norte do pa\u00eds e a energia ser direcionada para outra \u00e1rea, que est\u00e1 em seca.<\/p>\n<p><strong>Qual o papel da EPE para a transi\u00e7\u00e3o energ\u00e9tica do pa\u00eds?<\/strong><br \/>\nA matriz energ\u00e9tica do pa\u00eds j\u00e1 \u00e9 muito renov\u00e1vel e as emiss\u00f5es per capta s\u00e3o muito baixas em rela\u00e7\u00e3o aos pa\u00edses desenvolvidos. O Brasil tem uma posi\u00e7\u00e3o interessante por ser muito rico em recursos diversos. O importante n\u00e3o \u00e9 s\u00f3 descarbonizar, mas assumir um protagonismo maior, com as novas tecnologias, que v\u00e3o trazer mais efici\u00eancia e mudan\u00e7as tamb\u00e9m na estrutura da economia.<\/p>\n<p>Conciliar a bioenergia, com a eletrifica\u00e7\u00e3o por exemplo \u00e9 saud\u00e1vel. O novo mercado de g\u00e1s e el\u00e9trico s\u00e3o reformas fundamentais.\u00a0 Sem elas, o Brasil vai ser muito lento para novos modelos de neg\u00f3cios e novas inven\u00e7\u00f5es tecnol\u00f3gicas. O pa\u00eds tem caracter\u00edsticas pr\u00f3prias de desigualdade. Essa quest\u00e3o tem que estar alinhada \u00e0s outras prioridades. O papel da EPE \u00e9 prover cen\u00e1rios integrados para ter clareza das escolhas, com o impacto que vai ter daqui a 20, 40 anos.<\/p>\n","protected":false},"excerpt":{"rendered":"<p>Andr\u00e9a Shad, para a Ag\u00eancia iNFRA, Do Rio de Janeiro O presidente da EPE (Empresa de Pesquisa Energ\u00e9tica), Thiago Barral, disse que o plano de trabalho do novo modelo do setor el\u00e9trico dever\u00e1 se apresentado em outubro. Antes disso, no fim de julho, um diagn\u00f3stico geral da situa\u00e7\u00e3o deve ficar pronto. Em entrevista \u00e0\u00a0Ag\u00eancia iNFRA, [&hellip;]<\/p>\n","protected":false},"author":9,"featured_media":3313,"comment_status":"closed","ping_status":"closed","sticky":false,"template":"","format":"standard","meta":{"_monsterinsights_skip_tracking":false,"_monsterinsights_sitenote_active":false,"_monsterinsights_sitenote_note":"","_monsterinsights_sitenote_category":0,"footnotes":""},"categories":[10],"tags":[1067,1069,1036,1068],"class_list":["post-3312","post","type-post","status-publish","format-standard","has-post-thumbnail","hentry","category-infraenergia","tag-empresa-de-pesquisa-energetica","tag-novo-modelo-do-setor-eletrico","tag-preco-horario","tag-thiago-barral"],"yoast_head":"<!-- This site is optimized with the Yoast SEO Premium plugin v25.4 (Yoast SEO v26.0) - https:\/\/yoast.com\/wordpress\/plugins\/seo\/ -->\n<title>Plano de a\u00e7\u00e3o do novo modelo do setor el\u00e9trico ser\u00e1 apresentado em outubro, diz presidente da EPE - Ag\u00eancia iNFRA<\/title>\n<meta name=\"robots\" content=\"index, follow, max-snippet:-1, max-image-preview:large, max-video-preview:-1\" \/>\n<link rel=\"canonical\" href=\"https:\/\/agenciainfra.com\/blog\/plano-de-acao-do-novo-modelo-do-setor-eletrico-sera-apresentado-em-outubro-diz-presidente-da-epe\/\" \/>\n<meta property=\"og:locale\" content=\"pt_BR\" \/>\n<meta property=\"og:type\" content=\"article\" \/>\n<meta property=\"og:title\" content=\"Plano de a\u00e7\u00e3o do novo modelo do setor el\u00e9trico ser\u00e1 apresentado em outubro, diz presidente da EPE\" \/>\n<meta property=\"og:description\" content=\"Andr\u00e9a Shad, para a Ag\u00eancia iNFRA, Do Rio de Janeiro O presidente da EPE (Empresa de Pesquisa Energ\u00e9tica), Thiago Barral, disse que o plano de trabalho do novo modelo do setor el\u00e9trico dever\u00e1 se apresentado em outubro. Antes disso, no fim de julho, um diagn\u00f3stico geral da situa\u00e7\u00e3o deve ficar pronto. Em entrevista \u00e0\u00a0Ag\u00eancia iNFRA, [&hellip;]\" \/>\n<meta property=\"og:url\" content=\"https:\/\/agenciainfra.com\/blog\/plano-de-acao-do-novo-modelo-do-setor-eletrico-sera-apresentado-em-outubro-diz-presidente-da-epe\/\" \/>\n<meta property=\"og:site_name\" content=\"Ag\u00eancia iNFRA\" \/>\n<meta property=\"article:publisher\" content=\"https:\/\/www.facebook.com\/ageninfra\" \/>\n<meta property=\"article:published_time\" content=\"2019-06-18T11:00:26+00:00\" \/>\n<meta property=\"og:image\" content=\"https:\/\/agenciainfra.com\/blog\/wp-content\/uploads\/2019\/06\/foto-antonio-augusto-agencia-camara-noticias.jpg\" \/>\n\t<meta property=\"og:image:width\" content=\"2000\" \/>\n\t<meta property=\"og:image:height\" content=\"1312\" \/>\n\t<meta property=\"og:image:type\" content=\"image\/jpeg\" \/>\n<meta name=\"author\" content=\"Rodrigo Zuquim\" \/>\n<meta name=\"twitter:card\" content=\"summary_large_image\" \/>\n<meta name=\"twitter:creator\" content=\"@agencia_infra\" \/>\n<meta name=\"twitter:site\" content=\"@agencia_infra\" \/>\n<meta name=\"twitter:label1\" content=\"Escrito por\" \/>\n\t<meta name=\"twitter:data1\" content=\"Rodrigo Zuquim\" \/>\n\t<meta name=\"twitter:label2\" content=\"Est. tempo de leitura\" \/>\n\t<meta name=\"twitter:data2\" content=\"6 minutos\" \/>\n<script type=\"application\/ld+json\" class=\"yoast-schema-graph\">{\"@context\":\"https:\/\/schema.org\",\"@graph\":[{\"@type\":\"Article\",\"@id\":\"https:\/\/agenciainfra.com\/blog\/plano-de-acao-do-novo-modelo-do-setor-eletrico-sera-apresentado-em-outubro-diz-presidente-da-epe\/#article\",\"isPartOf\":{\"@id\":\"https:\/\/agenciainfra.com\/blog\/plano-de-acao-do-novo-modelo-do-setor-eletrico-sera-apresentado-em-outubro-diz-presidente-da-epe\/\"},\"author\":{\"name\":\"Rodrigo Zuquim\",\"@id\":\"https:\/\/agenciainfra.com\/blog\/#\/schema\/person\/04dbb79bd6d8951f063da71f3e4c1eb1\"},\"headline\":\"Plano de a\u00e7\u00e3o do novo modelo do setor el\u00e9trico ser\u00e1 apresentado em outubro, diz presidente da EPE\",\"datePublished\":\"2019-06-18T11:00:26+00:00\",\"mainEntityOfPage\":{\"@id\":\"https:\/\/agenciainfra.com\/blog\/plano-de-acao-do-novo-modelo-do-setor-eletrico-sera-apresentado-em-outubro-diz-presidente-da-epe\/\"},\"wordCount\":1251,\"publisher\":{\"@id\":\"https:\/\/agenciainfra.com\/blog\/#organization\"},\"image\":{\"@id\":\"https:\/\/agenciainfra.com\/blog\/plano-de-acao-do-novo-modelo-do-setor-eletrico-sera-apresentado-em-outubro-diz-presidente-da-epe\/#primaryimage\"},\"thumbnailUrl\":\"https:\/\/agenciainfra.com\/blog\/wp-content\/uploads\/2019\/06\/foto-antonio-augusto-agencia-camara-noticias-e1748950753189.jpg\",\"keywords\":[\"Empresa de Pesquisa Energ\u00e9tica\",\"novo modelo do setor el\u00e9trico\",\"pre\u00e7o hor\u00e1rio\",\"Thiago Barral\"],\"articleSection\":[\"iNFRAEnergia\"],\"inLanguage\":\"pt-BR\",\"copyrightYear\":\"2019\",\"copyrightHolder\":{\"@id\":\"https:\/\/agenciainfra.com\/blog\/#organization\"}},{\"@type\":\"WebPage\",\"@id\":\"https:\/\/agenciainfra.com\/blog\/plano-de-acao-do-novo-modelo-do-setor-eletrico-sera-apresentado-em-outubro-diz-presidente-da-epe\/\",\"url\":\"https:\/\/agenciainfra.com\/blog\/plano-de-acao-do-novo-modelo-do-setor-eletrico-sera-apresentado-em-outubro-diz-presidente-da-epe\/\",\"name\":\"Plano de a\u00e7\u00e3o do novo modelo do setor el\u00e9trico ser\u00e1 apresentado em outubro, diz presidente da EPE - Ag\u00eancia iNFRA\",\"isPartOf\":{\"@id\":\"https:\/\/agenciainfra.com\/blog\/#website\"},\"primaryImageOfPage\":{\"@id\":\"https:\/\/agenciainfra.com\/blog\/plano-de-acao-do-novo-modelo-do-setor-eletrico-sera-apresentado-em-outubro-diz-presidente-da-epe\/#primaryimage\"},\"image\":{\"@id\":\"https:\/\/agenciainfra.com\/blog\/plano-de-acao-do-novo-modelo-do-setor-eletrico-sera-apresentado-em-outubro-diz-presidente-da-epe\/#primaryimage\"},\"thumbnailUrl\":\"https:\/\/agenciainfra.com\/blog\/wp-content\/uploads\/2019\/06\/foto-antonio-augusto-agencia-camara-noticias-e1748950753189.jpg\",\"datePublished\":\"2019-06-18T11:00:26+00:00\",\"breadcrumb\":{\"@id\":\"https:\/\/agenciainfra.com\/blog\/plano-de-acao-do-novo-modelo-do-setor-eletrico-sera-apresentado-em-outubro-diz-presidente-da-epe\/#breadcrumb\"},\"inLanguage\":\"pt-BR\",\"potentialAction\":[{\"@type\":\"ReadAction\",\"target\":[\"https:\/\/agenciainfra.com\/blog\/plano-de-acao-do-novo-modelo-do-setor-eletrico-sera-apresentado-em-outubro-diz-presidente-da-epe\/\"]}]},{\"@type\":\"ImageObject\",\"inLanguage\":\"pt-BR\",\"@id\":\"https:\/\/agenciainfra.com\/blog\/plano-de-acao-do-novo-modelo-do-setor-eletrico-sera-apresentado-em-outubro-diz-presidente-da-epe\/#primaryimage\",\"url\":\"https:\/\/agenciainfra.com\/blog\/wp-content\/uploads\/2019\/06\/foto-antonio-augusto-agencia-camara-noticias-e1748950753189.jpg\",\"contentUrl\":\"https:\/\/agenciainfra.com\/blog\/wp-content\/uploads\/2019\/06\/foto-antonio-augusto-agencia-camara-noticias-e1748950753189.jpg\",\"width\":1280,\"height\":753,\"caption\":\"Foto: Ant\u00f4nio Augusto\/Ag\u00eancia C\u00e2mara de Not\u00edcias\"},{\"@type\":\"BreadcrumbList\",\"@id\":\"https:\/\/agenciainfra.com\/blog\/plano-de-acao-do-novo-modelo-do-setor-eletrico-sera-apresentado-em-outubro-diz-presidente-da-epe\/#breadcrumb\",\"itemListElement\":[{\"@type\":\"ListItem\",\"position\":1,\"name\":\"In\u00edcio\",\"item\":\"https:\/\/agenciainfra.com\/blog\/\"},{\"@type\":\"ListItem\",\"position\":2,\"name\":\"Plano de a\u00e7\u00e3o do novo modelo do setor el\u00e9trico ser\u00e1 apresentado em outubro, diz presidente da EPE\"}]},{\"@type\":\"WebSite\",\"@id\":\"https:\/\/agenciainfra.com\/blog\/#website\",\"url\":\"https:\/\/agenciainfra.com\/blog\/\",\"name\":\"Ag\u00eancia iNFRA\",\"description\":\"Multiplataforma de informa\u00e7\u00e3o jornal\u00edstica refer\u00eancia na \u00e1rea de infraestrutura no Brasil!\",\"publisher\":{\"@id\":\"https:\/\/agenciainfra.com\/blog\/#organization\"},\"potentialAction\":[{\"@type\":\"SearchAction\",\"target\":{\"@type\":\"EntryPoint\",\"urlTemplate\":\"https:\/\/agenciainfra.com\/blog\/?s={search_term_string}\"},\"query-input\":{\"@type\":\"PropertyValueSpecification\",\"valueRequired\":true,\"valueName\":\"search_term_string\"}}],\"inLanguage\":\"pt-BR\"},{\"@type\":\"Organization\",\"@id\":\"https:\/\/agenciainfra.com\/blog\/#organization\",\"name\":\"Ag\u00eancia iNFRA\",\"url\":\"https:\/\/agenciainfra.com\/blog\/\",\"logo\":{\"@type\":\"ImageObject\",\"inLanguage\":\"pt-BR\",\"@id\":\"https:\/\/agenciainfra.com\/blog\/#\/schema\/logo\/image\/\",\"url\":\"https:\/\/agenciainfra.com\/blog\/wp-content\/uploads\/2023\/09\/iNFRA_5-e1761735885940.png\",\"contentUrl\":\"https:\/\/agenciainfra.com\/blog\/wp-content\/uploads\/2023\/09\/iNFRA_5-e1761735885940.png\",\"width\":1672,\"height\":454,\"caption\":\"Ag\u00eancia iNFRA\"},\"image\":{\"@id\":\"https:\/\/agenciainfra.com\/blog\/#\/schema\/logo\/image\/\"},\"sameAs\":[\"https:\/\/www.facebook.com\/ageninfra\",\"https:\/\/x.com\/agencia_infra\",\"https:\/\/www.linkedin.com\/company\/ag\u00eanciainfra\/\",\"https:\/\/www.instagram.com\/agenciainfra\/\"]},{\"@type\":\"Person\",\"@id\":\"https:\/\/agenciainfra.com\/blog\/#\/schema\/person\/04dbb79bd6d8951f063da71f3e4c1eb1\",\"name\":\"Rodrigo Zuquim\",\"image\":{\"@type\":\"ImageObject\",\"inLanguage\":\"pt-BR\",\"@id\":\"https:\/\/agenciainfra.com\/blog\/#\/schema\/person\/image\/\",\"url\":\"https:\/\/secure.gravatar.com\/avatar\/594abfe82761d620726242ff34ca472a705a4b97f16c790053a6b4c4035274d0?s=96&d=mm&r=g\",\"contentUrl\":\"https:\/\/secure.gravatar.com\/avatar\/594abfe82761d620726242ff34ca472a705a4b97f16c790053a6b4c4035274d0?s=96&d=mm&r=g\",\"caption\":\"Rodrigo Zuquim\"},\"url\":\"https:\/\/agenciainfra.com\/blog\/author\/rodrigo-zuquim\/\"}]}<\/script>\n<!-- \/ Yoast SEO Premium plugin. -->","yoast_head_json":{"title":"Plano de a\u00e7\u00e3o do novo modelo do setor el\u00e9trico ser\u00e1 apresentado em outubro, diz presidente da EPE - Ag\u00eancia iNFRA","robots":{"index":"index","follow":"follow","max-snippet":"max-snippet:-1","max-image-preview":"max-image-preview:large","max-video-preview":"max-video-preview:-1"},"canonical":"https:\/\/agenciainfra.com\/blog\/plano-de-acao-do-novo-modelo-do-setor-eletrico-sera-apresentado-em-outubro-diz-presidente-da-epe\/","og_locale":"pt_BR","og_type":"article","og_title":"Plano de a\u00e7\u00e3o do novo modelo do setor el\u00e9trico ser\u00e1 apresentado em outubro, diz presidente da EPE","og_description":"Andr\u00e9a Shad, para a Ag\u00eancia iNFRA, Do Rio de Janeiro O presidente da EPE (Empresa de Pesquisa Energ\u00e9tica), Thiago Barral, disse que o plano de trabalho do novo modelo do setor el\u00e9trico dever\u00e1 se apresentado em outubro. Antes disso, no fim de julho, um diagn\u00f3stico geral da situa\u00e7\u00e3o deve ficar pronto. Em entrevista \u00e0\u00a0Ag\u00eancia iNFRA, [&hellip;]","og_url":"https:\/\/agenciainfra.com\/blog\/plano-de-acao-do-novo-modelo-do-setor-eletrico-sera-apresentado-em-outubro-diz-presidente-da-epe\/","og_site_name":"Ag\u00eancia iNFRA","article_publisher":"https:\/\/www.facebook.com\/ageninfra","article_published_time":"2019-06-18T11:00:26+00:00","og_image":[{"width":2000,"height":1312,"url":"https:\/\/agenciainfra.com\/blog\/wp-content\/uploads\/2019\/06\/foto-antonio-augusto-agencia-camara-noticias.jpg","type":"image\/jpeg"}],"author":"Rodrigo Zuquim","twitter_card":"summary_large_image","twitter_creator":"@agencia_infra","twitter_site":"@agencia_infra","twitter_misc":{"Escrito por":"Rodrigo Zuquim","Est. tempo de leitura":"6 minutos"},"schema":{"@context":"https:\/\/schema.org","@graph":[{"@type":"Article","@id":"https:\/\/agenciainfra.com\/blog\/plano-de-acao-do-novo-modelo-do-setor-eletrico-sera-apresentado-em-outubro-diz-presidente-da-epe\/#article","isPartOf":{"@id":"https:\/\/agenciainfra.com\/blog\/plano-de-acao-do-novo-modelo-do-setor-eletrico-sera-apresentado-em-outubro-diz-presidente-da-epe\/"},"author":{"name":"Rodrigo Zuquim","@id":"https:\/\/agenciainfra.com\/blog\/#\/schema\/person\/04dbb79bd6d8951f063da71f3e4c1eb1"},"headline":"Plano de a\u00e7\u00e3o do novo modelo do setor el\u00e9trico ser\u00e1 apresentado em outubro, diz presidente da EPE","datePublished":"2019-06-18T11:00:26+00:00","mainEntityOfPage":{"@id":"https:\/\/agenciainfra.com\/blog\/plano-de-acao-do-novo-modelo-do-setor-eletrico-sera-apresentado-em-outubro-diz-presidente-da-epe\/"},"wordCount":1251,"publisher":{"@id":"https:\/\/agenciainfra.com\/blog\/#organization"},"image":{"@id":"https:\/\/agenciainfra.com\/blog\/plano-de-acao-do-novo-modelo-do-setor-eletrico-sera-apresentado-em-outubro-diz-presidente-da-epe\/#primaryimage"},"thumbnailUrl":"https:\/\/agenciainfra.com\/blog\/wp-content\/uploads\/2019\/06\/foto-antonio-augusto-agencia-camara-noticias-e1748950753189.jpg","keywords":["Empresa de Pesquisa Energ\u00e9tica","novo modelo do setor el\u00e9trico","pre\u00e7o hor\u00e1rio","Thiago Barral"],"articleSection":["iNFRAEnergia"],"inLanguage":"pt-BR","copyrightYear":"2019","copyrightHolder":{"@id":"https:\/\/agenciainfra.com\/blog\/#organization"}},{"@type":"WebPage","@id":"https:\/\/agenciainfra.com\/blog\/plano-de-acao-do-novo-modelo-do-setor-eletrico-sera-apresentado-em-outubro-diz-presidente-da-epe\/","url":"https:\/\/agenciainfra.com\/blog\/plano-de-acao-do-novo-modelo-do-setor-eletrico-sera-apresentado-em-outubro-diz-presidente-da-epe\/","name":"Plano de a\u00e7\u00e3o do novo modelo do setor el\u00e9trico ser\u00e1 apresentado em outubro, diz presidente da EPE - Ag\u00eancia iNFRA","isPartOf":{"@id":"https:\/\/agenciainfra.com\/blog\/#website"},"primaryImageOfPage":{"@id":"https:\/\/agenciainfra.com\/blog\/plano-de-acao-do-novo-modelo-do-setor-eletrico-sera-apresentado-em-outubro-diz-presidente-da-epe\/#primaryimage"},"image":{"@id":"https:\/\/agenciainfra.com\/blog\/plano-de-acao-do-novo-modelo-do-setor-eletrico-sera-apresentado-em-outubro-diz-presidente-da-epe\/#primaryimage"},"thumbnailUrl":"https:\/\/agenciainfra.com\/blog\/wp-content\/uploads\/2019\/06\/foto-antonio-augusto-agencia-camara-noticias-e1748950753189.jpg","datePublished":"2019-06-18T11:00:26+00:00","breadcrumb":{"@id":"https:\/\/agenciainfra.com\/blog\/plano-de-acao-do-novo-modelo-do-setor-eletrico-sera-apresentado-em-outubro-diz-presidente-da-epe\/#breadcrumb"},"inLanguage":"pt-BR","potentialAction":[{"@type":"ReadAction","target":["https:\/\/agenciainfra.com\/blog\/plano-de-acao-do-novo-modelo-do-setor-eletrico-sera-apresentado-em-outubro-diz-presidente-da-epe\/"]}]},{"@type":"ImageObject","inLanguage":"pt-BR","@id":"https:\/\/agenciainfra.com\/blog\/plano-de-acao-do-novo-modelo-do-setor-eletrico-sera-apresentado-em-outubro-diz-presidente-da-epe\/#primaryimage","url":"https:\/\/agenciainfra.com\/blog\/wp-content\/uploads\/2019\/06\/foto-antonio-augusto-agencia-camara-noticias-e1748950753189.jpg","contentUrl":"https:\/\/agenciainfra.com\/blog\/wp-content\/uploads\/2019\/06\/foto-antonio-augusto-agencia-camara-noticias-e1748950753189.jpg","width":1280,"height":753,"caption":"Foto: Ant\u00f4nio Augusto\/Ag\u00eancia C\u00e2mara de Not\u00edcias"},{"@type":"BreadcrumbList","@id":"https:\/\/agenciainfra.com\/blog\/plano-de-acao-do-novo-modelo-do-setor-eletrico-sera-apresentado-em-outubro-diz-presidente-da-epe\/#breadcrumb","itemListElement":[{"@type":"ListItem","position":1,"name":"In\u00edcio","item":"https:\/\/agenciainfra.com\/blog\/"},{"@type":"ListItem","position":2,"name":"Plano de a\u00e7\u00e3o do novo modelo do setor el\u00e9trico ser\u00e1 apresentado em outubro, diz presidente da EPE"}]},{"@type":"WebSite","@id":"https:\/\/agenciainfra.com\/blog\/#website","url":"https:\/\/agenciainfra.com\/blog\/","name":"Ag\u00eancia iNFRA","description":"Multiplataforma de informa\u00e7\u00e3o jornal\u00edstica refer\u00eancia na \u00e1rea de infraestrutura no Brasil!","publisher":{"@id":"https:\/\/agenciainfra.com\/blog\/#organization"},"potentialAction":[{"@type":"SearchAction","target":{"@type":"EntryPoint","urlTemplate":"https:\/\/agenciainfra.com\/blog\/?s={search_term_string}"},"query-input":{"@type":"PropertyValueSpecification","valueRequired":true,"valueName":"search_term_string"}}],"inLanguage":"pt-BR"},{"@type":"Organization","@id":"https:\/\/agenciainfra.com\/blog\/#organization","name":"Ag\u00eancia iNFRA","url":"https:\/\/agenciainfra.com\/blog\/","logo":{"@type":"ImageObject","inLanguage":"pt-BR","@id":"https:\/\/agenciainfra.com\/blog\/#\/schema\/logo\/image\/","url":"https:\/\/agenciainfra.com\/blog\/wp-content\/uploads\/2023\/09\/iNFRA_5-e1761735885940.png","contentUrl":"https:\/\/agenciainfra.com\/blog\/wp-content\/uploads\/2023\/09\/iNFRA_5-e1761735885940.png","width":1672,"height":454,"caption":"Ag\u00eancia iNFRA"},"image":{"@id":"https:\/\/agenciainfra.com\/blog\/#\/schema\/logo\/image\/"},"sameAs":["https:\/\/www.facebook.com\/ageninfra","https:\/\/x.com\/agencia_infra","https:\/\/www.linkedin.com\/company\/ag\u00eanciainfra\/","https:\/\/www.instagram.com\/agenciainfra\/"]},{"@type":"Person","@id":"https:\/\/agenciainfra.com\/blog\/#\/schema\/person\/04dbb79bd6d8951f063da71f3e4c1eb1","name":"Rodrigo Zuquim","image":{"@type":"ImageObject","inLanguage":"pt-BR","@id":"https:\/\/agenciainfra.com\/blog\/#\/schema\/person\/image\/","url":"https:\/\/secure.gravatar.com\/avatar\/594abfe82761d620726242ff34ca472a705a4b97f16c790053a6b4c4035274d0?s=96&d=mm&r=g","contentUrl":"https:\/\/secure.gravatar.com\/avatar\/594abfe82761d620726242ff34ca472a705a4b97f16c790053a6b4c4035274d0?s=96&d=mm&r=g","caption":"Rodrigo Zuquim"},"url":"https:\/\/agenciainfra.com\/blog\/author\/rodrigo-zuquim\/"}]}},"_links":{"self":[{"href":"https:\/\/agenciainfra.com\/blog\/wp-json\/wp\/v2\/posts\/3312","targetHints":{"allow":["GET"]}}],"collection":[{"href":"https:\/\/agenciainfra.com\/blog\/wp-json\/wp\/v2\/posts"}],"about":[{"href":"https:\/\/agenciainfra.com\/blog\/wp-json\/wp\/v2\/types\/post"}],"author":[{"embeddable":true,"href":"https:\/\/agenciainfra.com\/blog\/wp-json\/wp\/v2\/users\/9"}],"replies":[{"embeddable":true,"href":"https:\/\/agenciainfra.com\/blog\/wp-json\/wp\/v2\/comments?post=3312"}],"version-history":[{"count":0,"href":"https:\/\/agenciainfra.com\/blog\/wp-json\/wp\/v2\/posts\/3312\/revisions"}],"wp:featuredmedia":[{"embeddable":true,"href":"https:\/\/agenciainfra.com\/blog\/wp-json\/wp\/v2\/media\/3313"}],"wp:attachment":[{"href":"https:\/\/agenciainfra.com\/blog\/wp-json\/wp\/v2\/media?parent=3312"}],"wp:term":[{"taxonomy":"category","embeddable":true,"href":"https:\/\/agenciainfra.com\/blog\/wp-json\/wp\/v2\/categories?post=3312"},{"taxonomy":"post_tag","embeddable":true,"href":"https:\/\/agenciainfra.com\/blog\/wp-json\/wp\/v2\/tags?post=3312"}],"curies":[{"name":"wp","href":"https:\/\/api.w.org\/{rel}","templated":true}]}}