{"id":33127,"date":"2025-12-01T22:10:29","date_gmt":"2025-12-02T01:10:29","guid":{"rendered":"https:\/\/agenciainfra.com\/blog\/?p=33127"},"modified":"2025-12-02T17:58:21","modified_gmt":"2025-12-02T20:58:21","slug":"porto-do-acu-projeta-movimentar-ate-20-mtons-adicionais-com-ef-118","status":"publish","type":"post","link":"https:\/\/agenciainfra.com\/blog\/porto-do-acu-projeta-movimentar-ate-20-mtons-adicionais-com-ef-118\/","title":{"rendered":"Porto do A\u00e7u projeta movimentar at\u00e9 20 Mtons adicionais com EF-118"},"content":{"rendered":"\n<p class=\"has-text-align-right\"><strong>Gabriel Vasconcelos, da Ag\u00eancia iNFRA<\/strong><\/p>\n\n\n\n<p>O Porto do A\u00e7u projeta um incremento entre 15 milh\u00f5es e 20 milh\u00f5es de toneladas para a sua movimenta\u00e7\u00e3o anual ap\u00f3s a entrada em opera\u00e7\u00e3o da EF-118, projeto de ferrovia entre o Esp\u00edrito Santo (Cariacica) e Rio de Janeiro (Nova Igua\u00e7u) cujo tra\u00e7ado passa pr\u00f3ximo ao porto, localizado em S\u00e3o Jo\u00e3o da Barra, no norte do estado. O empreendimento est\u00e1 em an\u00e1lise do TCU (Tribunal e Contas da Uni\u00e3o).<\/p>\n\n\n\n<p>Segundo Eug\u00eanio Figueiredo, CEO do Porto do A\u00e7u, a expectativa \u00e9 que essa licita\u00e7\u00e3o aconte\u00e7a no segundo trimestre de 2026 e a constru\u00e7\u00e3o dure cerca de quatro anos. O executivo falou em almo\u00e7o com jornalistas, no Rio de Janeiro, ao lado de Rogerio Zampronha, presidente da Prumo Log\u00edstica, empresa dona do porto e controlada pelo fundo americano EIG Global Energy Partners.<\/p>\n\n\n\n<p>Hoje mais de 90% da carga movimentada no Porto do A\u00e7u \u00e9 min\u00e9rio de ferro e, principalmente, petr\u00f3leo produzido em alto mar e transbordado para exporta\u00e7\u00e3o. O volume total movimentado em 2024, incluindo outros g\u00eaneros, somou cerca de 80 milh\u00f5es de toneladas, e vai ficar entre 90 milh\u00f5es e 100 milh\u00f5es de toneladas este ano, diz Figueiredo.<\/p>\n\n\n\n<p><strong>Trem para g\u00e3os e min\u00e9rio<\/strong><br>A constru\u00e7\u00e3o da EF-118 aumentaria a escala de movimenta\u00e7\u00e3o do porto, hoje limitado a rodovias. Os principais produtos que chegariam ao A\u00e7u pela estrada de ferro, diz Figueiredo, seriam gr\u00e3os do Centro-Oeste, sobretudo milho e soja, e mais min\u00e9rio de ferro de Minas Gerais.<\/p>\n\n\n\n<p>Nos vag\u00f5es descarregados, poderiam ser embarcadas para outras regi\u00f5es do pa\u00eds cargas de HBI (\u201chot briquetted iron\u201d ou ferro-esponja). Usado nos alto-fornos de siderurgia para descarboniza\u00e7\u00e3o, o material seria fabricado no local a partir de pelotas de ferro e g\u00e1s-natural ou combust\u00edveis limpos, como hidrog\u00eanio verde. Para isso h\u00e1 um MoU (Memorando de entendimento), assinado no fim de 2023 entre A Vale e o Porto do A\u00e7u.<\/p>\n\n\n\n<p><strong>Gr\u00e3os<br><\/strong>Segundo os executivos, gr\u00e3os seriam dominantes no novo modal, que ampliaria em at\u00e9 quatro vezes a \u201cmancha de captura\u201d do porto no Centro-Oeste. O A\u00e7u j\u00e1 chegou a receber milho do Mato Grosso por caminh\u00e3o, mas essas dist\u00e2ncias ainda s\u00e3o espor\u00e1dicas para o modal rodovi\u00e1rio.<\/p>\n\n\n\n<p>O Porto do A\u00e7u deve fechar 2025 com uma movimenta\u00e7\u00e3o de 750 mil toneladas de gr\u00e3os, o que inclui volumes de trigo importado. Para 2026, o objetivo \u00e9 incrementar esse volume na casa dos dois d\u00edgitos percentuais. Hoje o porto movimenta gr\u00e3os em um terminal multicargas, mas a expans\u00e3o da atividade passa pela constru\u00e7\u00e3o de um terminal dedicado ao g\u00eanero, a ser inaugurado no fim de 2026.<\/p>\n\n\n\n<p>A ideia \u00e9 se inserir cada vez mais na log\u00edstica de gr\u00e3os enquanto a EF-118 n\u00e3o chega. Segundo Zampronha, o padr\u00e3o hoje no Brasil \u00e9 escoar gr\u00e3os pelos portos de Paranagu\u00e1, Santos e Vit\u00f3ria, onde se concentram os terminais pr\u00f3prios das grandes tradings. Mas em momentos de safra, as filas de espera nesses portos tem levado a maiores custos que s\u00e3o repassados aos produtores, o que na pr\u00e1tica \u00e9 uma janela de oportunidade para o A\u00e7u.<\/p>\n\n\n\n<p>&#8220;Essas filas podem chegar a 30 dias, gerando um custo de US$ 20 mil a US$ 30 mil por dia. Ent\u00e3o quando falamos em oferecer mais competitividade, n\u00e3o quer dizer necessariamente que a tarifa portu\u00e1ria vai ser mais barata, mas que o custo total da opera\u00e7\u00e3o pode ser menor, justamente por n\u00e3o ter espera&#8221;, diz.<\/p>\n\n\n\n<p><strong>Min\u00e9rio<\/strong><br>Enquanto a EF-118 n\u00e3o sai do papel, o Porto do A\u00e7u tamb\u00e9m espera receber mais min\u00e9rio de ferro por meio da amplia\u00e7\u00e3o de capacidade do mineroduto que vem de Concei\u00e7\u00e3o do Mato Dentro (MG) e desemboca no porto. A estrutura traz min\u00e9rio molhado, com 60% de ferro e 40% de \u00e1gua. A capacidade da estrutura da Anglo American, em que a Vale tem parte, saltaria de 26,5 milh\u00f5es para 30 milh\u00f5es de toneladas de min\u00e9rio de ferro molhado, diz Zampronha.<\/p>\n\n\n\n<p>&#8220;A Vale comprou 15% do sistema Minas-Rio, que inclui a mina de Concei\u00e7\u00e3o do Mato Dentro. \u00c9 um acordo pelo qual a Vale cede a mina de Serpentina, uma reserva miner\u00e1ria enorme, e assume 15% do complexo todo, o que vai levar a um incremento muito grande da produ\u00e7\u00e3o, que deve fluir para o Porto do A\u00e7u&#8221;, disse.<\/p>\n\n\n\n<p>Segundo Zampronha, uma possibilidade mais remota \u00e9 a constru\u00e7\u00e3o de um segundo mineroduto, investimento que n\u00e3o se justificaria pela imin\u00eancia da EF-118. Al\u00e9m do mineroduto, o A\u00e7u ainda recebe min\u00e9rio de outras empresas vindo de Minas Gerais por caminh\u00e3o.<\/p>\n\n\n\n<p>Recentemente, em novembro, A Prumo Log\u00edstica vendeu a participa\u00e7\u00e3o de 50% na Ferroport, joint venture que mantinha com a mineradora Anglo American para operar um terminal de min\u00e9rio de ferro no porto do A\u00e7u. A participa\u00e7\u00e3o foi comprada pela plataforma de investimentos 3Point2, com o apoio financeiro do banco BTG Pactual. Segundo Zampronha, foi um movimento de &#8220;reciclagem de capital&#8221; para outros investimentos.<\/p>\n\n\n\n<p>&#8220;A Ferroport tem uma opera\u00e7\u00e3o muito madura e eficiente, mas que n\u00e3o cresce mais. Ent\u00e3o foge da l\u00f3gica de fundos de capital privado, como s\u00e3o os nossos acionistas, manter esse tipo de ativo em carteira. Mas tem valor para outros tipos de fundo, como os fundos de pens\u00e3o&#8221;, disse. Ele garantiu que nada muda na rela\u00e7\u00e3o da Ferroport com o Porto, de quem a empresa aluga os terrenos.<\/p>\n","protected":false},"excerpt":{"rendered":"<p>Gabriel Vasconcelos, da Ag\u00eancia iNFRA O Porto do A\u00e7u projeta um incremento entre 15 milh\u00f5es e 20 milh\u00f5es de toneladas para a sua movimenta\u00e7\u00e3o anual ap\u00f3s a entrada em opera\u00e7\u00e3o da EF-118, projeto de ferrovia entre o Esp\u00edrito Santo (Cariacica) e Rio de Janeiro (Nova Igua\u00e7u) cujo tra\u00e7ado passa pr\u00f3ximo ao porto, localizado em S\u00e3o [&hellip;]<\/p>\n","protected":false},"author":1,"featured_media":25953,"comment_status":"closed","ping_status":"closed","sticky":false,"template":"","format":"standard","meta":{"_monsterinsights_skip_tracking":false,"_monsterinsights_sitenote_active":false,"_monsterinsights_sitenote_note":"","_monsterinsights_sitenote_category":0,"footnotes":""},"categories":[7250,7],"tags":[3351,17259,13251,4514,68,8200,12658,3237,17261,17260,18,816,1033],"class_list":["post-33127","post","type-post","status-publish","format-standard","has-post-thumbnail","hentry","category-destaque-lista","category-infratransporte","tag-ef-118","tag-eugenio-figueiredo","tag-gabriel-vasconcelos","tag-graos","tag-minerio","tag-movimentacao-de-carga","tag-movimentacao-portuaria","tag-porto-do-acu","tag-prumo-logistica","tag-rogerio-zampronha","tag-tcu","tag-transporte-aquaviario","tag-transporte-ferroviario"],"yoast_head":"<!-- This site is optimized with the Yoast SEO Premium plugin v25.4 (Yoast SEO v26.0) - https:\/\/yoast.com\/wordpress\/plugins\/seo\/ -->\n<title>Porto do A\u00e7u projeta movimentar at\u00e9 20 Mtons adicionais com EF-118 - Ag\u00eancia iNFRA<\/title>\n<meta name=\"robots\" content=\"index, follow, max-snippet:-1, max-image-preview:large, max-video-preview:-1\" \/>\n<link rel=\"canonical\" href=\"https:\/\/agenciainfra.com\/blog\/porto-do-acu-projeta-movimentar-ate-20-mtons-adicionais-com-ef-118\/\" \/>\n<meta property=\"og:locale\" content=\"pt_BR\" \/>\n<meta property=\"og:type\" content=\"article\" \/>\n<meta property=\"og:title\" content=\"Porto do A\u00e7u projeta movimentar at\u00e9 20 Mtons adicionais com EF-118\" \/>\n<meta property=\"og:description\" content=\"Gabriel Vasconcelos, da Ag\u00eancia iNFRA O Porto do A\u00e7u projeta um incremento entre 15 milh\u00f5es e 20 milh\u00f5es de toneladas para a sua movimenta\u00e7\u00e3o anual ap\u00f3s a entrada em opera\u00e7\u00e3o da EF-118, projeto de ferrovia entre o Esp\u00edrito Santo (Cariacica) e Rio de Janeiro (Nova Igua\u00e7u) cujo tra\u00e7ado passa pr\u00f3ximo ao porto, localizado em S\u00e3o [&hellip;]\" \/>\n<meta property=\"og:url\" content=\"https:\/\/agenciainfra.com\/blog\/porto-do-acu-projeta-movimentar-ate-20-mtons-adicionais-com-ef-118\/\" \/>\n<meta property=\"og:site_name\" content=\"Ag\u00eancia iNFRA\" \/>\n<meta property=\"article:publisher\" content=\"https:\/\/www.facebook.com\/ageninfra\" \/>\n<meta property=\"article:published_time\" content=\"2025-12-02T01:10:29+00:00\" \/>\n<meta property=\"article:modified_time\" content=\"2025-12-02T20:58:21+00:00\" \/>\n<meta property=\"og:image\" content=\"https:\/\/agenciainfra.com\/blog\/wp-content\/uploads\/2025\/08\/porto-acu-foto-divulgacao.png\" \/>\n\t<meta property=\"og:image:width\" content=\"768\" \/>\n\t<meta property=\"og:image:height\" content=\"433\" \/>\n\t<meta property=\"og:image:type\" content=\"image\/png\" \/>\n<meta name=\"author\" content=\"Ag\u00eancia iNFRA\" \/>\n<meta name=\"twitter:card\" content=\"summary_large_image\" \/>\n<meta name=\"twitter:creator\" content=\"@agencia_infra\" \/>\n<meta name=\"twitter:site\" content=\"@agencia_infra\" \/>\n<meta name=\"twitter:label1\" content=\"Escrito por\" \/>\n\t<meta name=\"twitter:data1\" content=\"Ag\u00eancia iNFRA\" \/>\n\t<meta name=\"twitter:label2\" content=\"Est. tempo de leitura\" \/>\n\t<meta name=\"twitter:data2\" content=\"5 minutos\" \/>\n<script type=\"application\/ld+json\" class=\"yoast-schema-graph\">{\"@context\":\"https:\/\/schema.org\",\"@graph\":[{\"@type\":\"Article\",\"@id\":\"https:\/\/agenciainfra.com\/blog\/porto-do-acu-projeta-movimentar-ate-20-mtons-adicionais-com-ef-118\/#article\",\"isPartOf\":{\"@id\":\"https:\/\/agenciainfra.com\/blog\/porto-do-acu-projeta-movimentar-ate-20-mtons-adicionais-com-ef-118\/\"},\"author\":{\"name\":\"Ag\u00eancia iNFRA\",\"@id\":\"https:\/\/agenciainfra.com\/blog\/#\/schema\/person\/34af08dff6adea4cb22b06612ba7acfa\"},\"headline\":\"Porto do A\u00e7u projeta movimentar at\u00e9 20 Mtons adicionais com EF-118\",\"datePublished\":\"2025-12-02T01:10:29+00:00\",\"dateModified\":\"2025-12-02T20:58:21+00:00\",\"mainEntityOfPage\":{\"@id\":\"https:\/\/agenciainfra.com\/blog\/porto-do-acu-projeta-movimentar-ate-20-mtons-adicionais-com-ef-118\/\"},\"wordCount\":951,\"publisher\":{\"@id\":\"https:\/\/agenciainfra.com\/blog\/#organization\"},\"image\":{\"@id\":\"https:\/\/agenciainfra.com\/blog\/porto-do-acu-projeta-movimentar-ate-20-mtons-adicionais-com-ef-118\/#primaryimage\"},\"thumbnailUrl\":\"https:\/\/agenciainfra.com\/blog\/wp-content\/uploads\/2025\/08\/porto-acu-foto-divulgacao.png\",\"keywords\":[\"EF-118\",\"Eug\u00eanio Figueiredo\",\"Gabriel Vasconcelos\",\"gr\u00e3os\",\"min\u00e9rio\",\"Movimenta\u00e7\u00e3o de Carga\",\"movimenta\u00e7\u00e3o portu\u00e1ria\",\"Porto do A\u00e7u\",\"Prumo Log\u00edstica\",\"Rogerio Zampronha\",\"TCU\",\"transporte aquavi\u00e1rio\",\"transporte ferrovi\u00e1rio\"],\"articleSection\":[\"Destaque lista\",\"iNFRATransporte\"],\"inLanguage\":\"pt-BR\",\"copyrightYear\":\"2025\",\"copyrightHolder\":{\"@id\":\"https:\/\/agenciainfra.com\/blog\/#organization\"}},{\"@type\":\"WebPage\",\"@id\":\"https:\/\/agenciainfra.com\/blog\/porto-do-acu-projeta-movimentar-ate-20-mtons-adicionais-com-ef-118\/\",\"url\":\"https:\/\/agenciainfra.com\/blog\/porto-do-acu-projeta-movimentar-ate-20-mtons-adicionais-com-ef-118\/\",\"name\":\"Porto do A\u00e7u projeta movimentar at\u00e9 20 Mtons adicionais com EF-118 - Ag\u00eancia iNFRA\",\"isPartOf\":{\"@id\":\"https:\/\/agenciainfra.com\/blog\/#website\"},\"primaryImageOfPage\":{\"@id\":\"https:\/\/agenciainfra.com\/blog\/porto-do-acu-projeta-movimentar-ate-20-mtons-adicionais-com-ef-118\/#primaryimage\"},\"image\":{\"@id\":\"https:\/\/agenciainfra.com\/blog\/porto-do-acu-projeta-movimentar-ate-20-mtons-adicionais-com-ef-118\/#primaryimage\"},\"thumbnailUrl\":\"https:\/\/agenciainfra.com\/blog\/wp-content\/uploads\/2025\/08\/porto-acu-foto-divulgacao.png\",\"datePublished\":\"2025-12-02T01:10:29+00:00\",\"dateModified\":\"2025-12-02T20:58:21+00:00\",\"breadcrumb\":{\"@id\":\"https:\/\/agenciainfra.com\/blog\/porto-do-acu-projeta-movimentar-ate-20-mtons-adicionais-com-ef-118\/#breadcrumb\"},\"inLanguage\":\"pt-BR\",\"potentialAction\":[{\"@type\":\"ReadAction\",\"target\":[\"https:\/\/agenciainfra.com\/blog\/porto-do-acu-projeta-movimentar-ate-20-mtons-adicionais-com-ef-118\/\"]}]},{\"@type\":\"ImageObject\",\"inLanguage\":\"pt-BR\",\"@id\":\"https:\/\/agenciainfra.com\/blog\/porto-do-acu-projeta-movimentar-ate-20-mtons-adicionais-com-ef-118\/#primaryimage\",\"url\":\"https:\/\/agenciainfra.com\/blog\/wp-content\/uploads\/2025\/08\/porto-acu-foto-divulgacao.png\",\"contentUrl\":\"https:\/\/agenciainfra.com\/blog\/wp-content\/uploads\/2025\/08\/porto-acu-foto-divulgacao.png\",\"width\":768,\"height\":433,\"caption\":\"Foto: Divulga\u00e7\u00e3o\/Porto do A\u00e7u\"},{\"@type\":\"BreadcrumbList\",\"@id\":\"https:\/\/agenciainfra.com\/blog\/porto-do-acu-projeta-movimentar-ate-20-mtons-adicionais-com-ef-118\/#breadcrumb\",\"itemListElement\":[{\"@type\":\"ListItem\",\"position\":1,\"name\":\"In\u00edcio\",\"item\":\"https:\/\/agenciainfra.com\/blog\/\"},{\"@type\":\"ListItem\",\"position\":2,\"name\":\"Porto do A\u00e7u projeta movimentar at\u00e9 20 Mtons adicionais com EF-118\"}]},{\"@type\":\"WebSite\",\"@id\":\"https:\/\/agenciainfra.com\/blog\/#website\",\"url\":\"https:\/\/agenciainfra.com\/blog\/\",\"name\":\"Ag\u00eancia iNFRA\",\"description\":\"Multiplataforma de informa\u00e7\u00e3o jornal\u00edstica refer\u00eancia na \u00e1rea de infraestrutura no Brasil!\",\"publisher\":{\"@id\":\"https:\/\/agenciainfra.com\/blog\/#organization\"},\"potentialAction\":[{\"@type\":\"SearchAction\",\"target\":{\"@type\":\"EntryPoint\",\"urlTemplate\":\"https:\/\/agenciainfra.com\/blog\/?s={search_term_string}\"},\"query-input\":{\"@type\":\"PropertyValueSpecification\",\"valueRequired\":true,\"valueName\":\"search_term_string\"}}],\"inLanguage\":\"pt-BR\"},{\"@type\":\"Organization\",\"@id\":\"https:\/\/agenciainfra.com\/blog\/#organization\",\"name\":\"Ag\u00eancia iNFRA\",\"url\":\"https:\/\/agenciainfra.com\/blog\/\",\"logo\":{\"@type\":\"ImageObject\",\"inLanguage\":\"pt-BR\",\"@id\":\"https:\/\/agenciainfra.com\/blog\/#\/schema\/logo\/image\/\",\"url\":\"https:\/\/agenciainfra.com\/blog\/wp-content\/uploads\/2023\/09\/iNFRA_5-e1761735885940.png\",\"contentUrl\":\"https:\/\/agenciainfra.com\/blog\/wp-content\/uploads\/2023\/09\/iNFRA_5-e1761735885940.png\",\"width\":1672,\"height\":454,\"caption\":\"Ag\u00eancia iNFRA\"},\"image\":{\"@id\":\"https:\/\/agenciainfra.com\/blog\/#\/schema\/logo\/image\/\"},\"sameAs\":[\"https:\/\/www.facebook.com\/ageninfra\",\"https:\/\/x.com\/agencia_infra\",\"https:\/\/www.linkedin.com\/company\/ag\u00eanciainfra\/\",\"https:\/\/www.instagram.com\/agenciainfra\/\"]},{\"@type\":\"Person\",\"@id\":\"https:\/\/agenciainfra.com\/blog\/#\/schema\/person\/34af08dff6adea4cb22b06612ba7acfa\",\"name\":\"Ag\u00eancia iNFRA\",\"image\":{\"@type\":\"ImageObject\",\"inLanguage\":\"pt-BR\",\"@id\":\"https:\/\/agenciainfra.com\/blog\/#\/schema\/person\/image\/\",\"url\":\"https:\/\/secure.gravatar.com\/avatar\/d189e01678f06d8eb84d4e01f08eb848b3fffe3f8443818d3c356c66892f5be8?s=96&d=mm&r=g\",\"contentUrl\":\"https:\/\/secure.gravatar.com\/avatar\/d189e01678f06d8eb84d4e01f08eb848b3fffe3f8443818d3c356c66892f5be8?s=96&d=mm&r=g\",\"caption\":\"Ag\u00eancia iNFRA\"},\"url\":\"https:\/\/agenciainfra.com\/blog\/author\/admin\/\"}]}<\/script>\n<!-- \/ Yoast SEO Premium plugin. -->","yoast_head_json":{"title":"Porto do A\u00e7u projeta movimentar at\u00e9 20 Mtons adicionais com EF-118 - Ag\u00eancia iNFRA","robots":{"index":"index","follow":"follow","max-snippet":"max-snippet:-1","max-image-preview":"max-image-preview:large","max-video-preview":"max-video-preview:-1"},"canonical":"https:\/\/agenciainfra.com\/blog\/porto-do-acu-projeta-movimentar-ate-20-mtons-adicionais-com-ef-118\/","og_locale":"pt_BR","og_type":"article","og_title":"Porto do A\u00e7u projeta movimentar at\u00e9 20 Mtons adicionais com EF-118","og_description":"Gabriel Vasconcelos, da Ag\u00eancia iNFRA O Porto do A\u00e7u projeta um incremento entre 15 milh\u00f5es e 20 milh\u00f5es de toneladas para a sua movimenta\u00e7\u00e3o anual ap\u00f3s a entrada em opera\u00e7\u00e3o da EF-118, projeto de ferrovia entre o Esp\u00edrito Santo (Cariacica) e Rio de Janeiro (Nova Igua\u00e7u) cujo tra\u00e7ado passa pr\u00f3ximo ao porto, localizado em S\u00e3o [&hellip;]","og_url":"https:\/\/agenciainfra.com\/blog\/porto-do-acu-projeta-movimentar-ate-20-mtons-adicionais-com-ef-118\/","og_site_name":"Ag\u00eancia iNFRA","article_publisher":"https:\/\/www.facebook.com\/ageninfra","article_published_time":"2025-12-02T01:10:29+00:00","article_modified_time":"2025-12-02T20:58:21+00:00","og_image":[{"width":768,"height":433,"url":"https:\/\/agenciainfra.com\/blog\/wp-content\/uploads\/2025\/08\/porto-acu-foto-divulgacao.png","type":"image\/png"}],"author":"Ag\u00eancia iNFRA","twitter_card":"summary_large_image","twitter_creator":"@agencia_infra","twitter_site":"@agencia_infra","twitter_misc":{"Escrito por":"Ag\u00eancia iNFRA","Est. tempo de leitura":"5 minutos"},"schema":{"@context":"https:\/\/schema.org","@graph":[{"@type":"Article","@id":"https:\/\/agenciainfra.com\/blog\/porto-do-acu-projeta-movimentar-ate-20-mtons-adicionais-com-ef-118\/#article","isPartOf":{"@id":"https:\/\/agenciainfra.com\/blog\/porto-do-acu-projeta-movimentar-ate-20-mtons-adicionais-com-ef-118\/"},"author":{"name":"Ag\u00eancia iNFRA","@id":"https:\/\/agenciainfra.com\/blog\/#\/schema\/person\/34af08dff6adea4cb22b06612ba7acfa"},"headline":"Porto do A\u00e7u projeta movimentar at\u00e9 20 Mtons adicionais com EF-118","datePublished":"2025-12-02T01:10:29+00:00","dateModified":"2025-12-02T20:58:21+00:00","mainEntityOfPage":{"@id":"https:\/\/agenciainfra.com\/blog\/porto-do-acu-projeta-movimentar-ate-20-mtons-adicionais-com-ef-118\/"},"wordCount":951,"publisher":{"@id":"https:\/\/agenciainfra.com\/blog\/#organization"},"image":{"@id":"https:\/\/agenciainfra.com\/blog\/porto-do-acu-projeta-movimentar-ate-20-mtons-adicionais-com-ef-118\/#primaryimage"},"thumbnailUrl":"https:\/\/agenciainfra.com\/blog\/wp-content\/uploads\/2025\/08\/porto-acu-foto-divulgacao.png","keywords":["EF-118","Eug\u00eanio Figueiredo","Gabriel Vasconcelos","gr\u00e3os","min\u00e9rio","Movimenta\u00e7\u00e3o de Carga","movimenta\u00e7\u00e3o portu\u00e1ria","Porto do A\u00e7u","Prumo Log\u00edstica","Rogerio Zampronha","TCU","transporte aquavi\u00e1rio","transporte ferrovi\u00e1rio"],"articleSection":["Destaque lista","iNFRATransporte"],"inLanguage":"pt-BR","copyrightYear":"2025","copyrightHolder":{"@id":"https:\/\/agenciainfra.com\/blog\/#organization"}},{"@type":"WebPage","@id":"https:\/\/agenciainfra.com\/blog\/porto-do-acu-projeta-movimentar-ate-20-mtons-adicionais-com-ef-118\/","url":"https:\/\/agenciainfra.com\/blog\/porto-do-acu-projeta-movimentar-ate-20-mtons-adicionais-com-ef-118\/","name":"Porto do A\u00e7u projeta movimentar at\u00e9 20 Mtons adicionais com EF-118 - Ag\u00eancia iNFRA","isPartOf":{"@id":"https:\/\/agenciainfra.com\/blog\/#website"},"primaryImageOfPage":{"@id":"https:\/\/agenciainfra.com\/blog\/porto-do-acu-projeta-movimentar-ate-20-mtons-adicionais-com-ef-118\/#primaryimage"},"image":{"@id":"https:\/\/agenciainfra.com\/blog\/porto-do-acu-projeta-movimentar-ate-20-mtons-adicionais-com-ef-118\/#primaryimage"},"thumbnailUrl":"https:\/\/agenciainfra.com\/blog\/wp-content\/uploads\/2025\/08\/porto-acu-foto-divulgacao.png","datePublished":"2025-12-02T01:10:29+00:00","dateModified":"2025-12-02T20:58:21+00:00","breadcrumb":{"@id":"https:\/\/agenciainfra.com\/blog\/porto-do-acu-projeta-movimentar-ate-20-mtons-adicionais-com-ef-118\/#breadcrumb"},"inLanguage":"pt-BR","potentialAction":[{"@type":"ReadAction","target":["https:\/\/agenciainfra.com\/blog\/porto-do-acu-projeta-movimentar-ate-20-mtons-adicionais-com-ef-118\/"]}]},{"@type":"ImageObject","inLanguage":"pt-BR","@id":"https:\/\/agenciainfra.com\/blog\/porto-do-acu-projeta-movimentar-ate-20-mtons-adicionais-com-ef-118\/#primaryimage","url":"https:\/\/agenciainfra.com\/blog\/wp-content\/uploads\/2025\/08\/porto-acu-foto-divulgacao.png","contentUrl":"https:\/\/agenciainfra.com\/blog\/wp-content\/uploads\/2025\/08\/porto-acu-foto-divulgacao.png","width":768,"height":433,"caption":"Foto: Divulga\u00e7\u00e3o\/Porto do A\u00e7u"},{"@type":"BreadcrumbList","@id":"https:\/\/agenciainfra.com\/blog\/porto-do-acu-projeta-movimentar-ate-20-mtons-adicionais-com-ef-118\/#breadcrumb","itemListElement":[{"@type":"ListItem","position":1,"name":"In\u00edcio","item":"https:\/\/agenciainfra.com\/blog\/"},{"@type":"ListItem","position":2,"name":"Porto do A\u00e7u projeta movimentar at\u00e9 20 Mtons adicionais com EF-118"}]},{"@type":"WebSite","@id":"https:\/\/agenciainfra.com\/blog\/#website","url":"https:\/\/agenciainfra.com\/blog\/","name":"Ag\u00eancia iNFRA","description":"Multiplataforma de informa\u00e7\u00e3o jornal\u00edstica refer\u00eancia na \u00e1rea de infraestrutura no Brasil!","publisher":{"@id":"https:\/\/agenciainfra.com\/blog\/#organization"},"potentialAction":[{"@type":"SearchAction","target":{"@type":"EntryPoint","urlTemplate":"https:\/\/agenciainfra.com\/blog\/?s={search_term_string}"},"query-input":{"@type":"PropertyValueSpecification","valueRequired":true,"valueName":"search_term_string"}}],"inLanguage":"pt-BR"},{"@type":"Organization","@id":"https:\/\/agenciainfra.com\/blog\/#organization","name":"Ag\u00eancia iNFRA","url":"https:\/\/agenciainfra.com\/blog\/","logo":{"@type":"ImageObject","inLanguage":"pt-BR","@id":"https:\/\/agenciainfra.com\/blog\/#\/schema\/logo\/image\/","url":"https:\/\/agenciainfra.com\/blog\/wp-content\/uploads\/2023\/09\/iNFRA_5-e1761735885940.png","contentUrl":"https:\/\/agenciainfra.com\/blog\/wp-content\/uploads\/2023\/09\/iNFRA_5-e1761735885940.png","width":1672,"height":454,"caption":"Ag\u00eancia iNFRA"},"image":{"@id":"https:\/\/agenciainfra.com\/blog\/#\/schema\/logo\/image\/"},"sameAs":["https:\/\/www.facebook.com\/ageninfra","https:\/\/x.com\/agencia_infra","https:\/\/www.linkedin.com\/company\/ag\u00eanciainfra\/","https:\/\/www.instagram.com\/agenciainfra\/"]},{"@type":"Person","@id":"https:\/\/agenciainfra.com\/blog\/#\/schema\/person\/34af08dff6adea4cb22b06612ba7acfa","name":"Ag\u00eancia iNFRA","image":{"@type":"ImageObject","inLanguage":"pt-BR","@id":"https:\/\/agenciainfra.com\/blog\/#\/schema\/person\/image\/","url":"https:\/\/secure.gravatar.com\/avatar\/d189e01678f06d8eb84d4e01f08eb848b3fffe3f8443818d3c356c66892f5be8?s=96&d=mm&r=g","contentUrl":"https:\/\/secure.gravatar.com\/avatar\/d189e01678f06d8eb84d4e01f08eb848b3fffe3f8443818d3c356c66892f5be8?s=96&d=mm&r=g","caption":"Ag\u00eancia iNFRA"},"url":"https:\/\/agenciainfra.com\/blog\/author\/admin\/"}]}},"_links":{"self":[{"href":"https:\/\/agenciainfra.com\/blog\/wp-json\/wp\/v2\/posts\/33127","targetHints":{"allow":["GET"]}}],"collection":[{"href":"https:\/\/agenciainfra.com\/blog\/wp-json\/wp\/v2\/posts"}],"about":[{"href":"https:\/\/agenciainfra.com\/blog\/wp-json\/wp\/v2\/types\/post"}],"author":[{"embeddable":true,"href":"https:\/\/agenciainfra.com\/blog\/wp-json\/wp\/v2\/users\/1"}],"replies":[{"embeddable":true,"href":"https:\/\/agenciainfra.com\/blog\/wp-json\/wp\/v2\/comments?post=33127"}],"version-history":[{"count":1,"href":"https:\/\/agenciainfra.com\/blog\/wp-json\/wp\/v2\/posts\/33127\/revisions"}],"predecessor-version":[{"id":33128,"href":"https:\/\/agenciainfra.com\/blog\/wp-json\/wp\/v2\/posts\/33127\/revisions\/33128"}],"wp:featuredmedia":[{"embeddable":true,"href":"https:\/\/agenciainfra.com\/blog\/wp-json\/wp\/v2\/media\/25953"}],"wp:attachment":[{"href":"https:\/\/agenciainfra.com\/blog\/wp-json\/wp\/v2\/media?parent=33127"}],"wp:term":[{"taxonomy":"category","embeddable":true,"href":"https:\/\/agenciainfra.com\/blog\/wp-json\/wp\/v2\/categories?post=33127"},{"taxonomy":"post_tag","embeddable":true,"href":"https:\/\/agenciainfra.com\/blog\/wp-json\/wp\/v2\/tags?post=33127"}],"curies":[{"name":"wp","href":"https:\/\/api.w.org\/{rel}","templated":true}]}}