{"id":33133,"date":"2025-12-02T09:00:00","date_gmt":"2025-12-02T12:00:00","guid":{"rendered":"https:\/\/agenciainfra.com\/blog\/?p=33133"},"modified":"2025-12-02T20:24:38","modified_gmt":"2025-12-02T23:24:38","slug":"aneel-avalia-contratos-com-horario-restrito-para-recarga-de-veiculos","status":"publish","type":"post","link":"https:\/\/agenciainfra.com\/blog\/aneel-avalia-contratos-com-horario-restrito-para-recarga-de-veiculos\/","title":{"rendered":"ANEEL avalia contratos com hor\u00e1rio restrito para recarga de ve\u00edculos"},"content":{"rendered":"\n<p class=\"has-text-align-right\"><strong>Lais Carregosa e&nbsp;Geraldo Campos Jr., da Ag\u00eancia iNFRA<\/strong><\/p>\n\n\n\n<p>A ANEEL (Ag\u00eancia Nacional de Energia El\u00e9trica) pode permitir que as distribuidoras adotem uma nova modalidade de recarga de ve\u00edculos el\u00e9tricos, com hor\u00e1rios e dias espec\u00edficos para o abastecimento. As restri\u00e7\u00f5es seriam estabelecidas em contrato entre a concession\u00e1ria e o agente ou consumidor que quiser instalar o ponto, conforme a oferta e demanda da rede em cada \u00e1rea.<br><br>Isso deve reduzir a necessidade de investimentos para viabilizar a liga\u00e7\u00e3o de novos pontos de carregamento, o que acelera a conex\u00e3o, avaliam t\u00e9cnicos da reguladora.<br><br>A proposta foi sorteada na segunda-feira (1\u00ba) para a relatoria do diretor Willamy Frota. Em\u00a0<a href=\"https:\/\/agenciainfra.us14.list-manage.com\/track\/click?u=d460dd1bcf9ba0ae040e1fc0f&amp;id=9c642cca8e&amp;e=55b7a27fc9\" target=\"_blank\" rel=\"noreferrer noopener\">nota t\u00e9cnica<\/a> disponibilizada na \u00faltima quinta-feira (27), as superintend\u00eancias da ag\u00eancia sugerem que a medida seja submetida a consulta p\u00fablica.\u00a0<br><br>Conforme o documento, o mecanismo funcionaria de forma similar a uma\u00a0<a href=\"https:\/\/agenciainfra.us14.list-manage.com\/track\/click?u=d460dd1bcf9ba0ae040e1fc0f&amp;id=d4cdcb4a59&amp;e=55b7a27fc9\" target=\"_blank\" rel=\"noreferrer noopener\">autoriza\u00e7\u00e3o<\/a>\u00a0dada pela ANEEL \u00e0 Enel S\u00e3o Paulo, em 7 de novembro, para permitir o atendimento da esta\u00e7\u00e3o de recarga da Via\u00e7\u00e3o Metr\u00f3pole \u2013 uma das concession\u00e1rias do servi\u00e7o de transporte coletivo na capital paulista \u2013 com hor\u00e1rios restritos. A \u00e1rea t\u00e9cnica cita ainda que v\u00e1rias cidades t\u00eam planos de eletrificar suas frotas de \u00f4nibus urbanos nos pr\u00f3ximos anos.<br><br>\u201cA t\u00edtulo de exemplo, a contrata\u00e7\u00e3o do servi\u00e7o para uma instala\u00e7\u00e3o de recarga localizada em uma garagem de \u00f4nibus ou em um condom\u00ednio residencial poderia ser realizada sem a necessidade de realiza\u00e7\u00e3o de obras no sistema de distribui\u00e7\u00e3o ou com obras com escopo menor, mas com per\u00edodo de utiliza\u00e7\u00e3o restrito a determinados hor\u00e1rios e\/ou dias da semana\u201d, afirma a \u00e1rea t\u00e9cnica.<br><br>O documento prev\u00ea que nos casos de atendimentos flex\u00edveis exista um controle autom\u00e1tico da demanda pela distribuidora ou gerenciamento do uso para monitorar a utiliza\u00e7\u00e3o. As restri\u00e7\u00f5es de dias e hor\u00e1rios para carga precisariam ainda ser pr\u00e9-definidas no or\u00e7amento de conex\u00e3o, nos contratos e no acordo operativo.<br><br>A medida poderia otimizar o acesso dos ve\u00edculos el\u00e9tricos \u00e0 rede, tema em evid\u00eancia no setor. Especialistas avaliam que a\u00a0<a href=\"https:\/\/agenciainfra.us14.list-manage.com\/track\/click?u=d460dd1bcf9ba0ae040e1fc0f&amp;id=650ceb5986&amp;e=55b7a27fc9\" target=\"_blank\" rel=\"noreferrer noopener\">eletromobilidade pode ser ben\u00e9fica ao sistema el\u00e9trico<\/a>\u00a0desde que a conex\u00e3o seja feita de forma planejada e que responda \u00e0s necessidades do sistema.<br><br><strong>Mapa de disponibilidade<\/strong><br>Os t\u00e9cnicos da reguladora tamb\u00e9m prop\u00f5em a divulga\u00e7\u00e3o obrigat\u00f3ria, pelas distribuidoras, de mapas de disponibilidade para conex\u00e3o \u00e0 rede. Atualmente, algumas das concession\u00e1rias j\u00e1 publicam informa\u00e7\u00f5es semelhantes de forma volunt\u00e1ria, como \u00e9 o caso da Cemig e da Neoenergia.\u00a0<br><br>As concession\u00e1rias ainda dever\u00e3o, conforme a proposta, informar em seus portais a fila de pedidos de conex\u00e3o. Ainda, permitir que cada solicitante consulte o status de atendimento, inclusive em casos de atrasos nas obras na rede necess\u00e1rias para a instala\u00e7\u00e3o, com informe de novo cronograma previsto.<br><br><strong>Servi\u00e7os de recarga<\/strong><br>Atualmente, a regula\u00e7\u00e3o da ANEEL j\u00e1 prev\u00ea que as distribuidoras podem prestar servi\u00e7os de recarga de ve\u00edculos el\u00e9tricos dentro de suas \u00e1reas de concess\u00e3o, como a instala\u00e7\u00e3o e opera\u00e7\u00e3o de \u201celetropostos\u201d pelas concession\u00e1rias. Esse ponto \u00e9 mantido na proposta de resolu\u00e7\u00e3o para consulta p\u00fablica, mas a \u00e1rea t\u00e9cnica espera contribui\u00e7\u00f5es sobre eventuais conflitos de interesse.\u00a0<br><br>\u201cAssim, entende-se que a consulta p\u00fablica proposta pode ser uma oportunidade para o envio de subs\u00eddios dos participantes sobre quest\u00f5es concorrenciais relacionadas \u00e0 presta\u00e7\u00e3o da atividade de recarga de ve\u00edculos el\u00e9tricos pelas distribuidoras em sua \u00e1rea de concess\u00e3o\u201d, diz o documento.<\/p>\n","protected":false},"excerpt":{"rendered":"<p>Lais Carregosa e&nbsp;Geraldo Campos Jr., da Ag\u00eancia iNFRA A ANEEL (Ag\u00eancia Nacional de Energia El\u00e9trica) pode permitir que as distribuidoras adotem uma nova modalidade de recarga de ve\u00edculos el\u00e9tricos, com hor\u00e1rios e dias espec\u00edficos para o abastecimento. As restri\u00e7\u00f5es seriam estabelecidas em contrato entre a concession\u00e1ria e o agente ou consumidor que quiser instalar o [&hellip;]<\/p>\n","protected":false},"author":1,"featured_media":29592,"comment_status":"closed","ping_status":"closed","sticky":false,"template":"","format":"standard","meta":{"_monsterinsights_skip_tracking":false,"_monsterinsights_sitenote_active":false,"_monsterinsights_sitenote_note":"","_monsterinsights_sitenote_category":0,"footnotes":""},"categories":[7250,10],"tags":[53,17264,25,11594,13132,17262,2177,17263],"class_list":["post-33133","post","type-post","status-publish","format-standard","has-post-thumbnail","hentry","category-destaque-lista","category-infraenergia","tag-aneel","tag-eletropostos","tag-energia","tag-geraldo-campos-jr","tag-lais-carregosa","tag-recarga-de-veiculos","tag-veiculos-eletricos","tag-willamy-frota-aneel"],"yoast_head":"<!-- This site is optimized with the Yoast SEO Premium plugin v25.4 (Yoast SEO v26.0) - https:\/\/yoast.com\/wordpress\/plugins\/seo\/ -->\n<title>ANEEL avalia contratos com hor\u00e1rio restrito para recarga de ve\u00edculos - Ag\u00eancia iNFRA<\/title>\n<meta name=\"robots\" content=\"index, follow, max-snippet:-1, max-image-preview:large, max-video-preview:-1\" \/>\n<link rel=\"canonical\" href=\"https:\/\/agenciainfra.com\/blog\/aneel-avalia-contratos-com-horario-restrito-para-recarga-de-veiculos\/\" \/>\n<meta property=\"og:locale\" content=\"pt_BR\" \/>\n<meta property=\"og:type\" content=\"article\" \/>\n<meta property=\"og:title\" content=\"ANEEL avalia contratos com hor\u00e1rio restrito para recarga de ve\u00edculos\" \/>\n<meta property=\"og:description\" content=\"Lais Carregosa e&nbsp;Geraldo Campos Jr., da Ag\u00eancia iNFRA A ANEEL (Ag\u00eancia Nacional de Energia El\u00e9trica) pode permitir que as distribuidoras adotem uma nova modalidade de recarga de ve\u00edculos el\u00e9tricos, com hor\u00e1rios e dias espec\u00edficos para o abastecimento. As restri\u00e7\u00f5es seriam estabelecidas em contrato entre a concession\u00e1ria e o agente ou consumidor que quiser instalar o [&hellip;]\" \/>\n<meta property=\"og:url\" content=\"https:\/\/agenciainfra.com\/blog\/aneel-avalia-contratos-com-horario-restrito-para-recarga-de-veiculos\/\" \/>\n<meta property=\"og:site_name\" content=\"Ag\u00eancia iNFRA\" \/>\n<meta property=\"article:publisher\" content=\"https:\/\/www.facebook.com\/ageninfra\" \/>\n<meta property=\"article:published_time\" content=\"2025-12-02T12:00:00+00:00\" \/>\n<meta property=\"article:modified_time\" content=\"2025-12-02T23:24:38+00:00\" \/>\n<meta property=\"og:image\" content=\"https:\/\/agenciainfra.com\/blog\/wp-content\/uploads\/2025\/10\/veiculos-eletricos-foto-jose-cruz-agencia-brasil.jpg\" \/>\n\t<meta property=\"og:image:width\" content=\"1280\" \/>\n\t<meta property=\"og:image:height\" content=\"765\" \/>\n\t<meta property=\"og:image:type\" content=\"image\/jpeg\" \/>\n<meta name=\"author\" content=\"Ag\u00eancia iNFRA\" \/>\n<meta name=\"twitter:card\" content=\"summary_large_image\" \/>\n<meta name=\"twitter:creator\" content=\"@agencia_infra\" \/>\n<meta name=\"twitter:site\" content=\"@agencia_infra\" \/>\n<meta name=\"twitter:label1\" content=\"Escrito por\" \/>\n\t<meta name=\"twitter:data1\" content=\"Ag\u00eancia iNFRA\" \/>\n\t<meta name=\"twitter:label2\" content=\"Est. tempo de leitura\" \/>\n\t<meta name=\"twitter:data2\" content=\"3 minutos\" \/>\n<script type=\"application\/ld+json\" class=\"yoast-schema-graph\">{\"@context\":\"https:\/\/schema.org\",\"@graph\":[{\"@type\":\"Article\",\"@id\":\"https:\/\/agenciainfra.com\/blog\/aneel-avalia-contratos-com-horario-restrito-para-recarga-de-veiculos\/#article\",\"isPartOf\":{\"@id\":\"https:\/\/agenciainfra.com\/blog\/aneel-avalia-contratos-com-horario-restrito-para-recarga-de-veiculos\/\"},\"author\":{\"name\":\"Ag\u00eancia iNFRA\",\"@id\":\"https:\/\/agenciainfra.com\/blog\/#\/schema\/person\/34af08dff6adea4cb22b06612ba7acfa\"},\"headline\":\"ANEEL avalia contratos com hor\u00e1rio restrito para recarga de ve\u00edculos\",\"datePublished\":\"2025-12-02T12:00:00+00:00\",\"dateModified\":\"2025-12-02T23:24:38+00:00\",\"mainEntityOfPage\":{\"@id\":\"https:\/\/agenciainfra.com\/blog\/aneel-avalia-contratos-com-horario-restrito-para-recarga-de-veiculos\/\"},\"wordCount\":625,\"publisher\":{\"@id\":\"https:\/\/agenciainfra.com\/blog\/#organization\"},\"image\":{\"@id\":\"https:\/\/agenciainfra.com\/blog\/aneel-avalia-contratos-com-horario-restrito-para-recarga-de-veiculos\/#primaryimage\"},\"thumbnailUrl\":\"https:\/\/agenciainfra.com\/blog\/wp-content\/uploads\/2025\/10\/veiculos-eletricos-foto-jose-cruz-agencia-brasil.jpg\",\"keywords\":[\"ANEEL\",\"eletropostos\",\"energia\",\"Geraldo Campos Jr.\",\"Lais Carregosa\",\"recarga de ve\u00edculos\",\"ve\u00edculos el\u00e9tricos\",\"Willamy Frota ANEEL\"],\"articleSection\":[\"Destaque lista\",\"iNFRAEnergia\"],\"inLanguage\":\"pt-BR\",\"copyrightYear\":\"2025\",\"copyrightHolder\":{\"@id\":\"https:\/\/agenciainfra.com\/blog\/#organization\"}},{\"@type\":\"WebPage\",\"@id\":\"https:\/\/agenciainfra.com\/blog\/aneel-avalia-contratos-com-horario-restrito-para-recarga-de-veiculos\/\",\"url\":\"https:\/\/agenciainfra.com\/blog\/aneel-avalia-contratos-com-horario-restrito-para-recarga-de-veiculos\/\",\"name\":\"ANEEL avalia contratos com hor\u00e1rio restrito para recarga de ve\u00edculos - Ag\u00eancia iNFRA\",\"isPartOf\":{\"@id\":\"https:\/\/agenciainfra.com\/blog\/#website\"},\"primaryImageOfPage\":{\"@id\":\"https:\/\/agenciainfra.com\/blog\/aneel-avalia-contratos-com-horario-restrito-para-recarga-de-veiculos\/#primaryimage\"},\"image\":{\"@id\":\"https:\/\/agenciainfra.com\/blog\/aneel-avalia-contratos-com-horario-restrito-para-recarga-de-veiculos\/#primaryimage\"},\"thumbnailUrl\":\"https:\/\/agenciainfra.com\/blog\/wp-content\/uploads\/2025\/10\/veiculos-eletricos-foto-jose-cruz-agencia-brasil.jpg\",\"datePublished\":\"2025-12-02T12:00:00+00:00\",\"dateModified\":\"2025-12-02T23:24:38+00:00\",\"breadcrumb\":{\"@id\":\"https:\/\/agenciainfra.com\/blog\/aneel-avalia-contratos-com-horario-restrito-para-recarga-de-veiculos\/#breadcrumb\"},\"inLanguage\":\"pt-BR\",\"potentialAction\":[{\"@type\":\"ReadAction\",\"target\":[\"https:\/\/agenciainfra.com\/blog\/aneel-avalia-contratos-com-horario-restrito-para-recarga-de-veiculos\/\"]}]},{\"@type\":\"ImageObject\",\"inLanguage\":\"pt-BR\",\"@id\":\"https:\/\/agenciainfra.com\/blog\/aneel-avalia-contratos-com-horario-restrito-para-recarga-de-veiculos\/#primaryimage\",\"url\":\"https:\/\/agenciainfra.com\/blog\/wp-content\/uploads\/2025\/10\/veiculos-eletricos-foto-jose-cruz-agencia-brasil.jpg\",\"contentUrl\":\"https:\/\/agenciainfra.com\/blog\/wp-content\/uploads\/2025\/10\/veiculos-eletricos-foto-jose-cruz-agencia-brasil.jpg\",\"width\":1280,\"height\":765,\"caption\":\"Foto: Jos\u00e9 Cruz\/Ag\u00eancia Brasil\"},{\"@type\":\"BreadcrumbList\",\"@id\":\"https:\/\/agenciainfra.com\/blog\/aneel-avalia-contratos-com-horario-restrito-para-recarga-de-veiculos\/#breadcrumb\",\"itemListElement\":[{\"@type\":\"ListItem\",\"position\":1,\"name\":\"In\u00edcio\",\"item\":\"https:\/\/agenciainfra.com\/blog\/\"},{\"@type\":\"ListItem\",\"position\":2,\"name\":\"ANEEL avalia contratos com hor\u00e1rio restrito para recarga de ve\u00edculos\"}]},{\"@type\":\"WebSite\",\"@id\":\"https:\/\/agenciainfra.com\/blog\/#website\",\"url\":\"https:\/\/agenciainfra.com\/blog\/\",\"name\":\"Ag\u00eancia iNFRA\",\"description\":\"Multiplataforma de informa\u00e7\u00e3o jornal\u00edstica refer\u00eancia na \u00e1rea de infraestrutura no Brasil!\",\"publisher\":{\"@id\":\"https:\/\/agenciainfra.com\/blog\/#organization\"},\"potentialAction\":[{\"@type\":\"SearchAction\",\"target\":{\"@type\":\"EntryPoint\",\"urlTemplate\":\"https:\/\/agenciainfra.com\/blog\/?s={search_term_string}\"},\"query-input\":{\"@type\":\"PropertyValueSpecification\",\"valueRequired\":true,\"valueName\":\"search_term_string\"}}],\"inLanguage\":\"pt-BR\"},{\"@type\":\"Organization\",\"@id\":\"https:\/\/agenciainfra.com\/blog\/#organization\",\"name\":\"Ag\u00eancia iNFRA\",\"url\":\"https:\/\/agenciainfra.com\/blog\/\",\"logo\":{\"@type\":\"ImageObject\",\"inLanguage\":\"pt-BR\",\"@id\":\"https:\/\/agenciainfra.com\/blog\/#\/schema\/logo\/image\/\",\"url\":\"https:\/\/agenciainfra.com\/blog\/wp-content\/uploads\/2023\/09\/iNFRA_5-e1761735885940.png\",\"contentUrl\":\"https:\/\/agenciainfra.com\/blog\/wp-content\/uploads\/2023\/09\/iNFRA_5-e1761735885940.png\",\"width\":1672,\"height\":454,\"caption\":\"Ag\u00eancia iNFRA\"},\"image\":{\"@id\":\"https:\/\/agenciainfra.com\/blog\/#\/schema\/logo\/image\/\"},\"sameAs\":[\"https:\/\/www.facebook.com\/ageninfra\",\"https:\/\/x.com\/agencia_infra\",\"https:\/\/www.linkedin.com\/company\/ag\u00eanciainfra\/\",\"https:\/\/www.instagram.com\/agenciainfra\/\"]},{\"@type\":\"Person\",\"@id\":\"https:\/\/agenciainfra.com\/blog\/#\/schema\/person\/34af08dff6adea4cb22b06612ba7acfa\",\"name\":\"Ag\u00eancia iNFRA\",\"image\":{\"@type\":\"ImageObject\",\"inLanguage\":\"pt-BR\",\"@id\":\"https:\/\/agenciainfra.com\/blog\/#\/schema\/person\/image\/\",\"url\":\"https:\/\/secure.gravatar.com\/avatar\/d189e01678f06d8eb84d4e01f08eb848b3fffe3f8443818d3c356c66892f5be8?s=96&d=mm&r=g\",\"contentUrl\":\"https:\/\/secure.gravatar.com\/avatar\/d189e01678f06d8eb84d4e01f08eb848b3fffe3f8443818d3c356c66892f5be8?s=96&d=mm&r=g\",\"caption\":\"Ag\u00eancia iNFRA\"},\"url\":\"https:\/\/agenciainfra.com\/blog\/author\/admin\/\"}]}<\/script>\n<!-- \/ Yoast SEO Premium plugin. -->","yoast_head_json":{"title":"ANEEL avalia contratos com hor\u00e1rio restrito para recarga de ve\u00edculos - Ag\u00eancia iNFRA","robots":{"index":"index","follow":"follow","max-snippet":"max-snippet:-1","max-image-preview":"max-image-preview:large","max-video-preview":"max-video-preview:-1"},"canonical":"https:\/\/agenciainfra.com\/blog\/aneel-avalia-contratos-com-horario-restrito-para-recarga-de-veiculos\/","og_locale":"pt_BR","og_type":"article","og_title":"ANEEL avalia contratos com hor\u00e1rio restrito para recarga de ve\u00edculos","og_description":"Lais Carregosa e&nbsp;Geraldo Campos Jr., da Ag\u00eancia iNFRA A ANEEL (Ag\u00eancia Nacional de Energia El\u00e9trica) pode permitir que as distribuidoras adotem uma nova modalidade de recarga de ve\u00edculos el\u00e9tricos, com hor\u00e1rios e dias espec\u00edficos para o abastecimento. As restri\u00e7\u00f5es seriam estabelecidas em contrato entre a concession\u00e1ria e o agente ou consumidor que quiser instalar o [&hellip;]","og_url":"https:\/\/agenciainfra.com\/blog\/aneel-avalia-contratos-com-horario-restrito-para-recarga-de-veiculos\/","og_site_name":"Ag\u00eancia iNFRA","article_publisher":"https:\/\/www.facebook.com\/ageninfra","article_published_time":"2025-12-02T12:00:00+00:00","article_modified_time":"2025-12-02T23:24:38+00:00","og_image":[{"width":1280,"height":765,"url":"https:\/\/agenciainfra.com\/blog\/wp-content\/uploads\/2025\/10\/veiculos-eletricos-foto-jose-cruz-agencia-brasil.jpg","type":"image\/jpeg"}],"author":"Ag\u00eancia iNFRA","twitter_card":"summary_large_image","twitter_creator":"@agencia_infra","twitter_site":"@agencia_infra","twitter_misc":{"Escrito por":"Ag\u00eancia iNFRA","Est. tempo de leitura":"3 minutos"},"schema":{"@context":"https:\/\/schema.org","@graph":[{"@type":"Article","@id":"https:\/\/agenciainfra.com\/blog\/aneel-avalia-contratos-com-horario-restrito-para-recarga-de-veiculos\/#article","isPartOf":{"@id":"https:\/\/agenciainfra.com\/blog\/aneel-avalia-contratos-com-horario-restrito-para-recarga-de-veiculos\/"},"author":{"name":"Ag\u00eancia iNFRA","@id":"https:\/\/agenciainfra.com\/blog\/#\/schema\/person\/34af08dff6adea4cb22b06612ba7acfa"},"headline":"ANEEL avalia contratos com hor\u00e1rio restrito para recarga de ve\u00edculos","datePublished":"2025-12-02T12:00:00+00:00","dateModified":"2025-12-02T23:24:38+00:00","mainEntityOfPage":{"@id":"https:\/\/agenciainfra.com\/blog\/aneel-avalia-contratos-com-horario-restrito-para-recarga-de-veiculos\/"},"wordCount":625,"publisher":{"@id":"https:\/\/agenciainfra.com\/blog\/#organization"},"image":{"@id":"https:\/\/agenciainfra.com\/blog\/aneel-avalia-contratos-com-horario-restrito-para-recarga-de-veiculos\/#primaryimage"},"thumbnailUrl":"https:\/\/agenciainfra.com\/blog\/wp-content\/uploads\/2025\/10\/veiculos-eletricos-foto-jose-cruz-agencia-brasil.jpg","keywords":["ANEEL","eletropostos","energia","Geraldo Campos Jr.","Lais Carregosa","recarga de ve\u00edculos","ve\u00edculos el\u00e9tricos","Willamy Frota ANEEL"],"articleSection":["Destaque lista","iNFRAEnergia"],"inLanguage":"pt-BR","copyrightYear":"2025","copyrightHolder":{"@id":"https:\/\/agenciainfra.com\/blog\/#organization"}},{"@type":"WebPage","@id":"https:\/\/agenciainfra.com\/blog\/aneel-avalia-contratos-com-horario-restrito-para-recarga-de-veiculos\/","url":"https:\/\/agenciainfra.com\/blog\/aneel-avalia-contratos-com-horario-restrito-para-recarga-de-veiculos\/","name":"ANEEL avalia contratos com hor\u00e1rio restrito para recarga de ve\u00edculos - Ag\u00eancia iNFRA","isPartOf":{"@id":"https:\/\/agenciainfra.com\/blog\/#website"},"primaryImageOfPage":{"@id":"https:\/\/agenciainfra.com\/blog\/aneel-avalia-contratos-com-horario-restrito-para-recarga-de-veiculos\/#primaryimage"},"image":{"@id":"https:\/\/agenciainfra.com\/blog\/aneel-avalia-contratos-com-horario-restrito-para-recarga-de-veiculos\/#primaryimage"},"thumbnailUrl":"https:\/\/agenciainfra.com\/blog\/wp-content\/uploads\/2025\/10\/veiculos-eletricos-foto-jose-cruz-agencia-brasil.jpg","datePublished":"2025-12-02T12:00:00+00:00","dateModified":"2025-12-02T23:24:38+00:00","breadcrumb":{"@id":"https:\/\/agenciainfra.com\/blog\/aneel-avalia-contratos-com-horario-restrito-para-recarga-de-veiculos\/#breadcrumb"},"inLanguage":"pt-BR","potentialAction":[{"@type":"ReadAction","target":["https:\/\/agenciainfra.com\/blog\/aneel-avalia-contratos-com-horario-restrito-para-recarga-de-veiculos\/"]}]},{"@type":"ImageObject","inLanguage":"pt-BR","@id":"https:\/\/agenciainfra.com\/blog\/aneel-avalia-contratos-com-horario-restrito-para-recarga-de-veiculos\/#primaryimage","url":"https:\/\/agenciainfra.com\/blog\/wp-content\/uploads\/2025\/10\/veiculos-eletricos-foto-jose-cruz-agencia-brasil.jpg","contentUrl":"https:\/\/agenciainfra.com\/blog\/wp-content\/uploads\/2025\/10\/veiculos-eletricos-foto-jose-cruz-agencia-brasil.jpg","width":1280,"height":765,"caption":"Foto: Jos\u00e9 Cruz\/Ag\u00eancia Brasil"},{"@type":"BreadcrumbList","@id":"https:\/\/agenciainfra.com\/blog\/aneel-avalia-contratos-com-horario-restrito-para-recarga-de-veiculos\/#breadcrumb","itemListElement":[{"@type":"ListItem","position":1,"name":"In\u00edcio","item":"https:\/\/agenciainfra.com\/blog\/"},{"@type":"ListItem","position":2,"name":"ANEEL avalia contratos com hor\u00e1rio restrito para recarga de ve\u00edculos"}]},{"@type":"WebSite","@id":"https:\/\/agenciainfra.com\/blog\/#website","url":"https:\/\/agenciainfra.com\/blog\/","name":"Ag\u00eancia iNFRA","description":"Multiplataforma de informa\u00e7\u00e3o jornal\u00edstica refer\u00eancia na \u00e1rea de infraestrutura no Brasil!","publisher":{"@id":"https:\/\/agenciainfra.com\/blog\/#organization"},"potentialAction":[{"@type":"SearchAction","target":{"@type":"EntryPoint","urlTemplate":"https:\/\/agenciainfra.com\/blog\/?s={search_term_string}"},"query-input":{"@type":"PropertyValueSpecification","valueRequired":true,"valueName":"search_term_string"}}],"inLanguage":"pt-BR"},{"@type":"Organization","@id":"https:\/\/agenciainfra.com\/blog\/#organization","name":"Ag\u00eancia iNFRA","url":"https:\/\/agenciainfra.com\/blog\/","logo":{"@type":"ImageObject","inLanguage":"pt-BR","@id":"https:\/\/agenciainfra.com\/blog\/#\/schema\/logo\/image\/","url":"https:\/\/agenciainfra.com\/blog\/wp-content\/uploads\/2023\/09\/iNFRA_5-e1761735885940.png","contentUrl":"https:\/\/agenciainfra.com\/blog\/wp-content\/uploads\/2023\/09\/iNFRA_5-e1761735885940.png","width":1672,"height":454,"caption":"Ag\u00eancia iNFRA"},"image":{"@id":"https:\/\/agenciainfra.com\/blog\/#\/schema\/logo\/image\/"},"sameAs":["https:\/\/www.facebook.com\/ageninfra","https:\/\/x.com\/agencia_infra","https:\/\/www.linkedin.com\/company\/ag\u00eanciainfra\/","https:\/\/www.instagram.com\/agenciainfra\/"]},{"@type":"Person","@id":"https:\/\/agenciainfra.com\/blog\/#\/schema\/person\/34af08dff6adea4cb22b06612ba7acfa","name":"Ag\u00eancia iNFRA","image":{"@type":"ImageObject","inLanguage":"pt-BR","@id":"https:\/\/agenciainfra.com\/blog\/#\/schema\/person\/image\/","url":"https:\/\/secure.gravatar.com\/avatar\/d189e01678f06d8eb84d4e01f08eb848b3fffe3f8443818d3c356c66892f5be8?s=96&d=mm&r=g","contentUrl":"https:\/\/secure.gravatar.com\/avatar\/d189e01678f06d8eb84d4e01f08eb848b3fffe3f8443818d3c356c66892f5be8?s=96&d=mm&r=g","caption":"Ag\u00eancia iNFRA"},"url":"https:\/\/agenciainfra.com\/blog\/author\/admin\/"}]}},"_links":{"self":[{"href":"https:\/\/agenciainfra.com\/blog\/wp-json\/wp\/v2\/posts\/33133","targetHints":{"allow":["GET"]}}],"collection":[{"href":"https:\/\/agenciainfra.com\/blog\/wp-json\/wp\/v2\/posts"}],"about":[{"href":"https:\/\/agenciainfra.com\/blog\/wp-json\/wp\/v2\/types\/post"}],"author":[{"embeddable":true,"href":"https:\/\/agenciainfra.com\/blog\/wp-json\/wp\/v2\/users\/1"}],"replies":[{"embeddable":true,"href":"https:\/\/agenciainfra.com\/blog\/wp-json\/wp\/v2\/comments?post=33133"}],"version-history":[{"count":1,"href":"https:\/\/agenciainfra.com\/blog\/wp-json\/wp\/v2\/posts\/33133\/revisions"}],"predecessor-version":[{"id":33134,"href":"https:\/\/agenciainfra.com\/blog\/wp-json\/wp\/v2\/posts\/33133\/revisions\/33134"}],"wp:featuredmedia":[{"embeddable":true,"href":"https:\/\/agenciainfra.com\/blog\/wp-json\/wp\/v2\/media\/29592"}],"wp:attachment":[{"href":"https:\/\/agenciainfra.com\/blog\/wp-json\/wp\/v2\/media?parent=33133"}],"wp:term":[{"taxonomy":"category","embeddable":true,"href":"https:\/\/agenciainfra.com\/blog\/wp-json\/wp\/v2\/categories?post=33133"},{"taxonomy":"post_tag","embeddable":true,"href":"https:\/\/agenciainfra.com\/blog\/wp-json\/wp\/v2\/tags?post=33133"}],"curies":[{"name":"wp","href":"https:\/\/api.w.org\/{rel}","templated":true}]}}