{"id":33187,"date":"2025-12-02T17:56:17","date_gmt":"2025-12-02T20:56:17","guid":{"rendered":"https:\/\/agenciainfra.com\/blog\/?p=33187"},"modified":"2025-12-05T12:01:08","modified_gmt":"2025-12-05T15:01:08","slug":"petrobras-quer-carga-em-ferrovia-no-interior-do-nordeste-diz-magda","status":"publish","type":"post","link":"https:\/\/agenciainfra.com\/blog\/petrobras-quer-carga-em-ferrovia-no-interior-do-nordeste-diz-magda\/","title":{"rendered":"Petrobras quer carga em ferrovia no interior do Nordeste, diz Magda"},"content":{"rendered":"\n<p class=\"has-text-align-right\"><strong>Gabriel Vasconcelos, da Ag\u00eancia iNFRA<\/strong><\/p>\n\n\n\n<p>A presidente da Petrobras, Magda Chambriard, afirmou nesta ter\u00e7a-feira (2) que a estatal est\u00e1 atenta \u00e0s movimenta\u00e7\u00f5es no setor de ferrovias e conta com o modal para a log\u00edstica de expans\u00e3o do fornecimento dos seus combust\u00edveis no Norte e Nordeste do Pa\u00eds. Magda foi espec\u00edfica ao citar o desejo de levar mais derivados da Petrobras produzidos na Rnest (Refinaria Abreu e Lima), em Pernambuco, ao chamado Matopiba, regi\u00e3o de expans\u00e3o do agroneg\u00f3cio que engloba todo o Tocantins, grande parte do Maranh\u00e3o e o oeste do Piau\u00ed e da Bahia.<\/p>\n\n\n\n<p>&#8220;Quando a gente fala da refinaria e do porto [Rnest e Suape], n\u00e3o \u00e9 demais dizer que vamos querer entregar mais derivados por aqui [no Nordeste]. Vamos estar de olho na regi\u00e3o do Matopiba, e vamos estar de olho na ferrovia tamb\u00e9m. Ferrovia \u00e9 um aparato log\u00edstico importante para esses segundos 72 anos da Petrobras. E essa expans\u00e3o log\u00edstica vai ser \u00e2ncora desse planejamento&#8221;, disse Magda, em cerim\u00f4nia sobre o aumento da capacidade da Rnest, ao lado do presidente Lula.<\/p>\n\n\n\n<p>A Petrobras j\u00e1 tem usado o modal ferrovi\u00e1rio para ampliar vendas diretas de combust\u00edveis a grandes consumidores do agroneg\u00f3cio. A estatal tem contrato com a Rumo Log\u00edstica para levar o diesel produzido em S\u00e3o Paulo que chega pelo Osbra (Gasoduto S\u00e3o Paulo-Bras\u00edlia) at\u00e9 pontos do Centro-Oeste por meio da malha da concession\u00e1ria na regi\u00e3o.<\/p>\n\n\n\n<div class=\"wp-block-group is-layout-constrained wp-block-group-is-layout-constrained\">\n<p><strong>Men\u00e7\u00e3o \u00e0 Transnordestina\u00a0<\/strong><br>Ap\u00f3s a fala de Magda, a governadora de Pernambuco, Raquel Lyra (PSD-PE), disse ter falado com Magda \u00e0 respeito dos tra\u00e7ados que comp\u00f5em a malha Transnordestina (EF-232 e EF-116), com trechos recolocados em licita\u00e7\u00e3o pelo governo federal. \u00c9 o caso daquele entre o munic\u00edpio de Salgueiro e o porto de Suape, por onde a Petrobras armazena e escoa boa parte da produ\u00e7\u00e3o da Rnest.<\/p>\n\n\n\n<p>&#8220;A presidenta Magda me falou da Transnordestina. Eu n\u00e3o sei se voc\u00eas ouviram ela falar que est\u00e1 interessada em ferrovia. A Transnordestina vai voltar. O edital de licita\u00e7\u00e3o foi publicado. Eu sei que, com parceria p\u00fablico-privada, com empresa botando dinheiro, n\u00f3s vamos fazer essa ferrovia chegar aqui em Suape. E a\u00ed a gente conecta o Brasil ao mundo, e o mundo ao Brasil por meio de Pernambuco&#8221;, disse.<\/p>\n\n\n\n<p>O governo estima que a Transnordestina deve ficar integralmente pronta, entre trechos constru\u00eddos com recursos p\u00fablicos e outros pela iniciativa privada, at\u00e9 2029. A malha ter\u00e1, ent\u00e3o, o formato de um &#8220;T&#8221; invertido, formado por tr\u00eas tra\u00e7ados unidos: o primeiro ligando os munic\u00edpios de Eliseu Martins (PI), no centro-sul do Piau\u00ed a Salgueiro (PE); um segundo que segue do entroncamento em Salgueiro (PE) at\u00e9 o Porto de Suape (PE); e a &#8220;perna do T&#8221;, que liga Salgueiro (PE) ao Porto do Pec\u00e9m (CE), mais ao norte. Tudo perfaz 1,2 mil quil\u00f4metros de extens\u00e3o, com investimento estimado pelo governo em R$ 12 bilh\u00f5es.<\/p>\n<\/div>\n\n\n\n<p><\/p>\n","protected":false},"excerpt":{"rendered":"<p>Gabriel Vasconcelos, da Ag\u00eancia iNFRA A presidente da Petrobras, Magda Chambriard, afirmou nesta ter\u00e7a-feira (2) que a estatal est\u00e1 atenta \u00e0s movimenta\u00e7\u00f5es no setor de ferrovias e conta com o modal para a log\u00edstica de expans\u00e3o do fornecimento dos seus combust\u00edveis no Norte e Nordeste do Pa\u00eds. Magda foi espec\u00edfica ao citar o desejo de [&hellip;]<\/p>\n","protected":false},"author":1,"featured_media":22697,"comment_status":"closed","ping_status":"closed","sticky":false,"template":"","format":"standard","meta":{"_monsterinsights_skip_tracking":false,"_monsterinsights_sitenote_active":false,"_monsterinsights_sitenote_note":"","_monsterinsights_sitenote_category":0,"footnotes":""},"categories":[13271],"tags":[314,17286,120,13251,9446,1839,143,2876,7041,13802,9696,1130,504,1033],"class_list":["post-33187","post","type-post","status-publish","format-standard","has-post-thumbnail","hentry","category-oleo-gas","tag-combustiveis","tag-ef-116","tag-ferrovias","tag-gabriel-vasconcelos","tag-magda-chambriard","tag-matopiba","tag-petrobras","tag-porto-de-suape","tag-raquel-lyra","tag-refinaria-abreu-e-lima","tag-rnest","tag-rumo-logistica","tag-transnordestina","tag-transporte-ferroviario"],"yoast_head":"<!-- This site is optimized with the Yoast SEO Premium plugin v25.4 (Yoast SEO v26.0) - https:\/\/yoast.com\/wordpress\/plugins\/seo\/ -->\n<title>Petrobras quer carga em ferrovia no interior do Nordeste, diz Magda - Ag\u00eancia iNFRA<\/title>\n<meta name=\"robots\" content=\"index, follow, max-snippet:-1, max-image-preview:large, max-video-preview:-1\" \/>\n<link rel=\"canonical\" href=\"https:\/\/agenciainfra.com\/blog\/petrobras-quer-carga-em-ferrovia-no-interior-do-nordeste-diz-magda\/\" \/>\n<meta property=\"og:locale\" content=\"pt_BR\" \/>\n<meta property=\"og:type\" content=\"article\" \/>\n<meta property=\"og:title\" content=\"Petrobras quer carga em ferrovia no interior do Nordeste, diz Magda\" \/>\n<meta property=\"og:description\" content=\"Gabriel Vasconcelos, da Ag\u00eancia iNFRA A presidente da Petrobras, Magda Chambriard, afirmou nesta ter\u00e7a-feira (2) que a estatal est\u00e1 atenta \u00e0s movimenta\u00e7\u00f5es no setor de ferrovias e conta com o modal para a log\u00edstica de expans\u00e3o do fornecimento dos seus combust\u00edveis no Norte e Nordeste do Pa\u00eds. Magda foi espec\u00edfica ao citar o desejo de [&hellip;]\" \/>\n<meta property=\"og:url\" content=\"https:\/\/agenciainfra.com\/blog\/petrobras-quer-carga-em-ferrovia-no-interior-do-nordeste-diz-magda\/\" \/>\n<meta property=\"og:site_name\" content=\"Ag\u00eancia iNFRA\" \/>\n<meta property=\"article:publisher\" content=\"https:\/\/www.facebook.com\/ageninfra\" \/>\n<meta property=\"article:published_time\" content=\"2025-12-02T20:56:17+00:00\" \/>\n<meta property=\"article:modified_time\" content=\"2025-12-05T15:01:08+00:00\" \/>\n<meta property=\"og:image\" content=\"https:\/\/agenciainfra.com\/blog\/wp-content\/uploads\/2025\/06\/magda-chambriard-foto-rafa-pereira-petrobras.jpg\" \/>\n\t<meta property=\"og:image:width\" content=\"1280\" \/>\n\t<meta property=\"og:image:height\" content=\"853\" \/>\n\t<meta property=\"og:image:type\" content=\"image\/jpeg\" \/>\n<meta name=\"author\" content=\"Ag\u00eancia iNFRA\" \/>\n<meta name=\"twitter:card\" content=\"summary_large_image\" \/>\n<meta name=\"twitter:creator\" content=\"@agencia_infra\" \/>\n<meta name=\"twitter:site\" content=\"@agencia_infra\" \/>\n<meta name=\"twitter:label1\" content=\"Escrito por\" \/>\n\t<meta name=\"twitter:data1\" content=\"Ag\u00eancia iNFRA\" \/>\n\t<meta name=\"twitter:label2\" content=\"Est. tempo de leitura\" \/>\n\t<meta name=\"twitter:data2\" content=\"3 minutos\" \/>\n<script type=\"application\/ld+json\" class=\"yoast-schema-graph\">{\"@context\":\"https:\/\/schema.org\",\"@graph\":[{\"@type\":\"Article\",\"@id\":\"https:\/\/agenciainfra.com\/blog\/petrobras-quer-carga-em-ferrovia-no-interior-do-nordeste-diz-magda\/#article\",\"isPartOf\":{\"@id\":\"https:\/\/agenciainfra.com\/blog\/petrobras-quer-carga-em-ferrovia-no-interior-do-nordeste-diz-magda\/\"},\"author\":{\"name\":\"Ag\u00eancia iNFRA\",\"@id\":\"https:\/\/agenciainfra.com\/blog\/#\/schema\/person\/34af08dff6adea4cb22b06612ba7acfa\"},\"headline\":\"Petrobras quer carga em ferrovia no interior do Nordeste, diz Magda\",\"datePublished\":\"2025-12-02T20:56:17+00:00\",\"dateModified\":\"2025-12-05T15:01:08+00:00\",\"mainEntityOfPage\":{\"@id\":\"https:\/\/agenciainfra.com\/blog\/petrobras-quer-carga-em-ferrovia-no-interior-do-nordeste-diz-magda\/\"},\"wordCount\":516,\"publisher\":{\"@id\":\"https:\/\/agenciainfra.com\/blog\/#organization\"},\"image\":{\"@id\":\"https:\/\/agenciainfra.com\/blog\/petrobras-quer-carga-em-ferrovia-no-interior-do-nordeste-diz-magda\/#primaryimage\"},\"thumbnailUrl\":\"https:\/\/agenciainfra.com\/blog\/wp-content\/uploads\/2025\/06\/magda-chambriard-foto-rafa-pereira-petrobras.jpg\",\"keywords\":[\"combust\u00edveis\",\"EF-116\",\"Ferrovias\",\"Gabriel Vasconcelos\",\"Magda Chambriard\",\"Matopiba\",\"Petrobras\",\"Porto de Suape\",\"Raquel Lyra\",\"Refinaria Abreu e Lima\",\"Rnest\",\"Rumo Log\u00edstica\",\"Transnordestina\",\"transporte ferrovi\u00e1rio\"],\"articleSection\":[\"\u00d3leo &amp; G\u00e1s\"],\"inLanguage\":\"pt-BR\",\"copyrightYear\":\"2025\",\"copyrightHolder\":{\"@id\":\"https:\/\/agenciainfra.com\/blog\/#organization\"}},{\"@type\":\"WebPage\",\"@id\":\"https:\/\/agenciainfra.com\/blog\/petrobras-quer-carga-em-ferrovia-no-interior-do-nordeste-diz-magda\/\",\"url\":\"https:\/\/agenciainfra.com\/blog\/petrobras-quer-carga-em-ferrovia-no-interior-do-nordeste-diz-magda\/\",\"name\":\"Petrobras quer carga em ferrovia no interior do Nordeste, diz Magda - Ag\u00eancia iNFRA\",\"isPartOf\":{\"@id\":\"https:\/\/agenciainfra.com\/blog\/#website\"},\"primaryImageOfPage\":{\"@id\":\"https:\/\/agenciainfra.com\/blog\/petrobras-quer-carga-em-ferrovia-no-interior-do-nordeste-diz-magda\/#primaryimage\"},\"image\":{\"@id\":\"https:\/\/agenciainfra.com\/blog\/petrobras-quer-carga-em-ferrovia-no-interior-do-nordeste-diz-magda\/#primaryimage\"},\"thumbnailUrl\":\"https:\/\/agenciainfra.com\/blog\/wp-content\/uploads\/2025\/06\/magda-chambriard-foto-rafa-pereira-petrobras.jpg\",\"datePublished\":\"2025-12-02T20:56:17+00:00\",\"dateModified\":\"2025-12-05T15:01:08+00:00\",\"breadcrumb\":{\"@id\":\"https:\/\/agenciainfra.com\/blog\/petrobras-quer-carga-em-ferrovia-no-interior-do-nordeste-diz-magda\/#breadcrumb\"},\"inLanguage\":\"pt-BR\",\"potentialAction\":[{\"@type\":\"ReadAction\",\"target\":[\"https:\/\/agenciainfra.com\/blog\/petrobras-quer-carga-em-ferrovia-no-interior-do-nordeste-diz-magda\/\"]}]},{\"@type\":\"ImageObject\",\"inLanguage\":\"pt-BR\",\"@id\":\"https:\/\/agenciainfra.com\/blog\/petrobras-quer-carga-em-ferrovia-no-interior-do-nordeste-diz-magda\/#primaryimage\",\"url\":\"https:\/\/agenciainfra.com\/blog\/wp-content\/uploads\/2025\/06\/magda-chambriard-foto-rafa-pereira-petrobras.jpg\",\"contentUrl\":\"https:\/\/agenciainfra.com\/blog\/wp-content\/uploads\/2025\/06\/magda-chambriard-foto-rafa-pereira-petrobras.jpg\",\"width\":1280,\"height\":853,\"caption\":\"Foto: Rafael Pereira\/Petrobras\"},{\"@type\":\"BreadcrumbList\",\"@id\":\"https:\/\/agenciainfra.com\/blog\/petrobras-quer-carga-em-ferrovia-no-interior-do-nordeste-diz-magda\/#breadcrumb\",\"itemListElement\":[{\"@type\":\"ListItem\",\"position\":1,\"name\":\"In\u00edcio\",\"item\":\"https:\/\/agenciainfra.com\/blog\/\"},{\"@type\":\"ListItem\",\"position\":2,\"name\":\"Petrobras quer carga em ferrovia no interior do Nordeste, diz Magda\"}]},{\"@type\":\"WebSite\",\"@id\":\"https:\/\/agenciainfra.com\/blog\/#website\",\"url\":\"https:\/\/agenciainfra.com\/blog\/\",\"name\":\"Ag\u00eancia iNFRA\",\"description\":\"Multiplataforma de informa\u00e7\u00e3o jornal\u00edstica refer\u00eancia na \u00e1rea de infraestrutura no Brasil!\",\"publisher\":{\"@id\":\"https:\/\/agenciainfra.com\/blog\/#organization\"},\"potentialAction\":[{\"@type\":\"SearchAction\",\"target\":{\"@type\":\"EntryPoint\",\"urlTemplate\":\"https:\/\/agenciainfra.com\/blog\/?s={search_term_string}\"},\"query-input\":{\"@type\":\"PropertyValueSpecification\",\"valueRequired\":true,\"valueName\":\"search_term_string\"}}],\"inLanguage\":\"pt-BR\"},{\"@type\":\"Organization\",\"@id\":\"https:\/\/agenciainfra.com\/blog\/#organization\",\"name\":\"Ag\u00eancia iNFRA\",\"url\":\"https:\/\/agenciainfra.com\/blog\/\",\"logo\":{\"@type\":\"ImageObject\",\"inLanguage\":\"pt-BR\",\"@id\":\"https:\/\/agenciainfra.com\/blog\/#\/schema\/logo\/image\/\",\"url\":\"https:\/\/agenciainfra.com\/blog\/wp-content\/uploads\/2023\/09\/iNFRA_5-e1761735885940.png\",\"contentUrl\":\"https:\/\/agenciainfra.com\/blog\/wp-content\/uploads\/2023\/09\/iNFRA_5-e1761735885940.png\",\"width\":1672,\"height\":454,\"caption\":\"Ag\u00eancia iNFRA\"},\"image\":{\"@id\":\"https:\/\/agenciainfra.com\/blog\/#\/schema\/logo\/image\/\"},\"sameAs\":[\"https:\/\/www.facebook.com\/ageninfra\",\"https:\/\/x.com\/agencia_infra\",\"https:\/\/www.linkedin.com\/company\/ag\u00eanciainfra\/\",\"https:\/\/www.instagram.com\/agenciainfra\/\"]},{\"@type\":\"Person\",\"@id\":\"https:\/\/agenciainfra.com\/blog\/#\/schema\/person\/34af08dff6adea4cb22b06612ba7acfa\",\"name\":\"Ag\u00eancia iNFRA\",\"image\":{\"@type\":\"ImageObject\",\"inLanguage\":\"pt-BR\",\"@id\":\"https:\/\/agenciainfra.com\/blog\/#\/schema\/person\/image\/\",\"url\":\"https:\/\/secure.gravatar.com\/avatar\/d189e01678f06d8eb84d4e01f08eb848b3fffe3f8443818d3c356c66892f5be8?s=96&d=mm&r=g\",\"contentUrl\":\"https:\/\/secure.gravatar.com\/avatar\/d189e01678f06d8eb84d4e01f08eb848b3fffe3f8443818d3c356c66892f5be8?s=96&d=mm&r=g\",\"caption\":\"Ag\u00eancia iNFRA\"},\"url\":\"https:\/\/agenciainfra.com\/blog\/author\/admin\/\"}]}<\/script>\n<!-- \/ Yoast SEO Premium plugin. -->","yoast_head_json":{"title":"Petrobras quer carga em ferrovia no interior do Nordeste, diz Magda - Ag\u00eancia iNFRA","robots":{"index":"index","follow":"follow","max-snippet":"max-snippet:-1","max-image-preview":"max-image-preview:large","max-video-preview":"max-video-preview:-1"},"canonical":"https:\/\/agenciainfra.com\/blog\/petrobras-quer-carga-em-ferrovia-no-interior-do-nordeste-diz-magda\/","og_locale":"pt_BR","og_type":"article","og_title":"Petrobras quer carga em ferrovia no interior do Nordeste, diz Magda","og_description":"Gabriel Vasconcelos, da Ag\u00eancia iNFRA A presidente da Petrobras, Magda Chambriard, afirmou nesta ter\u00e7a-feira (2) que a estatal est\u00e1 atenta \u00e0s movimenta\u00e7\u00f5es no setor de ferrovias e conta com o modal para a log\u00edstica de expans\u00e3o do fornecimento dos seus combust\u00edveis no Norte e Nordeste do Pa\u00eds. Magda foi espec\u00edfica ao citar o desejo de [&hellip;]","og_url":"https:\/\/agenciainfra.com\/blog\/petrobras-quer-carga-em-ferrovia-no-interior-do-nordeste-diz-magda\/","og_site_name":"Ag\u00eancia iNFRA","article_publisher":"https:\/\/www.facebook.com\/ageninfra","article_published_time":"2025-12-02T20:56:17+00:00","article_modified_time":"2025-12-05T15:01:08+00:00","og_image":[{"width":1280,"height":853,"url":"https:\/\/agenciainfra.com\/blog\/wp-content\/uploads\/2025\/06\/magda-chambriard-foto-rafa-pereira-petrobras.jpg","type":"image\/jpeg"}],"author":"Ag\u00eancia iNFRA","twitter_card":"summary_large_image","twitter_creator":"@agencia_infra","twitter_site":"@agencia_infra","twitter_misc":{"Escrito por":"Ag\u00eancia iNFRA","Est. tempo de leitura":"3 minutos"},"schema":{"@context":"https:\/\/schema.org","@graph":[{"@type":"Article","@id":"https:\/\/agenciainfra.com\/blog\/petrobras-quer-carga-em-ferrovia-no-interior-do-nordeste-diz-magda\/#article","isPartOf":{"@id":"https:\/\/agenciainfra.com\/blog\/petrobras-quer-carga-em-ferrovia-no-interior-do-nordeste-diz-magda\/"},"author":{"name":"Ag\u00eancia iNFRA","@id":"https:\/\/agenciainfra.com\/blog\/#\/schema\/person\/34af08dff6adea4cb22b06612ba7acfa"},"headline":"Petrobras quer carga em ferrovia no interior do Nordeste, diz Magda","datePublished":"2025-12-02T20:56:17+00:00","dateModified":"2025-12-05T15:01:08+00:00","mainEntityOfPage":{"@id":"https:\/\/agenciainfra.com\/blog\/petrobras-quer-carga-em-ferrovia-no-interior-do-nordeste-diz-magda\/"},"wordCount":516,"publisher":{"@id":"https:\/\/agenciainfra.com\/blog\/#organization"},"image":{"@id":"https:\/\/agenciainfra.com\/blog\/petrobras-quer-carga-em-ferrovia-no-interior-do-nordeste-diz-magda\/#primaryimage"},"thumbnailUrl":"https:\/\/agenciainfra.com\/blog\/wp-content\/uploads\/2025\/06\/magda-chambriard-foto-rafa-pereira-petrobras.jpg","keywords":["combust\u00edveis","EF-116","Ferrovias","Gabriel Vasconcelos","Magda Chambriard","Matopiba","Petrobras","Porto de Suape","Raquel Lyra","Refinaria Abreu e Lima","Rnest","Rumo Log\u00edstica","Transnordestina","transporte ferrovi\u00e1rio"],"articleSection":["\u00d3leo &amp; G\u00e1s"],"inLanguage":"pt-BR","copyrightYear":"2025","copyrightHolder":{"@id":"https:\/\/agenciainfra.com\/blog\/#organization"}},{"@type":"WebPage","@id":"https:\/\/agenciainfra.com\/blog\/petrobras-quer-carga-em-ferrovia-no-interior-do-nordeste-diz-magda\/","url":"https:\/\/agenciainfra.com\/blog\/petrobras-quer-carga-em-ferrovia-no-interior-do-nordeste-diz-magda\/","name":"Petrobras quer carga em ferrovia no interior do Nordeste, diz Magda - Ag\u00eancia iNFRA","isPartOf":{"@id":"https:\/\/agenciainfra.com\/blog\/#website"},"primaryImageOfPage":{"@id":"https:\/\/agenciainfra.com\/blog\/petrobras-quer-carga-em-ferrovia-no-interior-do-nordeste-diz-magda\/#primaryimage"},"image":{"@id":"https:\/\/agenciainfra.com\/blog\/petrobras-quer-carga-em-ferrovia-no-interior-do-nordeste-diz-magda\/#primaryimage"},"thumbnailUrl":"https:\/\/agenciainfra.com\/blog\/wp-content\/uploads\/2025\/06\/magda-chambriard-foto-rafa-pereira-petrobras.jpg","datePublished":"2025-12-02T20:56:17+00:00","dateModified":"2025-12-05T15:01:08+00:00","breadcrumb":{"@id":"https:\/\/agenciainfra.com\/blog\/petrobras-quer-carga-em-ferrovia-no-interior-do-nordeste-diz-magda\/#breadcrumb"},"inLanguage":"pt-BR","potentialAction":[{"@type":"ReadAction","target":["https:\/\/agenciainfra.com\/blog\/petrobras-quer-carga-em-ferrovia-no-interior-do-nordeste-diz-magda\/"]}]},{"@type":"ImageObject","inLanguage":"pt-BR","@id":"https:\/\/agenciainfra.com\/blog\/petrobras-quer-carga-em-ferrovia-no-interior-do-nordeste-diz-magda\/#primaryimage","url":"https:\/\/agenciainfra.com\/blog\/wp-content\/uploads\/2025\/06\/magda-chambriard-foto-rafa-pereira-petrobras.jpg","contentUrl":"https:\/\/agenciainfra.com\/blog\/wp-content\/uploads\/2025\/06\/magda-chambriard-foto-rafa-pereira-petrobras.jpg","width":1280,"height":853,"caption":"Foto: Rafael Pereira\/Petrobras"},{"@type":"BreadcrumbList","@id":"https:\/\/agenciainfra.com\/blog\/petrobras-quer-carga-em-ferrovia-no-interior-do-nordeste-diz-magda\/#breadcrumb","itemListElement":[{"@type":"ListItem","position":1,"name":"In\u00edcio","item":"https:\/\/agenciainfra.com\/blog\/"},{"@type":"ListItem","position":2,"name":"Petrobras quer carga em ferrovia no interior do Nordeste, diz Magda"}]},{"@type":"WebSite","@id":"https:\/\/agenciainfra.com\/blog\/#website","url":"https:\/\/agenciainfra.com\/blog\/","name":"Ag\u00eancia iNFRA","description":"Multiplataforma de informa\u00e7\u00e3o jornal\u00edstica refer\u00eancia na \u00e1rea de infraestrutura no Brasil!","publisher":{"@id":"https:\/\/agenciainfra.com\/blog\/#organization"},"potentialAction":[{"@type":"SearchAction","target":{"@type":"EntryPoint","urlTemplate":"https:\/\/agenciainfra.com\/blog\/?s={search_term_string}"},"query-input":{"@type":"PropertyValueSpecification","valueRequired":true,"valueName":"search_term_string"}}],"inLanguage":"pt-BR"},{"@type":"Organization","@id":"https:\/\/agenciainfra.com\/blog\/#organization","name":"Ag\u00eancia iNFRA","url":"https:\/\/agenciainfra.com\/blog\/","logo":{"@type":"ImageObject","inLanguage":"pt-BR","@id":"https:\/\/agenciainfra.com\/blog\/#\/schema\/logo\/image\/","url":"https:\/\/agenciainfra.com\/blog\/wp-content\/uploads\/2023\/09\/iNFRA_5-e1761735885940.png","contentUrl":"https:\/\/agenciainfra.com\/blog\/wp-content\/uploads\/2023\/09\/iNFRA_5-e1761735885940.png","width":1672,"height":454,"caption":"Ag\u00eancia iNFRA"},"image":{"@id":"https:\/\/agenciainfra.com\/blog\/#\/schema\/logo\/image\/"},"sameAs":["https:\/\/www.facebook.com\/ageninfra","https:\/\/x.com\/agencia_infra","https:\/\/www.linkedin.com\/company\/ag\u00eanciainfra\/","https:\/\/www.instagram.com\/agenciainfra\/"]},{"@type":"Person","@id":"https:\/\/agenciainfra.com\/blog\/#\/schema\/person\/34af08dff6adea4cb22b06612ba7acfa","name":"Ag\u00eancia iNFRA","image":{"@type":"ImageObject","inLanguage":"pt-BR","@id":"https:\/\/agenciainfra.com\/blog\/#\/schema\/person\/image\/","url":"https:\/\/secure.gravatar.com\/avatar\/d189e01678f06d8eb84d4e01f08eb848b3fffe3f8443818d3c356c66892f5be8?s=96&d=mm&r=g","contentUrl":"https:\/\/secure.gravatar.com\/avatar\/d189e01678f06d8eb84d4e01f08eb848b3fffe3f8443818d3c356c66892f5be8?s=96&d=mm&r=g","caption":"Ag\u00eancia iNFRA"},"url":"https:\/\/agenciainfra.com\/blog\/author\/admin\/"}]}},"_links":{"self":[{"href":"https:\/\/agenciainfra.com\/blog\/wp-json\/wp\/v2\/posts\/33187","targetHints":{"allow":["GET"]}}],"collection":[{"href":"https:\/\/agenciainfra.com\/blog\/wp-json\/wp\/v2\/posts"}],"about":[{"href":"https:\/\/agenciainfra.com\/blog\/wp-json\/wp\/v2\/types\/post"}],"author":[{"embeddable":true,"href":"https:\/\/agenciainfra.com\/blog\/wp-json\/wp\/v2\/users\/1"}],"replies":[{"embeddable":true,"href":"https:\/\/agenciainfra.com\/blog\/wp-json\/wp\/v2\/comments?post=33187"}],"version-history":[{"count":3,"href":"https:\/\/agenciainfra.com\/blog\/wp-json\/wp\/v2\/posts\/33187\/revisions"}],"predecessor-version":[{"id":33395,"href":"https:\/\/agenciainfra.com\/blog\/wp-json\/wp\/v2\/posts\/33187\/revisions\/33395"}],"wp:featuredmedia":[{"embeddable":true,"href":"https:\/\/agenciainfra.com\/blog\/wp-json\/wp\/v2\/media\/22697"}],"wp:attachment":[{"href":"https:\/\/agenciainfra.com\/blog\/wp-json\/wp\/v2\/media?parent=33187"}],"wp:term":[{"taxonomy":"category","embeddable":true,"href":"https:\/\/agenciainfra.com\/blog\/wp-json\/wp\/v2\/categories?post=33187"},{"taxonomy":"post_tag","embeddable":true,"href":"https:\/\/agenciainfra.com\/blog\/wp-json\/wp\/v2\/tags?post=33187"}],"curies":[{"name":"wp","href":"https:\/\/api.w.org\/{rel}","templated":true}]}}