{"id":3319,"date":"2019-06-19T08:00:07","date_gmt":"2019-06-19T11:00:07","guid":{"rendered":"http:\/\/www.agenciainfra.com\/blog\/?p=3319"},"modified":"2019-06-17T17:47:52","modified_gmt":"2019-06-17T20:47:52","slug":"tcu-da-seis-meses-para-que-governo-acabe-com-precos-diferentes-de-combustivel-de-navegacao","status":"publish","type":"post","link":"https:\/\/agenciainfra.com\/blog\/tcu-da-seis-meses-para-que-governo-acabe-com-precos-diferentes-de-combustivel-de-navegacao\/","title":{"rendered":"TCU d\u00e1 seis meses para que governo acabe com pre\u00e7os diferentes de combust\u00edvel de navega\u00e7\u00e3o"},"content":{"rendered":"<div>\n<h5 style=\"text-align: right;\"><strong>da\u00a0Ag\u00eancia iNFRA<\/strong><\/h5>\n<p>O TCU (Tribunal de Contas da Uni\u00e3o) determinou que o governo apresente, em 180 dias, um plano de a\u00e7\u00e3o para acabar com a venda de combust\u00edvel para navega\u00e7\u00e3o com pre\u00e7os diferentes para os navios nacionais e estrangeiros. De acordo com o relator do processo, ministro Bruno Dantas, a cobran\u00e7a diferenciada fere a legisla\u00e7\u00e3o.<\/p>\n<p>A determina\u00e7\u00e3o, que envolve os minist\u00e9rios da Infraestrutura, de Minas e Energia e da Economia, \u00e9 parte das decis\u00f5es tomadas pelo \u00f3rg\u00e3o ao analisar a auditoria operacional que avaliou os problema da cabotagem no pa\u00eds, especialmente no setor de cont\u00eaineres.<\/p>\n<p>O relat\u00f3rio da auditoria, que foi antecipado pela\u00a0<strong>Ag\u00eancia iNFRA<\/strong>\u00a0e serviu de base para reportagem especial sobre o tema, dispon\u00edvel\u00a0<a href=\"https:\/\/agenciainfra.us14.list-manage.com\/track\/click?u=d460dd1bcf9ba0ae040e1fc0f&amp;id=cda0cf1818&amp;e=c099169394\" target=\"_blank\" rel=\"noopener\" data-saferedirecturl=\"https:\/\/www.google.com\/url?q=https:\/\/agenciainfra.us14.list-manage.com\/track\/click?u%3Dd460dd1bcf9ba0ae040e1fc0f%26id%3Dcda0cf1818%26e%3Dc099169394&amp;source=gmail&amp;ust=1560886812428000&amp;usg=AFQjCNFwWj8pqZqduN-M7pVlyuvQu_Jqdg\">neste link<\/a>, apontou que a falta de coordena\u00e7\u00e3o entre os diversos \u00f3rg\u00e3os p\u00fablicos envolvidos no sistema de navega\u00e7\u00e3o \u00e9 um dos entraves para o uso das vias mar\u00edtimas para o transporte de carga geral.<\/p>\n<p>O ac\u00f3rd\u00e3o, dispon\u00edvel\u00a0<a href=\"https:\/\/agenciainfra.us14.list-manage.com\/track\/click?u=d460dd1bcf9ba0ae040e1fc0f&amp;id=98e10c82e4&amp;e=c099169394\" target=\"_blank\" rel=\"noopener\" data-saferedirecturl=\"https:\/\/www.google.com\/url?q=https:\/\/agenciainfra.us14.list-manage.com\/track\/click?u%3Dd460dd1bcf9ba0ae040e1fc0f%26id%3D98e10c82e4%26e%3Dc099169394&amp;source=gmail&amp;ust=1560886812428000&amp;usg=AFQjCNEhT2oRL6qubeKVuWKRCa4Eh80o5A\">neste link<\/a>, traz ainda outras determina\u00e7\u00f5es para o governo, como uma redefini\u00e7\u00e3o do n\u00edvel de confidencialidade de informa\u00e7\u00f5es do Sistema Mercante, da Receita Federal, e do Portal \u00danico do Com\u00e9rcio Exterior; e um plano para que o Conhecimento de Transporte Multimodal de Cargas passe a ser utilizado nos sistemas da Receita Federal.<\/p>\n<p>\u00c0 ANTAQ, o TCU determinou um prazo de 180 dias para a apresenta\u00e7\u00e3o de &#8220;estudos sobre o mercado de navega\u00e7\u00e3o de cabotagem de cont\u00eainer, com o objetivo de encontrar op\u00e7\u00e3o regulat\u00f3ria para o fomento \u00e0 competi\u00e7\u00e3o no setor&#8221;. O voto referendou a an\u00e1lise da \u00e1rea t\u00e9cnica que apontou ind\u00edcios de carteliza\u00e7\u00e3o na cabotagem de cont\u00eaineres no pa\u00eds.<\/p>\n<p>Al\u00e9m das determina\u00e7\u00f5es, h\u00e1 uma s\u00e9rie de recomenda\u00e7\u00f5es do TCU ao minist\u00e9rio e \u00e0 ag\u00eancia que ter\u00e3o que ser analisadas pelos respons\u00e1veis nos \u00f3rg\u00e3os p\u00fablicos, entre elas a incorpora\u00e7\u00e3o das rotas de cabotagem no PNL (Plano Nacional de Log\u00edstica), mudan\u00e7as na sistematiza\u00e7\u00e3o do dados sobre o setor e pedido de estudos para que o ICMS do setor seja igualado.<\/p>\n<p>Durante o processo de vota\u00e7\u00e3o, os ministros mostraram-se perplexos com os resultados da auditoria e a falta de a\u00e7\u00e3o governamental na \u00e1rea para desenvolver o sistema de transporte pela cabotagem.<\/p>\n<p><strong>Sem Pol\u00edtica Setorial<\/strong><br \/>\nA auditoria realizada pela SeinfraFerroviaPortos do TCU partiu de tr\u00eas questionamentos:<\/p>\n<p>1) As a\u00e7\u00f5es de planejamento e de fomento \u00e0 cabotagem de cont\u00eaineres atualmente\u00a0conduzidas pelo Minist\u00e9rio da Infraestrutura estimulam o aumento da participa\u00e7\u00e3o desta navega\u00e7\u00e3o na\u00a0matriz de transportes?<br \/>\n2) A atual regula\u00e7\u00e3o da ANTAQ incentiva a concorr\u00eancia e\/ou aumento da oferta de\u00a0servi\u00e7o de transporte de cont\u00eainer por cabotagem?<br \/>\n3) Os procedimentos de controle atualmente aplic\u00e1veis \u00e0 movimenta\u00e7\u00e3o de cargas\u00a0nos terminais portu\u00e1rios obstaculizam o desenvolvimento da cabotagem de cont\u00eainer?<\/p>\n<p>Para esses tr\u00eas questionamentos, foram apresentados cinco achados mais relevantes que foram especificados ao longo do documento:<\/p>\n<p>1)\u00a0N\u00e3o existe pol\u00edtica p\u00fablica espec\u00edfica de fomento \u00e0 navega\u00e7\u00e3o de cabotagem;<br \/>\n2) Os sistemas de informa\u00e7\u00e3o governamentais n\u00e3o proveem informa\u00e7\u00f5es suficientes que\u00a0permitam o monitoramento das a\u00e7\u00f5es de fomento \u00e0 navega\u00e7\u00e3o de cabotagem de cont\u00eainer;<br \/>\n3) As estrat\u00e9gias previstas na PNT (Pol\u00edtica Nacional de Transporte) e a atua\u00e7\u00e3o dos \u00f3rg\u00e3os\u00a0setoriais n\u00e3o solucionam a falta de isonomia dos pre\u00e7os de combust\u00edvel entre a navega\u00e7\u00e3o de\u00a0cabotagem e a de longo curso;<br \/>\n4) N\u00e3o h\u00e1 fomento \u00e0 competi\u00e7\u00e3o entre armadores na navega\u00e7\u00e3o de cabotagem de cont\u00eainer;<br \/>\n5) A atua\u00e7\u00e3o dos \u00f3rg\u00e3os e entes p\u00fablicos n\u00e3o promove a operacionaliza\u00e7\u00e3o do transporte\u00a0multimodal de cargas na cabotagem.<\/p>\n<p>&#8220;O cen\u00e1rio atual da cabotagem demonstra a aus\u00eancia de uma pol\u00edtica p\u00fablica institucionalizada e a\u00e7\u00f5es sem sinergia, pontualmente adotadas por entidades e \u00f3rg\u00e3os, o que acaba por\u00a0prejudicar a participa\u00e7\u00e3o deste modal na log\u00edstica brasileira&#8221;, afirma o relator Bruno Dantas em seu voto.<\/p>\n<p><strong>Coordena\u00e7\u00e3o<\/strong><br \/>\nEm entrevista \u00e0\u00a0<strong>Ag\u00eancia iNFRA<\/strong>, Dantas disse que a cabotagem foi escolhida como tema pela relev\u00e2ncia e ressaltou que h\u00e1 necessidade de maior coordena\u00e7\u00e3o do governo em todo o setor de infraestrutura.<\/p>\n<p>&#8220;A fragmenta\u00e7\u00e3o dos esfor\u00e7os decorre da descentraliza\u00e7\u00e3o administrativa ocorrida no estado brasileiro. Mas, num setor t\u00e3o complexo como esse, \u00e9 recomend\u00e1vel uma atua\u00e7\u00e3o mais coordenada. Ali\u00e1s, \u00e9 sintom\u00e1tico que, nesse contexto, a cria\u00e7\u00e3o de uma estrutura como o PPI esteja trazendo tantos resultados positivos&#8221;, afirmou o ministro adiantando que o tribunal vai monitorar o cumprimento das decis\u00f5es.<\/p>\n<\/div>\n","protected":false},"excerpt":{"rendered":"<p>da\u00a0Ag\u00eancia iNFRA O TCU (Tribunal de Contas da Uni\u00e3o) determinou que o governo apresente, em 180 dias, um plano de a\u00e7\u00e3o para acabar com a venda de combust\u00edvel para navega\u00e7\u00e3o com pre\u00e7os diferentes para os navios nacionais e estrangeiros. De acordo com o relator do processo, ministro Bruno Dantas, a cobran\u00e7a diferenciada fere a legisla\u00e7\u00e3o. [&hellip;]<\/p>\n","protected":false},"author":9,"featured_media":3320,"comment_status":"closed","ping_status":"closed","sticky":false,"template":"","format":"standard","meta":{"_monsterinsights_skip_tracking":false,"_monsterinsights_sitenote_active":false,"_monsterinsights_sitenote_note":"","_monsterinsights_sitenote_category":0,"footnotes":""},"categories":[7],"tags":[86,396,407,1073,18],"class_list":["post-3319","post","type-post","status-publish","format-standard","has-post-thumbnail","hentry","category-infratransporte","tag-antaq","tag-bruno-dantas","tag-cabotagem","tag-combustivel-de-navegacao","tag-tcu"],"yoast_head":"<!-- This site is optimized with the Yoast SEO Premium plugin v25.4 (Yoast SEO v26.0) - https:\/\/yoast.com\/wordpress\/plugins\/seo\/ -->\n<title>TCU d\u00e1 seis meses para que governo acabe com pre\u00e7os diferentes de combust\u00edvel de navega\u00e7\u00e3o - Ag\u00eancia iNFRA<\/title>\n<meta name=\"robots\" content=\"index, follow, max-snippet:-1, max-image-preview:large, max-video-preview:-1\" \/>\n<link rel=\"canonical\" href=\"https:\/\/agenciainfra.com\/blog\/tcu-da-seis-meses-para-que-governo-acabe-com-precos-diferentes-de-combustivel-de-navegacao\/\" \/>\n<meta property=\"og:locale\" content=\"pt_BR\" \/>\n<meta property=\"og:type\" content=\"article\" \/>\n<meta property=\"og:title\" content=\"TCU d\u00e1 seis meses para que governo acabe com pre\u00e7os diferentes de combust\u00edvel de navega\u00e7\u00e3o\" \/>\n<meta property=\"og:description\" content=\"da\u00a0Ag\u00eancia iNFRA O TCU (Tribunal de Contas da Uni\u00e3o) determinou que o governo apresente, em 180 dias, um plano de a\u00e7\u00e3o para acabar com a venda de combust\u00edvel para navega\u00e7\u00e3o com pre\u00e7os diferentes para os navios nacionais e estrangeiros. De acordo com o relator do processo, ministro Bruno Dantas, a cobran\u00e7a diferenciada fere a legisla\u00e7\u00e3o. [&hellip;]\" \/>\n<meta property=\"og:url\" content=\"https:\/\/agenciainfra.com\/blog\/tcu-da-seis-meses-para-que-governo-acabe-com-precos-diferentes-de-combustivel-de-navegacao\/\" \/>\n<meta property=\"og:site_name\" content=\"Ag\u00eancia iNFRA\" \/>\n<meta property=\"article:publisher\" content=\"https:\/\/www.facebook.com\/ageninfra\" \/>\n<meta property=\"article:published_time\" content=\"2019-06-19T11:00:07+00:00\" \/>\n<meta property=\"og:image\" content=\"https:\/\/agenciainfra.com\/blog\/wp-content\/uploads\/2019\/06\/foto-ivan-bueno-arquivo-appa.jpeg\" \/>\n\t<meta property=\"og:image:width\" content=\"1494\" \/>\n\t<meta property=\"og:image:height\" content=\"978\" \/>\n\t<meta property=\"og:image:type\" content=\"image\/jpeg\" \/>\n<meta name=\"author\" content=\"Rodrigo Zuquim\" \/>\n<meta name=\"twitter:card\" content=\"summary_large_image\" \/>\n<meta name=\"twitter:creator\" content=\"@agencia_infra\" \/>\n<meta name=\"twitter:site\" content=\"@agencia_infra\" \/>\n<meta name=\"twitter:label1\" content=\"Escrito por\" \/>\n\t<meta name=\"twitter:data1\" content=\"Rodrigo Zuquim\" \/>\n\t<meta name=\"twitter:label2\" content=\"Est. tempo de leitura\" \/>\n\t<meta name=\"twitter:data2\" content=\"4 minutos\" \/>\n<script type=\"application\/ld+json\" class=\"yoast-schema-graph\">{\"@context\":\"https:\/\/schema.org\",\"@graph\":[{\"@type\":\"Article\",\"@id\":\"https:\/\/agenciainfra.com\/blog\/tcu-da-seis-meses-para-que-governo-acabe-com-precos-diferentes-de-combustivel-de-navegacao\/#article\",\"isPartOf\":{\"@id\":\"https:\/\/agenciainfra.com\/blog\/tcu-da-seis-meses-para-que-governo-acabe-com-precos-diferentes-de-combustivel-de-navegacao\/\"},\"author\":{\"name\":\"Rodrigo Zuquim\",\"@id\":\"https:\/\/agenciainfra.com\/blog\/#\/schema\/person\/04dbb79bd6d8951f063da71f3e4c1eb1\"},\"headline\":\"TCU d\u00e1 seis meses para que governo acabe com pre\u00e7os diferentes de combust\u00edvel de navega\u00e7\u00e3o\",\"datePublished\":\"2019-06-19T11:00:07+00:00\",\"mainEntityOfPage\":{\"@id\":\"https:\/\/agenciainfra.com\/blog\/tcu-da-seis-meses-para-que-governo-acabe-com-precos-diferentes-de-combustivel-de-navegacao\/\"},\"wordCount\":812,\"publisher\":{\"@id\":\"https:\/\/agenciainfra.com\/blog\/#organization\"},\"image\":{\"@id\":\"https:\/\/agenciainfra.com\/blog\/tcu-da-seis-meses-para-que-governo-acabe-com-precos-diferentes-de-combustivel-de-navegacao\/#primaryimage\"},\"thumbnailUrl\":\"https:\/\/agenciainfra.com\/blog\/wp-content\/uploads\/2019\/06\/foto-ivan-bueno-arquivo-appa.jpeg\",\"keywords\":[\"ANTAQ\",\"Bruno Dantas\",\"cabotagem\",\"combust\u00edvel de navega\u00e7\u00e3o\",\"TCU\"],\"articleSection\":[\"iNFRATransporte\"],\"inLanguage\":\"pt-BR\",\"copyrightYear\":\"2019\",\"copyrightHolder\":{\"@id\":\"https:\/\/agenciainfra.com\/blog\/#organization\"}},{\"@type\":\"WebPage\",\"@id\":\"https:\/\/agenciainfra.com\/blog\/tcu-da-seis-meses-para-que-governo-acabe-com-precos-diferentes-de-combustivel-de-navegacao\/\",\"url\":\"https:\/\/agenciainfra.com\/blog\/tcu-da-seis-meses-para-que-governo-acabe-com-precos-diferentes-de-combustivel-de-navegacao\/\",\"name\":\"TCU d\u00e1 seis meses para que governo acabe com pre\u00e7os diferentes de combust\u00edvel de navega\u00e7\u00e3o - Ag\u00eancia iNFRA\",\"isPartOf\":{\"@id\":\"https:\/\/agenciainfra.com\/blog\/#website\"},\"primaryImageOfPage\":{\"@id\":\"https:\/\/agenciainfra.com\/blog\/tcu-da-seis-meses-para-que-governo-acabe-com-precos-diferentes-de-combustivel-de-navegacao\/#primaryimage\"},\"image\":{\"@id\":\"https:\/\/agenciainfra.com\/blog\/tcu-da-seis-meses-para-que-governo-acabe-com-precos-diferentes-de-combustivel-de-navegacao\/#primaryimage\"},\"thumbnailUrl\":\"https:\/\/agenciainfra.com\/blog\/wp-content\/uploads\/2019\/06\/foto-ivan-bueno-arquivo-appa.jpeg\",\"datePublished\":\"2019-06-19T11:00:07+00:00\",\"breadcrumb\":{\"@id\":\"https:\/\/agenciainfra.com\/blog\/tcu-da-seis-meses-para-que-governo-acabe-com-precos-diferentes-de-combustivel-de-navegacao\/#breadcrumb\"},\"inLanguage\":\"pt-BR\",\"potentialAction\":[{\"@type\":\"ReadAction\",\"target\":[\"https:\/\/agenciainfra.com\/blog\/tcu-da-seis-meses-para-que-governo-acabe-com-precos-diferentes-de-combustivel-de-navegacao\/\"]}]},{\"@type\":\"ImageObject\",\"inLanguage\":\"pt-BR\",\"@id\":\"https:\/\/agenciainfra.com\/blog\/tcu-da-seis-meses-para-que-governo-acabe-com-precos-diferentes-de-combustivel-de-navegacao\/#primaryimage\",\"url\":\"https:\/\/agenciainfra.com\/blog\/wp-content\/uploads\/2019\/06\/foto-ivan-bueno-arquivo-appa.jpeg\",\"contentUrl\":\"https:\/\/agenciainfra.com\/blog\/wp-content\/uploads\/2019\/06\/foto-ivan-bueno-arquivo-appa.jpeg\",\"width\":1494,\"height\":978},{\"@type\":\"BreadcrumbList\",\"@id\":\"https:\/\/agenciainfra.com\/blog\/tcu-da-seis-meses-para-que-governo-acabe-com-precos-diferentes-de-combustivel-de-navegacao\/#breadcrumb\",\"itemListElement\":[{\"@type\":\"ListItem\",\"position\":1,\"name\":\"In\u00edcio\",\"item\":\"https:\/\/agenciainfra.com\/blog\/\"},{\"@type\":\"ListItem\",\"position\":2,\"name\":\"TCU d\u00e1 seis meses para que governo acabe com pre\u00e7os diferentes de combust\u00edvel de navega\u00e7\u00e3o\"}]},{\"@type\":\"WebSite\",\"@id\":\"https:\/\/agenciainfra.com\/blog\/#website\",\"url\":\"https:\/\/agenciainfra.com\/blog\/\",\"name\":\"Ag\u00eancia iNFRA\",\"description\":\"Multiplataforma de informa\u00e7\u00e3o jornal\u00edstica refer\u00eancia na \u00e1rea de infraestrutura no Brasil!\",\"publisher\":{\"@id\":\"https:\/\/agenciainfra.com\/blog\/#organization\"},\"potentialAction\":[{\"@type\":\"SearchAction\",\"target\":{\"@type\":\"EntryPoint\",\"urlTemplate\":\"https:\/\/agenciainfra.com\/blog\/?s={search_term_string}\"},\"query-input\":{\"@type\":\"PropertyValueSpecification\",\"valueRequired\":true,\"valueName\":\"search_term_string\"}}],\"inLanguage\":\"pt-BR\"},{\"@type\":\"Organization\",\"@id\":\"https:\/\/agenciainfra.com\/blog\/#organization\",\"name\":\"Ag\u00eancia iNFRA\",\"url\":\"https:\/\/agenciainfra.com\/blog\/\",\"logo\":{\"@type\":\"ImageObject\",\"inLanguage\":\"pt-BR\",\"@id\":\"https:\/\/agenciainfra.com\/blog\/#\/schema\/logo\/image\/\",\"url\":\"https:\/\/agenciainfra.com\/blog\/wp-content\/uploads\/2023\/09\/iNFRA_5-e1761735885940.png\",\"contentUrl\":\"https:\/\/agenciainfra.com\/blog\/wp-content\/uploads\/2023\/09\/iNFRA_5-e1761735885940.png\",\"width\":1672,\"height\":454,\"caption\":\"Ag\u00eancia iNFRA\"},\"image\":{\"@id\":\"https:\/\/agenciainfra.com\/blog\/#\/schema\/logo\/image\/\"},\"sameAs\":[\"https:\/\/www.facebook.com\/ageninfra\",\"https:\/\/x.com\/agencia_infra\",\"https:\/\/www.linkedin.com\/company\/ag\u00eanciainfra\/\",\"https:\/\/www.instagram.com\/agenciainfra\/\"]},{\"@type\":\"Person\",\"@id\":\"https:\/\/agenciainfra.com\/blog\/#\/schema\/person\/04dbb79bd6d8951f063da71f3e4c1eb1\",\"name\":\"Rodrigo Zuquim\",\"image\":{\"@type\":\"ImageObject\",\"inLanguage\":\"pt-BR\",\"@id\":\"https:\/\/agenciainfra.com\/blog\/#\/schema\/person\/image\/\",\"url\":\"https:\/\/secure.gravatar.com\/avatar\/594abfe82761d620726242ff34ca472a705a4b97f16c790053a6b4c4035274d0?s=96&d=mm&r=g\",\"contentUrl\":\"https:\/\/secure.gravatar.com\/avatar\/594abfe82761d620726242ff34ca472a705a4b97f16c790053a6b4c4035274d0?s=96&d=mm&r=g\",\"caption\":\"Rodrigo Zuquim\"},\"url\":\"https:\/\/agenciainfra.com\/blog\/author\/rodrigo-zuquim\/\"}]}<\/script>\n<!-- \/ Yoast SEO Premium plugin. -->","yoast_head_json":{"title":"TCU d\u00e1 seis meses para que governo acabe com pre\u00e7os diferentes de combust\u00edvel de navega\u00e7\u00e3o - Ag\u00eancia iNFRA","robots":{"index":"index","follow":"follow","max-snippet":"max-snippet:-1","max-image-preview":"max-image-preview:large","max-video-preview":"max-video-preview:-1"},"canonical":"https:\/\/agenciainfra.com\/blog\/tcu-da-seis-meses-para-que-governo-acabe-com-precos-diferentes-de-combustivel-de-navegacao\/","og_locale":"pt_BR","og_type":"article","og_title":"TCU d\u00e1 seis meses para que governo acabe com pre\u00e7os diferentes de combust\u00edvel de navega\u00e7\u00e3o","og_description":"da\u00a0Ag\u00eancia iNFRA O TCU (Tribunal de Contas da Uni\u00e3o) determinou que o governo apresente, em 180 dias, um plano de a\u00e7\u00e3o para acabar com a venda de combust\u00edvel para navega\u00e7\u00e3o com pre\u00e7os diferentes para os navios nacionais e estrangeiros. De acordo com o relator do processo, ministro Bruno Dantas, a cobran\u00e7a diferenciada fere a legisla\u00e7\u00e3o. [&hellip;]","og_url":"https:\/\/agenciainfra.com\/blog\/tcu-da-seis-meses-para-que-governo-acabe-com-precos-diferentes-de-combustivel-de-navegacao\/","og_site_name":"Ag\u00eancia iNFRA","article_publisher":"https:\/\/www.facebook.com\/ageninfra","article_published_time":"2019-06-19T11:00:07+00:00","og_image":[{"width":1494,"height":978,"url":"https:\/\/agenciainfra.com\/blog\/wp-content\/uploads\/2019\/06\/foto-ivan-bueno-arquivo-appa.jpeg","type":"image\/jpeg"}],"author":"Rodrigo Zuquim","twitter_card":"summary_large_image","twitter_creator":"@agencia_infra","twitter_site":"@agencia_infra","twitter_misc":{"Escrito por":"Rodrigo Zuquim","Est. tempo de leitura":"4 minutos"},"schema":{"@context":"https:\/\/schema.org","@graph":[{"@type":"Article","@id":"https:\/\/agenciainfra.com\/blog\/tcu-da-seis-meses-para-que-governo-acabe-com-precos-diferentes-de-combustivel-de-navegacao\/#article","isPartOf":{"@id":"https:\/\/agenciainfra.com\/blog\/tcu-da-seis-meses-para-que-governo-acabe-com-precos-diferentes-de-combustivel-de-navegacao\/"},"author":{"name":"Rodrigo Zuquim","@id":"https:\/\/agenciainfra.com\/blog\/#\/schema\/person\/04dbb79bd6d8951f063da71f3e4c1eb1"},"headline":"TCU d\u00e1 seis meses para que governo acabe com pre\u00e7os diferentes de combust\u00edvel de navega\u00e7\u00e3o","datePublished":"2019-06-19T11:00:07+00:00","mainEntityOfPage":{"@id":"https:\/\/agenciainfra.com\/blog\/tcu-da-seis-meses-para-que-governo-acabe-com-precos-diferentes-de-combustivel-de-navegacao\/"},"wordCount":812,"publisher":{"@id":"https:\/\/agenciainfra.com\/blog\/#organization"},"image":{"@id":"https:\/\/agenciainfra.com\/blog\/tcu-da-seis-meses-para-que-governo-acabe-com-precos-diferentes-de-combustivel-de-navegacao\/#primaryimage"},"thumbnailUrl":"https:\/\/agenciainfra.com\/blog\/wp-content\/uploads\/2019\/06\/foto-ivan-bueno-arquivo-appa.jpeg","keywords":["ANTAQ","Bruno Dantas","cabotagem","combust\u00edvel de navega\u00e7\u00e3o","TCU"],"articleSection":["iNFRATransporte"],"inLanguage":"pt-BR","copyrightYear":"2019","copyrightHolder":{"@id":"https:\/\/agenciainfra.com\/blog\/#organization"}},{"@type":"WebPage","@id":"https:\/\/agenciainfra.com\/blog\/tcu-da-seis-meses-para-que-governo-acabe-com-precos-diferentes-de-combustivel-de-navegacao\/","url":"https:\/\/agenciainfra.com\/blog\/tcu-da-seis-meses-para-que-governo-acabe-com-precos-diferentes-de-combustivel-de-navegacao\/","name":"TCU d\u00e1 seis meses para que governo acabe com pre\u00e7os diferentes de combust\u00edvel de navega\u00e7\u00e3o - Ag\u00eancia iNFRA","isPartOf":{"@id":"https:\/\/agenciainfra.com\/blog\/#website"},"primaryImageOfPage":{"@id":"https:\/\/agenciainfra.com\/blog\/tcu-da-seis-meses-para-que-governo-acabe-com-precos-diferentes-de-combustivel-de-navegacao\/#primaryimage"},"image":{"@id":"https:\/\/agenciainfra.com\/blog\/tcu-da-seis-meses-para-que-governo-acabe-com-precos-diferentes-de-combustivel-de-navegacao\/#primaryimage"},"thumbnailUrl":"https:\/\/agenciainfra.com\/blog\/wp-content\/uploads\/2019\/06\/foto-ivan-bueno-arquivo-appa.jpeg","datePublished":"2019-06-19T11:00:07+00:00","breadcrumb":{"@id":"https:\/\/agenciainfra.com\/blog\/tcu-da-seis-meses-para-que-governo-acabe-com-precos-diferentes-de-combustivel-de-navegacao\/#breadcrumb"},"inLanguage":"pt-BR","potentialAction":[{"@type":"ReadAction","target":["https:\/\/agenciainfra.com\/blog\/tcu-da-seis-meses-para-que-governo-acabe-com-precos-diferentes-de-combustivel-de-navegacao\/"]}]},{"@type":"ImageObject","inLanguage":"pt-BR","@id":"https:\/\/agenciainfra.com\/blog\/tcu-da-seis-meses-para-que-governo-acabe-com-precos-diferentes-de-combustivel-de-navegacao\/#primaryimage","url":"https:\/\/agenciainfra.com\/blog\/wp-content\/uploads\/2019\/06\/foto-ivan-bueno-arquivo-appa.jpeg","contentUrl":"https:\/\/agenciainfra.com\/blog\/wp-content\/uploads\/2019\/06\/foto-ivan-bueno-arquivo-appa.jpeg","width":1494,"height":978},{"@type":"BreadcrumbList","@id":"https:\/\/agenciainfra.com\/blog\/tcu-da-seis-meses-para-que-governo-acabe-com-precos-diferentes-de-combustivel-de-navegacao\/#breadcrumb","itemListElement":[{"@type":"ListItem","position":1,"name":"In\u00edcio","item":"https:\/\/agenciainfra.com\/blog\/"},{"@type":"ListItem","position":2,"name":"TCU d\u00e1 seis meses para que governo acabe com pre\u00e7os diferentes de combust\u00edvel de navega\u00e7\u00e3o"}]},{"@type":"WebSite","@id":"https:\/\/agenciainfra.com\/blog\/#website","url":"https:\/\/agenciainfra.com\/blog\/","name":"Ag\u00eancia iNFRA","description":"Multiplataforma de informa\u00e7\u00e3o jornal\u00edstica refer\u00eancia na \u00e1rea de infraestrutura no Brasil!","publisher":{"@id":"https:\/\/agenciainfra.com\/blog\/#organization"},"potentialAction":[{"@type":"SearchAction","target":{"@type":"EntryPoint","urlTemplate":"https:\/\/agenciainfra.com\/blog\/?s={search_term_string}"},"query-input":{"@type":"PropertyValueSpecification","valueRequired":true,"valueName":"search_term_string"}}],"inLanguage":"pt-BR"},{"@type":"Organization","@id":"https:\/\/agenciainfra.com\/blog\/#organization","name":"Ag\u00eancia iNFRA","url":"https:\/\/agenciainfra.com\/blog\/","logo":{"@type":"ImageObject","inLanguage":"pt-BR","@id":"https:\/\/agenciainfra.com\/blog\/#\/schema\/logo\/image\/","url":"https:\/\/agenciainfra.com\/blog\/wp-content\/uploads\/2023\/09\/iNFRA_5-e1761735885940.png","contentUrl":"https:\/\/agenciainfra.com\/blog\/wp-content\/uploads\/2023\/09\/iNFRA_5-e1761735885940.png","width":1672,"height":454,"caption":"Ag\u00eancia iNFRA"},"image":{"@id":"https:\/\/agenciainfra.com\/blog\/#\/schema\/logo\/image\/"},"sameAs":["https:\/\/www.facebook.com\/ageninfra","https:\/\/x.com\/agencia_infra","https:\/\/www.linkedin.com\/company\/ag\u00eanciainfra\/","https:\/\/www.instagram.com\/agenciainfra\/"]},{"@type":"Person","@id":"https:\/\/agenciainfra.com\/blog\/#\/schema\/person\/04dbb79bd6d8951f063da71f3e4c1eb1","name":"Rodrigo Zuquim","image":{"@type":"ImageObject","inLanguage":"pt-BR","@id":"https:\/\/agenciainfra.com\/blog\/#\/schema\/person\/image\/","url":"https:\/\/secure.gravatar.com\/avatar\/594abfe82761d620726242ff34ca472a705a4b97f16c790053a6b4c4035274d0?s=96&d=mm&r=g","contentUrl":"https:\/\/secure.gravatar.com\/avatar\/594abfe82761d620726242ff34ca472a705a4b97f16c790053a6b4c4035274d0?s=96&d=mm&r=g","caption":"Rodrigo Zuquim"},"url":"https:\/\/agenciainfra.com\/blog\/author\/rodrigo-zuquim\/"}]}},"_links":{"self":[{"href":"https:\/\/agenciainfra.com\/blog\/wp-json\/wp\/v2\/posts\/3319","targetHints":{"allow":["GET"]}}],"collection":[{"href":"https:\/\/agenciainfra.com\/blog\/wp-json\/wp\/v2\/posts"}],"about":[{"href":"https:\/\/agenciainfra.com\/blog\/wp-json\/wp\/v2\/types\/post"}],"author":[{"embeddable":true,"href":"https:\/\/agenciainfra.com\/blog\/wp-json\/wp\/v2\/users\/9"}],"replies":[{"embeddable":true,"href":"https:\/\/agenciainfra.com\/blog\/wp-json\/wp\/v2\/comments?post=3319"}],"version-history":[{"count":0,"href":"https:\/\/agenciainfra.com\/blog\/wp-json\/wp\/v2\/posts\/3319\/revisions"}],"wp:featuredmedia":[{"embeddable":true,"href":"https:\/\/agenciainfra.com\/blog\/wp-json\/wp\/v2\/media\/3320"}],"wp:attachment":[{"href":"https:\/\/agenciainfra.com\/blog\/wp-json\/wp\/v2\/media?parent=3319"}],"wp:term":[{"taxonomy":"category","embeddable":true,"href":"https:\/\/agenciainfra.com\/blog\/wp-json\/wp\/v2\/categories?post=3319"},{"taxonomy":"post_tag","embeddable":true,"href":"https:\/\/agenciainfra.com\/blog\/wp-json\/wp\/v2\/tags?post=3319"}],"curies":[{"name":"wp","href":"https:\/\/api.w.org\/{rel}","templated":true}]}}