{"id":33201,"date":"2025-12-02T20:33:47","date_gmt":"2025-12-02T23:33:47","guid":{"rendered":"https:\/\/agenciainfra.com\/blog\/?p=33201"},"modified":"2025-12-03T08:49:14","modified_gmt":"2025-12-03T11:49:14","slug":"brasil-atualiza-inventario-de-emissoes-do-transporte-rodoviario","status":"publish","type":"post","link":"https:\/\/agenciainfra.com\/blog\/brasil-atualiza-inventario-de-emissoes-do-transporte-rodoviario\/","title":{"rendered":"Brasil atualiza invent\u00e1rio de emiss\u00f5es do transporte rodovi\u00e1rio"},"content":{"rendered":"\n<p class=\"has-text-align-right\"><strong>da Ag\u00eancia iNFRA<\/strong><\/p>\n\n\n\n<p>O governo federal publicou nesta ter\u00e7a-feira (2) a nova edi\u00e7\u00e3o do Invent\u00e1rio Nacional de Emiss\u00f5es Atmosf\u00e9ricas por Ve\u00edculos Automotores Rodovi\u00e1rios, referente ao ano-base 2024. O levantamento, que n\u00e3o era atualizado h\u00e1 dez anos, re\u00fane dados sobre poluentes e gases de efeito estufa do setor e servir\u00e1 de base para pol\u00edticas voltadas \u00e0 qualidade do ar e \u00e0 moderniza\u00e7\u00e3o da mobilidade no pa\u00eds.<\/p>\n\n\n\n<p>Produzido pelo Iema (Instituto de Energia e Meio Ambiente) em parceria com os minist\u00e9rios dos Transportes e do Meio Ambiente, com apoio da CCAC (Coaliz\u00e3o Clima e Ar Limpo), o documento mostra que o Brasil registrou avan\u00e7os importantes na redu\u00e7\u00e3o de poluentes desde a implanta\u00e7\u00e3o do Proconve, especialmente a partir dos anos 2000. Por\u00e9m, o crescimento da frota e o uso intensivo dos ve\u00edculos impediram que esses ganhos se refletissem na queda das emiss\u00f5es totais.<\/p>\n\n\n\n<p>O invent\u00e1rio tamb\u00e9m aponta mudan\u00e7as no perfil do material particulado. Embora as emiss\u00f5es de combust\u00e3o tenham diminu\u00eddo, os poluentes associados ao desgaste de pneus, freios e pavimentos passaram a representar cerca de metade do total. Outra novidade \u00e9 a inclus\u00e3o das emiss\u00f5es de black carbon, subst\u00e2ncia ligada a impactos clim\u00e1ticos e problemas respirat\u00f3rios.<\/p>\n\n\n\n<p>A frota brasileira superou 71 milh\u00f5es de ve\u00edculos em 2024. Autom\u00f3veis somam 63% do total, motos 25% e comerciais leves 9%. O segmento pesado, formado por caminh\u00f5es e \u00f4nibus, alcan\u00e7ou 2,5 milh\u00f5es de unidades.<\/p>\n\n\n\n<p><strong>Emiss\u00f5es de carbono <br><\/strong>As emiss\u00f5es de di\u00f3xido de CO\u2082eq (carbono equivalente) cresceram cerca de 8% entre 2012 e 2024. No \u00faltimo ano, os autom\u00f3veis responderam por 34% do total, enquanto caminh\u00f5es semipesados representaram 22%. O CO\u2082 correspondeu a 97% das emiss\u00f5es do setor.<\/p>\n\n\n\n<p><strong>Resultado por poluente: <\/strong><\/p>\n\n\n\n<ul class=\"wp-block-list\">\n<li><strong>CO<\/strong>: queda de 5,5 milh\u00f5es para 1 milh\u00e3o de toneladas desde 1991.<\/li>\n\n\n\n<li><strong>NOx<\/strong>: redu\u00e7\u00e3o continuada desde o fim dos anos 1990; frota a diesel responde por 87%.<\/li>\n\n\n\n<li><strong>Material particulado (MP)<\/strong>: menos de 18 mil toneladas geradas por combust\u00e3o em 2024; total chega a 38 mil toneladas com desgaste.<\/li>\n\n\n\n<li><strong>Carbono negro (BC)<\/strong>: cerca de 8 mil toneladas provenientes da combust\u00e3o, com expans\u00e3o das emiss\u00f5es por desgaste.<\/li>\n\n\n\n<li><strong>CH\u2084<\/strong>: redu\u00e7\u00e3o constante desde os anos 1990; autom\u00f3veis representam 45%.<\/li>\n\n\n\n<li><strong>NMHC<\/strong>: queda expressiva desde os anos 1990, com estabiliza\u00e7\u00e3o recente.<\/li>\n\n\n\n<li><strong>N\u2082O<\/strong>: tend\u00eancia de alta ligada \u00e0 renova\u00e7\u00e3o da frota.<\/li>\n\n\n\n<li><strong>CO\u2082<\/strong>: 270 milh\u00f5es de toneladas em 2024, sendo 42% emitidos por autom\u00f3veis e 40% por caminh\u00f5es.<\/li>\n<\/ul>\n","protected":false},"excerpt":{"rendered":"<p>da Ag\u00eancia iNFRA O governo federal publicou nesta ter\u00e7a-feira (2) a nova edi\u00e7\u00e3o do Invent\u00e1rio Nacional de Emiss\u00f5es Atmosf\u00e9ricas por Ve\u00edculos Automotores Rodovi\u00e1rios, referente ao ano-base 2024. O levantamento, que n\u00e3o era atualizado h\u00e1 dez anos, re\u00fane dados sobre poluentes e gases de efeito estufa do setor e servir\u00e1 de base para pol\u00edticas voltadas \u00e0 [&hellip;]<\/p>\n","protected":false},"author":1,"featured_media":32421,"comment_status":"closed","ping_status":"closed","sticky":false,"template":"","format":"standard","meta":{"_monsterinsights_skip_tracking":false,"_monsterinsights_sitenote_active":false,"_monsterinsights_sitenote_note":"","_monsterinsights_sitenote_category":0,"footnotes":""},"categories":[13576],"tags":[10421,10985,5304,15929,902],"class_list":["post-33201","post","type-post","status-publish","format-standard","has-post-thumbnail","hentry","category-giro-infra","tag-emissoes","tag-inventario-de-emissoes","tag-poluicao","tag-qualidade-do-ar","tag-transporte-rodoviario"],"yoast_head":"<!-- This site is optimized with the Yoast SEO Premium plugin v25.4 (Yoast SEO v26.0) - https:\/\/yoast.com\/wordpress\/plugins\/seo\/ -->\n<title>Brasil atualiza invent\u00e1rio de emiss\u00f5es do transporte rodovi\u00e1rio - Ag\u00eancia iNFRA<\/title>\n<meta name=\"robots\" content=\"index, follow, max-snippet:-1, max-image-preview:large, max-video-preview:-1\" \/>\n<link rel=\"canonical\" href=\"https:\/\/agenciainfra.com\/blog\/brasil-atualiza-inventario-de-emissoes-do-transporte-rodoviario\/\" \/>\n<meta property=\"og:locale\" content=\"pt_BR\" \/>\n<meta property=\"og:type\" content=\"article\" \/>\n<meta property=\"og:title\" content=\"Brasil atualiza invent\u00e1rio de emiss\u00f5es do transporte rodovi\u00e1rio\" \/>\n<meta property=\"og:description\" content=\"da Ag\u00eancia iNFRA O governo federal publicou nesta ter\u00e7a-feira (2) a nova edi\u00e7\u00e3o do Invent\u00e1rio Nacional de Emiss\u00f5es Atmosf\u00e9ricas por Ve\u00edculos Automotores Rodovi\u00e1rios, referente ao ano-base 2024. O levantamento, que n\u00e3o era atualizado h\u00e1 dez anos, re\u00fane dados sobre poluentes e gases de efeito estufa do setor e servir\u00e1 de base para pol\u00edticas voltadas \u00e0 [&hellip;]\" \/>\n<meta property=\"og:url\" content=\"https:\/\/agenciainfra.com\/blog\/brasil-atualiza-inventario-de-emissoes-do-transporte-rodoviario\/\" \/>\n<meta property=\"og:site_name\" content=\"Ag\u00eancia iNFRA\" \/>\n<meta property=\"article:publisher\" content=\"https:\/\/www.facebook.com\/ageninfra\" \/>\n<meta property=\"article:published_time\" content=\"2025-12-02T23:33:47+00:00\" \/>\n<meta property=\"article:modified_time\" content=\"2025-12-03T11:49:14+00:00\" \/>\n<meta property=\"og:image\" content=\"https:\/\/agenciainfra.com\/blog\/wp-content\/uploads\/2025\/11\/camiao-azul-na-rodovia-rural-com-logistica-de-linha-verde-em-movimento-foto-dominio-publico-1.jpg\" \/>\n\t<meta property=\"og:image:width\" content=\"1280\" \/>\n\t<meta property=\"og:image:height\" content=\"853\" \/>\n\t<meta property=\"og:image:type\" content=\"image\/jpeg\" \/>\n<meta name=\"author\" content=\"Ag\u00eancia iNFRA\" \/>\n<meta name=\"twitter:card\" content=\"summary_large_image\" \/>\n<meta name=\"twitter:creator\" content=\"@agencia_infra\" \/>\n<meta name=\"twitter:site\" content=\"@agencia_infra\" \/>\n<meta name=\"twitter:label1\" content=\"Escrito por\" \/>\n\t<meta name=\"twitter:data1\" content=\"Ag\u00eancia iNFRA\" \/>\n\t<meta name=\"twitter:label2\" content=\"Est. tempo de leitura\" \/>\n\t<meta name=\"twitter:data2\" content=\"2 minutos\" \/>\n<script type=\"application\/ld+json\" class=\"yoast-schema-graph\">{\"@context\":\"https:\/\/schema.org\",\"@graph\":[{\"@type\":\"Article\",\"@id\":\"https:\/\/agenciainfra.com\/blog\/brasil-atualiza-inventario-de-emissoes-do-transporte-rodoviario\/#article\",\"isPartOf\":{\"@id\":\"https:\/\/agenciainfra.com\/blog\/brasil-atualiza-inventario-de-emissoes-do-transporte-rodoviario\/\"},\"author\":{\"name\":\"Ag\u00eancia iNFRA\",\"@id\":\"https:\/\/agenciainfra.com\/blog\/#\/schema\/person\/34af08dff6adea4cb22b06612ba7acfa\"},\"headline\":\"Brasil atualiza invent\u00e1rio de emiss\u00f5es do transporte rodovi\u00e1rio\",\"datePublished\":\"2025-12-02T23:33:47+00:00\",\"dateModified\":\"2025-12-03T11:49:14+00:00\",\"mainEntityOfPage\":{\"@id\":\"https:\/\/agenciainfra.com\/blog\/brasil-atualiza-inventario-de-emissoes-do-transporte-rodoviario\/\"},\"wordCount\":420,\"publisher\":{\"@id\":\"https:\/\/agenciainfra.com\/blog\/#organization\"},\"image\":{\"@id\":\"https:\/\/agenciainfra.com\/blog\/brasil-atualiza-inventario-de-emissoes-do-transporte-rodoviario\/#primaryimage\"},\"thumbnailUrl\":\"https:\/\/agenciainfra.com\/blog\/wp-content\/uploads\/2025\/11\/camiao-azul-na-rodovia-rural-com-logistica-de-linha-verde-em-movimento-foto-dominio-publico-1.jpg\",\"keywords\":[\"emiss\u00f5es\",\"Invent\u00e1rio de emiss\u00f5es\",\"polui\u00e7\u00e3o\",\"qualidade do ar\",\"transporte rodovi\u00e1rio\"],\"articleSection\":[\"Giro iNFRA\"],\"inLanguage\":\"pt-BR\",\"copyrightYear\":\"2025\",\"copyrightHolder\":{\"@id\":\"https:\/\/agenciainfra.com\/blog\/#organization\"}},{\"@type\":\"WebPage\",\"@id\":\"https:\/\/agenciainfra.com\/blog\/brasil-atualiza-inventario-de-emissoes-do-transporte-rodoviario\/\",\"url\":\"https:\/\/agenciainfra.com\/blog\/brasil-atualiza-inventario-de-emissoes-do-transporte-rodoviario\/\",\"name\":\"Brasil atualiza invent\u00e1rio de emiss\u00f5es do transporte rodovi\u00e1rio - Ag\u00eancia iNFRA\",\"isPartOf\":{\"@id\":\"https:\/\/agenciainfra.com\/blog\/#website\"},\"primaryImageOfPage\":{\"@id\":\"https:\/\/agenciainfra.com\/blog\/brasil-atualiza-inventario-de-emissoes-do-transporte-rodoviario\/#primaryimage\"},\"image\":{\"@id\":\"https:\/\/agenciainfra.com\/blog\/brasil-atualiza-inventario-de-emissoes-do-transporte-rodoviario\/#primaryimage\"},\"thumbnailUrl\":\"https:\/\/agenciainfra.com\/blog\/wp-content\/uploads\/2025\/11\/camiao-azul-na-rodovia-rural-com-logistica-de-linha-verde-em-movimento-foto-dominio-publico-1.jpg\",\"datePublished\":\"2025-12-02T23:33:47+00:00\",\"dateModified\":\"2025-12-03T11:49:14+00:00\",\"breadcrumb\":{\"@id\":\"https:\/\/agenciainfra.com\/blog\/brasil-atualiza-inventario-de-emissoes-do-transporte-rodoviario\/#breadcrumb\"},\"inLanguage\":\"pt-BR\",\"potentialAction\":[{\"@type\":\"ReadAction\",\"target\":[\"https:\/\/agenciainfra.com\/blog\/brasil-atualiza-inventario-de-emissoes-do-transporte-rodoviario\/\"]}]},{\"@type\":\"ImageObject\",\"inLanguage\":\"pt-BR\",\"@id\":\"https:\/\/agenciainfra.com\/blog\/brasil-atualiza-inventario-de-emissoes-do-transporte-rodoviario\/#primaryimage\",\"url\":\"https:\/\/agenciainfra.com\/blog\/wp-content\/uploads\/2025\/11\/camiao-azul-na-rodovia-rural-com-logistica-de-linha-verde-em-movimento-foto-dominio-publico-1.jpg\",\"contentUrl\":\"https:\/\/agenciainfra.com\/blog\/wp-content\/uploads\/2025\/11\/camiao-azul-na-rodovia-rural-com-logistica-de-linha-verde-em-movimento-foto-dominio-publico-1.jpg\",\"width\":1280,\"height\":853,\"caption\":\"Foto: Dom\u00ednio P\u00fablico\"},{\"@type\":\"BreadcrumbList\",\"@id\":\"https:\/\/agenciainfra.com\/blog\/brasil-atualiza-inventario-de-emissoes-do-transporte-rodoviario\/#breadcrumb\",\"itemListElement\":[{\"@type\":\"ListItem\",\"position\":1,\"name\":\"In\u00edcio\",\"item\":\"https:\/\/agenciainfra.com\/blog\/\"},{\"@type\":\"ListItem\",\"position\":2,\"name\":\"Brasil atualiza invent\u00e1rio de emiss\u00f5es do transporte rodovi\u00e1rio\"}]},{\"@type\":\"WebSite\",\"@id\":\"https:\/\/agenciainfra.com\/blog\/#website\",\"url\":\"https:\/\/agenciainfra.com\/blog\/\",\"name\":\"Ag\u00eancia iNFRA\",\"description\":\"Multiplataforma de informa\u00e7\u00e3o jornal\u00edstica refer\u00eancia na \u00e1rea de infraestrutura no Brasil!\",\"publisher\":{\"@id\":\"https:\/\/agenciainfra.com\/blog\/#organization\"},\"potentialAction\":[{\"@type\":\"SearchAction\",\"target\":{\"@type\":\"EntryPoint\",\"urlTemplate\":\"https:\/\/agenciainfra.com\/blog\/?s={search_term_string}\"},\"query-input\":{\"@type\":\"PropertyValueSpecification\",\"valueRequired\":true,\"valueName\":\"search_term_string\"}}],\"inLanguage\":\"pt-BR\"},{\"@type\":\"Organization\",\"@id\":\"https:\/\/agenciainfra.com\/blog\/#organization\",\"name\":\"Ag\u00eancia iNFRA\",\"url\":\"https:\/\/agenciainfra.com\/blog\/\",\"logo\":{\"@type\":\"ImageObject\",\"inLanguage\":\"pt-BR\",\"@id\":\"https:\/\/agenciainfra.com\/blog\/#\/schema\/logo\/image\/\",\"url\":\"https:\/\/agenciainfra.com\/blog\/wp-content\/uploads\/2023\/09\/iNFRA_5-e1761735885940.png\",\"contentUrl\":\"https:\/\/agenciainfra.com\/blog\/wp-content\/uploads\/2023\/09\/iNFRA_5-e1761735885940.png\",\"width\":1672,\"height\":454,\"caption\":\"Ag\u00eancia iNFRA\"},\"image\":{\"@id\":\"https:\/\/agenciainfra.com\/blog\/#\/schema\/logo\/image\/\"},\"sameAs\":[\"https:\/\/www.facebook.com\/ageninfra\",\"https:\/\/x.com\/agencia_infra\",\"https:\/\/www.linkedin.com\/company\/ag\u00eanciainfra\/\",\"https:\/\/www.instagram.com\/agenciainfra\/\"]},{\"@type\":\"Person\",\"@id\":\"https:\/\/agenciainfra.com\/blog\/#\/schema\/person\/34af08dff6adea4cb22b06612ba7acfa\",\"name\":\"Ag\u00eancia iNFRA\",\"image\":{\"@type\":\"ImageObject\",\"inLanguage\":\"pt-BR\",\"@id\":\"https:\/\/agenciainfra.com\/blog\/#\/schema\/person\/image\/\",\"url\":\"https:\/\/secure.gravatar.com\/avatar\/d189e01678f06d8eb84d4e01f08eb848b3fffe3f8443818d3c356c66892f5be8?s=96&d=mm&r=g\",\"contentUrl\":\"https:\/\/secure.gravatar.com\/avatar\/d189e01678f06d8eb84d4e01f08eb848b3fffe3f8443818d3c356c66892f5be8?s=96&d=mm&r=g\",\"caption\":\"Ag\u00eancia iNFRA\"},\"url\":\"https:\/\/agenciainfra.com\/blog\/author\/admin\/\"}]}<\/script>\n<!-- \/ Yoast SEO Premium plugin. -->","yoast_head_json":{"title":"Brasil atualiza invent\u00e1rio de emiss\u00f5es do transporte rodovi\u00e1rio - Ag\u00eancia iNFRA","robots":{"index":"index","follow":"follow","max-snippet":"max-snippet:-1","max-image-preview":"max-image-preview:large","max-video-preview":"max-video-preview:-1"},"canonical":"https:\/\/agenciainfra.com\/blog\/brasil-atualiza-inventario-de-emissoes-do-transporte-rodoviario\/","og_locale":"pt_BR","og_type":"article","og_title":"Brasil atualiza invent\u00e1rio de emiss\u00f5es do transporte rodovi\u00e1rio","og_description":"da Ag\u00eancia iNFRA O governo federal publicou nesta ter\u00e7a-feira (2) a nova edi\u00e7\u00e3o do Invent\u00e1rio Nacional de Emiss\u00f5es Atmosf\u00e9ricas por Ve\u00edculos Automotores Rodovi\u00e1rios, referente ao ano-base 2024. O levantamento, que n\u00e3o era atualizado h\u00e1 dez anos, re\u00fane dados sobre poluentes e gases de efeito estufa do setor e servir\u00e1 de base para pol\u00edticas voltadas \u00e0 [&hellip;]","og_url":"https:\/\/agenciainfra.com\/blog\/brasil-atualiza-inventario-de-emissoes-do-transporte-rodoviario\/","og_site_name":"Ag\u00eancia iNFRA","article_publisher":"https:\/\/www.facebook.com\/ageninfra","article_published_time":"2025-12-02T23:33:47+00:00","article_modified_time":"2025-12-03T11:49:14+00:00","og_image":[{"width":1280,"height":853,"url":"https:\/\/agenciainfra.com\/blog\/wp-content\/uploads\/2025\/11\/camiao-azul-na-rodovia-rural-com-logistica-de-linha-verde-em-movimento-foto-dominio-publico-1.jpg","type":"image\/jpeg"}],"author":"Ag\u00eancia iNFRA","twitter_card":"summary_large_image","twitter_creator":"@agencia_infra","twitter_site":"@agencia_infra","twitter_misc":{"Escrito por":"Ag\u00eancia iNFRA","Est. tempo de leitura":"2 minutos"},"schema":{"@context":"https:\/\/schema.org","@graph":[{"@type":"Article","@id":"https:\/\/agenciainfra.com\/blog\/brasil-atualiza-inventario-de-emissoes-do-transporte-rodoviario\/#article","isPartOf":{"@id":"https:\/\/agenciainfra.com\/blog\/brasil-atualiza-inventario-de-emissoes-do-transporte-rodoviario\/"},"author":{"name":"Ag\u00eancia iNFRA","@id":"https:\/\/agenciainfra.com\/blog\/#\/schema\/person\/34af08dff6adea4cb22b06612ba7acfa"},"headline":"Brasil atualiza invent\u00e1rio de emiss\u00f5es do transporte rodovi\u00e1rio","datePublished":"2025-12-02T23:33:47+00:00","dateModified":"2025-12-03T11:49:14+00:00","mainEntityOfPage":{"@id":"https:\/\/agenciainfra.com\/blog\/brasil-atualiza-inventario-de-emissoes-do-transporte-rodoviario\/"},"wordCount":420,"publisher":{"@id":"https:\/\/agenciainfra.com\/blog\/#organization"},"image":{"@id":"https:\/\/agenciainfra.com\/blog\/brasil-atualiza-inventario-de-emissoes-do-transporte-rodoviario\/#primaryimage"},"thumbnailUrl":"https:\/\/agenciainfra.com\/blog\/wp-content\/uploads\/2025\/11\/camiao-azul-na-rodovia-rural-com-logistica-de-linha-verde-em-movimento-foto-dominio-publico-1.jpg","keywords":["emiss\u00f5es","Invent\u00e1rio de emiss\u00f5es","polui\u00e7\u00e3o","qualidade do ar","transporte rodovi\u00e1rio"],"articleSection":["Giro iNFRA"],"inLanguage":"pt-BR","copyrightYear":"2025","copyrightHolder":{"@id":"https:\/\/agenciainfra.com\/blog\/#organization"}},{"@type":"WebPage","@id":"https:\/\/agenciainfra.com\/blog\/brasil-atualiza-inventario-de-emissoes-do-transporte-rodoviario\/","url":"https:\/\/agenciainfra.com\/blog\/brasil-atualiza-inventario-de-emissoes-do-transporte-rodoviario\/","name":"Brasil atualiza invent\u00e1rio de emiss\u00f5es do transporte rodovi\u00e1rio - Ag\u00eancia iNFRA","isPartOf":{"@id":"https:\/\/agenciainfra.com\/blog\/#website"},"primaryImageOfPage":{"@id":"https:\/\/agenciainfra.com\/blog\/brasil-atualiza-inventario-de-emissoes-do-transporte-rodoviario\/#primaryimage"},"image":{"@id":"https:\/\/agenciainfra.com\/blog\/brasil-atualiza-inventario-de-emissoes-do-transporte-rodoviario\/#primaryimage"},"thumbnailUrl":"https:\/\/agenciainfra.com\/blog\/wp-content\/uploads\/2025\/11\/camiao-azul-na-rodovia-rural-com-logistica-de-linha-verde-em-movimento-foto-dominio-publico-1.jpg","datePublished":"2025-12-02T23:33:47+00:00","dateModified":"2025-12-03T11:49:14+00:00","breadcrumb":{"@id":"https:\/\/agenciainfra.com\/blog\/brasil-atualiza-inventario-de-emissoes-do-transporte-rodoviario\/#breadcrumb"},"inLanguage":"pt-BR","potentialAction":[{"@type":"ReadAction","target":["https:\/\/agenciainfra.com\/blog\/brasil-atualiza-inventario-de-emissoes-do-transporte-rodoviario\/"]}]},{"@type":"ImageObject","inLanguage":"pt-BR","@id":"https:\/\/agenciainfra.com\/blog\/brasil-atualiza-inventario-de-emissoes-do-transporte-rodoviario\/#primaryimage","url":"https:\/\/agenciainfra.com\/blog\/wp-content\/uploads\/2025\/11\/camiao-azul-na-rodovia-rural-com-logistica-de-linha-verde-em-movimento-foto-dominio-publico-1.jpg","contentUrl":"https:\/\/agenciainfra.com\/blog\/wp-content\/uploads\/2025\/11\/camiao-azul-na-rodovia-rural-com-logistica-de-linha-verde-em-movimento-foto-dominio-publico-1.jpg","width":1280,"height":853,"caption":"Foto: Dom\u00ednio P\u00fablico"},{"@type":"BreadcrumbList","@id":"https:\/\/agenciainfra.com\/blog\/brasil-atualiza-inventario-de-emissoes-do-transporte-rodoviario\/#breadcrumb","itemListElement":[{"@type":"ListItem","position":1,"name":"In\u00edcio","item":"https:\/\/agenciainfra.com\/blog\/"},{"@type":"ListItem","position":2,"name":"Brasil atualiza invent\u00e1rio de emiss\u00f5es do transporte rodovi\u00e1rio"}]},{"@type":"WebSite","@id":"https:\/\/agenciainfra.com\/blog\/#website","url":"https:\/\/agenciainfra.com\/blog\/","name":"Ag\u00eancia iNFRA","description":"Multiplataforma de informa\u00e7\u00e3o jornal\u00edstica refer\u00eancia na \u00e1rea de infraestrutura no Brasil!","publisher":{"@id":"https:\/\/agenciainfra.com\/blog\/#organization"},"potentialAction":[{"@type":"SearchAction","target":{"@type":"EntryPoint","urlTemplate":"https:\/\/agenciainfra.com\/blog\/?s={search_term_string}"},"query-input":{"@type":"PropertyValueSpecification","valueRequired":true,"valueName":"search_term_string"}}],"inLanguage":"pt-BR"},{"@type":"Organization","@id":"https:\/\/agenciainfra.com\/blog\/#organization","name":"Ag\u00eancia iNFRA","url":"https:\/\/agenciainfra.com\/blog\/","logo":{"@type":"ImageObject","inLanguage":"pt-BR","@id":"https:\/\/agenciainfra.com\/blog\/#\/schema\/logo\/image\/","url":"https:\/\/agenciainfra.com\/blog\/wp-content\/uploads\/2023\/09\/iNFRA_5-e1761735885940.png","contentUrl":"https:\/\/agenciainfra.com\/blog\/wp-content\/uploads\/2023\/09\/iNFRA_5-e1761735885940.png","width":1672,"height":454,"caption":"Ag\u00eancia iNFRA"},"image":{"@id":"https:\/\/agenciainfra.com\/blog\/#\/schema\/logo\/image\/"},"sameAs":["https:\/\/www.facebook.com\/ageninfra","https:\/\/x.com\/agencia_infra","https:\/\/www.linkedin.com\/company\/ag\u00eanciainfra\/","https:\/\/www.instagram.com\/agenciainfra\/"]},{"@type":"Person","@id":"https:\/\/agenciainfra.com\/blog\/#\/schema\/person\/34af08dff6adea4cb22b06612ba7acfa","name":"Ag\u00eancia iNFRA","image":{"@type":"ImageObject","inLanguage":"pt-BR","@id":"https:\/\/agenciainfra.com\/blog\/#\/schema\/person\/image\/","url":"https:\/\/secure.gravatar.com\/avatar\/d189e01678f06d8eb84d4e01f08eb848b3fffe3f8443818d3c356c66892f5be8?s=96&d=mm&r=g","contentUrl":"https:\/\/secure.gravatar.com\/avatar\/d189e01678f06d8eb84d4e01f08eb848b3fffe3f8443818d3c356c66892f5be8?s=96&d=mm&r=g","caption":"Ag\u00eancia iNFRA"},"url":"https:\/\/agenciainfra.com\/blog\/author\/admin\/"}]}},"_links":{"self":[{"href":"https:\/\/agenciainfra.com\/blog\/wp-json\/wp\/v2\/posts\/33201","targetHints":{"allow":["GET"]}}],"collection":[{"href":"https:\/\/agenciainfra.com\/blog\/wp-json\/wp\/v2\/posts"}],"about":[{"href":"https:\/\/agenciainfra.com\/blog\/wp-json\/wp\/v2\/types\/post"}],"author":[{"embeddable":true,"href":"https:\/\/agenciainfra.com\/blog\/wp-json\/wp\/v2\/users\/1"}],"replies":[{"embeddable":true,"href":"https:\/\/agenciainfra.com\/blog\/wp-json\/wp\/v2\/comments?post=33201"}],"version-history":[{"count":2,"href":"https:\/\/agenciainfra.com\/blog\/wp-json\/wp\/v2\/posts\/33201\/revisions"}],"predecessor-version":[{"id":33215,"href":"https:\/\/agenciainfra.com\/blog\/wp-json\/wp\/v2\/posts\/33201\/revisions\/33215"}],"wp:featuredmedia":[{"embeddable":true,"href":"https:\/\/agenciainfra.com\/blog\/wp-json\/wp\/v2\/media\/32421"}],"wp:attachment":[{"href":"https:\/\/agenciainfra.com\/blog\/wp-json\/wp\/v2\/media?parent=33201"}],"wp:term":[{"taxonomy":"category","embeddable":true,"href":"https:\/\/agenciainfra.com\/blog\/wp-json\/wp\/v2\/categories?post=33201"},{"taxonomy":"post_tag","embeddable":true,"href":"https:\/\/agenciainfra.com\/blog\/wp-json\/wp\/v2\/tags?post=33201"}],"curies":[{"name":"wp","href":"https:\/\/api.w.org\/{rel}","templated":true}]}}