{"id":33233,"date":"2025-12-03T13:54:17","date_gmt":"2025-12-03T16:54:17","guid":{"rendered":"https:\/\/agenciainfra.com\/blog\/?p=33233"},"modified":"2025-12-03T13:54:19","modified_gmt":"2025-12-03T16:54:19","slug":"producao-de-petroleo-e-gas-natural-bate-recorde-em-outubro-diz-anp","status":"publish","type":"post","link":"https:\/\/agenciainfra.com\/blog\/producao-de-petroleo-e-gas-natural-bate-recorde-em-outubro-diz-anp\/","title":{"rendered":"Produ\u00e7\u00e3o de petr\u00f3leo e g\u00e1s natural bate recorde em outubro, diz ANP"},"content":{"rendered":"\n<p class=\"has-text-align-right\"><strong>da Ag\u00eancia iNFRA<\/strong><\/p>\n\n\n\n<p>O Brasil atingiu em outubro um novo recorde na produ\u00e7\u00e3o nacional de petr\u00f3leo e g\u00e1s natural. Segundo o Boletim Mensal da Produ\u00e7\u00e3o de Petr\u00f3leo e G\u00e1s Natural divulgado nesta ter\u00e7a-feira (2) pela ANP (Ag\u00eancia Nacional do Petr\u00f3leo, G\u00e1s Natural e Biocombust\u00edveis), o volume total produzido chegou a 5,255 milh\u00f5es de boe\/d (barris de \u00f3leo equivalente por dia), superando a marca anterior registrada em julho (5,160 milh\u00f5es de boe\/d).<\/p>\n\n\n\n<p>A produ\u00e7\u00e3o de petr\u00f3leo alcan\u00e7ou 4,03 milh\u00f5es de bbl\/d (barris por dia), alta de 2,9% em rela\u00e7\u00e3o a setembro e de 23,2% na compara\u00e7\u00e3o com outubro de 2024. J\u00e1 a produ\u00e7\u00e3o de g\u00e1s natural somou 194,78 milh\u00f5es de m\u00b3\/d, crescimento de 2,2% frente ao m\u00eas anterior e de 22,5% em rela\u00e7\u00e3o ao mesmo per\u00edodo do ano passado.<\/p>\n\n\n\n<p>O pr\u00e9-sal respondeu por 81,4% da produ\u00e7\u00e3o nacional, com 4,276 milh\u00f5es de boe\/d, um avan\u00e7o de 3,2% em rela\u00e7\u00e3o a setembro e de 27,8% na compara\u00e7\u00e3o anual. A extra\u00e7\u00e3o ocorreu em 178 po\u00e7os. Somente no pr\u00e9-sal, foram produzidos 3,309 milh\u00f5es de bbl\/d de petr\u00f3leo e 153,72 milh\u00f5es de m\u00b3\/d de g\u00e1s natural.<\/p>\n\n\n\n<p>Em outubro, o aproveitamento do g\u00e1s natural atingiu 97,2%, com 63,05 milh\u00f5es de m\u00b3\/d entregues ao mercado. A queima foi de 5,43 milh\u00f5es de m\u00b3\/d, registrando aumento de 32,7% sobre o m\u00eas anterior, embora permane\u00e7a historicamente baixa.<\/p>\n\n\n\n<p>Os campos mar\u00edtimos se mantiveram como principais respons\u00e1veis pela produ\u00e7\u00e3o nacional, concentrando 97,8% do petr\u00f3leo e 86,6% do g\u00e1s natural. A Petrobras, como operadora \u00fanica ou em cons\u00f3rcio, respondeu por 90,68% de todo o volume produzido no pa\u00eds.<\/p>\n\n\n\n<p>No m\u00eas, a produ\u00e7\u00e3o total teve origem em 6.421 po\u00e7os \u2014 552 mar\u00edtimos e 5.869 terrestres.<\/p>\n\n\n\n<p>O campo de B\u00fazios, na Bacia de Santos, foi novamente o maior produtor de petr\u00f3leo, com 884,78 mil bbl\/d. J\u00e1 o campo de Mero, tamb\u00e9m na Bacia de Santos, liderou a produ\u00e7\u00e3o de g\u00e1s natural, com 41,34 milh\u00f5es de m\u00b3\/d.<\/p>\n\n\n\n<p>Entre as unidades de produ\u00e7\u00e3o, o FPSO Almirante Tamandar\u00e9, que atua nos campos de B\u00fazios, B\u00fazios Eco e Tambuat\u00e1, registrou a maior produ\u00e7\u00e3o de petr\u00f3leo, com 232,94 mil bbl\/d. No g\u00e1s natural, o destaque foi o FPSO Marechal Duque de Caxias, em Mero, com 12,70 milh\u00f5es de m\u00b3\/d.<\/p>\n","protected":false},"excerpt":{"rendered":"<p>da Ag\u00eancia iNFRA O Brasil atingiu em outubro um novo recorde na produ\u00e7\u00e3o nacional de petr\u00f3leo e g\u00e1s natural. Segundo o Boletim Mensal da Produ\u00e7\u00e3o de Petr\u00f3leo e G\u00e1s Natural divulgado nesta ter\u00e7a-feira (2) pela ANP (Ag\u00eancia Nacional do Petr\u00f3leo, G\u00e1s Natural e Biocombust\u00edveis), o volume total produzido chegou a 5,255 milh\u00f5es de boe\/d (barris [&hellip;]<\/p>\n","protected":false},"author":1,"featured_media":20094,"comment_status":"closed","ping_status":"closed","sticky":false,"template":"","format":"standard","meta":{"_monsterinsights_skip_tracking":false,"_monsterinsights_sitenote_active":false,"_monsterinsights_sitenote_note":"","_monsterinsights_sitenote_category":0,"footnotes":""},"categories":[13576],"tags":[1101,3927,17294,15108,882,213,14154],"class_list":["post-33233","post","type-post","status-publish","format-standard","has-post-thumbnail","hentry","category-giro-infra","tag-anp","tag-bacia-de-santos","tag-barris-de-petroelo","tag-boletim-mensal-da-producao-de-petroleo-e-gas-natural","tag-gas-natural","tag-petroleo","tag-producao-de-petroleo"],"yoast_head":"<!-- This site is optimized with the Yoast SEO Premium plugin v25.4 (Yoast SEO v26.0) - https:\/\/yoast.com\/wordpress\/plugins\/seo\/ -->\n<title>Produ\u00e7\u00e3o de petr\u00f3leo e g\u00e1s natural bate recorde em outubro, diz ANP - Ag\u00eancia iNFRA<\/title>\n<meta name=\"robots\" content=\"index, follow, max-snippet:-1, max-image-preview:large, max-video-preview:-1\" \/>\n<link rel=\"canonical\" href=\"https:\/\/agenciainfra.com\/blog\/producao-de-petroleo-e-gas-natural-bate-recorde-em-outubro-diz-anp\/\" \/>\n<meta property=\"og:locale\" content=\"pt_BR\" \/>\n<meta property=\"og:type\" content=\"article\" \/>\n<meta property=\"og:title\" content=\"Produ\u00e7\u00e3o de petr\u00f3leo e g\u00e1s natural bate recorde em outubro, diz ANP\" \/>\n<meta property=\"og:description\" content=\"da Ag\u00eancia iNFRA O Brasil atingiu em outubro um novo recorde na produ\u00e7\u00e3o nacional de petr\u00f3leo e g\u00e1s natural. Segundo o Boletim Mensal da Produ\u00e7\u00e3o de Petr\u00f3leo e G\u00e1s Natural divulgado nesta ter\u00e7a-feira (2) pela ANP (Ag\u00eancia Nacional do Petr\u00f3leo, G\u00e1s Natural e Biocombust\u00edveis), o volume total produzido chegou a 5,255 milh\u00f5es de boe\/d (barris [&hellip;]\" \/>\n<meta property=\"og:url\" content=\"https:\/\/agenciainfra.com\/blog\/producao-de-petroleo-e-gas-natural-bate-recorde-em-outubro-diz-anp\/\" \/>\n<meta property=\"og:site_name\" content=\"Ag\u00eancia iNFRA\" \/>\n<meta property=\"article:publisher\" content=\"https:\/\/www.facebook.com\/ageninfra\" \/>\n<meta property=\"article:published_time\" content=\"2025-12-03T16:54:17+00:00\" \/>\n<meta property=\"article:modified_time\" content=\"2025-12-03T16:54:19+00:00\" \/>\n<meta property=\"og:image\" content=\"https:\/\/agenciainfra.com\/blog\/wp-content\/uploads\/2025\/01\/petroleo-foto-mme.jpg\" \/>\n\t<meta property=\"og:image:width\" content=\"1280\" \/>\n\t<meta property=\"og:image:height\" content=\"853\" \/>\n\t<meta property=\"og:image:type\" content=\"image\/jpeg\" \/>\n<meta name=\"author\" content=\"Ag\u00eancia iNFRA\" \/>\n<meta name=\"twitter:card\" content=\"summary_large_image\" \/>\n<meta name=\"twitter:creator\" content=\"@agencia_infra\" \/>\n<meta name=\"twitter:site\" content=\"@agencia_infra\" \/>\n<meta name=\"twitter:label1\" content=\"Escrito por\" \/>\n\t<meta name=\"twitter:data1\" content=\"Ag\u00eancia iNFRA\" \/>\n\t<meta name=\"twitter:label2\" content=\"Est. tempo de leitura\" \/>\n\t<meta name=\"twitter:data2\" content=\"2 minutos\" \/>\n<script type=\"application\/ld+json\" class=\"yoast-schema-graph\">{\"@context\":\"https:\/\/schema.org\",\"@graph\":[{\"@type\":\"Article\",\"@id\":\"https:\/\/agenciainfra.com\/blog\/producao-de-petroleo-e-gas-natural-bate-recorde-em-outubro-diz-anp\/#article\",\"isPartOf\":{\"@id\":\"https:\/\/agenciainfra.com\/blog\/producao-de-petroleo-e-gas-natural-bate-recorde-em-outubro-diz-anp\/\"},\"author\":{\"name\":\"Ag\u00eancia iNFRA\",\"@id\":\"https:\/\/agenciainfra.com\/blog\/#\/schema\/person\/34af08dff6adea4cb22b06612ba7acfa\"},\"headline\":\"Produ\u00e7\u00e3o de petr\u00f3leo e g\u00e1s natural bate recorde em outubro, diz ANP\",\"datePublished\":\"2025-12-03T16:54:17+00:00\",\"dateModified\":\"2025-12-03T16:54:19+00:00\",\"mainEntityOfPage\":{\"@id\":\"https:\/\/agenciainfra.com\/blog\/producao-de-petroleo-e-gas-natural-bate-recorde-em-outubro-diz-anp\/\"},\"wordCount\":423,\"publisher\":{\"@id\":\"https:\/\/agenciainfra.com\/blog\/#organization\"},\"image\":{\"@id\":\"https:\/\/agenciainfra.com\/blog\/producao-de-petroleo-e-gas-natural-bate-recorde-em-outubro-diz-anp\/#primaryimage\"},\"thumbnailUrl\":\"https:\/\/agenciainfra.com\/blog\/wp-content\/uploads\/2025\/01\/petroleo-foto-mme.jpg\",\"keywords\":[\"ANP\",\"Bacia de Santos\",\"barris de petr\u00f3elo\",\"Boletim Mensal da Produ\u00e7\u00e3o de Petr\u00f3leo e G\u00e1s Natural\",\"g\u00e1s natural\",\"petr\u00f3leo\",\"produ\u00e7\u00e3o de petr\u00f3leo\"],\"articleSection\":[\"Giro iNFRA\"],\"inLanguage\":\"pt-BR\",\"copyrightYear\":\"2025\",\"copyrightHolder\":{\"@id\":\"https:\/\/agenciainfra.com\/blog\/#organization\"}},{\"@type\":\"WebPage\",\"@id\":\"https:\/\/agenciainfra.com\/blog\/producao-de-petroleo-e-gas-natural-bate-recorde-em-outubro-diz-anp\/\",\"url\":\"https:\/\/agenciainfra.com\/blog\/producao-de-petroleo-e-gas-natural-bate-recorde-em-outubro-diz-anp\/\",\"name\":\"Produ\u00e7\u00e3o de petr\u00f3leo e g\u00e1s natural bate recorde em outubro, diz ANP - Ag\u00eancia iNFRA\",\"isPartOf\":{\"@id\":\"https:\/\/agenciainfra.com\/blog\/#website\"},\"primaryImageOfPage\":{\"@id\":\"https:\/\/agenciainfra.com\/blog\/producao-de-petroleo-e-gas-natural-bate-recorde-em-outubro-diz-anp\/#primaryimage\"},\"image\":{\"@id\":\"https:\/\/agenciainfra.com\/blog\/producao-de-petroleo-e-gas-natural-bate-recorde-em-outubro-diz-anp\/#primaryimage\"},\"thumbnailUrl\":\"https:\/\/agenciainfra.com\/blog\/wp-content\/uploads\/2025\/01\/petroleo-foto-mme.jpg\",\"datePublished\":\"2025-12-03T16:54:17+00:00\",\"dateModified\":\"2025-12-03T16:54:19+00:00\",\"breadcrumb\":{\"@id\":\"https:\/\/agenciainfra.com\/blog\/producao-de-petroleo-e-gas-natural-bate-recorde-em-outubro-diz-anp\/#breadcrumb\"},\"inLanguage\":\"pt-BR\",\"potentialAction\":[{\"@type\":\"ReadAction\",\"target\":[\"https:\/\/agenciainfra.com\/blog\/producao-de-petroleo-e-gas-natural-bate-recorde-em-outubro-diz-anp\/\"]}]},{\"@type\":\"ImageObject\",\"inLanguage\":\"pt-BR\",\"@id\":\"https:\/\/agenciainfra.com\/blog\/producao-de-petroleo-e-gas-natural-bate-recorde-em-outubro-diz-anp\/#primaryimage\",\"url\":\"https:\/\/agenciainfra.com\/blog\/wp-content\/uploads\/2025\/01\/petroleo-foto-mme.jpg\",\"contentUrl\":\"https:\/\/agenciainfra.com\/blog\/wp-content\/uploads\/2025\/01\/petroleo-foto-mme.jpg\",\"width\":1280,\"height\":853,\"caption\":\"Foto: Minist\u00e9rio de Minas e Energia\"},{\"@type\":\"BreadcrumbList\",\"@id\":\"https:\/\/agenciainfra.com\/blog\/producao-de-petroleo-e-gas-natural-bate-recorde-em-outubro-diz-anp\/#breadcrumb\",\"itemListElement\":[{\"@type\":\"ListItem\",\"position\":1,\"name\":\"In\u00edcio\",\"item\":\"https:\/\/agenciainfra.com\/blog\/\"},{\"@type\":\"ListItem\",\"position\":2,\"name\":\"Produ\u00e7\u00e3o de petr\u00f3leo e g\u00e1s natural bate recorde em outubro, diz ANP\"}]},{\"@type\":\"WebSite\",\"@id\":\"https:\/\/agenciainfra.com\/blog\/#website\",\"url\":\"https:\/\/agenciainfra.com\/blog\/\",\"name\":\"Ag\u00eancia iNFRA\",\"description\":\"Multiplataforma de informa\u00e7\u00e3o jornal\u00edstica refer\u00eancia na \u00e1rea de infraestrutura no Brasil!\",\"publisher\":{\"@id\":\"https:\/\/agenciainfra.com\/blog\/#organization\"},\"potentialAction\":[{\"@type\":\"SearchAction\",\"target\":{\"@type\":\"EntryPoint\",\"urlTemplate\":\"https:\/\/agenciainfra.com\/blog\/?s={search_term_string}\"},\"query-input\":{\"@type\":\"PropertyValueSpecification\",\"valueRequired\":true,\"valueName\":\"search_term_string\"}}],\"inLanguage\":\"pt-BR\"},{\"@type\":\"Organization\",\"@id\":\"https:\/\/agenciainfra.com\/blog\/#organization\",\"name\":\"Ag\u00eancia iNFRA\",\"url\":\"https:\/\/agenciainfra.com\/blog\/\",\"logo\":{\"@type\":\"ImageObject\",\"inLanguage\":\"pt-BR\",\"@id\":\"https:\/\/agenciainfra.com\/blog\/#\/schema\/logo\/image\/\",\"url\":\"https:\/\/agenciainfra.com\/blog\/wp-content\/uploads\/2023\/09\/iNFRA_5-e1761735885940.png\",\"contentUrl\":\"https:\/\/agenciainfra.com\/blog\/wp-content\/uploads\/2023\/09\/iNFRA_5-e1761735885940.png\",\"width\":1672,\"height\":454,\"caption\":\"Ag\u00eancia iNFRA\"},\"image\":{\"@id\":\"https:\/\/agenciainfra.com\/blog\/#\/schema\/logo\/image\/\"},\"sameAs\":[\"https:\/\/www.facebook.com\/ageninfra\",\"https:\/\/x.com\/agencia_infra\",\"https:\/\/www.linkedin.com\/company\/ag\u00eanciainfra\/\",\"https:\/\/www.instagram.com\/agenciainfra\/\"]},{\"@type\":\"Person\",\"@id\":\"https:\/\/agenciainfra.com\/blog\/#\/schema\/person\/34af08dff6adea4cb22b06612ba7acfa\",\"name\":\"Ag\u00eancia iNFRA\",\"image\":{\"@type\":\"ImageObject\",\"inLanguage\":\"pt-BR\",\"@id\":\"https:\/\/agenciainfra.com\/blog\/#\/schema\/person\/image\/\",\"url\":\"https:\/\/secure.gravatar.com\/avatar\/d189e01678f06d8eb84d4e01f08eb848b3fffe3f8443818d3c356c66892f5be8?s=96&d=mm&r=g\",\"contentUrl\":\"https:\/\/secure.gravatar.com\/avatar\/d189e01678f06d8eb84d4e01f08eb848b3fffe3f8443818d3c356c66892f5be8?s=96&d=mm&r=g\",\"caption\":\"Ag\u00eancia iNFRA\"},\"url\":\"https:\/\/agenciainfra.com\/blog\/author\/admin\/\"}]}<\/script>\n<!-- \/ Yoast SEO Premium plugin. -->","yoast_head_json":{"title":"Produ\u00e7\u00e3o de petr\u00f3leo e g\u00e1s natural bate recorde em outubro, diz ANP - Ag\u00eancia iNFRA","robots":{"index":"index","follow":"follow","max-snippet":"max-snippet:-1","max-image-preview":"max-image-preview:large","max-video-preview":"max-video-preview:-1"},"canonical":"https:\/\/agenciainfra.com\/blog\/producao-de-petroleo-e-gas-natural-bate-recorde-em-outubro-diz-anp\/","og_locale":"pt_BR","og_type":"article","og_title":"Produ\u00e7\u00e3o de petr\u00f3leo e g\u00e1s natural bate recorde em outubro, diz ANP","og_description":"da Ag\u00eancia iNFRA O Brasil atingiu em outubro um novo recorde na produ\u00e7\u00e3o nacional de petr\u00f3leo e g\u00e1s natural. Segundo o Boletim Mensal da Produ\u00e7\u00e3o de Petr\u00f3leo e G\u00e1s Natural divulgado nesta ter\u00e7a-feira (2) pela ANP (Ag\u00eancia Nacional do Petr\u00f3leo, G\u00e1s Natural e Biocombust\u00edveis), o volume total produzido chegou a 5,255 milh\u00f5es de boe\/d (barris [&hellip;]","og_url":"https:\/\/agenciainfra.com\/blog\/producao-de-petroleo-e-gas-natural-bate-recorde-em-outubro-diz-anp\/","og_site_name":"Ag\u00eancia iNFRA","article_publisher":"https:\/\/www.facebook.com\/ageninfra","article_published_time":"2025-12-03T16:54:17+00:00","article_modified_time":"2025-12-03T16:54:19+00:00","og_image":[{"width":1280,"height":853,"url":"https:\/\/agenciainfra.com\/blog\/wp-content\/uploads\/2025\/01\/petroleo-foto-mme.jpg","type":"image\/jpeg"}],"author":"Ag\u00eancia iNFRA","twitter_card":"summary_large_image","twitter_creator":"@agencia_infra","twitter_site":"@agencia_infra","twitter_misc":{"Escrito por":"Ag\u00eancia iNFRA","Est. tempo de leitura":"2 minutos"},"schema":{"@context":"https:\/\/schema.org","@graph":[{"@type":"Article","@id":"https:\/\/agenciainfra.com\/blog\/producao-de-petroleo-e-gas-natural-bate-recorde-em-outubro-diz-anp\/#article","isPartOf":{"@id":"https:\/\/agenciainfra.com\/blog\/producao-de-petroleo-e-gas-natural-bate-recorde-em-outubro-diz-anp\/"},"author":{"name":"Ag\u00eancia iNFRA","@id":"https:\/\/agenciainfra.com\/blog\/#\/schema\/person\/34af08dff6adea4cb22b06612ba7acfa"},"headline":"Produ\u00e7\u00e3o de petr\u00f3leo e g\u00e1s natural bate recorde em outubro, diz ANP","datePublished":"2025-12-03T16:54:17+00:00","dateModified":"2025-12-03T16:54:19+00:00","mainEntityOfPage":{"@id":"https:\/\/agenciainfra.com\/blog\/producao-de-petroleo-e-gas-natural-bate-recorde-em-outubro-diz-anp\/"},"wordCount":423,"publisher":{"@id":"https:\/\/agenciainfra.com\/blog\/#organization"},"image":{"@id":"https:\/\/agenciainfra.com\/blog\/producao-de-petroleo-e-gas-natural-bate-recorde-em-outubro-diz-anp\/#primaryimage"},"thumbnailUrl":"https:\/\/agenciainfra.com\/blog\/wp-content\/uploads\/2025\/01\/petroleo-foto-mme.jpg","keywords":["ANP","Bacia de Santos","barris de petr\u00f3elo","Boletim Mensal da Produ\u00e7\u00e3o de Petr\u00f3leo e G\u00e1s Natural","g\u00e1s natural","petr\u00f3leo","produ\u00e7\u00e3o de petr\u00f3leo"],"articleSection":["Giro iNFRA"],"inLanguage":"pt-BR","copyrightYear":"2025","copyrightHolder":{"@id":"https:\/\/agenciainfra.com\/blog\/#organization"}},{"@type":"WebPage","@id":"https:\/\/agenciainfra.com\/blog\/producao-de-petroleo-e-gas-natural-bate-recorde-em-outubro-diz-anp\/","url":"https:\/\/agenciainfra.com\/blog\/producao-de-petroleo-e-gas-natural-bate-recorde-em-outubro-diz-anp\/","name":"Produ\u00e7\u00e3o de petr\u00f3leo e g\u00e1s natural bate recorde em outubro, diz ANP - Ag\u00eancia iNFRA","isPartOf":{"@id":"https:\/\/agenciainfra.com\/blog\/#website"},"primaryImageOfPage":{"@id":"https:\/\/agenciainfra.com\/blog\/producao-de-petroleo-e-gas-natural-bate-recorde-em-outubro-diz-anp\/#primaryimage"},"image":{"@id":"https:\/\/agenciainfra.com\/blog\/producao-de-petroleo-e-gas-natural-bate-recorde-em-outubro-diz-anp\/#primaryimage"},"thumbnailUrl":"https:\/\/agenciainfra.com\/blog\/wp-content\/uploads\/2025\/01\/petroleo-foto-mme.jpg","datePublished":"2025-12-03T16:54:17+00:00","dateModified":"2025-12-03T16:54:19+00:00","breadcrumb":{"@id":"https:\/\/agenciainfra.com\/blog\/producao-de-petroleo-e-gas-natural-bate-recorde-em-outubro-diz-anp\/#breadcrumb"},"inLanguage":"pt-BR","potentialAction":[{"@type":"ReadAction","target":["https:\/\/agenciainfra.com\/blog\/producao-de-petroleo-e-gas-natural-bate-recorde-em-outubro-diz-anp\/"]}]},{"@type":"ImageObject","inLanguage":"pt-BR","@id":"https:\/\/agenciainfra.com\/blog\/producao-de-petroleo-e-gas-natural-bate-recorde-em-outubro-diz-anp\/#primaryimage","url":"https:\/\/agenciainfra.com\/blog\/wp-content\/uploads\/2025\/01\/petroleo-foto-mme.jpg","contentUrl":"https:\/\/agenciainfra.com\/blog\/wp-content\/uploads\/2025\/01\/petroleo-foto-mme.jpg","width":1280,"height":853,"caption":"Foto: Minist\u00e9rio de Minas e Energia"},{"@type":"BreadcrumbList","@id":"https:\/\/agenciainfra.com\/blog\/producao-de-petroleo-e-gas-natural-bate-recorde-em-outubro-diz-anp\/#breadcrumb","itemListElement":[{"@type":"ListItem","position":1,"name":"In\u00edcio","item":"https:\/\/agenciainfra.com\/blog\/"},{"@type":"ListItem","position":2,"name":"Produ\u00e7\u00e3o de petr\u00f3leo e g\u00e1s natural bate recorde em outubro, diz ANP"}]},{"@type":"WebSite","@id":"https:\/\/agenciainfra.com\/blog\/#website","url":"https:\/\/agenciainfra.com\/blog\/","name":"Ag\u00eancia iNFRA","description":"Multiplataforma de informa\u00e7\u00e3o jornal\u00edstica refer\u00eancia na \u00e1rea de infraestrutura no Brasil!","publisher":{"@id":"https:\/\/agenciainfra.com\/blog\/#organization"},"potentialAction":[{"@type":"SearchAction","target":{"@type":"EntryPoint","urlTemplate":"https:\/\/agenciainfra.com\/blog\/?s={search_term_string}"},"query-input":{"@type":"PropertyValueSpecification","valueRequired":true,"valueName":"search_term_string"}}],"inLanguage":"pt-BR"},{"@type":"Organization","@id":"https:\/\/agenciainfra.com\/blog\/#organization","name":"Ag\u00eancia iNFRA","url":"https:\/\/agenciainfra.com\/blog\/","logo":{"@type":"ImageObject","inLanguage":"pt-BR","@id":"https:\/\/agenciainfra.com\/blog\/#\/schema\/logo\/image\/","url":"https:\/\/agenciainfra.com\/blog\/wp-content\/uploads\/2023\/09\/iNFRA_5-e1761735885940.png","contentUrl":"https:\/\/agenciainfra.com\/blog\/wp-content\/uploads\/2023\/09\/iNFRA_5-e1761735885940.png","width":1672,"height":454,"caption":"Ag\u00eancia iNFRA"},"image":{"@id":"https:\/\/agenciainfra.com\/blog\/#\/schema\/logo\/image\/"},"sameAs":["https:\/\/www.facebook.com\/ageninfra","https:\/\/x.com\/agencia_infra","https:\/\/www.linkedin.com\/company\/ag\u00eanciainfra\/","https:\/\/www.instagram.com\/agenciainfra\/"]},{"@type":"Person","@id":"https:\/\/agenciainfra.com\/blog\/#\/schema\/person\/34af08dff6adea4cb22b06612ba7acfa","name":"Ag\u00eancia iNFRA","image":{"@type":"ImageObject","inLanguage":"pt-BR","@id":"https:\/\/agenciainfra.com\/blog\/#\/schema\/person\/image\/","url":"https:\/\/secure.gravatar.com\/avatar\/d189e01678f06d8eb84d4e01f08eb848b3fffe3f8443818d3c356c66892f5be8?s=96&d=mm&r=g","contentUrl":"https:\/\/secure.gravatar.com\/avatar\/d189e01678f06d8eb84d4e01f08eb848b3fffe3f8443818d3c356c66892f5be8?s=96&d=mm&r=g","caption":"Ag\u00eancia iNFRA"},"url":"https:\/\/agenciainfra.com\/blog\/author\/admin\/"}]}},"_links":{"self":[{"href":"https:\/\/agenciainfra.com\/blog\/wp-json\/wp\/v2\/posts\/33233","targetHints":{"allow":["GET"]}}],"collection":[{"href":"https:\/\/agenciainfra.com\/blog\/wp-json\/wp\/v2\/posts"}],"about":[{"href":"https:\/\/agenciainfra.com\/blog\/wp-json\/wp\/v2\/types\/post"}],"author":[{"embeddable":true,"href":"https:\/\/agenciainfra.com\/blog\/wp-json\/wp\/v2\/users\/1"}],"replies":[{"embeddable":true,"href":"https:\/\/agenciainfra.com\/blog\/wp-json\/wp\/v2\/comments?post=33233"}],"version-history":[{"count":1,"href":"https:\/\/agenciainfra.com\/blog\/wp-json\/wp\/v2\/posts\/33233\/revisions"}],"predecessor-version":[{"id":33234,"href":"https:\/\/agenciainfra.com\/blog\/wp-json\/wp\/v2\/posts\/33233\/revisions\/33234"}],"wp:featuredmedia":[{"embeddable":true,"href":"https:\/\/agenciainfra.com\/blog\/wp-json\/wp\/v2\/media\/20094"}],"wp:attachment":[{"href":"https:\/\/agenciainfra.com\/blog\/wp-json\/wp\/v2\/media?parent=33233"}],"wp:term":[{"taxonomy":"category","embeddable":true,"href":"https:\/\/agenciainfra.com\/blog\/wp-json\/wp\/v2\/categories?post=33233"},{"taxonomy":"post_tag","embeddable":true,"href":"https:\/\/agenciainfra.com\/blog\/wp-json\/wp\/v2\/tags?post=33233"}],"curies":[{"name":"wp","href":"https:\/\/api.w.org\/{rel}","templated":true}]}}