{"id":33252,"date":"2025-12-03T15:30:58","date_gmt":"2025-12-03T18:30:58","guid":{"rendered":"https:\/\/agenciainfra.com\/blog\/?p=33252"},"modified":"2025-12-03T16:24:05","modified_gmt":"2025-12-03T19:24:05","slug":"cma-aprova-criacao-do-programa-rios-livres-da-amazonia","status":"publish","type":"post","link":"https:\/\/agenciainfra.com\/blog\/cma-aprova-criacao-do-programa-rios-livres-da-amazonia\/","title":{"rendered":"CMA aprova cria\u00e7\u00e3o do Programa Rios Livres da Amaz\u00f4nia"},"content":{"rendered":"\n<p class=\"has-text-align-right\"><strong>da Ag\u00eancia iNFRA<\/strong><\/p>\n\n\n\n<p>A CMA (Comiss\u00e3o de Meio Ambiente) aprovou nesta ter\u00e7a-feira (2) o projeto que institui o Programa Rios Livres da Amaz\u00f4nia, iniciativa voltada \u00e0 melhoria da navegabilidade e \u00e0 conserva\u00e7\u00e3o dos rios da regi\u00e3o (<a href=\"https:\/\/www25.senado.leg.br\/web\/atividade\/materias\/-\/materia\/166000\">PL 4.199\/2024<\/a>). A proposta, apresentada pelo senador S\u00e9rgio Petec\u00e3o (PSD-AC), recebeu substitutivo do relator Mecias de Jesus (Republicanos-RR) e seguir\u00e1 para turno suplementar, \u00faltima etapa de vota\u00e7\u00e3o no colegiado.<\/p>\n\n\n\n<p>O programa pretende integrar a\u00e7\u00f5es para garantir navega\u00e7\u00e3o segura e sustent\u00e1vel, proteger os recursos h\u00eddricos e conciliar desenvolvimento socioecon\u00f4mico com preserva\u00e7\u00e3o ambiental na Amaz\u00f4nia Legal. O texto aprovado prev\u00ea medidas para reduzir a polui\u00e7\u00e3o, estimular a educa\u00e7\u00e3o ambiental, promover pesquisa cient\u00edfica, adotar inova\u00e7\u00f5es tecnol\u00f3gicas no transporte hidrovi\u00e1rio e fortalecer a\u00e7\u00f5es de preven\u00e7\u00e3o e adapta\u00e7\u00e3o a eventos cr\u00edticos nos rios da regi\u00e3o.<\/p>\n\n\n\n<p>Uma das mudan\u00e7as do substitutivo foi a retirada da cria\u00e7\u00e3o de um comit\u00ea gestor, evitando sobreposi\u00e7\u00e3o de inst\u00e2ncias. O texto refor\u00e7a o protagonismo dos comit\u00eas de bacia hidrogr\u00e1fica e integra o programa ao Sistema Nacional de Gerenciamento de Recursos H\u00eddricos. Tamb\u00e9m amplia objetivos do plano, incluindo o est\u00edmulo a arranjos institucionais e ao debate sobre o transporte hidrovi\u00e1rio amaz\u00f4nico.<\/p>\n\n\n\n<p>Entre os princ\u00edpios estabelecidos est\u00e3o o desenvolvimento sustent\u00e1vel, a participa\u00e7\u00e3o social e o princ\u00edpio do poluidor-pagador, que responsabiliza quem causar danos ambientais pelos custos da preven\u00e7\u00e3o e repara\u00e7\u00e3o. O programa tamb\u00e9m refor\u00e7a a necessidade de manuten\u00e7\u00e3o cont\u00ednua das vias naveg\u00e1veis, com dragagens, manejo integrado e sinaliza\u00e7\u00e3o adequada.<\/p>\n","protected":false},"excerpt":{"rendered":"<p>da Ag\u00eancia iNFRA A CMA (Comiss\u00e3o de Meio Ambiente) aprovou nesta ter\u00e7a-feira (2) o projeto que institui o Programa Rios Livres da Amaz\u00f4nia, iniciativa voltada \u00e0 melhoria da navegabilidade e \u00e0 conserva\u00e7\u00e3o dos rios da regi\u00e3o (PL 4.199\/2024). A proposta, apresentada pelo senador S\u00e9rgio Petec\u00e3o (PSD-AC), recebeu substitutivo do relator Mecias de Jesus (Republicanos-RR) e [&hellip;]<\/p>\n","protected":false},"author":1,"featured_media":33254,"comment_status":"closed","ping_status":"closed","sticky":false,"template":"","format":"standard","meta":{"_monsterinsights_skip_tracking":false,"_monsterinsights_sitenote_active":false,"_monsterinsights_sitenote_note":"","_monsterinsights_sitenote_category":0,"footnotes":""},"categories":[13576],"tags":[1770,8644,3116,849,17297,1757,17298],"class_list":["post-33252","post","type-post","status-publish","format-standard","has-post-thumbnail","hentry","category-giro-infra","tag-amazonia-legal","tag-cma","tag-mecias-de-jesus","tag-meio-ambiente","tag-rios-livres-da-amazonia","tag-sergio-petecao","tag-transporte-hidroviario-amazonico"],"yoast_head":"<!-- This site is optimized with the Yoast SEO Premium plugin v25.4 (Yoast SEO v26.0) - https:\/\/yoast.com\/wordpress\/plugins\/seo\/ -->\n<title>CMA aprova cria\u00e7\u00e3o do Programa Rios Livres da Amaz\u00f4nia - Ag\u00eancia iNFRA<\/title>\n<meta name=\"robots\" content=\"index, follow, max-snippet:-1, max-image-preview:large, max-video-preview:-1\" \/>\n<link rel=\"canonical\" href=\"https:\/\/agenciainfra.com\/blog\/cma-aprova-criacao-do-programa-rios-livres-da-amazonia\/\" \/>\n<meta property=\"og:locale\" content=\"pt_BR\" \/>\n<meta property=\"og:type\" content=\"article\" \/>\n<meta property=\"og:title\" content=\"CMA aprova cria\u00e7\u00e3o do Programa Rios Livres da Amaz\u00f4nia\" \/>\n<meta property=\"og:description\" content=\"da Ag\u00eancia iNFRA A CMA (Comiss\u00e3o de Meio Ambiente) aprovou nesta ter\u00e7a-feira (2) o projeto que institui o Programa Rios Livres da Amaz\u00f4nia, iniciativa voltada \u00e0 melhoria da navegabilidade e \u00e0 conserva\u00e7\u00e3o dos rios da regi\u00e3o (PL 4.199\/2024). A proposta, apresentada pelo senador S\u00e9rgio Petec\u00e3o (PSD-AC), recebeu substitutivo do relator Mecias de Jesus (Republicanos-RR) e [&hellip;]\" \/>\n<meta property=\"og:url\" content=\"https:\/\/agenciainfra.com\/blog\/cma-aprova-criacao-do-programa-rios-livres-da-amazonia\/\" \/>\n<meta property=\"og:site_name\" content=\"Ag\u00eancia iNFRA\" \/>\n<meta property=\"article:publisher\" content=\"https:\/\/www.facebook.com\/ageninfra\" \/>\n<meta property=\"article:published_time\" content=\"2025-12-03T18:30:58+00:00\" \/>\n<meta property=\"article:modified_time\" content=\"2025-12-03T19:24:05+00:00\" \/>\n<meta property=\"og:image\" content=\"https:\/\/agenciainfra.com\/blog\/wp-content\/uploads\/2025\/12\/rios-livres-foto-Andressa-Anholete-Agencia-Senado.jpg\" \/>\n\t<meta property=\"og:image:width\" content=\"1280\" \/>\n\t<meta property=\"og:image:height\" content=\"848\" \/>\n\t<meta property=\"og:image:type\" content=\"image\/jpeg\" \/>\n<meta name=\"author\" content=\"Ag\u00eancia iNFRA\" \/>\n<meta name=\"twitter:card\" content=\"summary_large_image\" \/>\n<meta name=\"twitter:creator\" content=\"@agencia_infra\" \/>\n<meta name=\"twitter:site\" content=\"@agencia_infra\" \/>\n<meta name=\"twitter:label1\" content=\"Escrito por\" \/>\n\t<meta name=\"twitter:data1\" content=\"Ag\u00eancia iNFRA\" \/>\n\t<meta name=\"twitter:label2\" content=\"Est. tempo de leitura\" \/>\n\t<meta name=\"twitter:data2\" content=\"1 minuto\" \/>\n<script type=\"application\/ld+json\" class=\"yoast-schema-graph\">{\"@context\":\"https:\/\/schema.org\",\"@graph\":[{\"@type\":\"Article\",\"@id\":\"https:\/\/agenciainfra.com\/blog\/cma-aprova-criacao-do-programa-rios-livres-da-amazonia\/#article\",\"isPartOf\":{\"@id\":\"https:\/\/agenciainfra.com\/blog\/cma-aprova-criacao-do-programa-rios-livres-da-amazonia\/\"},\"author\":{\"name\":\"Ag\u00eancia iNFRA\",\"@id\":\"https:\/\/agenciainfra.com\/blog\/#\/schema\/person\/34af08dff6adea4cb22b06612ba7acfa\"},\"headline\":\"CMA aprova cria\u00e7\u00e3o do Programa Rios Livres da Amaz\u00f4nia\",\"datePublished\":\"2025-12-03T18:30:58+00:00\",\"dateModified\":\"2025-12-03T19:24:05+00:00\",\"mainEntityOfPage\":{\"@id\":\"https:\/\/agenciainfra.com\/blog\/cma-aprova-criacao-do-programa-rios-livres-da-amazonia\/\"},\"wordCount\":291,\"publisher\":{\"@id\":\"https:\/\/agenciainfra.com\/blog\/#organization\"},\"image\":{\"@id\":\"https:\/\/agenciainfra.com\/blog\/cma-aprova-criacao-do-programa-rios-livres-da-amazonia\/#primaryimage\"},\"thumbnailUrl\":\"https:\/\/agenciainfra.com\/blog\/wp-content\/uploads\/2025\/12\/rios-livres-foto-Andressa-Anholete-Agencia-Senado.jpg\",\"keywords\":[\"Amaz\u00f4nia Legal\",\"CMA\",\"Mecias de Jesus\",\"meio ambiente\",\"Rios Livres da Amaz\u00f4nia\",\"S\u00e9rgio Petec\u00e3o\",\"transporte hidrovi\u00e1rio amaz\u00f4nico\"],\"articleSection\":[\"Giro iNFRA\"],\"inLanguage\":\"pt-BR\",\"copyrightYear\":\"2025\",\"copyrightHolder\":{\"@id\":\"https:\/\/agenciainfra.com\/blog\/#organization\"}},{\"@type\":\"WebPage\",\"@id\":\"https:\/\/agenciainfra.com\/blog\/cma-aprova-criacao-do-programa-rios-livres-da-amazonia\/\",\"url\":\"https:\/\/agenciainfra.com\/blog\/cma-aprova-criacao-do-programa-rios-livres-da-amazonia\/\",\"name\":\"CMA aprova cria\u00e7\u00e3o do Programa Rios Livres da Amaz\u00f4nia - Ag\u00eancia iNFRA\",\"isPartOf\":{\"@id\":\"https:\/\/agenciainfra.com\/blog\/#website\"},\"primaryImageOfPage\":{\"@id\":\"https:\/\/agenciainfra.com\/blog\/cma-aprova-criacao-do-programa-rios-livres-da-amazonia\/#primaryimage\"},\"image\":{\"@id\":\"https:\/\/agenciainfra.com\/blog\/cma-aprova-criacao-do-programa-rios-livres-da-amazonia\/#primaryimage\"},\"thumbnailUrl\":\"https:\/\/agenciainfra.com\/blog\/wp-content\/uploads\/2025\/12\/rios-livres-foto-Andressa-Anholete-Agencia-Senado.jpg\",\"datePublished\":\"2025-12-03T18:30:58+00:00\",\"dateModified\":\"2025-12-03T19:24:05+00:00\",\"breadcrumb\":{\"@id\":\"https:\/\/agenciainfra.com\/blog\/cma-aprova-criacao-do-programa-rios-livres-da-amazonia\/#breadcrumb\"},\"inLanguage\":\"pt-BR\",\"potentialAction\":[{\"@type\":\"ReadAction\",\"target\":[\"https:\/\/agenciainfra.com\/blog\/cma-aprova-criacao-do-programa-rios-livres-da-amazonia\/\"]}]},{\"@type\":\"ImageObject\",\"inLanguage\":\"pt-BR\",\"@id\":\"https:\/\/agenciainfra.com\/blog\/cma-aprova-criacao-do-programa-rios-livres-da-amazonia\/#primaryimage\",\"url\":\"https:\/\/agenciainfra.com\/blog\/wp-content\/uploads\/2025\/12\/rios-livres-foto-Andressa-Anholete-Agencia-Senado.jpg\",\"contentUrl\":\"https:\/\/agenciainfra.com\/blog\/wp-content\/uploads\/2025\/12\/rios-livres-foto-Andressa-Anholete-Agencia-Senado.jpg\",\"width\":1280,\"height\":848,\"caption\":\"Foto: Andressa Anholete\/Ag\u00eancia Senado\"},{\"@type\":\"BreadcrumbList\",\"@id\":\"https:\/\/agenciainfra.com\/blog\/cma-aprova-criacao-do-programa-rios-livres-da-amazonia\/#breadcrumb\",\"itemListElement\":[{\"@type\":\"ListItem\",\"position\":1,\"name\":\"In\u00edcio\",\"item\":\"https:\/\/agenciainfra.com\/blog\/\"},{\"@type\":\"ListItem\",\"position\":2,\"name\":\"CMA aprova cria\u00e7\u00e3o do Programa Rios Livres da Amaz\u00f4nia\"}]},{\"@type\":\"WebSite\",\"@id\":\"https:\/\/agenciainfra.com\/blog\/#website\",\"url\":\"https:\/\/agenciainfra.com\/blog\/\",\"name\":\"Ag\u00eancia iNFRA\",\"description\":\"Multiplataforma de informa\u00e7\u00e3o jornal\u00edstica refer\u00eancia na \u00e1rea de infraestrutura no Brasil!\",\"publisher\":{\"@id\":\"https:\/\/agenciainfra.com\/blog\/#organization\"},\"potentialAction\":[{\"@type\":\"SearchAction\",\"target\":{\"@type\":\"EntryPoint\",\"urlTemplate\":\"https:\/\/agenciainfra.com\/blog\/?s={search_term_string}\"},\"query-input\":{\"@type\":\"PropertyValueSpecification\",\"valueRequired\":true,\"valueName\":\"search_term_string\"}}],\"inLanguage\":\"pt-BR\"},{\"@type\":\"Organization\",\"@id\":\"https:\/\/agenciainfra.com\/blog\/#organization\",\"name\":\"Ag\u00eancia iNFRA\",\"url\":\"https:\/\/agenciainfra.com\/blog\/\",\"logo\":{\"@type\":\"ImageObject\",\"inLanguage\":\"pt-BR\",\"@id\":\"https:\/\/agenciainfra.com\/blog\/#\/schema\/logo\/image\/\",\"url\":\"https:\/\/agenciainfra.com\/blog\/wp-content\/uploads\/2023\/09\/iNFRA_5-e1761735885940.png\",\"contentUrl\":\"https:\/\/agenciainfra.com\/blog\/wp-content\/uploads\/2023\/09\/iNFRA_5-e1761735885940.png\",\"width\":1672,\"height\":454,\"caption\":\"Ag\u00eancia iNFRA\"},\"image\":{\"@id\":\"https:\/\/agenciainfra.com\/blog\/#\/schema\/logo\/image\/\"},\"sameAs\":[\"https:\/\/www.facebook.com\/ageninfra\",\"https:\/\/x.com\/agencia_infra\",\"https:\/\/www.linkedin.com\/company\/ag\u00eanciainfra\/\",\"https:\/\/www.instagram.com\/agenciainfra\/\"]},{\"@type\":\"Person\",\"@id\":\"https:\/\/agenciainfra.com\/blog\/#\/schema\/person\/34af08dff6adea4cb22b06612ba7acfa\",\"name\":\"Ag\u00eancia iNFRA\",\"image\":{\"@type\":\"ImageObject\",\"inLanguage\":\"pt-BR\",\"@id\":\"https:\/\/agenciainfra.com\/blog\/#\/schema\/person\/image\/\",\"url\":\"https:\/\/secure.gravatar.com\/avatar\/d189e01678f06d8eb84d4e01f08eb848b3fffe3f8443818d3c356c66892f5be8?s=96&d=mm&r=g\",\"contentUrl\":\"https:\/\/secure.gravatar.com\/avatar\/d189e01678f06d8eb84d4e01f08eb848b3fffe3f8443818d3c356c66892f5be8?s=96&d=mm&r=g\",\"caption\":\"Ag\u00eancia iNFRA\"},\"url\":\"https:\/\/agenciainfra.com\/blog\/author\/admin\/\"}]}<\/script>\n<!-- \/ Yoast SEO Premium plugin. -->","yoast_head_json":{"title":"CMA aprova cria\u00e7\u00e3o do Programa Rios Livres da Amaz\u00f4nia - Ag\u00eancia iNFRA","robots":{"index":"index","follow":"follow","max-snippet":"max-snippet:-1","max-image-preview":"max-image-preview:large","max-video-preview":"max-video-preview:-1"},"canonical":"https:\/\/agenciainfra.com\/blog\/cma-aprova-criacao-do-programa-rios-livres-da-amazonia\/","og_locale":"pt_BR","og_type":"article","og_title":"CMA aprova cria\u00e7\u00e3o do Programa Rios Livres da Amaz\u00f4nia","og_description":"da Ag\u00eancia iNFRA A CMA (Comiss\u00e3o de Meio Ambiente) aprovou nesta ter\u00e7a-feira (2) o projeto que institui o Programa Rios Livres da Amaz\u00f4nia, iniciativa voltada \u00e0 melhoria da navegabilidade e \u00e0 conserva\u00e7\u00e3o dos rios da regi\u00e3o (PL 4.199\/2024). A proposta, apresentada pelo senador S\u00e9rgio Petec\u00e3o (PSD-AC), recebeu substitutivo do relator Mecias de Jesus (Republicanos-RR) e [&hellip;]","og_url":"https:\/\/agenciainfra.com\/blog\/cma-aprova-criacao-do-programa-rios-livres-da-amazonia\/","og_site_name":"Ag\u00eancia iNFRA","article_publisher":"https:\/\/www.facebook.com\/ageninfra","article_published_time":"2025-12-03T18:30:58+00:00","article_modified_time":"2025-12-03T19:24:05+00:00","og_image":[{"width":1280,"height":848,"url":"https:\/\/agenciainfra.com\/blog\/wp-content\/uploads\/2025\/12\/rios-livres-foto-Andressa-Anholete-Agencia-Senado.jpg","type":"image\/jpeg"}],"author":"Ag\u00eancia iNFRA","twitter_card":"summary_large_image","twitter_creator":"@agencia_infra","twitter_site":"@agencia_infra","twitter_misc":{"Escrito por":"Ag\u00eancia iNFRA","Est. tempo de leitura":"1 minuto"},"schema":{"@context":"https:\/\/schema.org","@graph":[{"@type":"Article","@id":"https:\/\/agenciainfra.com\/blog\/cma-aprova-criacao-do-programa-rios-livres-da-amazonia\/#article","isPartOf":{"@id":"https:\/\/agenciainfra.com\/blog\/cma-aprova-criacao-do-programa-rios-livres-da-amazonia\/"},"author":{"name":"Ag\u00eancia iNFRA","@id":"https:\/\/agenciainfra.com\/blog\/#\/schema\/person\/34af08dff6adea4cb22b06612ba7acfa"},"headline":"CMA aprova cria\u00e7\u00e3o do Programa Rios Livres da Amaz\u00f4nia","datePublished":"2025-12-03T18:30:58+00:00","dateModified":"2025-12-03T19:24:05+00:00","mainEntityOfPage":{"@id":"https:\/\/agenciainfra.com\/blog\/cma-aprova-criacao-do-programa-rios-livres-da-amazonia\/"},"wordCount":291,"publisher":{"@id":"https:\/\/agenciainfra.com\/blog\/#organization"},"image":{"@id":"https:\/\/agenciainfra.com\/blog\/cma-aprova-criacao-do-programa-rios-livres-da-amazonia\/#primaryimage"},"thumbnailUrl":"https:\/\/agenciainfra.com\/blog\/wp-content\/uploads\/2025\/12\/rios-livres-foto-Andressa-Anholete-Agencia-Senado.jpg","keywords":["Amaz\u00f4nia Legal","CMA","Mecias de Jesus","meio ambiente","Rios Livres da Amaz\u00f4nia","S\u00e9rgio Petec\u00e3o","transporte hidrovi\u00e1rio amaz\u00f4nico"],"articleSection":["Giro iNFRA"],"inLanguage":"pt-BR","copyrightYear":"2025","copyrightHolder":{"@id":"https:\/\/agenciainfra.com\/blog\/#organization"}},{"@type":"WebPage","@id":"https:\/\/agenciainfra.com\/blog\/cma-aprova-criacao-do-programa-rios-livres-da-amazonia\/","url":"https:\/\/agenciainfra.com\/blog\/cma-aprova-criacao-do-programa-rios-livres-da-amazonia\/","name":"CMA aprova cria\u00e7\u00e3o do Programa Rios Livres da Amaz\u00f4nia - Ag\u00eancia iNFRA","isPartOf":{"@id":"https:\/\/agenciainfra.com\/blog\/#website"},"primaryImageOfPage":{"@id":"https:\/\/agenciainfra.com\/blog\/cma-aprova-criacao-do-programa-rios-livres-da-amazonia\/#primaryimage"},"image":{"@id":"https:\/\/agenciainfra.com\/blog\/cma-aprova-criacao-do-programa-rios-livres-da-amazonia\/#primaryimage"},"thumbnailUrl":"https:\/\/agenciainfra.com\/blog\/wp-content\/uploads\/2025\/12\/rios-livres-foto-Andressa-Anholete-Agencia-Senado.jpg","datePublished":"2025-12-03T18:30:58+00:00","dateModified":"2025-12-03T19:24:05+00:00","breadcrumb":{"@id":"https:\/\/agenciainfra.com\/blog\/cma-aprova-criacao-do-programa-rios-livres-da-amazonia\/#breadcrumb"},"inLanguage":"pt-BR","potentialAction":[{"@type":"ReadAction","target":["https:\/\/agenciainfra.com\/blog\/cma-aprova-criacao-do-programa-rios-livres-da-amazonia\/"]}]},{"@type":"ImageObject","inLanguage":"pt-BR","@id":"https:\/\/agenciainfra.com\/blog\/cma-aprova-criacao-do-programa-rios-livres-da-amazonia\/#primaryimage","url":"https:\/\/agenciainfra.com\/blog\/wp-content\/uploads\/2025\/12\/rios-livres-foto-Andressa-Anholete-Agencia-Senado.jpg","contentUrl":"https:\/\/agenciainfra.com\/blog\/wp-content\/uploads\/2025\/12\/rios-livres-foto-Andressa-Anholete-Agencia-Senado.jpg","width":1280,"height":848,"caption":"Foto: Andressa Anholete\/Ag\u00eancia Senado"},{"@type":"BreadcrumbList","@id":"https:\/\/agenciainfra.com\/blog\/cma-aprova-criacao-do-programa-rios-livres-da-amazonia\/#breadcrumb","itemListElement":[{"@type":"ListItem","position":1,"name":"In\u00edcio","item":"https:\/\/agenciainfra.com\/blog\/"},{"@type":"ListItem","position":2,"name":"CMA aprova cria\u00e7\u00e3o do Programa Rios Livres da Amaz\u00f4nia"}]},{"@type":"WebSite","@id":"https:\/\/agenciainfra.com\/blog\/#website","url":"https:\/\/agenciainfra.com\/blog\/","name":"Ag\u00eancia iNFRA","description":"Multiplataforma de informa\u00e7\u00e3o jornal\u00edstica refer\u00eancia na \u00e1rea de infraestrutura no Brasil!","publisher":{"@id":"https:\/\/agenciainfra.com\/blog\/#organization"},"potentialAction":[{"@type":"SearchAction","target":{"@type":"EntryPoint","urlTemplate":"https:\/\/agenciainfra.com\/blog\/?s={search_term_string}"},"query-input":{"@type":"PropertyValueSpecification","valueRequired":true,"valueName":"search_term_string"}}],"inLanguage":"pt-BR"},{"@type":"Organization","@id":"https:\/\/agenciainfra.com\/blog\/#organization","name":"Ag\u00eancia iNFRA","url":"https:\/\/agenciainfra.com\/blog\/","logo":{"@type":"ImageObject","inLanguage":"pt-BR","@id":"https:\/\/agenciainfra.com\/blog\/#\/schema\/logo\/image\/","url":"https:\/\/agenciainfra.com\/blog\/wp-content\/uploads\/2023\/09\/iNFRA_5-e1761735885940.png","contentUrl":"https:\/\/agenciainfra.com\/blog\/wp-content\/uploads\/2023\/09\/iNFRA_5-e1761735885940.png","width":1672,"height":454,"caption":"Ag\u00eancia iNFRA"},"image":{"@id":"https:\/\/agenciainfra.com\/blog\/#\/schema\/logo\/image\/"},"sameAs":["https:\/\/www.facebook.com\/ageninfra","https:\/\/x.com\/agencia_infra","https:\/\/www.linkedin.com\/company\/ag\u00eanciainfra\/","https:\/\/www.instagram.com\/agenciainfra\/"]},{"@type":"Person","@id":"https:\/\/agenciainfra.com\/blog\/#\/schema\/person\/34af08dff6adea4cb22b06612ba7acfa","name":"Ag\u00eancia iNFRA","image":{"@type":"ImageObject","inLanguage":"pt-BR","@id":"https:\/\/agenciainfra.com\/blog\/#\/schema\/person\/image\/","url":"https:\/\/secure.gravatar.com\/avatar\/d189e01678f06d8eb84d4e01f08eb848b3fffe3f8443818d3c356c66892f5be8?s=96&d=mm&r=g","contentUrl":"https:\/\/secure.gravatar.com\/avatar\/d189e01678f06d8eb84d4e01f08eb848b3fffe3f8443818d3c356c66892f5be8?s=96&d=mm&r=g","caption":"Ag\u00eancia iNFRA"},"url":"https:\/\/agenciainfra.com\/blog\/author\/admin\/"}]}},"_links":{"self":[{"href":"https:\/\/agenciainfra.com\/blog\/wp-json\/wp\/v2\/posts\/33252","targetHints":{"allow":["GET"]}}],"collection":[{"href":"https:\/\/agenciainfra.com\/blog\/wp-json\/wp\/v2\/posts"}],"about":[{"href":"https:\/\/agenciainfra.com\/blog\/wp-json\/wp\/v2\/types\/post"}],"author":[{"embeddable":true,"href":"https:\/\/agenciainfra.com\/blog\/wp-json\/wp\/v2\/users\/1"}],"replies":[{"embeddable":true,"href":"https:\/\/agenciainfra.com\/blog\/wp-json\/wp\/v2\/comments?post=33252"}],"version-history":[{"count":2,"href":"https:\/\/agenciainfra.com\/blog\/wp-json\/wp\/v2\/posts\/33252\/revisions"}],"predecessor-version":[{"id":33269,"href":"https:\/\/agenciainfra.com\/blog\/wp-json\/wp\/v2\/posts\/33252\/revisions\/33269"}],"wp:featuredmedia":[{"embeddable":true,"href":"https:\/\/agenciainfra.com\/blog\/wp-json\/wp\/v2\/media\/33254"}],"wp:attachment":[{"href":"https:\/\/agenciainfra.com\/blog\/wp-json\/wp\/v2\/media?parent=33252"}],"wp:term":[{"taxonomy":"category","embeddable":true,"href":"https:\/\/agenciainfra.com\/blog\/wp-json\/wp\/v2\/categories?post=33252"},{"taxonomy":"post_tag","embeddable":true,"href":"https:\/\/agenciainfra.com\/blog\/wp-json\/wp\/v2\/tags?post=33252"}],"curies":[{"name":"wp","href":"https:\/\/api.w.org\/{rel}","templated":true}]}}