{"id":3326,"date":"2019-06-20T08:00:33","date_gmt":"2019-06-20T11:00:33","guid":{"rendered":"http:\/\/www.agenciainfra.com\/blog\/?p=3326"},"modified":"2019-06-17T18:19:35","modified_gmt":"2019-06-17T21:19:35","slug":"terminais-molhados-defendem-vinculacao-de-portos-secos-ao-ministerio-da-infraestrutura","status":"publish","type":"post","link":"https:\/\/agenciainfra.com\/blog\/terminais-molhados-defendem-vinculacao-de-portos-secos-ao-ministerio-da-infraestrutura\/","title":{"rendered":"Terminais molhados defendem vincula\u00e7\u00e3o de portos secos ao Minist\u00e9rio da Infraestrutura"},"content":{"rendered":"<h5 style=\"text-align: right;\"><strong>da Ag\u00eancia iNFRA<\/strong><\/h5>\n<div>\n<p>Em debate realizado durante o Siart (Semin\u00e1rio Internacional de Ag\u00eancias Reguladoras de Transportes) na semana passada\u00a0sobre a disputa entre terminais mar\u00edtimos (molhados) e retroalfandegados (secos) em rela\u00e7\u00e3o ao\u00a0pagamento de taxas de movimenta\u00e7\u00e3o de cont\u00eainer, o advogado C\u00e1ssio Louren\u00e7o Ribeiro apresentou proposta para que os terminais secos passem a ser vinculados ao Minist\u00e9rio da Infraestrutura.<\/p>\n<p>Atualmente, eles est\u00e3o vinculados \u00e0 Receita Federal, \u00f3rg\u00e3o do Minist\u00e9rio da Economia.<\/p>\n<p>O representante\u00a0dos terminais secos no encontro, o tamb\u00e9m advogado Bruno Burini, afirmou que as propostas dos terminais molhados visam acabar com a exist\u00eancia dos terminais secos e assim evitar a competi\u00e7\u00e3o no setor de armazenagem de carga.<\/p>\n<p>O Superintendente da ANTAQ Bruno Ribeiro, mediador do debate, apresentou a controv\u00e9rsia sobre a cobran\u00e7a ou n\u00e3o da movimenta\u00e7\u00e3o de cont\u00eaineres na importa\u00e7\u00e3o de produtos dentro dos terminais molhados. Segundo ele, o assunto vem sendo debatido h\u00e1 vinte anos sem ainda uma conclus\u00e3o pelos diferentes \u00f3rg\u00e3os de governo e da Justi\u00e7a que atuam no caso.<\/p>\n<p>A cobran\u00e7a, chamada de THC 2 pelos terminais secos e de SSE (Servi\u00e7os de Segrega\u00e7\u00e3o e Entrega) pelos secos, \u00e9 referente a movimenta\u00e7\u00e3o feita do momento que o navio deixa o cont\u00eainer no cais at\u00e9 a entrega no port\u00e3o. Para Burini, da Trench Rossi Watanabe Advogados, a empresa importadora j\u00e1 pagou por esse servi\u00e7o e por isso a THC 2 ou SSE seria ilegal.<\/p>\n<p>\u201c\u00c9 como voc\u00ea pagar para os Correios e ele dizer que voc\u00ea tem que ir buscar a carta na sede dele\u201d, afirmou Burini.<\/p>\n<p>Para Ribeiro, s\u00f3cio da Louren\u00e7o Ribeiro Advogados Associados, o SSE seria uma esp\u00e9cie de servi\u00e7o VIP j\u00e1 que a Receita obriga o terminal a entreg\u00e1-lo quando o cliente quer e n\u00e3o na programa\u00e7\u00e3o prevista pelo terminal, o que gera custos adicionais que devem ser cobertos.<\/p>\n<p>O advogado explicou que, em outros locais do mundo, terminais retroalfandegados n\u00e3o competem nos servi\u00e7os mais lucrativos do porto, que s\u00e3o os de armazenagem, e trabalham em apoio em servi\u00e7os de menor rentabilidade. A explica\u00e7\u00e3o, segundo ele, \u00e9 que os retroalfandegados t\u00eam que fazer investimentos menores que os do terminal molhado, respons\u00e1vel por receber os navios.<\/p>\n<p>Para Ribeiro, manter o atual sistema em que a Infraestrutura e a Economia t\u00eam regras diferentes para os terminais cria uma descoordena\u00e7\u00e3o que leva aos conflitos atuais. Para Burini, as propostas visam apenas a tentar destruir a concorr\u00eancia que, para ele, \u00e9 saud\u00e1vel para o sistema e para o consumidor final.<\/p>\n<\/div>\n","protected":false},"excerpt":{"rendered":"<p>da Ag\u00eancia iNFRA Em debate realizado durante o Siart (Semin\u00e1rio Internacional de Ag\u00eancias Reguladoras de Transportes) na semana passada\u00a0sobre a disputa entre terminais mar\u00edtimos (molhados) e retroalfandegados (secos) em rela\u00e7\u00e3o ao\u00a0pagamento de taxas de movimenta\u00e7\u00e3o de cont\u00eainer, o advogado C\u00e1ssio Louren\u00e7o Ribeiro apresentou proposta para que os terminais secos passem a ser vinculados ao Minist\u00e9rio [&hellip;]<\/p>\n","protected":false},"author":9,"featured_media":3327,"comment_status":"closed","ping_status":"closed","sticky":false,"template":"","format":"standard","meta":{"_monsterinsights_skip_tracking":false,"_monsterinsights_sitenote_active":false,"_monsterinsights_sitenote_note":"","_monsterinsights_sitenote_category":0,"footnotes":""},"categories":[7],"tags":[86,775,1077,1065,1078,1074],"class_list":["post-3326","post","type-post","status-publish","format-standard","has-post-thumbnail","hentry","category-infratransporte","tag-antaq","tag-ministerio-da-infraestrutura","tag-retroalfandegados","tag-siart","tag-terminais-maritimos","tag-thc-2"],"yoast_head":"<!-- This site is optimized with the Yoast SEO Premium plugin v25.4 (Yoast SEO v26.0) - https:\/\/yoast.com\/wordpress\/plugins\/seo\/ -->\n<title>Terminais molhados defendem vincula\u00e7\u00e3o de portos secos ao Minist\u00e9rio da Infraestrutura - Ag\u00eancia iNFRA<\/title>\n<meta name=\"robots\" content=\"index, follow, max-snippet:-1, max-image-preview:large, max-video-preview:-1\" \/>\n<link rel=\"canonical\" href=\"https:\/\/agenciainfra.com\/blog\/terminais-molhados-defendem-vinculacao-de-portos-secos-ao-ministerio-da-infraestrutura\/\" \/>\n<meta property=\"og:locale\" content=\"pt_BR\" \/>\n<meta property=\"og:type\" content=\"article\" \/>\n<meta property=\"og:title\" content=\"Terminais molhados defendem vincula\u00e7\u00e3o de portos secos ao Minist\u00e9rio da Infraestrutura\" \/>\n<meta property=\"og:description\" content=\"da Ag\u00eancia iNFRA Em debate realizado durante o Siart (Semin\u00e1rio Internacional de Ag\u00eancias Reguladoras de Transportes) na semana passada\u00a0sobre a disputa entre terminais mar\u00edtimos (molhados) e retroalfandegados (secos) em rela\u00e7\u00e3o ao\u00a0pagamento de taxas de movimenta\u00e7\u00e3o de cont\u00eainer, o advogado C\u00e1ssio Louren\u00e7o Ribeiro apresentou proposta para que os terminais secos passem a ser vinculados ao Minist\u00e9rio [&hellip;]\" \/>\n<meta property=\"og:url\" content=\"https:\/\/agenciainfra.com\/blog\/terminais-molhados-defendem-vinculacao-de-portos-secos-ao-ministerio-da-infraestrutura\/\" \/>\n<meta property=\"og:site_name\" content=\"Ag\u00eancia iNFRA\" \/>\n<meta property=\"article:publisher\" content=\"https:\/\/www.facebook.com\/ageninfra\" \/>\n<meta property=\"article:published_time\" content=\"2019-06-20T11:00:33+00:00\" \/>\n<meta property=\"og:image\" content=\"https:\/\/agenciainfra.com\/blog\/wp-content\/uploads\/2019\/06\/foto-rodrigo-leal-appa.jpg\" \/>\n\t<meta property=\"og:image:width\" content=\"1564\" \/>\n\t<meta property=\"og:image:height\" content=\"1094\" \/>\n\t<meta property=\"og:image:type\" content=\"image\/jpeg\" \/>\n<meta name=\"author\" content=\"Rodrigo Zuquim\" \/>\n<meta name=\"twitter:card\" content=\"summary_large_image\" \/>\n<meta name=\"twitter:creator\" content=\"@agencia_infra\" \/>\n<meta name=\"twitter:site\" content=\"@agencia_infra\" \/>\n<meta name=\"twitter:label1\" content=\"Escrito por\" \/>\n\t<meta name=\"twitter:data1\" content=\"Rodrigo Zuquim\" \/>\n\t<meta name=\"twitter:label2\" content=\"Est. tempo de leitura\" \/>\n\t<meta name=\"twitter:data2\" content=\"2 minutos\" \/>\n<script type=\"application\/ld+json\" class=\"yoast-schema-graph\">{\"@context\":\"https:\/\/schema.org\",\"@graph\":[{\"@type\":\"Article\",\"@id\":\"https:\/\/agenciainfra.com\/blog\/terminais-molhados-defendem-vinculacao-de-portos-secos-ao-ministerio-da-infraestrutura\/#article\",\"isPartOf\":{\"@id\":\"https:\/\/agenciainfra.com\/blog\/terminais-molhados-defendem-vinculacao-de-portos-secos-ao-ministerio-da-infraestrutura\/\"},\"author\":{\"name\":\"Rodrigo Zuquim\",\"@id\":\"https:\/\/agenciainfra.com\/blog\/#\/schema\/person\/04dbb79bd6d8951f063da71f3e4c1eb1\"},\"headline\":\"Terminais molhados defendem vincula\u00e7\u00e3o de portos secos ao Minist\u00e9rio da Infraestrutura\",\"datePublished\":\"2019-06-20T11:00:33+00:00\",\"mainEntityOfPage\":{\"@id\":\"https:\/\/agenciainfra.com\/blog\/terminais-molhados-defendem-vinculacao-de-portos-secos-ao-ministerio-da-infraestrutura\/\"},\"wordCount\":459,\"publisher\":{\"@id\":\"https:\/\/agenciainfra.com\/blog\/#organization\"},\"image\":{\"@id\":\"https:\/\/agenciainfra.com\/blog\/terminais-molhados-defendem-vinculacao-de-portos-secos-ao-ministerio-da-infraestrutura\/#primaryimage\"},\"thumbnailUrl\":\"https:\/\/agenciainfra.com\/blog\/wp-content\/uploads\/2019\/06\/foto-rodrigo-leal-appa.jpg\",\"keywords\":[\"ANTAQ\",\"Minist\u00e9rio da Infraestrutura\",\"retroalfandegados\",\"SIART\",\"terminais mar\u00edtimos\",\"THC 2\"],\"articleSection\":[\"iNFRATransporte\"],\"inLanguage\":\"pt-BR\",\"copyrightYear\":\"2019\",\"copyrightHolder\":{\"@id\":\"https:\/\/agenciainfra.com\/blog\/#organization\"}},{\"@type\":\"WebPage\",\"@id\":\"https:\/\/agenciainfra.com\/blog\/terminais-molhados-defendem-vinculacao-de-portos-secos-ao-ministerio-da-infraestrutura\/\",\"url\":\"https:\/\/agenciainfra.com\/blog\/terminais-molhados-defendem-vinculacao-de-portos-secos-ao-ministerio-da-infraestrutura\/\",\"name\":\"Terminais molhados defendem vincula\u00e7\u00e3o de portos secos ao Minist\u00e9rio da Infraestrutura - Ag\u00eancia iNFRA\",\"isPartOf\":{\"@id\":\"https:\/\/agenciainfra.com\/blog\/#website\"},\"primaryImageOfPage\":{\"@id\":\"https:\/\/agenciainfra.com\/blog\/terminais-molhados-defendem-vinculacao-de-portos-secos-ao-ministerio-da-infraestrutura\/#primaryimage\"},\"image\":{\"@id\":\"https:\/\/agenciainfra.com\/blog\/terminais-molhados-defendem-vinculacao-de-portos-secos-ao-ministerio-da-infraestrutura\/#primaryimage\"},\"thumbnailUrl\":\"https:\/\/agenciainfra.com\/blog\/wp-content\/uploads\/2019\/06\/foto-rodrigo-leal-appa.jpg\",\"datePublished\":\"2019-06-20T11:00:33+00:00\",\"breadcrumb\":{\"@id\":\"https:\/\/agenciainfra.com\/blog\/terminais-molhados-defendem-vinculacao-de-portos-secos-ao-ministerio-da-infraestrutura\/#breadcrumb\"},\"inLanguage\":\"pt-BR\",\"potentialAction\":[{\"@type\":\"ReadAction\",\"target\":[\"https:\/\/agenciainfra.com\/blog\/terminais-molhados-defendem-vinculacao-de-portos-secos-ao-ministerio-da-infraestrutura\/\"]}]},{\"@type\":\"ImageObject\",\"inLanguage\":\"pt-BR\",\"@id\":\"https:\/\/agenciainfra.com\/blog\/terminais-molhados-defendem-vinculacao-de-portos-secos-ao-ministerio-da-infraestrutura\/#primaryimage\",\"url\":\"https:\/\/agenciainfra.com\/blog\/wp-content\/uploads\/2019\/06\/foto-rodrigo-leal-appa.jpg\",\"contentUrl\":\"https:\/\/agenciainfra.com\/blog\/wp-content\/uploads\/2019\/06\/foto-rodrigo-leal-appa.jpg\",\"width\":1564,\"height\":1094},{\"@type\":\"BreadcrumbList\",\"@id\":\"https:\/\/agenciainfra.com\/blog\/terminais-molhados-defendem-vinculacao-de-portos-secos-ao-ministerio-da-infraestrutura\/#breadcrumb\",\"itemListElement\":[{\"@type\":\"ListItem\",\"position\":1,\"name\":\"In\u00edcio\",\"item\":\"https:\/\/agenciainfra.com\/blog\/\"},{\"@type\":\"ListItem\",\"position\":2,\"name\":\"Terminais molhados defendem vincula\u00e7\u00e3o de portos secos ao Minist\u00e9rio da Infraestrutura\"}]},{\"@type\":\"WebSite\",\"@id\":\"https:\/\/agenciainfra.com\/blog\/#website\",\"url\":\"https:\/\/agenciainfra.com\/blog\/\",\"name\":\"Ag\u00eancia iNFRA\",\"description\":\"Multiplataforma de informa\u00e7\u00e3o jornal\u00edstica refer\u00eancia na \u00e1rea de infraestrutura no Brasil!\",\"publisher\":{\"@id\":\"https:\/\/agenciainfra.com\/blog\/#organization\"},\"potentialAction\":[{\"@type\":\"SearchAction\",\"target\":{\"@type\":\"EntryPoint\",\"urlTemplate\":\"https:\/\/agenciainfra.com\/blog\/?s={search_term_string}\"},\"query-input\":{\"@type\":\"PropertyValueSpecification\",\"valueRequired\":true,\"valueName\":\"search_term_string\"}}],\"inLanguage\":\"pt-BR\"},{\"@type\":\"Organization\",\"@id\":\"https:\/\/agenciainfra.com\/blog\/#organization\",\"name\":\"Ag\u00eancia iNFRA\",\"url\":\"https:\/\/agenciainfra.com\/blog\/\",\"logo\":{\"@type\":\"ImageObject\",\"inLanguage\":\"pt-BR\",\"@id\":\"https:\/\/agenciainfra.com\/blog\/#\/schema\/logo\/image\/\",\"url\":\"https:\/\/agenciainfra.com\/blog\/wp-content\/uploads\/2023\/09\/iNFRA_5-e1761735885940.png\",\"contentUrl\":\"https:\/\/agenciainfra.com\/blog\/wp-content\/uploads\/2023\/09\/iNFRA_5-e1761735885940.png\",\"width\":1672,\"height\":454,\"caption\":\"Ag\u00eancia iNFRA\"},\"image\":{\"@id\":\"https:\/\/agenciainfra.com\/blog\/#\/schema\/logo\/image\/\"},\"sameAs\":[\"https:\/\/www.facebook.com\/ageninfra\",\"https:\/\/x.com\/agencia_infra\",\"https:\/\/www.linkedin.com\/company\/ag\u00eanciainfra\/\",\"https:\/\/www.instagram.com\/agenciainfra\/\"]},{\"@type\":\"Person\",\"@id\":\"https:\/\/agenciainfra.com\/blog\/#\/schema\/person\/04dbb79bd6d8951f063da71f3e4c1eb1\",\"name\":\"Rodrigo Zuquim\",\"image\":{\"@type\":\"ImageObject\",\"inLanguage\":\"pt-BR\",\"@id\":\"https:\/\/agenciainfra.com\/blog\/#\/schema\/person\/image\/\",\"url\":\"https:\/\/secure.gravatar.com\/avatar\/594abfe82761d620726242ff34ca472a705a4b97f16c790053a6b4c4035274d0?s=96&d=mm&r=g\",\"contentUrl\":\"https:\/\/secure.gravatar.com\/avatar\/594abfe82761d620726242ff34ca472a705a4b97f16c790053a6b4c4035274d0?s=96&d=mm&r=g\",\"caption\":\"Rodrigo Zuquim\"},\"url\":\"https:\/\/agenciainfra.com\/blog\/author\/rodrigo-zuquim\/\"}]}<\/script>\n<!-- \/ Yoast SEO Premium plugin. -->","yoast_head_json":{"title":"Terminais molhados defendem vincula\u00e7\u00e3o de portos secos ao Minist\u00e9rio da Infraestrutura - Ag\u00eancia iNFRA","robots":{"index":"index","follow":"follow","max-snippet":"max-snippet:-1","max-image-preview":"max-image-preview:large","max-video-preview":"max-video-preview:-1"},"canonical":"https:\/\/agenciainfra.com\/blog\/terminais-molhados-defendem-vinculacao-de-portos-secos-ao-ministerio-da-infraestrutura\/","og_locale":"pt_BR","og_type":"article","og_title":"Terminais molhados defendem vincula\u00e7\u00e3o de portos secos ao Minist\u00e9rio da Infraestrutura","og_description":"da Ag\u00eancia iNFRA Em debate realizado durante o Siart (Semin\u00e1rio Internacional de Ag\u00eancias Reguladoras de Transportes) na semana passada\u00a0sobre a disputa entre terminais mar\u00edtimos (molhados) e retroalfandegados (secos) em rela\u00e7\u00e3o ao\u00a0pagamento de taxas de movimenta\u00e7\u00e3o de cont\u00eainer, o advogado C\u00e1ssio Louren\u00e7o Ribeiro apresentou proposta para que os terminais secos passem a ser vinculados ao Minist\u00e9rio [&hellip;]","og_url":"https:\/\/agenciainfra.com\/blog\/terminais-molhados-defendem-vinculacao-de-portos-secos-ao-ministerio-da-infraestrutura\/","og_site_name":"Ag\u00eancia iNFRA","article_publisher":"https:\/\/www.facebook.com\/ageninfra","article_published_time":"2019-06-20T11:00:33+00:00","og_image":[{"width":1564,"height":1094,"url":"https:\/\/agenciainfra.com\/blog\/wp-content\/uploads\/2019\/06\/foto-rodrigo-leal-appa.jpg","type":"image\/jpeg"}],"author":"Rodrigo Zuquim","twitter_card":"summary_large_image","twitter_creator":"@agencia_infra","twitter_site":"@agencia_infra","twitter_misc":{"Escrito por":"Rodrigo Zuquim","Est. tempo de leitura":"2 minutos"},"schema":{"@context":"https:\/\/schema.org","@graph":[{"@type":"Article","@id":"https:\/\/agenciainfra.com\/blog\/terminais-molhados-defendem-vinculacao-de-portos-secos-ao-ministerio-da-infraestrutura\/#article","isPartOf":{"@id":"https:\/\/agenciainfra.com\/blog\/terminais-molhados-defendem-vinculacao-de-portos-secos-ao-ministerio-da-infraestrutura\/"},"author":{"name":"Rodrigo Zuquim","@id":"https:\/\/agenciainfra.com\/blog\/#\/schema\/person\/04dbb79bd6d8951f063da71f3e4c1eb1"},"headline":"Terminais molhados defendem vincula\u00e7\u00e3o de portos secos ao Minist\u00e9rio da Infraestrutura","datePublished":"2019-06-20T11:00:33+00:00","mainEntityOfPage":{"@id":"https:\/\/agenciainfra.com\/blog\/terminais-molhados-defendem-vinculacao-de-portos-secos-ao-ministerio-da-infraestrutura\/"},"wordCount":459,"publisher":{"@id":"https:\/\/agenciainfra.com\/blog\/#organization"},"image":{"@id":"https:\/\/agenciainfra.com\/blog\/terminais-molhados-defendem-vinculacao-de-portos-secos-ao-ministerio-da-infraestrutura\/#primaryimage"},"thumbnailUrl":"https:\/\/agenciainfra.com\/blog\/wp-content\/uploads\/2019\/06\/foto-rodrigo-leal-appa.jpg","keywords":["ANTAQ","Minist\u00e9rio da Infraestrutura","retroalfandegados","SIART","terminais mar\u00edtimos","THC 2"],"articleSection":["iNFRATransporte"],"inLanguage":"pt-BR","copyrightYear":"2019","copyrightHolder":{"@id":"https:\/\/agenciainfra.com\/blog\/#organization"}},{"@type":"WebPage","@id":"https:\/\/agenciainfra.com\/blog\/terminais-molhados-defendem-vinculacao-de-portos-secos-ao-ministerio-da-infraestrutura\/","url":"https:\/\/agenciainfra.com\/blog\/terminais-molhados-defendem-vinculacao-de-portos-secos-ao-ministerio-da-infraestrutura\/","name":"Terminais molhados defendem vincula\u00e7\u00e3o de portos secos ao Minist\u00e9rio da Infraestrutura - Ag\u00eancia iNFRA","isPartOf":{"@id":"https:\/\/agenciainfra.com\/blog\/#website"},"primaryImageOfPage":{"@id":"https:\/\/agenciainfra.com\/blog\/terminais-molhados-defendem-vinculacao-de-portos-secos-ao-ministerio-da-infraestrutura\/#primaryimage"},"image":{"@id":"https:\/\/agenciainfra.com\/blog\/terminais-molhados-defendem-vinculacao-de-portos-secos-ao-ministerio-da-infraestrutura\/#primaryimage"},"thumbnailUrl":"https:\/\/agenciainfra.com\/blog\/wp-content\/uploads\/2019\/06\/foto-rodrigo-leal-appa.jpg","datePublished":"2019-06-20T11:00:33+00:00","breadcrumb":{"@id":"https:\/\/agenciainfra.com\/blog\/terminais-molhados-defendem-vinculacao-de-portos-secos-ao-ministerio-da-infraestrutura\/#breadcrumb"},"inLanguage":"pt-BR","potentialAction":[{"@type":"ReadAction","target":["https:\/\/agenciainfra.com\/blog\/terminais-molhados-defendem-vinculacao-de-portos-secos-ao-ministerio-da-infraestrutura\/"]}]},{"@type":"ImageObject","inLanguage":"pt-BR","@id":"https:\/\/agenciainfra.com\/blog\/terminais-molhados-defendem-vinculacao-de-portos-secos-ao-ministerio-da-infraestrutura\/#primaryimage","url":"https:\/\/agenciainfra.com\/blog\/wp-content\/uploads\/2019\/06\/foto-rodrigo-leal-appa.jpg","contentUrl":"https:\/\/agenciainfra.com\/blog\/wp-content\/uploads\/2019\/06\/foto-rodrigo-leal-appa.jpg","width":1564,"height":1094},{"@type":"BreadcrumbList","@id":"https:\/\/agenciainfra.com\/blog\/terminais-molhados-defendem-vinculacao-de-portos-secos-ao-ministerio-da-infraestrutura\/#breadcrumb","itemListElement":[{"@type":"ListItem","position":1,"name":"In\u00edcio","item":"https:\/\/agenciainfra.com\/blog\/"},{"@type":"ListItem","position":2,"name":"Terminais molhados defendem vincula\u00e7\u00e3o de portos secos ao Minist\u00e9rio da Infraestrutura"}]},{"@type":"WebSite","@id":"https:\/\/agenciainfra.com\/blog\/#website","url":"https:\/\/agenciainfra.com\/blog\/","name":"Ag\u00eancia iNFRA","description":"Multiplataforma de informa\u00e7\u00e3o jornal\u00edstica refer\u00eancia na \u00e1rea de infraestrutura no Brasil!","publisher":{"@id":"https:\/\/agenciainfra.com\/blog\/#organization"},"potentialAction":[{"@type":"SearchAction","target":{"@type":"EntryPoint","urlTemplate":"https:\/\/agenciainfra.com\/blog\/?s={search_term_string}"},"query-input":{"@type":"PropertyValueSpecification","valueRequired":true,"valueName":"search_term_string"}}],"inLanguage":"pt-BR"},{"@type":"Organization","@id":"https:\/\/agenciainfra.com\/blog\/#organization","name":"Ag\u00eancia iNFRA","url":"https:\/\/agenciainfra.com\/blog\/","logo":{"@type":"ImageObject","inLanguage":"pt-BR","@id":"https:\/\/agenciainfra.com\/blog\/#\/schema\/logo\/image\/","url":"https:\/\/agenciainfra.com\/blog\/wp-content\/uploads\/2023\/09\/iNFRA_5-e1761735885940.png","contentUrl":"https:\/\/agenciainfra.com\/blog\/wp-content\/uploads\/2023\/09\/iNFRA_5-e1761735885940.png","width":1672,"height":454,"caption":"Ag\u00eancia iNFRA"},"image":{"@id":"https:\/\/agenciainfra.com\/blog\/#\/schema\/logo\/image\/"},"sameAs":["https:\/\/www.facebook.com\/ageninfra","https:\/\/x.com\/agencia_infra","https:\/\/www.linkedin.com\/company\/ag\u00eanciainfra\/","https:\/\/www.instagram.com\/agenciainfra\/"]},{"@type":"Person","@id":"https:\/\/agenciainfra.com\/blog\/#\/schema\/person\/04dbb79bd6d8951f063da71f3e4c1eb1","name":"Rodrigo Zuquim","image":{"@type":"ImageObject","inLanguage":"pt-BR","@id":"https:\/\/agenciainfra.com\/blog\/#\/schema\/person\/image\/","url":"https:\/\/secure.gravatar.com\/avatar\/594abfe82761d620726242ff34ca472a705a4b97f16c790053a6b4c4035274d0?s=96&d=mm&r=g","contentUrl":"https:\/\/secure.gravatar.com\/avatar\/594abfe82761d620726242ff34ca472a705a4b97f16c790053a6b4c4035274d0?s=96&d=mm&r=g","caption":"Rodrigo Zuquim"},"url":"https:\/\/agenciainfra.com\/blog\/author\/rodrigo-zuquim\/"}]}},"_links":{"self":[{"href":"https:\/\/agenciainfra.com\/blog\/wp-json\/wp\/v2\/posts\/3326","targetHints":{"allow":["GET"]}}],"collection":[{"href":"https:\/\/agenciainfra.com\/blog\/wp-json\/wp\/v2\/posts"}],"about":[{"href":"https:\/\/agenciainfra.com\/blog\/wp-json\/wp\/v2\/types\/post"}],"author":[{"embeddable":true,"href":"https:\/\/agenciainfra.com\/blog\/wp-json\/wp\/v2\/users\/9"}],"replies":[{"embeddable":true,"href":"https:\/\/agenciainfra.com\/blog\/wp-json\/wp\/v2\/comments?post=3326"}],"version-history":[{"count":0,"href":"https:\/\/agenciainfra.com\/blog\/wp-json\/wp\/v2\/posts\/3326\/revisions"}],"wp:featuredmedia":[{"embeddable":true,"href":"https:\/\/agenciainfra.com\/blog\/wp-json\/wp\/v2\/media\/3327"}],"wp:attachment":[{"href":"https:\/\/agenciainfra.com\/blog\/wp-json\/wp\/v2\/media?parent=3326"}],"wp:term":[{"taxonomy":"category","embeddable":true,"href":"https:\/\/agenciainfra.com\/blog\/wp-json\/wp\/v2\/categories?post=3326"},{"taxonomy":"post_tag","embeddable":true,"href":"https:\/\/agenciainfra.com\/blog\/wp-json\/wp\/v2\/tags?post=3326"}],"curies":[{"name":"wp","href":"https:\/\/api.w.org\/{rel}","templated":true}]}}