{"id":33275,"date":"2025-12-03T17:36:42","date_gmt":"2025-12-03T20:36:42","guid":{"rendered":"https:\/\/agenciainfra.com\/blog\/?p=33275"},"modified":"2025-12-04T13:37:51","modified_gmt":"2025-12-04T16:37:51","slug":"tcu-conclui-que-atuacao-do-mme-no-leilao-do-gsf-foi-tecnica-e-fundamentada","status":"publish","type":"post","link":"https:\/\/agenciainfra.com\/blog\/tcu-conclui-que-atuacao-do-mme-no-leilao-do-gsf-foi-tecnica-e-fundamentada\/","title":{"rendered":"TCU conclui que atua\u00e7\u00e3o do MME no Leil\u00e3o do GSF foi \u2018t\u00e9cnica e fundamentada&#8217;"},"content":{"rendered":"\n<p class=\"has-text-align-right\"><strong>Lais Carregosa, da Ag\u00eancia iNFRA<\/strong><\/p>\n\n\n\n<p>O plen\u00e1rio do TCU (Tribunal de Contas da Uni\u00e3o) concluiu nesta quarta-feira (3) que a atua\u00e7\u00e3o do MME (Minist\u00e9rio de Minas e Energia) no Leil\u00e3o do GSF (sigla para risco hidrol\u00f3gico) foi \u201clegal, t\u00e9cnica e economicamente fundamentada, transparente e produziu resultados favor\u00e1veis ao interesse p\u00fablico\u201d. O certame foi realizado em agosto, a fim de liquidar o passivo.<\/p>\n\n\n\n<p>Na ocasi\u00e3o, o diretor da ANEEL (Ag\u00eancia Nacional de Energia El\u00e9trica) Fernando Mosna levantou d\u00favidas sobre a escolha da taxa de retorno (WACC) escolhida pela pasta, de 10,94%, no lugar da taxa de 9,63% \u2013 aplicada em 2015. Mosna argumentava que deveria ser aplicada a taxa de 2015 conforme determinava a MP (Medida Provis\u00f3ria) 1.300\/2025.<\/p>\n\n\n\n<p>O relator do tema no TCU, ministro Jorge Oliveira, disse em seu voto que a decis\u00e3o do MME de atualizar a taxa de retorno, \u201cbaseada na metodologia mais recente e publicada pela pr\u00f3pria ANEEL, possui lastro jur\u00eddico e t\u00e9cnico\u201d. De acordo com ele, a \u00e1rea t\u00e9cnica da Corte de Contas concluiu que \u201ca solu\u00e7\u00e3o adotada pelo MME \u00e9 razo\u00e1vel e se encontra inserida no espectro das interpreta\u00e7\u00f5es poss\u00edveis das disposi\u00e7\u00f5es da norma\u201d.<\/p>\n\n\n\n<p>O processo julgado nesta quarta-feira (3) parte de uma representa\u00e7\u00e3o do subprocurador-geral do MPTCU (Minist\u00e9rio P\u00fablico junto ao Tribunal de Contas da Uni\u00e3o), Lucas Furtado, apresentada em agosto, que havia entrado com um pedido de medida cautelar pela suspens\u00e3o do certame e an\u00e1lise\u00a0da\u00a0metodologia.<\/p>\n","protected":false},"excerpt":{"rendered":"<p>Lais Carregosa, da Ag\u00eancia iNFRA O plen\u00e1rio do TCU (Tribunal de Contas da Uni\u00e3o) concluiu nesta quarta-feira (3) que a atua\u00e7\u00e3o do MME (Minist\u00e9rio de Minas e Energia) no Leil\u00e3o do GSF (sigla para risco hidrol\u00f3gico) foi \u201clegal, t\u00e9cnica e economicamente fundamentada, transparente e produziu resultados favor\u00e1veis ao interesse p\u00fablico\u201d. O certame foi realizado em [&hellip;]<\/p>\n","protected":false},"author":1,"featured_media":31988,"comment_status":"closed","ping_status":"closed","sticky":false,"template":"","format":"standard","meta":{"_monsterinsights_skip_tracking":false,"_monsterinsights_sitenote_active":false,"_monsterinsights_sitenote_note":"","_monsterinsights_sitenote_category":0,"footnotes":""},"categories":[7250,10],"tags":[53,13132,13851,11513,71,18,927],"class_list":["post-33275","post","type-post","status-publish","format-standard","has-post-thumbnail","hentry","category-destaque-lista","category-infraenergia","tag-aneel","tag-lais-carregosa","tag-leilao-do-gsf","tag-ministerio-de-minas-de-energia","tag-mme","tag-tcu","tag-tribunal-de-contas-da-uniao"],"yoast_head":"<!-- This site is optimized with the Yoast SEO Premium plugin v25.4 (Yoast SEO v26.0) - https:\/\/yoast.com\/wordpress\/plugins\/seo\/ -->\n<title>TCU conclui que atua\u00e7\u00e3o do MME no Leil\u00e3o do GSF foi \u2018t\u00e9cnica e fundamentada&#039; - Ag\u00eancia iNFRA<\/title>\n<meta name=\"robots\" content=\"index, follow, max-snippet:-1, max-image-preview:large, max-video-preview:-1\" \/>\n<link rel=\"canonical\" href=\"https:\/\/agenciainfra.com\/blog\/tcu-conclui-que-atuacao-do-mme-no-leilao-do-gsf-foi-tecnica-e-fundamentada\/\" \/>\n<meta property=\"og:locale\" content=\"pt_BR\" \/>\n<meta property=\"og:type\" content=\"article\" \/>\n<meta property=\"og:title\" content=\"TCU conclui que atua\u00e7\u00e3o do MME no Leil\u00e3o do GSF foi \u2018t\u00e9cnica e fundamentada&#039;\" \/>\n<meta property=\"og:description\" content=\"Lais Carregosa, da Ag\u00eancia iNFRA O plen\u00e1rio do TCU (Tribunal de Contas da Uni\u00e3o) concluiu nesta quarta-feira (3) que a atua\u00e7\u00e3o do MME (Minist\u00e9rio de Minas e Energia) no Leil\u00e3o do GSF (sigla para risco hidrol\u00f3gico) foi \u201clegal, t\u00e9cnica e economicamente fundamentada, transparente e produziu resultados favor\u00e1veis ao interesse p\u00fablico\u201d. O certame foi realizado em [&hellip;]\" \/>\n<meta property=\"og:url\" content=\"https:\/\/agenciainfra.com\/blog\/tcu-conclui-que-atuacao-do-mme-no-leilao-do-gsf-foi-tecnica-e-fundamentada\/\" \/>\n<meta property=\"og:site_name\" content=\"Ag\u00eancia iNFRA\" \/>\n<meta property=\"article:publisher\" content=\"https:\/\/www.facebook.com\/ageninfra\" \/>\n<meta property=\"article:published_time\" content=\"2025-12-03T20:36:42+00:00\" \/>\n<meta property=\"article:modified_time\" content=\"2025-12-04T16:37:51+00:00\" \/>\n<meta property=\"og:image\" content=\"https:\/\/agenciainfra.com\/blog\/wp-content\/uploads\/2025\/11\/tribunal-de-contas-da-uniao-foto-saulo-cruz-tcu.jpg\" \/>\n\t<meta property=\"og:image:width\" content=\"1280\" \/>\n\t<meta property=\"og:image:height\" content=\"850\" \/>\n\t<meta property=\"og:image:type\" content=\"image\/jpeg\" \/>\n<meta name=\"author\" content=\"Ag\u00eancia iNFRA\" \/>\n<meta name=\"twitter:card\" content=\"summary_large_image\" \/>\n<meta name=\"twitter:creator\" content=\"@agencia_infra\" \/>\n<meta name=\"twitter:site\" content=\"@agencia_infra\" \/>\n<meta name=\"twitter:label1\" content=\"Escrito por\" \/>\n\t<meta name=\"twitter:data1\" content=\"Ag\u00eancia iNFRA\" \/>\n\t<meta name=\"twitter:label2\" content=\"Est. tempo de leitura\" \/>\n\t<meta name=\"twitter:data2\" content=\"1 minuto\" \/>\n<script type=\"application\/ld+json\" class=\"yoast-schema-graph\">{\"@context\":\"https:\/\/schema.org\",\"@graph\":[{\"@type\":\"Article\",\"@id\":\"https:\/\/agenciainfra.com\/blog\/tcu-conclui-que-atuacao-do-mme-no-leilao-do-gsf-foi-tecnica-e-fundamentada\/#article\",\"isPartOf\":{\"@id\":\"https:\/\/agenciainfra.com\/blog\/tcu-conclui-que-atuacao-do-mme-no-leilao-do-gsf-foi-tecnica-e-fundamentada\/\"},\"author\":{\"name\":\"Ag\u00eancia iNFRA\",\"@id\":\"https:\/\/agenciainfra.com\/blog\/#\/schema\/person\/34af08dff6adea4cb22b06612ba7acfa\"},\"headline\":\"TCU conclui que atua\u00e7\u00e3o do MME no Leil\u00e3o do GSF foi \u2018t\u00e9cnica e fundamentada&#8217;\",\"datePublished\":\"2025-12-03T20:36:42+00:00\",\"dateModified\":\"2025-12-04T16:37:51+00:00\",\"mainEntityOfPage\":{\"@id\":\"https:\/\/agenciainfra.com\/blog\/tcu-conclui-que-atuacao-do-mme-no-leilao-do-gsf-foi-tecnica-e-fundamentada\/\"},\"wordCount\":273,\"publisher\":{\"@id\":\"https:\/\/agenciainfra.com\/blog\/#organization\"},\"image\":{\"@id\":\"https:\/\/agenciainfra.com\/blog\/tcu-conclui-que-atuacao-do-mme-no-leilao-do-gsf-foi-tecnica-e-fundamentada\/#primaryimage\"},\"thumbnailUrl\":\"https:\/\/agenciainfra.com\/blog\/wp-content\/uploads\/2025\/11\/tribunal-de-contas-da-uniao-foto-saulo-cruz-tcu.jpg\",\"keywords\":[\"ANEEL\",\"Lais Carregosa\",\"leil\u00e3o do GSF\",\"Minist\u00e9rio de Minas de Energia\",\"MME\",\"TCU\",\"Tribunal de Contas da Uni\u00e3o\"],\"articleSection\":[\"Destaque lista\",\"iNFRAEnergia\"],\"inLanguage\":\"pt-BR\",\"copyrightYear\":\"2025\",\"copyrightHolder\":{\"@id\":\"https:\/\/agenciainfra.com\/blog\/#organization\"}},{\"@type\":\"WebPage\",\"@id\":\"https:\/\/agenciainfra.com\/blog\/tcu-conclui-que-atuacao-do-mme-no-leilao-do-gsf-foi-tecnica-e-fundamentada\/\",\"url\":\"https:\/\/agenciainfra.com\/blog\/tcu-conclui-que-atuacao-do-mme-no-leilao-do-gsf-foi-tecnica-e-fundamentada\/\",\"name\":\"TCU conclui que atua\u00e7\u00e3o do MME no Leil\u00e3o do GSF foi \u2018t\u00e9cnica e fundamentada' - Ag\u00eancia iNFRA\",\"isPartOf\":{\"@id\":\"https:\/\/agenciainfra.com\/blog\/#website\"},\"primaryImageOfPage\":{\"@id\":\"https:\/\/agenciainfra.com\/blog\/tcu-conclui-que-atuacao-do-mme-no-leilao-do-gsf-foi-tecnica-e-fundamentada\/#primaryimage\"},\"image\":{\"@id\":\"https:\/\/agenciainfra.com\/blog\/tcu-conclui-que-atuacao-do-mme-no-leilao-do-gsf-foi-tecnica-e-fundamentada\/#primaryimage\"},\"thumbnailUrl\":\"https:\/\/agenciainfra.com\/blog\/wp-content\/uploads\/2025\/11\/tribunal-de-contas-da-uniao-foto-saulo-cruz-tcu.jpg\",\"datePublished\":\"2025-12-03T20:36:42+00:00\",\"dateModified\":\"2025-12-04T16:37:51+00:00\",\"breadcrumb\":{\"@id\":\"https:\/\/agenciainfra.com\/blog\/tcu-conclui-que-atuacao-do-mme-no-leilao-do-gsf-foi-tecnica-e-fundamentada\/#breadcrumb\"},\"inLanguage\":\"pt-BR\",\"potentialAction\":[{\"@type\":\"ReadAction\",\"target\":[\"https:\/\/agenciainfra.com\/blog\/tcu-conclui-que-atuacao-do-mme-no-leilao-do-gsf-foi-tecnica-e-fundamentada\/\"]}]},{\"@type\":\"ImageObject\",\"inLanguage\":\"pt-BR\",\"@id\":\"https:\/\/agenciainfra.com\/blog\/tcu-conclui-que-atuacao-do-mme-no-leilao-do-gsf-foi-tecnica-e-fundamentada\/#primaryimage\",\"url\":\"https:\/\/agenciainfra.com\/blog\/wp-content\/uploads\/2025\/11\/tribunal-de-contas-da-uniao-foto-saulo-cruz-tcu.jpg\",\"contentUrl\":\"https:\/\/agenciainfra.com\/blog\/wp-content\/uploads\/2025\/11\/tribunal-de-contas-da-uniao-foto-saulo-cruz-tcu.jpg\",\"width\":1280,\"height\":850,\"caption\":\"Foto: Saulo Cruz\/TCU\"},{\"@type\":\"BreadcrumbList\",\"@id\":\"https:\/\/agenciainfra.com\/blog\/tcu-conclui-que-atuacao-do-mme-no-leilao-do-gsf-foi-tecnica-e-fundamentada\/#breadcrumb\",\"itemListElement\":[{\"@type\":\"ListItem\",\"position\":1,\"name\":\"In\u00edcio\",\"item\":\"https:\/\/agenciainfra.com\/blog\/\"},{\"@type\":\"ListItem\",\"position\":2,\"name\":\"TCU conclui que atua\u00e7\u00e3o do MME no Leil\u00e3o do GSF foi \u2018t\u00e9cnica e fundamentada&#8217;\"}]},{\"@type\":\"WebSite\",\"@id\":\"https:\/\/agenciainfra.com\/blog\/#website\",\"url\":\"https:\/\/agenciainfra.com\/blog\/\",\"name\":\"Ag\u00eancia iNFRA\",\"description\":\"Multiplataforma de informa\u00e7\u00e3o jornal\u00edstica refer\u00eancia na \u00e1rea de infraestrutura no Brasil!\",\"publisher\":{\"@id\":\"https:\/\/agenciainfra.com\/blog\/#organization\"},\"potentialAction\":[{\"@type\":\"SearchAction\",\"target\":{\"@type\":\"EntryPoint\",\"urlTemplate\":\"https:\/\/agenciainfra.com\/blog\/?s={search_term_string}\"},\"query-input\":{\"@type\":\"PropertyValueSpecification\",\"valueRequired\":true,\"valueName\":\"search_term_string\"}}],\"inLanguage\":\"pt-BR\"},{\"@type\":\"Organization\",\"@id\":\"https:\/\/agenciainfra.com\/blog\/#organization\",\"name\":\"Ag\u00eancia iNFRA\",\"url\":\"https:\/\/agenciainfra.com\/blog\/\",\"logo\":{\"@type\":\"ImageObject\",\"inLanguage\":\"pt-BR\",\"@id\":\"https:\/\/agenciainfra.com\/blog\/#\/schema\/logo\/image\/\",\"url\":\"https:\/\/agenciainfra.com\/blog\/wp-content\/uploads\/2023\/09\/iNFRA_5-e1761735885940.png\",\"contentUrl\":\"https:\/\/agenciainfra.com\/blog\/wp-content\/uploads\/2023\/09\/iNFRA_5-e1761735885940.png\",\"width\":1672,\"height\":454,\"caption\":\"Ag\u00eancia iNFRA\"},\"image\":{\"@id\":\"https:\/\/agenciainfra.com\/blog\/#\/schema\/logo\/image\/\"},\"sameAs\":[\"https:\/\/www.facebook.com\/ageninfra\",\"https:\/\/x.com\/agencia_infra\",\"https:\/\/www.linkedin.com\/company\/ag\u00eanciainfra\/\",\"https:\/\/www.instagram.com\/agenciainfra\/\"]},{\"@type\":\"Person\",\"@id\":\"https:\/\/agenciainfra.com\/blog\/#\/schema\/person\/34af08dff6adea4cb22b06612ba7acfa\",\"name\":\"Ag\u00eancia iNFRA\",\"image\":{\"@type\":\"ImageObject\",\"inLanguage\":\"pt-BR\",\"@id\":\"https:\/\/agenciainfra.com\/blog\/#\/schema\/person\/image\/\",\"url\":\"https:\/\/secure.gravatar.com\/avatar\/d189e01678f06d8eb84d4e01f08eb848b3fffe3f8443818d3c356c66892f5be8?s=96&d=mm&r=g\",\"contentUrl\":\"https:\/\/secure.gravatar.com\/avatar\/d189e01678f06d8eb84d4e01f08eb848b3fffe3f8443818d3c356c66892f5be8?s=96&d=mm&r=g\",\"caption\":\"Ag\u00eancia iNFRA\"},\"url\":\"https:\/\/agenciainfra.com\/blog\/author\/admin\/\"}]}<\/script>\n<!-- \/ Yoast SEO Premium plugin. -->","yoast_head_json":{"title":"TCU conclui que atua\u00e7\u00e3o do MME no Leil\u00e3o do GSF foi \u2018t\u00e9cnica e fundamentada' - Ag\u00eancia iNFRA","robots":{"index":"index","follow":"follow","max-snippet":"max-snippet:-1","max-image-preview":"max-image-preview:large","max-video-preview":"max-video-preview:-1"},"canonical":"https:\/\/agenciainfra.com\/blog\/tcu-conclui-que-atuacao-do-mme-no-leilao-do-gsf-foi-tecnica-e-fundamentada\/","og_locale":"pt_BR","og_type":"article","og_title":"TCU conclui que atua\u00e7\u00e3o do MME no Leil\u00e3o do GSF foi \u2018t\u00e9cnica e fundamentada'","og_description":"Lais Carregosa, da Ag\u00eancia iNFRA O plen\u00e1rio do TCU (Tribunal de Contas da Uni\u00e3o) concluiu nesta quarta-feira (3) que a atua\u00e7\u00e3o do MME (Minist\u00e9rio de Minas e Energia) no Leil\u00e3o do GSF (sigla para risco hidrol\u00f3gico) foi \u201clegal, t\u00e9cnica e economicamente fundamentada, transparente e produziu resultados favor\u00e1veis ao interesse p\u00fablico\u201d. O certame foi realizado em [&hellip;]","og_url":"https:\/\/agenciainfra.com\/blog\/tcu-conclui-que-atuacao-do-mme-no-leilao-do-gsf-foi-tecnica-e-fundamentada\/","og_site_name":"Ag\u00eancia iNFRA","article_publisher":"https:\/\/www.facebook.com\/ageninfra","article_published_time":"2025-12-03T20:36:42+00:00","article_modified_time":"2025-12-04T16:37:51+00:00","og_image":[{"width":1280,"height":850,"url":"https:\/\/agenciainfra.com\/blog\/wp-content\/uploads\/2025\/11\/tribunal-de-contas-da-uniao-foto-saulo-cruz-tcu.jpg","type":"image\/jpeg"}],"author":"Ag\u00eancia iNFRA","twitter_card":"summary_large_image","twitter_creator":"@agencia_infra","twitter_site":"@agencia_infra","twitter_misc":{"Escrito por":"Ag\u00eancia iNFRA","Est. tempo de leitura":"1 minuto"},"schema":{"@context":"https:\/\/schema.org","@graph":[{"@type":"Article","@id":"https:\/\/agenciainfra.com\/blog\/tcu-conclui-que-atuacao-do-mme-no-leilao-do-gsf-foi-tecnica-e-fundamentada\/#article","isPartOf":{"@id":"https:\/\/agenciainfra.com\/blog\/tcu-conclui-que-atuacao-do-mme-no-leilao-do-gsf-foi-tecnica-e-fundamentada\/"},"author":{"name":"Ag\u00eancia iNFRA","@id":"https:\/\/agenciainfra.com\/blog\/#\/schema\/person\/34af08dff6adea4cb22b06612ba7acfa"},"headline":"TCU conclui que atua\u00e7\u00e3o do MME no Leil\u00e3o do GSF foi \u2018t\u00e9cnica e fundamentada&#8217;","datePublished":"2025-12-03T20:36:42+00:00","dateModified":"2025-12-04T16:37:51+00:00","mainEntityOfPage":{"@id":"https:\/\/agenciainfra.com\/blog\/tcu-conclui-que-atuacao-do-mme-no-leilao-do-gsf-foi-tecnica-e-fundamentada\/"},"wordCount":273,"publisher":{"@id":"https:\/\/agenciainfra.com\/blog\/#organization"},"image":{"@id":"https:\/\/agenciainfra.com\/blog\/tcu-conclui-que-atuacao-do-mme-no-leilao-do-gsf-foi-tecnica-e-fundamentada\/#primaryimage"},"thumbnailUrl":"https:\/\/agenciainfra.com\/blog\/wp-content\/uploads\/2025\/11\/tribunal-de-contas-da-uniao-foto-saulo-cruz-tcu.jpg","keywords":["ANEEL","Lais Carregosa","leil\u00e3o do GSF","Minist\u00e9rio de Minas de Energia","MME","TCU","Tribunal de Contas da Uni\u00e3o"],"articleSection":["Destaque lista","iNFRAEnergia"],"inLanguage":"pt-BR","copyrightYear":"2025","copyrightHolder":{"@id":"https:\/\/agenciainfra.com\/blog\/#organization"}},{"@type":"WebPage","@id":"https:\/\/agenciainfra.com\/blog\/tcu-conclui-que-atuacao-do-mme-no-leilao-do-gsf-foi-tecnica-e-fundamentada\/","url":"https:\/\/agenciainfra.com\/blog\/tcu-conclui-que-atuacao-do-mme-no-leilao-do-gsf-foi-tecnica-e-fundamentada\/","name":"TCU conclui que atua\u00e7\u00e3o do MME no Leil\u00e3o do GSF foi \u2018t\u00e9cnica e fundamentada' - Ag\u00eancia iNFRA","isPartOf":{"@id":"https:\/\/agenciainfra.com\/blog\/#website"},"primaryImageOfPage":{"@id":"https:\/\/agenciainfra.com\/blog\/tcu-conclui-que-atuacao-do-mme-no-leilao-do-gsf-foi-tecnica-e-fundamentada\/#primaryimage"},"image":{"@id":"https:\/\/agenciainfra.com\/blog\/tcu-conclui-que-atuacao-do-mme-no-leilao-do-gsf-foi-tecnica-e-fundamentada\/#primaryimage"},"thumbnailUrl":"https:\/\/agenciainfra.com\/blog\/wp-content\/uploads\/2025\/11\/tribunal-de-contas-da-uniao-foto-saulo-cruz-tcu.jpg","datePublished":"2025-12-03T20:36:42+00:00","dateModified":"2025-12-04T16:37:51+00:00","breadcrumb":{"@id":"https:\/\/agenciainfra.com\/blog\/tcu-conclui-que-atuacao-do-mme-no-leilao-do-gsf-foi-tecnica-e-fundamentada\/#breadcrumb"},"inLanguage":"pt-BR","potentialAction":[{"@type":"ReadAction","target":["https:\/\/agenciainfra.com\/blog\/tcu-conclui-que-atuacao-do-mme-no-leilao-do-gsf-foi-tecnica-e-fundamentada\/"]}]},{"@type":"ImageObject","inLanguage":"pt-BR","@id":"https:\/\/agenciainfra.com\/blog\/tcu-conclui-que-atuacao-do-mme-no-leilao-do-gsf-foi-tecnica-e-fundamentada\/#primaryimage","url":"https:\/\/agenciainfra.com\/blog\/wp-content\/uploads\/2025\/11\/tribunal-de-contas-da-uniao-foto-saulo-cruz-tcu.jpg","contentUrl":"https:\/\/agenciainfra.com\/blog\/wp-content\/uploads\/2025\/11\/tribunal-de-contas-da-uniao-foto-saulo-cruz-tcu.jpg","width":1280,"height":850,"caption":"Foto: Saulo Cruz\/TCU"},{"@type":"BreadcrumbList","@id":"https:\/\/agenciainfra.com\/blog\/tcu-conclui-que-atuacao-do-mme-no-leilao-do-gsf-foi-tecnica-e-fundamentada\/#breadcrumb","itemListElement":[{"@type":"ListItem","position":1,"name":"In\u00edcio","item":"https:\/\/agenciainfra.com\/blog\/"},{"@type":"ListItem","position":2,"name":"TCU conclui que atua\u00e7\u00e3o do MME no Leil\u00e3o do GSF foi \u2018t\u00e9cnica e fundamentada&#8217;"}]},{"@type":"WebSite","@id":"https:\/\/agenciainfra.com\/blog\/#website","url":"https:\/\/agenciainfra.com\/blog\/","name":"Ag\u00eancia iNFRA","description":"Multiplataforma de informa\u00e7\u00e3o jornal\u00edstica refer\u00eancia na \u00e1rea de infraestrutura no Brasil!","publisher":{"@id":"https:\/\/agenciainfra.com\/blog\/#organization"},"potentialAction":[{"@type":"SearchAction","target":{"@type":"EntryPoint","urlTemplate":"https:\/\/agenciainfra.com\/blog\/?s={search_term_string}"},"query-input":{"@type":"PropertyValueSpecification","valueRequired":true,"valueName":"search_term_string"}}],"inLanguage":"pt-BR"},{"@type":"Organization","@id":"https:\/\/agenciainfra.com\/blog\/#organization","name":"Ag\u00eancia iNFRA","url":"https:\/\/agenciainfra.com\/blog\/","logo":{"@type":"ImageObject","inLanguage":"pt-BR","@id":"https:\/\/agenciainfra.com\/blog\/#\/schema\/logo\/image\/","url":"https:\/\/agenciainfra.com\/blog\/wp-content\/uploads\/2023\/09\/iNFRA_5-e1761735885940.png","contentUrl":"https:\/\/agenciainfra.com\/blog\/wp-content\/uploads\/2023\/09\/iNFRA_5-e1761735885940.png","width":1672,"height":454,"caption":"Ag\u00eancia iNFRA"},"image":{"@id":"https:\/\/agenciainfra.com\/blog\/#\/schema\/logo\/image\/"},"sameAs":["https:\/\/www.facebook.com\/ageninfra","https:\/\/x.com\/agencia_infra","https:\/\/www.linkedin.com\/company\/ag\u00eanciainfra\/","https:\/\/www.instagram.com\/agenciainfra\/"]},{"@type":"Person","@id":"https:\/\/agenciainfra.com\/blog\/#\/schema\/person\/34af08dff6adea4cb22b06612ba7acfa","name":"Ag\u00eancia iNFRA","image":{"@type":"ImageObject","inLanguage":"pt-BR","@id":"https:\/\/agenciainfra.com\/blog\/#\/schema\/person\/image\/","url":"https:\/\/secure.gravatar.com\/avatar\/d189e01678f06d8eb84d4e01f08eb848b3fffe3f8443818d3c356c66892f5be8?s=96&d=mm&r=g","contentUrl":"https:\/\/secure.gravatar.com\/avatar\/d189e01678f06d8eb84d4e01f08eb848b3fffe3f8443818d3c356c66892f5be8?s=96&d=mm&r=g","caption":"Ag\u00eancia iNFRA"},"url":"https:\/\/agenciainfra.com\/blog\/author\/admin\/"}]}},"_links":{"self":[{"href":"https:\/\/agenciainfra.com\/blog\/wp-json\/wp\/v2\/posts\/33275","targetHints":{"allow":["GET"]}}],"collection":[{"href":"https:\/\/agenciainfra.com\/blog\/wp-json\/wp\/v2\/posts"}],"about":[{"href":"https:\/\/agenciainfra.com\/blog\/wp-json\/wp\/v2\/types\/post"}],"author":[{"embeddable":true,"href":"https:\/\/agenciainfra.com\/blog\/wp-json\/wp\/v2\/users\/1"}],"replies":[{"embeddable":true,"href":"https:\/\/agenciainfra.com\/blog\/wp-json\/wp\/v2\/comments?post=33275"}],"version-history":[{"count":2,"href":"https:\/\/agenciainfra.com\/blog\/wp-json\/wp\/v2\/posts\/33275\/revisions"}],"predecessor-version":[{"id":33328,"href":"https:\/\/agenciainfra.com\/blog\/wp-json\/wp\/v2\/posts\/33275\/revisions\/33328"}],"wp:featuredmedia":[{"embeddable":true,"href":"https:\/\/agenciainfra.com\/blog\/wp-json\/wp\/v2\/media\/31988"}],"wp:attachment":[{"href":"https:\/\/agenciainfra.com\/blog\/wp-json\/wp\/v2\/media?parent=33275"}],"wp:term":[{"taxonomy":"category","embeddable":true,"href":"https:\/\/agenciainfra.com\/blog\/wp-json\/wp\/v2\/categories?post=33275"},{"taxonomy":"post_tag","embeddable":true,"href":"https:\/\/agenciainfra.com\/blog\/wp-json\/wp\/v2\/tags?post=33275"}],"curies":[{"name":"wp","href":"https:\/\/api.w.org\/{rel}","templated":true}]}}