{"id":33280,"date":"2025-12-03T20:18:37","date_gmt":"2025-12-03T23:18:37","guid":{"rendered":"https:\/\/agenciainfra.com\/blog\/?p=33280"},"modified":"2025-12-03T20:24:16","modified_gmt":"2025-12-03T23:24:16","slug":"mpor-lanca-diagnostico-sobre-seguros-em-terminais-portuarios-autorizados","status":"publish","type":"post","link":"https:\/\/agenciainfra.com\/blog\/mpor-lanca-diagnostico-sobre-seguros-em-terminais-portuarios-autorizados\/","title":{"rendered":"MPor lan\u00e7a diagn\u00f3stico sobre seguros em Terminais Portu\u00e1rios Autorizados"},"content":{"rendered":"\n<p class=\"has-text-align-right\"><strong>da Ag\u00eancia iNFRA<\/strong><\/p>\n\n\n\n<p>O MPor (Minist\u00e9rio de Portos e Aeroportos) lan\u00e7ou nesta ter\u00e7a-feira (2) o primeiro<a href=\"https:\/\/www.portosprivados.org.br\/files\/diagramacao-diagnostico-de-seguros.pdf\"> diagn\u00f3stico <\/a>nacional sobre seguros em Terminais Portu\u00e1rios Autorizados, um levantamento que re\u00fane dados estrat\u00e9gicos e an\u00e1lises at\u00e9 ent\u00e3o inexistentes para os TUP (Terminais de Uso Privado). Produzido em parceria com a ATP (Associa\u00e7\u00e3o de Terminais Portu\u00e1rios Privados), o estudo organiza informa\u00e7\u00f5es dispersas e oferece um panorama t\u00e9cnico sobre pr\u00e1ticas, desafios e lacunas relacionadas aos seguros obrigat\u00f3rios no setor.<\/p>\n\n\n\n<p>O material \u00e9 considerado um marco na agenda de previsibilidade e gest\u00e3o de riscos da atividade portu\u00e1ria. Al\u00e9m de mapear pontos de aten\u00e7\u00e3o regulat\u00f3rios, operacionais e clim\u00e1ticos, o diagn\u00f3stico identifica oportunidades de aprimoramento em mecanismos de prote\u00e7\u00e3o e governan\u00e7a. Segundo o ministro Silvio Costa Filho, a publica\u00e7\u00e3o refor\u00e7a o compromisso do governo com a seguran\u00e7a regulat\u00f3ria e contribui para um ambiente de neg\u00f3cios mais s\u00f3lido.<\/p>\n\n\n\n<p>Para o secret\u00e1rio-executivo Tom\u00e9 Franca, o estudo cria uma base robusta para decis\u00f5es estrat\u00e9gicas e para o di\u00e1logo com operadores e o mercado segurador, sobretudo diante da necessidade de regras mais modernas frente ao aumento dos eventos clim\u00e1ticos extremos. <\/p>\n\n\n\n<p>A diretora de Assuntos Econ\u00f4micos do MPor, Helena Venceslau, destacou ainda que o levantamento consolida dados essenciais para a formula\u00e7\u00e3o de pol\u00edticas p\u00fablicas baseadas em evid\u00eancias, especialmente em temas sens\u00edveis como seguros obrigat\u00f3rios e riscos associados.<\/p>\n\n\n\n<p><\/p>\n","protected":false},"excerpt":{"rendered":"<p>da Ag\u00eancia iNFRA O MPor (Minist\u00e9rio de Portos e Aeroportos) lan\u00e7ou nesta ter\u00e7a-feira (2) o primeiro diagn\u00f3stico nacional sobre seguros em Terminais Portu\u00e1rios Autorizados, um levantamento que re\u00fane dados estrat\u00e9gicos e an\u00e1lises at\u00e9 ent\u00e3o inexistentes para os TUP (Terminais de Uso Privado). Produzido em parceria com a ATP (Associa\u00e7\u00e3o de Terminais Portu\u00e1rios Privados), o estudo [&hellip;]<\/p>\n","protected":false},"author":1,"featured_media":33281,"comment_status":"closed","ping_status":"closed","sticky":false,"template":"","format":"standard","meta":{"_monsterinsights_skip_tracking":false,"_monsterinsights_sitenote_active":false,"_monsterinsights_sitenote_note":"","_monsterinsights_sitenote_category":0,"footnotes":""},"categories":[13576],"tags":[1329,17304,6919,7467,3001,17305],"class_list":["post-33280","post","type-post","status-publish","format-standard","has-post-thumbnail","hentry","category-giro-infra","tag-associacao-de-terminais-portuarios-privados","tag-diagnostico","tag-mpor","tag-silvio-costa-filho","tag-terminais-de-uso-privado","tag-terminais-portuarios-autorizados"],"yoast_head":"<!-- This site is optimized with the Yoast SEO Premium plugin v25.4 (Yoast SEO v26.0) - https:\/\/yoast.com\/wordpress\/plugins\/seo\/ -->\n<title>MPor lan\u00e7a diagn\u00f3stico sobre seguros em Terminais Portu\u00e1rios Autorizados - Ag\u00eancia iNFRA<\/title>\n<meta name=\"robots\" content=\"index, follow, max-snippet:-1, max-image-preview:large, max-video-preview:-1\" \/>\n<link rel=\"canonical\" href=\"https:\/\/agenciainfra.com\/blog\/mpor-lanca-diagnostico-sobre-seguros-em-terminais-portuarios-autorizados\/\" \/>\n<meta property=\"og:locale\" content=\"pt_BR\" \/>\n<meta property=\"og:type\" content=\"article\" \/>\n<meta property=\"og:title\" content=\"MPor lan\u00e7a diagn\u00f3stico sobre seguros em Terminais Portu\u00e1rios Autorizados\" \/>\n<meta property=\"og:description\" content=\"da Ag\u00eancia iNFRA O MPor (Minist\u00e9rio de Portos e Aeroportos) lan\u00e7ou nesta ter\u00e7a-feira (2) o primeiro diagn\u00f3stico nacional sobre seguros em Terminais Portu\u00e1rios Autorizados, um levantamento que re\u00fane dados estrat\u00e9gicos e an\u00e1lises at\u00e9 ent\u00e3o inexistentes para os TUP (Terminais de Uso Privado). Produzido em parceria com a ATP (Associa\u00e7\u00e3o de Terminais Portu\u00e1rios Privados), o estudo [&hellip;]\" \/>\n<meta property=\"og:url\" content=\"https:\/\/agenciainfra.com\/blog\/mpor-lanca-diagnostico-sobre-seguros-em-terminais-portuarios-autorizados\/\" \/>\n<meta property=\"og:site_name\" content=\"Ag\u00eancia iNFRA\" \/>\n<meta property=\"article:publisher\" content=\"https:\/\/www.facebook.com\/ageninfra\" \/>\n<meta property=\"article:published_time\" content=\"2025-12-03T23:18:37+00:00\" \/>\n<meta property=\"article:modified_time\" content=\"2025-12-03T23:24:16+00:00\" \/>\n<meta property=\"og:image\" content=\"https:\/\/agenciainfra.com\/blog\/wp-content\/uploads\/2025\/12\/porto-de-acu-foto-mpor.jpg\" \/>\n\t<meta property=\"og:image:width\" content=\"1280\" \/>\n\t<meta property=\"og:image:height\" content=\"720\" \/>\n\t<meta property=\"og:image:type\" content=\"image\/jpeg\" \/>\n<meta name=\"author\" content=\"Ag\u00eancia iNFRA\" \/>\n<meta name=\"twitter:card\" content=\"summary_large_image\" \/>\n<meta name=\"twitter:creator\" content=\"@agencia_infra\" \/>\n<meta name=\"twitter:site\" content=\"@agencia_infra\" \/>\n<meta name=\"twitter:label1\" content=\"Escrito por\" \/>\n\t<meta name=\"twitter:data1\" content=\"Ag\u00eancia iNFRA\" \/>\n\t<meta name=\"twitter:label2\" content=\"Est. tempo de leitura\" \/>\n\t<meta name=\"twitter:data2\" content=\"1 minuto\" \/>\n<script type=\"application\/ld+json\" class=\"yoast-schema-graph\">{\"@context\":\"https:\/\/schema.org\",\"@graph\":[{\"@type\":\"Article\",\"@id\":\"https:\/\/agenciainfra.com\/blog\/mpor-lanca-diagnostico-sobre-seguros-em-terminais-portuarios-autorizados\/#article\",\"isPartOf\":{\"@id\":\"https:\/\/agenciainfra.com\/blog\/mpor-lanca-diagnostico-sobre-seguros-em-terminais-portuarios-autorizados\/\"},\"author\":{\"name\":\"Ag\u00eancia iNFRA\",\"@id\":\"https:\/\/agenciainfra.com\/blog\/#\/schema\/person\/34af08dff6adea4cb22b06612ba7acfa\"},\"headline\":\"MPor lan\u00e7a diagn\u00f3stico sobre seguros em Terminais Portu\u00e1rios Autorizados\",\"datePublished\":\"2025-12-03T23:18:37+00:00\",\"dateModified\":\"2025-12-03T23:24:16+00:00\",\"mainEntityOfPage\":{\"@id\":\"https:\/\/agenciainfra.com\/blog\/mpor-lanca-diagnostico-sobre-seguros-em-terminais-portuarios-autorizados\/\"},\"wordCount\":267,\"publisher\":{\"@id\":\"https:\/\/agenciainfra.com\/blog\/#organization\"},\"image\":{\"@id\":\"https:\/\/agenciainfra.com\/blog\/mpor-lanca-diagnostico-sobre-seguros-em-terminais-portuarios-autorizados\/#primaryimage\"},\"thumbnailUrl\":\"https:\/\/agenciainfra.com\/blog\/wp-content\/uploads\/2025\/12\/porto-de-acu-foto-mpor.jpg\",\"keywords\":[\"Associa\u00e7\u00e3o de Terminais Portu\u00e1rios Privados\",\"diagn\u00f3stico\",\"MPor\",\"Silvio Costa Filho\",\"terminais de uso privado\",\"Terminais Portu\u00e1rios Autorizados\"],\"articleSection\":[\"Giro iNFRA\"],\"inLanguage\":\"pt-BR\",\"copyrightYear\":\"2025\",\"copyrightHolder\":{\"@id\":\"https:\/\/agenciainfra.com\/blog\/#organization\"}},{\"@type\":\"WebPage\",\"@id\":\"https:\/\/agenciainfra.com\/blog\/mpor-lanca-diagnostico-sobre-seguros-em-terminais-portuarios-autorizados\/\",\"url\":\"https:\/\/agenciainfra.com\/blog\/mpor-lanca-diagnostico-sobre-seguros-em-terminais-portuarios-autorizados\/\",\"name\":\"MPor lan\u00e7a diagn\u00f3stico sobre seguros em Terminais Portu\u00e1rios Autorizados - Ag\u00eancia iNFRA\",\"isPartOf\":{\"@id\":\"https:\/\/agenciainfra.com\/blog\/#website\"},\"primaryImageOfPage\":{\"@id\":\"https:\/\/agenciainfra.com\/blog\/mpor-lanca-diagnostico-sobre-seguros-em-terminais-portuarios-autorizados\/#primaryimage\"},\"image\":{\"@id\":\"https:\/\/agenciainfra.com\/blog\/mpor-lanca-diagnostico-sobre-seguros-em-terminais-portuarios-autorizados\/#primaryimage\"},\"thumbnailUrl\":\"https:\/\/agenciainfra.com\/blog\/wp-content\/uploads\/2025\/12\/porto-de-acu-foto-mpor.jpg\",\"datePublished\":\"2025-12-03T23:18:37+00:00\",\"dateModified\":\"2025-12-03T23:24:16+00:00\",\"breadcrumb\":{\"@id\":\"https:\/\/agenciainfra.com\/blog\/mpor-lanca-diagnostico-sobre-seguros-em-terminais-portuarios-autorizados\/#breadcrumb\"},\"inLanguage\":\"pt-BR\",\"potentialAction\":[{\"@type\":\"ReadAction\",\"target\":[\"https:\/\/agenciainfra.com\/blog\/mpor-lanca-diagnostico-sobre-seguros-em-terminais-portuarios-autorizados\/\"]}]},{\"@type\":\"ImageObject\",\"inLanguage\":\"pt-BR\",\"@id\":\"https:\/\/agenciainfra.com\/blog\/mpor-lanca-diagnostico-sobre-seguros-em-terminais-portuarios-autorizados\/#primaryimage\",\"url\":\"https:\/\/agenciainfra.com\/blog\/wp-content\/uploads\/2025\/12\/porto-de-acu-foto-mpor.jpg\",\"contentUrl\":\"https:\/\/agenciainfra.com\/blog\/wp-content\/uploads\/2025\/12\/porto-de-acu-foto-mpor.jpg\",\"width\":1280,\"height\":720,\"caption\":\"Foto: Divulga\u00e7\u00e3o MPor\"},{\"@type\":\"BreadcrumbList\",\"@id\":\"https:\/\/agenciainfra.com\/blog\/mpor-lanca-diagnostico-sobre-seguros-em-terminais-portuarios-autorizados\/#breadcrumb\",\"itemListElement\":[{\"@type\":\"ListItem\",\"position\":1,\"name\":\"In\u00edcio\",\"item\":\"https:\/\/agenciainfra.com\/blog\/\"},{\"@type\":\"ListItem\",\"position\":2,\"name\":\"MPor lan\u00e7a diagn\u00f3stico sobre seguros em Terminais Portu\u00e1rios Autorizados\"}]},{\"@type\":\"WebSite\",\"@id\":\"https:\/\/agenciainfra.com\/blog\/#website\",\"url\":\"https:\/\/agenciainfra.com\/blog\/\",\"name\":\"Ag\u00eancia iNFRA\",\"description\":\"Multiplataforma de informa\u00e7\u00e3o jornal\u00edstica refer\u00eancia na \u00e1rea de infraestrutura no Brasil!\",\"publisher\":{\"@id\":\"https:\/\/agenciainfra.com\/blog\/#organization\"},\"potentialAction\":[{\"@type\":\"SearchAction\",\"target\":{\"@type\":\"EntryPoint\",\"urlTemplate\":\"https:\/\/agenciainfra.com\/blog\/?s={search_term_string}\"},\"query-input\":{\"@type\":\"PropertyValueSpecification\",\"valueRequired\":true,\"valueName\":\"search_term_string\"}}],\"inLanguage\":\"pt-BR\"},{\"@type\":\"Organization\",\"@id\":\"https:\/\/agenciainfra.com\/blog\/#organization\",\"name\":\"Ag\u00eancia iNFRA\",\"url\":\"https:\/\/agenciainfra.com\/blog\/\",\"logo\":{\"@type\":\"ImageObject\",\"inLanguage\":\"pt-BR\",\"@id\":\"https:\/\/agenciainfra.com\/blog\/#\/schema\/logo\/image\/\",\"url\":\"https:\/\/agenciainfra.com\/blog\/wp-content\/uploads\/2023\/09\/iNFRA_5-e1761735885940.png\",\"contentUrl\":\"https:\/\/agenciainfra.com\/blog\/wp-content\/uploads\/2023\/09\/iNFRA_5-e1761735885940.png\",\"width\":1672,\"height\":454,\"caption\":\"Ag\u00eancia iNFRA\"},\"image\":{\"@id\":\"https:\/\/agenciainfra.com\/blog\/#\/schema\/logo\/image\/\"},\"sameAs\":[\"https:\/\/www.facebook.com\/ageninfra\",\"https:\/\/x.com\/agencia_infra\",\"https:\/\/www.linkedin.com\/company\/ag\u00eanciainfra\/\",\"https:\/\/www.instagram.com\/agenciainfra\/\"]},{\"@type\":\"Person\",\"@id\":\"https:\/\/agenciainfra.com\/blog\/#\/schema\/person\/34af08dff6adea4cb22b06612ba7acfa\",\"name\":\"Ag\u00eancia iNFRA\",\"image\":{\"@type\":\"ImageObject\",\"inLanguage\":\"pt-BR\",\"@id\":\"https:\/\/agenciainfra.com\/blog\/#\/schema\/person\/image\/\",\"url\":\"https:\/\/secure.gravatar.com\/avatar\/d189e01678f06d8eb84d4e01f08eb848b3fffe3f8443818d3c356c66892f5be8?s=96&d=mm&r=g\",\"contentUrl\":\"https:\/\/secure.gravatar.com\/avatar\/d189e01678f06d8eb84d4e01f08eb848b3fffe3f8443818d3c356c66892f5be8?s=96&d=mm&r=g\",\"caption\":\"Ag\u00eancia iNFRA\"},\"url\":\"https:\/\/agenciainfra.com\/blog\/author\/admin\/\"}]}<\/script>\n<!-- \/ Yoast SEO Premium plugin. -->","yoast_head_json":{"title":"MPor lan\u00e7a diagn\u00f3stico sobre seguros em Terminais Portu\u00e1rios Autorizados - Ag\u00eancia iNFRA","robots":{"index":"index","follow":"follow","max-snippet":"max-snippet:-1","max-image-preview":"max-image-preview:large","max-video-preview":"max-video-preview:-1"},"canonical":"https:\/\/agenciainfra.com\/blog\/mpor-lanca-diagnostico-sobre-seguros-em-terminais-portuarios-autorizados\/","og_locale":"pt_BR","og_type":"article","og_title":"MPor lan\u00e7a diagn\u00f3stico sobre seguros em Terminais Portu\u00e1rios Autorizados","og_description":"da Ag\u00eancia iNFRA O MPor (Minist\u00e9rio de Portos e Aeroportos) lan\u00e7ou nesta ter\u00e7a-feira (2) o primeiro diagn\u00f3stico nacional sobre seguros em Terminais Portu\u00e1rios Autorizados, um levantamento que re\u00fane dados estrat\u00e9gicos e an\u00e1lises at\u00e9 ent\u00e3o inexistentes para os TUP (Terminais de Uso Privado). Produzido em parceria com a ATP (Associa\u00e7\u00e3o de Terminais Portu\u00e1rios Privados), o estudo [&hellip;]","og_url":"https:\/\/agenciainfra.com\/blog\/mpor-lanca-diagnostico-sobre-seguros-em-terminais-portuarios-autorizados\/","og_site_name":"Ag\u00eancia iNFRA","article_publisher":"https:\/\/www.facebook.com\/ageninfra","article_published_time":"2025-12-03T23:18:37+00:00","article_modified_time":"2025-12-03T23:24:16+00:00","og_image":[{"width":1280,"height":720,"url":"https:\/\/agenciainfra.com\/blog\/wp-content\/uploads\/2025\/12\/porto-de-acu-foto-mpor.jpg","type":"image\/jpeg"}],"author":"Ag\u00eancia iNFRA","twitter_card":"summary_large_image","twitter_creator":"@agencia_infra","twitter_site":"@agencia_infra","twitter_misc":{"Escrito por":"Ag\u00eancia iNFRA","Est. tempo de leitura":"1 minuto"},"schema":{"@context":"https:\/\/schema.org","@graph":[{"@type":"Article","@id":"https:\/\/agenciainfra.com\/blog\/mpor-lanca-diagnostico-sobre-seguros-em-terminais-portuarios-autorizados\/#article","isPartOf":{"@id":"https:\/\/agenciainfra.com\/blog\/mpor-lanca-diagnostico-sobre-seguros-em-terminais-portuarios-autorizados\/"},"author":{"name":"Ag\u00eancia iNFRA","@id":"https:\/\/agenciainfra.com\/blog\/#\/schema\/person\/34af08dff6adea4cb22b06612ba7acfa"},"headline":"MPor lan\u00e7a diagn\u00f3stico sobre seguros em Terminais Portu\u00e1rios Autorizados","datePublished":"2025-12-03T23:18:37+00:00","dateModified":"2025-12-03T23:24:16+00:00","mainEntityOfPage":{"@id":"https:\/\/agenciainfra.com\/blog\/mpor-lanca-diagnostico-sobre-seguros-em-terminais-portuarios-autorizados\/"},"wordCount":267,"publisher":{"@id":"https:\/\/agenciainfra.com\/blog\/#organization"},"image":{"@id":"https:\/\/agenciainfra.com\/blog\/mpor-lanca-diagnostico-sobre-seguros-em-terminais-portuarios-autorizados\/#primaryimage"},"thumbnailUrl":"https:\/\/agenciainfra.com\/blog\/wp-content\/uploads\/2025\/12\/porto-de-acu-foto-mpor.jpg","keywords":["Associa\u00e7\u00e3o de Terminais Portu\u00e1rios Privados","diagn\u00f3stico","MPor","Silvio Costa Filho","terminais de uso privado","Terminais Portu\u00e1rios Autorizados"],"articleSection":["Giro iNFRA"],"inLanguage":"pt-BR","copyrightYear":"2025","copyrightHolder":{"@id":"https:\/\/agenciainfra.com\/blog\/#organization"}},{"@type":"WebPage","@id":"https:\/\/agenciainfra.com\/blog\/mpor-lanca-diagnostico-sobre-seguros-em-terminais-portuarios-autorizados\/","url":"https:\/\/agenciainfra.com\/blog\/mpor-lanca-diagnostico-sobre-seguros-em-terminais-portuarios-autorizados\/","name":"MPor lan\u00e7a diagn\u00f3stico sobre seguros em Terminais Portu\u00e1rios Autorizados - Ag\u00eancia iNFRA","isPartOf":{"@id":"https:\/\/agenciainfra.com\/blog\/#website"},"primaryImageOfPage":{"@id":"https:\/\/agenciainfra.com\/blog\/mpor-lanca-diagnostico-sobre-seguros-em-terminais-portuarios-autorizados\/#primaryimage"},"image":{"@id":"https:\/\/agenciainfra.com\/blog\/mpor-lanca-diagnostico-sobre-seguros-em-terminais-portuarios-autorizados\/#primaryimage"},"thumbnailUrl":"https:\/\/agenciainfra.com\/blog\/wp-content\/uploads\/2025\/12\/porto-de-acu-foto-mpor.jpg","datePublished":"2025-12-03T23:18:37+00:00","dateModified":"2025-12-03T23:24:16+00:00","breadcrumb":{"@id":"https:\/\/agenciainfra.com\/blog\/mpor-lanca-diagnostico-sobre-seguros-em-terminais-portuarios-autorizados\/#breadcrumb"},"inLanguage":"pt-BR","potentialAction":[{"@type":"ReadAction","target":["https:\/\/agenciainfra.com\/blog\/mpor-lanca-diagnostico-sobre-seguros-em-terminais-portuarios-autorizados\/"]}]},{"@type":"ImageObject","inLanguage":"pt-BR","@id":"https:\/\/agenciainfra.com\/blog\/mpor-lanca-diagnostico-sobre-seguros-em-terminais-portuarios-autorizados\/#primaryimage","url":"https:\/\/agenciainfra.com\/blog\/wp-content\/uploads\/2025\/12\/porto-de-acu-foto-mpor.jpg","contentUrl":"https:\/\/agenciainfra.com\/blog\/wp-content\/uploads\/2025\/12\/porto-de-acu-foto-mpor.jpg","width":1280,"height":720,"caption":"Foto: Divulga\u00e7\u00e3o MPor"},{"@type":"BreadcrumbList","@id":"https:\/\/agenciainfra.com\/blog\/mpor-lanca-diagnostico-sobre-seguros-em-terminais-portuarios-autorizados\/#breadcrumb","itemListElement":[{"@type":"ListItem","position":1,"name":"In\u00edcio","item":"https:\/\/agenciainfra.com\/blog\/"},{"@type":"ListItem","position":2,"name":"MPor lan\u00e7a diagn\u00f3stico sobre seguros em Terminais Portu\u00e1rios Autorizados"}]},{"@type":"WebSite","@id":"https:\/\/agenciainfra.com\/blog\/#website","url":"https:\/\/agenciainfra.com\/blog\/","name":"Ag\u00eancia iNFRA","description":"Multiplataforma de informa\u00e7\u00e3o jornal\u00edstica refer\u00eancia na \u00e1rea de infraestrutura no Brasil!","publisher":{"@id":"https:\/\/agenciainfra.com\/blog\/#organization"},"potentialAction":[{"@type":"SearchAction","target":{"@type":"EntryPoint","urlTemplate":"https:\/\/agenciainfra.com\/blog\/?s={search_term_string}"},"query-input":{"@type":"PropertyValueSpecification","valueRequired":true,"valueName":"search_term_string"}}],"inLanguage":"pt-BR"},{"@type":"Organization","@id":"https:\/\/agenciainfra.com\/blog\/#organization","name":"Ag\u00eancia iNFRA","url":"https:\/\/agenciainfra.com\/blog\/","logo":{"@type":"ImageObject","inLanguage":"pt-BR","@id":"https:\/\/agenciainfra.com\/blog\/#\/schema\/logo\/image\/","url":"https:\/\/agenciainfra.com\/blog\/wp-content\/uploads\/2023\/09\/iNFRA_5-e1761735885940.png","contentUrl":"https:\/\/agenciainfra.com\/blog\/wp-content\/uploads\/2023\/09\/iNFRA_5-e1761735885940.png","width":1672,"height":454,"caption":"Ag\u00eancia iNFRA"},"image":{"@id":"https:\/\/agenciainfra.com\/blog\/#\/schema\/logo\/image\/"},"sameAs":["https:\/\/www.facebook.com\/ageninfra","https:\/\/x.com\/agencia_infra","https:\/\/www.linkedin.com\/company\/ag\u00eanciainfra\/","https:\/\/www.instagram.com\/agenciainfra\/"]},{"@type":"Person","@id":"https:\/\/agenciainfra.com\/blog\/#\/schema\/person\/34af08dff6adea4cb22b06612ba7acfa","name":"Ag\u00eancia iNFRA","image":{"@type":"ImageObject","inLanguage":"pt-BR","@id":"https:\/\/agenciainfra.com\/blog\/#\/schema\/person\/image\/","url":"https:\/\/secure.gravatar.com\/avatar\/d189e01678f06d8eb84d4e01f08eb848b3fffe3f8443818d3c356c66892f5be8?s=96&d=mm&r=g","contentUrl":"https:\/\/secure.gravatar.com\/avatar\/d189e01678f06d8eb84d4e01f08eb848b3fffe3f8443818d3c356c66892f5be8?s=96&d=mm&r=g","caption":"Ag\u00eancia iNFRA"},"url":"https:\/\/agenciainfra.com\/blog\/author\/admin\/"}]}},"_links":{"self":[{"href":"https:\/\/agenciainfra.com\/blog\/wp-json\/wp\/v2\/posts\/33280","targetHints":{"allow":["GET"]}}],"collection":[{"href":"https:\/\/agenciainfra.com\/blog\/wp-json\/wp\/v2\/posts"}],"about":[{"href":"https:\/\/agenciainfra.com\/blog\/wp-json\/wp\/v2\/types\/post"}],"author":[{"embeddable":true,"href":"https:\/\/agenciainfra.com\/blog\/wp-json\/wp\/v2\/users\/1"}],"replies":[{"embeddable":true,"href":"https:\/\/agenciainfra.com\/blog\/wp-json\/wp\/v2\/comments?post=33280"}],"version-history":[{"count":2,"href":"https:\/\/agenciainfra.com\/blog\/wp-json\/wp\/v2\/posts\/33280\/revisions"}],"predecessor-version":[{"id":33284,"href":"https:\/\/agenciainfra.com\/blog\/wp-json\/wp\/v2\/posts\/33280\/revisions\/33284"}],"wp:featuredmedia":[{"embeddable":true,"href":"https:\/\/agenciainfra.com\/blog\/wp-json\/wp\/v2\/media\/33281"}],"wp:attachment":[{"href":"https:\/\/agenciainfra.com\/blog\/wp-json\/wp\/v2\/media?parent=33280"}],"wp:term":[{"taxonomy":"category","embeddable":true,"href":"https:\/\/agenciainfra.com\/blog\/wp-json\/wp\/v2\/categories?post=33280"},{"taxonomy":"post_tag","embeddable":true,"href":"https:\/\/agenciainfra.com\/blog\/wp-json\/wp\/v2\/tags?post=33280"}],"curies":[{"name":"wp","href":"https:\/\/api.w.org\/{rel}","templated":true}]}}