{"id":33283,"date":"2025-12-03T20:29:02","date_gmt":"2025-12-03T23:29:02","guid":{"rendered":"https:\/\/agenciainfra.com\/blog\/?p=33283"},"modified":"2025-12-03T20:29:04","modified_gmt":"2025-12-03T23:29:04","slug":"aeroportos-de-pe-arrematados-em-leilao-terao-investimento-de-r-82-mi","status":"publish","type":"post","link":"https:\/\/agenciainfra.com\/blog\/aeroportos-de-pe-arrematados-em-leilao-terao-investimento-de-r-82-mi\/","title":{"rendered":"Aeroportos de PE arrematados em leil\u00e3o ter\u00e3o investimento de R$ 82 mi"},"content":{"rendered":"\n<p class=\"has-text-align-right\"><strong>da Ag\u00eancia iNFRA<\/strong><\/p>\n\n\n\n<p>Os tr\u00eas aeroportos regionais de Pernambuco \u2014 Araripina, Serra Talhada e Garanhuns \u2014 ter\u00e3o um pacote de investimentos de R$ 82,2 milh\u00f5es ap\u00f3s serem arrematados no leil\u00e3o do Programa AmpliAR, realizado pelo MPor (Minist\u00e9rio de Portos e Aeroportos) no fim de novembro. A gest\u00e3o dos terminais ficar\u00e1 a cargo da mesma concession\u00e1ria que administra o Aeroporto Internacional de Guarulhos, GRU Airport. <\/p>\n\n\n\n<p>O objetivo do governo federal \u00e9 reduzir gargalos log\u00edsticos no interior do estado e fortalecer atividades econ\u00f4micas estrat\u00e9gicas, como o polo gesseiro, o turismo e o com\u00e9rcio. Cada munic\u00edpio receber\u00e1 melhorias espec\u00edficas para ampliar capacidade, seguran\u00e7a e conforto.<\/p>\n\n\n\n<p>Araripina, no Sert\u00e3o do Araripe, contar\u00e1 com R$ 19,6 milh\u00f5es para expans\u00e3o do terminal de passageiros e do estacionamento, al\u00e9m da constru\u00e7\u00e3o das \u00e1reas de seguran\u00e7a de fim de pista. <\/p>\n\n\n\n<p>Serra Talhada ter\u00e1 o maior volume de recursos: R$ 40,5 milh\u00f5es. O aeroporto Santa Magalh\u00e3es, que possui a maior pista entre os tr\u00eas terminais (1.800 metros), passar\u00e1 por amplia\u00e7\u00f5es no terminal, no p\u00e1tio de aeronaves e no estacionamento. <\/p>\n\n\n\n<p>Em Garanhuns, destino tur\u00edstico do Agreste, ser\u00e3o investidos R$ 22,1 milh\u00f5es. O pacote prev\u00ea a expans\u00e3o do terminal e do p\u00e1tio de aeronaves, al\u00e9m da implanta\u00e7\u00e3o das \u00e1reas de seguran\u00e7a na pista. A moderniza\u00e7\u00e3o deve apoiar o fluxo crescente de visitantes, especialmente durante o Festival de Inverno.<\/p>\n\n\n\n<p>Com o leil\u00e3o conclu\u00eddo, o processo segue agora para a etapa de formaliza\u00e7\u00e3o contratual. A assinatura dos termos com a GRU Airport est\u00e1 prevista para ocorrer entre dezembro de 2025 e mar\u00e7o de 2026. Depois disso, a concession\u00e1ria assume a administra\u00e7\u00e3o dos tr\u00eas aeroportos e inicia as obras.<\/p>\n\n\n\n<p><\/p>\n","protected":false},"excerpt":{"rendered":"<p>da Ag\u00eancia iNFRA Os tr\u00eas aeroportos regionais de Pernambuco \u2014 Araripina, Serra Talhada e Garanhuns \u2014 ter\u00e3o um pacote de investimentos de R$ 82,2 milh\u00f5es ap\u00f3s serem arrematados no leil\u00e3o do Programa AmpliAR, realizado pelo MPor (Minist\u00e9rio de Portos e Aeroportos) no fim de novembro. A gest\u00e3o dos terminais ficar\u00e1 a cargo da mesma concession\u00e1ria [&hellip;]<\/p>\n","protected":false},"author":1,"featured_media":33285,"comment_status":"closed","ping_status":"closed","sticky":false,"template":"","format":"standard","meta":{"_monsterinsights_skip_tracking":false,"_monsterinsights_sitenote_active":false,"_monsterinsights_sitenote_note":"","_monsterinsights_sitenote_category":0,"footnotes":""},"categories":[13576],"tags":[17306,32,254,6257,11819],"class_list":["post-33283","post","type-post","status-publish","format-standard","has-post-thumbnail","hentry","category-giro-infra","tag-aeroportos-de-pe","tag-investimentos","tag-leilao","tag-ministerio-de-portos-e-aeroportos","tag-programa-ampliar"],"yoast_head":"<!-- This site is optimized with the Yoast SEO Premium plugin v25.4 (Yoast SEO v26.0) - https:\/\/yoast.com\/wordpress\/plugins\/seo\/ -->\n<title>Aeroportos de PE arrematados em leil\u00e3o ter\u00e3o investimento de R$ 82 mi - Ag\u00eancia iNFRA<\/title>\n<meta name=\"robots\" content=\"index, follow, max-snippet:-1, max-image-preview:large, max-video-preview:-1\" \/>\n<link rel=\"canonical\" href=\"https:\/\/agenciainfra.com\/blog\/aeroportos-de-pe-arrematados-em-leilao-terao-investimento-de-r-82-mi\/\" \/>\n<meta property=\"og:locale\" content=\"pt_BR\" \/>\n<meta property=\"og:type\" content=\"article\" \/>\n<meta property=\"og:title\" content=\"Aeroportos de PE arrematados em leil\u00e3o ter\u00e3o investimento de R$ 82 mi\" \/>\n<meta property=\"og:description\" content=\"da Ag\u00eancia iNFRA Os tr\u00eas aeroportos regionais de Pernambuco \u2014 Araripina, Serra Talhada e Garanhuns \u2014 ter\u00e3o um pacote de investimentos de R$ 82,2 milh\u00f5es ap\u00f3s serem arrematados no leil\u00e3o do Programa AmpliAR, realizado pelo MPor (Minist\u00e9rio de Portos e Aeroportos) no fim de novembro. A gest\u00e3o dos terminais ficar\u00e1 a cargo da mesma concession\u00e1ria [&hellip;]\" \/>\n<meta property=\"og:url\" content=\"https:\/\/agenciainfra.com\/blog\/aeroportos-de-pe-arrematados-em-leilao-terao-investimento-de-r-82-mi\/\" \/>\n<meta property=\"og:site_name\" content=\"Ag\u00eancia iNFRA\" \/>\n<meta property=\"article:publisher\" content=\"https:\/\/www.facebook.com\/ageninfra\" \/>\n<meta property=\"article:published_time\" content=\"2025-12-03T23:29:02+00:00\" \/>\n<meta property=\"article:modified_time\" content=\"2025-12-03T23:29:04+00:00\" \/>\n<meta property=\"og:image\" content=\"https:\/\/agenciainfra.com\/blog\/wp-content\/uploads\/2025\/12\/aeroporto-em-pernambuco-foto-mpor.jpg\" \/>\n\t<meta property=\"og:image:width\" content=\"1280\" \/>\n\t<meta property=\"og:image:height\" content=\"960\" \/>\n\t<meta property=\"og:image:type\" content=\"image\/jpeg\" \/>\n<meta name=\"author\" content=\"Ag\u00eancia iNFRA\" \/>\n<meta name=\"twitter:card\" content=\"summary_large_image\" \/>\n<meta name=\"twitter:creator\" content=\"@agencia_infra\" \/>\n<meta name=\"twitter:site\" content=\"@agencia_infra\" \/>\n<meta name=\"twitter:label1\" content=\"Escrito por\" \/>\n\t<meta name=\"twitter:data1\" content=\"Ag\u00eancia iNFRA\" \/>\n\t<meta name=\"twitter:label2\" content=\"Est. tempo de leitura\" \/>\n\t<meta name=\"twitter:data2\" content=\"1 minuto\" \/>\n<script type=\"application\/ld+json\" class=\"yoast-schema-graph\">{\"@context\":\"https:\/\/schema.org\",\"@graph\":[{\"@type\":\"Article\",\"@id\":\"https:\/\/agenciainfra.com\/blog\/aeroportos-de-pe-arrematados-em-leilao-terao-investimento-de-r-82-mi\/#article\",\"isPartOf\":{\"@id\":\"https:\/\/agenciainfra.com\/blog\/aeroportos-de-pe-arrematados-em-leilao-terao-investimento-de-r-82-mi\/\"},\"author\":{\"name\":\"Ag\u00eancia iNFRA\",\"@id\":\"https:\/\/agenciainfra.com\/blog\/#\/schema\/person\/34af08dff6adea4cb22b06612ba7acfa\"},\"headline\":\"Aeroportos de PE arrematados em leil\u00e3o ter\u00e3o investimento de R$ 82 mi\",\"datePublished\":\"2025-12-03T23:29:02+00:00\",\"dateModified\":\"2025-12-03T23:29:04+00:00\",\"mainEntityOfPage\":{\"@id\":\"https:\/\/agenciainfra.com\/blog\/aeroportos-de-pe-arrematados-em-leilao-terao-investimento-de-r-82-mi\/\"},\"wordCount\":311,\"publisher\":{\"@id\":\"https:\/\/agenciainfra.com\/blog\/#organization\"},\"image\":{\"@id\":\"https:\/\/agenciainfra.com\/blog\/aeroportos-de-pe-arrematados-em-leilao-terao-investimento-de-r-82-mi\/#primaryimage\"},\"thumbnailUrl\":\"https:\/\/agenciainfra.com\/blog\/wp-content\/uploads\/2025\/12\/aeroporto-em-pernambuco-foto-mpor.jpg\",\"keywords\":[\"Aeroportos de PE\",\"Investimentos\",\"leil\u00e3o\",\"Minist\u00e9rio de Portos e Aeroportos\",\"Programa AmpliAR\"],\"articleSection\":[\"Giro iNFRA\"],\"inLanguage\":\"pt-BR\",\"copyrightYear\":\"2025\",\"copyrightHolder\":{\"@id\":\"https:\/\/agenciainfra.com\/blog\/#organization\"}},{\"@type\":\"WebPage\",\"@id\":\"https:\/\/agenciainfra.com\/blog\/aeroportos-de-pe-arrematados-em-leilao-terao-investimento-de-r-82-mi\/\",\"url\":\"https:\/\/agenciainfra.com\/blog\/aeroportos-de-pe-arrematados-em-leilao-terao-investimento-de-r-82-mi\/\",\"name\":\"Aeroportos de PE arrematados em leil\u00e3o ter\u00e3o investimento de R$ 82 mi - Ag\u00eancia iNFRA\",\"isPartOf\":{\"@id\":\"https:\/\/agenciainfra.com\/blog\/#website\"},\"primaryImageOfPage\":{\"@id\":\"https:\/\/agenciainfra.com\/blog\/aeroportos-de-pe-arrematados-em-leilao-terao-investimento-de-r-82-mi\/#primaryimage\"},\"image\":{\"@id\":\"https:\/\/agenciainfra.com\/blog\/aeroportos-de-pe-arrematados-em-leilao-terao-investimento-de-r-82-mi\/#primaryimage\"},\"thumbnailUrl\":\"https:\/\/agenciainfra.com\/blog\/wp-content\/uploads\/2025\/12\/aeroporto-em-pernambuco-foto-mpor.jpg\",\"datePublished\":\"2025-12-03T23:29:02+00:00\",\"dateModified\":\"2025-12-03T23:29:04+00:00\",\"breadcrumb\":{\"@id\":\"https:\/\/agenciainfra.com\/blog\/aeroportos-de-pe-arrematados-em-leilao-terao-investimento-de-r-82-mi\/#breadcrumb\"},\"inLanguage\":\"pt-BR\",\"potentialAction\":[{\"@type\":\"ReadAction\",\"target\":[\"https:\/\/agenciainfra.com\/blog\/aeroportos-de-pe-arrematados-em-leilao-terao-investimento-de-r-82-mi\/\"]}]},{\"@type\":\"ImageObject\",\"inLanguage\":\"pt-BR\",\"@id\":\"https:\/\/agenciainfra.com\/blog\/aeroportos-de-pe-arrematados-em-leilao-terao-investimento-de-r-82-mi\/#primaryimage\",\"url\":\"https:\/\/agenciainfra.com\/blog\/wp-content\/uploads\/2025\/12\/aeroporto-em-pernambuco-foto-mpor.jpg\",\"contentUrl\":\"https:\/\/agenciainfra.com\/blog\/wp-content\/uploads\/2025\/12\/aeroporto-em-pernambuco-foto-mpor.jpg\",\"width\":1280,\"height\":960,\"caption\":\"Foto: MPor\"},{\"@type\":\"BreadcrumbList\",\"@id\":\"https:\/\/agenciainfra.com\/blog\/aeroportos-de-pe-arrematados-em-leilao-terao-investimento-de-r-82-mi\/#breadcrumb\",\"itemListElement\":[{\"@type\":\"ListItem\",\"position\":1,\"name\":\"In\u00edcio\",\"item\":\"https:\/\/agenciainfra.com\/blog\/\"},{\"@type\":\"ListItem\",\"position\":2,\"name\":\"Aeroportos de PE arrematados em leil\u00e3o ter\u00e3o investimento de R$ 82 mi\"}]},{\"@type\":\"WebSite\",\"@id\":\"https:\/\/agenciainfra.com\/blog\/#website\",\"url\":\"https:\/\/agenciainfra.com\/blog\/\",\"name\":\"Ag\u00eancia iNFRA\",\"description\":\"Multiplataforma de informa\u00e7\u00e3o jornal\u00edstica refer\u00eancia na \u00e1rea de infraestrutura no Brasil!\",\"publisher\":{\"@id\":\"https:\/\/agenciainfra.com\/blog\/#organization\"},\"potentialAction\":[{\"@type\":\"SearchAction\",\"target\":{\"@type\":\"EntryPoint\",\"urlTemplate\":\"https:\/\/agenciainfra.com\/blog\/?s={search_term_string}\"},\"query-input\":{\"@type\":\"PropertyValueSpecification\",\"valueRequired\":true,\"valueName\":\"search_term_string\"}}],\"inLanguage\":\"pt-BR\"},{\"@type\":\"Organization\",\"@id\":\"https:\/\/agenciainfra.com\/blog\/#organization\",\"name\":\"Ag\u00eancia iNFRA\",\"url\":\"https:\/\/agenciainfra.com\/blog\/\",\"logo\":{\"@type\":\"ImageObject\",\"inLanguage\":\"pt-BR\",\"@id\":\"https:\/\/agenciainfra.com\/blog\/#\/schema\/logo\/image\/\",\"url\":\"https:\/\/agenciainfra.com\/blog\/wp-content\/uploads\/2023\/09\/iNFRA_5-e1761735885940.png\",\"contentUrl\":\"https:\/\/agenciainfra.com\/blog\/wp-content\/uploads\/2023\/09\/iNFRA_5-e1761735885940.png\",\"width\":1672,\"height\":454,\"caption\":\"Ag\u00eancia iNFRA\"},\"image\":{\"@id\":\"https:\/\/agenciainfra.com\/blog\/#\/schema\/logo\/image\/\"},\"sameAs\":[\"https:\/\/www.facebook.com\/ageninfra\",\"https:\/\/x.com\/agencia_infra\",\"https:\/\/www.linkedin.com\/company\/ag\u00eanciainfra\/\",\"https:\/\/www.instagram.com\/agenciainfra\/\"]},{\"@type\":\"Person\",\"@id\":\"https:\/\/agenciainfra.com\/blog\/#\/schema\/person\/34af08dff6adea4cb22b06612ba7acfa\",\"name\":\"Ag\u00eancia iNFRA\",\"image\":{\"@type\":\"ImageObject\",\"inLanguage\":\"pt-BR\",\"@id\":\"https:\/\/agenciainfra.com\/blog\/#\/schema\/person\/image\/\",\"url\":\"https:\/\/secure.gravatar.com\/avatar\/d189e01678f06d8eb84d4e01f08eb848b3fffe3f8443818d3c356c66892f5be8?s=96&d=mm&r=g\",\"contentUrl\":\"https:\/\/secure.gravatar.com\/avatar\/d189e01678f06d8eb84d4e01f08eb848b3fffe3f8443818d3c356c66892f5be8?s=96&d=mm&r=g\",\"caption\":\"Ag\u00eancia iNFRA\"},\"url\":\"https:\/\/agenciainfra.com\/blog\/author\/admin\/\"}]}<\/script>\n<!-- \/ Yoast SEO Premium plugin. -->","yoast_head_json":{"title":"Aeroportos de PE arrematados em leil\u00e3o ter\u00e3o investimento de R$ 82 mi - Ag\u00eancia iNFRA","robots":{"index":"index","follow":"follow","max-snippet":"max-snippet:-1","max-image-preview":"max-image-preview:large","max-video-preview":"max-video-preview:-1"},"canonical":"https:\/\/agenciainfra.com\/blog\/aeroportos-de-pe-arrematados-em-leilao-terao-investimento-de-r-82-mi\/","og_locale":"pt_BR","og_type":"article","og_title":"Aeroportos de PE arrematados em leil\u00e3o ter\u00e3o investimento de R$ 82 mi","og_description":"da Ag\u00eancia iNFRA Os tr\u00eas aeroportos regionais de Pernambuco \u2014 Araripina, Serra Talhada e Garanhuns \u2014 ter\u00e3o um pacote de investimentos de R$ 82,2 milh\u00f5es ap\u00f3s serem arrematados no leil\u00e3o do Programa AmpliAR, realizado pelo MPor (Minist\u00e9rio de Portos e Aeroportos) no fim de novembro. A gest\u00e3o dos terminais ficar\u00e1 a cargo da mesma concession\u00e1ria [&hellip;]","og_url":"https:\/\/agenciainfra.com\/blog\/aeroportos-de-pe-arrematados-em-leilao-terao-investimento-de-r-82-mi\/","og_site_name":"Ag\u00eancia iNFRA","article_publisher":"https:\/\/www.facebook.com\/ageninfra","article_published_time":"2025-12-03T23:29:02+00:00","article_modified_time":"2025-12-03T23:29:04+00:00","og_image":[{"width":1280,"height":960,"url":"https:\/\/agenciainfra.com\/blog\/wp-content\/uploads\/2025\/12\/aeroporto-em-pernambuco-foto-mpor.jpg","type":"image\/jpeg"}],"author":"Ag\u00eancia iNFRA","twitter_card":"summary_large_image","twitter_creator":"@agencia_infra","twitter_site":"@agencia_infra","twitter_misc":{"Escrito por":"Ag\u00eancia iNFRA","Est. tempo de leitura":"1 minuto"},"schema":{"@context":"https:\/\/schema.org","@graph":[{"@type":"Article","@id":"https:\/\/agenciainfra.com\/blog\/aeroportos-de-pe-arrematados-em-leilao-terao-investimento-de-r-82-mi\/#article","isPartOf":{"@id":"https:\/\/agenciainfra.com\/blog\/aeroportos-de-pe-arrematados-em-leilao-terao-investimento-de-r-82-mi\/"},"author":{"name":"Ag\u00eancia iNFRA","@id":"https:\/\/agenciainfra.com\/blog\/#\/schema\/person\/34af08dff6adea4cb22b06612ba7acfa"},"headline":"Aeroportos de PE arrematados em leil\u00e3o ter\u00e3o investimento de R$ 82 mi","datePublished":"2025-12-03T23:29:02+00:00","dateModified":"2025-12-03T23:29:04+00:00","mainEntityOfPage":{"@id":"https:\/\/agenciainfra.com\/blog\/aeroportos-de-pe-arrematados-em-leilao-terao-investimento-de-r-82-mi\/"},"wordCount":311,"publisher":{"@id":"https:\/\/agenciainfra.com\/blog\/#organization"},"image":{"@id":"https:\/\/agenciainfra.com\/blog\/aeroportos-de-pe-arrematados-em-leilao-terao-investimento-de-r-82-mi\/#primaryimage"},"thumbnailUrl":"https:\/\/agenciainfra.com\/blog\/wp-content\/uploads\/2025\/12\/aeroporto-em-pernambuco-foto-mpor.jpg","keywords":["Aeroportos de PE","Investimentos","leil\u00e3o","Minist\u00e9rio de Portos e Aeroportos","Programa AmpliAR"],"articleSection":["Giro iNFRA"],"inLanguage":"pt-BR","copyrightYear":"2025","copyrightHolder":{"@id":"https:\/\/agenciainfra.com\/blog\/#organization"}},{"@type":"WebPage","@id":"https:\/\/agenciainfra.com\/blog\/aeroportos-de-pe-arrematados-em-leilao-terao-investimento-de-r-82-mi\/","url":"https:\/\/agenciainfra.com\/blog\/aeroportos-de-pe-arrematados-em-leilao-terao-investimento-de-r-82-mi\/","name":"Aeroportos de PE arrematados em leil\u00e3o ter\u00e3o investimento de R$ 82 mi - Ag\u00eancia iNFRA","isPartOf":{"@id":"https:\/\/agenciainfra.com\/blog\/#website"},"primaryImageOfPage":{"@id":"https:\/\/agenciainfra.com\/blog\/aeroportos-de-pe-arrematados-em-leilao-terao-investimento-de-r-82-mi\/#primaryimage"},"image":{"@id":"https:\/\/agenciainfra.com\/blog\/aeroportos-de-pe-arrematados-em-leilao-terao-investimento-de-r-82-mi\/#primaryimage"},"thumbnailUrl":"https:\/\/agenciainfra.com\/blog\/wp-content\/uploads\/2025\/12\/aeroporto-em-pernambuco-foto-mpor.jpg","datePublished":"2025-12-03T23:29:02+00:00","dateModified":"2025-12-03T23:29:04+00:00","breadcrumb":{"@id":"https:\/\/agenciainfra.com\/blog\/aeroportos-de-pe-arrematados-em-leilao-terao-investimento-de-r-82-mi\/#breadcrumb"},"inLanguage":"pt-BR","potentialAction":[{"@type":"ReadAction","target":["https:\/\/agenciainfra.com\/blog\/aeroportos-de-pe-arrematados-em-leilao-terao-investimento-de-r-82-mi\/"]}]},{"@type":"ImageObject","inLanguage":"pt-BR","@id":"https:\/\/agenciainfra.com\/blog\/aeroportos-de-pe-arrematados-em-leilao-terao-investimento-de-r-82-mi\/#primaryimage","url":"https:\/\/agenciainfra.com\/blog\/wp-content\/uploads\/2025\/12\/aeroporto-em-pernambuco-foto-mpor.jpg","contentUrl":"https:\/\/agenciainfra.com\/blog\/wp-content\/uploads\/2025\/12\/aeroporto-em-pernambuco-foto-mpor.jpg","width":1280,"height":960,"caption":"Foto: MPor"},{"@type":"BreadcrumbList","@id":"https:\/\/agenciainfra.com\/blog\/aeroportos-de-pe-arrematados-em-leilao-terao-investimento-de-r-82-mi\/#breadcrumb","itemListElement":[{"@type":"ListItem","position":1,"name":"In\u00edcio","item":"https:\/\/agenciainfra.com\/blog\/"},{"@type":"ListItem","position":2,"name":"Aeroportos de PE arrematados em leil\u00e3o ter\u00e3o investimento de R$ 82 mi"}]},{"@type":"WebSite","@id":"https:\/\/agenciainfra.com\/blog\/#website","url":"https:\/\/agenciainfra.com\/blog\/","name":"Ag\u00eancia iNFRA","description":"Multiplataforma de informa\u00e7\u00e3o jornal\u00edstica refer\u00eancia na \u00e1rea de infraestrutura no Brasil!","publisher":{"@id":"https:\/\/agenciainfra.com\/blog\/#organization"},"potentialAction":[{"@type":"SearchAction","target":{"@type":"EntryPoint","urlTemplate":"https:\/\/agenciainfra.com\/blog\/?s={search_term_string}"},"query-input":{"@type":"PropertyValueSpecification","valueRequired":true,"valueName":"search_term_string"}}],"inLanguage":"pt-BR"},{"@type":"Organization","@id":"https:\/\/agenciainfra.com\/blog\/#organization","name":"Ag\u00eancia iNFRA","url":"https:\/\/agenciainfra.com\/blog\/","logo":{"@type":"ImageObject","inLanguage":"pt-BR","@id":"https:\/\/agenciainfra.com\/blog\/#\/schema\/logo\/image\/","url":"https:\/\/agenciainfra.com\/blog\/wp-content\/uploads\/2023\/09\/iNFRA_5-e1761735885940.png","contentUrl":"https:\/\/agenciainfra.com\/blog\/wp-content\/uploads\/2023\/09\/iNFRA_5-e1761735885940.png","width":1672,"height":454,"caption":"Ag\u00eancia iNFRA"},"image":{"@id":"https:\/\/agenciainfra.com\/blog\/#\/schema\/logo\/image\/"},"sameAs":["https:\/\/www.facebook.com\/ageninfra","https:\/\/x.com\/agencia_infra","https:\/\/www.linkedin.com\/company\/ag\u00eanciainfra\/","https:\/\/www.instagram.com\/agenciainfra\/"]},{"@type":"Person","@id":"https:\/\/agenciainfra.com\/blog\/#\/schema\/person\/34af08dff6adea4cb22b06612ba7acfa","name":"Ag\u00eancia iNFRA","image":{"@type":"ImageObject","inLanguage":"pt-BR","@id":"https:\/\/agenciainfra.com\/blog\/#\/schema\/person\/image\/","url":"https:\/\/secure.gravatar.com\/avatar\/d189e01678f06d8eb84d4e01f08eb848b3fffe3f8443818d3c356c66892f5be8?s=96&d=mm&r=g","contentUrl":"https:\/\/secure.gravatar.com\/avatar\/d189e01678f06d8eb84d4e01f08eb848b3fffe3f8443818d3c356c66892f5be8?s=96&d=mm&r=g","caption":"Ag\u00eancia iNFRA"},"url":"https:\/\/agenciainfra.com\/blog\/author\/admin\/"}]}},"_links":{"self":[{"href":"https:\/\/agenciainfra.com\/blog\/wp-json\/wp\/v2\/posts\/33283","targetHints":{"allow":["GET"]}}],"collection":[{"href":"https:\/\/agenciainfra.com\/blog\/wp-json\/wp\/v2\/posts"}],"about":[{"href":"https:\/\/agenciainfra.com\/blog\/wp-json\/wp\/v2\/types\/post"}],"author":[{"embeddable":true,"href":"https:\/\/agenciainfra.com\/blog\/wp-json\/wp\/v2\/users\/1"}],"replies":[{"embeddable":true,"href":"https:\/\/agenciainfra.com\/blog\/wp-json\/wp\/v2\/comments?post=33283"}],"version-history":[{"count":1,"href":"https:\/\/agenciainfra.com\/blog\/wp-json\/wp\/v2\/posts\/33283\/revisions"}],"predecessor-version":[{"id":33286,"href":"https:\/\/agenciainfra.com\/blog\/wp-json\/wp\/v2\/posts\/33283\/revisions\/33286"}],"wp:featuredmedia":[{"embeddable":true,"href":"https:\/\/agenciainfra.com\/blog\/wp-json\/wp\/v2\/media\/33285"}],"wp:attachment":[{"href":"https:\/\/agenciainfra.com\/blog\/wp-json\/wp\/v2\/media?parent=33283"}],"wp:term":[{"taxonomy":"category","embeddable":true,"href":"https:\/\/agenciainfra.com\/blog\/wp-json\/wp\/v2\/categories?post=33283"},{"taxonomy":"post_tag","embeddable":true,"href":"https:\/\/agenciainfra.com\/blog\/wp-json\/wp\/v2\/tags?post=33283"}],"curies":[{"name":"wp","href":"https:\/\/api.w.org\/{rel}","templated":true}]}}