{"id":3330,"date":"2019-06-21T08:00:51","date_gmt":"2019-06-21T11:00:51","guid":{"rendered":"http:\/\/www.agenciainfra.com\/blog\/?p=3330"},"modified":"2019-06-19T19:30:35","modified_gmt":"2019-06-19T22:30:35","slug":"relatorio-do-pl-do-risco-hidrologico-exclui-emendas-do-brasduto-e-da-cemig-e-tera-que-voltar-ao-senado-se-aprovado","status":"publish","type":"post","link":"https:\/\/agenciainfra.com\/blog\/relatorio-do-pl-do-risco-hidrologico-exclui-emendas-do-brasduto-e-da-cemig-e-tera-que-voltar-ao-senado-se-aprovado\/","title":{"rendered":"Relat\u00f3rio do PL do risco hidrol\u00f3gico exclui emendas do Brasduto e da Cemig e voltar\u00e1 ao Senado se aprovado"},"content":{"rendered":"<h5 style=\"text-align: right;\"><strong>Lucas Santin, da Ag\u00eancia iNFRA<\/strong><\/h5>\n<p>O relat\u00f3rio do PL 10.985 \u2013 que d\u00e1 solu\u00e7\u00e3o para a d\u00edvida de R$ 7 bilh\u00f5es do risco hidrol\u00f3gico \u2013 lido na \u00faltima ter\u00e7a-feira (18) na CME (Comiss\u00e3o de Minas e Energia) pelo deputado Benes Leoc\u00e1dio (PRB-RN) excluiu duas medidas que estavam no texto original aprovado pelos senadores no ano passado.<\/p>\n<p>Leoc\u00e1dio excluiu: 1) a emenda de cria\u00e7\u00e3o do Brasduto, um fundo para constru\u00e7\u00e3o de gasodutos com recursos do pr\u00e9-sal; e 2) o item que beneficiava a Cemig (Companhia Energ\u00e9tica de Minas Gerais), tratando da renova\u00e7\u00e3o de suas concess\u00f5es.<\/p>\n<p>Se o relat\u00f3rio for aprovado pela comiss\u00e3o de acordo com o parecer do relator, voltar\u00e1 ao Senado para nova aprecia\u00e7\u00e3o.<\/p>\n<p><strong>Daqui a duas semanas<\/strong><br \/>\nAp\u00f3s a leitura do relat\u00f3rio, o deputado \u00c9dio Lopes (PL-RR) solicitou que a discuss\u00e3o do PL 10.985 fosse adiada, impedindo a vota\u00e7\u00e3o do parecer. A discuss\u00e3o acerca do projeto foi ent\u00e3o prorrogada por duas sess\u00f5es, e retornar\u00e1 \u00e0 pauta daqui a duas semanas, j\u00e1 que pelo regimento h\u00e1 uma reuni\u00e3o ordin\u00e1ria semanal da CME.<\/p>\n<p>Segundo o deputado relator, houve discord\u00e2ncia a respeito da empresa mineira. \u201cA preocupa\u00e7\u00e3o do deputado \u00c9dio era exatamente a quest\u00e3o da Cemig. J\u00e1 falou comigo posteriormente, mas n\u00e3o tem altera\u00e7\u00e3o\u201d, disse, sinalizando que n\u00e3o ir\u00e1 alterar o relat\u00f3rio lido na ter\u00e7a. O projeto voltar\u00e1 \u00e0 pauta da comiss\u00e3o em duas semanas e, segundo Benes, ser\u00e1 votado.<\/p>\n<p><strong>Brasduto<\/strong><br \/>\nA cria\u00e7\u00e3o do Brasduto tamb\u00e9m ficou fora do parecer lido por Leoc\u00e1dio. \u201cNo nosso relat\u00f3rio inicial j\u00e1 exclu\u00eda. N\u00e3o mudou nada\u201d, disse o relator, lembrando do parecer feito por ele mesmo em abril passado, mas que ainda n\u00e3o havia sido lido na comiss\u00e3o.<\/p>\n<p>\u201cNa nossa vis\u00e3o, a cria\u00e7\u00e3o do Brasduto levar\u00e1 a inefici\u00eancias (&#8230;) H\u00e1 ainda a grande possibilidade de que alguns projetos [gasodutos] n\u00e3o atinjam estabilidade financeira, causando perdas de recursos do pr\u00e9-sal\u201d, afirmou o relator em seu discurso na comiss\u00e3o.<\/p>\n<p><strong>Acordos anteriores<\/strong><br \/>\nA expectativa do MME (Minist\u00e9rio de Minas e Energia) era que o PL 10.985 fosse aprovado com o texto original, como veio do Senado. Isso porque a solu\u00e7\u00e3o para o GSF (sigla em ingl\u00eas para o risco hidrol\u00f3gico) \u00e9 pauta priorit\u00e1ria em rela\u00e7\u00e3o ao setor el\u00e9trico, e manter o relat\u00f3rio sem altera\u00e7\u00f5es aceleraria sua tramita\u00e7\u00e3o.<\/p>\n<p>O governo combinou que os itens pol\u00eamicos, como as emendas do Brasduto e da Cemig, seriam vetados pela Presid\u00eancia da Rep\u00fablica.<\/p>\n<p>Mas houve um contato entre o ministro da Casa Civil, Onyx Lorenzoni, e o presidente da CME, Silas C\u00e2mara, em que o ministro disse que n\u00e3o cabe ao governo incluir ou excluir emendas em um projeto de lei, mas aos parlamentares. Isso alterou o pacto que j\u00e1 havia sido firmado entre o ministro de Minas e Energia, Bento Albuquerque, e o presidente da comiss\u00e3o, e o relat\u00f3rio foi ent\u00e3o apresentado sem as duas emendas pol\u00eamicas.<\/p>\n","protected":false},"excerpt":{"rendered":"<p>Lucas Santin, da Ag\u00eancia iNFRA O relat\u00f3rio do PL 10.985 \u2013 que d\u00e1 solu\u00e7\u00e3o para a d\u00edvida de R$ 7 bilh\u00f5es do risco hidrol\u00f3gico \u2013 lido na \u00faltima ter\u00e7a-feira (18) na CME (Comiss\u00e3o de Minas e Energia) pelo deputado Benes Leoc\u00e1dio (PRB-RN) excluiu duas medidas que estavam no texto original aprovado pelos senadores no ano [&hellip;]<\/p>\n","protected":false},"author":9,"featured_media":3334,"comment_status":"closed","ping_status":"closed","sticky":false,"template":"","format":"standard","meta":{"_monsterinsights_skip_tracking":false,"_monsterinsights_sitenote_active":false,"_monsterinsights_sitenote_note":"","_monsterinsights_sitenote_category":0,"footnotes":""},"categories":[10],"tags":[995,690,302,887,809,193],"class_list":["post-3330","post","type-post","status-publish","format-standard","has-post-thumbnail","hentry","category-infraenergia","tag-benes-leocadio","tag-brasduto","tag-cemig","tag-edio-lopes","tag-pl-10-985","tag-risco-hidrologico"],"yoast_head":"<!-- This site is optimized with the Yoast SEO Premium plugin v25.4 (Yoast SEO v26.0) - https:\/\/yoast.com\/wordpress\/plugins\/seo\/ -->\n<title>Relat\u00f3rio do PL do risco hidrol\u00f3gico exclui emendas do Brasduto e da Cemig e voltar\u00e1 ao Senado se aprovado - Ag\u00eancia iNFRA<\/title>\n<meta name=\"robots\" content=\"index, follow, max-snippet:-1, max-image-preview:large, max-video-preview:-1\" \/>\n<link rel=\"canonical\" href=\"https:\/\/agenciainfra.com\/blog\/relatorio-do-pl-do-risco-hidrologico-exclui-emendas-do-brasduto-e-da-cemig-e-tera-que-voltar-ao-senado-se-aprovado\/\" \/>\n<meta property=\"og:locale\" content=\"pt_BR\" \/>\n<meta property=\"og:type\" content=\"article\" \/>\n<meta property=\"og:title\" content=\"Relat\u00f3rio do PL do risco hidrol\u00f3gico exclui emendas do Brasduto e da Cemig e voltar\u00e1 ao Senado se aprovado\" \/>\n<meta property=\"og:description\" content=\"Lucas Santin, da Ag\u00eancia iNFRA O relat\u00f3rio do PL 10.985 \u2013 que d\u00e1 solu\u00e7\u00e3o para a d\u00edvida de R$ 7 bilh\u00f5es do risco hidrol\u00f3gico \u2013 lido na \u00faltima ter\u00e7a-feira (18) na CME (Comiss\u00e3o de Minas e Energia) pelo deputado Benes Leoc\u00e1dio (PRB-RN) excluiu duas medidas que estavam no texto original aprovado pelos senadores no ano [&hellip;]\" \/>\n<meta property=\"og:url\" content=\"https:\/\/agenciainfra.com\/blog\/relatorio-do-pl-do-risco-hidrologico-exclui-emendas-do-brasduto-e-da-cemig-e-tera-que-voltar-ao-senado-se-aprovado\/\" \/>\n<meta property=\"og:site_name\" content=\"Ag\u00eancia iNFRA\" \/>\n<meta property=\"article:publisher\" content=\"https:\/\/www.facebook.com\/ageninfra\" \/>\n<meta property=\"article:published_time\" content=\"2019-06-21T11:00:51+00:00\" \/>\n<meta property=\"og:image\" content=\"https:\/\/agenciainfra.com\/blog\/wp-content\/uploads\/2019\/06\/benes-leocadio-foto-cleia-viana-camara-dos-deputados.jpg\" \/>\n\t<meta property=\"og:image:width\" content=\"2764\" \/>\n\t<meta property=\"og:image:height\" content=\"1670\" \/>\n\t<meta property=\"og:image:type\" content=\"image\/jpeg\" \/>\n<meta name=\"author\" content=\"Rodrigo Zuquim\" \/>\n<meta name=\"twitter:card\" content=\"summary_large_image\" \/>\n<meta name=\"twitter:creator\" content=\"@agencia_infra\" \/>\n<meta name=\"twitter:site\" content=\"@agencia_infra\" \/>\n<meta name=\"twitter:label1\" content=\"Escrito por\" \/>\n\t<meta name=\"twitter:data1\" content=\"Rodrigo Zuquim\" \/>\n\t<meta name=\"twitter:label2\" content=\"Est. tempo de leitura\" \/>\n\t<meta name=\"twitter:data2\" content=\"3 minutos\" \/>\n<script type=\"application\/ld+json\" class=\"yoast-schema-graph\">{\"@context\":\"https:\/\/schema.org\",\"@graph\":[{\"@type\":\"Article\",\"@id\":\"https:\/\/agenciainfra.com\/blog\/relatorio-do-pl-do-risco-hidrologico-exclui-emendas-do-brasduto-e-da-cemig-e-tera-que-voltar-ao-senado-se-aprovado\/#article\",\"isPartOf\":{\"@id\":\"https:\/\/agenciainfra.com\/blog\/relatorio-do-pl-do-risco-hidrologico-exclui-emendas-do-brasduto-e-da-cemig-e-tera-que-voltar-ao-senado-se-aprovado\/\"},\"author\":{\"name\":\"Rodrigo Zuquim\",\"@id\":\"https:\/\/agenciainfra.com\/blog\/#\/schema\/person\/04dbb79bd6d8951f063da71f3e4c1eb1\"},\"headline\":\"Relat\u00f3rio do PL do risco hidrol\u00f3gico exclui emendas do Brasduto e da Cemig e voltar\u00e1 ao Senado se aprovado\",\"datePublished\":\"2019-06-21T11:00:51+00:00\",\"mainEntityOfPage\":{\"@id\":\"https:\/\/agenciainfra.com\/blog\/relatorio-do-pl-do-risco-hidrologico-exclui-emendas-do-brasduto-e-da-cemig-e-tera-que-voltar-ao-senado-se-aprovado\/\"},\"wordCount\":542,\"publisher\":{\"@id\":\"https:\/\/agenciainfra.com\/blog\/#organization\"},\"image\":{\"@id\":\"https:\/\/agenciainfra.com\/blog\/relatorio-do-pl-do-risco-hidrologico-exclui-emendas-do-brasduto-e-da-cemig-e-tera-que-voltar-ao-senado-se-aprovado\/#primaryimage\"},\"thumbnailUrl\":\"https:\/\/agenciainfra.com\/blog\/wp-content\/uploads\/2019\/06\/benes-leocadio-foto-cleia-viana-camara-dos-deputados.jpg\",\"keywords\":[\"Benes Leoc\u00e1dio\",\"Brasduto\",\"CEMIG\",\"\u00c9dio Lopes\",\"PL 10.985\",\"risco hidrol\u00f3gico\"],\"articleSection\":[\"iNFRAEnergia\"],\"inLanguage\":\"pt-BR\",\"copyrightYear\":\"2019\",\"copyrightHolder\":{\"@id\":\"https:\/\/agenciainfra.com\/blog\/#organization\"}},{\"@type\":\"WebPage\",\"@id\":\"https:\/\/agenciainfra.com\/blog\/relatorio-do-pl-do-risco-hidrologico-exclui-emendas-do-brasduto-e-da-cemig-e-tera-que-voltar-ao-senado-se-aprovado\/\",\"url\":\"https:\/\/agenciainfra.com\/blog\/relatorio-do-pl-do-risco-hidrologico-exclui-emendas-do-brasduto-e-da-cemig-e-tera-que-voltar-ao-senado-se-aprovado\/\",\"name\":\"Relat\u00f3rio do PL do risco hidrol\u00f3gico exclui emendas do Brasduto e da Cemig e voltar\u00e1 ao Senado se aprovado - Ag\u00eancia iNFRA\",\"isPartOf\":{\"@id\":\"https:\/\/agenciainfra.com\/blog\/#website\"},\"primaryImageOfPage\":{\"@id\":\"https:\/\/agenciainfra.com\/blog\/relatorio-do-pl-do-risco-hidrologico-exclui-emendas-do-brasduto-e-da-cemig-e-tera-que-voltar-ao-senado-se-aprovado\/#primaryimage\"},\"image\":{\"@id\":\"https:\/\/agenciainfra.com\/blog\/relatorio-do-pl-do-risco-hidrologico-exclui-emendas-do-brasduto-e-da-cemig-e-tera-que-voltar-ao-senado-se-aprovado\/#primaryimage\"},\"thumbnailUrl\":\"https:\/\/agenciainfra.com\/blog\/wp-content\/uploads\/2019\/06\/benes-leocadio-foto-cleia-viana-camara-dos-deputados.jpg\",\"datePublished\":\"2019-06-21T11:00:51+00:00\",\"breadcrumb\":{\"@id\":\"https:\/\/agenciainfra.com\/blog\/relatorio-do-pl-do-risco-hidrologico-exclui-emendas-do-brasduto-e-da-cemig-e-tera-que-voltar-ao-senado-se-aprovado\/#breadcrumb\"},\"inLanguage\":\"pt-BR\",\"potentialAction\":[{\"@type\":\"ReadAction\",\"target\":[\"https:\/\/agenciainfra.com\/blog\/relatorio-do-pl-do-risco-hidrologico-exclui-emendas-do-brasduto-e-da-cemig-e-tera-que-voltar-ao-senado-se-aprovado\/\"]}]},{\"@type\":\"ImageObject\",\"inLanguage\":\"pt-BR\",\"@id\":\"https:\/\/agenciainfra.com\/blog\/relatorio-do-pl-do-risco-hidrologico-exclui-emendas-do-brasduto-e-da-cemig-e-tera-que-voltar-ao-senado-se-aprovado\/#primaryimage\",\"url\":\"https:\/\/agenciainfra.com\/blog\/wp-content\/uploads\/2019\/06\/benes-leocadio-foto-cleia-viana-camara-dos-deputados.jpg\",\"contentUrl\":\"https:\/\/agenciainfra.com\/blog\/wp-content\/uploads\/2019\/06\/benes-leocadio-foto-cleia-viana-camara-dos-deputados.jpg\",\"width\":2764,\"height\":1670},{\"@type\":\"BreadcrumbList\",\"@id\":\"https:\/\/agenciainfra.com\/blog\/relatorio-do-pl-do-risco-hidrologico-exclui-emendas-do-brasduto-e-da-cemig-e-tera-que-voltar-ao-senado-se-aprovado\/#breadcrumb\",\"itemListElement\":[{\"@type\":\"ListItem\",\"position\":1,\"name\":\"In\u00edcio\",\"item\":\"https:\/\/agenciainfra.com\/blog\/\"},{\"@type\":\"ListItem\",\"position\":2,\"name\":\"Relat\u00f3rio do PL do risco hidrol\u00f3gico exclui emendas do Brasduto e da Cemig e voltar\u00e1 ao Senado se aprovado\"}]},{\"@type\":\"WebSite\",\"@id\":\"https:\/\/agenciainfra.com\/blog\/#website\",\"url\":\"https:\/\/agenciainfra.com\/blog\/\",\"name\":\"Ag\u00eancia iNFRA\",\"description\":\"Multiplataforma de informa\u00e7\u00e3o jornal\u00edstica refer\u00eancia na \u00e1rea de infraestrutura no Brasil!\",\"publisher\":{\"@id\":\"https:\/\/agenciainfra.com\/blog\/#organization\"},\"potentialAction\":[{\"@type\":\"SearchAction\",\"target\":{\"@type\":\"EntryPoint\",\"urlTemplate\":\"https:\/\/agenciainfra.com\/blog\/?s={search_term_string}\"},\"query-input\":{\"@type\":\"PropertyValueSpecification\",\"valueRequired\":true,\"valueName\":\"search_term_string\"}}],\"inLanguage\":\"pt-BR\"},{\"@type\":\"Organization\",\"@id\":\"https:\/\/agenciainfra.com\/blog\/#organization\",\"name\":\"Ag\u00eancia iNFRA\",\"url\":\"https:\/\/agenciainfra.com\/blog\/\",\"logo\":{\"@type\":\"ImageObject\",\"inLanguage\":\"pt-BR\",\"@id\":\"https:\/\/agenciainfra.com\/blog\/#\/schema\/logo\/image\/\",\"url\":\"https:\/\/agenciainfra.com\/blog\/wp-content\/uploads\/2023\/09\/iNFRA_5-e1761735885940.png\",\"contentUrl\":\"https:\/\/agenciainfra.com\/blog\/wp-content\/uploads\/2023\/09\/iNFRA_5-e1761735885940.png\",\"width\":1672,\"height\":454,\"caption\":\"Ag\u00eancia iNFRA\"},\"image\":{\"@id\":\"https:\/\/agenciainfra.com\/blog\/#\/schema\/logo\/image\/\"},\"sameAs\":[\"https:\/\/www.facebook.com\/ageninfra\",\"https:\/\/x.com\/agencia_infra\",\"https:\/\/www.linkedin.com\/company\/ag\u00eanciainfra\/\",\"https:\/\/www.instagram.com\/agenciainfra\/\"]},{\"@type\":\"Person\",\"@id\":\"https:\/\/agenciainfra.com\/blog\/#\/schema\/person\/04dbb79bd6d8951f063da71f3e4c1eb1\",\"name\":\"Rodrigo Zuquim\",\"image\":{\"@type\":\"ImageObject\",\"inLanguage\":\"pt-BR\",\"@id\":\"https:\/\/agenciainfra.com\/blog\/#\/schema\/person\/image\/\",\"url\":\"https:\/\/secure.gravatar.com\/avatar\/594abfe82761d620726242ff34ca472a705a4b97f16c790053a6b4c4035274d0?s=96&d=mm&r=g\",\"contentUrl\":\"https:\/\/secure.gravatar.com\/avatar\/594abfe82761d620726242ff34ca472a705a4b97f16c790053a6b4c4035274d0?s=96&d=mm&r=g\",\"caption\":\"Rodrigo Zuquim\"},\"url\":\"https:\/\/agenciainfra.com\/blog\/author\/rodrigo-zuquim\/\"}]}<\/script>\n<!-- \/ Yoast SEO Premium plugin. -->","yoast_head_json":{"title":"Relat\u00f3rio do PL do risco hidrol\u00f3gico exclui emendas do Brasduto e da Cemig e voltar\u00e1 ao Senado se aprovado - Ag\u00eancia iNFRA","robots":{"index":"index","follow":"follow","max-snippet":"max-snippet:-1","max-image-preview":"max-image-preview:large","max-video-preview":"max-video-preview:-1"},"canonical":"https:\/\/agenciainfra.com\/blog\/relatorio-do-pl-do-risco-hidrologico-exclui-emendas-do-brasduto-e-da-cemig-e-tera-que-voltar-ao-senado-se-aprovado\/","og_locale":"pt_BR","og_type":"article","og_title":"Relat\u00f3rio do PL do risco hidrol\u00f3gico exclui emendas do Brasduto e da Cemig e voltar\u00e1 ao Senado se aprovado","og_description":"Lucas Santin, da Ag\u00eancia iNFRA O relat\u00f3rio do PL 10.985 \u2013 que d\u00e1 solu\u00e7\u00e3o para a d\u00edvida de R$ 7 bilh\u00f5es do risco hidrol\u00f3gico \u2013 lido na \u00faltima ter\u00e7a-feira (18) na CME (Comiss\u00e3o de Minas e Energia) pelo deputado Benes Leoc\u00e1dio (PRB-RN) excluiu duas medidas que estavam no texto original aprovado pelos senadores no ano [&hellip;]","og_url":"https:\/\/agenciainfra.com\/blog\/relatorio-do-pl-do-risco-hidrologico-exclui-emendas-do-brasduto-e-da-cemig-e-tera-que-voltar-ao-senado-se-aprovado\/","og_site_name":"Ag\u00eancia iNFRA","article_publisher":"https:\/\/www.facebook.com\/ageninfra","article_published_time":"2019-06-21T11:00:51+00:00","og_image":[{"width":2764,"height":1670,"url":"https:\/\/agenciainfra.com\/blog\/wp-content\/uploads\/2019\/06\/benes-leocadio-foto-cleia-viana-camara-dos-deputados.jpg","type":"image\/jpeg"}],"author":"Rodrigo Zuquim","twitter_card":"summary_large_image","twitter_creator":"@agencia_infra","twitter_site":"@agencia_infra","twitter_misc":{"Escrito por":"Rodrigo Zuquim","Est. tempo de leitura":"3 minutos"},"schema":{"@context":"https:\/\/schema.org","@graph":[{"@type":"Article","@id":"https:\/\/agenciainfra.com\/blog\/relatorio-do-pl-do-risco-hidrologico-exclui-emendas-do-brasduto-e-da-cemig-e-tera-que-voltar-ao-senado-se-aprovado\/#article","isPartOf":{"@id":"https:\/\/agenciainfra.com\/blog\/relatorio-do-pl-do-risco-hidrologico-exclui-emendas-do-brasduto-e-da-cemig-e-tera-que-voltar-ao-senado-se-aprovado\/"},"author":{"name":"Rodrigo Zuquim","@id":"https:\/\/agenciainfra.com\/blog\/#\/schema\/person\/04dbb79bd6d8951f063da71f3e4c1eb1"},"headline":"Relat\u00f3rio do PL do risco hidrol\u00f3gico exclui emendas do Brasduto e da Cemig e voltar\u00e1 ao Senado se aprovado","datePublished":"2019-06-21T11:00:51+00:00","mainEntityOfPage":{"@id":"https:\/\/agenciainfra.com\/blog\/relatorio-do-pl-do-risco-hidrologico-exclui-emendas-do-brasduto-e-da-cemig-e-tera-que-voltar-ao-senado-se-aprovado\/"},"wordCount":542,"publisher":{"@id":"https:\/\/agenciainfra.com\/blog\/#organization"},"image":{"@id":"https:\/\/agenciainfra.com\/blog\/relatorio-do-pl-do-risco-hidrologico-exclui-emendas-do-brasduto-e-da-cemig-e-tera-que-voltar-ao-senado-se-aprovado\/#primaryimage"},"thumbnailUrl":"https:\/\/agenciainfra.com\/blog\/wp-content\/uploads\/2019\/06\/benes-leocadio-foto-cleia-viana-camara-dos-deputados.jpg","keywords":["Benes Leoc\u00e1dio","Brasduto","CEMIG","\u00c9dio Lopes","PL 10.985","risco hidrol\u00f3gico"],"articleSection":["iNFRAEnergia"],"inLanguage":"pt-BR","copyrightYear":"2019","copyrightHolder":{"@id":"https:\/\/agenciainfra.com\/blog\/#organization"}},{"@type":"WebPage","@id":"https:\/\/agenciainfra.com\/blog\/relatorio-do-pl-do-risco-hidrologico-exclui-emendas-do-brasduto-e-da-cemig-e-tera-que-voltar-ao-senado-se-aprovado\/","url":"https:\/\/agenciainfra.com\/blog\/relatorio-do-pl-do-risco-hidrologico-exclui-emendas-do-brasduto-e-da-cemig-e-tera-que-voltar-ao-senado-se-aprovado\/","name":"Relat\u00f3rio do PL do risco hidrol\u00f3gico exclui emendas do Brasduto e da Cemig e voltar\u00e1 ao Senado se aprovado - Ag\u00eancia iNFRA","isPartOf":{"@id":"https:\/\/agenciainfra.com\/blog\/#website"},"primaryImageOfPage":{"@id":"https:\/\/agenciainfra.com\/blog\/relatorio-do-pl-do-risco-hidrologico-exclui-emendas-do-brasduto-e-da-cemig-e-tera-que-voltar-ao-senado-se-aprovado\/#primaryimage"},"image":{"@id":"https:\/\/agenciainfra.com\/blog\/relatorio-do-pl-do-risco-hidrologico-exclui-emendas-do-brasduto-e-da-cemig-e-tera-que-voltar-ao-senado-se-aprovado\/#primaryimage"},"thumbnailUrl":"https:\/\/agenciainfra.com\/blog\/wp-content\/uploads\/2019\/06\/benes-leocadio-foto-cleia-viana-camara-dos-deputados.jpg","datePublished":"2019-06-21T11:00:51+00:00","breadcrumb":{"@id":"https:\/\/agenciainfra.com\/blog\/relatorio-do-pl-do-risco-hidrologico-exclui-emendas-do-brasduto-e-da-cemig-e-tera-que-voltar-ao-senado-se-aprovado\/#breadcrumb"},"inLanguage":"pt-BR","potentialAction":[{"@type":"ReadAction","target":["https:\/\/agenciainfra.com\/blog\/relatorio-do-pl-do-risco-hidrologico-exclui-emendas-do-brasduto-e-da-cemig-e-tera-que-voltar-ao-senado-se-aprovado\/"]}]},{"@type":"ImageObject","inLanguage":"pt-BR","@id":"https:\/\/agenciainfra.com\/blog\/relatorio-do-pl-do-risco-hidrologico-exclui-emendas-do-brasduto-e-da-cemig-e-tera-que-voltar-ao-senado-se-aprovado\/#primaryimage","url":"https:\/\/agenciainfra.com\/blog\/wp-content\/uploads\/2019\/06\/benes-leocadio-foto-cleia-viana-camara-dos-deputados.jpg","contentUrl":"https:\/\/agenciainfra.com\/blog\/wp-content\/uploads\/2019\/06\/benes-leocadio-foto-cleia-viana-camara-dos-deputados.jpg","width":2764,"height":1670},{"@type":"BreadcrumbList","@id":"https:\/\/agenciainfra.com\/blog\/relatorio-do-pl-do-risco-hidrologico-exclui-emendas-do-brasduto-e-da-cemig-e-tera-que-voltar-ao-senado-se-aprovado\/#breadcrumb","itemListElement":[{"@type":"ListItem","position":1,"name":"In\u00edcio","item":"https:\/\/agenciainfra.com\/blog\/"},{"@type":"ListItem","position":2,"name":"Relat\u00f3rio do PL do risco hidrol\u00f3gico exclui emendas do Brasduto e da Cemig e voltar\u00e1 ao Senado se aprovado"}]},{"@type":"WebSite","@id":"https:\/\/agenciainfra.com\/blog\/#website","url":"https:\/\/agenciainfra.com\/blog\/","name":"Ag\u00eancia iNFRA","description":"Multiplataforma de informa\u00e7\u00e3o jornal\u00edstica refer\u00eancia na \u00e1rea de infraestrutura no Brasil!","publisher":{"@id":"https:\/\/agenciainfra.com\/blog\/#organization"},"potentialAction":[{"@type":"SearchAction","target":{"@type":"EntryPoint","urlTemplate":"https:\/\/agenciainfra.com\/blog\/?s={search_term_string}"},"query-input":{"@type":"PropertyValueSpecification","valueRequired":true,"valueName":"search_term_string"}}],"inLanguage":"pt-BR"},{"@type":"Organization","@id":"https:\/\/agenciainfra.com\/blog\/#organization","name":"Ag\u00eancia iNFRA","url":"https:\/\/agenciainfra.com\/blog\/","logo":{"@type":"ImageObject","inLanguage":"pt-BR","@id":"https:\/\/agenciainfra.com\/blog\/#\/schema\/logo\/image\/","url":"https:\/\/agenciainfra.com\/blog\/wp-content\/uploads\/2023\/09\/iNFRA_5-e1761735885940.png","contentUrl":"https:\/\/agenciainfra.com\/blog\/wp-content\/uploads\/2023\/09\/iNFRA_5-e1761735885940.png","width":1672,"height":454,"caption":"Ag\u00eancia iNFRA"},"image":{"@id":"https:\/\/agenciainfra.com\/blog\/#\/schema\/logo\/image\/"},"sameAs":["https:\/\/www.facebook.com\/ageninfra","https:\/\/x.com\/agencia_infra","https:\/\/www.linkedin.com\/company\/ag\u00eanciainfra\/","https:\/\/www.instagram.com\/agenciainfra\/"]},{"@type":"Person","@id":"https:\/\/agenciainfra.com\/blog\/#\/schema\/person\/04dbb79bd6d8951f063da71f3e4c1eb1","name":"Rodrigo Zuquim","image":{"@type":"ImageObject","inLanguage":"pt-BR","@id":"https:\/\/agenciainfra.com\/blog\/#\/schema\/person\/image\/","url":"https:\/\/secure.gravatar.com\/avatar\/594abfe82761d620726242ff34ca472a705a4b97f16c790053a6b4c4035274d0?s=96&d=mm&r=g","contentUrl":"https:\/\/secure.gravatar.com\/avatar\/594abfe82761d620726242ff34ca472a705a4b97f16c790053a6b4c4035274d0?s=96&d=mm&r=g","caption":"Rodrigo Zuquim"},"url":"https:\/\/agenciainfra.com\/blog\/author\/rodrigo-zuquim\/"}]}},"_links":{"self":[{"href":"https:\/\/agenciainfra.com\/blog\/wp-json\/wp\/v2\/posts\/3330","targetHints":{"allow":["GET"]}}],"collection":[{"href":"https:\/\/agenciainfra.com\/blog\/wp-json\/wp\/v2\/posts"}],"about":[{"href":"https:\/\/agenciainfra.com\/blog\/wp-json\/wp\/v2\/types\/post"}],"author":[{"embeddable":true,"href":"https:\/\/agenciainfra.com\/blog\/wp-json\/wp\/v2\/users\/9"}],"replies":[{"embeddable":true,"href":"https:\/\/agenciainfra.com\/blog\/wp-json\/wp\/v2\/comments?post=3330"}],"version-history":[{"count":0,"href":"https:\/\/agenciainfra.com\/blog\/wp-json\/wp\/v2\/posts\/3330\/revisions"}],"wp:featuredmedia":[{"embeddable":true,"href":"https:\/\/agenciainfra.com\/blog\/wp-json\/wp\/v2\/media\/3334"}],"wp:attachment":[{"href":"https:\/\/agenciainfra.com\/blog\/wp-json\/wp\/v2\/media?parent=3330"}],"wp:term":[{"taxonomy":"category","embeddable":true,"href":"https:\/\/agenciainfra.com\/blog\/wp-json\/wp\/v2\/categories?post=3330"},{"taxonomy":"post_tag","embeddable":true,"href":"https:\/\/agenciainfra.com\/blog\/wp-json\/wp\/v2\/tags?post=3330"}],"curies":[{"name":"wp","href":"https:\/\/api.w.org\/{rel}","templated":true}]}}