{"id":33304,"date":"2025-12-04T12:00:00","date_gmt":"2025-12-04T15:00:00","guid":{"rendered":"https:\/\/agenciainfra.com\/blog\/?p=33304"},"modified":"2025-12-05T15:58:04","modified_gmt":"2025-12-05T18:58:04","slug":"rota-agro-central-ministerio-vai-reavaliar-impacto-de-ferrovias-na-concessao","status":"publish","type":"post","link":"https:\/\/agenciainfra.com\/blog\/rota-agro-central-ministerio-vai-reavaliar-impacto-de-ferrovias-na-concessao\/","title":{"rendered":"Rota Agro Central: Minist\u00e9rio vai reavaliar impacto de ferrovias na concess\u00e3o"},"content":{"rendered":"\n<p class=\"has-text-align-right\"><strong>Amanda Pupo, da Ag\u00eancia iNFRA<\/strong><\/p>\n\n\n\n<p>O Minist\u00e9rio dos Transportes, que tenta destravar uma carteira ferrovi\u00e1ria, vai reavaliar os estudos para conceder as rodovias da chamada Rota Agro Central, considerando efeitos da almejada malha de ferrovias no projeto. A modelagem contempla 887,6 quil\u00f4metros das BRs 070, 174 e 364, no Mato Grosso e em Rond\u00f4nia. A proposta seria julgada na quarta-feira (3) pelo TCU (Tribunal de Contas da Uni\u00e3o), mas teve a an\u00e1lise sobrestada a pedido da pasta. Veja o\u00a0<a href=\"https:\/\/agenciainfra.com\/blog\/wp-content\/uploads\/2025\/12\/013.045-2025-3-BZ-Concessao-da-Rota-Agro-Central.pdf\" target=\"_blank\" rel=\"noreferrer noopener\">ac\u00f3rd\u00e3o<\/a>.\u00a0\u00a0<br><br>Em of\u00edcio \u00e0 Corte, a Secretaria Nacional de Transporte Rodovi\u00e1rio do minist\u00e9rio afirmou que a solicita\u00e7\u00e3o tinha como fundamento, em primeiro lugar, as manifesta\u00e7\u00f5es recentes apresentadas pelo setor produtivo, \u201cque evidenciam a necessidade de aprofundamento da an\u00e1lise da atratividade log\u00edstica do empreendimento, especialmente \u00e0 luz\u00a0da carteira de projetos ferrovi\u00e1rios&#8221;. O cronograma de leil\u00f5es da pasta para o setor de ferrovias foi lan\u00e7ado oficialmente na semana passada.<br><br>Os segmentos da Rota Agro Central comp\u00f5em sistema importante de escoamento da produ\u00e7\u00e3o agr\u00edcola da regi\u00e3o e a concess\u00e3o est\u00e1 na carteira de projetos do minist\u00e9rio para 2026. Na \u00e1rea de influ\u00eancia dessas rodovias est\u00e3o dois projetos ferrovi\u00e1rios que o governo quer leiloar no pr\u00f3ximo ano: a Ferrogr\u00e3o, que liga Mato Grosso e Par\u00e1, e o Corredor Leste-Oeste, que seria formado por trilhos que iriam de Lucas do Rio Verde (MT) a Ilh\u00e9us (BA).\u00a0<br><br>Mas antes mesmo do pedido do Minist\u00e9rio dos Transportes ao TCU, a \u00e1rea t\u00e9cnica do tribunal, ao avaliar o projeto, j\u00e1 havia feito uma an\u00e1lise sobre a rela\u00e7\u00e3o desta concess\u00e3o com as aspira\u00e7\u00f5es ferrovi\u00e1rias da pasta. A avalia\u00e7\u00e3o da AudRodoviaAvia\u00e7\u00e3o (Unidade de Auditoria Especializada em Infraestrutura Rodovi\u00e1ria e de Avia\u00e7\u00e3o Civil), contudo, era de ressalva sobre os reais impactos das ferrovias nas proje\u00e7\u00f5es de tr\u00e1fego da Rota Agro Central.\u00a0<br><br>Segundo a \u00e1rea t\u00e9cnica, o projeto incorporou impactos negativos na proje\u00e7\u00e3o de receitas em fun\u00e7\u00e3o da expectativa de entrada em opera\u00e7\u00e3o de ferrovias \u201cem prazo n\u00e3o embasado na realidade dos fatos\u201d. \u201cEsses eventos futuros e incertos conduzem a menor disponibilidade de recursos para a execu\u00e7\u00e3o de investimentos, a exemplo da exclus\u00e3o de 154 km de terceiras faixas realizada na vers\u00e3o atual do projeto\u201d, afirmou a auditoria.\u00a0<br><br>Para os t\u00e9cnicos, um estudo &#8220;mais realista no que diz respeito ao momento de entrada em opera\u00e7\u00e3o das ferrovias e ao consequente impacto na redu\u00e7\u00e3o de tr\u00e1fego e arrecada\u00e7\u00e3o poderia trazer ao projeto equil\u00edbrio entre atratividade e benfeitorias&#8221;.\u00a0<br><br>Por isso, a AudRodoviaAvia\u00e7\u00e3o chegou a recomendar que a corte, ao julgar o projeto, determinasse \u00e0 ANTT (Ag\u00eancia Nacional de Transportes Terrestres) que alterasse os estudos para inserir 13,4 km de terceiras faixas no s\u00e9timo ano da concess\u00e3o e 20,5 km no oitavo ano, retirando-as da condi\u00e7\u00e3o de obras de gatilho.\u00a0<br><br>Queria ainda que o tribunal recomendasse \u00e0 ANTT que reduzisse a dist\u00e2ncia m\u00e9dia entre faixas adicionais em trechos longos de pista simples para minimizar comboios, reduzir risco de ultrapassagens perigosas e preju\u00edzos aos transportadores. Como o projeto no TCU foi sobrestado a pedido do Minist\u00e9rio, contudo, o relator, ministro\u00a0Benjamin Zymler, acabou n\u00e3o entrando no m\u00e9rito das orienta\u00e7\u00f5es da unidade t\u00e9cnica.\u00a0<br><br>\u201cO projeto em quest\u00e3o apresenta impactos diretos sobre um importante corredor log\u00edstico de exporta\u00e7\u00e3o, o que imp\u00f5e reavalia\u00e7\u00f5es quanto \u00e0 integra\u00e7\u00e3o intermodal, \u00e0 efici\u00eancia operacional e aos potenciais efeitos sobre os fluxos de escoamento da produ\u00e7\u00e3o agroindustrial&#8221;, observou o Minist\u00e9rio dos Transportes no pedido ao TCU.<br><br>&#8220;Considerando a amplitude e a relev\u00e2ncia dessas repercuss\u00f5es, entende-se prudente que a delibera\u00e7\u00e3o seja temporariamente sobrestada, de modo a permitir a conclus\u00e3o das an\u00e1lises t\u00e9cnicas em curso por esta Pasta e pelos demais \u00f3rg\u00e3os envolvidos e a avalia\u00e7\u00e3o quanto \u00e0 necessidade de eventuais adequa\u00e7\u00f5es no estudo\u201d, disse a pasta.\u00a0<br><br>O relat\u00f3rio final da minuta do projeto de concess\u00e3o da Rota Agro Central foi aprovado pela\u00a0ANTT em junho deste ano. Pela modelagem, o Capex estimado para o projeto foi de R$ 5,9 bilh\u00f5es, com Opex de R$ 3,5 bilh\u00f5es.\u00a0<br><br><strong>Transpar\u00eancia<\/strong><br>A corte tamb\u00e9m julgou nesta quarta uma auditoria do TCU que havia identificado\u00a0fragilidades na divulga\u00e7\u00e3o das obriga\u00e7\u00f5es contratuais e no acompanhamento do cumprimento dos PERs (Programas de Explora\u00e7\u00e3o de Rodovia) sob gest\u00e3o da ANTT. Como mostrou\u00a0<a href=\"https:\/\/agenciainfra.com\/blog\/rodovias-tcu-identifica-falhas-na-divulgacao-de-obrigacoes-contratuais\/\" target=\"_blank\" rel=\"noreferrer noopener\">reportagem<\/a>\u00a0da\u00a0<strong>Ag\u00eancia iNFRA<\/strong>, foram\u00a0quatro achados pela unidade t\u00e9cnica.<br><br>Entre outros pontos, o tribunal determinou que a ANTT, no prazo de 180 dias,\u00a0d\u00ea publicidade \u00e0 exist\u00eancia das bases de dados sobre a fiscaliza\u00e7\u00e3o e acompanhamento do cumprimento das obriga\u00e7\u00f5es contratuais das concession\u00e1rias (base do Sigicor), mediante revis\u00e3o do Plano de Dados Abertos 2025-2027. A ag\u00eancia tamb\u00e9m dever\u00e1 divulgar em\u00a0formato acess\u00edvel as informa\u00e7\u00f5es sobre as obriga\u00e7\u00f5es contratuais previstas nos PERs, bem como sobre o andamento e o cumprimento dessas obriga\u00e7\u00f5es.<br><br>Precisar\u00e1 tamb\u00e9m padronizar\u00a0as informa\u00e7\u00f5es sobre as concess\u00f5es rodovi\u00e1rias dispon\u00edveis em seu portal, contendo no m\u00ednimo:\u00a0<\/p>\n\n\n\n<ul class=\"wp-block-list\">\n<li>informa\u00e7\u00f5es gerais e hist\u00f3rico do contrato;<\/li>\n\n\n\n<li>se\u00e7\u00f5es e documentos dispon\u00edveis;<\/li>\n\n\n\n<li>documentos contratuais e de gest\u00e3o; e<\/li>\n\n\n\n<li>links de acesso a portais externos, pain\u00e9is e p\u00e1ginas internas.\u00a0<\/li>\n<\/ul>\n\n\n\n<p>Em nota, a ANTT informou ter atuado&nbsp;de forma colaborativa durante toda a auditoria que deu origem ao&nbsp;<a href=\"https:\/\/agenciainfra.com\/blog\/wp-content\/uploads\/2025\/12\/008.478-2025-2-JGO-ACOM-Exploracao-de-Rodovia.pdf\" target=\"_blank\" rel=\"noreferrer noopener\">ac\u00f3rd\u00e3o<\/a>, manifestando concord\u00e2ncia com os principais achados e demonstrando disposi\u00e7\u00e3o para adotar as melhorias recomendadas.<\/p>\n\n\n\n<p>A ag\u00eancia disse ainda que j\u00e1 iniciou a implementa\u00e7\u00e3o de diversas a\u00e7\u00f5es voltadas \u00e0 amplia\u00e7\u00e3o da transpar\u00eancia ativa, em especial no que se refere \u00e0 disponibiliza\u00e7\u00e3o de informa\u00e7\u00f5es sobre as obriga\u00e7\u00f5es contratuais das concession\u00e1rias, o acompanhamento das obras previstas nos PERs e a padroniza\u00e7\u00e3o dos dados p\u00fablicos sobre concess\u00f5es rodovi\u00e1rias.<\/p>\n\n\n\n<p>&#8220;Durante o desenvolvimento da auditoria, a ANTT apresentou ao Tribunal de Contas da Uni\u00e3o (TCU) as limita\u00e7\u00f5es or\u00e7ament\u00e1rias atualmente enfrentadas, bem como os impactos dessas restri\u00e7\u00f5es na velocidade de implanta\u00e7\u00e3o das melhorias propostas&#8221;, assinalou a ANTT.<\/p>\n\n\n\n<p>&#8220;Ainda assim, conforme destacado no pronunciamento da unidade t\u00e9cnica, &#8216;durante a auditoria, a Ag\u00eancia adotou uma postura colaborativa, mostrando abertura \u00e0s ideias apresentadas e empenho em aprimorar a transpar\u00eancia das informa\u00e7\u00f5es. Essa atitude proativa resultou em avan\u00e7os concretos, com o in\u00edcio da implementa\u00e7\u00e3o de solu\u00e7\u00f5es propostas no relat\u00f3rio. As iniciativas da ANTT refletem uma resposta direta e construtiva ao trabalho de fiscaliza\u00e7\u00e3o, evidenciando o impacto positivo do controle externo'&#8221;, concluiu a ag\u00eancia.&nbsp;<\/p>\n","protected":false},"excerpt":{"rendered":"<p>Amanda Pupo, da Ag\u00eancia iNFRA O Minist\u00e9rio dos Transportes, que tenta destravar uma carteira ferrovi\u00e1ria, vai reavaliar os estudos para conceder as rodovias da chamada Rota Agro Central, considerando efeitos da almejada malha de ferrovias no projeto. A modelagem contempla 887,6 quil\u00f4metros das BRs 070, 174 e 364, no Mato Grosso e em Rond\u00f4nia. A [&hellip;]<\/p>\n","protected":false},"author":1,"featured_media":2939,"comment_status":"closed","ping_status":"closed","sticky":false,"template":"","format":"standard","meta":{"_monsterinsights_skip_tracking":false,"_monsterinsights_sitenote_active":false,"_monsterinsights_sitenote_note":"","_monsterinsights_sitenote_category":0,"footnotes":""},"categories":[7250,7],"tags":[13354,19,11204,22,176,158,120,66,16,12799,17312,11380,126,13869],"class_list":["post-33304","post","type-post","status-publish","format-standard","has-post-thumbnail","hentry","category-destaque-lista","category-infratransporte","tag-amanda-pupo","tag-antt","tag-auditoria-tcu","tag-concessao","tag-concessoes-rodoviarias","tag-ferrograo","tag-ferrovias","tag-logistica","tag-ministerio-dos-transportes","tag-ministro-jorge-oliveira-tcu","tag-nota-antt","tag-obrigacoes-contratuais","tag-rodovias","tag-rota-agro-central"],"yoast_head":"<!-- This site is optimized with the Yoast SEO Premium plugin v25.4 (Yoast SEO v26.0) - https:\/\/yoast.com\/wordpress\/plugins\/seo\/ -->\n<title>Rota Agro Central: Minist\u00e9rio vai reavaliar impacto de ferrovias na concess\u00e3o - Ag\u00eancia iNFRA<\/title>\n<meta name=\"robots\" content=\"index, follow, max-snippet:-1, max-image-preview:large, max-video-preview:-1\" \/>\n<link rel=\"canonical\" href=\"https:\/\/agenciainfra.com\/blog\/rota-agro-central-ministerio-vai-reavaliar-impacto-de-ferrovias-na-concessao\/\" \/>\n<meta property=\"og:locale\" content=\"pt_BR\" \/>\n<meta property=\"og:type\" content=\"article\" \/>\n<meta property=\"og:title\" content=\"Rota Agro Central: Minist\u00e9rio vai reavaliar impacto de ferrovias na concess\u00e3o\" \/>\n<meta property=\"og:description\" content=\"Amanda Pupo, da Ag\u00eancia iNFRA O Minist\u00e9rio dos Transportes, que tenta destravar uma carteira ferrovi\u00e1ria, vai reavaliar os estudos para conceder as rodovias da chamada Rota Agro Central, considerando efeitos da almejada malha de ferrovias no projeto. A modelagem contempla 887,6 quil\u00f4metros das BRs 070, 174 e 364, no Mato Grosso e em Rond\u00f4nia. A [&hellip;]\" \/>\n<meta property=\"og:url\" content=\"https:\/\/agenciainfra.com\/blog\/rota-agro-central-ministerio-vai-reavaliar-impacto-de-ferrovias-na-concessao\/\" \/>\n<meta property=\"og:site_name\" content=\"Ag\u00eancia iNFRA\" \/>\n<meta property=\"article:publisher\" content=\"https:\/\/www.facebook.com\/ageninfra\" \/>\n<meta property=\"article:published_time\" content=\"2025-12-04T15:00:00+00:00\" \/>\n<meta property=\"article:modified_time\" content=\"2025-12-05T18:58:04+00:00\" \/>\n<meta property=\"og:image\" content=\"https:\/\/agenciainfra.com\/blog\/wp-content\/uploads\/2019\/02\/rodovia-beth-santos-secretaria-geral-da-pr.jpg\" \/>\n\t<meta property=\"og:image:width\" content=\"1140\" \/>\n\t<meta property=\"og:image:height\" content=\"760\" \/>\n\t<meta property=\"og:image:type\" content=\"image\/jpeg\" \/>\n<meta name=\"author\" content=\"Ag\u00eancia iNFRA\" \/>\n<meta name=\"twitter:card\" content=\"summary_large_image\" \/>\n<meta name=\"twitter:creator\" content=\"@agencia_infra\" \/>\n<meta name=\"twitter:site\" content=\"@agencia_infra\" \/>\n<meta name=\"twitter:label1\" content=\"Escrito por\" \/>\n\t<meta name=\"twitter:data1\" content=\"Ag\u00eancia iNFRA\" \/>\n\t<meta name=\"twitter:label2\" content=\"Est. tempo de leitura\" \/>\n\t<meta name=\"twitter:data2\" content=\"6 minutos\" \/>\n<script type=\"application\/ld+json\" class=\"yoast-schema-graph\">{\"@context\":\"https:\/\/schema.org\",\"@graph\":[{\"@type\":\"Article\",\"@id\":\"https:\/\/agenciainfra.com\/blog\/rota-agro-central-ministerio-vai-reavaliar-impacto-de-ferrovias-na-concessao\/#article\",\"isPartOf\":{\"@id\":\"https:\/\/agenciainfra.com\/blog\/rota-agro-central-ministerio-vai-reavaliar-impacto-de-ferrovias-na-concessao\/\"},\"author\":{\"name\":\"Ag\u00eancia iNFRA\",\"@id\":\"https:\/\/agenciainfra.com\/blog\/#\/schema\/person\/34af08dff6adea4cb22b06612ba7acfa\"},\"headline\":\"Rota Agro Central: Minist\u00e9rio vai reavaliar impacto de ferrovias na concess\u00e3o\",\"datePublished\":\"2025-12-04T15:00:00+00:00\",\"dateModified\":\"2025-12-05T18:58:04+00:00\",\"mainEntityOfPage\":{\"@id\":\"https:\/\/agenciainfra.com\/blog\/rota-agro-central-ministerio-vai-reavaliar-impacto-de-ferrovias-na-concessao\/\"},\"wordCount\":1147,\"publisher\":{\"@id\":\"https:\/\/agenciainfra.com\/blog\/#organization\"},\"image\":{\"@id\":\"https:\/\/agenciainfra.com\/blog\/rota-agro-central-ministerio-vai-reavaliar-impacto-de-ferrovias-na-concessao\/#primaryimage\"},\"thumbnailUrl\":\"https:\/\/agenciainfra.com\/blog\/wp-content\/uploads\/2019\/02\/rodovia-beth-santos-secretaria-geral-da-pr.jpg\",\"keywords\":[\"Amanda Pupo\",\"ANTT\",\"Auditoria TCU\",\"Concess\u00e3o\",\"concess\u00f5es rodovi\u00e1rias\",\"Ferrogr\u00e3o\",\"Ferrovias\",\"log\u00edstica\",\"minist\u00e9rio dos transportes\",\"ministro jorge oliveira tcu\",\"nota antt\",\"obriga\u00e7\u00f5es contratuais\",\"rodovias\",\"rota agro central\"],\"articleSection\":[\"Destaque lista\",\"iNFRATransporte\"],\"inLanguage\":\"pt-BR\",\"copyrightYear\":\"2025\",\"copyrightHolder\":{\"@id\":\"https:\/\/agenciainfra.com\/blog\/#organization\"}},{\"@type\":\"WebPage\",\"@id\":\"https:\/\/agenciainfra.com\/blog\/rota-agro-central-ministerio-vai-reavaliar-impacto-de-ferrovias-na-concessao\/\",\"url\":\"https:\/\/agenciainfra.com\/blog\/rota-agro-central-ministerio-vai-reavaliar-impacto-de-ferrovias-na-concessao\/\",\"name\":\"Rota Agro Central: Minist\u00e9rio vai reavaliar impacto de ferrovias na concess\u00e3o - Ag\u00eancia iNFRA\",\"isPartOf\":{\"@id\":\"https:\/\/agenciainfra.com\/blog\/#website\"},\"primaryImageOfPage\":{\"@id\":\"https:\/\/agenciainfra.com\/blog\/rota-agro-central-ministerio-vai-reavaliar-impacto-de-ferrovias-na-concessao\/#primaryimage\"},\"image\":{\"@id\":\"https:\/\/agenciainfra.com\/blog\/rota-agro-central-ministerio-vai-reavaliar-impacto-de-ferrovias-na-concessao\/#primaryimage\"},\"thumbnailUrl\":\"https:\/\/agenciainfra.com\/blog\/wp-content\/uploads\/2019\/02\/rodovia-beth-santos-secretaria-geral-da-pr.jpg\",\"datePublished\":\"2025-12-04T15:00:00+00:00\",\"dateModified\":\"2025-12-05T18:58:04+00:00\",\"breadcrumb\":{\"@id\":\"https:\/\/agenciainfra.com\/blog\/rota-agro-central-ministerio-vai-reavaliar-impacto-de-ferrovias-na-concessao\/#breadcrumb\"},\"inLanguage\":\"pt-BR\",\"potentialAction\":[{\"@type\":\"ReadAction\",\"target\":[\"https:\/\/agenciainfra.com\/blog\/rota-agro-central-ministerio-vai-reavaliar-impacto-de-ferrovias-na-concessao\/\"]}]},{\"@type\":\"ImageObject\",\"inLanguage\":\"pt-BR\",\"@id\":\"https:\/\/agenciainfra.com\/blog\/rota-agro-central-ministerio-vai-reavaliar-impacto-de-ferrovias-na-concessao\/#primaryimage\",\"url\":\"https:\/\/agenciainfra.com\/blog\/wp-content\/uploads\/2019\/02\/rodovia-beth-santos-secretaria-geral-da-pr.jpg\",\"contentUrl\":\"https:\/\/agenciainfra.com\/blog\/wp-content\/uploads\/2019\/02\/rodovia-beth-santos-secretaria-geral-da-pr.jpg\",\"width\":1140,\"height\":760,\"caption\":\"Foto: Beth Santos\/Secretaria-Geral da PR\"},{\"@type\":\"BreadcrumbList\",\"@id\":\"https:\/\/agenciainfra.com\/blog\/rota-agro-central-ministerio-vai-reavaliar-impacto-de-ferrovias-na-concessao\/#breadcrumb\",\"itemListElement\":[{\"@type\":\"ListItem\",\"position\":1,\"name\":\"In\u00edcio\",\"item\":\"https:\/\/agenciainfra.com\/blog\/\"},{\"@type\":\"ListItem\",\"position\":2,\"name\":\"Rota Agro Central: Minist\u00e9rio vai reavaliar impacto de ferrovias na concess\u00e3o\"}]},{\"@type\":\"WebSite\",\"@id\":\"https:\/\/agenciainfra.com\/blog\/#website\",\"url\":\"https:\/\/agenciainfra.com\/blog\/\",\"name\":\"Ag\u00eancia iNFRA\",\"description\":\"Multiplataforma de informa\u00e7\u00e3o jornal\u00edstica refer\u00eancia na \u00e1rea de infraestrutura no Brasil!\",\"publisher\":{\"@id\":\"https:\/\/agenciainfra.com\/blog\/#organization\"},\"potentialAction\":[{\"@type\":\"SearchAction\",\"target\":{\"@type\":\"EntryPoint\",\"urlTemplate\":\"https:\/\/agenciainfra.com\/blog\/?s={search_term_string}\"},\"query-input\":{\"@type\":\"PropertyValueSpecification\",\"valueRequired\":true,\"valueName\":\"search_term_string\"}}],\"inLanguage\":\"pt-BR\"},{\"@type\":\"Organization\",\"@id\":\"https:\/\/agenciainfra.com\/blog\/#organization\",\"name\":\"Ag\u00eancia iNFRA\",\"url\":\"https:\/\/agenciainfra.com\/blog\/\",\"logo\":{\"@type\":\"ImageObject\",\"inLanguage\":\"pt-BR\",\"@id\":\"https:\/\/agenciainfra.com\/blog\/#\/schema\/logo\/image\/\",\"url\":\"https:\/\/agenciainfra.com\/blog\/wp-content\/uploads\/2023\/09\/iNFRA_5-e1761735885940.png\",\"contentUrl\":\"https:\/\/agenciainfra.com\/blog\/wp-content\/uploads\/2023\/09\/iNFRA_5-e1761735885940.png\",\"width\":1672,\"height\":454,\"caption\":\"Ag\u00eancia iNFRA\"},\"image\":{\"@id\":\"https:\/\/agenciainfra.com\/blog\/#\/schema\/logo\/image\/\"},\"sameAs\":[\"https:\/\/www.facebook.com\/ageninfra\",\"https:\/\/x.com\/agencia_infra\",\"https:\/\/www.linkedin.com\/company\/ag\u00eanciainfra\/\",\"https:\/\/www.instagram.com\/agenciainfra\/\"]},{\"@type\":\"Person\",\"@id\":\"https:\/\/agenciainfra.com\/blog\/#\/schema\/person\/34af08dff6adea4cb22b06612ba7acfa\",\"name\":\"Ag\u00eancia iNFRA\",\"image\":{\"@type\":\"ImageObject\",\"inLanguage\":\"pt-BR\",\"@id\":\"https:\/\/agenciainfra.com\/blog\/#\/schema\/person\/image\/\",\"url\":\"https:\/\/secure.gravatar.com\/avatar\/d189e01678f06d8eb84d4e01f08eb848b3fffe3f8443818d3c356c66892f5be8?s=96&d=mm&r=g\",\"contentUrl\":\"https:\/\/secure.gravatar.com\/avatar\/d189e01678f06d8eb84d4e01f08eb848b3fffe3f8443818d3c356c66892f5be8?s=96&d=mm&r=g\",\"caption\":\"Ag\u00eancia iNFRA\"},\"url\":\"https:\/\/agenciainfra.com\/blog\/author\/admin\/\"}]}<\/script>\n<!-- \/ Yoast SEO Premium plugin. -->","yoast_head_json":{"title":"Rota Agro Central: Minist\u00e9rio vai reavaliar impacto de ferrovias na concess\u00e3o - Ag\u00eancia iNFRA","robots":{"index":"index","follow":"follow","max-snippet":"max-snippet:-1","max-image-preview":"max-image-preview:large","max-video-preview":"max-video-preview:-1"},"canonical":"https:\/\/agenciainfra.com\/blog\/rota-agro-central-ministerio-vai-reavaliar-impacto-de-ferrovias-na-concessao\/","og_locale":"pt_BR","og_type":"article","og_title":"Rota Agro Central: Minist\u00e9rio vai reavaliar impacto de ferrovias na concess\u00e3o","og_description":"Amanda Pupo, da Ag\u00eancia iNFRA O Minist\u00e9rio dos Transportes, que tenta destravar uma carteira ferrovi\u00e1ria, vai reavaliar os estudos para conceder as rodovias da chamada Rota Agro Central, considerando efeitos da almejada malha de ferrovias no projeto. A modelagem contempla 887,6 quil\u00f4metros das BRs 070, 174 e 364, no Mato Grosso e em Rond\u00f4nia. A [&hellip;]","og_url":"https:\/\/agenciainfra.com\/blog\/rota-agro-central-ministerio-vai-reavaliar-impacto-de-ferrovias-na-concessao\/","og_site_name":"Ag\u00eancia iNFRA","article_publisher":"https:\/\/www.facebook.com\/ageninfra","article_published_time":"2025-12-04T15:00:00+00:00","article_modified_time":"2025-12-05T18:58:04+00:00","og_image":[{"width":1140,"height":760,"url":"https:\/\/agenciainfra.com\/blog\/wp-content\/uploads\/2019\/02\/rodovia-beth-santos-secretaria-geral-da-pr.jpg","type":"image\/jpeg"}],"author":"Ag\u00eancia iNFRA","twitter_card":"summary_large_image","twitter_creator":"@agencia_infra","twitter_site":"@agencia_infra","twitter_misc":{"Escrito por":"Ag\u00eancia iNFRA","Est. tempo de leitura":"6 minutos"},"schema":{"@context":"https:\/\/schema.org","@graph":[{"@type":"Article","@id":"https:\/\/agenciainfra.com\/blog\/rota-agro-central-ministerio-vai-reavaliar-impacto-de-ferrovias-na-concessao\/#article","isPartOf":{"@id":"https:\/\/agenciainfra.com\/blog\/rota-agro-central-ministerio-vai-reavaliar-impacto-de-ferrovias-na-concessao\/"},"author":{"name":"Ag\u00eancia iNFRA","@id":"https:\/\/agenciainfra.com\/blog\/#\/schema\/person\/34af08dff6adea4cb22b06612ba7acfa"},"headline":"Rota Agro Central: Minist\u00e9rio vai reavaliar impacto de ferrovias na concess\u00e3o","datePublished":"2025-12-04T15:00:00+00:00","dateModified":"2025-12-05T18:58:04+00:00","mainEntityOfPage":{"@id":"https:\/\/agenciainfra.com\/blog\/rota-agro-central-ministerio-vai-reavaliar-impacto-de-ferrovias-na-concessao\/"},"wordCount":1147,"publisher":{"@id":"https:\/\/agenciainfra.com\/blog\/#organization"},"image":{"@id":"https:\/\/agenciainfra.com\/blog\/rota-agro-central-ministerio-vai-reavaliar-impacto-de-ferrovias-na-concessao\/#primaryimage"},"thumbnailUrl":"https:\/\/agenciainfra.com\/blog\/wp-content\/uploads\/2019\/02\/rodovia-beth-santos-secretaria-geral-da-pr.jpg","keywords":["Amanda Pupo","ANTT","Auditoria TCU","Concess\u00e3o","concess\u00f5es rodovi\u00e1rias","Ferrogr\u00e3o","Ferrovias","log\u00edstica","minist\u00e9rio dos transportes","ministro jorge oliveira tcu","nota antt","obriga\u00e7\u00f5es contratuais","rodovias","rota agro central"],"articleSection":["Destaque lista","iNFRATransporte"],"inLanguage":"pt-BR","copyrightYear":"2025","copyrightHolder":{"@id":"https:\/\/agenciainfra.com\/blog\/#organization"}},{"@type":"WebPage","@id":"https:\/\/agenciainfra.com\/blog\/rota-agro-central-ministerio-vai-reavaliar-impacto-de-ferrovias-na-concessao\/","url":"https:\/\/agenciainfra.com\/blog\/rota-agro-central-ministerio-vai-reavaliar-impacto-de-ferrovias-na-concessao\/","name":"Rota Agro Central: Minist\u00e9rio vai reavaliar impacto de ferrovias na concess\u00e3o - Ag\u00eancia iNFRA","isPartOf":{"@id":"https:\/\/agenciainfra.com\/blog\/#website"},"primaryImageOfPage":{"@id":"https:\/\/agenciainfra.com\/blog\/rota-agro-central-ministerio-vai-reavaliar-impacto-de-ferrovias-na-concessao\/#primaryimage"},"image":{"@id":"https:\/\/agenciainfra.com\/blog\/rota-agro-central-ministerio-vai-reavaliar-impacto-de-ferrovias-na-concessao\/#primaryimage"},"thumbnailUrl":"https:\/\/agenciainfra.com\/blog\/wp-content\/uploads\/2019\/02\/rodovia-beth-santos-secretaria-geral-da-pr.jpg","datePublished":"2025-12-04T15:00:00+00:00","dateModified":"2025-12-05T18:58:04+00:00","breadcrumb":{"@id":"https:\/\/agenciainfra.com\/blog\/rota-agro-central-ministerio-vai-reavaliar-impacto-de-ferrovias-na-concessao\/#breadcrumb"},"inLanguage":"pt-BR","potentialAction":[{"@type":"ReadAction","target":["https:\/\/agenciainfra.com\/blog\/rota-agro-central-ministerio-vai-reavaliar-impacto-de-ferrovias-na-concessao\/"]}]},{"@type":"ImageObject","inLanguage":"pt-BR","@id":"https:\/\/agenciainfra.com\/blog\/rota-agro-central-ministerio-vai-reavaliar-impacto-de-ferrovias-na-concessao\/#primaryimage","url":"https:\/\/agenciainfra.com\/blog\/wp-content\/uploads\/2019\/02\/rodovia-beth-santos-secretaria-geral-da-pr.jpg","contentUrl":"https:\/\/agenciainfra.com\/blog\/wp-content\/uploads\/2019\/02\/rodovia-beth-santos-secretaria-geral-da-pr.jpg","width":1140,"height":760,"caption":"Foto: Beth Santos\/Secretaria-Geral da PR"},{"@type":"BreadcrumbList","@id":"https:\/\/agenciainfra.com\/blog\/rota-agro-central-ministerio-vai-reavaliar-impacto-de-ferrovias-na-concessao\/#breadcrumb","itemListElement":[{"@type":"ListItem","position":1,"name":"In\u00edcio","item":"https:\/\/agenciainfra.com\/blog\/"},{"@type":"ListItem","position":2,"name":"Rota Agro Central: Minist\u00e9rio vai reavaliar impacto de ferrovias na concess\u00e3o"}]},{"@type":"WebSite","@id":"https:\/\/agenciainfra.com\/blog\/#website","url":"https:\/\/agenciainfra.com\/blog\/","name":"Ag\u00eancia iNFRA","description":"Multiplataforma de informa\u00e7\u00e3o jornal\u00edstica refer\u00eancia na \u00e1rea de infraestrutura no Brasil!","publisher":{"@id":"https:\/\/agenciainfra.com\/blog\/#organization"},"potentialAction":[{"@type":"SearchAction","target":{"@type":"EntryPoint","urlTemplate":"https:\/\/agenciainfra.com\/blog\/?s={search_term_string}"},"query-input":{"@type":"PropertyValueSpecification","valueRequired":true,"valueName":"search_term_string"}}],"inLanguage":"pt-BR"},{"@type":"Organization","@id":"https:\/\/agenciainfra.com\/blog\/#organization","name":"Ag\u00eancia iNFRA","url":"https:\/\/agenciainfra.com\/blog\/","logo":{"@type":"ImageObject","inLanguage":"pt-BR","@id":"https:\/\/agenciainfra.com\/blog\/#\/schema\/logo\/image\/","url":"https:\/\/agenciainfra.com\/blog\/wp-content\/uploads\/2023\/09\/iNFRA_5-e1761735885940.png","contentUrl":"https:\/\/agenciainfra.com\/blog\/wp-content\/uploads\/2023\/09\/iNFRA_5-e1761735885940.png","width":1672,"height":454,"caption":"Ag\u00eancia iNFRA"},"image":{"@id":"https:\/\/agenciainfra.com\/blog\/#\/schema\/logo\/image\/"},"sameAs":["https:\/\/www.facebook.com\/ageninfra","https:\/\/x.com\/agencia_infra","https:\/\/www.linkedin.com\/company\/ag\u00eanciainfra\/","https:\/\/www.instagram.com\/agenciainfra\/"]},{"@type":"Person","@id":"https:\/\/agenciainfra.com\/blog\/#\/schema\/person\/34af08dff6adea4cb22b06612ba7acfa","name":"Ag\u00eancia iNFRA","image":{"@type":"ImageObject","inLanguage":"pt-BR","@id":"https:\/\/agenciainfra.com\/blog\/#\/schema\/person\/image\/","url":"https:\/\/secure.gravatar.com\/avatar\/d189e01678f06d8eb84d4e01f08eb848b3fffe3f8443818d3c356c66892f5be8?s=96&d=mm&r=g","contentUrl":"https:\/\/secure.gravatar.com\/avatar\/d189e01678f06d8eb84d4e01f08eb848b3fffe3f8443818d3c356c66892f5be8?s=96&d=mm&r=g","caption":"Ag\u00eancia iNFRA"},"url":"https:\/\/agenciainfra.com\/blog\/author\/admin\/"}]}},"_links":{"self":[{"href":"https:\/\/agenciainfra.com\/blog\/wp-json\/wp\/v2\/posts\/33304","targetHints":{"allow":["GET"]}}],"collection":[{"href":"https:\/\/agenciainfra.com\/blog\/wp-json\/wp\/v2\/posts"}],"about":[{"href":"https:\/\/agenciainfra.com\/blog\/wp-json\/wp\/v2\/types\/post"}],"author":[{"embeddable":true,"href":"https:\/\/agenciainfra.com\/blog\/wp-json\/wp\/v2\/users\/1"}],"replies":[{"embeddable":true,"href":"https:\/\/agenciainfra.com\/blog\/wp-json\/wp\/v2\/comments?post=33304"}],"version-history":[{"count":1,"href":"https:\/\/agenciainfra.com\/blog\/wp-json\/wp\/v2\/posts\/33304\/revisions"}],"predecessor-version":[{"id":33305,"href":"https:\/\/agenciainfra.com\/blog\/wp-json\/wp\/v2\/posts\/33304\/revisions\/33305"}],"wp:featuredmedia":[{"embeddable":true,"href":"https:\/\/agenciainfra.com\/blog\/wp-json\/wp\/v2\/media\/2939"}],"wp:attachment":[{"href":"https:\/\/agenciainfra.com\/blog\/wp-json\/wp\/v2\/media?parent=33304"}],"wp:term":[{"taxonomy":"category","embeddable":true,"href":"https:\/\/agenciainfra.com\/blog\/wp-json\/wp\/v2\/categories?post=33304"},{"taxonomy":"post_tag","embeddable":true,"href":"https:\/\/agenciainfra.com\/blog\/wp-json\/wp\/v2\/tags?post=33304"}],"curies":[{"name":"wp","href":"https:\/\/api.w.org\/{rel}","templated":true}]}}