{"id":33313,"date":"2025-12-04T10:33:21","date_gmt":"2025-12-04T13:33:21","guid":{"rendered":"https:\/\/agenciainfra.com\/blog\/?p=33313"},"modified":"2025-12-05T08:07:37","modified_gmt":"2025-12-05T11:07:37","slug":"vale-vai-contestar-cobranca-de-r-730-milhoes-sobre-exportacao-de-minerio","status":"publish","type":"post","link":"https:\/\/agenciainfra.com\/blog\/vale-vai-contestar-cobranca-de-r-730-milhoes-sobre-exportacao-de-minerio\/","title":{"rendered":"Vale vai contestar cobran\u00e7a de R$ 730 milh\u00f5es sobre exporta\u00e7\u00e3o de min\u00e9rio"},"content":{"rendered":"\n<p class=\"has-text-align-right\"><strong>Rafael Bitencourt, da Ag\u00eancia iNFRA<\/strong><\/p>\n\n\n\n<p>A Vale informou nesta quinta-feira (4) que vai recorrer na Justi\u00e7a contra a cobran\u00e7a de royalty em mais de R$ 730 milh\u00f5es sobre exporta\u00e7\u00e3o de min\u00e9rio. Na quarta-feira (3), a AGU (Advocacia-Geral da Uni\u00e3o) havia informado que obteve senten\u00e7a favor\u00e1vel \u00e0 continuidade da cobran\u00e7a desse valor relacionado \u00e0 Cfem (Compensa\u00e7\u00e3o Financeira pela Explora\u00e7\u00e3o de Recursos Minerais).<\/p>\n\n\n\n<p>Em fato relevante, o vice-presidente de Finan\u00e7as e Rela\u00e7\u00f5es com Investidores da mineradora, Marcelo Bacci, esclareceu que a decis\u00e3o foi proferida em primeira inst\u00e2ncia, destacando que \u201cseu teor ser\u00e1 objeto de recursos cab\u00edveis\u201d.<\/p>\n\n\n\n<p>De acordo com a AGU, a decis\u00e3o foi proferida pela 9\u00aa Vara Federal de Execu\u00e7\u00e3o Fiscal do Rio de Janeiro. A corte julgou improcedentes os embargos apresentados pela mineradora e validou os c\u00e1lculos da ANM (Ag\u00eancia Nacional de Minera\u00e7\u00e3o).<\/p>\n\n\n\n<p>A briga judicial gira em torno da base de c\u00e1lculo da Cfem, considerada o royalty do setor. Neste caso, a ag\u00eancia leva em conta o valor da venda final dos produtos minerais exportados, e n\u00e3o o valor da transa\u00e7\u00e3o entre empresas do mesmo grupo econ\u00f4mico. Contudo, a Vale alegou que a contribui\u00e7\u00e3o deveria ser apurada sobre as vendas feitas pela holding brasileira \u00e0s subsidi\u00e1rias no exterior, argumentando que essas transa\u00e7\u00f5es refletem o valor real da exporta\u00e7\u00e3o.<\/p>\n\n\n\n<p>A mineradora, explica a AGU, ainda alegou que suas controladas no exterior seriam juridicamente aut\u00f4nomas. Portanto, sem que a ANM tenha compet\u00eancia para requisitar informa\u00e7\u00f5es dessas entidades estrangeiras.<\/p>\n\n\n\n<p>\u201cA companhia acredita que a referida decis\u00e3o contraria a atual legisla\u00e7\u00e3o da Cfem e de pre\u00e7os de transfer\u00eancia ao desconsiderar o pre\u00e7o determinado pela Secretaria da Receita Federal para as exporta\u00e7\u00f5es\u201d, destacou Bacci, no comunicado ao mercado.<\/p>\n\n\n\n<p>Ao explicar o teor da senten\u00e7a, a AGU destacou que foram acolhidos \u201cintegralmente\u201d os argumentos de que \u201ca Vale optou por estruturar opera\u00e7\u00f5es societ\u00e1rias complexas que n\u00e3o podem ser opostas ao Fisco quando implicam redu\u00e7\u00e3o indevida de receita sujeita \u00e0 compensa\u00e7\u00e3o\u201d. O magistrado teria ressaltado, ainda, que \u201cas controladas no exterior funcionavam como \u2018meros ve\u00edculos de passagem\u2019, sendo a venda efetiva realizada pela pr\u00f3pria Vale S.A. aos consumidores internacionais\u201d.<\/p>\n","protected":false},"excerpt":{"rendered":"<p>Rafael Bitencourt, da Ag\u00eancia iNFRA A Vale informou nesta quinta-feira (4) que vai recorrer na Justi\u00e7a contra a cobran\u00e7a de royalty em mais de R$ 730 milh\u00f5es sobre exporta\u00e7\u00e3o de min\u00e9rio. Na quarta-feira (3), a AGU (Advocacia-Geral da Uni\u00e3o) havia informado que obteve senten\u00e7a favor\u00e1vel \u00e0 continuidade da cobran\u00e7a desse valor relacionado \u00e0 Cfem (Compensa\u00e7\u00e3o [&hellip;]<\/p>\n","protected":false},"author":1,"featured_media":33316,"comment_status":"closed","ping_status":"closed","sticky":false,"template":"","format":"standard","meta":{"_monsterinsights_skip_tracking":false,"_monsterinsights_sitenote_active":false,"_monsterinsights_sitenote_note":"","_monsterinsights_sitenote_category":0,"footnotes":""},"categories":[7250,13239],"tags":[353,340,13139,17313,14697,13813,17130,83],"class_list":["post-33313","post","type-post","status-publish","format-standard","has-post-thumbnail","hentry","category-destaque-lista","category-mineracao","tag-agu","tag-anm","tag-cfem","tag-exportacao-de-minerio","tag-marcelo-bacci","tag-rafael-bitencourt","tag-royalty","tag-vale"],"yoast_head":"<!-- This site is optimized with the Yoast SEO Premium plugin v25.4 (Yoast SEO v26.0) - https:\/\/yoast.com\/wordpress\/plugins\/seo\/ -->\n<title>Vale vai contestar cobran\u00e7a de R$ 730 milh\u00f5es sobre exporta\u00e7\u00e3o de min\u00e9rio - Ag\u00eancia iNFRA<\/title>\n<meta name=\"robots\" content=\"index, follow, max-snippet:-1, max-image-preview:large, max-video-preview:-1\" \/>\n<link rel=\"canonical\" href=\"https:\/\/agenciainfra.com\/blog\/vale-vai-contestar-cobranca-de-r-730-milhoes-sobre-exportacao-de-minerio\/\" \/>\n<meta property=\"og:locale\" content=\"pt_BR\" \/>\n<meta property=\"og:type\" content=\"article\" \/>\n<meta property=\"og:title\" content=\"Vale vai contestar cobran\u00e7a de R$ 730 milh\u00f5es sobre exporta\u00e7\u00e3o de min\u00e9rio\" \/>\n<meta property=\"og:description\" content=\"Rafael Bitencourt, da Ag\u00eancia iNFRA A Vale informou nesta quinta-feira (4) que vai recorrer na Justi\u00e7a contra a cobran\u00e7a de royalty em mais de R$ 730 milh\u00f5es sobre exporta\u00e7\u00e3o de min\u00e9rio. Na quarta-feira (3), a AGU (Advocacia-Geral da Uni\u00e3o) havia informado que obteve senten\u00e7a favor\u00e1vel \u00e0 continuidade da cobran\u00e7a desse valor relacionado \u00e0 Cfem (Compensa\u00e7\u00e3o [&hellip;]\" \/>\n<meta property=\"og:url\" content=\"https:\/\/agenciainfra.com\/blog\/vale-vai-contestar-cobranca-de-r-730-milhoes-sobre-exportacao-de-minerio\/\" \/>\n<meta property=\"og:site_name\" content=\"Ag\u00eancia iNFRA\" \/>\n<meta property=\"article:publisher\" content=\"https:\/\/www.facebook.com\/ageninfra\" \/>\n<meta property=\"article:published_time\" content=\"2025-12-04T13:33:21+00:00\" \/>\n<meta property=\"article:modified_time\" content=\"2025-12-05T11:07:37+00:00\" \/>\n<meta property=\"og:image\" content=\"https:\/\/agenciainfra.com\/blog\/wp-content\/uploads\/2025\/12\/minerio-de-ferro-e-pelotas-foto-vale.jpg.jpeg\" \/>\n\t<meta property=\"og:image:width\" content=\"1170\" \/>\n\t<meta property=\"og:image:height\" content=\"700\" \/>\n\t<meta property=\"og:image:type\" content=\"image\/jpeg\" \/>\n<meta name=\"author\" content=\"Ag\u00eancia iNFRA\" \/>\n<meta name=\"twitter:card\" content=\"summary_large_image\" \/>\n<meta name=\"twitter:creator\" content=\"@agencia_infra\" \/>\n<meta name=\"twitter:site\" content=\"@agencia_infra\" \/>\n<meta name=\"twitter:label1\" content=\"Escrito por\" \/>\n\t<meta name=\"twitter:data1\" content=\"Ag\u00eancia iNFRA\" \/>\n\t<meta name=\"twitter:label2\" content=\"Est. tempo de leitura\" \/>\n\t<meta name=\"twitter:data2\" content=\"2 minutos\" \/>\n<script type=\"application\/ld+json\" class=\"yoast-schema-graph\">{\"@context\":\"https:\/\/schema.org\",\"@graph\":[{\"@type\":\"Article\",\"@id\":\"https:\/\/agenciainfra.com\/blog\/vale-vai-contestar-cobranca-de-r-730-milhoes-sobre-exportacao-de-minerio\/#article\",\"isPartOf\":{\"@id\":\"https:\/\/agenciainfra.com\/blog\/vale-vai-contestar-cobranca-de-r-730-milhoes-sobre-exportacao-de-minerio\/\"},\"author\":{\"name\":\"Ag\u00eancia iNFRA\",\"@id\":\"https:\/\/agenciainfra.com\/blog\/#\/schema\/person\/34af08dff6adea4cb22b06612ba7acfa\"},\"headline\":\"Vale vai contestar cobran\u00e7a de R$ 730 milh\u00f5es sobre exporta\u00e7\u00e3o de min\u00e9rio\",\"datePublished\":\"2025-12-04T13:33:21+00:00\",\"dateModified\":\"2025-12-05T11:07:37+00:00\",\"mainEntityOfPage\":{\"@id\":\"https:\/\/agenciainfra.com\/blog\/vale-vai-contestar-cobranca-de-r-730-milhoes-sobre-exportacao-de-minerio\/\"},\"wordCount\":400,\"publisher\":{\"@id\":\"https:\/\/agenciainfra.com\/blog\/#organization\"},\"image\":{\"@id\":\"https:\/\/agenciainfra.com\/blog\/vale-vai-contestar-cobranca-de-r-730-milhoes-sobre-exportacao-de-minerio\/#primaryimage\"},\"thumbnailUrl\":\"https:\/\/agenciainfra.com\/blog\/wp-content\/uploads\/2025\/12\/minerio-de-ferro-e-pelotas-foto-vale.jpg.jpeg\",\"keywords\":[\"AGU\",\"ANM\",\"CFEM\",\"exporta\u00e7\u00e3o de min\u00e9rio\",\"Marcelo Bacci\",\"Rafael Bitencourt\",\"royalty\",\"Vale\"],\"articleSection\":[\"Destaque lista\",\"Minera\u00e7\u00e3o\"],\"inLanguage\":\"pt-BR\",\"copyrightYear\":\"2025\",\"copyrightHolder\":{\"@id\":\"https:\/\/agenciainfra.com\/blog\/#organization\"}},{\"@type\":\"WebPage\",\"@id\":\"https:\/\/agenciainfra.com\/blog\/vale-vai-contestar-cobranca-de-r-730-milhoes-sobre-exportacao-de-minerio\/\",\"url\":\"https:\/\/agenciainfra.com\/blog\/vale-vai-contestar-cobranca-de-r-730-milhoes-sobre-exportacao-de-minerio\/\",\"name\":\"Vale vai contestar cobran\u00e7a de R$ 730 milh\u00f5es sobre exporta\u00e7\u00e3o de min\u00e9rio - Ag\u00eancia iNFRA\",\"isPartOf\":{\"@id\":\"https:\/\/agenciainfra.com\/blog\/#website\"},\"primaryImageOfPage\":{\"@id\":\"https:\/\/agenciainfra.com\/blog\/vale-vai-contestar-cobranca-de-r-730-milhoes-sobre-exportacao-de-minerio\/#primaryimage\"},\"image\":{\"@id\":\"https:\/\/agenciainfra.com\/blog\/vale-vai-contestar-cobranca-de-r-730-milhoes-sobre-exportacao-de-minerio\/#primaryimage\"},\"thumbnailUrl\":\"https:\/\/agenciainfra.com\/blog\/wp-content\/uploads\/2025\/12\/minerio-de-ferro-e-pelotas-foto-vale.jpg.jpeg\",\"datePublished\":\"2025-12-04T13:33:21+00:00\",\"dateModified\":\"2025-12-05T11:07:37+00:00\",\"breadcrumb\":{\"@id\":\"https:\/\/agenciainfra.com\/blog\/vale-vai-contestar-cobranca-de-r-730-milhoes-sobre-exportacao-de-minerio\/#breadcrumb\"},\"inLanguage\":\"pt-BR\",\"potentialAction\":[{\"@type\":\"ReadAction\",\"target\":[\"https:\/\/agenciainfra.com\/blog\/vale-vai-contestar-cobranca-de-r-730-milhoes-sobre-exportacao-de-minerio\/\"]}]},{\"@type\":\"ImageObject\",\"inLanguage\":\"pt-BR\",\"@id\":\"https:\/\/agenciainfra.com\/blog\/vale-vai-contestar-cobranca-de-r-730-milhoes-sobre-exportacao-de-minerio\/#primaryimage\",\"url\":\"https:\/\/agenciainfra.com\/blog\/wp-content\/uploads\/2025\/12\/minerio-de-ferro-e-pelotas-foto-vale.jpg.jpeg\",\"contentUrl\":\"https:\/\/agenciainfra.com\/blog\/wp-content\/uploads\/2025\/12\/minerio-de-ferro-e-pelotas-foto-vale.jpg.jpeg\",\"width\":1170,\"height\":700,\"caption\":\"Foto: Vale\"},{\"@type\":\"BreadcrumbList\",\"@id\":\"https:\/\/agenciainfra.com\/blog\/vale-vai-contestar-cobranca-de-r-730-milhoes-sobre-exportacao-de-minerio\/#breadcrumb\",\"itemListElement\":[{\"@type\":\"ListItem\",\"position\":1,\"name\":\"In\u00edcio\",\"item\":\"https:\/\/agenciainfra.com\/blog\/\"},{\"@type\":\"ListItem\",\"position\":2,\"name\":\"Vale vai contestar cobran\u00e7a de R$ 730 milh\u00f5es sobre exporta\u00e7\u00e3o de min\u00e9rio\"}]},{\"@type\":\"WebSite\",\"@id\":\"https:\/\/agenciainfra.com\/blog\/#website\",\"url\":\"https:\/\/agenciainfra.com\/blog\/\",\"name\":\"Ag\u00eancia iNFRA\",\"description\":\"Multiplataforma de informa\u00e7\u00e3o jornal\u00edstica refer\u00eancia na \u00e1rea de infraestrutura no Brasil!\",\"publisher\":{\"@id\":\"https:\/\/agenciainfra.com\/blog\/#organization\"},\"potentialAction\":[{\"@type\":\"SearchAction\",\"target\":{\"@type\":\"EntryPoint\",\"urlTemplate\":\"https:\/\/agenciainfra.com\/blog\/?s={search_term_string}\"},\"query-input\":{\"@type\":\"PropertyValueSpecification\",\"valueRequired\":true,\"valueName\":\"search_term_string\"}}],\"inLanguage\":\"pt-BR\"},{\"@type\":\"Organization\",\"@id\":\"https:\/\/agenciainfra.com\/blog\/#organization\",\"name\":\"Ag\u00eancia iNFRA\",\"url\":\"https:\/\/agenciainfra.com\/blog\/\",\"logo\":{\"@type\":\"ImageObject\",\"inLanguage\":\"pt-BR\",\"@id\":\"https:\/\/agenciainfra.com\/blog\/#\/schema\/logo\/image\/\",\"url\":\"https:\/\/agenciainfra.com\/blog\/wp-content\/uploads\/2023\/09\/iNFRA_5-e1761735885940.png\",\"contentUrl\":\"https:\/\/agenciainfra.com\/blog\/wp-content\/uploads\/2023\/09\/iNFRA_5-e1761735885940.png\",\"width\":1672,\"height\":454,\"caption\":\"Ag\u00eancia iNFRA\"},\"image\":{\"@id\":\"https:\/\/agenciainfra.com\/blog\/#\/schema\/logo\/image\/\"},\"sameAs\":[\"https:\/\/www.facebook.com\/ageninfra\",\"https:\/\/x.com\/agencia_infra\",\"https:\/\/www.linkedin.com\/company\/ag\u00eanciainfra\/\",\"https:\/\/www.instagram.com\/agenciainfra\/\"]},{\"@type\":\"Person\",\"@id\":\"https:\/\/agenciainfra.com\/blog\/#\/schema\/person\/34af08dff6adea4cb22b06612ba7acfa\",\"name\":\"Ag\u00eancia iNFRA\",\"image\":{\"@type\":\"ImageObject\",\"inLanguage\":\"pt-BR\",\"@id\":\"https:\/\/agenciainfra.com\/blog\/#\/schema\/person\/image\/\",\"url\":\"https:\/\/secure.gravatar.com\/avatar\/d189e01678f06d8eb84d4e01f08eb848b3fffe3f8443818d3c356c66892f5be8?s=96&d=mm&r=g\",\"contentUrl\":\"https:\/\/secure.gravatar.com\/avatar\/d189e01678f06d8eb84d4e01f08eb848b3fffe3f8443818d3c356c66892f5be8?s=96&d=mm&r=g\",\"caption\":\"Ag\u00eancia iNFRA\"},\"url\":\"https:\/\/agenciainfra.com\/blog\/author\/admin\/\"}]}<\/script>\n<!-- \/ Yoast SEO Premium plugin. -->","yoast_head_json":{"title":"Vale vai contestar cobran\u00e7a de R$ 730 milh\u00f5es sobre exporta\u00e7\u00e3o de min\u00e9rio - Ag\u00eancia iNFRA","robots":{"index":"index","follow":"follow","max-snippet":"max-snippet:-1","max-image-preview":"max-image-preview:large","max-video-preview":"max-video-preview:-1"},"canonical":"https:\/\/agenciainfra.com\/blog\/vale-vai-contestar-cobranca-de-r-730-milhoes-sobre-exportacao-de-minerio\/","og_locale":"pt_BR","og_type":"article","og_title":"Vale vai contestar cobran\u00e7a de R$ 730 milh\u00f5es sobre exporta\u00e7\u00e3o de min\u00e9rio","og_description":"Rafael Bitencourt, da Ag\u00eancia iNFRA A Vale informou nesta quinta-feira (4) que vai recorrer na Justi\u00e7a contra a cobran\u00e7a de royalty em mais de R$ 730 milh\u00f5es sobre exporta\u00e7\u00e3o de min\u00e9rio. Na quarta-feira (3), a AGU (Advocacia-Geral da Uni\u00e3o) havia informado que obteve senten\u00e7a favor\u00e1vel \u00e0 continuidade da cobran\u00e7a desse valor relacionado \u00e0 Cfem (Compensa\u00e7\u00e3o [&hellip;]","og_url":"https:\/\/agenciainfra.com\/blog\/vale-vai-contestar-cobranca-de-r-730-milhoes-sobre-exportacao-de-minerio\/","og_site_name":"Ag\u00eancia iNFRA","article_publisher":"https:\/\/www.facebook.com\/ageninfra","article_published_time":"2025-12-04T13:33:21+00:00","article_modified_time":"2025-12-05T11:07:37+00:00","og_image":[{"width":1170,"height":700,"url":"https:\/\/agenciainfra.com\/blog\/wp-content\/uploads\/2025\/12\/minerio-de-ferro-e-pelotas-foto-vale.jpg.jpeg","type":"image\/jpeg"}],"author":"Ag\u00eancia iNFRA","twitter_card":"summary_large_image","twitter_creator":"@agencia_infra","twitter_site":"@agencia_infra","twitter_misc":{"Escrito por":"Ag\u00eancia iNFRA","Est. tempo de leitura":"2 minutos"},"schema":{"@context":"https:\/\/schema.org","@graph":[{"@type":"Article","@id":"https:\/\/agenciainfra.com\/blog\/vale-vai-contestar-cobranca-de-r-730-milhoes-sobre-exportacao-de-minerio\/#article","isPartOf":{"@id":"https:\/\/agenciainfra.com\/blog\/vale-vai-contestar-cobranca-de-r-730-milhoes-sobre-exportacao-de-minerio\/"},"author":{"name":"Ag\u00eancia iNFRA","@id":"https:\/\/agenciainfra.com\/blog\/#\/schema\/person\/34af08dff6adea4cb22b06612ba7acfa"},"headline":"Vale vai contestar cobran\u00e7a de R$ 730 milh\u00f5es sobre exporta\u00e7\u00e3o de min\u00e9rio","datePublished":"2025-12-04T13:33:21+00:00","dateModified":"2025-12-05T11:07:37+00:00","mainEntityOfPage":{"@id":"https:\/\/agenciainfra.com\/blog\/vale-vai-contestar-cobranca-de-r-730-milhoes-sobre-exportacao-de-minerio\/"},"wordCount":400,"publisher":{"@id":"https:\/\/agenciainfra.com\/blog\/#organization"},"image":{"@id":"https:\/\/agenciainfra.com\/blog\/vale-vai-contestar-cobranca-de-r-730-milhoes-sobre-exportacao-de-minerio\/#primaryimage"},"thumbnailUrl":"https:\/\/agenciainfra.com\/blog\/wp-content\/uploads\/2025\/12\/minerio-de-ferro-e-pelotas-foto-vale.jpg.jpeg","keywords":["AGU","ANM","CFEM","exporta\u00e7\u00e3o de min\u00e9rio","Marcelo Bacci","Rafael Bitencourt","royalty","Vale"],"articleSection":["Destaque lista","Minera\u00e7\u00e3o"],"inLanguage":"pt-BR","copyrightYear":"2025","copyrightHolder":{"@id":"https:\/\/agenciainfra.com\/blog\/#organization"}},{"@type":"WebPage","@id":"https:\/\/agenciainfra.com\/blog\/vale-vai-contestar-cobranca-de-r-730-milhoes-sobre-exportacao-de-minerio\/","url":"https:\/\/agenciainfra.com\/blog\/vale-vai-contestar-cobranca-de-r-730-milhoes-sobre-exportacao-de-minerio\/","name":"Vale vai contestar cobran\u00e7a de R$ 730 milh\u00f5es sobre exporta\u00e7\u00e3o de min\u00e9rio - Ag\u00eancia iNFRA","isPartOf":{"@id":"https:\/\/agenciainfra.com\/blog\/#website"},"primaryImageOfPage":{"@id":"https:\/\/agenciainfra.com\/blog\/vale-vai-contestar-cobranca-de-r-730-milhoes-sobre-exportacao-de-minerio\/#primaryimage"},"image":{"@id":"https:\/\/agenciainfra.com\/blog\/vale-vai-contestar-cobranca-de-r-730-milhoes-sobre-exportacao-de-minerio\/#primaryimage"},"thumbnailUrl":"https:\/\/agenciainfra.com\/blog\/wp-content\/uploads\/2025\/12\/minerio-de-ferro-e-pelotas-foto-vale.jpg.jpeg","datePublished":"2025-12-04T13:33:21+00:00","dateModified":"2025-12-05T11:07:37+00:00","breadcrumb":{"@id":"https:\/\/agenciainfra.com\/blog\/vale-vai-contestar-cobranca-de-r-730-milhoes-sobre-exportacao-de-minerio\/#breadcrumb"},"inLanguage":"pt-BR","potentialAction":[{"@type":"ReadAction","target":["https:\/\/agenciainfra.com\/blog\/vale-vai-contestar-cobranca-de-r-730-milhoes-sobre-exportacao-de-minerio\/"]}]},{"@type":"ImageObject","inLanguage":"pt-BR","@id":"https:\/\/agenciainfra.com\/blog\/vale-vai-contestar-cobranca-de-r-730-milhoes-sobre-exportacao-de-minerio\/#primaryimage","url":"https:\/\/agenciainfra.com\/blog\/wp-content\/uploads\/2025\/12\/minerio-de-ferro-e-pelotas-foto-vale.jpg.jpeg","contentUrl":"https:\/\/agenciainfra.com\/blog\/wp-content\/uploads\/2025\/12\/minerio-de-ferro-e-pelotas-foto-vale.jpg.jpeg","width":1170,"height":700,"caption":"Foto: Vale"},{"@type":"BreadcrumbList","@id":"https:\/\/agenciainfra.com\/blog\/vale-vai-contestar-cobranca-de-r-730-milhoes-sobre-exportacao-de-minerio\/#breadcrumb","itemListElement":[{"@type":"ListItem","position":1,"name":"In\u00edcio","item":"https:\/\/agenciainfra.com\/blog\/"},{"@type":"ListItem","position":2,"name":"Vale vai contestar cobran\u00e7a de R$ 730 milh\u00f5es sobre exporta\u00e7\u00e3o de min\u00e9rio"}]},{"@type":"WebSite","@id":"https:\/\/agenciainfra.com\/blog\/#website","url":"https:\/\/agenciainfra.com\/blog\/","name":"Ag\u00eancia iNFRA","description":"Multiplataforma de informa\u00e7\u00e3o jornal\u00edstica refer\u00eancia na \u00e1rea de infraestrutura no Brasil!","publisher":{"@id":"https:\/\/agenciainfra.com\/blog\/#organization"},"potentialAction":[{"@type":"SearchAction","target":{"@type":"EntryPoint","urlTemplate":"https:\/\/agenciainfra.com\/blog\/?s={search_term_string}"},"query-input":{"@type":"PropertyValueSpecification","valueRequired":true,"valueName":"search_term_string"}}],"inLanguage":"pt-BR"},{"@type":"Organization","@id":"https:\/\/agenciainfra.com\/blog\/#organization","name":"Ag\u00eancia iNFRA","url":"https:\/\/agenciainfra.com\/blog\/","logo":{"@type":"ImageObject","inLanguage":"pt-BR","@id":"https:\/\/agenciainfra.com\/blog\/#\/schema\/logo\/image\/","url":"https:\/\/agenciainfra.com\/blog\/wp-content\/uploads\/2023\/09\/iNFRA_5-e1761735885940.png","contentUrl":"https:\/\/agenciainfra.com\/blog\/wp-content\/uploads\/2023\/09\/iNFRA_5-e1761735885940.png","width":1672,"height":454,"caption":"Ag\u00eancia iNFRA"},"image":{"@id":"https:\/\/agenciainfra.com\/blog\/#\/schema\/logo\/image\/"},"sameAs":["https:\/\/www.facebook.com\/ageninfra","https:\/\/x.com\/agencia_infra","https:\/\/www.linkedin.com\/company\/ag\u00eanciainfra\/","https:\/\/www.instagram.com\/agenciainfra\/"]},{"@type":"Person","@id":"https:\/\/agenciainfra.com\/blog\/#\/schema\/person\/34af08dff6adea4cb22b06612ba7acfa","name":"Ag\u00eancia iNFRA","image":{"@type":"ImageObject","inLanguage":"pt-BR","@id":"https:\/\/agenciainfra.com\/blog\/#\/schema\/person\/image\/","url":"https:\/\/secure.gravatar.com\/avatar\/d189e01678f06d8eb84d4e01f08eb848b3fffe3f8443818d3c356c66892f5be8?s=96&d=mm&r=g","contentUrl":"https:\/\/secure.gravatar.com\/avatar\/d189e01678f06d8eb84d4e01f08eb848b3fffe3f8443818d3c356c66892f5be8?s=96&d=mm&r=g","caption":"Ag\u00eancia iNFRA"},"url":"https:\/\/agenciainfra.com\/blog\/author\/admin\/"}]}},"_links":{"self":[{"href":"https:\/\/agenciainfra.com\/blog\/wp-json\/wp\/v2\/posts\/33313","targetHints":{"allow":["GET"]}}],"collection":[{"href":"https:\/\/agenciainfra.com\/blog\/wp-json\/wp\/v2\/posts"}],"about":[{"href":"https:\/\/agenciainfra.com\/blog\/wp-json\/wp\/v2\/types\/post"}],"author":[{"embeddable":true,"href":"https:\/\/agenciainfra.com\/blog\/wp-json\/wp\/v2\/users\/1"}],"replies":[{"embeddable":true,"href":"https:\/\/agenciainfra.com\/blog\/wp-json\/wp\/v2\/comments?post=33313"}],"version-history":[{"count":1,"href":"https:\/\/agenciainfra.com\/blog\/wp-json\/wp\/v2\/posts\/33313\/revisions"}],"predecessor-version":[{"id":33317,"href":"https:\/\/agenciainfra.com\/blog\/wp-json\/wp\/v2\/posts\/33313\/revisions\/33317"}],"wp:featuredmedia":[{"embeddable":true,"href":"https:\/\/agenciainfra.com\/blog\/wp-json\/wp\/v2\/media\/33316"}],"wp:attachment":[{"href":"https:\/\/agenciainfra.com\/blog\/wp-json\/wp\/v2\/media?parent=33313"}],"wp:term":[{"taxonomy":"category","embeddable":true,"href":"https:\/\/agenciainfra.com\/blog\/wp-json\/wp\/v2\/categories?post=33313"},{"taxonomy":"post_tag","embeddable":true,"href":"https:\/\/agenciainfra.com\/blog\/wp-json\/wp\/v2\/tags?post=33313"}],"curies":[{"name":"wp","href":"https:\/\/api.w.org\/{rel}","templated":true}]}}