{"id":33326,"date":"2025-12-04T11:41:53","date_gmt":"2025-12-04T14:41:53","guid":{"rendered":"https:\/\/agenciainfra.com\/blog\/?p=33326"},"modified":"2025-12-05T13:30:22","modified_gmt":"2025-12-05T16:30:22","slug":"justica-nega-impedimento-de-diretores-da-anp-em-processos-da-refit","status":"publish","type":"post","link":"https:\/\/agenciainfra.com\/blog\/justica-nega-impedimento-de-diretores-da-anp-em-processos-da-refit\/","title":{"rendered":"Justi\u00e7a nega impedimento de diretores da ANP em processos da Refit"},"content":{"rendered":"\n<p class=\"has-text-align-right\"><strong>Marisa Wanzeller, da Ag\u00eancia iNFRA<\/strong><\/p>\n\n\n\n<p>A Justi\u00e7a Federal da 1\u00aa Regi\u00e3o negou pedido da Refit para impedimento dos diretores da ANP (Ag\u00eancia Nacional do Petr\u00f3leo, G\u00e1s Natural e Biocombust\u00edveis) Pietro Mendes e Symone Ara\u00fajo em processos envolvendo a companhia. Em <a href=\"https:\/\/agenciainfra.com\/blog\/wp-content\/uploads\/2025\/12\/Decisao-judicial-Refit.pdf\">decis\u00e3o<\/a> publicada na noite desta quarta-feira (3), o juiz Renato Coelho Borelli, da Se\u00e7\u00e3o Judici\u00e1ria do Distrito Federal, diz que n\u00e3o h\u00e1 demonstra\u00e7\u00e3o de que o colegiado da ag\u00eancia tenha \u201cdescumprido formalidades essenciais\u201d, como alega a companhia, \u201cnem que tenha emitido decis\u00e3o final contaminada, apta a ensejar risco atual \u00e0 regularidade do processo administrativo\u201d.<\/p>\n\n\n\n<p>A Refit sustenta que ambos os diretores possuem \u201cinteresse pessoal\u201d no processo administrativo e que a interdi\u00e7\u00e3o da ag\u00eancia na Refinaria de Manguinhos \u201cdecorreu de procedimento conduzido de forma abusiva&#8221;. O grupo informa ainda que levou inicialmente o pedido de suspei\u00e7\u00e3o \u00e0 ANP, mas que houve \u201cquest\u00e3o de ordem\u201d permitindo que os diretores arguidos participassem da vota\u00e7\u00e3o, o que denominou de \u201cvota\u00e7\u00e3o cruzada\u201d.<\/p>\n\n\n\n<p>Para o juiz, contudo, \u201cn\u00e3o h\u00e1 elementos que permitam afirmar a exist\u00eancia de risco iminente de dano irrepar\u00e1vel ou de dif\u00edcil repara\u00e7\u00e3o&#8221;. \u201cO julgamento do incidente administrativo encontra-se suspenso por pedido de vista, e n\u00e3o h\u00e1 not\u00edcia de convoca\u00e7\u00e3o imediata de nova sess\u00e3o\u201d, disse na decis\u00e3o.<\/p>\n\n\n\n<p>O magistrado ainda ressalta que, interfer\u00eancias liminares em \u201cprocedimentos de alta complexidade t\u00e9cnica\u201d, especialmente aqueles ligados \u00e0 Opera\u00e7\u00e3o Carbono Oculto \u2013 realizada pela Receita Federal e que culminou na interdi\u00e7\u00e3o da refinaria \u2013 podem comprometer a atua\u00e7\u00e3o estatal e gerar les\u00e3o \u00e0 ordem administrativa.<\/p>\n\n\n\n<p><strong>Interdi\u00e7\u00e3o<\/strong><br>A Refit responde acusa\u00e7\u00f5es por importa\u00e7\u00e3o de gasolina pronta no lugar da nafta, que seria utilizada para a atividade de formula\u00e7\u00e3o que a empresa exercia. Desta forma, o grupo poderia obter vantagem tribut\u00e1ria e operacional, como apontou a ANP.<\/p>\n\n\n\n<p>A ag\u00eancia informou a identifica\u00e7\u00e3o de descumprimento de medida regulat\u00f3ria cautelar sobre a cess\u00e3o de espa\u00e7o na refinaria para distribuidoras; armazenamento de produtos com classe de risco superior ao permitido; falhas de controle e medi\u00e7\u00e3o; e inconsist\u00eancias nas temperaturas necess\u00e1rias \u00e0s torres de destila\u00e7\u00e3o.<\/p>\n\n\n\n<p><\/p>\n","protected":false},"excerpt":{"rendered":"<p>Marisa Wanzeller, da Ag\u00eancia iNFRA A Justi\u00e7a Federal da 1\u00aa Regi\u00e3o negou pedido da Refit para impedimento dos diretores da ANP (Ag\u00eancia Nacional do Petr\u00f3leo, G\u00e1s Natural e Biocombust\u00edveis) Pietro Mendes e Symone Ara\u00fajo em processos envolvendo a companhia. Em decis\u00e3o publicada na noite desta quarta-feira (3), o juiz Renato Coelho Borelli, da Se\u00e7\u00e3o Judici\u00e1ria [&hellip;]<\/p>\n","protected":false},"author":1,"featured_media":31758,"comment_status":"closed","ping_status":"closed","sticky":false,"template":"","format":"standard","meta":{"_monsterinsights_skip_tracking":false,"_monsterinsights_sitenote_active":false,"_monsterinsights_sitenote_note":"","_monsterinsights_sitenote_category":0,"footnotes":""},"categories":[13271],"tags":[1101,7366,6335,15671,14707,13389,4766],"class_list":["post-33326","post","type-post","status-publish","format-standard","has-post-thumbnail","hentry","category-oleo-gas","tag-anp","tag-marisa-wanzeller","tag-pietro-mendes","tag-refinaria-de-maguinhos","tag-refit","tag-symone-araujo","tag-trf-1"],"yoast_head":"<!-- This site is optimized with the Yoast SEO Premium plugin v25.4 (Yoast SEO v26.0) - https:\/\/yoast.com\/wordpress\/plugins\/seo\/ -->\n<title>Justi\u00e7a nega impedimento de diretores da ANP em processos da Refit - Ag\u00eancia iNFRA<\/title>\n<meta name=\"robots\" content=\"index, follow, max-snippet:-1, max-image-preview:large, max-video-preview:-1\" \/>\n<link rel=\"canonical\" href=\"https:\/\/agenciainfra.com\/blog\/justica-nega-impedimento-de-diretores-da-anp-em-processos-da-refit\/\" \/>\n<meta property=\"og:locale\" content=\"pt_BR\" \/>\n<meta property=\"og:type\" content=\"article\" \/>\n<meta property=\"og:title\" content=\"Justi\u00e7a nega impedimento de diretores da ANP em processos da Refit\" \/>\n<meta property=\"og:description\" content=\"Marisa Wanzeller, da Ag\u00eancia iNFRA A Justi\u00e7a Federal da 1\u00aa Regi\u00e3o negou pedido da Refit para impedimento dos diretores da ANP (Ag\u00eancia Nacional do Petr\u00f3leo, G\u00e1s Natural e Biocombust\u00edveis) Pietro Mendes e Symone Ara\u00fajo em processos envolvendo a companhia. Em decis\u00e3o publicada na noite desta quarta-feira (3), o juiz Renato Coelho Borelli, da Se\u00e7\u00e3o Judici\u00e1ria [&hellip;]\" \/>\n<meta property=\"og:url\" content=\"https:\/\/agenciainfra.com\/blog\/justica-nega-impedimento-de-diretores-da-anp-em-processos-da-refit\/\" \/>\n<meta property=\"og:site_name\" content=\"Ag\u00eancia iNFRA\" \/>\n<meta property=\"article:publisher\" content=\"https:\/\/www.facebook.com\/ageninfra\" \/>\n<meta property=\"article:published_time\" content=\"2025-12-04T14:41:53+00:00\" \/>\n<meta property=\"article:modified_time\" content=\"2025-12-05T16:30:22+00:00\" \/>\n<meta property=\"og:image\" content=\"https:\/\/agenciainfra.com\/blog\/wp-content\/uploads\/2025\/11\/refit-foto-divulgacao-e1754306126244-1-e1762515751390.jpg\" \/>\n\t<meta property=\"og:image:width\" content=\"1002\" \/>\n\t<meta property=\"og:image:height\" content=\"668\" \/>\n\t<meta property=\"og:image:type\" content=\"image\/jpeg\" \/>\n<meta name=\"author\" content=\"Ag\u00eancia iNFRA\" \/>\n<meta name=\"twitter:card\" content=\"summary_large_image\" \/>\n<meta name=\"twitter:creator\" content=\"@agencia_infra\" \/>\n<meta name=\"twitter:site\" content=\"@agencia_infra\" \/>\n<meta name=\"twitter:label1\" content=\"Escrito por\" \/>\n\t<meta name=\"twitter:data1\" content=\"Ag\u00eancia iNFRA\" \/>\n\t<meta name=\"twitter:label2\" content=\"Est. tempo de leitura\" \/>\n\t<meta name=\"twitter:data2\" content=\"2 minutos\" \/>\n<script type=\"application\/ld+json\" class=\"yoast-schema-graph\">{\"@context\":\"https:\/\/schema.org\",\"@graph\":[{\"@type\":\"Article\",\"@id\":\"https:\/\/agenciainfra.com\/blog\/justica-nega-impedimento-de-diretores-da-anp-em-processos-da-refit\/#article\",\"isPartOf\":{\"@id\":\"https:\/\/agenciainfra.com\/blog\/justica-nega-impedimento-de-diretores-da-anp-em-processos-da-refit\/\"},\"author\":{\"name\":\"Ag\u00eancia iNFRA\",\"@id\":\"https:\/\/agenciainfra.com\/blog\/#\/schema\/person\/34af08dff6adea4cb22b06612ba7acfa\"},\"headline\":\"Justi\u00e7a nega impedimento de diretores da ANP em processos da Refit\",\"datePublished\":\"2025-12-04T14:41:53+00:00\",\"dateModified\":\"2025-12-05T16:30:22+00:00\",\"mainEntityOfPage\":{\"@id\":\"https:\/\/agenciainfra.com\/blog\/justica-nega-impedimento-de-diretores-da-anp-em-processos-da-refit\/\"},\"wordCount\":386,\"publisher\":{\"@id\":\"https:\/\/agenciainfra.com\/blog\/#organization\"},\"image\":{\"@id\":\"https:\/\/agenciainfra.com\/blog\/justica-nega-impedimento-de-diretores-da-anp-em-processos-da-refit\/#primaryimage\"},\"thumbnailUrl\":\"https:\/\/agenciainfra.com\/blog\/wp-content\/uploads\/2025\/11\/refit-foto-divulgacao-e1754306126244-1-e1762515751390.jpg\",\"keywords\":[\"ANP\",\"Marisa Wanzeller\",\"Pietro Mendes\",\"Refinaria de Maguinhos\",\"Refit\",\"symone ara\u00fajo\",\"TRF-1\"],\"articleSection\":[\"\u00d3leo &amp; G\u00e1s\"],\"inLanguage\":\"pt-BR\",\"copyrightYear\":\"2025\",\"copyrightHolder\":{\"@id\":\"https:\/\/agenciainfra.com\/blog\/#organization\"}},{\"@type\":\"WebPage\",\"@id\":\"https:\/\/agenciainfra.com\/blog\/justica-nega-impedimento-de-diretores-da-anp-em-processos-da-refit\/\",\"url\":\"https:\/\/agenciainfra.com\/blog\/justica-nega-impedimento-de-diretores-da-anp-em-processos-da-refit\/\",\"name\":\"Justi\u00e7a nega impedimento de diretores da ANP em processos da Refit - Ag\u00eancia iNFRA\",\"isPartOf\":{\"@id\":\"https:\/\/agenciainfra.com\/blog\/#website\"},\"primaryImageOfPage\":{\"@id\":\"https:\/\/agenciainfra.com\/blog\/justica-nega-impedimento-de-diretores-da-anp-em-processos-da-refit\/#primaryimage\"},\"image\":{\"@id\":\"https:\/\/agenciainfra.com\/blog\/justica-nega-impedimento-de-diretores-da-anp-em-processos-da-refit\/#primaryimage\"},\"thumbnailUrl\":\"https:\/\/agenciainfra.com\/blog\/wp-content\/uploads\/2025\/11\/refit-foto-divulgacao-e1754306126244-1-e1762515751390.jpg\",\"datePublished\":\"2025-12-04T14:41:53+00:00\",\"dateModified\":\"2025-12-05T16:30:22+00:00\",\"breadcrumb\":{\"@id\":\"https:\/\/agenciainfra.com\/blog\/justica-nega-impedimento-de-diretores-da-anp-em-processos-da-refit\/#breadcrumb\"},\"inLanguage\":\"pt-BR\",\"potentialAction\":[{\"@type\":\"ReadAction\",\"target\":[\"https:\/\/agenciainfra.com\/blog\/justica-nega-impedimento-de-diretores-da-anp-em-processos-da-refit\/\"]}]},{\"@type\":\"ImageObject\",\"inLanguage\":\"pt-BR\",\"@id\":\"https:\/\/agenciainfra.com\/blog\/justica-nega-impedimento-de-diretores-da-anp-em-processos-da-refit\/#primaryimage\",\"url\":\"https:\/\/agenciainfra.com\/blog\/wp-content\/uploads\/2025\/11\/refit-foto-divulgacao-e1754306126244-1-e1762515751390.jpg\",\"contentUrl\":\"https:\/\/agenciainfra.com\/blog\/wp-content\/uploads\/2025\/11\/refit-foto-divulgacao-e1754306126244-1-e1762515751390.jpg\",\"width\":1002,\"height\":668,\"caption\":\"Foto: Refit\"},{\"@type\":\"BreadcrumbList\",\"@id\":\"https:\/\/agenciainfra.com\/blog\/justica-nega-impedimento-de-diretores-da-anp-em-processos-da-refit\/#breadcrumb\",\"itemListElement\":[{\"@type\":\"ListItem\",\"position\":1,\"name\":\"In\u00edcio\",\"item\":\"https:\/\/agenciainfra.com\/blog\/\"},{\"@type\":\"ListItem\",\"position\":2,\"name\":\"Justi\u00e7a nega impedimento de diretores da ANP em processos da Refit\"}]},{\"@type\":\"WebSite\",\"@id\":\"https:\/\/agenciainfra.com\/blog\/#website\",\"url\":\"https:\/\/agenciainfra.com\/blog\/\",\"name\":\"Ag\u00eancia iNFRA\",\"description\":\"Multiplataforma de informa\u00e7\u00e3o jornal\u00edstica refer\u00eancia na \u00e1rea de infraestrutura no Brasil!\",\"publisher\":{\"@id\":\"https:\/\/agenciainfra.com\/blog\/#organization\"},\"potentialAction\":[{\"@type\":\"SearchAction\",\"target\":{\"@type\":\"EntryPoint\",\"urlTemplate\":\"https:\/\/agenciainfra.com\/blog\/?s={search_term_string}\"},\"query-input\":{\"@type\":\"PropertyValueSpecification\",\"valueRequired\":true,\"valueName\":\"search_term_string\"}}],\"inLanguage\":\"pt-BR\"},{\"@type\":\"Organization\",\"@id\":\"https:\/\/agenciainfra.com\/blog\/#organization\",\"name\":\"Ag\u00eancia iNFRA\",\"url\":\"https:\/\/agenciainfra.com\/blog\/\",\"logo\":{\"@type\":\"ImageObject\",\"inLanguage\":\"pt-BR\",\"@id\":\"https:\/\/agenciainfra.com\/blog\/#\/schema\/logo\/image\/\",\"url\":\"https:\/\/agenciainfra.com\/blog\/wp-content\/uploads\/2023\/09\/iNFRA_5-e1761735885940.png\",\"contentUrl\":\"https:\/\/agenciainfra.com\/blog\/wp-content\/uploads\/2023\/09\/iNFRA_5-e1761735885940.png\",\"width\":1672,\"height\":454,\"caption\":\"Ag\u00eancia iNFRA\"},\"image\":{\"@id\":\"https:\/\/agenciainfra.com\/blog\/#\/schema\/logo\/image\/\"},\"sameAs\":[\"https:\/\/www.facebook.com\/ageninfra\",\"https:\/\/x.com\/agencia_infra\",\"https:\/\/www.linkedin.com\/company\/ag\u00eanciainfra\/\",\"https:\/\/www.instagram.com\/agenciainfra\/\"]},{\"@type\":\"Person\",\"@id\":\"https:\/\/agenciainfra.com\/blog\/#\/schema\/person\/34af08dff6adea4cb22b06612ba7acfa\",\"name\":\"Ag\u00eancia iNFRA\",\"image\":{\"@type\":\"ImageObject\",\"inLanguage\":\"pt-BR\",\"@id\":\"https:\/\/agenciainfra.com\/blog\/#\/schema\/person\/image\/\",\"url\":\"https:\/\/secure.gravatar.com\/avatar\/d189e01678f06d8eb84d4e01f08eb848b3fffe3f8443818d3c356c66892f5be8?s=96&d=mm&r=g\",\"contentUrl\":\"https:\/\/secure.gravatar.com\/avatar\/d189e01678f06d8eb84d4e01f08eb848b3fffe3f8443818d3c356c66892f5be8?s=96&d=mm&r=g\",\"caption\":\"Ag\u00eancia iNFRA\"},\"url\":\"https:\/\/agenciainfra.com\/blog\/author\/admin\/\"}]}<\/script>\n<!-- \/ Yoast SEO Premium plugin. -->","yoast_head_json":{"title":"Justi\u00e7a nega impedimento de diretores da ANP em processos da Refit - Ag\u00eancia iNFRA","robots":{"index":"index","follow":"follow","max-snippet":"max-snippet:-1","max-image-preview":"max-image-preview:large","max-video-preview":"max-video-preview:-1"},"canonical":"https:\/\/agenciainfra.com\/blog\/justica-nega-impedimento-de-diretores-da-anp-em-processos-da-refit\/","og_locale":"pt_BR","og_type":"article","og_title":"Justi\u00e7a nega impedimento de diretores da ANP em processos da Refit","og_description":"Marisa Wanzeller, da Ag\u00eancia iNFRA A Justi\u00e7a Federal da 1\u00aa Regi\u00e3o negou pedido da Refit para impedimento dos diretores da ANP (Ag\u00eancia Nacional do Petr\u00f3leo, G\u00e1s Natural e Biocombust\u00edveis) Pietro Mendes e Symone Ara\u00fajo em processos envolvendo a companhia. Em decis\u00e3o publicada na noite desta quarta-feira (3), o juiz Renato Coelho Borelli, da Se\u00e7\u00e3o Judici\u00e1ria [&hellip;]","og_url":"https:\/\/agenciainfra.com\/blog\/justica-nega-impedimento-de-diretores-da-anp-em-processos-da-refit\/","og_site_name":"Ag\u00eancia iNFRA","article_publisher":"https:\/\/www.facebook.com\/ageninfra","article_published_time":"2025-12-04T14:41:53+00:00","article_modified_time":"2025-12-05T16:30:22+00:00","og_image":[{"width":1002,"height":668,"url":"https:\/\/agenciainfra.com\/blog\/wp-content\/uploads\/2025\/11\/refit-foto-divulgacao-e1754306126244-1-e1762515751390.jpg","type":"image\/jpeg"}],"author":"Ag\u00eancia iNFRA","twitter_card":"summary_large_image","twitter_creator":"@agencia_infra","twitter_site":"@agencia_infra","twitter_misc":{"Escrito por":"Ag\u00eancia iNFRA","Est. tempo de leitura":"2 minutos"},"schema":{"@context":"https:\/\/schema.org","@graph":[{"@type":"Article","@id":"https:\/\/agenciainfra.com\/blog\/justica-nega-impedimento-de-diretores-da-anp-em-processos-da-refit\/#article","isPartOf":{"@id":"https:\/\/agenciainfra.com\/blog\/justica-nega-impedimento-de-diretores-da-anp-em-processos-da-refit\/"},"author":{"name":"Ag\u00eancia iNFRA","@id":"https:\/\/agenciainfra.com\/blog\/#\/schema\/person\/34af08dff6adea4cb22b06612ba7acfa"},"headline":"Justi\u00e7a nega impedimento de diretores da ANP em processos da Refit","datePublished":"2025-12-04T14:41:53+00:00","dateModified":"2025-12-05T16:30:22+00:00","mainEntityOfPage":{"@id":"https:\/\/agenciainfra.com\/blog\/justica-nega-impedimento-de-diretores-da-anp-em-processos-da-refit\/"},"wordCount":386,"publisher":{"@id":"https:\/\/agenciainfra.com\/blog\/#organization"},"image":{"@id":"https:\/\/agenciainfra.com\/blog\/justica-nega-impedimento-de-diretores-da-anp-em-processos-da-refit\/#primaryimage"},"thumbnailUrl":"https:\/\/agenciainfra.com\/blog\/wp-content\/uploads\/2025\/11\/refit-foto-divulgacao-e1754306126244-1-e1762515751390.jpg","keywords":["ANP","Marisa Wanzeller","Pietro Mendes","Refinaria de Maguinhos","Refit","symone ara\u00fajo","TRF-1"],"articleSection":["\u00d3leo &amp; G\u00e1s"],"inLanguage":"pt-BR","copyrightYear":"2025","copyrightHolder":{"@id":"https:\/\/agenciainfra.com\/blog\/#organization"}},{"@type":"WebPage","@id":"https:\/\/agenciainfra.com\/blog\/justica-nega-impedimento-de-diretores-da-anp-em-processos-da-refit\/","url":"https:\/\/agenciainfra.com\/blog\/justica-nega-impedimento-de-diretores-da-anp-em-processos-da-refit\/","name":"Justi\u00e7a nega impedimento de diretores da ANP em processos da Refit - Ag\u00eancia iNFRA","isPartOf":{"@id":"https:\/\/agenciainfra.com\/blog\/#website"},"primaryImageOfPage":{"@id":"https:\/\/agenciainfra.com\/blog\/justica-nega-impedimento-de-diretores-da-anp-em-processos-da-refit\/#primaryimage"},"image":{"@id":"https:\/\/agenciainfra.com\/blog\/justica-nega-impedimento-de-diretores-da-anp-em-processos-da-refit\/#primaryimage"},"thumbnailUrl":"https:\/\/agenciainfra.com\/blog\/wp-content\/uploads\/2025\/11\/refit-foto-divulgacao-e1754306126244-1-e1762515751390.jpg","datePublished":"2025-12-04T14:41:53+00:00","dateModified":"2025-12-05T16:30:22+00:00","breadcrumb":{"@id":"https:\/\/agenciainfra.com\/blog\/justica-nega-impedimento-de-diretores-da-anp-em-processos-da-refit\/#breadcrumb"},"inLanguage":"pt-BR","potentialAction":[{"@type":"ReadAction","target":["https:\/\/agenciainfra.com\/blog\/justica-nega-impedimento-de-diretores-da-anp-em-processos-da-refit\/"]}]},{"@type":"ImageObject","inLanguage":"pt-BR","@id":"https:\/\/agenciainfra.com\/blog\/justica-nega-impedimento-de-diretores-da-anp-em-processos-da-refit\/#primaryimage","url":"https:\/\/agenciainfra.com\/blog\/wp-content\/uploads\/2025\/11\/refit-foto-divulgacao-e1754306126244-1-e1762515751390.jpg","contentUrl":"https:\/\/agenciainfra.com\/blog\/wp-content\/uploads\/2025\/11\/refit-foto-divulgacao-e1754306126244-1-e1762515751390.jpg","width":1002,"height":668,"caption":"Foto: Refit"},{"@type":"BreadcrumbList","@id":"https:\/\/agenciainfra.com\/blog\/justica-nega-impedimento-de-diretores-da-anp-em-processos-da-refit\/#breadcrumb","itemListElement":[{"@type":"ListItem","position":1,"name":"In\u00edcio","item":"https:\/\/agenciainfra.com\/blog\/"},{"@type":"ListItem","position":2,"name":"Justi\u00e7a nega impedimento de diretores da ANP em processos da Refit"}]},{"@type":"WebSite","@id":"https:\/\/agenciainfra.com\/blog\/#website","url":"https:\/\/agenciainfra.com\/blog\/","name":"Ag\u00eancia iNFRA","description":"Multiplataforma de informa\u00e7\u00e3o jornal\u00edstica refer\u00eancia na \u00e1rea de infraestrutura no Brasil!","publisher":{"@id":"https:\/\/agenciainfra.com\/blog\/#organization"},"potentialAction":[{"@type":"SearchAction","target":{"@type":"EntryPoint","urlTemplate":"https:\/\/agenciainfra.com\/blog\/?s={search_term_string}"},"query-input":{"@type":"PropertyValueSpecification","valueRequired":true,"valueName":"search_term_string"}}],"inLanguage":"pt-BR"},{"@type":"Organization","@id":"https:\/\/agenciainfra.com\/blog\/#organization","name":"Ag\u00eancia iNFRA","url":"https:\/\/agenciainfra.com\/blog\/","logo":{"@type":"ImageObject","inLanguage":"pt-BR","@id":"https:\/\/agenciainfra.com\/blog\/#\/schema\/logo\/image\/","url":"https:\/\/agenciainfra.com\/blog\/wp-content\/uploads\/2023\/09\/iNFRA_5-e1761735885940.png","contentUrl":"https:\/\/agenciainfra.com\/blog\/wp-content\/uploads\/2023\/09\/iNFRA_5-e1761735885940.png","width":1672,"height":454,"caption":"Ag\u00eancia iNFRA"},"image":{"@id":"https:\/\/agenciainfra.com\/blog\/#\/schema\/logo\/image\/"},"sameAs":["https:\/\/www.facebook.com\/ageninfra","https:\/\/x.com\/agencia_infra","https:\/\/www.linkedin.com\/company\/ag\u00eanciainfra\/","https:\/\/www.instagram.com\/agenciainfra\/"]},{"@type":"Person","@id":"https:\/\/agenciainfra.com\/blog\/#\/schema\/person\/34af08dff6adea4cb22b06612ba7acfa","name":"Ag\u00eancia iNFRA","image":{"@type":"ImageObject","inLanguage":"pt-BR","@id":"https:\/\/agenciainfra.com\/blog\/#\/schema\/person\/image\/","url":"https:\/\/secure.gravatar.com\/avatar\/d189e01678f06d8eb84d4e01f08eb848b3fffe3f8443818d3c356c66892f5be8?s=96&d=mm&r=g","contentUrl":"https:\/\/secure.gravatar.com\/avatar\/d189e01678f06d8eb84d4e01f08eb848b3fffe3f8443818d3c356c66892f5be8?s=96&d=mm&r=g","caption":"Ag\u00eancia iNFRA"},"url":"https:\/\/agenciainfra.com\/blog\/author\/admin\/"}]}},"_links":{"self":[{"href":"https:\/\/agenciainfra.com\/blog\/wp-json\/wp\/v2\/posts\/33326","targetHints":{"allow":["GET"]}}],"collection":[{"href":"https:\/\/agenciainfra.com\/blog\/wp-json\/wp\/v2\/posts"}],"about":[{"href":"https:\/\/agenciainfra.com\/blog\/wp-json\/wp\/v2\/types\/post"}],"author":[{"embeddable":true,"href":"https:\/\/agenciainfra.com\/blog\/wp-json\/wp\/v2\/users\/1"}],"replies":[{"embeddable":true,"href":"https:\/\/agenciainfra.com\/blog\/wp-json\/wp\/v2\/comments?post=33326"}],"version-history":[{"count":1,"href":"https:\/\/agenciainfra.com\/blog\/wp-json\/wp\/v2\/posts\/33326\/revisions"}],"predecessor-version":[{"id":33327,"href":"https:\/\/agenciainfra.com\/blog\/wp-json\/wp\/v2\/posts\/33326\/revisions\/33327"}],"wp:featuredmedia":[{"embeddable":true,"href":"https:\/\/agenciainfra.com\/blog\/wp-json\/wp\/v2\/media\/31758"}],"wp:attachment":[{"href":"https:\/\/agenciainfra.com\/blog\/wp-json\/wp\/v2\/media?parent=33326"}],"wp:term":[{"taxonomy":"category","embeddable":true,"href":"https:\/\/agenciainfra.com\/blog\/wp-json\/wp\/v2\/categories?post=33326"},{"taxonomy":"post_tag","embeddable":true,"href":"https:\/\/agenciainfra.com\/blog\/wp-json\/wp\/v2\/tags?post=33326"}],"curies":[{"name":"wp","href":"https:\/\/api.w.org\/{rel}","templated":true}]}}