{"id":3339,"date":"2019-06-24T08:00:39","date_gmt":"2019-06-24T11:00:39","guid":{"rendered":"http:\/\/www.agenciainfra.com\/blog\/?p=3339"},"modified":"2019-06-19T19:57:42","modified_gmt":"2019-06-19T22:57:42","slug":"viracopos-e-liberado-de-fazer-obra","status":"publish","type":"post","link":"https:\/\/agenciainfra.com\/blog\/viracopos-e-liberado-de-fazer-obra\/","title":{"rendered":"Viracopos \u00e9 liberado de fazer obra"},"content":{"rendered":"<div>\n<h5 style=\"text-align: right;\"><strong>Dimmi Amora, da Ag\u00eancia iNFRA<\/strong><\/h5>\n<p>A ANAC (Ag\u00eancia Nacional de Avia\u00e7\u00e3o Civil) decidiu desobrigar a Aeroportos Brasil, concession\u00e1ria do Aeroporto de Viracopos (SP), de realizar obras de \u00e1rea de escape (chamada de Resa) na cabeceira da pista, que eram obrigat\u00f3rias em contrato e deveriam ser entregues at\u00e9 o ano passado.<\/p>\n<p>A decis\u00e3o foi tomada em reuni\u00e3o de diretoria na ter\u00e7a-feira passada (18) e vai significar um reequil\u00edbrio do contrato em favor do poder concedente que ser\u00e1 calculado no futuro.<\/p>\n<p>De acordo com o relator do processo, diretor Juliano Noman, a \u00e1rea t\u00e9cnica da ag\u00eancia comprovou que o atual formato da \u00e1rea n\u00e3o prejudica a seguran\u00e7a\u00a0e que o aumente reduziria o tamanho da pista, impactando nas opera\u00e7\u00f5es. Haveria restri\u00e7\u00f5es de seguran\u00e7a, o que poderia reduzir o peso das aeronaves que usam a pista.<\/p>\n<p>A decis\u00e3o foi para que a obra seja feita somente ap\u00f3s a segunda pista do aeroporto ser ampliada, uma obra que \u00e9 acionada por gatilho de tr\u00e1fego. Nesse momento ent\u00e3o \u00e9 que ser\u00e1 calculado o quanto a concession\u00e1ria ter\u00e1 que reverter ao Fundo de Avia\u00e7\u00e3o Civil como compensa\u00e7\u00e3o pela obra n\u00e3o ter sido realizada quando o contrato previa.<\/p>\n<p>Em outros tr\u00eas processos que tratavam de recursos da concession\u00e1ria por multas aplicadas por atraso no pagamento de seguros obrigat\u00f3rios, os diretores n\u00e3o acataram o argumento da concession\u00e1ria e decidiram manter as puni\u00e7\u00f5es.<\/p>\n<p><strong>Pampulha<\/strong><br \/>\nO diretor Ricardo Bezerra relatou processo em que tratava da revoga\u00e7\u00e3o das resolu\u00e7\u00f5es 26\/2018 e 121\/2018 da ag\u00eancia, que determinavam a coordena\u00e7\u00e3o dos slots do Aeroporto da Pampulha (MG). A proposta da \u00e1rea t\u00e9cnica para que o aeroporto tenha liberdade para fazer a aloca\u00e7\u00e3o foi vetada. Bezerra manteve a coordena\u00e7\u00e3o at\u00e9 a pr\u00f3xima temporada.<\/p>\n<p>A diretoria tamb\u00e9m aprovou abertura de audi\u00eancia p\u00fablica para definir novos par\u00e2metros para os contratos de concess\u00e3o dos aeroportos de Confins (MG), Gale\u00e3o (RJ) e S\u00e3o Gon\u00e7alo do Amarante (RN), durante a revis\u00e3o quinquenal.<\/p>\n<p>De acordo com voto do diretor Ricardo Fenelon, as propostas mais relevantes de mudan\u00e7as ser\u00e3o em rela\u00e7\u00e3o ao Fator Q (qualidade) dos contratos, ao IQS (Indicador de Qualidade de Servi\u00e7o) e aos padr\u00f5es e metas dos contratos. Tamb\u00e9m foi aprovada audi\u00eancia p\u00fablica para revis\u00e3o de normas que possam permitir a surdos pilotarem aeronaves.<\/p>\n<\/div>\n","protected":false},"excerpt":{"rendered":"<p>Dimmi Amora, da Ag\u00eancia iNFRA A ANAC (Ag\u00eancia Nacional de Avia\u00e7\u00e3o Civil) decidiu desobrigar a Aeroportos Brasil, concession\u00e1ria do Aeroporto de Viracopos (SP), de realizar obras de \u00e1rea de escape (chamada de Resa) na cabeceira da pista, que eram obrigat\u00f3rias em contrato e deveriam ser entregues at\u00e9 o ano passado. A decis\u00e3o foi tomada em [&hellip;]<\/p>\n","protected":false},"author":9,"featured_media":3340,"comment_status":"closed","ping_status":"closed","sticky":false,"template":"","format":"standard","meta":{"_monsterinsights_skip_tracking":false,"_monsterinsights_sitenote_active":false,"_monsterinsights_sitenote_note":"","_monsterinsights_sitenote_category":0,"footnotes":""},"categories":[7],"tags":[1079,242,511,241],"class_list":["post-3339","post","type-post","status-publish","format-standard","has-post-thumbnail","hentry","category-infratransporte","tag-aeroportos-brasil","tag-anac","tag-juliano-noman","tag-viracopos"],"yoast_head":"<!-- This site is optimized with the Yoast SEO Premium plugin v25.4 (Yoast SEO v26.0) - https:\/\/yoast.com\/wordpress\/plugins\/seo\/ -->\n<title>Viracopos \u00e9 liberado de fazer obra - Ag\u00eancia iNFRA<\/title>\n<meta name=\"robots\" content=\"index, follow, max-snippet:-1, max-image-preview:large, max-video-preview:-1\" \/>\n<link rel=\"canonical\" href=\"https:\/\/agenciainfra.com\/blog\/viracopos-e-liberado-de-fazer-obra\/\" \/>\n<meta property=\"og:locale\" content=\"pt_BR\" \/>\n<meta property=\"og:type\" content=\"article\" \/>\n<meta property=\"og:title\" content=\"Viracopos \u00e9 liberado de fazer obra\" \/>\n<meta property=\"og:description\" content=\"Dimmi Amora, da Ag\u00eancia iNFRA A ANAC (Ag\u00eancia Nacional de Avia\u00e7\u00e3o Civil) decidiu desobrigar a Aeroportos Brasil, concession\u00e1ria do Aeroporto de Viracopos (SP), de realizar obras de \u00e1rea de escape (chamada de Resa) na cabeceira da pista, que eram obrigat\u00f3rias em contrato e deveriam ser entregues at\u00e9 o ano passado. A decis\u00e3o foi tomada em [&hellip;]\" \/>\n<meta property=\"og:url\" content=\"https:\/\/agenciainfra.com\/blog\/viracopos-e-liberado-de-fazer-obra\/\" \/>\n<meta property=\"og:site_name\" content=\"Ag\u00eancia iNFRA\" \/>\n<meta property=\"article:publisher\" content=\"https:\/\/www.facebook.com\/ageninfra\" \/>\n<meta property=\"article:published_time\" content=\"2019-06-24T11:00:39+00:00\" \/>\n<meta property=\"og:image\" content=\"https:\/\/agenciainfra.com\/blog\/wp-content\/uploads\/2019\/06\/divulgacao-viracopos.jpg\" \/>\n\t<meta property=\"og:image:width\" content=\"1500\" \/>\n\t<meta property=\"og:image:height\" content=\"1000\" \/>\n\t<meta property=\"og:image:type\" content=\"image\/jpeg\" \/>\n<meta name=\"author\" content=\"Rodrigo Zuquim\" \/>\n<meta name=\"twitter:card\" content=\"summary_large_image\" \/>\n<meta name=\"twitter:creator\" content=\"@agencia_infra\" \/>\n<meta name=\"twitter:site\" content=\"@agencia_infra\" \/>\n<meta name=\"twitter:label1\" content=\"Escrito por\" \/>\n\t<meta name=\"twitter:data1\" content=\"Rodrigo Zuquim\" \/>\n\t<meta name=\"twitter:label2\" content=\"Est. tempo de leitura\" \/>\n\t<meta name=\"twitter:data2\" content=\"2 minutos\" \/>\n<script type=\"application\/ld+json\" class=\"yoast-schema-graph\">{\"@context\":\"https:\/\/schema.org\",\"@graph\":[{\"@type\":\"Article\",\"@id\":\"https:\/\/agenciainfra.com\/blog\/viracopos-e-liberado-de-fazer-obra\/#article\",\"isPartOf\":{\"@id\":\"https:\/\/agenciainfra.com\/blog\/viracopos-e-liberado-de-fazer-obra\/\"},\"author\":{\"name\":\"Rodrigo Zuquim\",\"@id\":\"https:\/\/agenciainfra.com\/blog\/#\/schema\/person\/04dbb79bd6d8951f063da71f3e4c1eb1\"},\"headline\":\"Viracopos \u00e9 liberado de fazer obra\",\"datePublished\":\"2019-06-24T11:00:39+00:00\",\"mainEntityOfPage\":{\"@id\":\"https:\/\/agenciainfra.com\/blog\/viracopos-e-liberado-de-fazer-obra\/\"},\"wordCount\":422,\"publisher\":{\"@id\":\"https:\/\/agenciainfra.com\/blog\/#organization\"},\"image\":{\"@id\":\"https:\/\/agenciainfra.com\/blog\/viracopos-e-liberado-de-fazer-obra\/#primaryimage\"},\"thumbnailUrl\":\"https:\/\/agenciainfra.com\/blog\/wp-content\/uploads\/2019\/06\/divulgacao-viracopos.jpg\",\"keywords\":[\"Aeroportos Brasil\",\"ANAC\",\"Juliano Noman\",\"Viracopos\"],\"articleSection\":[\"iNFRATransporte\"],\"inLanguage\":\"pt-BR\",\"copyrightYear\":\"2019\",\"copyrightHolder\":{\"@id\":\"https:\/\/agenciainfra.com\/blog\/#organization\"}},{\"@type\":\"WebPage\",\"@id\":\"https:\/\/agenciainfra.com\/blog\/viracopos-e-liberado-de-fazer-obra\/\",\"url\":\"https:\/\/agenciainfra.com\/blog\/viracopos-e-liberado-de-fazer-obra\/\",\"name\":\"Viracopos \u00e9 liberado de fazer obra - Ag\u00eancia iNFRA\",\"isPartOf\":{\"@id\":\"https:\/\/agenciainfra.com\/blog\/#website\"},\"primaryImageOfPage\":{\"@id\":\"https:\/\/agenciainfra.com\/blog\/viracopos-e-liberado-de-fazer-obra\/#primaryimage\"},\"image\":{\"@id\":\"https:\/\/agenciainfra.com\/blog\/viracopos-e-liberado-de-fazer-obra\/#primaryimage\"},\"thumbnailUrl\":\"https:\/\/agenciainfra.com\/blog\/wp-content\/uploads\/2019\/06\/divulgacao-viracopos.jpg\",\"datePublished\":\"2019-06-24T11:00:39+00:00\",\"breadcrumb\":{\"@id\":\"https:\/\/agenciainfra.com\/blog\/viracopos-e-liberado-de-fazer-obra\/#breadcrumb\"},\"inLanguage\":\"pt-BR\",\"potentialAction\":[{\"@type\":\"ReadAction\",\"target\":[\"https:\/\/agenciainfra.com\/blog\/viracopos-e-liberado-de-fazer-obra\/\"]}]},{\"@type\":\"ImageObject\",\"inLanguage\":\"pt-BR\",\"@id\":\"https:\/\/agenciainfra.com\/blog\/viracopos-e-liberado-de-fazer-obra\/#primaryimage\",\"url\":\"https:\/\/agenciainfra.com\/blog\/wp-content\/uploads\/2019\/06\/divulgacao-viracopos.jpg\",\"contentUrl\":\"https:\/\/agenciainfra.com\/blog\/wp-content\/uploads\/2019\/06\/divulgacao-viracopos.jpg\",\"width\":1500,\"height\":1000},{\"@type\":\"BreadcrumbList\",\"@id\":\"https:\/\/agenciainfra.com\/blog\/viracopos-e-liberado-de-fazer-obra\/#breadcrumb\",\"itemListElement\":[{\"@type\":\"ListItem\",\"position\":1,\"name\":\"In\u00edcio\",\"item\":\"https:\/\/agenciainfra.com\/blog\/\"},{\"@type\":\"ListItem\",\"position\":2,\"name\":\"Viracopos \u00e9 liberado de fazer obra\"}]},{\"@type\":\"WebSite\",\"@id\":\"https:\/\/agenciainfra.com\/blog\/#website\",\"url\":\"https:\/\/agenciainfra.com\/blog\/\",\"name\":\"Ag\u00eancia iNFRA\",\"description\":\"Multiplataforma de informa\u00e7\u00e3o jornal\u00edstica refer\u00eancia na \u00e1rea de infraestrutura no Brasil!\",\"publisher\":{\"@id\":\"https:\/\/agenciainfra.com\/blog\/#organization\"},\"potentialAction\":[{\"@type\":\"SearchAction\",\"target\":{\"@type\":\"EntryPoint\",\"urlTemplate\":\"https:\/\/agenciainfra.com\/blog\/?s={search_term_string}\"},\"query-input\":{\"@type\":\"PropertyValueSpecification\",\"valueRequired\":true,\"valueName\":\"search_term_string\"}}],\"inLanguage\":\"pt-BR\"},{\"@type\":\"Organization\",\"@id\":\"https:\/\/agenciainfra.com\/blog\/#organization\",\"name\":\"Ag\u00eancia iNFRA\",\"url\":\"https:\/\/agenciainfra.com\/blog\/\",\"logo\":{\"@type\":\"ImageObject\",\"inLanguage\":\"pt-BR\",\"@id\":\"https:\/\/agenciainfra.com\/blog\/#\/schema\/logo\/image\/\",\"url\":\"https:\/\/agenciainfra.com\/blog\/wp-content\/uploads\/2023\/09\/iNFRA_5-e1761735885940.png\",\"contentUrl\":\"https:\/\/agenciainfra.com\/blog\/wp-content\/uploads\/2023\/09\/iNFRA_5-e1761735885940.png\",\"width\":1672,\"height\":454,\"caption\":\"Ag\u00eancia iNFRA\"},\"image\":{\"@id\":\"https:\/\/agenciainfra.com\/blog\/#\/schema\/logo\/image\/\"},\"sameAs\":[\"https:\/\/www.facebook.com\/ageninfra\",\"https:\/\/x.com\/agencia_infra\",\"https:\/\/www.linkedin.com\/company\/ag\u00eanciainfra\/\",\"https:\/\/www.instagram.com\/agenciainfra\/\"]},{\"@type\":\"Person\",\"@id\":\"https:\/\/agenciainfra.com\/blog\/#\/schema\/person\/04dbb79bd6d8951f063da71f3e4c1eb1\",\"name\":\"Rodrigo Zuquim\",\"image\":{\"@type\":\"ImageObject\",\"inLanguage\":\"pt-BR\",\"@id\":\"https:\/\/agenciainfra.com\/blog\/#\/schema\/person\/image\/\",\"url\":\"https:\/\/secure.gravatar.com\/avatar\/594abfe82761d620726242ff34ca472a705a4b97f16c790053a6b4c4035274d0?s=96&d=mm&r=g\",\"contentUrl\":\"https:\/\/secure.gravatar.com\/avatar\/594abfe82761d620726242ff34ca472a705a4b97f16c790053a6b4c4035274d0?s=96&d=mm&r=g\",\"caption\":\"Rodrigo Zuquim\"},\"url\":\"https:\/\/agenciainfra.com\/blog\/author\/rodrigo-zuquim\/\"}]}<\/script>\n<!-- \/ Yoast SEO Premium plugin. -->","yoast_head_json":{"title":"Viracopos \u00e9 liberado de fazer obra - Ag\u00eancia iNFRA","robots":{"index":"index","follow":"follow","max-snippet":"max-snippet:-1","max-image-preview":"max-image-preview:large","max-video-preview":"max-video-preview:-1"},"canonical":"https:\/\/agenciainfra.com\/blog\/viracopos-e-liberado-de-fazer-obra\/","og_locale":"pt_BR","og_type":"article","og_title":"Viracopos \u00e9 liberado de fazer obra","og_description":"Dimmi Amora, da Ag\u00eancia iNFRA A ANAC (Ag\u00eancia Nacional de Avia\u00e7\u00e3o Civil) decidiu desobrigar a Aeroportos Brasil, concession\u00e1ria do Aeroporto de Viracopos (SP), de realizar obras de \u00e1rea de escape (chamada de Resa) na cabeceira da pista, que eram obrigat\u00f3rias em contrato e deveriam ser entregues at\u00e9 o ano passado. A decis\u00e3o foi tomada em [&hellip;]","og_url":"https:\/\/agenciainfra.com\/blog\/viracopos-e-liberado-de-fazer-obra\/","og_site_name":"Ag\u00eancia iNFRA","article_publisher":"https:\/\/www.facebook.com\/ageninfra","article_published_time":"2019-06-24T11:00:39+00:00","og_image":[{"width":1500,"height":1000,"url":"https:\/\/agenciainfra.com\/blog\/wp-content\/uploads\/2019\/06\/divulgacao-viracopos.jpg","type":"image\/jpeg"}],"author":"Rodrigo Zuquim","twitter_card":"summary_large_image","twitter_creator":"@agencia_infra","twitter_site":"@agencia_infra","twitter_misc":{"Escrito por":"Rodrigo Zuquim","Est. tempo de leitura":"2 minutos"},"schema":{"@context":"https:\/\/schema.org","@graph":[{"@type":"Article","@id":"https:\/\/agenciainfra.com\/blog\/viracopos-e-liberado-de-fazer-obra\/#article","isPartOf":{"@id":"https:\/\/agenciainfra.com\/blog\/viracopos-e-liberado-de-fazer-obra\/"},"author":{"name":"Rodrigo Zuquim","@id":"https:\/\/agenciainfra.com\/blog\/#\/schema\/person\/04dbb79bd6d8951f063da71f3e4c1eb1"},"headline":"Viracopos \u00e9 liberado de fazer obra","datePublished":"2019-06-24T11:00:39+00:00","mainEntityOfPage":{"@id":"https:\/\/agenciainfra.com\/blog\/viracopos-e-liberado-de-fazer-obra\/"},"wordCount":422,"publisher":{"@id":"https:\/\/agenciainfra.com\/blog\/#organization"},"image":{"@id":"https:\/\/agenciainfra.com\/blog\/viracopos-e-liberado-de-fazer-obra\/#primaryimage"},"thumbnailUrl":"https:\/\/agenciainfra.com\/blog\/wp-content\/uploads\/2019\/06\/divulgacao-viracopos.jpg","keywords":["Aeroportos Brasil","ANAC","Juliano Noman","Viracopos"],"articleSection":["iNFRATransporte"],"inLanguage":"pt-BR","copyrightYear":"2019","copyrightHolder":{"@id":"https:\/\/agenciainfra.com\/blog\/#organization"}},{"@type":"WebPage","@id":"https:\/\/agenciainfra.com\/blog\/viracopos-e-liberado-de-fazer-obra\/","url":"https:\/\/agenciainfra.com\/blog\/viracopos-e-liberado-de-fazer-obra\/","name":"Viracopos \u00e9 liberado de fazer obra - Ag\u00eancia iNFRA","isPartOf":{"@id":"https:\/\/agenciainfra.com\/blog\/#website"},"primaryImageOfPage":{"@id":"https:\/\/agenciainfra.com\/blog\/viracopos-e-liberado-de-fazer-obra\/#primaryimage"},"image":{"@id":"https:\/\/agenciainfra.com\/blog\/viracopos-e-liberado-de-fazer-obra\/#primaryimage"},"thumbnailUrl":"https:\/\/agenciainfra.com\/blog\/wp-content\/uploads\/2019\/06\/divulgacao-viracopos.jpg","datePublished":"2019-06-24T11:00:39+00:00","breadcrumb":{"@id":"https:\/\/agenciainfra.com\/blog\/viracopos-e-liberado-de-fazer-obra\/#breadcrumb"},"inLanguage":"pt-BR","potentialAction":[{"@type":"ReadAction","target":["https:\/\/agenciainfra.com\/blog\/viracopos-e-liberado-de-fazer-obra\/"]}]},{"@type":"ImageObject","inLanguage":"pt-BR","@id":"https:\/\/agenciainfra.com\/blog\/viracopos-e-liberado-de-fazer-obra\/#primaryimage","url":"https:\/\/agenciainfra.com\/blog\/wp-content\/uploads\/2019\/06\/divulgacao-viracopos.jpg","contentUrl":"https:\/\/agenciainfra.com\/blog\/wp-content\/uploads\/2019\/06\/divulgacao-viracopos.jpg","width":1500,"height":1000},{"@type":"BreadcrumbList","@id":"https:\/\/agenciainfra.com\/blog\/viracopos-e-liberado-de-fazer-obra\/#breadcrumb","itemListElement":[{"@type":"ListItem","position":1,"name":"In\u00edcio","item":"https:\/\/agenciainfra.com\/blog\/"},{"@type":"ListItem","position":2,"name":"Viracopos \u00e9 liberado de fazer obra"}]},{"@type":"WebSite","@id":"https:\/\/agenciainfra.com\/blog\/#website","url":"https:\/\/agenciainfra.com\/blog\/","name":"Ag\u00eancia iNFRA","description":"Multiplataforma de informa\u00e7\u00e3o jornal\u00edstica refer\u00eancia na \u00e1rea de infraestrutura no Brasil!","publisher":{"@id":"https:\/\/agenciainfra.com\/blog\/#organization"},"potentialAction":[{"@type":"SearchAction","target":{"@type":"EntryPoint","urlTemplate":"https:\/\/agenciainfra.com\/blog\/?s={search_term_string}"},"query-input":{"@type":"PropertyValueSpecification","valueRequired":true,"valueName":"search_term_string"}}],"inLanguage":"pt-BR"},{"@type":"Organization","@id":"https:\/\/agenciainfra.com\/blog\/#organization","name":"Ag\u00eancia iNFRA","url":"https:\/\/agenciainfra.com\/blog\/","logo":{"@type":"ImageObject","inLanguage":"pt-BR","@id":"https:\/\/agenciainfra.com\/blog\/#\/schema\/logo\/image\/","url":"https:\/\/agenciainfra.com\/blog\/wp-content\/uploads\/2023\/09\/iNFRA_5-e1761735885940.png","contentUrl":"https:\/\/agenciainfra.com\/blog\/wp-content\/uploads\/2023\/09\/iNFRA_5-e1761735885940.png","width":1672,"height":454,"caption":"Ag\u00eancia iNFRA"},"image":{"@id":"https:\/\/agenciainfra.com\/blog\/#\/schema\/logo\/image\/"},"sameAs":["https:\/\/www.facebook.com\/ageninfra","https:\/\/x.com\/agencia_infra","https:\/\/www.linkedin.com\/company\/ag\u00eanciainfra\/","https:\/\/www.instagram.com\/agenciainfra\/"]},{"@type":"Person","@id":"https:\/\/agenciainfra.com\/blog\/#\/schema\/person\/04dbb79bd6d8951f063da71f3e4c1eb1","name":"Rodrigo Zuquim","image":{"@type":"ImageObject","inLanguage":"pt-BR","@id":"https:\/\/agenciainfra.com\/blog\/#\/schema\/person\/image\/","url":"https:\/\/secure.gravatar.com\/avatar\/594abfe82761d620726242ff34ca472a705a4b97f16c790053a6b4c4035274d0?s=96&d=mm&r=g","contentUrl":"https:\/\/secure.gravatar.com\/avatar\/594abfe82761d620726242ff34ca472a705a4b97f16c790053a6b4c4035274d0?s=96&d=mm&r=g","caption":"Rodrigo Zuquim"},"url":"https:\/\/agenciainfra.com\/blog\/author\/rodrigo-zuquim\/"}]}},"_links":{"self":[{"href":"https:\/\/agenciainfra.com\/blog\/wp-json\/wp\/v2\/posts\/3339","targetHints":{"allow":["GET"]}}],"collection":[{"href":"https:\/\/agenciainfra.com\/blog\/wp-json\/wp\/v2\/posts"}],"about":[{"href":"https:\/\/agenciainfra.com\/blog\/wp-json\/wp\/v2\/types\/post"}],"author":[{"embeddable":true,"href":"https:\/\/agenciainfra.com\/blog\/wp-json\/wp\/v2\/users\/9"}],"replies":[{"embeddable":true,"href":"https:\/\/agenciainfra.com\/blog\/wp-json\/wp\/v2\/comments?post=3339"}],"version-history":[{"count":0,"href":"https:\/\/agenciainfra.com\/blog\/wp-json\/wp\/v2\/posts\/3339\/revisions"}],"wp:featuredmedia":[{"embeddable":true,"href":"https:\/\/agenciainfra.com\/blog\/wp-json\/wp\/v2\/media\/3340"}],"wp:attachment":[{"href":"https:\/\/agenciainfra.com\/blog\/wp-json\/wp\/v2\/media?parent=3339"}],"wp:term":[{"taxonomy":"category","embeddable":true,"href":"https:\/\/agenciainfra.com\/blog\/wp-json\/wp\/v2\/categories?post=3339"},{"taxonomy":"post_tag","embeddable":true,"href":"https:\/\/agenciainfra.com\/blog\/wp-json\/wp\/v2\/tags?post=3339"}],"curies":[{"name":"wp","href":"https:\/\/api.w.org\/{rel}","templated":true}]}}