{"id":33412,"date":"2025-12-05T15:45:15","date_gmt":"2025-12-05T18:45:15","guid":{"rendered":"https:\/\/agenciainfra.com\/blog\/?p=33412"},"modified":"2025-12-08T12:15:30","modified_gmt":"2025-12-08T15:15:30","slug":"area-tecnica-da-aneel-calcula-orcamento-da-cde-2026-em-r-527-bi","status":"publish","type":"post","link":"https:\/\/agenciainfra.com\/blog\/area-tecnica-da-aneel-calcula-orcamento-da-cde-2026-em-r-527-bi\/","title":{"rendered":"\u00c1rea t\u00e9cnica da ANEEL calcula or\u00e7amento da CDE 2026 em R$ 52,7 bi"},"content":{"rendered":"\n<p class=\"has-text-align-right\"><strong>Geraldo Campos Jr., Lais Carregosa e Marisa Wanzeller, da Ag\u00eancia iNFRA<\/strong><\/p>\n\n\n\n<p>O or\u00e7amento da CDE (Conta de Desenvolvimento Energ\u00e9tico) deve alcan\u00e7ar R$ 52,7 bilh\u00f5es em 2026, segundo c\u00e1lculos da \u00e1rea t\u00e9cnica da ANEEL (Ag\u00eancia Nacional de Energia El\u00e9trica). O valor supera o or\u00e7amento de 2025 da conta de subs\u00eddios em 7%. A proposta ainda passar\u00e1 por consulta p\u00fablica e est\u00e1 na pauta da reuni\u00e3o de diretoria de ter\u00e7a-feira (9), sob relatoria da diretora Agnes Costa.<\/p>\n\n\n\n<p>Segundo <a href=\"https:\/\/agenciainfra.com\/blog\/wp-content\/uploads\/2025\/12\/SEI_ANEEL-0252373-Nota-Tecnica.pdf\">nota t\u00e9cnica<\/a> publicada na quinta-feira (4), do total de R$ 52,7 bilh\u00f5es previstos, R$ 47,8 bilh\u00f5es ser\u00e3o pagos pelos consumidores de energia por meio de encargos na conta de luz.<\/p>\n\n\n\n<p><strong>Custo da GD quase dobra<\/strong><br>As tr\u00eas despesas com maior aumento previsto no or\u00e7amento de 2026, na compara\u00e7\u00e3o com 2025, s\u00e3o os subs\u00eddios para a GD (gera\u00e7\u00e3o distribu\u00edda), para fontes incentivadas, e o custeio da tarifa social de energia. S\u00f3 o custo com a GD tem uma alta estimada em 87,4%, saindo de R$ 3,6 bilh\u00f5es neste ano para R$ 6,8 bilh\u00f5es no pr\u00f3ximo.\u00a0<\/p>\n\n\n\n<p>Os descontos tarif\u00e1rios para fontes incentivadas t\u00eam alta prevista de 16%, de R$ 16,9 bilh\u00f5es para R$ 19,6 bilh\u00f5es. J\u00e1 a Tarifa Social, que foi ampliada em 2025, deve custar 33% a mais em 2026, chegando a R$ 10,4 bilh\u00f5es (foram R$ 7,8 bilh\u00f5es neste ano).<\/p>\n\n\n\n<p>Por outro lado, a proposta de or\u00e7amento traz redu\u00e7\u00f5es no custeio do Luz para Todos (-33%), dos incentivos ao carv\u00e3o mineral nacional (-84%), e da CCC, que \u00e9 a Conta de Consumo de Combust\u00edveis (-8,8%).<\/p>\n\n\n\n<p><strong>Teto<\/strong><br>A MP (Medida Provis\u00f3ria) 1.304, convertida na Lei 15.269\/2025, criou um teto para a conta que abarca os subs\u00eddios do setor el\u00e9trico.\u00a0<\/p>\n\n\n\n<p>A ideia inicial do MME (Minist\u00e9rio de Minas e Energia) era que o or\u00e7amento da CDE de 2026 se tornasse o limite de crescimento. Contudo, o mecanismo aprovado no Congresso e sancionado pelo governo federal deixa o or\u00e7amento de 2025 (R$ 49,2 bilh\u00f5es) como refer\u00eancia para o teto, considerando o valor de cada despesa que comp\u00f5e a conta.&nbsp; A regra ser\u00e1 aplicada a partir de 2027.<\/p>\n\n\n\n<p>Desta forma, a despesa com a GD, por exemplo, que est\u00e1 or\u00e7ada em 2025 em R$ 3,6 bilh\u00f5es, ser\u00e1 o limite para essa rubrica da CDE em 2027, com corre\u00e7\u00e3o apenas pela infla\u00e7\u00e3o. O valor excedente que extrapolar o teto ser\u00e1 cobrado dos respectivos benefici\u00e1rios de cada subs\u00eddio.<\/p>\n","protected":false},"excerpt":{"rendered":"<p>Geraldo Campos Jr., Lais Carregosa e Marisa Wanzeller, da Ag\u00eancia iNFRA O or\u00e7amento da CDE (Conta de Desenvolvimento Energ\u00e9tico) deve alcan\u00e7ar R$ 52,7 bilh\u00f5es em 2026, segundo c\u00e1lculos da \u00e1rea t\u00e9cnica da ANEEL (Ag\u00eancia Nacional de Energia El\u00e9trica). O valor supera o or\u00e7amento de 2025 da conta de subs\u00eddios em 7%. A proposta ainda passar\u00e1 [&hellip;]<\/p>\n","protected":false},"author":1,"featured_media":10310,"comment_status":"closed","ping_status":"closed","sticky":false,"template":"","format":"standard","meta":{"_monsterinsights_skip_tracking":false,"_monsterinsights_sitenote_active":false,"_monsterinsights_sitenote_note":"","_monsterinsights_sitenote_category":0,"footnotes":""},"categories":[10],"tags":[852,53,56,545,6371,850,11594,13132,14944,1601,12858,11829,3797],"class_list":["post-33412","post","type-post","status-publish","format-standard","has-post-thumbnail","hentry","category-infraenergia","tag-agencia-nacional-de-energia-eletrica","tag-aneel","tag-cde","tag-conta-de-desenvolvimento-energetico","tag-gd","tag-geracao-distribuida","tag-geraldo-campos-jr","tag-lais-carregosa","tag-marisa-wanzaller","tag-subsidios","tag-subsidios-de-energia","tag-subsidios-do-setor-eletrico","tag-tarifa-social"],"yoast_head":"<!-- This site is optimized with the Yoast SEO Premium plugin v25.4 (Yoast SEO v26.0) - https:\/\/yoast.com\/wordpress\/plugins\/seo\/ -->\n<title>\u00c1rea t\u00e9cnica da ANEEL calcula or\u00e7amento da CDE 2026 em R$ 52,7 bi<\/title>\n<meta name=\"description\" content=\"Valor supera o or\u00e7amento de 2025 da conta de subs\u00eddios do setor el\u00e9trico em 7%. CDE \u00e9 paga pelos consumidores atrav\u00e9s das contas de luz\" \/>\n<meta name=\"robots\" content=\"index, follow, max-snippet:-1, max-image-preview:large, max-video-preview:-1\" \/>\n<link rel=\"canonical\" href=\"https:\/\/agenciainfra.com\/blog\/area-tecnica-da-aneel-calcula-orcamento-da-cde-2026-em-r-527-bi\/\" \/>\n<meta property=\"og:locale\" content=\"pt_BR\" \/>\n<meta property=\"og:type\" content=\"article\" \/>\n<meta property=\"og:title\" content=\"\u00c1rea t\u00e9cnica da ANEEL calcula or\u00e7amento da CDE 2026 em R$ 52,7 bi\" \/>\n<meta property=\"og:description\" content=\"Valor supera o or\u00e7amento de 2025 da conta de subs\u00eddios do setor el\u00e9trico em 7%. CDE \u00e9 paga pelos consumidores atrav\u00e9s das contas de luz\" \/>\n<meta property=\"og:url\" content=\"https:\/\/agenciainfra.com\/blog\/area-tecnica-da-aneel-calcula-orcamento-da-cde-2026-em-r-527-bi\/\" \/>\n<meta property=\"og:site_name\" content=\"Ag\u00eancia iNFRA\" \/>\n<meta property=\"article:publisher\" content=\"https:\/\/www.facebook.com\/ageninfra\" \/>\n<meta property=\"article:published_time\" content=\"2025-12-05T18:45:15+00:00\" \/>\n<meta property=\"article:modified_time\" content=\"2025-12-08T15:15:30+00:00\" \/>\n<meta property=\"og:image\" content=\"https:\/\/agenciainfra.com\/blog\/wp-content\/uploads\/2022\/05\/aneel-foto-aneel-e1764788022595.jpg\" \/>\n\t<meta property=\"og:image:width\" content=\"1280\" \/>\n\t<meta property=\"og:image:height\" content=\"753\" \/>\n\t<meta property=\"og:image:type\" content=\"image\/jpeg\" \/>\n<meta name=\"author\" content=\"Ag\u00eancia iNFRA\" \/>\n<meta name=\"twitter:card\" content=\"summary_large_image\" \/>\n<meta name=\"twitter:creator\" content=\"@agencia_infra\" \/>\n<meta name=\"twitter:site\" content=\"@agencia_infra\" \/>\n<meta name=\"twitter:label1\" content=\"Escrito por\" \/>\n\t<meta name=\"twitter:data1\" content=\"Ag\u00eancia iNFRA\" \/>\n\t<meta name=\"twitter:label2\" content=\"Est. tempo de leitura\" \/>\n\t<meta name=\"twitter:data2\" content=\"2 minutos\" \/>\n<script type=\"application\/ld+json\" class=\"yoast-schema-graph\">{\"@context\":\"https:\/\/schema.org\",\"@graph\":[{\"@type\":\"Article\",\"@id\":\"https:\/\/agenciainfra.com\/blog\/area-tecnica-da-aneel-calcula-orcamento-da-cde-2026-em-r-527-bi\/#article\",\"isPartOf\":{\"@id\":\"https:\/\/agenciainfra.com\/blog\/area-tecnica-da-aneel-calcula-orcamento-da-cde-2026-em-r-527-bi\/\"},\"author\":{\"name\":\"Ag\u00eancia iNFRA\",\"@id\":\"https:\/\/agenciainfra.com\/blog\/#\/schema\/person\/34af08dff6adea4cb22b06612ba7acfa\"},\"headline\":\"\u00c1rea t\u00e9cnica da ANEEL calcula or\u00e7amento da CDE 2026 em R$ 52,7 bi\",\"datePublished\":\"2025-12-05T18:45:15+00:00\",\"dateModified\":\"2025-12-08T15:15:30+00:00\",\"mainEntityOfPage\":{\"@id\":\"https:\/\/agenciainfra.com\/blog\/area-tecnica-da-aneel-calcula-orcamento-da-cde-2026-em-r-527-bi\/\"},\"wordCount\":424,\"publisher\":{\"@id\":\"https:\/\/agenciainfra.com\/blog\/#organization\"},\"image\":{\"@id\":\"https:\/\/agenciainfra.com\/blog\/area-tecnica-da-aneel-calcula-orcamento-da-cde-2026-em-r-527-bi\/#primaryimage\"},\"thumbnailUrl\":\"https:\/\/agenciainfra.com\/blog\/wp-content\/uploads\/2022\/05\/aneel-foto-aneel-e1764788022595.jpg\",\"keywords\":[\"Ag\u00eancia Nacional de Energia El\u00e9trica\",\"ANEEL\",\"CDE\",\"Conta de Desenvolvimento Energ\u00e9tico\",\"GD\",\"gera\u00e7\u00e3o distribu\u00edda\",\"Geraldo Campos Jr.\",\"Lais Carregosa\",\"Marisa Wanzaller\",\"subs\u00eddios\",\"subs\u00eddios de energia\",\"subs\u00eddios do setor el\u00e9trico\",\"Tarifa Social\"],\"articleSection\":[\"iNFRAEnergia\"],\"inLanguage\":\"pt-BR\",\"copyrightYear\":\"2025\",\"copyrightHolder\":{\"@id\":\"https:\/\/agenciainfra.com\/blog\/#organization\"}},{\"@type\":\"WebPage\",\"@id\":\"https:\/\/agenciainfra.com\/blog\/area-tecnica-da-aneel-calcula-orcamento-da-cde-2026-em-r-527-bi\/\",\"url\":\"https:\/\/agenciainfra.com\/blog\/area-tecnica-da-aneel-calcula-orcamento-da-cde-2026-em-r-527-bi\/\",\"name\":\"\u00c1rea t\u00e9cnica da ANEEL calcula or\u00e7amento da CDE 2026 em R$ 52,7 bi\",\"isPartOf\":{\"@id\":\"https:\/\/agenciainfra.com\/blog\/#website\"},\"primaryImageOfPage\":{\"@id\":\"https:\/\/agenciainfra.com\/blog\/area-tecnica-da-aneel-calcula-orcamento-da-cde-2026-em-r-527-bi\/#primaryimage\"},\"image\":{\"@id\":\"https:\/\/agenciainfra.com\/blog\/area-tecnica-da-aneel-calcula-orcamento-da-cde-2026-em-r-527-bi\/#primaryimage\"},\"thumbnailUrl\":\"https:\/\/agenciainfra.com\/blog\/wp-content\/uploads\/2022\/05\/aneel-foto-aneel-e1764788022595.jpg\",\"datePublished\":\"2025-12-05T18:45:15+00:00\",\"dateModified\":\"2025-12-08T15:15:30+00:00\",\"description\":\"Valor supera o or\u00e7amento de 2025 da conta de subs\u00eddios do setor el\u00e9trico em 7%. CDE \u00e9 paga pelos consumidores atrav\u00e9s das contas de luz\",\"breadcrumb\":{\"@id\":\"https:\/\/agenciainfra.com\/blog\/area-tecnica-da-aneel-calcula-orcamento-da-cde-2026-em-r-527-bi\/#breadcrumb\"},\"inLanguage\":\"pt-BR\",\"potentialAction\":[{\"@type\":\"ReadAction\",\"target\":[\"https:\/\/agenciainfra.com\/blog\/area-tecnica-da-aneel-calcula-orcamento-da-cde-2026-em-r-527-bi\/\"]}]},{\"@type\":\"ImageObject\",\"inLanguage\":\"pt-BR\",\"@id\":\"https:\/\/agenciainfra.com\/blog\/area-tecnica-da-aneel-calcula-orcamento-da-cde-2026-em-r-527-bi\/#primaryimage\",\"url\":\"https:\/\/agenciainfra.com\/blog\/wp-content\/uploads\/2022\/05\/aneel-foto-aneel-e1764788022595.jpg\",\"contentUrl\":\"https:\/\/agenciainfra.com\/blog\/wp-content\/uploads\/2022\/05\/aneel-foto-aneel-e1764788022595.jpg\",\"width\":1280,\"height\":753,\"caption\":\"Foto: ANEEL\"},{\"@type\":\"BreadcrumbList\",\"@id\":\"https:\/\/agenciainfra.com\/blog\/area-tecnica-da-aneel-calcula-orcamento-da-cde-2026-em-r-527-bi\/#breadcrumb\",\"itemListElement\":[{\"@type\":\"ListItem\",\"position\":1,\"name\":\"In\u00edcio\",\"item\":\"https:\/\/agenciainfra.com\/blog\/\"},{\"@type\":\"ListItem\",\"position\":2,\"name\":\"\u00c1rea t\u00e9cnica da ANEEL calcula or\u00e7amento da CDE 2026 em R$ 52,7 bi\"}]},{\"@type\":\"WebSite\",\"@id\":\"https:\/\/agenciainfra.com\/blog\/#website\",\"url\":\"https:\/\/agenciainfra.com\/blog\/\",\"name\":\"Ag\u00eancia iNFRA\",\"description\":\"Multiplataforma de informa\u00e7\u00e3o jornal\u00edstica refer\u00eancia na \u00e1rea de infraestrutura no Brasil!\",\"publisher\":{\"@id\":\"https:\/\/agenciainfra.com\/blog\/#organization\"},\"potentialAction\":[{\"@type\":\"SearchAction\",\"target\":{\"@type\":\"EntryPoint\",\"urlTemplate\":\"https:\/\/agenciainfra.com\/blog\/?s={search_term_string}\"},\"query-input\":{\"@type\":\"PropertyValueSpecification\",\"valueRequired\":true,\"valueName\":\"search_term_string\"}}],\"inLanguage\":\"pt-BR\"},{\"@type\":\"Organization\",\"@id\":\"https:\/\/agenciainfra.com\/blog\/#organization\",\"name\":\"Ag\u00eancia iNFRA\",\"url\":\"https:\/\/agenciainfra.com\/blog\/\",\"logo\":{\"@type\":\"ImageObject\",\"inLanguage\":\"pt-BR\",\"@id\":\"https:\/\/agenciainfra.com\/blog\/#\/schema\/logo\/image\/\",\"url\":\"https:\/\/agenciainfra.com\/blog\/wp-content\/uploads\/2023\/09\/iNFRA_5-e1761735885940.png\",\"contentUrl\":\"https:\/\/agenciainfra.com\/blog\/wp-content\/uploads\/2023\/09\/iNFRA_5-e1761735885940.png\",\"width\":1672,\"height\":454,\"caption\":\"Ag\u00eancia iNFRA\"},\"image\":{\"@id\":\"https:\/\/agenciainfra.com\/blog\/#\/schema\/logo\/image\/\"},\"sameAs\":[\"https:\/\/www.facebook.com\/ageninfra\",\"https:\/\/x.com\/agencia_infra\",\"https:\/\/www.linkedin.com\/company\/ag\u00eanciainfra\/\",\"https:\/\/www.instagram.com\/agenciainfra\/\"]},{\"@type\":\"Person\",\"@id\":\"https:\/\/agenciainfra.com\/blog\/#\/schema\/person\/34af08dff6adea4cb22b06612ba7acfa\",\"name\":\"Ag\u00eancia iNFRA\",\"image\":{\"@type\":\"ImageObject\",\"inLanguage\":\"pt-BR\",\"@id\":\"https:\/\/agenciainfra.com\/blog\/#\/schema\/person\/image\/\",\"url\":\"https:\/\/secure.gravatar.com\/avatar\/d189e01678f06d8eb84d4e01f08eb848b3fffe3f8443818d3c356c66892f5be8?s=96&d=mm&r=g\",\"contentUrl\":\"https:\/\/secure.gravatar.com\/avatar\/d189e01678f06d8eb84d4e01f08eb848b3fffe3f8443818d3c356c66892f5be8?s=96&d=mm&r=g\",\"caption\":\"Ag\u00eancia iNFRA\"},\"url\":\"https:\/\/agenciainfra.com\/blog\/author\/admin\/\"}]}<\/script>\n<!-- \/ Yoast SEO Premium plugin. -->","yoast_head_json":{"title":"\u00c1rea t\u00e9cnica da ANEEL calcula or\u00e7amento da CDE 2026 em R$ 52,7 bi","description":"Valor supera o or\u00e7amento de 2025 da conta de subs\u00eddios do setor el\u00e9trico em 7%. CDE \u00e9 paga pelos consumidores atrav\u00e9s das contas de luz","robots":{"index":"index","follow":"follow","max-snippet":"max-snippet:-1","max-image-preview":"max-image-preview:large","max-video-preview":"max-video-preview:-1"},"canonical":"https:\/\/agenciainfra.com\/blog\/area-tecnica-da-aneel-calcula-orcamento-da-cde-2026-em-r-527-bi\/","og_locale":"pt_BR","og_type":"article","og_title":"\u00c1rea t\u00e9cnica da ANEEL calcula or\u00e7amento da CDE 2026 em R$ 52,7 bi","og_description":"Valor supera o or\u00e7amento de 2025 da conta de subs\u00eddios do setor el\u00e9trico em 7%. CDE \u00e9 paga pelos consumidores atrav\u00e9s das contas de luz","og_url":"https:\/\/agenciainfra.com\/blog\/area-tecnica-da-aneel-calcula-orcamento-da-cde-2026-em-r-527-bi\/","og_site_name":"Ag\u00eancia iNFRA","article_publisher":"https:\/\/www.facebook.com\/ageninfra","article_published_time":"2025-12-05T18:45:15+00:00","article_modified_time":"2025-12-08T15:15:30+00:00","og_image":[{"width":1280,"height":753,"url":"https:\/\/agenciainfra.com\/blog\/wp-content\/uploads\/2022\/05\/aneel-foto-aneel-e1764788022595.jpg","type":"image\/jpeg"}],"author":"Ag\u00eancia iNFRA","twitter_card":"summary_large_image","twitter_creator":"@agencia_infra","twitter_site":"@agencia_infra","twitter_misc":{"Escrito por":"Ag\u00eancia iNFRA","Est. tempo de leitura":"2 minutos"},"schema":{"@context":"https:\/\/schema.org","@graph":[{"@type":"Article","@id":"https:\/\/agenciainfra.com\/blog\/area-tecnica-da-aneel-calcula-orcamento-da-cde-2026-em-r-527-bi\/#article","isPartOf":{"@id":"https:\/\/agenciainfra.com\/blog\/area-tecnica-da-aneel-calcula-orcamento-da-cde-2026-em-r-527-bi\/"},"author":{"name":"Ag\u00eancia iNFRA","@id":"https:\/\/agenciainfra.com\/blog\/#\/schema\/person\/34af08dff6adea4cb22b06612ba7acfa"},"headline":"\u00c1rea t\u00e9cnica da ANEEL calcula or\u00e7amento da CDE 2026 em R$ 52,7 bi","datePublished":"2025-12-05T18:45:15+00:00","dateModified":"2025-12-08T15:15:30+00:00","mainEntityOfPage":{"@id":"https:\/\/agenciainfra.com\/blog\/area-tecnica-da-aneel-calcula-orcamento-da-cde-2026-em-r-527-bi\/"},"wordCount":424,"publisher":{"@id":"https:\/\/agenciainfra.com\/blog\/#organization"},"image":{"@id":"https:\/\/agenciainfra.com\/blog\/area-tecnica-da-aneel-calcula-orcamento-da-cde-2026-em-r-527-bi\/#primaryimage"},"thumbnailUrl":"https:\/\/agenciainfra.com\/blog\/wp-content\/uploads\/2022\/05\/aneel-foto-aneel-e1764788022595.jpg","keywords":["Ag\u00eancia Nacional de Energia El\u00e9trica","ANEEL","CDE","Conta de Desenvolvimento Energ\u00e9tico","GD","gera\u00e7\u00e3o distribu\u00edda","Geraldo Campos Jr.","Lais Carregosa","Marisa Wanzaller","subs\u00eddios","subs\u00eddios de energia","subs\u00eddios do setor el\u00e9trico","Tarifa Social"],"articleSection":["iNFRAEnergia"],"inLanguage":"pt-BR","copyrightYear":"2025","copyrightHolder":{"@id":"https:\/\/agenciainfra.com\/blog\/#organization"}},{"@type":"WebPage","@id":"https:\/\/agenciainfra.com\/blog\/area-tecnica-da-aneel-calcula-orcamento-da-cde-2026-em-r-527-bi\/","url":"https:\/\/agenciainfra.com\/blog\/area-tecnica-da-aneel-calcula-orcamento-da-cde-2026-em-r-527-bi\/","name":"\u00c1rea t\u00e9cnica da ANEEL calcula or\u00e7amento da CDE 2026 em R$ 52,7 bi","isPartOf":{"@id":"https:\/\/agenciainfra.com\/blog\/#website"},"primaryImageOfPage":{"@id":"https:\/\/agenciainfra.com\/blog\/area-tecnica-da-aneel-calcula-orcamento-da-cde-2026-em-r-527-bi\/#primaryimage"},"image":{"@id":"https:\/\/agenciainfra.com\/blog\/area-tecnica-da-aneel-calcula-orcamento-da-cde-2026-em-r-527-bi\/#primaryimage"},"thumbnailUrl":"https:\/\/agenciainfra.com\/blog\/wp-content\/uploads\/2022\/05\/aneel-foto-aneel-e1764788022595.jpg","datePublished":"2025-12-05T18:45:15+00:00","dateModified":"2025-12-08T15:15:30+00:00","description":"Valor supera o or\u00e7amento de 2025 da conta de subs\u00eddios do setor el\u00e9trico em 7%. CDE \u00e9 paga pelos consumidores atrav\u00e9s das contas de luz","breadcrumb":{"@id":"https:\/\/agenciainfra.com\/blog\/area-tecnica-da-aneel-calcula-orcamento-da-cde-2026-em-r-527-bi\/#breadcrumb"},"inLanguage":"pt-BR","potentialAction":[{"@type":"ReadAction","target":["https:\/\/agenciainfra.com\/blog\/area-tecnica-da-aneel-calcula-orcamento-da-cde-2026-em-r-527-bi\/"]}]},{"@type":"ImageObject","inLanguage":"pt-BR","@id":"https:\/\/agenciainfra.com\/blog\/area-tecnica-da-aneel-calcula-orcamento-da-cde-2026-em-r-527-bi\/#primaryimage","url":"https:\/\/agenciainfra.com\/blog\/wp-content\/uploads\/2022\/05\/aneel-foto-aneel-e1764788022595.jpg","contentUrl":"https:\/\/agenciainfra.com\/blog\/wp-content\/uploads\/2022\/05\/aneel-foto-aneel-e1764788022595.jpg","width":1280,"height":753,"caption":"Foto: ANEEL"},{"@type":"BreadcrumbList","@id":"https:\/\/agenciainfra.com\/blog\/area-tecnica-da-aneel-calcula-orcamento-da-cde-2026-em-r-527-bi\/#breadcrumb","itemListElement":[{"@type":"ListItem","position":1,"name":"In\u00edcio","item":"https:\/\/agenciainfra.com\/blog\/"},{"@type":"ListItem","position":2,"name":"\u00c1rea t\u00e9cnica da ANEEL calcula or\u00e7amento da CDE 2026 em R$ 52,7 bi"}]},{"@type":"WebSite","@id":"https:\/\/agenciainfra.com\/blog\/#website","url":"https:\/\/agenciainfra.com\/blog\/","name":"Ag\u00eancia iNFRA","description":"Multiplataforma de informa\u00e7\u00e3o jornal\u00edstica refer\u00eancia na \u00e1rea de infraestrutura no Brasil!","publisher":{"@id":"https:\/\/agenciainfra.com\/blog\/#organization"},"potentialAction":[{"@type":"SearchAction","target":{"@type":"EntryPoint","urlTemplate":"https:\/\/agenciainfra.com\/blog\/?s={search_term_string}"},"query-input":{"@type":"PropertyValueSpecification","valueRequired":true,"valueName":"search_term_string"}}],"inLanguage":"pt-BR"},{"@type":"Organization","@id":"https:\/\/agenciainfra.com\/blog\/#organization","name":"Ag\u00eancia iNFRA","url":"https:\/\/agenciainfra.com\/blog\/","logo":{"@type":"ImageObject","inLanguage":"pt-BR","@id":"https:\/\/agenciainfra.com\/blog\/#\/schema\/logo\/image\/","url":"https:\/\/agenciainfra.com\/blog\/wp-content\/uploads\/2023\/09\/iNFRA_5-e1761735885940.png","contentUrl":"https:\/\/agenciainfra.com\/blog\/wp-content\/uploads\/2023\/09\/iNFRA_5-e1761735885940.png","width":1672,"height":454,"caption":"Ag\u00eancia iNFRA"},"image":{"@id":"https:\/\/agenciainfra.com\/blog\/#\/schema\/logo\/image\/"},"sameAs":["https:\/\/www.facebook.com\/ageninfra","https:\/\/x.com\/agencia_infra","https:\/\/www.linkedin.com\/company\/ag\u00eanciainfra\/","https:\/\/www.instagram.com\/agenciainfra\/"]},{"@type":"Person","@id":"https:\/\/agenciainfra.com\/blog\/#\/schema\/person\/34af08dff6adea4cb22b06612ba7acfa","name":"Ag\u00eancia iNFRA","image":{"@type":"ImageObject","inLanguage":"pt-BR","@id":"https:\/\/agenciainfra.com\/blog\/#\/schema\/person\/image\/","url":"https:\/\/secure.gravatar.com\/avatar\/d189e01678f06d8eb84d4e01f08eb848b3fffe3f8443818d3c356c66892f5be8?s=96&d=mm&r=g","contentUrl":"https:\/\/secure.gravatar.com\/avatar\/d189e01678f06d8eb84d4e01f08eb848b3fffe3f8443818d3c356c66892f5be8?s=96&d=mm&r=g","caption":"Ag\u00eancia iNFRA"},"url":"https:\/\/agenciainfra.com\/blog\/author\/admin\/"}]}},"_links":{"self":[{"href":"https:\/\/agenciainfra.com\/blog\/wp-json\/wp\/v2\/posts\/33412","targetHints":{"allow":["GET"]}}],"collection":[{"href":"https:\/\/agenciainfra.com\/blog\/wp-json\/wp\/v2\/posts"}],"about":[{"href":"https:\/\/agenciainfra.com\/blog\/wp-json\/wp\/v2\/types\/post"}],"author":[{"embeddable":true,"href":"https:\/\/agenciainfra.com\/blog\/wp-json\/wp\/v2\/users\/1"}],"replies":[{"embeddable":true,"href":"https:\/\/agenciainfra.com\/blog\/wp-json\/wp\/v2\/comments?post=33412"}],"version-history":[{"count":4,"href":"https:\/\/agenciainfra.com\/blog\/wp-json\/wp\/v2\/posts\/33412\/revisions"}],"predecessor-version":[{"id":33461,"href":"https:\/\/agenciainfra.com\/blog\/wp-json\/wp\/v2\/posts\/33412\/revisions\/33461"}],"wp:featuredmedia":[{"embeddable":true,"href":"https:\/\/agenciainfra.com\/blog\/wp-json\/wp\/v2\/media\/10310"}],"wp:attachment":[{"href":"https:\/\/agenciainfra.com\/blog\/wp-json\/wp\/v2\/media?parent=33412"}],"wp:term":[{"taxonomy":"category","embeddable":true,"href":"https:\/\/agenciainfra.com\/blog\/wp-json\/wp\/v2\/categories?post=33412"},{"taxonomy":"post_tag","embeddable":true,"href":"https:\/\/agenciainfra.com\/blog\/wp-json\/wp\/v2\/tags?post=33412"}],"curies":[{"name":"wp","href":"https:\/\/api.w.org\/{rel}","templated":true}]}}