{"id":33452,"date":"2025-12-08T10:00:00","date_gmt":"2025-12-08T13:00:00","guid":{"rendered":"https:\/\/agenciainfra.com\/blog\/?p=33452"},"modified":"2025-12-09T08:05:45","modified_gmt":"2025-12-09T11:05:45","slug":"setor-critica-custo-com-verificador-independente-das-distribuidoras","status":"publish","type":"post","link":"https:\/\/agenciainfra.com\/blog\/setor-critica-custo-com-verificador-independente-das-distribuidoras\/","title":{"rendered":"Setor critica custo com &#8216;verificador independente&#8217; das distribuidoras"},"content":{"rendered":"\n<p class=\"has-text-align-right\"><strong>Lais Carregosa, Marisa Wanzeller e Geraldo Campos Jr., da Ag\u00eancia iNFRA<\/strong><\/p>\n\n\n\n<p>A proposta do MME (Minist\u00e9rio de Minas e Energia) de criar a figura do \u201cverificador independente\u201d para aferir a qualidade de servi\u00e7o das distribuidoras de energia foi recebida com cr\u00edticas do setor em consulta p\u00fablica\u00a0sobre o tema, cujo per\u00edodo de contribui\u00e7\u00f5es foi encerrado na \u00faltima sexta-feira (5). A principal queixa \u00e9 quanto ao custo de contrata\u00e7\u00e3o do novo agente, que seria repassado nas tarifas.<br><br>Tamb\u00e9m foi levantado risco \u00e0 independ\u00eancia do verificador caso ele seja contratado pelas concession\u00e1rias, que ser\u00e3o objeto da auditoria, al\u00e9m de potencial sobreposi\u00e7\u00e3o de compet\u00eancia da ANEEL (Ag\u00eancia Nacional de Energia El\u00e9trica).<br><br>Em sua contribui\u00e7\u00e3o \u00e0 consulta p\u00fablica, a\u00a0distribuidora Amazonas Energia, por exemplo,\u00a0<a href=\"https:\/\/agenciainfra.com\/blog\/wp-content\/uploads\/2025\/12\/CP-201-MME-Amazonas-Energia.pdf\" target=\"_blank\" rel=\"noreferrer noopener\">aponta<\/a>\u00a0que n\u00e3o h\u00e1 estimativa de valores ou estudo de custo-benef\u00edcio conclu\u00eddo para justificar a proposta. \u201cOu seja, o consumidor arcaria com uma estrutura nova sem comprova\u00e7\u00e3o de ganho proporcional\u201d, afirma.\u00a0<br><br>A concession\u00e1ria tamb\u00e9m alerta para risco de sobreposi\u00e7\u00e3o de compet\u00eancias entre a reguladora e o verificador, o que poderia gerar inseguran\u00e7a jur\u00eddica. Como alternativas, a Amazonas Energia cita medidas de recomposi\u00e7\u00e3o or\u00e7ament\u00e1ria da ag\u00eancia, amplia\u00e7\u00e3o do n\u00famero de t\u00e9cnicos, e melhoria das ferramentas de avalia\u00e7\u00e3o e de coopera\u00e7\u00e3o com as ag\u00eancias reguladoras estaduais.<br><br>A Abradee (Associa\u00e7\u00e3o Brasileira de Distribuidores de Energia) entende que a cria\u00e7\u00e3o do verificador independente \u00e9 \u201cdesnecess\u00e1ria&#8221;, tendo em vista que os dados a serem coletados pelo novo agente j\u00e1 s\u00e3o acessados pela ANEEL.<br><br>J\u00e1 a Celesc\u00a0<a href=\"https:\/\/agenciainfra.com\/blog\/wp-content\/uploads\/2025\/12\/CP-201-MME-Celesc.pdf\" target=\"_blank\" rel=\"noreferrer noopener\">afirmou<\/a>\u00a0que, embora o MME preveja a possibilidade de reequil\u00edbrio econ\u00f4mico-financeiro, a cobertura tarif\u00e1ria permanece incerta. \u201cN\u00e3o h\u00e1 detalhamento sobre a metodologia, periodicidade e forma de reconhecimento desses custos na tarifa. Essa indefini\u00e7\u00e3o pode levar a atrasos na recomposi\u00e7\u00e3o tarif\u00e1ria, impactando o fluxo de caixa da distribuidora e comprometendo investimentos essenciais para manuten\u00e7\u00e3o e expans\u00e3o da rede\u201d, disse.\u00a0<br><br>Para a Abrace (Associa\u00e7\u00e3o Brasileira de Grandes Consumidores Industriais de Energia e de Consumidores Livres), embora seja uma ferramenta v\u00e1lida, o verificador independente resultaria em aumento nos custos aos consumidores sem garantia de retorno de qualidade. A\u00a0<a href=\"https:\/\/agenciainfra.com\/blog\/wp-content\/uploads\/2025\/12\/CP-201-MME-Abrace.pdf\" target=\"_blank\" rel=\"noreferrer noopener\">contribui\u00e7\u00e3o<\/a>\u00a0da entidade fala em risco econ\u00f4mico de que o novo agente se torne apenas uma &#8220;camada burocr\u00e1tica adicional&#8221;.<br><br>\u201cO consumidor corre risco de arcar com uma dupla fiscaliza\u00e7\u00e3o ineficiente, arcando com a Taxa de Fiscaliza\u00e7\u00e3o (TFSEE) para a ANEEL e, cumulativamente, com o contrato do verificador. Se este atuar meramente para validar burocraticamente dados, estaremos diante de uma falha de mercado onde o consumidor financia a pr\u00f3pria assimetria de informa\u00e7\u00e3o que o prejudica\u201d, afirmou a Abrace, que defendeu outros meios de aprimorar a fiscaliza\u00e7\u00e3o que sejam menos custosos, como via IA (Intelig\u00eancia Artificial).<br><br><strong>Pontos de aten\u00e7\u00e3o<\/strong><br>Mesmo aqueles que concordam com a cria\u00e7\u00e3o do novo agente, discordam sobre a possibilidade de repasse tarif\u00e1rio e de contrata\u00e7\u00e3o via distribuidoras. O governo do Piau\u00ed\u00a0<a href=\"https:\/\/agenciainfra.com\/blog\/wp-content\/uploads\/2025\/12\/CP-201-MME-Governo-do-Piaui.pdf\" target=\"_blank\" rel=\"noreferrer noopener\">destacou<\/a>\u00a0em contribui\u00e7\u00e3o que o verificador ser\u00e1 uma \u201coportunidade relevante para sanar fragilidades hist\u00f3ricas da regula\u00e7\u00e3o da distribui\u00e7\u00e3o de energia el\u00e9trica\u201d. Mas entende que o modelo de custeio proposto pelo MME vai contra o princ\u00edpio da modicidade tarif\u00e1ria. Para corrigir, a sugest\u00e3o \u00e9 que o pagamento do verificador seja realizado com recursos vinculados \u00e0 fiscaliza\u00e7\u00e3o, em especial a TFSEE.<br><br>O estado do Piau\u00ed tamb\u00e9m pondera que a contrata\u00e7\u00e3o do agente n\u00e3o seja feita pela distribuidora de energia, conforme proposto pelo MME, sob o risco de perda de independ\u00eancia. O ideal, segundo a contribui\u00e7\u00e3o, seria a sele\u00e7\u00e3o via ANEEL.<br><br>As consultorias Vert Analytics e RAD Energia, que tamb\u00e9m concordam com a proposta, afirmaram que o verificador ser\u00e1 independente se sua governan\u00e7a estiver ligada \u00e0 ANEEL ou a fundo setorial. Ambas defendem ainda que a implementa\u00e7\u00e3o do novo agente abranja todas as concess\u00f5es de distribui\u00e7\u00e3o e seja obrigat\u00f3ria.<br><br>\u201cDo ponto de vista jur\u00eddico-regulat\u00f3rio, deve-se adotar estrutura de governan\u00e7a aut\u00f4noma, vinculada preferencialmente ao regulador ou a fundo setorial se for o mecanismo de financiamento do agente, impedindo que a concession\u00e1ria auditada exer\u00e7a influ\u00eancia sobre a contrata\u00e7\u00e3o, supervis\u00e3o ou remunera\u00e7\u00e3o do verificador\u201d,\u00a0<a href=\"https:\/\/agenciainfra.com\/blog\/wp-content\/uploads\/2025\/12\/CP-201-MME-Vert-Analytics.pdf\" target=\"_blank\" rel=\"noreferrer noopener\">disse a Vert<\/a>.\u00a0<br><br><a href=\"https:\/\/agenciainfra.com\/blog\/wp-content\/uploads\/2025\/12\/CP-201-MME-RAD-Energia.pdf\" target=\"_blank\" rel=\"noreferrer noopener\">Para a RAD Energia<\/a>, a sele\u00e7\u00e3o do agente deve ser feita por meio de processo seletivo p\u00fablico, competitivo e transparente. Tamb\u00e9m devem ser empregadas regras de conflito de interesse, como a veda\u00e7\u00e3o a v\u00ednculos societ\u00e1rios, comerciais ou profissionais com grupos controladores das distribuidoras e a apresenta\u00e7\u00e3o anual de declara\u00e7\u00e3o de independ\u00eancia pelo verificador.<br><br>A Celesc, que \u00e9 estatal, pondera que seria necess\u00e1rio adequar o processo de contrata\u00e7\u00e3o \u00e0s regras que regem as empresas p\u00fablicas. \u201cA aus\u00eancia de clareza sobre a compatibilidade entre as normas pode levar a impugna\u00e7\u00f5es de licita\u00e7\u00f5es, questionamentos por \u00f3rg\u00e3os de controle e at\u00e9 a\u00e7\u00f5es judiciais, comprometendo a efetividade da pol\u00edtica p\u00fablica e gerando custos adicionais para a concession\u00e1ria.\u201d<br><br><strong>Esvaziamento da ANEEL<\/strong><br>\u00c0 \u00e9poca da\u00a0<a href=\"https:\/\/agenciainfra.com\/blog\/mme-quer-criar-verificador-independente-da-qualidade-das-distribuidoras\/\" target=\"_blank\" rel=\"noreferrer noopener\">abertura da consulta p\u00fablica<\/a>, fontes do setor levantaram questionamentos sobre um poss\u00edvel avan\u00e7o do minist\u00e9rio em uma prerrogativa da ag\u00eancia reguladora, que \u00e9 respons\u00e1vel por produzir os dados que fiscalizam as distribuidoras de energia. Interlocutores do governo, no entanto, negaram um \u201cesvaziamento\u201d, afirmando que as informa\u00e7\u00f5es do verificador podem auxiliar a ANEEL em suas fiscaliza\u00e7\u00f5es.\u00a0<\/p>\n","protected":false},"excerpt":{"rendered":"<p>Lais Carregosa, Marisa Wanzeller e Geraldo Campos Jr., da Ag\u00eancia iNFRA A proposta do MME (Minist\u00e9rio de Minas e Energia) de criar a figura do \u201cverificador independente\u201d para aferir a qualidade de servi\u00e7o das distribuidoras de energia foi recebida com cr\u00edticas do setor em consulta p\u00fablica\u00a0sobre o tema, cujo per\u00edodo de contribui\u00e7\u00f5es foi encerrado na [&hellip;]<\/p>\n","protected":false},"author":1,"featured_media":33236,"comment_status":"closed","ping_status":"closed","sticky":false,"template":"","format":"standard","meta":{"_monsterinsights_skip_tracking":false,"_monsterinsights_sitenote_active":false,"_monsterinsights_sitenote_note":"","_monsterinsights_sitenote_category":0,"footnotes":""},"categories":[10],"tags":[53,292,11594,13132,7366,71,54,6154],"class_list":["post-33452","post","type-post","status-publish","format-standard","has-post-thumbnail","hentry","category-infraenergia","tag-aneel","tag-distribuidoras","tag-geraldo-campos-jr","tag-lais-carregosa","tag-marisa-wanzeller","tag-mme","tag-setor-eletrico","tag-verificador-independente"],"yoast_head":"<!-- This site is optimized with the Yoast SEO Premium plugin v25.4 (Yoast SEO v26.0) - https:\/\/yoast.com\/wordpress\/plugins\/seo\/ -->\n<title>Setor critica custo com &#039;verificador independente&#039; das distribuidoras - Ag\u00eancia iNFRA<\/title>\n<meta name=\"robots\" content=\"index, follow, max-snippet:-1, max-image-preview:large, max-video-preview:-1\" \/>\n<link rel=\"canonical\" href=\"https:\/\/agenciainfra.com\/blog\/setor-critica-custo-com-verificador-independente-das-distribuidoras\/\" \/>\n<meta property=\"og:locale\" content=\"pt_BR\" \/>\n<meta property=\"og:type\" content=\"article\" \/>\n<meta property=\"og:title\" content=\"Setor critica custo com &#039;verificador independente&#039; das distribuidoras\" \/>\n<meta property=\"og:description\" content=\"Lais Carregosa, Marisa Wanzeller e Geraldo Campos Jr., da Ag\u00eancia iNFRA A proposta do MME (Minist\u00e9rio de Minas e Energia) de criar a figura do \u201cverificador independente\u201d para aferir a qualidade de servi\u00e7o das distribuidoras de energia foi recebida com cr\u00edticas do setor em consulta p\u00fablica\u00a0sobre o tema, cujo per\u00edodo de contribui\u00e7\u00f5es foi encerrado na [&hellip;]\" \/>\n<meta property=\"og:url\" content=\"https:\/\/agenciainfra.com\/blog\/setor-critica-custo-com-verificador-independente-das-distribuidoras\/\" \/>\n<meta property=\"og:site_name\" content=\"Ag\u00eancia iNFRA\" \/>\n<meta property=\"article:publisher\" content=\"https:\/\/www.facebook.com\/ageninfra\" \/>\n<meta property=\"article:published_time\" content=\"2025-12-08T13:00:00+00:00\" \/>\n<meta property=\"article:modified_time\" content=\"2025-12-09T11:05:45+00:00\" \/>\n<meta property=\"og:image\" content=\"https:\/\/agenciainfra.com\/blog\/wp-content\/uploads\/2025\/12\/trabalhadores-energia-foto-absolar.jpg\" \/>\n\t<meta property=\"og:image:width\" content=\"1280\" \/>\n\t<meta property=\"og:image:height\" content=\"640\" \/>\n\t<meta property=\"og:image:type\" content=\"image\/jpeg\" \/>\n<meta name=\"author\" content=\"Ag\u00eancia iNFRA\" \/>\n<meta name=\"twitter:card\" content=\"summary_large_image\" \/>\n<meta name=\"twitter:creator\" content=\"@agencia_infra\" \/>\n<meta name=\"twitter:site\" content=\"@agencia_infra\" \/>\n<meta name=\"twitter:label1\" content=\"Escrito por\" \/>\n\t<meta name=\"twitter:data1\" content=\"Ag\u00eancia iNFRA\" \/>\n\t<meta name=\"twitter:label2\" content=\"Est. tempo de leitura\" \/>\n\t<meta name=\"twitter:data2\" content=\"5 minutos\" \/>\n<script type=\"application\/ld+json\" class=\"yoast-schema-graph\">{\"@context\":\"https:\/\/schema.org\",\"@graph\":[{\"@type\":\"Article\",\"@id\":\"https:\/\/agenciainfra.com\/blog\/setor-critica-custo-com-verificador-independente-das-distribuidoras\/#article\",\"isPartOf\":{\"@id\":\"https:\/\/agenciainfra.com\/blog\/setor-critica-custo-com-verificador-independente-das-distribuidoras\/\"},\"author\":{\"name\":\"Ag\u00eancia iNFRA\",\"@id\":\"https:\/\/agenciainfra.com\/blog\/#\/schema\/person\/34af08dff6adea4cb22b06612ba7acfa\"},\"headline\":\"Setor critica custo com &#8216;verificador independente&#8217; das distribuidoras\",\"datePublished\":\"2025-12-08T13:00:00+00:00\",\"dateModified\":\"2025-12-09T11:05:45+00:00\",\"mainEntityOfPage\":{\"@id\":\"https:\/\/agenciainfra.com\/blog\/setor-critica-custo-com-verificador-independente-das-distribuidoras\/\"},\"wordCount\":946,\"publisher\":{\"@id\":\"https:\/\/agenciainfra.com\/blog\/#organization\"},\"image\":{\"@id\":\"https:\/\/agenciainfra.com\/blog\/setor-critica-custo-com-verificador-independente-das-distribuidoras\/#primaryimage\"},\"thumbnailUrl\":\"https:\/\/agenciainfra.com\/blog\/wp-content\/uploads\/2025\/12\/trabalhadores-energia-foto-absolar.jpg\",\"keywords\":[\"ANEEL\",\"distribuidoras\",\"Geraldo Campos Jr.\",\"Lais Carregosa\",\"Marisa Wanzeller\",\"MME\",\"Setor El\u00e9trico\",\"verificador independente\"],\"articleSection\":[\"iNFRAEnergia\"],\"inLanguage\":\"pt-BR\",\"copyrightYear\":\"2025\",\"copyrightHolder\":{\"@id\":\"https:\/\/agenciainfra.com\/blog\/#organization\"}},{\"@type\":\"WebPage\",\"@id\":\"https:\/\/agenciainfra.com\/blog\/setor-critica-custo-com-verificador-independente-das-distribuidoras\/\",\"url\":\"https:\/\/agenciainfra.com\/blog\/setor-critica-custo-com-verificador-independente-das-distribuidoras\/\",\"name\":\"Setor critica custo com 'verificador independente' das distribuidoras - Ag\u00eancia iNFRA\",\"isPartOf\":{\"@id\":\"https:\/\/agenciainfra.com\/blog\/#website\"},\"primaryImageOfPage\":{\"@id\":\"https:\/\/agenciainfra.com\/blog\/setor-critica-custo-com-verificador-independente-das-distribuidoras\/#primaryimage\"},\"image\":{\"@id\":\"https:\/\/agenciainfra.com\/blog\/setor-critica-custo-com-verificador-independente-das-distribuidoras\/#primaryimage\"},\"thumbnailUrl\":\"https:\/\/agenciainfra.com\/blog\/wp-content\/uploads\/2025\/12\/trabalhadores-energia-foto-absolar.jpg\",\"datePublished\":\"2025-12-08T13:00:00+00:00\",\"dateModified\":\"2025-12-09T11:05:45+00:00\",\"breadcrumb\":{\"@id\":\"https:\/\/agenciainfra.com\/blog\/setor-critica-custo-com-verificador-independente-das-distribuidoras\/#breadcrumb\"},\"inLanguage\":\"pt-BR\",\"potentialAction\":[{\"@type\":\"ReadAction\",\"target\":[\"https:\/\/agenciainfra.com\/blog\/setor-critica-custo-com-verificador-independente-das-distribuidoras\/\"]}]},{\"@type\":\"ImageObject\",\"inLanguage\":\"pt-BR\",\"@id\":\"https:\/\/agenciainfra.com\/blog\/setor-critica-custo-com-verificador-independente-das-distribuidoras\/#primaryimage\",\"url\":\"https:\/\/agenciainfra.com\/blog\/wp-content\/uploads\/2025\/12\/trabalhadores-energia-foto-absolar.jpg\",\"contentUrl\":\"https:\/\/agenciainfra.com\/blog\/wp-content\/uploads\/2025\/12\/trabalhadores-energia-foto-absolar.jpg\",\"width\":1280,\"height\":640,\"caption\":\"Foto: Absolar\"},{\"@type\":\"BreadcrumbList\",\"@id\":\"https:\/\/agenciainfra.com\/blog\/setor-critica-custo-com-verificador-independente-das-distribuidoras\/#breadcrumb\",\"itemListElement\":[{\"@type\":\"ListItem\",\"position\":1,\"name\":\"In\u00edcio\",\"item\":\"https:\/\/agenciainfra.com\/blog\/\"},{\"@type\":\"ListItem\",\"position\":2,\"name\":\"Setor critica custo com &#8216;verificador independente&#8217; das distribuidoras\"}]},{\"@type\":\"WebSite\",\"@id\":\"https:\/\/agenciainfra.com\/blog\/#website\",\"url\":\"https:\/\/agenciainfra.com\/blog\/\",\"name\":\"Ag\u00eancia iNFRA\",\"description\":\"Multiplataforma de informa\u00e7\u00e3o jornal\u00edstica refer\u00eancia na \u00e1rea de infraestrutura no Brasil!\",\"publisher\":{\"@id\":\"https:\/\/agenciainfra.com\/blog\/#organization\"},\"potentialAction\":[{\"@type\":\"SearchAction\",\"target\":{\"@type\":\"EntryPoint\",\"urlTemplate\":\"https:\/\/agenciainfra.com\/blog\/?s={search_term_string}\"},\"query-input\":{\"@type\":\"PropertyValueSpecification\",\"valueRequired\":true,\"valueName\":\"search_term_string\"}}],\"inLanguage\":\"pt-BR\"},{\"@type\":\"Organization\",\"@id\":\"https:\/\/agenciainfra.com\/blog\/#organization\",\"name\":\"Ag\u00eancia iNFRA\",\"url\":\"https:\/\/agenciainfra.com\/blog\/\",\"logo\":{\"@type\":\"ImageObject\",\"inLanguage\":\"pt-BR\",\"@id\":\"https:\/\/agenciainfra.com\/blog\/#\/schema\/logo\/image\/\",\"url\":\"https:\/\/agenciainfra.com\/blog\/wp-content\/uploads\/2023\/09\/iNFRA_5-e1761735885940.png\",\"contentUrl\":\"https:\/\/agenciainfra.com\/blog\/wp-content\/uploads\/2023\/09\/iNFRA_5-e1761735885940.png\",\"width\":1672,\"height\":454,\"caption\":\"Ag\u00eancia iNFRA\"},\"image\":{\"@id\":\"https:\/\/agenciainfra.com\/blog\/#\/schema\/logo\/image\/\"},\"sameAs\":[\"https:\/\/www.facebook.com\/ageninfra\",\"https:\/\/x.com\/agencia_infra\",\"https:\/\/www.linkedin.com\/company\/ag\u00eanciainfra\/\",\"https:\/\/www.instagram.com\/agenciainfra\/\"]},{\"@type\":\"Person\",\"@id\":\"https:\/\/agenciainfra.com\/blog\/#\/schema\/person\/34af08dff6adea4cb22b06612ba7acfa\",\"name\":\"Ag\u00eancia iNFRA\",\"image\":{\"@type\":\"ImageObject\",\"inLanguage\":\"pt-BR\",\"@id\":\"https:\/\/agenciainfra.com\/blog\/#\/schema\/person\/image\/\",\"url\":\"https:\/\/secure.gravatar.com\/avatar\/d189e01678f06d8eb84d4e01f08eb848b3fffe3f8443818d3c356c66892f5be8?s=96&d=mm&r=g\",\"contentUrl\":\"https:\/\/secure.gravatar.com\/avatar\/d189e01678f06d8eb84d4e01f08eb848b3fffe3f8443818d3c356c66892f5be8?s=96&d=mm&r=g\",\"caption\":\"Ag\u00eancia iNFRA\"},\"url\":\"https:\/\/agenciainfra.com\/blog\/author\/admin\/\"}]}<\/script>\n<!-- \/ Yoast SEO Premium plugin. -->","yoast_head_json":{"title":"Setor critica custo com 'verificador independente' das distribuidoras - Ag\u00eancia iNFRA","robots":{"index":"index","follow":"follow","max-snippet":"max-snippet:-1","max-image-preview":"max-image-preview:large","max-video-preview":"max-video-preview:-1"},"canonical":"https:\/\/agenciainfra.com\/blog\/setor-critica-custo-com-verificador-independente-das-distribuidoras\/","og_locale":"pt_BR","og_type":"article","og_title":"Setor critica custo com 'verificador independente' das distribuidoras","og_description":"Lais Carregosa, Marisa Wanzeller e Geraldo Campos Jr., da Ag\u00eancia iNFRA A proposta do MME (Minist\u00e9rio de Minas e Energia) de criar a figura do \u201cverificador independente\u201d para aferir a qualidade de servi\u00e7o das distribuidoras de energia foi recebida com cr\u00edticas do setor em consulta p\u00fablica\u00a0sobre o tema, cujo per\u00edodo de contribui\u00e7\u00f5es foi encerrado na [&hellip;]","og_url":"https:\/\/agenciainfra.com\/blog\/setor-critica-custo-com-verificador-independente-das-distribuidoras\/","og_site_name":"Ag\u00eancia iNFRA","article_publisher":"https:\/\/www.facebook.com\/ageninfra","article_published_time":"2025-12-08T13:00:00+00:00","article_modified_time":"2025-12-09T11:05:45+00:00","og_image":[{"width":1280,"height":640,"url":"https:\/\/agenciainfra.com\/blog\/wp-content\/uploads\/2025\/12\/trabalhadores-energia-foto-absolar.jpg","type":"image\/jpeg"}],"author":"Ag\u00eancia iNFRA","twitter_card":"summary_large_image","twitter_creator":"@agencia_infra","twitter_site":"@agencia_infra","twitter_misc":{"Escrito por":"Ag\u00eancia iNFRA","Est. tempo de leitura":"5 minutos"},"schema":{"@context":"https:\/\/schema.org","@graph":[{"@type":"Article","@id":"https:\/\/agenciainfra.com\/blog\/setor-critica-custo-com-verificador-independente-das-distribuidoras\/#article","isPartOf":{"@id":"https:\/\/agenciainfra.com\/blog\/setor-critica-custo-com-verificador-independente-das-distribuidoras\/"},"author":{"name":"Ag\u00eancia iNFRA","@id":"https:\/\/agenciainfra.com\/blog\/#\/schema\/person\/34af08dff6adea4cb22b06612ba7acfa"},"headline":"Setor critica custo com &#8216;verificador independente&#8217; das distribuidoras","datePublished":"2025-12-08T13:00:00+00:00","dateModified":"2025-12-09T11:05:45+00:00","mainEntityOfPage":{"@id":"https:\/\/agenciainfra.com\/blog\/setor-critica-custo-com-verificador-independente-das-distribuidoras\/"},"wordCount":946,"publisher":{"@id":"https:\/\/agenciainfra.com\/blog\/#organization"},"image":{"@id":"https:\/\/agenciainfra.com\/blog\/setor-critica-custo-com-verificador-independente-das-distribuidoras\/#primaryimage"},"thumbnailUrl":"https:\/\/agenciainfra.com\/blog\/wp-content\/uploads\/2025\/12\/trabalhadores-energia-foto-absolar.jpg","keywords":["ANEEL","distribuidoras","Geraldo Campos Jr.","Lais Carregosa","Marisa Wanzeller","MME","Setor El\u00e9trico","verificador independente"],"articleSection":["iNFRAEnergia"],"inLanguage":"pt-BR","copyrightYear":"2025","copyrightHolder":{"@id":"https:\/\/agenciainfra.com\/blog\/#organization"}},{"@type":"WebPage","@id":"https:\/\/agenciainfra.com\/blog\/setor-critica-custo-com-verificador-independente-das-distribuidoras\/","url":"https:\/\/agenciainfra.com\/blog\/setor-critica-custo-com-verificador-independente-das-distribuidoras\/","name":"Setor critica custo com 'verificador independente' das distribuidoras - Ag\u00eancia iNFRA","isPartOf":{"@id":"https:\/\/agenciainfra.com\/blog\/#website"},"primaryImageOfPage":{"@id":"https:\/\/agenciainfra.com\/blog\/setor-critica-custo-com-verificador-independente-das-distribuidoras\/#primaryimage"},"image":{"@id":"https:\/\/agenciainfra.com\/blog\/setor-critica-custo-com-verificador-independente-das-distribuidoras\/#primaryimage"},"thumbnailUrl":"https:\/\/agenciainfra.com\/blog\/wp-content\/uploads\/2025\/12\/trabalhadores-energia-foto-absolar.jpg","datePublished":"2025-12-08T13:00:00+00:00","dateModified":"2025-12-09T11:05:45+00:00","breadcrumb":{"@id":"https:\/\/agenciainfra.com\/blog\/setor-critica-custo-com-verificador-independente-das-distribuidoras\/#breadcrumb"},"inLanguage":"pt-BR","potentialAction":[{"@type":"ReadAction","target":["https:\/\/agenciainfra.com\/blog\/setor-critica-custo-com-verificador-independente-das-distribuidoras\/"]}]},{"@type":"ImageObject","inLanguage":"pt-BR","@id":"https:\/\/agenciainfra.com\/blog\/setor-critica-custo-com-verificador-independente-das-distribuidoras\/#primaryimage","url":"https:\/\/agenciainfra.com\/blog\/wp-content\/uploads\/2025\/12\/trabalhadores-energia-foto-absolar.jpg","contentUrl":"https:\/\/agenciainfra.com\/blog\/wp-content\/uploads\/2025\/12\/trabalhadores-energia-foto-absolar.jpg","width":1280,"height":640,"caption":"Foto: Absolar"},{"@type":"BreadcrumbList","@id":"https:\/\/agenciainfra.com\/blog\/setor-critica-custo-com-verificador-independente-das-distribuidoras\/#breadcrumb","itemListElement":[{"@type":"ListItem","position":1,"name":"In\u00edcio","item":"https:\/\/agenciainfra.com\/blog\/"},{"@type":"ListItem","position":2,"name":"Setor critica custo com &#8216;verificador independente&#8217; das distribuidoras"}]},{"@type":"WebSite","@id":"https:\/\/agenciainfra.com\/blog\/#website","url":"https:\/\/agenciainfra.com\/blog\/","name":"Ag\u00eancia iNFRA","description":"Multiplataforma de informa\u00e7\u00e3o jornal\u00edstica refer\u00eancia na \u00e1rea de infraestrutura no Brasil!","publisher":{"@id":"https:\/\/agenciainfra.com\/blog\/#organization"},"potentialAction":[{"@type":"SearchAction","target":{"@type":"EntryPoint","urlTemplate":"https:\/\/agenciainfra.com\/blog\/?s={search_term_string}"},"query-input":{"@type":"PropertyValueSpecification","valueRequired":true,"valueName":"search_term_string"}}],"inLanguage":"pt-BR"},{"@type":"Organization","@id":"https:\/\/agenciainfra.com\/blog\/#organization","name":"Ag\u00eancia iNFRA","url":"https:\/\/agenciainfra.com\/blog\/","logo":{"@type":"ImageObject","inLanguage":"pt-BR","@id":"https:\/\/agenciainfra.com\/blog\/#\/schema\/logo\/image\/","url":"https:\/\/agenciainfra.com\/blog\/wp-content\/uploads\/2023\/09\/iNFRA_5-e1761735885940.png","contentUrl":"https:\/\/agenciainfra.com\/blog\/wp-content\/uploads\/2023\/09\/iNFRA_5-e1761735885940.png","width":1672,"height":454,"caption":"Ag\u00eancia iNFRA"},"image":{"@id":"https:\/\/agenciainfra.com\/blog\/#\/schema\/logo\/image\/"},"sameAs":["https:\/\/www.facebook.com\/ageninfra","https:\/\/x.com\/agencia_infra","https:\/\/www.linkedin.com\/company\/ag\u00eanciainfra\/","https:\/\/www.instagram.com\/agenciainfra\/"]},{"@type":"Person","@id":"https:\/\/agenciainfra.com\/blog\/#\/schema\/person\/34af08dff6adea4cb22b06612ba7acfa","name":"Ag\u00eancia iNFRA","image":{"@type":"ImageObject","inLanguage":"pt-BR","@id":"https:\/\/agenciainfra.com\/blog\/#\/schema\/person\/image\/","url":"https:\/\/secure.gravatar.com\/avatar\/d189e01678f06d8eb84d4e01f08eb848b3fffe3f8443818d3c356c66892f5be8?s=96&d=mm&r=g","contentUrl":"https:\/\/secure.gravatar.com\/avatar\/d189e01678f06d8eb84d4e01f08eb848b3fffe3f8443818d3c356c66892f5be8?s=96&d=mm&r=g","caption":"Ag\u00eancia iNFRA"},"url":"https:\/\/agenciainfra.com\/blog\/author\/admin\/"}]}},"_links":{"self":[{"href":"https:\/\/agenciainfra.com\/blog\/wp-json\/wp\/v2\/posts\/33452","targetHints":{"allow":["GET"]}}],"collection":[{"href":"https:\/\/agenciainfra.com\/blog\/wp-json\/wp\/v2\/posts"}],"about":[{"href":"https:\/\/agenciainfra.com\/blog\/wp-json\/wp\/v2\/types\/post"}],"author":[{"embeddable":true,"href":"https:\/\/agenciainfra.com\/blog\/wp-json\/wp\/v2\/users\/1"}],"replies":[{"embeddable":true,"href":"https:\/\/agenciainfra.com\/blog\/wp-json\/wp\/v2\/comments?post=33452"}],"version-history":[{"count":2,"href":"https:\/\/agenciainfra.com\/blog\/wp-json\/wp\/v2\/posts\/33452\/revisions"}],"predecessor-version":[{"id":33502,"href":"https:\/\/agenciainfra.com\/blog\/wp-json\/wp\/v2\/posts\/33452\/revisions\/33502"}],"wp:featuredmedia":[{"embeddable":true,"href":"https:\/\/agenciainfra.com\/blog\/wp-json\/wp\/v2\/media\/33236"}],"wp:attachment":[{"href":"https:\/\/agenciainfra.com\/blog\/wp-json\/wp\/v2\/media?parent=33452"}],"wp:term":[{"taxonomy":"category","embeddable":true,"href":"https:\/\/agenciainfra.com\/blog\/wp-json\/wp\/v2\/categories?post=33452"},{"taxonomy":"post_tag","embeddable":true,"href":"https:\/\/agenciainfra.com\/blog\/wp-json\/wp\/v2\/tags?post=33452"}],"curies":[{"name":"wp","href":"https:\/\/api.w.org\/{rel}","templated":true}]}}