{"id":33510,"date":"2025-12-08T18:38:10","date_gmt":"2025-12-08T21:38:10","guid":{"rendered":"https:\/\/agenciainfra.com\/blog\/?p=33510"},"modified":"2025-12-09T09:06:51","modified_gmt":"2025-12-09T12:06:51","slug":"anp-revoga-definitivamente-autorizacoes-de-funcionamento-da-copape","status":"publish","type":"post","link":"https:\/\/agenciainfra.com\/blog\/anp-revoga-definitivamente-autorizacoes-de-funcionamento-da-copape\/","title":{"rendered":"ANP revoga definitivamente autoriza\u00e7\u00f5es de funcionamento da Copape"},"content":{"rendered":"\n<p class=\"has-text-align-right\"><strong>Marisa Wanzeller, da Ag\u00eancia iNFRA<\/strong><\/p>\n\n\n\n<p>A diretoria da ANP (Ag\u00eancia Nacional do Petr\u00f3leo, G\u00e1s Natural e Biocombust\u00edveis) revogou nesta segunda-feira (8) definitivamente, por unanimidade, as autoriza\u00e7\u00f5es de funcionamento da Copape. A empresa formulava gasolina \u00e0 base de nafta e ficou impedida de operar desde julho de 2024, por sucessivas infra\u00e7\u00f5es operacionais e fraudes fiscais.<\/p>\n\n\n\n<p>O m\u00e9rito do processo n\u00e3o estava na pauta da reuni\u00e3o desta segunda (8), mas foi encaminhado pelo relator, diretor Daniel Maia. O item tratava inicialmente de debater a devolu\u00e7\u00e3o da compet\u00eancia de julgamento em primeira inst\u00e2ncia dos processos administrativos sancionadores relativos \u00e0 Copape para a SFI (Superintend\u00eancia de Fiscaliza\u00e7\u00e3o do Abastecimento), como sugerido pelo relator.\u00a0<\/p>\n\n\n\n<p>O diretor Pietro Mendes acompanhou o entendimento pela revoga\u00e7\u00e3o das autoriza\u00e7\u00f5es da companhia, mas apresentou voto pela manuten\u00e7\u00e3o da compet\u00eancia de delibera\u00e7\u00e3o dos referidos processos na diretoria colegiada. Posteriormente, o relator, Daniel Maia, alterou o seu voto entendendo que n\u00e3o haveria preju\u00edzo no encaminhamento do diretor Pietro.&nbsp;<\/p>\n\n\n\n<p>Nos bastidores, havia uma preocupa\u00e7\u00e3o de que o desenrolar do processo da Copape influenciasse nas tratativas do caso Refit. Caso a diretoria optasse por devolver a compet\u00eancia para a \u00e1rea t\u00e9cnica, podendo deliberar o m\u00e9rito somente ap\u00f3s o fim da an\u00e1lise dos processos na esfera administrativa, abriria um precedente para a delibera\u00e7\u00e3o dos processos de interdi\u00e7\u00e3o da Refinaria de Manguinhos.<\/p>\n","protected":false},"excerpt":{"rendered":"<p>Marisa Wanzeller, da Ag\u00eancia iNFRA A diretoria da ANP (Ag\u00eancia Nacional do Petr\u00f3leo, G\u00e1s Natural e Biocombust\u00edveis) revogou nesta segunda-feira (8) definitivamente, por unanimidade, as autoriza\u00e7\u00f5es de funcionamento da Copape. A empresa formulava gasolina \u00e0 base de nafta e ficou impedida de operar desde julho de 2024, por sucessivas infra\u00e7\u00f5es operacionais e fraudes fiscais. O [&hellip;]<\/p>\n","protected":false},"author":1,"featured_media":12697,"comment_status":"closed","ping_status":"closed","sticky":false,"template":"","format":"standard","meta":{"_monsterinsights_skip_tracking":false,"_monsterinsights_sitenote_active":false,"_monsterinsights_sitenote_note":"","_monsterinsights_sitenote_category":0,"footnotes":""},"categories":[13271],"tags":[14033,15035,16774,3365,7366,15157,6335,14710,14708,14707,17380],"class_list":["post-33510","post","type-post","status-publish","format-standard","has-post-thumbnail","hentry","category-oleo-gas","tag-anp-agencia-nacional-do-petroleo-gas-natural-e-biocombustiveis","tag-copape","tag-daniel-maia","tag-gasolina","tag-marisa-wanzeller","tag-nafta","tag-pietro-mendes","tag-producao-de-combustiveis","tag-refinaria-de-manguinhos","tag-refit","tag-sfi"],"yoast_head":"<!-- This site is optimized with the Yoast SEO Premium plugin v25.4 (Yoast SEO v26.0) - https:\/\/yoast.com\/wordpress\/plugins\/seo\/ -->\n<title>ANP revoga definitivamente autoriza\u00e7\u00f5es de funcionamento da Copape - Ag\u00eancia iNFRA<\/title>\n<meta name=\"robots\" content=\"index, follow, max-snippet:-1, max-image-preview:large, max-video-preview:-1\" \/>\n<link rel=\"canonical\" href=\"https:\/\/agenciainfra.com\/blog\/anp-revoga-definitivamente-autorizacoes-de-funcionamento-da-copape\/\" \/>\n<meta property=\"og:locale\" content=\"pt_BR\" \/>\n<meta property=\"og:type\" content=\"article\" \/>\n<meta property=\"og:title\" content=\"ANP revoga definitivamente autoriza\u00e7\u00f5es de funcionamento da Copape\" \/>\n<meta property=\"og:description\" content=\"Marisa Wanzeller, da Ag\u00eancia iNFRA A diretoria da ANP (Ag\u00eancia Nacional do Petr\u00f3leo, G\u00e1s Natural e Biocombust\u00edveis) revogou nesta segunda-feira (8) definitivamente, por unanimidade, as autoriza\u00e7\u00f5es de funcionamento da Copape. A empresa formulava gasolina \u00e0 base de nafta e ficou impedida de operar desde julho de 2024, por sucessivas infra\u00e7\u00f5es operacionais e fraudes fiscais. O [&hellip;]\" \/>\n<meta property=\"og:url\" content=\"https:\/\/agenciainfra.com\/blog\/anp-revoga-definitivamente-autorizacoes-de-funcionamento-da-copape\/\" \/>\n<meta property=\"og:site_name\" content=\"Ag\u00eancia iNFRA\" \/>\n<meta property=\"article:publisher\" content=\"https:\/\/www.facebook.com\/ageninfra\" \/>\n<meta property=\"article:published_time\" content=\"2025-12-08T21:38:10+00:00\" \/>\n<meta property=\"article:modified_time\" content=\"2025-12-09T12:06:51+00:00\" \/>\n<meta property=\"og:image\" content=\"https:\/\/agenciainfra.com\/blog\/wp-content\/uploads\/2023\/05\/logo-anp-foto-mme-saulo-cruz-e1748370900715.jpg\" \/>\n\t<meta property=\"og:image:width\" content=\"1280\" \/>\n\t<meta property=\"og:image:height\" content=\"766\" \/>\n\t<meta property=\"og:image:type\" content=\"image\/jpeg\" \/>\n<meta name=\"author\" content=\"Ag\u00eancia iNFRA\" \/>\n<meta name=\"twitter:card\" content=\"summary_large_image\" \/>\n<meta name=\"twitter:creator\" content=\"@agencia_infra\" \/>\n<meta name=\"twitter:site\" content=\"@agencia_infra\" \/>\n<meta name=\"twitter:label1\" content=\"Escrito por\" \/>\n\t<meta name=\"twitter:data1\" content=\"Ag\u00eancia iNFRA\" \/>\n\t<meta name=\"twitter:label2\" content=\"Est. tempo de leitura\" \/>\n\t<meta name=\"twitter:data2\" content=\"1 minuto\" \/>\n<script type=\"application\/ld+json\" class=\"yoast-schema-graph\">{\"@context\":\"https:\/\/schema.org\",\"@graph\":[{\"@type\":\"Article\",\"@id\":\"https:\/\/agenciainfra.com\/blog\/anp-revoga-definitivamente-autorizacoes-de-funcionamento-da-copape\/#article\",\"isPartOf\":{\"@id\":\"https:\/\/agenciainfra.com\/blog\/anp-revoga-definitivamente-autorizacoes-de-funcionamento-da-copape\/\"},\"author\":{\"name\":\"Ag\u00eancia iNFRA\",\"@id\":\"https:\/\/agenciainfra.com\/blog\/#\/schema\/person\/34af08dff6adea4cb22b06612ba7acfa\"},\"headline\":\"ANP revoga definitivamente autoriza\u00e7\u00f5es de funcionamento da Copape\",\"datePublished\":\"2025-12-08T21:38:10+00:00\",\"dateModified\":\"2025-12-09T12:06:51+00:00\",\"mainEntityOfPage\":{\"@id\":\"https:\/\/agenciainfra.com\/blog\/anp-revoga-definitivamente-autorizacoes-de-funcionamento-da-copape\/\"},\"wordCount\":251,\"publisher\":{\"@id\":\"https:\/\/agenciainfra.com\/blog\/#organization\"},\"image\":{\"@id\":\"https:\/\/agenciainfra.com\/blog\/anp-revoga-definitivamente-autorizacoes-de-funcionamento-da-copape\/#primaryimage\"},\"thumbnailUrl\":\"https:\/\/agenciainfra.com\/blog\/wp-content\/uploads\/2023\/05\/logo-anp-foto-mme-saulo-cruz-e1748370900715.jpg\",\"keywords\":[\"ANP (Ag\u00eancia Nacional do Petr\u00f3leo G\u00e1s Natural e Biocombust\u00edveis)\",\"Copape\",\"Daniel Maia\",\"gasolina\",\"Marisa Wanzeller\",\"Nafta\",\"Pietro Mendes\",\"produ\u00e7\u00e3o de combust\u00edveis\",\"Refinaria de Manguinhos\",\"Refit\",\"SFI\"],\"articleSection\":[\"\u00d3leo &amp; G\u00e1s\"],\"inLanguage\":\"pt-BR\",\"copyrightYear\":\"2025\",\"copyrightHolder\":{\"@id\":\"https:\/\/agenciainfra.com\/blog\/#organization\"}},{\"@type\":\"WebPage\",\"@id\":\"https:\/\/agenciainfra.com\/blog\/anp-revoga-definitivamente-autorizacoes-de-funcionamento-da-copape\/\",\"url\":\"https:\/\/agenciainfra.com\/blog\/anp-revoga-definitivamente-autorizacoes-de-funcionamento-da-copape\/\",\"name\":\"ANP revoga definitivamente autoriza\u00e7\u00f5es de funcionamento da Copape - Ag\u00eancia iNFRA\",\"isPartOf\":{\"@id\":\"https:\/\/agenciainfra.com\/blog\/#website\"},\"primaryImageOfPage\":{\"@id\":\"https:\/\/agenciainfra.com\/blog\/anp-revoga-definitivamente-autorizacoes-de-funcionamento-da-copape\/#primaryimage\"},\"image\":{\"@id\":\"https:\/\/agenciainfra.com\/blog\/anp-revoga-definitivamente-autorizacoes-de-funcionamento-da-copape\/#primaryimage\"},\"thumbnailUrl\":\"https:\/\/agenciainfra.com\/blog\/wp-content\/uploads\/2023\/05\/logo-anp-foto-mme-saulo-cruz-e1748370900715.jpg\",\"datePublished\":\"2025-12-08T21:38:10+00:00\",\"dateModified\":\"2025-12-09T12:06:51+00:00\",\"breadcrumb\":{\"@id\":\"https:\/\/agenciainfra.com\/blog\/anp-revoga-definitivamente-autorizacoes-de-funcionamento-da-copape\/#breadcrumb\"},\"inLanguage\":\"pt-BR\",\"potentialAction\":[{\"@type\":\"ReadAction\",\"target\":[\"https:\/\/agenciainfra.com\/blog\/anp-revoga-definitivamente-autorizacoes-de-funcionamento-da-copape\/\"]}]},{\"@type\":\"ImageObject\",\"inLanguage\":\"pt-BR\",\"@id\":\"https:\/\/agenciainfra.com\/blog\/anp-revoga-definitivamente-autorizacoes-de-funcionamento-da-copape\/#primaryimage\",\"url\":\"https:\/\/agenciainfra.com\/blog\/wp-content\/uploads\/2023\/05\/logo-anp-foto-mme-saulo-cruz-e1748370900715.jpg\",\"contentUrl\":\"https:\/\/agenciainfra.com\/blog\/wp-content\/uploads\/2023\/05\/logo-anp-foto-mme-saulo-cruz-e1748370900715.jpg\",\"width\":1280,\"height\":766,\"caption\":\"Foto: Saulo Cruz\/MME\"},{\"@type\":\"BreadcrumbList\",\"@id\":\"https:\/\/agenciainfra.com\/blog\/anp-revoga-definitivamente-autorizacoes-de-funcionamento-da-copape\/#breadcrumb\",\"itemListElement\":[{\"@type\":\"ListItem\",\"position\":1,\"name\":\"In\u00edcio\",\"item\":\"https:\/\/agenciainfra.com\/blog\/\"},{\"@type\":\"ListItem\",\"position\":2,\"name\":\"ANP revoga definitivamente autoriza\u00e7\u00f5es de funcionamento da Copape\"}]},{\"@type\":\"WebSite\",\"@id\":\"https:\/\/agenciainfra.com\/blog\/#website\",\"url\":\"https:\/\/agenciainfra.com\/blog\/\",\"name\":\"Ag\u00eancia iNFRA\",\"description\":\"Multiplataforma de informa\u00e7\u00e3o jornal\u00edstica refer\u00eancia na \u00e1rea de infraestrutura no Brasil!\",\"publisher\":{\"@id\":\"https:\/\/agenciainfra.com\/blog\/#organization\"},\"potentialAction\":[{\"@type\":\"SearchAction\",\"target\":{\"@type\":\"EntryPoint\",\"urlTemplate\":\"https:\/\/agenciainfra.com\/blog\/?s={search_term_string}\"},\"query-input\":{\"@type\":\"PropertyValueSpecification\",\"valueRequired\":true,\"valueName\":\"search_term_string\"}}],\"inLanguage\":\"pt-BR\"},{\"@type\":\"Organization\",\"@id\":\"https:\/\/agenciainfra.com\/blog\/#organization\",\"name\":\"Ag\u00eancia iNFRA\",\"url\":\"https:\/\/agenciainfra.com\/blog\/\",\"logo\":{\"@type\":\"ImageObject\",\"inLanguage\":\"pt-BR\",\"@id\":\"https:\/\/agenciainfra.com\/blog\/#\/schema\/logo\/image\/\",\"url\":\"https:\/\/agenciainfra.com\/blog\/wp-content\/uploads\/2023\/09\/iNFRA_5-e1761735885940.png\",\"contentUrl\":\"https:\/\/agenciainfra.com\/blog\/wp-content\/uploads\/2023\/09\/iNFRA_5-e1761735885940.png\",\"width\":1672,\"height\":454,\"caption\":\"Ag\u00eancia iNFRA\"},\"image\":{\"@id\":\"https:\/\/agenciainfra.com\/blog\/#\/schema\/logo\/image\/\"},\"sameAs\":[\"https:\/\/www.facebook.com\/ageninfra\",\"https:\/\/x.com\/agencia_infra\",\"https:\/\/www.linkedin.com\/company\/ag\u00eanciainfra\/\",\"https:\/\/www.instagram.com\/agenciainfra\/\"]},{\"@type\":\"Person\",\"@id\":\"https:\/\/agenciainfra.com\/blog\/#\/schema\/person\/34af08dff6adea4cb22b06612ba7acfa\",\"name\":\"Ag\u00eancia iNFRA\",\"image\":{\"@type\":\"ImageObject\",\"inLanguage\":\"pt-BR\",\"@id\":\"https:\/\/agenciainfra.com\/blog\/#\/schema\/person\/image\/\",\"url\":\"https:\/\/secure.gravatar.com\/avatar\/d189e01678f06d8eb84d4e01f08eb848b3fffe3f8443818d3c356c66892f5be8?s=96&d=mm&r=g\",\"contentUrl\":\"https:\/\/secure.gravatar.com\/avatar\/d189e01678f06d8eb84d4e01f08eb848b3fffe3f8443818d3c356c66892f5be8?s=96&d=mm&r=g\",\"caption\":\"Ag\u00eancia iNFRA\"},\"url\":\"https:\/\/agenciainfra.com\/blog\/author\/admin\/\"}]}<\/script>\n<!-- \/ Yoast SEO Premium plugin. -->","yoast_head_json":{"title":"ANP revoga definitivamente autoriza\u00e7\u00f5es de funcionamento da Copape - Ag\u00eancia iNFRA","robots":{"index":"index","follow":"follow","max-snippet":"max-snippet:-1","max-image-preview":"max-image-preview:large","max-video-preview":"max-video-preview:-1"},"canonical":"https:\/\/agenciainfra.com\/blog\/anp-revoga-definitivamente-autorizacoes-de-funcionamento-da-copape\/","og_locale":"pt_BR","og_type":"article","og_title":"ANP revoga definitivamente autoriza\u00e7\u00f5es de funcionamento da Copape","og_description":"Marisa Wanzeller, da Ag\u00eancia iNFRA A diretoria da ANP (Ag\u00eancia Nacional do Petr\u00f3leo, G\u00e1s Natural e Biocombust\u00edveis) revogou nesta segunda-feira (8) definitivamente, por unanimidade, as autoriza\u00e7\u00f5es de funcionamento da Copape. A empresa formulava gasolina \u00e0 base de nafta e ficou impedida de operar desde julho de 2024, por sucessivas infra\u00e7\u00f5es operacionais e fraudes fiscais. O [&hellip;]","og_url":"https:\/\/agenciainfra.com\/blog\/anp-revoga-definitivamente-autorizacoes-de-funcionamento-da-copape\/","og_site_name":"Ag\u00eancia iNFRA","article_publisher":"https:\/\/www.facebook.com\/ageninfra","article_published_time":"2025-12-08T21:38:10+00:00","article_modified_time":"2025-12-09T12:06:51+00:00","og_image":[{"width":1280,"height":766,"url":"https:\/\/agenciainfra.com\/blog\/wp-content\/uploads\/2023\/05\/logo-anp-foto-mme-saulo-cruz-e1748370900715.jpg","type":"image\/jpeg"}],"author":"Ag\u00eancia iNFRA","twitter_card":"summary_large_image","twitter_creator":"@agencia_infra","twitter_site":"@agencia_infra","twitter_misc":{"Escrito por":"Ag\u00eancia iNFRA","Est. tempo de leitura":"1 minuto"},"schema":{"@context":"https:\/\/schema.org","@graph":[{"@type":"Article","@id":"https:\/\/agenciainfra.com\/blog\/anp-revoga-definitivamente-autorizacoes-de-funcionamento-da-copape\/#article","isPartOf":{"@id":"https:\/\/agenciainfra.com\/blog\/anp-revoga-definitivamente-autorizacoes-de-funcionamento-da-copape\/"},"author":{"name":"Ag\u00eancia iNFRA","@id":"https:\/\/agenciainfra.com\/blog\/#\/schema\/person\/34af08dff6adea4cb22b06612ba7acfa"},"headline":"ANP revoga definitivamente autoriza\u00e7\u00f5es de funcionamento da Copape","datePublished":"2025-12-08T21:38:10+00:00","dateModified":"2025-12-09T12:06:51+00:00","mainEntityOfPage":{"@id":"https:\/\/agenciainfra.com\/blog\/anp-revoga-definitivamente-autorizacoes-de-funcionamento-da-copape\/"},"wordCount":251,"publisher":{"@id":"https:\/\/agenciainfra.com\/blog\/#organization"},"image":{"@id":"https:\/\/agenciainfra.com\/blog\/anp-revoga-definitivamente-autorizacoes-de-funcionamento-da-copape\/#primaryimage"},"thumbnailUrl":"https:\/\/agenciainfra.com\/blog\/wp-content\/uploads\/2023\/05\/logo-anp-foto-mme-saulo-cruz-e1748370900715.jpg","keywords":["ANP (Ag\u00eancia Nacional do Petr\u00f3leo G\u00e1s Natural e Biocombust\u00edveis)","Copape","Daniel Maia","gasolina","Marisa Wanzeller","Nafta","Pietro Mendes","produ\u00e7\u00e3o de combust\u00edveis","Refinaria de Manguinhos","Refit","SFI"],"articleSection":["\u00d3leo &amp; G\u00e1s"],"inLanguage":"pt-BR","copyrightYear":"2025","copyrightHolder":{"@id":"https:\/\/agenciainfra.com\/blog\/#organization"}},{"@type":"WebPage","@id":"https:\/\/agenciainfra.com\/blog\/anp-revoga-definitivamente-autorizacoes-de-funcionamento-da-copape\/","url":"https:\/\/agenciainfra.com\/blog\/anp-revoga-definitivamente-autorizacoes-de-funcionamento-da-copape\/","name":"ANP revoga definitivamente autoriza\u00e7\u00f5es de funcionamento da Copape - Ag\u00eancia iNFRA","isPartOf":{"@id":"https:\/\/agenciainfra.com\/blog\/#website"},"primaryImageOfPage":{"@id":"https:\/\/agenciainfra.com\/blog\/anp-revoga-definitivamente-autorizacoes-de-funcionamento-da-copape\/#primaryimage"},"image":{"@id":"https:\/\/agenciainfra.com\/blog\/anp-revoga-definitivamente-autorizacoes-de-funcionamento-da-copape\/#primaryimage"},"thumbnailUrl":"https:\/\/agenciainfra.com\/blog\/wp-content\/uploads\/2023\/05\/logo-anp-foto-mme-saulo-cruz-e1748370900715.jpg","datePublished":"2025-12-08T21:38:10+00:00","dateModified":"2025-12-09T12:06:51+00:00","breadcrumb":{"@id":"https:\/\/agenciainfra.com\/blog\/anp-revoga-definitivamente-autorizacoes-de-funcionamento-da-copape\/#breadcrumb"},"inLanguage":"pt-BR","potentialAction":[{"@type":"ReadAction","target":["https:\/\/agenciainfra.com\/blog\/anp-revoga-definitivamente-autorizacoes-de-funcionamento-da-copape\/"]}]},{"@type":"ImageObject","inLanguage":"pt-BR","@id":"https:\/\/agenciainfra.com\/blog\/anp-revoga-definitivamente-autorizacoes-de-funcionamento-da-copape\/#primaryimage","url":"https:\/\/agenciainfra.com\/blog\/wp-content\/uploads\/2023\/05\/logo-anp-foto-mme-saulo-cruz-e1748370900715.jpg","contentUrl":"https:\/\/agenciainfra.com\/blog\/wp-content\/uploads\/2023\/05\/logo-anp-foto-mme-saulo-cruz-e1748370900715.jpg","width":1280,"height":766,"caption":"Foto: Saulo Cruz\/MME"},{"@type":"BreadcrumbList","@id":"https:\/\/agenciainfra.com\/blog\/anp-revoga-definitivamente-autorizacoes-de-funcionamento-da-copape\/#breadcrumb","itemListElement":[{"@type":"ListItem","position":1,"name":"In\u00edcio","item":"https:\/\/agenciainfra.com\/blog\/"},{"@type":"ListItem","position":2,"name":"ANP revoga definitivamente autoriza\u00e7\u00f5es de funcionamento da Copape"}]},{"@type":"WebSite","@id":"https:\/\/agenciainfra.com\/blog\/#website","url":"https:\/\/agenciainfra.com\/blog\/","name":"Ag\u00eancia iNFRA","description":"Multiplataforma de informa\u00e7\u00e3o jornal\u00edstica refer\u00eancia na \u00e1rea de infraestrutura no Brasil!","publisher":{"@id":"https:\/\/agenciainfra.com\/blog\/#organization"},"potentialAction":[{"@type":"SearchAction","target":{"@type":"EntryPoint","urlTemplate":"https:\/\/agenciainfra.com\/blog\/?s={search_term_string}"},"query-input":{"@type":"PropertyValueSpecification","valueRequired":true,"valueName":"search_term_string"}}],"inLanguage":"pt-BR"},{"@type":"Organization","@id":"https:\/\/agenciainfra.com\/blog\/#organization","name":"Ag\u00eancia iNFRA","url":"https:\/\/agenciainfra.com\/blog\/","logo":{"@type":"ImageObject","inLanguage":"pt-BR","@id":"https:\/\/agenciainfra.com\/blog\/#\/schema\/logo\/image\/","url":"https:\/\/agenciainfra.com\/blog\/wp-content\/uploads\/2023\/09\/iNFRA_5-e1761735885940.png","contentUrl":"https:\/\/agenciainfra.com\/blog\/wp-content\/uploads\/2023\/09\/iNFRA_5-e1761735885940.png","width":1672,"height":454,"caption":"Ag\u00eancia iNFRA"},"image":{"@id":"https:\/\/agenciainfra.com\/blog\/#\/schema\/logo\/image\/"},"sameAs":["https:\/\/www.facebook.com\/ageninfra","https:\/\/x.com\/agencia_infra","https:\/\/www.linkedin.com\/company\/ag\u00eanciainfra\/","https:\/\/www.instagram.com\/agenciainfra\/"]},{"@type":"Person","@id":"https:\/\/agenciainfra.com\/blog\/#\/schema\/person\/34af08dff6adea4cb22b06612ba7acfa","name":"Ag\u00eancia iNFRA","image":{"@type":"ImageObject","inLanguage":"pt-BR","@id":"https:\/\/agenciainfra.com\/blog\/#\/schema\/person\/image\/","url":"https:\/\/secure.gravatar.com\/avatar\/d189e01678f06d8eb84d4e01f08eb848b3fffe3f8443818d3c356c66892f5be8?s=96&d=mm&r=g","contentUrl":"https:\/\/secure.gravatar.com\/avatar\/d189e01678f06d8eb84d4e01f08eb848b3fffe3f8443818d3c356c66892f5be8?s=96&d=mm&r=g","caption":"Ag\u00eancia iNFRA"},"url":"https:\/\/agenciainfra.com\/blog\/author\/admin\/"}]}},"_links":{"self":[{"href":"https:\/\/agenciainfra.com\/blog\/wp-json\/wp\/v2\/posts\/33510","targetHints":{"allow":["GET"]}}],"collection":[{"href":"https:\/\/agenciainfra.com\/blog\/wp-json\/wp\/v2\/posts"}],"about":[{"href":"https:\/\/agenciainfra.com\/blog\/wp-json\/wp\/v2\/types\/post"}],"author":[{"embeddable":true,"href":"https:\/\/agenciainfra.com\/blog\/wp-json\/wp\/v2\/users\/1"}],"replies":[{"embeddable":true,"href":"https:\/\/agenciainfra.com\/blog\/wp-json\/wp\/v2\/comments?post=33510"}],"version-history":[{"count":1,"href":"https:\/\/agenciainfra.com\/blog\/wp-json\/wp\/v2\/posts\/33510\/revisions"}],"predecessor-version":[{"id":33511,"href":"https:\/\/agenciainfra.com\/blog\/wp-json\/wp\/v2\/posts\/33510\/revisions\/33511"}],"wp:featuredmedia":[{"embeddable":true,"href":"https:\/\/agenciainfra.com\/blog\/wp-json\/wp\/v2\/media\/12697"}],"wp:attachment":[{"href":"https:\/\/agenciainfra.com\/blog\/wp-json\/wp\/v2\/media?parent=33510"}],"wp:term":[{"taxonomy":"category","embeddable":true,"href":"https:\/\/agenciainfra.com\/blog\/wp-json\/wp\/v2\/categories?post=33510"},{"taxonomy":"post_tag","embeddable":true,"href":"https:\/\/agenciainfra.com\/blog\/wp-json\/wp\/v2\/tags?post=33510"}],"curies":[{"name":"wp","href":"https:\/\/api.w.org\/{rel}","templated":true}]}}