{"id":33519,"date":"2025-12-08T20:30:57","date_gmt":"2025-12-08T23:30:57","guid":{"rendered":"https:\/\/agenciainfra.com\/blog\/?p=33519"},"modified":"2025-12-09T13:01:06","modified_gmt":"2025-12-09T16:01:06","slug":"anp-rejeita-pedido-da-refit-por-impedimento-de-diretores","status":"publish","type":"post","link":"https:\/\/agenciainfra.com\/blog\/anp-rejeita-pedido-da-refit-por-impedimento-de-diretores\/","title":{"rendered":"ANP rejeita pedido da Refit por impedimento de diretores em julgamentos"},"content":{"rendered":"\n<p class=\"has-text-align-right\"><strong>Marisa Wanzeller e Gabriel Vasconcelos, da Ag\u00eancia iNFRA<\/strong><\/p>\n\n\n\n<p>Pouco mais de um m\u00eas ap\u00f3s uma primeira reuni\u00e3o acalorada sobre o tema, a diretoria colegiada da ANP (Ag\u00eancia Nacional do Petr\u00f3leo, G\u00e1s Natural e Biocombust\u00edveis) rejeitou nesta segunda-feira (8) o recurso da Refit (Refinaria de Manguinhos) que pedia suspei\u00e7\u00e3o e impedimento dos diretores Pietro Mendes e Symone Ara\u00fajo em processos relativos \u00e0 refinaria.<\/p>\n\n\n\n<p>Voltaram a trocar farpas Mendes e o diretor Daniel Maia, ainda que o&nbsp;\u00faltimo tenha votado a favor dos arguidos. Maia se tornou piv\u00f4 da pol\u00eamica ao questionar a din\u00e2mica de vota\u00e7\u00e3o cruzada, em que os diretores julgados&nbsp;puderam votar um no no processo do outro. Ele tamb\u00e9m pediu vista do processo, postergando a discuss\u00e3o pelo per\u00edodo m\u00e1ximo de 30 dias e, ontem, fez uma s\u00e9rie de cr\u00edticas \u00e0 opera\u00e7\u00e3o de fiscaliza\u00e7\u00e3o da ANP na Refit, supervisionada&nbsp;por Mendes e Symone em paralelo \u00e0 opera\u00e7\u00e3o Carbono Oculto, da Receita Federal, e que culminou na interdi\u00e7\u00e3o da refinaria.&nbsp;<\/p>\n\n\n\n<p><strong>Resultado dado<\/strong><br>Antes mesmo da reuni\u00e3o desta segunda (8), nos dois processos, o colegiado j\u00e1 tinha os votos necess\u00e1rios (2) \u2013 do diretor-geral Artur\u00a0Watt e um dos arguidos \u2013 para indeferir o pedido da Refit. Nesta segunda, votaram os diretores Fernando Moura e Daniel Maia, tamb\u00e9m contra o impedimento. Os votos, por\u00e9m, n\u00e3o significam harmonia de entendimento.<\/p>\n\n\n\n<p>Maia criticou longamente o processo de fiscaliza\u00e7\u00e3o promovido na ag\u00eancia contra a Refit. Entre os pontos levantados, ele destacou&nbsp;que as infra\u00e7\u00f5es constatadas pelos t\u00e9cnicos da ANP na base da Refit j\u00e1 eram conhecidas antes, sugerindo&nbsp;que teriam sido usadas convenientemente para coincidir com as investiga\u00e7\u00f5es da Receita Federal. O diretor&nbsp;tamb\u00e9m apontou&nbsp;a lavratura de ordens de servi\u00e7o somente ap\u00f3s a realiza\u00e7\u00e3o das a\u00e7\u00f5es de fiscaliza\u00e7\u00e3o, em desalinho ao regramento da ANP, al\u00e9m do que definiu como&nbsp;\u201csigilo seletivo\u201d da opera\u00e7\u00e3o, n\u00e3o&nbsp;informada \u00e0s diretorias diretamente interessadas. Esse ponto&nbsp;tamb\u00e9m foi levantado pelo diretor&nbsp;Fernando Moura, cuja diretoria observa quest\u00f5es ligadas ao abastecimento nacional. Em voto mais sucinto, Moura disse n\u00e3o ter verificado condi\u00e7\u00f5es objetivas para o impedimento dos de Mendes e Symone.<\/p>\n\n\n\n<p>Em resposta \u00e0 Maia, Artur Watt disse entender que o diretor fez uma esp\u00e9cie de &#8220;auditoria indevida&#8221; em processos relacionados \u00e0 interdi\u00e7\u00e3o da Refit enquanto estavam sobrestados em fun\u00e7\u00e3o do pedido de vista no processo dos impedimentos. O diretor-geral frisou que o processo em delibera\u00e7\u00e3o tratava da suspei\u00e7\u00e3o de dois diretores e n\u00e3o do m\u00e9rito da fiscaliza\u00e7\u00e3o e interdi\u00e7\u00e3o da Refit, a serem apreciados em outro momento. Segundo Watt, haveria \u201ccontradi\u00e7\u00e3o\u201d nas alega\u00e7\u00f5es de Maia, que interpretaria ritos administrativos como se fossem judiciais, com excesso de rigor sobre o momento de participa\u00e7\u00e3o de diretores de refer\u00eancia nas a\u00e7\u00f5es de fiscaliza\u00e7\u00e3o.<\/p>\n\n\n\n<p>O diretor Pietro Mendes tamb\u00e9m se manifestou dizendo estar \u201cperplexo\u201d com a manifesta\u00e7\u00e3o de Daniel Maia, que definiu como \u201ctentativa de constru\u00e7\u00e3o jur\u00eddica completamente absurda&#8221;.<\/p>\n\n\n\n<p>\u201cO senhor n\u00e3o tem compet\u00eancia para fazer o que est\u00e1 fazendo e da forma que est\u00e1 fazendo&#8221;, disse Pietro Mendes a Maia. \u201cN\u00e3o \u00e9 assim que funciona uma ag\u00eancia reguladora. Eu pensei que o senhor, pelo tempo que est\u00e1 aqui, tivesse aprendido, mas pelo jeito n\u00e3o\u201d, continuou.<\/p>\n\n\n\n<p>Ele colocou em xeque a argumenta\u00e7\u00e3o de Maia, sugerindo excesso de formalismo e exagero nas cr\u00edticas \u00e0 opera\u00e7\u00e3o conduzida pela ag\u00eancia, como na cita\u00e7\u00e3o aos hor\u00e1rios de emiss\u00e3o de documentos, em suas palavras argumentos que \u201cn\u00e3o param de p\u00e9\u201d. Mendes lamentou que, embora o pedido de impedimento da Refit tenha acabado indeferido por unanimidade, a atividade de fiscaliza\u00e7\u00e3o da ANP saia \u201cfragilizada\u201d pelos termos da discuss\u00e3o no n\u00edvel de diretoria. E contestou a reclama\u00e7\u00e3o sobre \u201csigilo seletivo\u201d, dizendo ter avisado a Maia sobre a opera\u00e7\u00e3o e argumentando que o n\u00e3o envolvimento de Moura se deve&nbsp;ao fato de que, no momento da opera\u00e7\u00e3o, ainda n\u00e3o se sabia&nbsp;que o resultado seria uma interdi\u00e7\u00e3o com poss\u00edvel repercuss\u00e3o sobre o abastecimento do pa\u00eds, o que, inclusive, n\u00e3o se verificou.<\/p>\n\n\n\n<p>A Refit foi interditada por completo em 26 de setembro por uma s\u00e9rie de irregularidades, condi\u00e7\u00e3o que foi suavizada posteriormente, embora o refino em si siga paralisado por ordem da ANP. Entre as irregularidades constatadas pelos fiscais da ag\u00eancia reguladora&nbsp;estavam: importa\u00e7\u00e3o de gasolina pronta comunicada como nafta \u00e0 ANP e Receita Federal, para vantagem tribut\u00e1ria e operacional; descumprimento de medida regulat\u00f3ria cautelar sobre a cess\u00e3o de espa\u00e7o na refinaria para distribuidoras; suspeita de aus\u00eancia da atividade de refino, com importa\u00e7\u00e3o de derivados prontos, como gasolina e diesel S10; armazenamento de produtos com classe de risco superior ao permitido; falhas de controle e medi\u00e7\u00e3o; e inconsist\u00eancias nas temperaturas necess\u00e1rias \u00e0s torres de destila\u00e7\u00e3o.<\/p>\n\n\n\n<p><strong>Diretoria dividida<\/strong><br>Considerada simp\u00e1tica \u00e0 Refit, a condu\u00e7\u00e3o de Maia em todo o processo&nbsp;irritou n\u00e3o s\u00f3 os colegas julgados, mas tamb\u00e9m o diretor-geral, Artur Watt, para quem a Refit, com o pedido de impedimento, tentava apenas selecionar os&nbsp;diretores mais favor\u00e1veis para julgar seus processos no futuro. Nesse contexto, o colegiado logo se dividiu, com Pietro, Symone e Watt, de um lado, e do outro os diretores Daniel Maia e Fernando Moura, autor do primeiro pedido de vista, ao qual Maia acabou aderindo e postergando o desfecho do processo.<\/p>\n\n\n\n<p>O clima pesou ainda mais quando, na semana passada, o MPTCU (Minist\u00e9rio P\u00fablico junto ao Tribunal de Contas da Uni\u00e3o) pediu \u00e0 corte de contas&nbsp;a&nbsp;apura\u00e7\u00e3o de poss\u00edvel conflito de interesse de Maia com rela\u00e7\u00e3o \u00e0 Refit e o fim de sua cess\u00e3o \u00e0 ANP \u2013 Maia \u00e9 auditor de carreira do TCU. Os pedidos vieram&nbsp;ap\u00f3s publica\u00e7\u00e3o de reportagem da revista Piau\u00ed sobre a presen\u00e7a do diretor em evento patrocinado pelo dono da Refit, Ricardo Magro, em Nova York e um hist\u00f3rico de a\u00e7\u00f5es que teriam beneficiado a refinaria.<\/p>\n\n\n\n<p><em>*Reportagem atualizada para inclus\u00e3o de informa\u00e7\u00f5es mais detalhadas.<\/em><\/p>\n\n\n\n<p><\/p>\n","protected":false},"excerpt":{"rendered":"<p>Marisa Wanzeller e Gabriel Vasconcelos, da Ag\u00eancia iNFRA Pouco mais de um m\u00eas ap\u00f3s uma primeira reuni\u00e3o acalorada sobre o tema, a diretoria colegiada da ANP (Ag\u00eancia Nacional do Petr\u00f3leo, G\u00e1s Natural e Biocombust\u00edveis) rejeitou nesta segunda-feira (8) o recurso da Refit (Refinaria de Manguinhos) que pedia suspei\u00e7\u00e3o e impedimento dos diretores Pietro Mendes e [&hellip;]<\/p>\n","protected":false},"author":1,"featured_media":31758,"comment_status":"closed","ping_status":"closed","sticky":false,"template":"","format":"standard","meta":{"_monsterinsights_skip_tracking":false,"_monsterinsights_sitenote_active":false,"_monsterinsights_sitenote_note":"","_monsterinsights_sitenote_category":0,"footnotes":""},"categories":[13271],"tags":[1101,9541,16774,5621,15031,7366,6335,14708,14707,17386,16809,13389],"class_list":["post-33519","post","type-post","status-publish","format-standard","has-post-thumbnail","hentry","category-oleo-gas","tag-anp","tag-artur-watt","tag-daniel-maia","tag-fernando-moura","tag-fiscalizacao-de-combustiveis","tag-marisa-wanzeller","tag-pietro-mendes","tag-refinaria-de-manguinhos","tag-refit","tag-ricardo-magro","tag-suspeicao-de-diretores","tag-symone-araujo"],"yoast_head":"<!-- This site is optimized with the Yoast SEO Premium plugin v25.4 (Yoast SEO v26.0) - https:\/\/yoast.com\/wordpress\/plugins\/seo\/ -->\n<title>ANP rejeita pedido da Refit por impedimento de diretores em julgamentos - Ag\u00eancia iNFRA<\/title>\n<meta name=\"robots\" content=\"index, follow, max-snippet:-1, max-image-preview:large, max-video-preview:-1\" \/>\n<link rel=\"canonical\" href=\"https:\/\/agenciainfra.com\/blog\/anp-rejeita-pedido-da-refit-por-impedimento-de-diretores\/\" \/>\n<meta property=\"og:locale\" content=\"pt_BR\" \/>\n<meta property=\"og:type\" content=\"article\" \/>\n<meta property=\"og:title\" content=\"ANP rejeita pedido da Refit por impedimento de diretores em julgamentos\" \/>\n<meta property=\"og:description\" content=\"Marisa Wanzeller e Gabriel Vasconcelos, da Ag\u00eancia iNFRA Pouco mais de um m\u00eas ap\u00f3s uma primeira reuni\u00e3o acalorada sobre o tema, a diretoria colegiada da ANP (Ag\u00eancia Nacional do Petr\u00f3leo, G\u00e1s Natural e Biocombust\u00edveis) rejeitou nesta segunda-feira (8) o recurso da Refit (Refinaria de Manguinhos) que pedia suspei\u00e7\u00e3o e impedimento dos diretores Pietro Mendes e [&hellip;]\" \/>\n<meta property=\"og:url\" content=\"https:\/\/agenciainfra.com\/blog\/anp-rejeita-pedido-da-refit-por-impedimento-de-diretores\/\" \/>\n<meta property=\"og:site_name\" content=\"Ag\u00eancia iNFRA\" \/>\n<meta property=\"article:publisher\" content=\"https:\/\/www.facebook.com\/ageninfra\" \/>\n<meta property=\"article:published_time\" content=\"2025-12-08T23:30:57+00:00\" \/>\n<meta property=\"article:modified_time\" content=\"2025-12-09T16:01:06+00:00\" \/>\n<meta property=\"og:image\" content=\"https:\/\/agenciainfra.com\/blog\/wp-content\/uploads\/2025\/11\/refit-foto-divulgacao-e1754306126244-1-e1762515751390.jpg\" \/>\n\t<meta property=\"og:image:width\" content=\"1002\" \/>\n\t<meta property=\"og:image:height\" content=\"668\" \/>\n\t<meta property=\"og:image:type\" content=\"image\/jpeg\" \/>\n<meta name=\"author\" content=\"Ag\u00eancia iNFRA\" \/>\n<meta name=\"twitter:card\" content=\"summary_large_image\" \/>\n<meta name=\"twitter:creator\" content=\"@agencia_infra\" \/>\n<meta name=\"twitter:site\" content=\"@agencia_infra\" \/>\n<meta name=\"twitter:label1\" content=\"Escrito por\" \/>\n\t<meta name=\"twitter:data1\" content=\"Ag\u00eancia iNFRA\" \/>\n\t<meta name=\"twitter:label2\" content=\"Est. tempo de leitura\" \/>\n\t<meta name=\"twitter:data2\" content=\"5 minutos\" \/>\n<script type=\"application\/ld+json\" class=\"yoast-schema-graph\">{\"@context\":\"https:\/\/schema.org\",\"@graph\":[{\"@type\":\"Article\",\"@id\":\"https:\/\/agenciainfra.com\/blog\/anp-rejeita-pedido-da-refit-por-impedimento-de-diretores\/#article\",\"isPartOf\":{\"@id\":\"https:\/\/agenciainfra.com\/blog\/anp-rejeita-pedido-da-refit-por-impedimento-de-diretores\/\"},\"author\":{\"name\":\"Ag\u00eancia iNFRA\",\"@id\":\"https:\/\/agenciainfra.com\/blog\/#\/schema\/person\/34af08dff6adea4cb22b06612ba7acfa\"},\"headline\":\"ANP rejeita pedido da Refit por impedimento de diretores em julgamentos\",\"datePublished\":\"2025-12-08T23:30:57+00:00\",\"dateModified\":\"2025-12-09T16:01:06+00:00\",\"mainEntityOfPage\":{\"@id\":\"https:\/\/agenciainfra.com\/blog\/anp-rejeita-pedido-da-refit-por-impedimento-de-diretores\/\"},\"wordCount\":1076,\"publisher\":{\"@id\":\"https:\/\/agenciainfra.com\/blog\/#organization\"},\"image\":{\"@id\":\"https:\/\/agenciainfra.com\/blog\/anp-rejeita-pedido-da-refit-por-impedimento-de-diretores\/#primaryimage\"},\"thumbnailUrl\":\"https:\/\/agenciainfra.com\/blog\/wp-content\/uploads\/2025\/11\/refit-foto-divulgacao-e1754306126244-1-e1762515751390.jpg\",\"keywords\":[\"ANP\",\"Artur Watt\",\"Daniel Maia\",\"Fernando Moura\",\"fiscaliza\u00e7\u00e3o de combust\u00edveis\",\"Marisa Wanzeller\",\"Pietro Mendes\",\"Refinaria de Manguinhos\",\"Refit\",\"Ricardo Magro\",\"suspei\u00e7\u00e3o de diretores\",\"symone ara\u00fajo\"],\"articleSection\":[\"\u00d3leo &amp; G\u00e1s\"],\"inLanguage\":\"pt-BR\",\"copyrightYear\":\"2025\",\"copyrightHolder\":{\"@id\":\"https:\/\/agenciainfra.com\/blog\/#organization\"}},{\"@type\":\"WebPage\",\"@id\":\"https:\/\/agenciainfra.com\/blog\/anp-rejeita-pedido-da-refit-por-impedimento-de-diretores\/\",\"url\":\"https:\/\/agenciainfra.com\/blog\/anp-rejeita-pedido-da-refit-por-impedimento-de-diretores\/\",\"name\":\"ANP rejeita pedido da Refit por impedimento de diretores em julgamentos - Ag\u00eancia iNFRA\",\"isPartOf\":{\"@id\":\"https:\/\/agenciainfra.com\/blog\/#website\"},\"primaryImageOfPage\":{\"@id\":\"https:\/\/agenciainfra.com\/blog\/anp-rejeita-pedido-da-refit-por-impedimento-de-diretores\/#primaryimage\"},\"image\":{\"@id\":\"https:\/\/agenciainfra.com\/blog\/anp-rejeita-pedido-da-refit-por-impedimento-de-diretores\/#primaryimage\"},\"thumbnailUrl\":\"https:\/\/agenciainfra.com\/blog\/wp-content\/uploads\/2025\/11\/refit-foto-divulgacao-e1754306126244-1-e1762515751390.jpg\",\"datePublished\":\"2025-12-08T23:30:57+00:00\",\"dateModified\":\"2025-12-09T16:01:06+00:00\",\"breadcrumb\":{\"@id\":\"https:\/\/agenciainfra.com\/blog\/anp-rejeita-pedido-da-refit-por-impedimento-de-diretores\/#breadcrumb\"},\"inLanguage\":\"pt-BR\",\"potentialAction\":[{\"@type\":\"ReadAction\",\"target\":[\"https:\/\/agenciainfra.com\/blog\/anp-rejeita-pedido-da-refit-por-impedimento-de-diretores\/\"]}]},{\"@type\":\"ImageObject\",\"inLanguage\":\"pt-BR\",\"@id\":\"https:\/\/agenciainfra.com\/blog\/anp-rejeita-pedido-da-refit-por-impedimento-de-diretores\/#primaryimage\",\"url\":\"https:\/\/agenciainfra.com\/blog\/wp-content\/uploads\/2025\/11\/refit-foto-divulgacao-e1754306126244-1-e1762515751390.jpg\",\"contentUrl\":\"https:\/\/agenciainfra.com\/blog\/wp-content\/uploads\/2025\/11\/refit-foto-divulgacao-e1754306126244-1-e1762515751390.jpg\",\"width\":1002,\"height\":668,\"caption\":\"Foto: Refit\"},{\"@type\":\"BreadcrumbList\",\"@id\":\"https:\/\/agenciainfra.com\/blog\/anp-rejeita-pedido-da-refit-por-impedimento-de-diretores\/#breadcrumb\",\"itemListElement\":[{\"@type\":\"ListItem\",\"position\":1,\"name\":\"In\u00edcio\",\"item\":\"https:\/\/agenciainfra.com\/blog\/\"},{\"@type\":\"ListItem\",\"position\":2,\"name\":\"ANP rejeita pedido da Refit por impedimento de diretores em julgamentos\"}]},{\"@type\":\"WebSite\",\"@id\":\"https:\/\/agenciainfra.com\/blog\/#website\",\"url\":\"https:\/\/agenciainfra.com\/blog\/\",\"name\":\"Ag\u00eancia iNFRA\",\"description\":\"Multiplataforma de informa\u00e7\u00e3o jornal\u00edstica refer\u00eancia na \u00e1rea de infraestrutura no Brasil!\",\"publisher\":{\"@id\":\"https:\/\/agenciainfra.com\/blog\/#organization\"},\"potentialAction\":[{\"@type\":\"SearchAction\",\"target\":{\"@type\":\"EntryPoint\",\"urlTemplate\":\"https:\/\/agenciainfra.com\/blog\/?s={search_term_string}\"},\"query-input\":{\"@type\":\"PropertyValueSpecification\",\"valueRequired\":true,\"valueName\":\"search_term_string\"}}],\"inLanguage\":\"pt-BR\"},{\"@type\":\"Organization\",\"@id\":\"https:\/\/agenciainfra.com\/blog\/#organization\",\"name\":\"Ag\u00eancia iNFRA\",\"url\":\"https:\/\/agenciainfra.com\/blog\/\",\"logo\":{\"@type\":\"ImageObject\",\"inLanguage\":\"pt-BR\",\"@id\":\"https:\/\/agenciainfra.com\/blog\/#\/schema\/logo\/image\/\",\"url\":\"https:\/\/agenciainfra.com\/blog\/wp-content\/uploads\/2023\/09\/iNFRA_5-e1761735885940.png\",\"contentUrl\":\"https:\/\/agenciainfra.com\/blog\/wp-content\/uploads\/2023\/09\/iNFRA_5-e1761735885940.png\",\"width\":1672,\"height\":454,\"caption\":\"Ag\u00eancia iNFRA\"},\"image\":{\"@id\":\"https:\/\/agenciainfra.com\/blog\/#\/schema\/logo\/image\/\"},\"sameAs\":[\"https:\/\/www.facebook.com\/ageninfra\",\"https:\/\/x.com\/agencia_infra\",\"https:\/\/www.linkedin.com\/company\/ag\u00eanciainfra\/\",\"https:\/\/www.instagram.com\/agenciainfra\/\"]},{\"@type\":\"Person\",\"@id\":\"https:\/\/agenciainfra.com\/blog\/#\/schema\/person\/34af08dff6adea4cb22b06612ba7acfa\",\"name\":\"Ag\u00eancia iNFRA\",\"image\":{\"@type\":\"ImageObject\",\"inLanguage\":\"pt-BR\",\"@id\":\"https:\/\/agenciainfra.com\/blog\/#\/schema\/person\/image\/\",\"url\":\"https:\/\/secure.gravatar.com\/avatar\/d189e01678f06d8eb84d4e01f08eb848b3fffe3f8443818d3c356c66892f5be8?s=96&d=mm&r=g\",\"contentUrl\":\"https:\/\/secure.gravatar.com\/avatar\/d189e01678f06d8eb84d4e01f08eb848b3fffe3f8443818d3c356c66892f5be8?s=96&d=mm&r=g\",\"caption\":\"Ag\u00eancia iNFRA\"},\"url\":\"https:\/\/agenciainfra.com\/blog\/author\/admin\/\"}]}<\/script>\n<!-- \/ Yoast SEO Premium plugin. -->","yoast_head_json":{"title":"ANP rejeita pedido da Refit por impedimento de diretores em julgamentos - Ag\u00eancia iNFRA","robots":{"index":"index","follow":"follow","max-snippet":"max-snippet:-1","max-image-preview":"max-image-preview:large","max-video-preview":"max-video-preview:-1"},"canonical":"https:\/\/agenciainfra.com\/blog\/anp-rejeita-pedido-da-refit-por-impedimento-de-diretores\/","og_locale":"pt_BR","og_type":"article","og_title":"ANP rejeita pedido da Refit por impedimento de diretores em julgamentos","og_description":"Marisa Wanzeller e Gabriel Vasconcelos, da Ag\u00eancia iNFRA Pouco mais de um m\u00eas ap\u00f3s uma primeira reuni\u00e3o acalorada sobre o tema, a diretoria colegiada da ANP (Ag\u00eancia Nacional do Petr\u00f3leo, G\u00e1s Natural e Biocombust\u00edveis) rejeitou nesta segunda-feira (8) o recurso da Refit (Refinaria de Manguinhos) que pedia suspei\u00e7\u00e3o e impedimento dos diretores Pietro Mendes e [&hellip;]","og_url":"https:\/\/agenciainfra.com\/blog\/anp-rejeita-pedido-da-refit-por-impedimento-de-diretores\/","og_site_name":"Ag\u00eancia iNFRA","article_publisher":"https:\/\/www.facebook.com\/ageninfra","article_published_time":"2025-12-08T23:30:57+00:00","article_modified_time":"2025-12-09T16:01:06+00:00","og_image":[{"width":1002,"height":668,"url":"https:\/\/agenciainfra.com\/blog\/wp-content\/uploads\/2025\/11\/refit-foto-divulgacao-e1754306126244-1-e1762515751390.jpg","type":"image\/jpeg"}],"author":"Ag\u00eancia iNFRA","twitter_card":"summary_large_image","twitter_creator":"@agencia_infra","twitter_site":"@agencia_infra","twitter_misc":{"Escrito por":"Ag\u00eancia iNFRA","Est. tempo de leitura":"5 minutos"},"schema":{"@context":"https:\/\/schema.org","@graph":[{"@type":"Article","@id":"https:\/\/agenciainfra.com\/blog\/anp-rejeita-pedido-da-refit-por-impedimento-de-diretores\/#article","isPartOf":{"@id":"https:\/\/agenciainfra.com\/blog\/anp-rejeita-pedido-da-refit-por-impedimento-de-diretores\/"},"author":{"name":"Ag\u00eancia iNFRA","@id":"https:\/\/agenciainfra.com\/blog\/#\/schema\/person\/34af08dff6adea4cb22b06612ba7acfa"},"headline":"ANP rejeita pedido da Refit por impedimento de diretores em julgamentos","datePublished":"2025-12-08T23:30:57+00:00","dateModified":"2025-12-09T16:01:06+00:00","mainEntityOfPage":{"@id":"https:\/\/agenciainfra.com\/blog\/anp-rejeita-pedido-da-refit-por-impedimento-de-diretores\/"},"wordCount":1076,"publisher":{"@id":"https:\/\/agenciainfra.com\/blog\/#organization"},"image":{"@id":"https:\/\/agenciainfra.com\/blog\/anp-rejeita-pedido-da-refit-por-impedimento-de-diretores\/#primaryimage"},"thumbnailUrl":"https:\/\/agenciainfra.com\/blog\/wp-content\/uploads\/2025\/11\/refit-foto-divulgacao-e1754306126244-1-e1762515751390.jpg","keywords":["ANP","Artur Watt","Daniel Maia","Fernando Moura","fiscaliza\u00e7\u00e3o de combust\u00edveis","Marisa Wanzeller","Pietro Mendes","Refinaria de Manguinhos","Refit","Ricardo Magro","suspei\u00e7\u00e3o de diretores","symone ara\u00fajo"],"articleSection":["\u00d3leo &amp; G\u00e1s"],"inLanguage":"pt-BR","copyrightYear":"2025","copyrightHolder":{"@id":"https:\/\/agenciainfra.com\/blog\/#organization"}},{"@type":"WebPage","@id":"https:\/\/agenciainfra.com\/blog\/anp-rejeita-pedido-da-refit-por-impedimento-de-diretores\/","url":"https:\/\/agenciainfra.com\/blog\/anp-rejeita-pedido-da-refit-por-impedimento-de-diretores\/","name":"ANP rejeita pedido da Refit por impedimento de diretores em julgamentos - Ag\u00eancia iNFRA","isPartOf":{"@id":"https:\/\/agenciainfra.com\/blog\/#website"},"primaryImageOfPage":{"@id":"https:\/\/agenciainfra.com\/blog\/anp-rejeita-pedido-da-refit-por-impedimento-de-diretores\/#primaryimage"},"image":{"@id":"https:\/\/agenciainfra.com\/blog\/anp-rejeita-pedido-da-refit-por-impedimento-de-diretores\/#primaryimage"},"thumbnailUrl":"https:\/\/agenciainfra.com\/blog\/wp-content\/uploads\/2025\/11\/refit-foto-divulgacao-e1754306126244-1-e1762515751390.jpg","datePublished":"2025-12-08T23:30:57+00:00","dateModified":"2025-12-09T16:01:06+00:00","breadcrumb":{"@id":"https:\/\/agenciainfra.com\/blog\/anp-rejeita-pedido-da-refit-por-impedimento-de-diretores\/#breadcrumb"},"inLanguage":"pt-BR","potentialAction":[{"@type":"ReadAction","target":["https:\/\/agenciainfra.com\/blog\/anp-rejeita-pedido-da-refit-por-impedimento-de-diretores\/"]}]},{"@type":"ImageObject","inLanguage":"pt-BR","@id":"https:\/\/agenciainfra.com\/blog\/anp-rejeita-pedido-da-refit-por-impedimento-de-diretores\/#primaryimage","url":"https:\/\/agenciainfra.com\/blog\/wp-content\/uploads\/2025\/11\/refit-foto-divulgacao-e1754306126244-1-e1762515751390.jpg","contentUrl":"https:\/\/agenciainfra.com\/blog\/wp-content\/uploads\/2025\/11\/refit-foto-divulgacao-e1754306126244-1-e1762515751390.jpg","width":1002,"height":668,"caption":"Foto: Refit"},{"@type":"BreadcrumbList","@id":"https:\/\/agenciainfra.com\/blog\/anp-rejeita-pedido-da-refit-por-impedimento-de-diretores\/#breadcrumb","itemListElement":[{"@type":"ListItem","position":1,"name":"In\u00edcio","item":"https:\/\/agenciainfra.com\/blog\/"},{"@type":"ListItem","position":2,"name":"ANP rejeita pedido da Refit por impedimento de diretores em julgamentos"}]},{"@type":"WebSite","@id":"https:\/\/agenciainfra.com\/blog\/#website","url":"https:\/\/agenciainfra.com\/blog\/","name":"Ag\u00eancia iNFRA","description":"Multiplataforma de informa\u00e7\u00e3o jornal\u00edstica refer\u00eancia na \u00e1rea de infraestrutura no Brasil!","publisher":{"@id":"https:\/\/agenciainfra.com\/blog\/#organization"},"potentialAction":[{"@type":"SearchAction","target":{"@type":"EntryPoint","urlTemplate":"https:\/\/agenciainfra.com\/blog\/?s={search_term_string}"},"query-input":{"@type":"PropertyValueSpecification","valueRequired":true,"valueName":"search_term_string"}}],"inLanguage":"pt-BR"},{"@type":"Organization","@id":"https:\/\/agenciainfra.com\/blog\/#organization","name":"Ag\u00eancia iNFRA","url":"https:\/\/agenciainfra.com\/blog\/","logo":{"@type":"ImageObject","inLanguage":"pt-BR","@id":"https:\/\/agenciainfra.com\/blog\/#\/schema\/logo\/image\/","url":"https:\/\/agenciainfra.com\/blog\/wp-content\/uploads\/2023\/09\/iNFRA_5-e1761735885940.png","contentUrl":"https:\/\/agenciainfra.com\/blog\/wp-content\/uploads\/2023\/09\/iNFRA_5-e1761735885940.png","width":1672,"height":454,"caption":"Ag\u00eancia iNFRA"},"image":{"@id":"https:\/\/agenciainfra.com\/blog\/#\/schema\/logo\/image\/"},"sameAs":["https:\/\/www.facebook.com\/ageninfra","https:\/\/x.com\/agencia_infra","https:\/\/www.linkedin.com\/company\/ag\u00eanciainfra\/","https:\/\/www.instagram.com\/agenciainfra\/"]},{"@type":"Person","@id":"https:\/\/agenciainfra.com\/blog\/#\/schema\/person\/34af08dff6adea4cb22b06612ba7acfa","name":"Ag\u00eancia iNFRA","image":{"@type":"ImageObject","inLanguage":"pt-BR","@id":"https:\/\/agenciainfra.com\/blog\/#\/schema\/person\/image\/","url":"https:\/\/secure.gravatar.com\/avatar\/d189e01678f06d8eb84d4e01f08eb848b3fffe3f8443818d3c356c66892f5be8?s=96&d=mm&r=g","contentUrl":"https:\/\/secure.gravatar.com\/avatar\/d189e01678f06d8eb84d4e01f08eb848b3fffe3f8443818d3c356c66892f5be8?s=96&d=mm&r=g","caption":"Ag\u00eancia iNFRA"},"url":"https:\/\/agenciainfra.com\/blog\/author\/admin\/"}]}},"_links":{"self":[{"href":"https:\/\/agenciainfra.com\/blog\/wp-json\/wp\/v2\/posts\/33519","targetHints":{"allow":["GET"]}}],"collection":[{"href":"https:\/\/agenciainfra.com\/blog\/wp-json\/wp\/v2\/posts"}],"about":[{"href":"https:\/\/agenciainfra.com\/blog\/wp-json\/wp\/v2\/types\/post"}],"author":[{"embeddable":true,"href":"https:\/\/agenciainfra.com\/blog\/wp-json\/wp\/v2\/users\/1"}],"replies":[{"embeddable":true,"href":"https:\/\/agenciainfra.com\/blog\/wp-json\/wp\/v2\/comments?post=33519"}],"version-history":[{"count":4,"href":"https:\/\/agenciainfra.com\/blog\/wp-json\/wp\/v2\/posts\/33519\/revisions"}],"predecessor-version":[{"id":33529,"href":"https:\/\/agenciainfra.com\/blog\/wp-json\/wp\/v2\/posts\/33519\/revisions\/33529"}],"wp:featuredmedia":[{"embeddable":true,"href":"https:\/\/agenciainfra.com\/blog\/wp-json\/wp\/v2\/media\/31758"}],"wp:attachment":[{"href":"https:\/\/agenciainfra.com\/blog\/wp-json\/wp\/v2\/media?parent=33519"}],"wp:term":[{"taxonomy":"category","embeddable":true,"href":"https:\/\/agenciainfra.com\/blog\/wp-json\/wp\/v2\/categories?post=33519"},{"taxonomy":"post_tag","embeddable":true,"href":"https:\/\/agenciainfra.com\/blog\/wp-json\/wp\/v2\/tags?post=33519"}],"curies":[{"name":"wp","href":"https:\/\/api.w.org\/{rel}","templated":true}]}}