{"id":33522,"date":"2025-12-08T20:50:45","date_gmt":"2025-12-08T23:50:45","guid":{"rendered":"https:\/\/agenciainfra.com\/blog\/?p=33522"},"modified":"2025-12-08T20:50:47","modified_gmt":"2025-12-08T23:50:47","slug":"aviacao-no-sul-registra-melhor-desempenho-em-25-anos","status":"publish","type":"post","link":"https:\/\/agenciainfra.com\/blog\/aviacao-no-sul-registra-melhor-desempenho-em-25-anos\/","title":{"rendered":"Avia\u00e7\u00e3o no Sul registra melhor desempenho em 25 anos"},"content":{"rendered":"\n<p class=\"has-text-align-right\"><strong>da Ag\u00eancia iNFRA<\/strong><\/p>\n\n\n\n<p>A avia\u00e7\u00e3o na regi\u00e3o Sul alcan\u00e7ou em outubro seu melhor resultado para o m\u00eas em duas d\u00e9cadas e meia, quando come\u00e7ou a s\u00e9rie hist\u00f3rica da ANAC (Ag\u00eancia Nacional de Avia\u00e7\u00e3o Civil). Dados da ag\u00eancia mostram que 1.178.785 passageiros embarcaram nos aeroportos de Paran\u00e1, Santa Catarina e Rio Grande do Sul, marca que supera os n\u00edveis pr\u00e9-pandemia e indica recupera\u00e7\u00e3o do setor ap\u00f3s as enchentes que afetaram a malha a\u00e9rea ga\u00facha em 2024.<\/p>\n\n\n\n<p>De janeiro a outubro, os terminais da regi\u00e3o somaram 10,9 milh\u00f5es de embarques, acima do recorde de 2019, quando foi registrado 10,6 milh\u00f5es, e distante do desempenho observado no mesmo per\u00edodo do ano passado, quando 9,1 milh\u00f5es de passageiros passaram pelos aeroportos do Sul.<\/p>\n\n\n\n<p>O crescimento acompanha a retomada econ\u00f4mica regional e a volta das viagens de neg\u00f3cios e lazer. O fluxo corporativo impulsionado pelo agroneg\u00f3cio e pela ind\u00fastria, somado \u00e0 recupera\u00e7\u00e3o do turismo, ajudou a sustentar a demanda ao longo do ano, segundo o MPor (Minist\u00e9rio de Portos e Aeroportos).<\/p>\n\n\n\n<p>No acumulado, Porto Alegre lidera a movimenta\u00e7\u00e3o a\u00e9rea da regi\u00e3o, com 2,9 milh\u00f5es de embarques. Curitiba aparece em seguida, com 2,46 milh\u00f5es, e Florian\u00f3polis registra pouco mais de 2 milh\u00f5es. Entre os polos regionais, Navegantes (927 mil) e Foz do Igua\u00e7u (918 mil) mant\u00eam fluxo robusto. Maring\u00e1 (356 mil) e Londrina (293 mil) tamb\u00e9m registraram desempenho expressivo.<\/p>\n\n\n\n<p>As estat\u00edsticas internacionais revelam o peso das rotas sul-americanas na avia\u00e7\u00e3o do Sul. Em outubro, o Chile respondeu por 41% dos passageiros dos voos internacionais da regi\u00e3o, seguido pela Argentina, com 35%. Panam\u00e1, Portugal e Peru completam os destinos mais procurados.<\/p>\n\n\n\n<p><\/p>\n","protected":false},"excerpt":{"rendered":"<p>da Ag\u00eancia iNFRA A avia\u00e7\u00e3o na regi\u00e3o Sul alcan\u00e7ou em outubro seu melhor resultado para o m\u00eas em duas d\u00e9cadas e meia, quando come\u00e7ou a s\u00e9rie hist\u00f3rica da ANAC (Ag\u00eancia Nacional de Avia\u00e7\u00e3o Civil). Dados da ag\u00eancia mostram que 1.178.785 passageiros embarcaram nos aeroportos de Paran\u00e1, Santa Catarina e Rio Grande do Sul, marca que [&hellip;]<\/p>\n","protected":false},"author":1,"featured_media":33523,"comment_status":"closed","ping_status":"closed","sticky":false,"template":"","format":"standard","meta":{"_monsterinsights_skip_tracking":false,"_monsterinsights_sitenote_active":false,"_monsterinsights_sitenote_note":"","_monsterinsights_sitenote_category":0,"footnotes":""},"categories":[13576],"tags":[107,242,17387,4586,2565,368,6919,2563,3228],"class_list":["post-33522","post","type-post","status-publish","format-standard","has-post-thumbnail","hentry","category-giro-infra","tag-aeroportos","tag-anac","tag-aviacao-no-sul","tag-curitiba","tag-florianopolis","tag-industria","tag-mpor","tag-porto-alegre","tag-turismo"],"yoast_head":"<!-- This site is optimized with the Yoast SEO Premium plugin v25.4 (Yoast SEO v26.0) - https:\/\/yoast.com\/wordpress\/plugins\/seo\/ -->\n<title>Avia\u00e7\u00e3o no Sul registra melhor desempenho em 25 anos - Ag\u00eancia iNFRA<\/title>\n<meta name=\"robots\" content=\"index, follow, max-snippet:-1, max-image-preview:large, max-video-preview:-1\" \/>\n<link rel=\"canonical\" href=\"https:\/\/agenciainfra.com\/blog\/aviacao-no-sul-registra-melhor-desempenho-em-25-anos\/\" \/>\n<meta property=\"og:locale\" content=\"pt_BR\" \/>\n<meta property=\"og:type\" content=\"article\" \/>\n<meta property=\"og:title\" content=\"Avia\u00e7\u00e3o no Sul registra melhor desempenho em 25 anos\" \/>\n<meta property=\"og:description\" content=\"da Ag\u00eancia iNFRA A avia\u00e7\u00e3o na regi\u00e3o Sul alcan\u00e7ou em outubro seu melhor resultado para o m\u00eas em duas d\u00e9cadas e meia, quando come\u00e7ou a s\u00e9rie hist\u00f3rica da ANAC (Ag\u00eancia Nacional de Avia\u00e7\u00e3o Civil). Dados da ag\u00eancia mostram que 1.178.785 passageiros embarcaram nos aeroportos de Paran\u00e1, Santa Catarina e Rio Grande do Sul, marca que [&hellip;]\" \/>\n<meta property=\"og:url\" content=\"https:\/\/agenciainfra.com\/blog\/aviacao-no-sul-registra-melhor-desempenho-em-25-anos\/\" \/>\n<meta property=\"og:site_name\" content=\"Ag\u00eancia iNFRA\" \/>\n<meta property=\"article:publisher\" content=\"https:\/\/www.facebook.com\/ageninfra\" \/>\n<meta property=\"article:published_time\" content=\"2025-12-08T23:50:45+00:00\" \/>\n<meta property=\"article:modified_time\" content=\"2025-12-08T23:50:47+00:00\" \/>\n<meta property=\"og:image\" content=\"https:\/\/agenciainfra.com\/blog\/wp-content\/uploads\/2025\/12\/aeroporto-porto-alegre-fraport-foto-governo-federal.jpeg-1.jpg\" \/>\n\t<meta property=\"og:image:width\" content=\"1280\" \/>\n\t<meta property=\"og:image:height\" content=\"853\" \/>\n\t<meta property=\"og:image:type\" content=\"image\/jpeg\" \/>\n<meta name=\"author\" content=\"Ag\u00eancia iNFRA\" \/>\n<meta name=\"twitter:card\" content=\"summary_large_image\" \/>\n<meta name=\"twitter:creator\" content=\"@agencia_infra\" \/>\n<meta name=\"twitter:site\" content=\"@agencia_infra\" \/>\n<meta name=\"twitter:label1\" content=\"Escrito por\" \/>\n\t<meta name=\"twitter:data1\" content=\"Ag\u00eancia iNFRA\" \/>\n\t<meta name=\"twitter:label2\" content=\"Est. tempo de leitura\" \/>\n\t<meta name=\"twitter:data2\" content=\"1 minuto\" \/>\n<script type=\"application\/ld+json\" class=\"yoast-schema-graph\">{\"@context\":\"https:\/\/schema.org\",\"@graph\":[{\"@type\":\"Article\",\"@id\":\"https:\/\/agenciainfra.com\/blog\/aviacao-no-sul-registra-melhor-desempenho-em-25-anos\/#article\",\"isPartOf\":{\"@id\":\"https:\/\/agenciainfra.com\/blog\/aviacao-no-sul-registra-melhor-desempenho-em-25-anos\/\"},\"author\":{\"name\":\"Ag\u00eancia iNFRA\",\"@id\":\"https:\/\/agenciainfra.com\/blog\/#\/schema\/person\/34af08dff6adea4cb22b06612ba7acfa\"},\"headline\":\"Avia\u00e7\u00e3o no Sul registra melhor desempenho em 25 anos\",\"datePublished\":\"2025-12-08T23:50:45+00:00\",\"dateModified\":\"2025-12-08T23:50:47+00:00\",\"mainEntityOfPage\":{\"@id\":\"https:\/\/agenciainfra.com\/blog\/aviacao-no-sul-registra-melhor-desempenho-em-25-anos\/\"},\"wordCount\":299,\"publisher\":{\"@id\":\"https:\/\/agenciainfra.com\/blog\/#organization\"},\"image\":{\"@id\":\"https:\/\/agenciainfra.com\/blog\/aviacao-no-sul-registra-melhor-desempenho-em-25-anos\/#primaryimage\"},\"thumbnailUrl\":\"https:\/\/agenciainfra.com\/blog\/wp-content\/uploads\/2025\/12\/aeroporto-porto-alegre-fraport-foto-governo-federal.jpeg-1.jpg\",\"keywords\":[\"aeroportos\",\"ANAC\",\"Avia\u00e7\u00e3o no Sul\",\"Curitiba\",\"Florian\u00f3polis\",\"ind\u00fastria\",\"MPor\",\"Porto Alegre\",\"turismo\"],\"articleSection\":[\"Giro iNFRA\"],\"inLanguage\":\"pt-BR\",\"copyrightYear\":\"2025\",\"copyrightHolder\":{\"@id\":\"https:\/\/agenciainfra.com\/blog\/#organization\"}},{\"@type\":\"WebPage\",\"@id\":\"https:\/\/agenciainfra.com\/blog\/aviacao-no-sul-registra-melhor-desempenho-em-25-anos\/\",\"url\":\"https:\/\/agenciainfra.com\/blog\/aviacao-no-sul-registra-melhor-desempenho-em-25-anos\/\",\"name\":\"Avia\u00e7\u00e3o no Sul registra melhor desempenho em 25 anos - Ag\u00eancia iNFRA\",\"isPartOf\":{\"@id\":\"https:\/\/agenciainfra.com\/blog\/#website\"},\"primaryImageOfPage\":{\"@id\":\"https:\/\/agenciainfra.com\/blog\/aviacao-no-sul-registra-melhor-desempenho-em-25-anos\/#primaryimage\"},\"image\":{\"@id\":\"https:\/\/agenciainfra.com\/blog\/aviacao-no-sul-registra-melhor-desempenho-em-25-anos\/#primaryimage\"},\"thumbnailUrl\":\"https:\/\/agenciainfra.com\/blog\/wp-content\/uploads\/2025\/12\/aeroporto-porto-alegre-fraport-foto-governo-federal.jpeg-1.jpg\",\"datePublished\":\"2025-12-08T23:50:45+00:00\",\"dateModified\":\"2025-12-08T23:50:47+00:00\",\"breadcrumb\":{\"@id\":\"https:\/\/agenciainfra.com\/blog\/aviacao-no-sul-registra-melhor-desempenho-em-25-anos\/#breadcrumb\"},\"inLanguage\":\"pt-BR\",\"potentialAction\":[{\"@type\":\"ReadAction\",\"target\":[\"https:\/\/agenciainfra.com\/blog\/aviacao-no-sul-registra-melhor-desempenho-em-25-anos\/\"]}]},{\"@type\":\"ImageObject\",\"inLanguage\":\"pt-BR\",\"@id\":\"https:\/\/agenciainfra.com\/blog\/aviacao-no-sul-registra-melhor-desempenho-em-25-anos\/#primaryimage\",\"url\":\"https:\/\/agenciainfra.com\/blog\/wp-content\/uploads\/2025\/12\/aeroporto-porto-alegre-fraport-foto-governo-federal.jpeg-1.jpg\",\"contentUrl\":\"https:\/\/agenciainfra.com\/blog\/wp-content\/uploads\/2025\/12\/aeroporto-porto-alegre-fraport-foto-governo-federal.jpeg-1.jpg\",\"width\":1280,\"height\":853,\"caption\":\"Foto: Governo Federal\"},{\"@type\":\"BreadcrumbList\",\"@id\":\"https:\/\/agenciainfra.com\/blog\/aviacao-no-sul-registra-melhor-desempenho-em-25-anos\/#breadcrumb\",\"itemListElement\":[{\"@type\":\"ListItem\",\"position\":1,\"name\":\"In\u00edcio\",\"item\":\"https:\/\/agenciainfra.com\/blog\/\"},{\"@type\":\"ListItem\",\"position\":2,\"name\":\"Avia\u00e7\u00e3o no Sul registra melhor desempenho em 25 anos\"}]},{\"@type\":\"WebSite\",\"@id\":\"https:\/\/agenciainfra.com\/blog\/#website\",\"url\":\"https:\/\/agenciainfra.com\/blog\/\",\"name\":\"Ag\u00eancia iNFRA\",\"description\":\"Multiplataforma de informa\u00e7\u00e3o jornal\u00edstica refer\u00eancia na \u00e1rea de infraestrutura no Brasil!\",\"publisher\":{\"@id\":\"https:\/\/agenciainfra.com\/blog\/#organization\"},\"potentialAction\":[{\"@type\":\"SearchAction\",\"target\":{\"@type\":\"EntryPoint\",\"urlTemplate\":\"https:\/\/agenciainfra.com\/blog\/?s={search_term_string}\"},\"query-input\":{\"@type\":\"PropertyValueSpecification\",\"valueRequired\":true,\"valueName\":\"search_term_string\"}}],\"inLanguage\":\"pt-BR\"},{\"@type\":\"Organization\",\"@id\":\"https:\/\/agenciainfra.com\/blog\/#organization\",\"name\":\"Ag\u00eancia iNFRA\",\"url\":\"https:\/\/agenciainfra.com\/blog\/\",\"logo\":{\"@type\":\"ImageObject\",\"inLanguage\":\"pt-BR\",\"@id\":\"https:\/\/agenciainfra.com\/blog\/#\/schema\/logo\/image\/\",\"url\":\"https:\/\/agenciainfra.com\/blog\/wp-content\/uploads\/2023\/09\/iNFRA_5-e1761735885940.png\",\"contentUrl\":\"https:\/\/agenciainfra.com\/blog\/wp-content\/uploads\/2023\/09\/iNFRA_5-e1761735885940.png\",\"width\":1672,\"height\":454,\"caption\":\"Ag\u00eancia iNFRA\"},\"image\":{\"@id\":\"https:\/\/agenciainfra.com\/blog\/#\/schema\/logo\/image\/\"},\"sameAs\":[\"https:\/\/www.facebook.com\/ageninfra\",\"https:\/\/x.com\/agencia_infra\",\"https:\/\/www.linkedin.com\/company\/ag\u00eanciainfra\/\",\"https:\/\/www.instagram.com\/agenciainfra\/\"]},{\"@type\":\"Person\",\"@id\":\"https:\/\/agenciainfra.com\/blog\/#\/schema\/person\/34af08dff6adea4cb22b06612ba7acfa\",\"name\":\"Ag\u00eancia iNFRA\",\"image\":{\"@type\":\"ImageObject\",\"inLanguage\":\"pt-BR\",\"@id\":\"https:\/\/agenciainfra.com\/blog\/#\/schema\/person\/image\/\",\"url\":\"https:\/\/secure.gravatar.com\/avatar\/d189e01678f06d8eb84d4e01f08eb848b3fffe3f8443818d3c356c66892f5be8?s=96&d=mm&r=g\",\"contentUrl\":\"https:\/\/secure.gravatar.com\/avatar\/d189e01678f06d8eb84d4e01f08eb848b3fffe3f8443818d3c356c66892f5be8?s=96&d=mm&r=g\",\"caption\":\"Ag\u00eancia iNFRA\"},\"url\":\"https:\/\/agenciainfra.com\/blog\/author\/admin\/\"}]}<\/script>\n<!-- \/ Yoast SEO Premium plugin. -->","yoast_head_json":{"title":"Avia\u00e7\u00e3o no Sul registra melhor desempenho em 25 anos - Ag\u00eancia iNFRA","robots":{"index":"index","follow":"follow","max-snippet":"max-snippet:-1","max-image-preview":"max-image-preview:large","max-video-preview":"max-video-preview:-1"},"canonical":"https:\/\/agenciainfra.com\/blog\/aviacao-no-sul-registra-melhor-desempenho-em-25-anos\/","og_locale":"pt_BR","og_type":"article","og_title":"Avia\u00e7\u00e3o no Sul registra melhor desempenho em 25 anos","og_description":"da Ag\u00eancia iNFRA A avia\u00e7\u00e3o na regi\u00e3o Sul alcan\u00e7ou em outubro seu melhor resultado para o m\u00eas em duas d\u00e9cadas e meia, quando come\u00e7ou a s\u00e9rie hist\u00f3rica da ANAC (Ag\u00eancia Nacional de Avia\u00e7\u00e3o Civil). Dados da ag\u00eancia mostram que 1.178.785 passageiros embarcaram nos aeroportos de Paran\u00e1, Santa Catarina e Rio Grande do Sul, marca que [&hellip;]","og_url":"https:\/\/agenciainfra.com\/blog\/aviacao-no-sul-registra-melhor-desempenho-em-25-anos\/","og_site_name":"Ag\u00eancia iNFRA","article_publisher":"https:\/\/www.facebook.com\/ageninfra","article_published_time":"2025-12-08T23:50:45+00:00","article_modified_time":"2025-12-08T23:50:47+00:00","og_image":[{"width":1280,"height":853,"url":"https:\/\/agenciainfra.com\/blog\/wp-content\/uploads\/2025\/12\/aeroporto-porto-alegre-fraport-foto-governo-federal.jpeg-1.jpg","type":"image\/jpeg"}],"author":"Ag\u00eancia iNFRA","twitter_card":"summary_large_image","twitter_creator":"@agencia_infra","twitter_site":"@agencia_infra","twitter_misc":{"Escrito por":"Ag\u00eancia iNFRA","Est. tempo de leitura":"1 minuto"},"schema":{"@context":"https:\/\/schema.org","@graph":[{"@type":"Article","@id":"https:\/\/agenciainfra.com\/blog\/aviacao-no-sul-registra-melhor-desempenho-em-25-anos\/#article","isPartOf":{"@id":"https:\/\/agenciainfra.com\/blog\/aviacao-no-sul-registra-melhor-desempenho-em-25-anos\/"},"author":{"name":"Ag\u00eancia iNFRA","@id":"https:\/\/agenciainfra.com\/blog\/#\/schema\/person\/34af08dff6adea4cb22b06612ba7acfa"},"headline":"Avia\u00e7\u00e3o no Sul registra melhor desempenho em 25 anos","datePublished":"2025-12-08T23:50:45+00:00","dateModified":"2025-12-08T23:50:47+00:00","mainEntityOfPage":{"@id":"https:\/\/agenciainfra.com\/blog\/aviacao-no-sul-registra-melhor-desempenho-em-25-anos\/"},"wordCount":299,"publisher":{"@id":"https:\/\/agenciainfra.com\/blog\/#organization"},"image":{"@id":"https:\/\/agenciainfra.com\/blog\/aviacao-no-sul-registra-melhor-desempenho-em-25-anos\/#primaryimage"},"thumbnailUrl":"https:\/\/agenciainfra.com\/blog\/wp-content\/uploads\/2025\/12\/aeroporto-porto-alegre-fraport-foto-governo-federal.jpeg-1.jpg","keywords":["aeroportos","ANAC","Avia\u00e7\u00e3o no Sul","Curitiba","Florian\u00f3polis","ind\u00fastria","MPor","Porto Alegre","turismo"],"articleSection":["Giro iNFRA"],"inLanguage":"pt-BR","copyrightYear":"2025","copyrightHolder":{"@id":"https:\/\/agenciainfra.com\/blog\/#organization"}},{"@type":"WebPage","@id":"https:\/\/agenciainfra.com\/blog\/aviacao-no-sul-registra-melhor-desempenho-em-25-anos\/","url":"https:\/\/agenciainfra.com\/blog\/aviacao-no-sul-registra-melhor-desempenho-em-25-anos\/","name":"Avia\u00e7\u00e3o no Sul registra melhor desempenho em 25 anos - Ag\u00eancia iNFRA","isPartOf":{"@id":"https:\/\/agenciainfra.com\/blog\/#website"},"primaryImageOfPage":{"@id":"https:\/\/agenciainfra.com\/blog\/aviacao-no-sul-registra-melhor-desempenho-em-25-anos\/#primaryimage"},"image":{"@id":"https:\/\/agenciainfra.com\/blog\/aviacao-no-sul-registra-melhor-desempenho-em-25-anos\/#primaryimage"},"thumbnailUrl":"https:\/\/agenciainfra.com\/blog\/wp-content\/uploads\/2025\/12\/aeroporto-porto-alegre-fraport-foto-governo-federal.jpeg-1.jpg","datePublished":"2025-12-08T23:50:45+00:00","dateModified":"2025-12-08T23:50:47+00:00","breadcrumb":{"@id":"https:\/\/agenciainfra.com\/blog\/aviacao-no-sul-registra-melhor-desempenho-em-25-anos\/#breadcrumb"},"inLanguage":"pt-BR","potentialAction":[{"@type":"ReadAction","target":["https:\/\/agenciainfra.com\/blog\/aviacao-no-sul-registra-melhor-desempenho-em-25-anos\/"]}]},{"@type":"ImageObject","inLanguage":"pt-BR","@id":"https:\/\/agenciainfra.com\/blog\/aviacao-no-sul-registra-melhor-desempenho-em-25-anos\/#primaryimage","url":"https:\/\/agenciainfra.com\/blog\/wp-content\/uploads\/2025\/12\/aeroporto-porto-alegre-fraport-foto-governo-federal.jpeg-1.jpg","contentUrl":"https:\/\/agenciainfra.com\/blog\/wp-content\/uploads\/2025\/12\/aeroporto-porto-alegre-fraport-foto-governo-federal.jpeg-1.jpg","width":1280,"height":853,"caption":"Foto: Governo Federal"},{"@type":"BreadcrumbList","@id":"https:\/\/agenciainfra.com\/blog\/aviacao-no-sul-registra-melhor-desempenho-em-25-anos\/#breadcrumb","itemListElement":[{"@type":"ListItem","position":1,"name":"In\u00edcio","item":"https:\/\/agenciainfra.com\/blog\/"},{"@type":"ListItem","position":2,"name":"Avia\u00e7\u00e3o no Sul registra melhor desempenho em 25 anos"}]},{"@type":"WebSite","@id":"https:\/\/agenciainfra.com\/blog\/#website","url":"https:\/\/agenciainfra.com\/blog\/","name":"Ag\u00eancia iNFRA","description":"Multiplataforma de informa\u00e7\u00e3o jornal\u00edstica refer\u00eancia na \u00e1rea de infraestrutura no Brasil!","publisher":{"@id":"https:\/\/agenciainfra.com\/blog\/#organization"},"potentialAction":[{"@type":"SearchAction","target":{"@type":"EntryPoint","urlTemplate":"https:\/\/agenciainfra.com\/blog\/?s={search_term_string}"},"query-input":{"@type":"PropertyValueSpecification","valueRequired":true,"valueName":"search_term_string"}}],"inLanguage":"pt-BR"},{"@type":"Organization","@id":"https:\/\/agenciainfra.com\/blog\/#organization","name":"Ag\u00eancia iNFRA","url":"https:\/\/agenciainfra.com\/blog\/","logo":{"@type":"ImageObject","inLanguage":"pt-BR","@id":"https:\/\/agenciainfra.com\/blog\/#\/schema\/logo\/image\/","url":"https:\/\/agenciainfra.com\/blog\/wp-content\/uploads\/2023\/09\/iNFRA_5-e1761735885940.png","contentUrl":"https:\/\/agenciainfra.com\/blog\/wp-content\/uploads\/2023\/09\/iNFRA_5-e1761735885940.png","width":1672,"height":454,"caption":"Ag\u00eancia iNFRA"},"image":{"@id":"https:\/\/agenciainfra.com\/blog\/#\/schema\/logo\/image\/"},"sameAs":["https:\/\/www.facebook.com\/ageninfra","https:\/\/x.com\/agencia_infra","https:\/\/www.linkedin.com\/company\/ag\u00eanciainfra\/","https:\/\/www.instagram.com\/agenciainfra\/"]},{"@type":"Person","@id":"https:\/\/agenciainfra.com\/blog\/#\/schema\/person\/34af08dff6adea4cb22b06612ba7acfa","name":"Ag\u00eancia iNFRA","image":{"@type":"ImageObject","inLanguage":"pt-BR","@id":"https:\/\/agenciainfra.com\/blog\/#\/schema\/person\/image\/","url":"https:\/\/secure.gravatar.com\/avatar\/d189e01678f06d8eb84d4e01f08eb848b3fffe3f8443818d3c356c66892f5be8?s=96&d=mm&r=g","contentUrl":"https:\/\/secure.gravatar.com\/avatar\/d189e01678f06d8eb84d4e01f08eb848b3fffe3f8443818d3c356c66892f5be8?s=96&d=mm&r=g","caption":"Ag\u00eancia iNFRA"},"url":"https:\/\/agenciainfra.com\/blog\/author\/admin\/"}]}},"_links":{"self":[{"href":"https:\/\/agenciainfra.com\/blog\/wp-json\/wp\/v2\/posts\/33522","targetHints":{"allow":["GET"]}}],"collection":[{"href":"https:\/\/agenciainfra.com\/blog\/wp-json\/wp\/v2\/posts"}],"about":[{"href":"https:\/\/agenciainfra.com\/blog\/wp-json\/wp\/v2\/types\/post"}],"author":[{"embeddable":true,"href":"https:\/\/agenciainfra.com\/blog\/wp-json\/wp\/v2\/users\/1"}],"replies":[{"embeddable":true,"href":"https:\/\/agenciainfra.com\/blog\/wp-json\/wp\/v2\/comments?post=33522"}],"version-history":[{"count":1,"href":"https:\/\/agenciainfra.com\/blog\/wp-json\/wp\/v2\/posts\/33522\/revisions"}],"predecessor-version":[{"id":33524,"href":"https:\/\/agenciainfra.com\/blog\/wp-json\/wp\/v2\/posts\/33522\/revisions\/33524"}],"wp:featuredmedia":[{"embeddable":true,"href":"https:\/\/agenciainfra.com\/blog\/wp-json\/wp\/v2\/media\/33523"}],"wp:attachment":[{"href":"https:\/\/agenciainfra.com\/blog\/wp-json\/wp\/v2\/media?parent=33522"}],"wp:term":[{"taxonomy":"category","embeddable":true,"href":"https:\/\/agenciainfra.com\/blog\/wp-json\/wp\/v2\/categories?post=33522"},{"taxonomy":"post_tag","embeddable":true,"href":"https:\/\/agenciainfra.com\/blog\/wp-json\/wp\/v2\/tags?post=33522"}],"curies":[{"name":"wp","href":"https:\/\/api.w.org\/{rel}","templated":true}]}}